{"id":257,"date":"2013-12-02T10:04:00","date_gmt":"2013-12-02T09:04:00","guid":{"rendered":"http:\/\/blogg.svenskakyrkan.se\/vandravagen\/2013\/12\/02\/min-forsta-sondag-i-advent-i-husaby-ledsjo\/"},"modified":"2013-12-02T10:04:00","modified_gmt":"2013-12-02T09:04:00","slug":"min-forsta-sondag-i-advent-i-husaby-ledsjo","status":"publish","type":"post","link":"https:\/\/blogg.svenskakyrkan.se\/vandravagen\/2013\/12\/02\/min-forsta-sondag-i-advent-i-husaby-ledsjo\/","title":{"rendered":"Min f\u00f6rsta s\u00f6ndag i advent i Husaby-Ledsj\u00f6"},"content":{"rendered":"<table align=\"center\" cellpadding=\"0\" cellspacing=\"0\">\n<tbody>\n<tr>\n<td><a href=\"http:\/\/3.bp.blogspot.com\/-y56LuJh1Gzc\/Upw-trZCn0I\/AAAAAAAAGBQ\/jof28iVp_d0\/s1600\/palmso%CC%88ndag.jpg\"><img loading=\"lazy\" decoding=\"async\" border=\"0\" height=\"480\" src=\"http:\/\/3.bp.blogspot.com\/-y56LuJh1Gzc\/Upw-trZCn0I\/AAAAAAAAGBQ\/jof28iVp_d0\/s640\/palmso%CC%88ndag.jpg\" width=\"640\"><\/a><\/td>\n<\/tr>\n<tr>\n<td>Jesus rider in p\u00e5 en \u00e5sna. Folket (p\u00e5 Filippinerna) tar emot med palmblad och s\u00e5ng!<\/td>\n<\/tr>\n<\/tbody>\n<\/table>\n<p>I g\u00e5r var det som sagt f\u00f6rsta s\u00f6ndagen i advent b\u00e5de runt om i v\u00e4rlden och h\u00e4r hos oss. Jag tror i och f\u00f6r sig att adventstiden \u00e4r extra viktig f\u00f6r oss h\u00e4r uppe i norden och firas mer h\u00e4r. Det beror nog p\u00e5 m\u00f6rkret och kylan som g\u00f6r att vi l\u00e4ngtar efter ljus?<\/p>\n<p>Jag fick leda adventsgudstj\u00e4nst i Ledsj\u00f6 kyrka p\u00e5 morgonen och i Husaby p\u00e5 kv\u00e4llen. Stiftets nyaste (\u00e4r den det fortfarande?) och en av stiftets allra, allra \u00e4ldsta kyrkor. P\u00e5 f\u00f6rmiddagen sj\u00f6ng Husaby-Ledsj\u00f6 kyrkok\u00f6r och minior-junior med ledare. Kyrkan var fullsatt med l\u00e4ktare och allt. Dessutom hade en busslast med folk fr\u00e5n Sk\u00f6vde hittat dit och de fikade \u00e4ven med oss efter\u00e5t i kyrkskolan.<br \/>P\u00e5 kv\u00e4llen i Husaby kyrka sj\u00f6ng och spelade ungdomar fr\u00e5n ungdomsgruppen och det blev en vacker gudstj\u00e4nst d\u00e4r om aftonen.<\/p>\n<p>Det \u00e4r v\u00e4ldigt roligt att vara pr\u00e4st en s\u00e5dan dag, det f\u00e5r jag s\u00e4ga! Det k\u00e4ndes ocks\u00e5 speciellt att t\u00e4nka att nu (snart i alla fall) \u00e4r det h\u00e4r &#8221;mina&#8221; kyrkor som f\u00f6rsamlingspr\u00e4st. (V\u00e4lkomna dit alla!)<\/p>\n<p>Nu v\u00e4ntar en ny vecka. Jag ska \u00e4gna mig \u00e5t blandade pr\u00e4stuppgifter och v\u00e4nja mig vid v\u00e5r nya bostad.<\/p>\n<p>Predikan fr\u00e5n ig\u00e5r var b\u00e5de jag och andra glada \u00f6ver, den kommer upp p\u00e5 Vandra V\u00e4gen s\u00e5 fort jag hinner.<\/p><\/p>\n","protected":false},"excerpt":{"rendered":"<p>Jesus rider in p\u00e5 en \u00e5sna. Folket (p\u00e5 Filippinerna) tar emot med palmblad och s\u00e5ng! I g\u00e5r var det som sagt f\u00f6rsta s\u00f6ndagen i advent b\u00e5de runt om i v\u00e4rlden och h\u00e4r hos oss. Jag tror i och f\u00f6r sig att adventstiden \u00e4r extra viktig f\u00f6r oss h\u00e4r uppe i norden och firas mer h\u00e4r. [&hellip;]<\/p>\n","protected":false},"author":392,"featured_media":0,"comment_status":"open","ping_status":"open","sticky":false,"template":"","format":"standard","meta":{"_acf_changed":false,"footnotes":""},"categories":[76189,8252],"tags":[],"class_list":["post-257","post","type-post","status-publish","format-standard","hentry","category-dagens-kyrka","category-kyrkoaret"],"acf":[],"yoast_head":"<!-- This site is optimized with the Yoast SEO plugin v27.1.1 - https:\/\/yoast.com\/product\/yoast-seo-wordpress\/ -->\n<title>Min f\u00f6rsta s\u00f6ndag i advent i Husaby-Ledsj\u00f6 - Vandra V\u00e4gen<\/title>\n<meta name=\"robots\" content=\"index, follow, max-snippet:-1, max-image-preview:large, max-video-preview:-1\" \/>\n<link rel=\"canonical\" href=\"https:\/\/blogg.svenskakyrkan.se\/vandravagen\/2013\/12\/02\/min-forsta-sondag-i-advent-i-husaby-ledsjo\/\" \/>\n<meta property=\"og:locale\" content=\"sv_SE\" \/>\n<meta property=\"og:type\" content=\"article\" \/>\n<meta property=\"og:title\" content=\"Min f\u00f6rsta s\u00f6ndag i advent i Husaby-Ledsj\u00f6 - Vandra V\u00e4gen\" \/>\n<meta property=\"og:description\" content=\"Jesus rider in p\u00e5 en \u00e5sna. Folket (p\u00e5 Filippinerna) tar emot med palmblad och s\u00e5ng! I g\u00e5r var det som sagt f\u00f6rsta s\u00f6ndagen i advent b\u00e5de runt om i v\u00e4rlden och h\u00e4r hos oss. Jag tror i och f\u00f6r sig att adventstiden \u00e4r extra viktig f\u00f6r oss h\u00e4r uppe i norden och firas mer h\u00e4r. [&hellip;]\" \/>\n<meta property=\"og:url\" content=\"https:\/\/blogg.svenskakyrkan.se\/vandravagen\/2013\/12\/02\/min-forsta-sondag-i-advent-i-husaby-ledsjo\/\" \/>\n<meta property=\"og:site_name\" content=\"Vandra V\u00e4gen\" \/>\n<meta property=\"article:publisher\" content=\"http:\/\/facebook.com\/vandravagen\" \/>\n<meta property=\"article:published_time\" content=\"2013-12-02T09:04:00+00:00\" \/>\n<meta property=\"og:image\" content=\"http:\/\/3.bp.blogspot.com\/-y56LuJh1Gzc\/Upw-trZCn0I\/AAAAAAAAGBQ\/jof28iVp_d0\/s640\/palmso%CC%88ndag.jpg\" \/>\n<meta name=\"author\" content=\"Tomas Jarvid\" \/>\n<meta name=\"twitter:card\" content=\"summary_large_image\" \/>\n<meta name=\"twitter:creator\" content=\"@fadertomas\" \/>\n<meta name=\"twitter:site\" content=\"@fadertomas\" \/>\n<meta name=\"twitter:label1\" content=\"Skriven av\" \/>\n\t<meta name=\"twitter:data1\" content=\"Tomas Jarvid\" \/>\n\t<meta name=\"twitter:label2\" content=\"Ber\u00e4knad l\u00e4stid\" \/>\n\t<meta name=\"twitter:data2\" content=\"1 minut\" \/>\n<script type=\"application\/ld+json\" class=\"yoast-schema-graph\">{\"@context\":\"https:\/\/schema.org\",\"@graph\":[{\"@type\":\"Article\",\"@id\":\"https:\/\/blogg.svenskakyrkan.se\/vandravagen\/2013\/12\/02\/min-forsta-sondag-i-advent-i-husaby-ledsjo\/#article\",\"isPartOf\":{\"@id\":\"https:\/\/blogg.svenskakyrkan.se\/vandravagen\/2013\/12\/02\/min-forsta-sondag-i-advent-i-husaby-ledsjo\/\"},\"author\":{\"name\":\"Tomas Jarvid\",\"@id\":\"https:\/\/blogg.svenskakyrkan.se\/vandravagen\/#\/schema\/person\/25da02d4f76b137d04291711e2c9fc16\"},\"headline\":\"Min f\u00f6rsta s\u00f6ndag i advent i Husaby-Ledsj\u00f6\",\"datePublished\":\"2013-12-02T09:04:00+00:00\",\"mainEntityOfPage\":{\"@id\":\"https:\/\/blogg.svenskakyrkan.se\/vandravagen\/2013\/12\/02\/min-forsta-sondag-i-advent-i-husaby-ledsjo\/\"},\"wordCount\":283,\"commentCount\":0,\"publisher\":{\"@id\":\"https:\/\/blogg.svenskakyrkan.se\/vandravagen\/#organization\"},\"image\":{\"@id\":\"https:\/\/blogg.svenskakyrkan.se\/vandravagen\/2013\/12\/02\/min-forsta-sondag-i-advent-i-husaby-ledsjo\/#primaryimage\"},\"thumbnailUrl\":\"http:\/\/3.bp.blogspot.com\/-y56LuJh1Gzc\/Upw-trZCn0I\/AAAAAAAAGBQ\/jof28iVp_d0\/s640\/palmso%CC%88ndag.jpg\",\"articleSection\":[\"Dagens Kyrka\",\"kyrko\u00e5ret\"],\"inLanguage\":\"sv-SE\",\"potentialAction\":[{\"@type\":\"CommentAction\",\"name\":\"Comment\",\"target\":[\"https:\/\/blogg.svenskakyrkan.se\/vandravagen\/2013\/12\/02\/min-forsta-sondag-i-advent-i-husaby-ledsjo\/#respond\"]}]},{\"@type\":\"WebPage\",\"@id\":\"https:\/\/blogg.svenskakyrkan.se\/vandravagen\/2013\/12\/02\/min-forsta-sondag-i-advent-i-husaby-ledsjo\/\",\"url\":\"https:\/\/blogg.svenskakyrkan.se\/vandravagen\/2013\/12\/02\/min-forsta-sondag-i-advent-i-husaby-ledsjo\/\",\"name\":\"Min f\u00f6rsta s\u00f6ndag i advent i Husaby-Ledsj\u00f6 - Vandra V\u00e4gen\",\"isPartOf\":{\"@id\":\"https:\/\/blogg.svenskakyrkan.se\/vandravagen\/#website\"},\"primaryImageOfPage\":{\"@id\":\"https:\/\/blogg.svenskakyrkan.se\/vandravagen\/2013\/12\/02\/min-forsta-sondag-i-advent-i-husaby-ledsjo\/#primaryimage\"},\"image\":{\"@id\":\"https:\/\/blogg.svenskakyrkan.se\/vandravagen\/2013\/12\/02\/min-forsta-sondag-i-advent-i-husaby-ledsjo\/#primaryimage\"},\"thumbnailUrl\":\"http:\/\/3.bp.blogspot.com\/-y56LuJh1Gzc\/Upw-trZCn0I\/AAAAAAAAGBQ\/jof28iVp_d0\/s640\/palmso%CC%88ndag.jpg\",\"datePublished\":\"2013-12-02T09:04:00+00:00\",\"breadcrumb\":{\"@id\":\"https:\/\/blogg.svenskakyrkan.se\/vandravagen\/2013\/12\/02\/min-forsta-sondag-i-advent-i-husaby-ledsjo\/#breadcrumb\"},\"inLanguage\":\"sv-SE\",\"potentialAction\":[{\"@type\":\"ReadAction\",\"target\":[\"https:\/\/blogg.svenskakyrkan.se\/vandravagen\/2013\/12\/02\/min-forsta-sondag-i-advent-i-husaby-ledsjo\/\"]}]},{\"@type\":\"ImageObject\",\"inLanguage\":\"sv-SE\",\"@id\":\"https:\/\/blogg.svenskakyrkan.se\/vandravagen\/2013\/12\/02\/min-forsta-sondag-i-advent-i-husaby-ledsjo\/#primaryimage\",\"url\":\"http:\/\/3.bp.blogspot.com\/-y56LuJh1Gzc\/Upw-trZCn0I\/AAAAAAAAGBQ\/jof28iVp_d0\/s640\/palmso%CC%88ndag.jpg\",\"contentUrl\":\"http:\/\/3.bp.blogspot.com\/-y56LuJh1Gzc\/Upw-trZCn0I\/AAAAAAAAGBQ\/jof28iVp_d0\/s640\/palmso%CC%88ndag.jpg\"},{\"@type\":\"BreadcrumbList\",\"@id\":\"https:\/\/blogg.svenskakyrkan.se\/vandravagen\/2013\/12\/02\/min-forsta-sondag-i-advent-i-husaby-ledsjo\/#breadcrumb\",\"itemListElement\":[{\"@type\":\"ListItem\",\"position\":1,\"name\":\"Hem\",\"item\":\"https:\/\/blogg.svenskakyrkan.se\/vandravagen\/\"},{\"@type\":\"ListItem\",\"position\":2,\"name\":\"Min f\u00f6rsta s\u00f6ndag i advent i Husaby-Ledsj\u00f6\"}]},{\"@type\":\"WebSite\",\"@id\":\"https:\/\/blogg.svenskakyrkan.se\/vandravagen\/#website\",\"url\":\"https:\/\/blogg.svenskakyrkan.se\/vandravagen\/\",\"name\":\"Vandra V\u00e4gen\",\"description\":\"-Mot en tro f\u00f6r hela livet\",\"publisher\":{\"@id\":\"https:\/\/blogg.svenskakyrkan.se\/vandravagen\/#organization\"},\"potentialAction\":[{\"@type\":\"SearchAction\",\"target\":{\"@type\":\"EntryPoint\",\"urlTemplate\":\"https:\/\/blogg.svenskakyrkan.se\/vandravagen\/?s={search_term_string}\"},\"query-input\":{\"@type\":\"PropertyValueSpecification\",\"valueRequired\":true,\"valueName\":\"search_term_string\"}}],\"inLanguage\":\"sv-SE\"},{\"@type\":\"Organization\",\"@id\":\"https:\/\/blogg.svenskakyrkan.se\/vandravagen\/#organization\",\"name\":\"ulricehamns pastorat\",\"alternateName\":\"ulricehamns pastorat\",\"url\":\"https:\/\/blogg.svenskakyrkan.se\/vandravagen\/\",\"logo\":{\"@type\":\"ImageObject\",\"inLanguage\":\"sv-SE\",\"@id\":\"https:\/\/blogg.svenskakyrkan.se\/vandravagen\/#\/schema\/logo\/image\/\",\"url\":\"https:\/\/blogg.svenskakyrkan.se\/vandravagen\/files\/2023\/05\/Ulr_logo_RGB.png\",\"contentUrl\":\"https:\/\/blogg.svenskakyrkan.se\/vandravagen\/files\/2023\/05\/Ulr_logo_RGB.png\",\"width\":205,\"height\":77,\"caption\":\"ulricehamns pastorat\"},\"image\":{\"@id\":\"https:\/\/blogg.svenskakyrkan.se\/vandravagen\/#\/schema\/logo\/image\/\"},\"sameAs\":[\"http:\/\/facebook.com\/vandravagen\",\"https:\/\/x.com\/fadertomas\",\"http:\/\/www.facebook.com\/svenskakyrkaniulricehamn\"]},{\"@type\":\"Person\",\"@id\":\"https:\/\/blogg.svenskakyrkan.se\/vandravagen\/#\/schema\/person\/25da02d4f76b137d04291711e2c9fc16\",\"name\":\"Tomas Jarvid\",\"image\":{\"@type\":\"ImageObject\",\"inLanguage\":\"sv-SE\",\"@id\":\"https:\/\/blogg.svenskakyrkan.se\/vandravagen\/#\/schema\/person\/image\/\",\"url\":\"https:\/\/secure.gravatar.com\/avatar\/7fa71899795e8f540f615a1f5ab25255dc27aa40f05ee7ddd21aac521e01bf50?s=96&d=identicon&r=g\",\"contentUrl\":\"https:\/\/secure.gravatar.com\/avatar\/7fa71899795e8f540f615a1f5ab25255dc27aa40f05ee7ddd21aac521e01bf50?s=96&d=identicon&r=g\",\"caption\":\"Tomas Jarvid\"},\"description\":\"Jag bor i Ulricehamn i V\u00e4sterg\u00f6tland och \u00e4r f\u00f6rsamlingspr\u00e4st i Svenska Kyrkan f\u00f6r Dalstorps f\u00f6rsamling i Kinds pastorat. P\u00e5 den h\u00e4r bloggen skriver jag ner tankar om vandringen som kristen.\",\"sameAs\":[\"http:\/\/www.vandravagen.se\"],\"url\":\"https:\/\/blogg.svenskakyrkan.se\/vandravagen\/author\/vandravagen\/\"}]}<\/script>\n<!-- \/ Yoast SEO plugin. -->","yoast_head_json":{"title":"Min f\u00f6rsta s\u00f6ndag i advent i Husaby-Ledsj\u00f6 - Vandra V\u00e4gen","robots":{"index":"index","follow":"follow","max-snippet":"max-snippet:-1","max-image-preview":"max-image-preview:large","max-video-preview":"max-video-preview:-1"},"canonical":"https:\/\/blogg.svenskakyrkan.se\/vandravagen\/2013\/12\/02\/min-forsta-sondag-i-advent-i-husaby-ledsjo\/","og_locale":"sv_SE","og_type":"article","og_title":"Min f\u00f6rsta s\u00f6ndag i advent i Husaby-Ledsj\u00f6 - Vandra V\u00e4gen","og_description":"Jesus rider in p\u00e5 en \u00e5sna. Folket (p\u00e5 Filippinerna) tar emot med palmblad och s\u00e5ng! I g\u00e5r var det som sagt f\u00f6rsta s\u00f6ndagen i advent b\u00e5de runt om i v\u00e4rlden och h\u00e4r hos oss. Jag tror i och f\u00f6r sig att adventstiden \u00e4r extra viktig f\u00f6r oss h\u00e4r uppe i norden och firas mer h\u00e4r. [&hellip;]","og_url":"https:\/\/blogg.svenskakyrkan.se\/vandravagen\/2013\/12\/02\/min-forsta-sondag-i-advent-i-husaby-ledsjo\/","og_site_name":"Vandra V\u00e4gen","article_publisher":"http:\/\/facebook.com\/vandravagen","article_published_time":"2013-12-02T09:04:00+00:00","og_image":[{"url":"http:\/\/3.bp.blogspot.com\/-y56LuJh1Gzc\/Upw-trZCn0I\/AAAAAAAAGBQ\/jof28iVp_d0\/s640\/palmso%CC%88ndag.jpg","type":"","width":"","height":""}],"author":"Tomas Jarvid","twitter_card":"summary_large_image","twitter_creator":"@fadertomas","twitter_site":"@fadertomas","twitter_misc":{"Skriven av":"Tomas Jarvid","Ber\u00e4knad l\u00e4stid":"1 minut"},"schema":{"@context":"https:\/\/schema.org","@graph":[{"@type":"Article","@id":"https:\/\/blogg.svenskakyrkan.se\/vandravagen\/2013\/12\/02\/min-forsta-sondag-i-advent-i-husaby-ledsjo\/#article","isPartOf":{"@id":"https:\/\/blogg.svenskakyrkan.se\/vandravagen\/2013\/12\/02\/min-forsta-sondag-i-advent-i-husaby-ledsjo\/"},"author":{"name":"Tomas Jarvid","@id":"https:\/\/blogg.svenskakyrkan.se\/vandravagen\/#\/schema\/person\/25da02d4f76b137d04291711e2c9fc16"},"headline":"Min f\u00f6rsta s\u00f6ndag i advent i Husaby-Ledsj\u00f6","datePublished":"2013-12-02T09:04:00+00:00","mainEntityOfPage":{"@id":"https:\/\/blogg.svenskakyrkan.se\/vandravagen\/2013\/12\/02\/min-forsta-sondag-i-advent-i-husaby-ledsjo\/"},"wordCount":283,"commentCount":0,"publisher":{"@id":"https:\/\/blogg.svenskakyrkan.se\/vandravagen\/#organization"},"image":{"@id":"https:\/\/blogg.svenskakyrkan.se\/vandravagen\/2013\/12\/02\/min-forsta-sondag-i-advent-i-husaby-ledsjo\/#primaryimage"},"thumbnailUrl":"http:\/\/3.bp.blogspot.com\/-y56LuJh1Gzc\/Upw-trZCn0I\/AAAAAAAAGBQ\/jof28iVp_d0\/s640\/palmso%CC%88ndag.jpg","articleSection":["Dagens Kyrka","kyrko\u00e5ret"],"inLanguage":"sv-SE","potentialAction":[{"@type":"CommentAction","name":"Comment","target":["https:\/\/blogg.svenskakyrkan.se\/vandravagen\/2013\/12\/02\/min-forsta-sondag-i-advent-i-husaby-ledsjo\/#respond"]}]},{"@type":"WebPage","@id":"https:\/\/blogg.svenskakyrkan.se\/vandravagen\/2013\/12\/02\/min-forsta-sondag-i-advent-i-husaby-ledsjo\/","url":"https:\/\/blogg.svenskakyrkan.se\/vandravagen\/2013\/12\/02\/min-forsta-sondag-i-advent-i-husaby-ledsjo\/","name":"Min f\u00f6rsta s\u00f6ndag i advent i Husaby-Ledsj\u00f6 - Vandra V\u00e4gen","isPartOf":{"@id":"https:\/\/blogg.svenskakyrkan.se\/vandravagen\/#website"},"primaryImageOfPage":{"@id":"https:\/\/blogg.svenskakyrkan.se\/vandravagen\/2013\/12\/02\/min-forsta-sondag-i-advent-i-husaby-ledsjo\/#primaryimage"},"image":{"@id":"https:\/\/blogg.svenskakyrkan.se\/vandravagen\/2013\/12\/02\/min-forsta-sondag-i-advent-i-husaby-ledsjo\/#primaryimage"},"thumbnailUrl":"http:\/\/3.bp.blogspot.com\/-y56LuJh1Gzc\/Upw-trZCn0I\/AAAAAAAAGBQ\/jof28iVp_d0\/s640\/palmso%CC%88ndag.jpg","datePublished":"2013-12-02T09:04:00+00:00","breadcrumb":{"@id":"https:\/\/blogg.svenskakyrkan.se\/vandravagen\/2013\/12\/02\/min-forsta-sondag-i-advent-i-husaby-ledsjo\/#breadcrumb"},"inLanguage":"sv-SE","potentialAction":[{"@type":"ReadAction","target":["https:\/\/blogg.svenskakyrkan.se\/vandravagen\/2013\/12\/02\/min-forsta-sondag-i-advent-i-husaby-ledsjo\/"]}]},{"@type":"ImageObject","inLanguage":"sv-SE","@id":"https:\/\/blogg.svenskakyrkan.se\/vandravagen\/2013\/12\/02\/min-forsta-sondag-i-advent-i-husaby-ledsjo\/#primaryimage","url":"http:\/\/3.bp.blogspot.com\/-y56LuJh1Gzc\/Upw-trZCn0I\/AAAAAAAAGBQ\/jof28iVp_d0\/s640\/palmso%CC%88ndag.jpg","contentUrl":"http:\/\/3.bp.blogspot.com\/-y56LuJh1Gzc\/Upw-trZCn0I\/AAAAAAAAGBQ\/jof28iVp_d0\/s640\/palmso%CC%88ndag.jpg"},{"@type":"BreadcrumbList","@id":"https:\/\/blogg.svenskakyrkan.se\/vandravagen\/2013\/12\/02\/min-forsta-sondag-i-advent-i-husaby-ledsjo\/#breadcrumb","itemListElement":[{"@type":"ListItem","position":1,"name":"Hem","item":"https:\/\/blogg.svenskakyrkan.se\/vandravagen\/"},{"@type":"ListItem","position":2,"name":"Min f\u00f6rsta s\u00f6ndag i advent i Husaby-Ledsj\u00f6"}]},{"@type":"WebSite","@id":"https:\/\/blogg.svenskakyrkan.se\/vandravagen\/#website","url":"https:\/\/blogg.svenskakyrkan.se\/vandravagen\/","name":"Vandra V\u00e4gen","description":"-Mot en tro f\u00f6r hela livet","publisher":{"@id":"https:\/\/blogg.svenskakyrkan.se\/vandravagen\/#organization"},"potentialAction":[{"@type":"SearchAction","target":{"@type":"EntryPoint","urlTemplate":"https:\/\/blogg.svenskakyrkan.se\/vandravagen\/?s={search_term_string}"},"query-input":{"@type":"PropertyValueSpecification","valueRequired":true,"valueName":"search_term_string"}}],"inLanguage":"sv-SE"},{"@type":"Organization","@id":"https:\/\/blogg.svenskakyrkan.se\/vandravagen\/#organization","name":"ulricehamns pastorat","alternateName":"ulricehamns pastorat","url":"https:\/\/blogg.svenskakyrkan.se\/vandravagen\/","logo":{"@type":"ImageObject","inLanguage":"sv-SE","@id":"https:\/\/blogg.svenskakyrkan.se\/vandravagen\/#\/schema\/logo\/image\/","url":"https:\/\/blogg.svenskakyrkan.se\/vandravagen\/files\/2023\/05\/Ulr_logo_RGB.png","contentUrl":"https:\/\/blogg.svenskakyrkan.se\/vandravagen\/files\/2023\/05\/Ulr_logo_RGB.png","width":205,"height":77,"caption":"ulricehamns pastorat"},"image":{"@id":"https:\/\/blogg.svenskakyrkan.se\/vandravagen\/#\/schema\/logo\/image\/"},"sameAs":["http:\/\/facebook.com\/vandravagen","https:\/\/x.com\/fadertomas","http:\/\/www.facebook.com\/svenskakyrkaniulricehamn"]},{"@type":"Person","@id":"https:\/\/blogg.svenskakyrkan.se\/vandravagen\/#\/schema\/person\/25da02d4f76b137d04291711e2c9fc16","name":"Tomas Jarvid","image":{"@type":"ImageObject","inLanguage":"sv-SE","@id":"https:\/\/blogg.svenskakyrkan.se\/vandravagen\/#\/schema\/person\/image\/","url":"https:\/\/secure.gravatar.com\/avatar\/7fa71899795e8f540f615a1f5ab25255dc27aa40f05ee7ddd21aac521e01bf50?s=96&d=identicon&r=g","contentUrl":"https:\/\/secure.gravatar.com\/avatar\/7fa71899795e8f540f615a1f5ab25255dc27aa40f05ee7ddd21aac521e01bf50?s=96&d=identicon&r=g","caption":"Tomas Jarvid"},"description":"Jag bor i Ulricehamn i V\u00e4sterg\u00f6tland och \u00e4r f\u00f6rsamlingspr\u00e4st i Svenska Kyrkan f\u00f6r Dalstorps f\u00f6rsamling i Kinds pastorat. P\u00e5 den h\u00e4r bloggen skriver jag ner tankar om vandringen som kristen.","sameAs":["http:\/\/www.vandravagen.se"],"url":"https:\/\/blogg.svenskakyrkan.se\/vandravagen\/author\/vandravagen\/"}]}},"author_meta":{"ID":"392","user_nicename":"vandravagen","user_url":"http:\/\/www.vandravagen.se","user_registered":"2014-05-19 05:44:52","display_name":"Tomas Jarvid","first_name":"Tomas","last_name":"Jarvid","avatar":"https:\/\/secure.gravatar.com\/avatar\/7fa71899795e8f540f615a1f5ab25255dc27aa40f05ee7ddd21aac521e01bf50?s=96&d=identicon&r=g"},"featured_image":false,"bloginfo":{"name":"Vandra V\u00e4gen","url":"https:\/\/blogg.svenskakyrkan.se\/vandravagen"},"_links":{"self":[{"href":"https:\/\/blogg.svenskakyrkan.se\/vandravagen\/wp-json\/wp\/v2\/posts\/257","targetHints":{"allow":["GET"]}}],"collection":[{"href":"https:\/\/blogg.svenskakyrkan.se\/vandravagen\/wp-json\/wp\/v2\/posts"}],"about":[{"href":"https:\/\/blogg.svenskakyrkan.se\/vandravagen\/wp-json\/wp\/v2\/types\/post"}],"author":[{"embeddable":true,"href":"https:\/\/blogg.svenskakyrkan.se\/vandravagen\/wp-json\/wp\/v2\/users\/392"}],"replies":[{"embeddable":true,"href":"https:\/\/blogg.svenskakyrkan.se\/vandravagen\/wp-json\/wp\/v2\/comments?post=257"}],"version-history":[{"count":0,"href":"https:\/\/blogg.svenskakyrkan.se\/vandravagen\/wp-json\/wp\/v2\/posts\/257\/revisions"}],"wp:attachment":[{"href":"https:\/\/blogg.svenskakyrkan.se\/vandravagen\/wp-json\/wp\/v2\/media?parent=257"}],"wp:term":[{"taxonomy":"category","embeddable":true,"href":"https:\/\/blogg.svenskakyrkan.se\/vandravagen\/wp-json\/wp\/v2\/categories?post=257"},{"taxonomy":"post_tag","embeddable":true,"href":"https:\/\/blogg.svenskakyrkan.se\/vandravagen\/wp-json\/wp\/v2\/tags?post=257"}],"curies":[{"name":"wp","href":"https:\/\/api.w.org\/{rel}","templated":true}]}}