{"id":258,"date":"2013-12-01T08:47:00","date_gmt":"2013-12-01T07:47:00","guid":{"rendered":"http:\/\/blogg.svenskakyrkan.se\/vandravagen\/2013\/12\/01\/blandade-tankar-pa-forsta-sondagen-i-advent\/"},"modified":"2013-12-01T08:47:00","modified_gmt":"2013-12-01T07:47:00","slug":"blandade-tankar-pa-forsta-sondagen-i-advent","status":"publish","type":"post","link":"https:\/\/blogg.svenskakyrkan.se\/vandravagen\/2013\/12\/01\/blandade-tankar-pa-forsta-sondagen-i-advent\/","title":{"rendered":"Blandade tankar p\u00e5 (f\u00f6rsta) s\u00f6ndagen (i advent!)"},"content":{"rendered":"<table align=\"center\" cellpadding=\"0\" cellspacing=\"0\">\n<tbody>\n<tr>\n<td><a href=\"http:\/\/2.bp.blogspot.com\/-f_MvQLB3CO0\/UprbZHD7h-I\/AAAAAAAAGBA\/Uv_CUuCoqK0\/s1600\/IMG_2407.JPG\"><img loading=\"lazy\" decoding=\"async\" border=\"0\" height=\"500\" src=\"http:\/\/2.bp.blogspot.com\/-f_MvQLB3CO0\/UprbZHD7h-I\/AAAAAAAAGBA\/Uv_CUuCoqK0\/s640\/IMG_2407.JPG\" width=\"640\"><\/a><\/td>\n<\/tr>\n<tr>\n<td>Dramatiskt int\u00e5g, precis som i dagens evangelium?<\/td>\n<\/tr>\n<\/tbody>\n<\/table>\n<p>-Idag \u00e4r det f\u00f6rsta s\u00f6ndagen i advent. Det \u00e4r fint!<\/p>\n<p>-Om du vill vara besserwisser kan du tillbringa dagen med att r\u00e4tta alla som kallar dagen &#8221;f\u00f6rsta advent&#8221; f\u00f6r s\u00e5 heter det ju inte.<\/p>\n<p>-Funderar p\u00e5 ett blogginl\u00e4gg med alla konstiga uttryck som finns i psalmer och annat kring den h\u00e4r dagen. Det kan bli l\u00e5ngt och torrt&#8230;<\/p>\n<p>-Vi har nu med hj\u00e4lp av v\u00e4nner flyttat ut p\u00e5 landet, det har liksom h\u00e4nt mellan mina f\u00f6rberedelser f\u00f6r dagens gudstj\u00e4nster och idag s\u00e5 nu g\u00e4ller det att komma ih\u00e5g vad jag t\u00e4nkt egentligen.<\/p>\n<p>-Som alltid p\u00e5 f\u00f6rsta advent tr\u00f6star jag mig med att \u00e4ven en \u00e5sna kan b\u00e4ra Kristus till m\u00e4nniskor&#8230;<\/p>\n<p>-Jag st\u00f6tte p\u00e5 uppgiften att 1000.000 m\u00e4nniskor i Sverige g\u00e5r i kyrkan idag. Kan det verkligen st\u00e4mma?<\/p>\n<p>-Nu ska jag tillbringa en stund av morgonen \u00e5t att leta i n\u00e4r och fj\u00e4rran efter den f\u00f6rsvunna flyttl\u00e5dan med tandborste och schampoo i. Saknar den s\u00e5!<\/p>\n<p>-\u00d6ver huvud taget bygger nog livet p\u00e5 landet p\u00e5 att man t\u00e4nker lite smartare s\u00e5 man inte m\u00e5ste vimsa runt p\u00e5 s\u00e5 stora avst\u00e5nd?<\/p>\n<p>Klart slut, nu s\u00e4tter jag fart!<\/p>\n","protected":false},"excerpt":{"rendered":"<p>Dramatiskt int\u00e5g, precis som i dagens evangelium? -Idag \u00e4r det f\u00f6rsta s\u00f6ndagen i advent. Det \u00e4r fint! -Om du vill vara besserwisser kan du tillbringa dagen med att r\u00e4tta alla som kallar dagen &#8221;f\u00f6rsta advent&#8221; f\u00f6r s\u00e5 heter det ju inte. -Funderar p\u00e5 ett blogginl\u00e4gg med alla konstiga uttryck som finns i psalmer och annat [&hellip;]<\/p>\n","protected":false},"author":392,"featured_media":0,"comment_status":"open","ping_status":"open","sticky":false,"template":"","format":"standard","meta":{"_acf_changed":false,"footnotes":""},"categories":[76766,76189,8252],"tags":[],"class_list":["post-258","post","type-post","status-publish","format-standard","hentry","category-blandat","category-dagens-kyrka","category-kyrkoaret"],"acf":[],"yoast_head":"<!-- This site is optimized with the Yoast SEO plugin v27.1.1 - https:\/\/yoast.com\/product\/yoast-seo-wordpress\/ -->\n<title>Blandade tankar p\u00e5 (f\u00f6rsta) s\u00f6ndagen (i advent!) - Vandra V\u00e4gen<\/title>\n<meta name=\"robots\" content=\"index, follow, max-snippet:-1, max-image-preview:large, max-video-preview:-1\" \/>\n<link rel=\"canonical\" href=\"https:\/\/blogg.svenskakyrkan.se\/vandravagen\/2013\/12\/01\/blandade-tankar-pa-forsta-sondagen-i-advent\/\" \/>\n<meta property=\"og:locale\" content=\"sv_SE\" \/>\n<meta property=\"og:type\" content=\"article\" \/>\n<meta property=\"og:title\" content=\"Blandade tankar p\u00e5 (f\u00f6rsta) s\u00f6ndagen (i advent!) - Vandra V\u00e4gen\" \/>\n<meta property=\"og:description\" content=\"Dramatiskt int\u00e5g, precis som i dagens evangelium? -Idag \u00e4r det f\u00f6rsta s\u00f6ndagen i advent. Det \u00e4r fint! -Om du vill vara besserwisser kan du tillbringa dagen med att r\u00e4tta alla som kallar dagen &#8221;f\u00f6rsta advent&#8221; f\u00f6r s\u00e5 heter det ju inte. -Funderar p\u00e5 ett blogginl\u00e4gg med alla konstiga uttryck som finns i psalmer och annat [&hellip;]\" \/>\n<meta property=\"og:url\" content=\"https:\/\/blogg.svenskakyrkan.se\/vandravagen\/2013\/12\/01\/blandade-tankar-pa-forsta-sondagen-i-advent\/\" \/>\n<meta property=\"og:site_name\" content=\"Vandra V\u00e4gen\" \/>\n<meta property=\"article:publisher\" content=\"http:\/\/facebook.com\/vandravagen\" \/>\n<meta property=\"article:published_time\" content=\"2013-12-01T07:47:00+00:00\" \/>\n<meta property=\"og:image\" content=\"http:\/\/2.bp.blogspot.com\/-f_MvQLB3CO0\/UprbZHD7h-I\/AAAAAAAAGBA\/Uv_CUuCoqK0\/s640\/IMG_2407.JPG\" \/>\n<meta name=\"author\" content=\"Tomas Jarvid\" \/>\n<meta name=\"twitter:card\" content=\"summary_large_image\" \/>\n<meta name=\"twitter:creator\" content=\"@fadertomas\" \/>\n<meta name=\"twitter:site\" content=\"@fadertomas\" \/>\n<meta name=\"twitter:label1\" content=\"Skriven av\" \/>\n\t<meta name=\"twitter:data1\" content=\"Tomas Jarvid\" \/>\n\t<meta name=\"twitter:label2\" content=\"Ber\u00e4knad l\u00e4stid\" \/>\n\t<meta name=\"twitter:data2\" content=\"1 minut\" \/>\n<script type=\"application\/ld+json\" class=\"yoast-schema-graph\">{\"@context\":\"https:\/\/schema.org\",\"@graph\":[{\"@type\":\"Article\",\"@id\":\"https:\/\/blogg.svenskakyrkan.se\/vandravagen\/2013\/12\/01\/blandade-tankar-pa-forsta-sondagen-i-advent\/#article\",\"isPartOf\":{\"@id\":\"https:\/\/blogg.svenskakyrkan.se\/vandravagen\/2013\/12\/01\/blandade-tankar-pa-forsta-sondagen-i-advent\/\"},\"author\":{\"name\":\"Tomas Jarvid\",\"@id\":\"https:\/\/blogg.svenskakyrkan.se\/vandravagen\/#\/schema\/person\/25da02d4f76b137d04291711e2c9fc16\"},\"headline\":\"Blandade tankar p\u00e5 (f\u00f6rsta) s\u00f6ndagen (i advent!)\",\"datePublished\":\"2013-12-01T07:47:00+00:00\",\"mainEntityOfPage\":{\"@id\":\"https:\/\/blogg.svenskakyrkan.se\/vandravagen\/2013\/12\/01\/blandade-tankar-pa-forsta-sondagen-i-advent\/\"},\"wordCount\":234,\"commentCount\":1,\"publisher\":{\"@id\":\"https:\/\/blogg.svenskakyrkan.se\/vandravagen\/#organization\"},\"image\":{\"@id\":\"https:\/\/blogg.svenskakyrkan.se\/vandravagen\/2013\/12\/01\/blandade-tankar-pa-forsta-sondagen-i-advent\/#primaryimage\"},\"thumbnailUrl\":\"http:\/\/2.bp.blogspot.com\/-f_MvQLB3CO0\/UprbZHD7h-I\/AAAAAAAAGBA\/Uv_CUuCoqK0\/s640\/IMG_2407.JPG\",\"articleSection\":[\"blandat\",\"Dagens Kyrka\",\"kyrko\u00e5ret\"],\"inLanguage\":\"sv-SE\",\"potentialAction\":[{\"@type\":\"CommentAction\",\"name\":\"Comment\",\"target\":[\"https:\/\/blogg.svenskakyrkan.se\/vandravagen\/2013\/12\/01\/blandade-tankar-pa-forsta-sondagen-i-advent\/#respond\"]}]},{\"@type\":\"WebPage\",\"@id\":\"https:\/\/blogg.svenskakyrkan.se\/vandravagen\/2013\/12\/01\/blandade-tankar-pa-forsta-sondagen-i-advent\/\",\"url\":\"https:\/\/blogg.svenskakyrkan.se\/vandravagen\/2013\/12\/01\/blandade-tankar-pa-forsta-sondagen-i-advent\/\",\"name\":\"Blandade tankar p\u00e5 (f\u00f6rsta) s\u00f6ndagen (i advent!) - Vandra V\u00e4gen\",\"isPartOf\":{\"@id\":\"https:\/\/blogg.svenskakyrkan.se\/vandravagen\/#website\"},\"primaryImageOfPage\":{\"@id\":\"https:\/\/blogg.svenskakyrkan.se\/vandravagen\/2013\/12\/01\/blandade-tankar-pa-forsta-sondagen-i-advent\/#primaryimage\"},\"image\":{\"@id\":\"https:\/\/blogg.svenskakyrkan.se\/vandravagen\/2013\/12\/01\/blandade-tankar-pa-forsta-sondagen-i-advent\/#primaryimage\"},\"thumbnailUrl\":\"http:\/\/2.bp.blogspot.com\/-f_MvQLB3CO0\/UprbZHD7h-I\/AAAAAAAAGBA\/Uv_CUuCoqK0\/s640\/IMG_2407.JPG\",\"datePublished\":\"2013-12-01T07:47:00+00:00\",\"breadcrumb\":{\"@id\":\"https:\/\/blogg.svenskakyrkan.se\/vandravagen\/2013\/12\/01\/blandade-tankar-pa-forsta-sondagen-i-advent\/#breadcrumb\"},\"inLanguage\":\"sv-SE\",\"potentialAction\":[{\"@type\":\"ReadAction\",\"target\":[\"https:\/\/blogg.svenskakyrkan.se\/vandravagen\/2013\/12\/01\/blandade-tankar-pa-forsta-sondagen-i-advent\/\"]}]},{\"@type\":\"ImageObject\",\"inLanguage\":\"sv-SE\",\"@id\":\"https:\/\/blogg.svenskakyrkan.se\/vandravagen\/2013\/12\/01\/blandade-tankar-pa-forsta-sondagen-i-advent\/#primaryimage\",\"url\":\"http:\/\/2.bp.blogspot.com\/-f_MvQLB3CO0\/UprbZHD7h-I\/AAAAAAAAGBA\/Uv_CUuCoqK0\/s640\/IMG_2407.JPG\",\"contentUrl\":\"http:\/\/2.bp.blogspot.com\/-f_MvQLB3CO0\/UprbZHD7h-I\/AAAAAAAAGBA\/Uv_CUuCoqK0\/s640\/IMG_2407.JPG\"},{\"@type\":\"BreadcrumbList\",\"@id\":\"https:\/\/blogg.svenskakyrkan.se\/vandravagen\/2013\/12\/01\/blandade-tankar-pa-forsta-sondagen-i-advent\/#breadcrumb\",\"itemListElement\":[{\"@type\":\"ListItem\",\"position\":1,\"name\":\"Hem\",\"item\":\"https:\/\/blogg.svenskakyrkan.se\/vandravagen\/\"},{\"@type\":\"ListItem\",\"position\":2,\"name\":\"Blandade tankar p\u00e5 (f\u00f6rsta) s\u00f6ndagen (i advent!)\"}]},{\"@type\":\"WebSite\",\"@id\":\"https:\/\/blogg.svenskakyrkan.se\/vandravagen\/#website\",\"url\":\"https:\/\/blogg.svenskakyrkan.se\/vandravagen\/\",\"name\":\"Vandra V\u00e4gen\",\"description\":\"-Mot en tro f\u00f6r hela livet\",\"publisher\":{\"@id\":\"https:\/\/blogg.svenskakyrkan.se\/vandravagen\/#organization\"},\"potentialAction\":[{\"@type\":\"SearchAction\",\"target\":{\"@type\":\"EntryPoint\",\"urlTemplate\":\"https:\/\/blogg.svenskakyrkan.se\/vandravagen\/?s={search_term_string}\"},\"query-input\":{\"@type\":\"PropertyValueSpecification\",\"valueRequired\":true,\"valueName\":\"search_term_string\"}}],\"inLanguage\":\"sv-SE\"},{\"@type\":\"Organization\",\"@id\":\"https:\/\/blogg.svenskakyrkan.se\/vandravagen\/#organization\",\"name\":\"ulricehamns pastorat\",\"alternateName\":\"ulricehamns pastorat\",\"url\":\"https:\/\/blogg.svenskakyrkan.se\/vandravagen\/\",\"logo\":{\"@type\":\"ImageObject\",\"inLanguage\":\"sv-SE\",\"@id\":\"https:\/\/blogg.svenskakyrkan.se\/vandravagen\/#\/schema\/logo\/image\/\",\"url\":\"https:\/\/blogg.svenskakyrkan.se\/vandravagen\/files\/2023\/05\/Ulr_logo_RGB.png\",\"contentUrl\":\"https:\/\/blogg.svenskakyrkan.se\/vandravagen\/files\/2023\/05\/Ulr_logo_RGB.png\",\"width\":205,\"height\":77,\"caption\":\"ulricehamns pastorat\"},\"image\":{\"@id\":\"https:\/\/blogg.svenskakyrkan.se\/vandravagen\/#\/schema\/logo\/image\/\"},\"sameAs\":[\"http:\/\/facebook.com\/vandravagen\",\"https:\/\/x.com\/fadertomas\",\"http:\/\/www.facebook.com\/svenskakyrkaniulricehamn\"]},{\"@type\":\"Person\",\"@id\":\"https:\/\/blogg.svenskakyrkan.se\/vandravagen\/#\/schema\/person\/25da02d4f76b137d04291711e2c9fc16\",\"name\":\"Tomas Jarvid\",\"image\":{\"@type\":\"ImageObject\",\"inLanguage\":\"sv-SE\",\"@id\":\"https:\/\/blogg.svenskakyrkan.se\/vandravagen\/#\/schema\/person\/image\/\",\"url\":\"https:\/\/secure.gravatar.com\/avatar\/7fa71899795e8f540f615a1f5ab25255dc27aa40f05ee7ddd21aac521e01bf50?s=96&d=identicon&r=g\",\"contentUrl\":\"https:\/\/secure.gravatar.com\/avatar\/7fa71899795e8f540f615a1f5ab25255dc27aa40f05ee7ddd21aac521e01bf50?s=96&d=identicon&r=g\",\"caption\":\"Tomas Jarvid\"},\"description\":\"Jag bor i Ulricehamn i V\u00e4sterg\u00f6tland och \u00e4r f\u00f6rsamlingspr\u00e4st i Svenska Kyrkan f\u00f6r Dalstorps f\u00f6rsamling i Kinds pastorat. P\u00e5 den h\u00e4r bloggen skriver jag ner tankar om vandringen som kristen.\",\"sameAs\":[\"http:\/\/www.vandravagen.se\"],\"url\":\"https:\/\/blogg.svenskakyrkan.se\/vandravagen\/author\/vandravagen\/\"}]}<\/script>\n<!-- \/ Yoast SEO plugin. -->","yoast_head_json":{"title":"Blandade tankar p\u00e5 (f\u00f6rsta) s\u00f6ndagen (i advent!) - Vandra V\u00e4gen","robots":{"index":"index","follow":"follow","max-snippet":"max-snippet:-1","max-image-preview":"max-image-preview:large","max-video-preview":"max-video-preview:-1"},"canonical":"https:\/\/blogg.svenskakyrkan.se\/vandravagen\/2013\/12\/01\/blandade-tankar-pa-forsta-sondagen-i-advent\/","og_locale":"sv_SE","og_type":"article","og_title":"Blandade tankar p\u00e5 (f\u00f6rsta) s\u00f6ndagen (i advent!) - Vandra V\u00e4gen","og_description":"Dramatiskt int\u00e5g, precis som i dagens evangelium? -Idag \u00e4r det f\u00f6rsta s\u00f6ndagen i advent. Det \u00e4r fint! -Om du vill vara besserwisser kan du tillbringa dagen med att r\u00e4tta alla som kallar dagen &#8221;f\u00f6rsta advent&#8221; f\u00f6r s\u00e5 heter det ju inte. -Funderar p\u00e5 ett blogginl\u00e4gg med alla konstiga uttryck som finns i psalmer och annat [&hellip;]","og_url":"https:\/\/blogg.svenskakyrkan.se\/vandravagen\/2013\/12\/01\/blandade-tankar-pa-forsta-sondagen-i-advent\/","og_site_name":"Vandra V\u00e4gen","article_publisher":"http:\/\/facebook.com\/vandravagen","article_published_time":"2013-12-01T07:47:00+00:00","og_image":[{"url":"http:\/\/2.bp.blogspot.com\/-f_MvQLB3CO0\/UprbZHD7h-I\/AAAAAAAAGBA\/Uv_CUuCoqK0\/s640\/IMG_2407.JPG","type":"","width":"","height":""}],"author":"Tomas Jarvid","twitter_card":"summary_large_image","twitter_creator":"@fadertomas","twitter_site":"@fadertomas","twitter_misc":{"Skriven av":"Tomas Jarvid","Ber\u00e4knad l\u00e4stid":"1 minut"},"schema":{"@context":"https:\/\/schema.org","@graph":[{"@type":"Article","@id":"https:\/\/blogg.svenskakyrkan.se\/vandravagen\/2013\/12\/01\/blandade-tankar-pa-forsta-sondagen-i-advent\/#article","isPartOf":{"@id":"https:\/\/blogg.svenskakyrkan.se\/vandravagen\/2013\/12\/01\/blandade-tankar-pa-forsta-sondagen-i-advent\/"},"author":{"name":"Tomas Jarvid","@id":"https:\/\/blogg.svenskakyrkan.se\/vandravagen\/#\/schema\/person\/25da02d4f76b137d04291711e2c9fc16"},"headline":"Blandade tankar p\u00e5 (f\u00f6rsta) s\u00f6ndagen (i advent!)","datePublished":"2013-12-01T07:47:00+00:00","mainEntityOfPage":{"@id":"https:\/\/blogg.svenskakyrkan.se\/vandravagen\/2013\/12\/01\/blandade-tankar-pa-forsta-sondagen-i-advent\/"},"wordCount":234,"commentCount":1,"publisher":{"@id":"https:\/\/blogg.svenskakyrkan.se\/vandravagen\/#organization"},"image":{"@id":"https:\/\/blogg.svenskakyrkan.se\/vandravagen\/2013\/12\/01\/blandade-tankar-pa-forsta-sondagen-i-advent\/#primaryimage"},"thumbnailUrl":"http:\/\/2.bp.blogspot.com\/-f_MvQLB3CO0\/UprbZHD7h-I\/AAAAAAAAGBA\/Uv_CUuCoqK0\/s640\/IMG_2407.JPG","articleSection":["blandat","Dagens Kyrka","kyrko\u00e5ret"],"inLanguage":"sv-SE","potentialAction":[{"@type":"CommentAction","name":"Comment","target":["https:\/\/blogg.svenskakyrkan.se\/vandravagen\/2013\/12\/01\/blandade-tankar-pa-forsta-sondagen-i-advent\/#respond"]}]},{"@type":"WebPage","@id":"https:\/\/blogg.svenskakyrkan.se\/vandravagen\/2013\/12\/01\/blandade-tankar-pa-forsta-sondagen-i-advent\/","url":"https:\/\/blogg.svenskakyrkan.se\/vandravagen\/2013\/12\/01\/blandade-tankar-pa-forsta-sondagen-i-advent\/","name":"Blandade tankar p\u00e5 (f\u00f6rsta) s\u00f6ndagen (i advent!) - Vandra V\u00e4gen","isPartOf":{"@id":"https:\/\/blogg.svenskakyrkan.se\/vandravagen\/#website"},"primaryImageOfPage":{"@id":"https:\/\/blogg.svenskakyrkan.se\/vandravagen\/2013\/12\/01\/blandade-tankar-pa-forsta-sondagen-i-advent\/#primaryimage"},"image":{"@id":"https:\/\/blogg.svenskakyrkan.se\/vandravagen\/2013\/12\/01\/blandade-tankar-pa-forsta-sondagen-i-advent\/#primaryimage"},"thumbnailUrl":"http:\/\/2.bp.blogspot.com\/-f_MvQLB3CO0\/UprbZHD7h-I\/AAAAAAAAGBA\/Uv_CUuCoqK0\/s640\/IMG_2407.JPG","datePublished":"2013-12-01T07:47:00+00:00","breadcrumb":{"@id":"https:\/\/blogg.svenskakyrkan.se\/vandravagen\/2013\/12\/01\/blandade-tankar-pa-forsta-sondagen-i-advent\/#breadcrumb"},"inLanguage":"sv-SE","potentialAction":[{"@type":"ReadAction","target":["https:\/\/blogg.svenskakyrkan.se\/vandravagen\/2013\/12\/01\/blandade-tankar-pa-forsta-sondagen-i-advent\/"]}]},{"@type":"ImageObject","inLanguage":"sv-SE","@id":"https:\/\/blogg.svenskakyrkan.se\/vandravagen\/2013\/12\/01\/blandade-tankar-pa-forsta-sondagen-i-advent\/#primaryimage","url":"http:\/\/2.bp.blogspot.com\/-f_MvQLB3CO0\/UprbZHD7h-I\/AAAAAAAAGBA\/Uv_CUuCoqK0\/s640\/IMG_2407.JPG","contentUrl":"http:\/\/2.bp.blogspot.com\/-f_MvQLB3CO0\/UprbZHD7h-I\/AAAAAAAAGBA\/Uv_CUuCoqK0\/s640\/IMG_2407.JPG"},{"@type":"BreadcrumbList","@id":"https:\/\/blogg.svenskakyrkan.se\/vandravagen\/2013\/12\/01\/blandade-tankar-pa-forsta-sondagen-i-advent\/#breadcrumb","itemListElement":[{"@type":"ListItem","position":1,"name":"Hem","item":"https:\/\/blogg.svenskakyrkan.se\/vandravagen\/"},{"@type":"ListItem","position":2,"name":"Blandade tankar p\u00e5 (f\u00f6rsta) s\u00f6ndagen (i advent!)"}]},{"@type":"WebSite","@id":"https:\/\/blogg.svenskakyrkan.se\/vandravagen\/#website","url":"https:\/\/blogg.svenskakyrkan.se\/vandravagen\/","name":"Vandra V\u00e4gen","description":"-Mot en tro f\u00f6r hela livet","publisher":{"@id":"https:\/\/blogg.svenskakyrkan.se\/vandravagen\/#organization"},"potentialAction":[{"@type":"SearchAction","target":{"@type":"EntryPoint","urlTemplate":"https:\/\/blogg.svenskakyrkan.se\/vandravagen\/?s={search_term_string}"},"query-input":{"@type":"PropertyValueSpecification","valueRequired":true,"valueName":"search_term_string"}}],"inLanguage":"sv-SE"},{"@type":"Organization","@id":"https:\/\/blogg.svenskakyrkan.se\/vandravagen\/#organization","name":"ulricehamns pastorat","alternateName":"ulricehamns pastorat","url":"https:\/\/blogg.svenskakyrkan.se\/vandravagen\/","logo":{"@type":"ImageObject","inLanguage":"sv-SE","@id":"https:\/\/blogg.svenskakyrkan.se\/vandravagen\/#\/schema\/logo\/image\/","url":"https:\/\/blogg.svenskakyrkan.se\/vandravagen\/files\/2023\/05\/Ulr_logo_RGB.png","contentUrl":"https:\/\/blogg.svenskakyrkan.se\/vandravagen\/files\/2023\/05\/Ulr_logo_RGB.png","width":205,"height":77,"caption":"ulricehamns pastorat"},"image":{"@id":"https:\/\/blogg.svenskakyrkan.se\/vandravagen\/#\/schema\/logo\/image\/"},"sameAs":["http:\/\/facebook.com\/vandravagen","https:\/\/x.com\/fadertomas","http:\/\/www.facebook.com\/svenskakyrkaniulricehamn"]},{"@type":"Person","@id":"https:\/\/blogg.svenskakyrkan.se\/vandravagen\/#\/schema\/person\/25da02d4f76b137d04291711e2c9fc16","name":"Tomas Jarvid","image":{"@type":"ImageObject","inLanguage":"sv-SE","@id":"https:\/\/blogg.svenskakyrkan.se\/vandravagen\/#\/schema\/person\/image\/","url":"https:\/\/secure.gravatar.com\/avatar\/7fa71899795e8f540f615a1f5ab25255dc27aa40f05ee7ddd21aac521e01bf50?s=96&d=identicon&r=g","contentUrl":"https:\/\/secure.gravatar.com\/avatar\/7fa71899795e8f540f615a1f5ab25255dc27aa40f05ee7ddd21aac521e01bf50?s=96&d=identicon&r=g","caption":"Tomas Jarvid"},"description":"Jag bor i Ulricehamn i V\u00e4sterg\u00f6tland och \u00e4r f\u00f6rsamlingspr\u00e4st i Svenska Kyrkan f\u00f6r Dalstorps f\u00f6rsamling i Kinds pastorat. P\u00e5 den h\u00e4r bloggen skriver jag ner tankar om vandringen som kristen.","sameAs":["http:\/\/www.vandravagen.se"],"url":"https:\/\/blogg.svenskakyrkan.se\/vandravagen\/author\/vandravagen\/"}]}},"author_meta":{"ID":"392","user_nicename":"vandravagen","user_url":"http:\/\/www.vandravagen.se","user_registered":"2014-05-19 05:44:52","display_name":"Tomas Jarvid","first_name":"Tomas","last_name":"Jarvid","avatar":"https:\/\/secure.gravatar.com\/avatar\/7fa71899795e8f540f615a1f5ab25255dc27aa40f05ee7ddd21aac521e01bf50?s=96&d=identicon&r=g"},"featured_image":false,"bloginfo":{"name":"Vandra V\u00e4gen","url":"https:\/\/blogg.svenskakyrkan.se\/vandravagen"},"_links":{"self":[{"href":"https:\/\/blogg.svenskakyrkan.se\/vandravagen\/wp-json\/wp\/v2\/posts\/258","targetHints":{"allow":["GET"]}}],"collection":[{"href":"https:\/\/blogg.svenskakyrkan.se\/vandravagen\/wp-json\/wp\/v2\/posts"}],"about":[{"href":"https:\/\/blogg.svenskakyrkan.se\/vandravagen\/wp-json\/wp\/v2\/types\/post"}],"author":[{"embeddable":true,"href":"https:\/\/blogg.svenskakyrkan.se\/vandravagen\/wp-json\/wp\/v2\/users\/392"}],"replies":[{"embeddable":true,"href":"https:\/\/blogg.svenskakyrkan.se\/vandravagen\/wp-json\/wp\/v2\/comments?post=258"}],"version-history":[{"count":0,"href":"https:\/\/blogg.svenskakyrkan.se\/vandravagen\/wp-json\/wp\/v2\/posts\/258\/revisions"}],"wp:attachment":[{"href":"https:\/\/blogg.svenskakyrkan.se\/vandravagen\/wp-json\/wp\/v2\/media?parent=258"}],"wp:term":[{"taxonomy":"category","embeddable":true,"href":"https:\/\/blogg.svenskakyrkan.se\/vandravagen\/wp-json\/wp\/v2\/categories?post=258"},{"taxonomy":"post_tag","embeddable":true,"href":"https:\/\/blogg.svenskakyrkan.se\/vandravagen\/wp-json\/wp\/v2\/tags?post=258"}],"curies":[{"name":"wp","href":"https:\/\/api.w.org\/{rel}","templated":true}]}}