{"id":2588,"date":"2015-01-20T07:00:30","date_gmt":"2015-01-20T06:00:30","guid":{"rendered":"http:\/\/blogg.svenskakyrkan.se\/vandravagen\/?p=2588"},"modified":"2015-01-19T19:40:40","modified_gmt":"2015-01-19T18:40:40","slug":"gissa-bilden-nummer-xxxiii","status":"publish","type":"post","link":"https:\/\/blogg.svenskakyrkan.se\/vandravagen\/2015\/01\/20\/gissa-bilden-nummer-xxxiii\/","title":{"rendered":"Gissa bilden nummer XXXIII"},"content":{"rendered":"<p><a href=\"http:\/\/blogg.svenskakyrkan.se\/vandravagen\/files\/2015\/01\/IMG_51771.jpg\"><img loading=\"lazy\" decoding=\"async\" class=\"aligncenter size-large wp-image-2589\" src=\"http:\/\/blogg.svenskakyrkan.se\/vandravagen\/files\/2015\/01\/IMG_51771.jpg\" alt=\"IMG_5177\" width=\"584\" height=\"641\" srcset=\"https:\/\/blogg.svenskakyrkan.se\/vandravagen\/files\/2015\/01\/IMG_51771.jpg 910w, https:\/\/blogg.svenskakyrkan.se\/vandravagen\/files\/2015\/01\/IMG_51771-300x329.jpg 300w, https:\/\/blogg.svenskakyrkan.se\/vandravagen\/files\/2015\/01\/IMG_51771-273x300.jpg 273w\" sizes=\"auto, (max-width: 584px) 100vw, 584px\" \/><\/a><\/p>\n<p>S\u00e5 var det \u00c4NTLIGEN dags f\u00f6r \u00e4nnu en bildg\u00e5ta fr\u00e5n bibelns v\u00e4rld. Men f\u00f6rst ska vi r\u00e4tta.<\/p>\n<p>Amanda och Rosa kom med r\u00e4tt svar p\u00e5 den f\u00f6rra bildg\u00e5tan, den som du kan se h\u00e4r ovanf\u00f6r. Den f\u00f6rest\u00e4ller mycket riktigt hur Judas g\u00e5r till \u00f6verstepr\u00e4sterna f\u00f6r att f\u00f6rr\u00e5da Jesus. Mest likt bilden \u00e4r skildringen i Lukasevangeliet:<\/p>\n<blockquote>\n<p>Nu n\u00e4rmade sig det osyrade br\u00f6dets h\u00f6gtid, som kallas p\u00e5sk.\u00a0\u00a0\u00d6verstepr\u00e4sterna och de skriftl\u00e4rda s\u00f6kte efter b\u00e4sta s\u00e4ttet att r\u00f6ja honom ur v\u00e4gen \u2013 de var r\u00e4dda f\u00f6r folket.\u00a0<span class=\"selection\"><strong>Men Satan for in i Judas<\/strong>, som kallades Iskariot och som var en av de tolv.\u00a0\u00a0<\/span>Han gick till \u00f6verstepr\u00e4sterna och officerarna i tempelvakten och talade med dem om hur han skulle kunna utl\u00e4mna Jesus \u00e5t dem.\u00a0\u00a0De blev glada och erbj\u00f6d honom pengar.\u00a0\u00a0Han gick med p\u00e5 deras anbud och s\u00f6kte ett tillf\u00e4lle att utl\u00e4mna honom utan att folket var med. Luk 22:1-6<\/p>\n<p>&nbsp;<\/p>\n<\/blockquote>\n<p>\u00c4ra och ber\u00f6m \u00e5t er som kunde den bilden. Den var nog inte helt enkel? N\u00e4sta \u00e4r nog \u00e4nnu knepigare. Vad f\u00f6rest\u00e4ller den h\u00e4r bilden nedan? Skriv en kommentar eller meddela ditt svar p\u00e5 annat s\u00e4tt.<\/p>\n<p><a href=\"http:\/\/blogg.svenskakyrkan.se\/vandravagen\/files\/2015\/01\/IMG_5089.png\"><img loading=\"lazy\" decoding=\"async\" class=\"aligncenter size-full wp-image-2590\" src=\"http:\/\/blogg.svenskakyrkan.se\/vandravagen\/files\/2015\/01\/IMG_5089.png\" alt=\"IMG_5089\" width=\"928\" height=\"803\" srcset=\"https:\/\/blogg.svenskakyrkan.se\/vandravagen\/files\/2015\/01\/IMG_5089.png 928w, https:\/\/blogg.svenskakyrkan.se\/vandravagen\/files\/2015\/01\/IMG_5089-300x259.png 300w, https:\/\/blogg.svenskakyrkan.se\/vandravagen\/files\/2015\/01\/IMG_5089-346x300.png 346w\" sizes=\"auto, (max-width: 928px) 100vw, 928px\" \/><\/a><\/p>\n","protected":false},"excerpt":{"rendered":"<p>S\u00e5 var det \u00c4NTLIGEN dags f\u00f6r \u00e4nnu en bildg\u00e5ta fr\u00e5n bibelns v\u00e4rld. Men f\u00f6rst ska vi r\u00e4tta. Amanda och Rosa kom med r\u00e4tt svar p\u00e5 den f\u00f6rra bildg\u00e5tan, den som du kan se h\u00e4r ovanf\u00f6r. Den f\u00f6rest\u00e4ller mycket riktigt hur Judas g\u00e5r till \u00f6verstepr\u00e4sterna f\u00f6r att f\u00f6rr\u00e5da Jesus. Mest likt bilden \u00e4r skildringen i Lukasevangeliet: [&hellip;]<\/p>\n","protected":false},"author":392,"featured_media":0,"comment_status":"open","ping_status":"open","sticky":false,"template":"","format":"standard","meta":{"_acf_changed":false,"footnotes":""},"categories":[79126,76189],"tags":[],"class_list":["post-2588","post","type-post","status-publish","format-standard","hentry","category-bildgatan","category-dagens-kyrka"],"acf":[],"yoast_head":"<!-- This site is optimized with the Yoast SEO plugin v27.1.1 - https:\/\/yoast.com\/product\/yoast-seo-wordpress\/ -->\n<title>Gissa bilden nummer XXXIII - Vandra V\u00e4gen<\/title>\n<meta name=\"robots\" content=\"index, follow, max-snippet:-1, max-image-preview:large, max-video-preview:-1\" \/>\n<link rel=\"canonical\" href=\"https:\/\/blogg.svenskakyrkan.se\/vandravagen\/2015\/01\/20\/gissa-bilden-nummer-xxxiii\/\" \/>\n<meta property=\"og:locale\" content=\"sv_SE\" \/>\n<meta property=\"og:type\" content=\"article\" \/>\n<meta property=\"og:title\" content=\"Gissa bilden nummer XXXIII - Vandra V\u00e4gen\" \/>\n<meta property=\"og:description\" content=\"S\u00e5 var det \u00c4NTLIGEN dags f\u00f6r \u00e4nnu en bildg\u00e5ta fr\u00e5n bibelns v\u00e4rld. Men f\u00f6rst ska vi r\u00e4tta. Amanda och Rosa kom med r\u00e4tt svar p\u00e5 den f\u00f6rra bildg\u00e5tan, den som du kan se h\u00e4r ovanf\u00f6r. Den f\u00f6rest\u00e4ller mycket riktigt hur Judas g\u00e5r till \u00f6verstepr\u00e4sterna f\u00f6r att f\u00f6rr\u00e5da Jesus. Mest likt bilden \u00e4r skildringen i Lukasevangeliet: [&hellip;]\" \/>\n<meta property=\"og:url\" content=\"https:\/\/blogg.svenskakyrkan.se\/vandravagen\/2015\/01\/20\/gissa-bilden-nummer-xxxiii\/\" \/>\n<meta property=\"og:site_name\" content=\"Vandra V\u00e4gen\" \/>\n<meta property=\"article:publisher\" content=\"http:\/\/facebook.com\/vandravagen\" \/>\n<meta property=\"article:published_time\" content=\"2015-01-20T06:00:30+00:00\" \/>\n<meta property=\"og:image\" content=\"http:\/\/blogg.svenskakyrkan.se\/vandravagen\/files\/2015\/01\/IMG_51771.jpg\" \/>\n<meta name=\"author\" content=\"Tomas Jarvid\" \/>\n<meta name=\"twitter:card\" content=\"summary_large_image\" \/>\n<meta name=\"twitter:creator\" content=\"@fadertomas\" \/>\n<meta name=\"twitter:site\" content=\"@fadertomas\" \/>\n<meta name=\"twitter:label1\" content=\"Skriven av\" \/>\n\t<meta name=\"twitter:data1\" content=\"Tomas Jarvid\" \/>\n\t<meta name=\"twitter:label2\" content=\"Ber\u00e4knad l\u00e4stid\" \/>\n\t<meta name=\"twitter:data2\" content=\"1 minut\" \/>\n<script type=\"application\/ld+json\" class=\"yoast-schema-graph\">{\"@context\":\"https:\/\/schema.org\",\"@graph\":[{\"@type\":\"Article\",\"@id\":\"https:\/\/blogg.svenskakyrkan.se\/vandravagen\/2015\/01\/20\/gissa-bilden-nummer-xxxiii\/#article\",\"isPartOf\":{\"@id\":\"https:\/\/blogg.svenskakyrkan.se\/vandravagen\/2015\/01\/20\/gissa-bilden-nummer-xxxiii\/\"},\"author\":{\"name\":\"Tomas Jarvid\",\"@id\":\"https:\/\/blogg.svenskakyrkan.se\/vandravagen\/#\/schema\/person\/25da02d4f76b137d04291711e2c9fc16\"},\"headline\":\"Gissa bilden nummer XXXIII\",\"datePublished\":\"2015-01-20T06:00:30+00:00\",\"mainEntityOfPage\":{\"@id\":\"https:\/\/blogg.svenskakyrkan.se\/vandravagen\/2015\/01\/20\/gissa-bilden-nummer-xxxiii\/\"},\"wordCount\":231,\"commentCount\":7,\"publisher\":{\"@id\":\"https:\/\/blogg.svenskakyrkan.se\/vandravagen\/#organization\"},\"image\":{\"@id\":\"https:\/\/blogg.svenskakyrkan.se\/vandravagen\/2015\/01\/20\/gissa-bilden-nummer-xxxiii\/#primaryimage\"},\"thumbnailUrl\":\"http:\/\/blogg.svenskakyrkan.se\/vandravagen\/files\/2015\/01\/IMG_51771.jpg\",\"articleSection\":[\"bildg\u00e5tan\",\"Dagens Kyrka\"],\"inLanguage\":\"sv-SE\",\"potentialAction\":[{\"@type\":\"CommentAction\",\"name\":\"Comment\",\"target\":[\"https:\/\/blogg.svenskakyrkan.se\/vandravagen\/2015\/01\/20\/gissa-bilden-nummer-xxxiii\/#respond\"]}]},{\"@type\":\"WebPage\",\"@id\":\"https:\/\/blogg.svenskakyrkan.se\/vandravagen\/2015\/01\/20\/gissa-bilden-nummer-xxxiii\/\",\"url\":\"https:\/\/blogg.svenskakyrkan.se\/vandravagen\/2015\/01\/20\/gissa-bilden-nummer-xxxiii\/\",\"name\":\"Gissa bilden nummer XXXIII - Vandra V\u00e4gen\",\"isPartOf\":{\"@id\":\"https:\/\/blogg.svenskakyrkan.se\/vandravagen\/#website\"},\"primaryImageOfPage\":{\"@id\":\"https:\/\/blogg.svenskakyrkan.se\/vandravagen\/2015\/01\/20\/gissa-bilden-nummer-xxxiii\/#primaryimage\"},\"image\":{\"@id\":\"https:\/\/blogg.svenskakyrkan.se\/vandravagen\/2015\/01\/20\/gissa-bilden-nummer-xxxiii\/#primaryimage\"},\"thumbnailUrl\":\"http:\/\/blogg.svenskakyrkan.se\/vandravagen\/files\/2015\/01\/IMG_51771.jpg\",\"datePublished\":\"2015-01-20T06:00:30+00:00\",\"breadcrumb\":{\"@id\":\"https:\/\/blogg.svenskakyrkan.se\/vandravagen\/2015\/01\/20\/gissa-bilden-nummer-xxxiii\/#breadcrumb\"},\"inLanguage\":\"sv-SE\",\"potentialAction\":[{\"@type\":\"ReadAction\",\"target\":[\"https:\/\/blogg.svenskakyrkan.se\/vandravagen\/2015\/01\/20\/gissa-bilden-nummer-xxxiii\/\"]}]},{\"@type\":\"ImageObject\",\"inLanguage\":\"sv-SE\",\"@id\":\"https:\/\/blogg.svenskakyrkan.se\/vandravagen\/2015\/01\/20\/gissa-bilden-nummer-xxxiii\/#primaryimage\",\"url\":\"http:\/\/blogg.svenskakyrkan.se\/vandravagen\/files\/2015\/01\/IMG_51771.jpg\",\"contentUrl\":\"http:\/\/blogg.svenskakyrkan.se\/vandravagen\/files\/2015\/01\/IMG_51771.jpg\"},{\"@type\":\"BreadcrumbList\",\"@id\":\"https:\/\/blogg.svenskakyrkan.se\/vandravagen\/2015\/01\/20\/gissa-bilden-nummer-xxxiii\/#breadcrumb\",\"itemListElement\":[{\"@type\":\"ListItem\",\"position\":1,\"name\":\"Hem\",\"item\":\"https:\/\/blogg.svenskakyrkan.se\/vandravagen\/\"},{\"@type\":\"ListItem\",\"position\":2,\"name\":\"Gissa bilden nummer XXXIII\"}]},{\"@type\":\"WebSite\",\"@id\":\"https:\/\/blogg.svenskakyrkan.se\/vandravagen\/#website\",\"url\":\"https:\/\/blogg.svenskakyrkan.se\/vandravagen\/\",\"name\":\"Vandra V\u00e4gen\",\"description\":\"-Mot en tro f\u00f6r hela livet\",\"publisher\":{\"@id\":\"https:\/\/blogg.svenskakyrkan.se\/vandravagen\/#organization\"},\"potentialAction\":[{\"@type\":\"SearchAction\",\"target\":{\"@type\":\"EntryPoint\",\"urlTemplate\":\"https:\/\/blogg.svenskakyrkan.se\/vandravagen\/?s={search_term_string}\"},\"query-input\":{\"@type\":\"PropertyValueSpecification\",\"valueRequired\":true,\"valueName\":\"search_term_string\"}}],\"inLanguage\":\"sv-SE\"},{\"@type\":\"Organization\",\"@id\":\"https:\/\/blogg.svenskakyrkan.se\/vandravagen\/#organization\",\"name\":\"ulricehamns pastorat\",\"alternateName\":\"ulricehamns pastorat\",\"url\":\"https:\/\/blogg.svenskakyrkan.se\/vandravagen\/\",\"logo\":{\"@type\":\"ImageObject\",\"inLanguage\":\"sv-SE\",\"@id\":\"https:\/\/blogg.svenskakyrkan.se\/vandravagen\/#\/schema\/logo\/image\/\",\"url\":\"https:\/\/blogg.svenskakyrkan.se\/vandravagen\/files\/2023\/05\/Ulr_logo_RGB.png\",\"contentUrl\":\"https:\/\/blogg.svenskakyrkan.se\/vandravagen\/files\/2023\/05\/Ulr_logo_RGB.png\",\"width\":205,\"height\":77,\"caption\":\"ulricehamns pastorat\"},\"image\":{\"@id\":\"https:\/\/blogg.svenskakyrkan.se\/vandravagen\/#\/schema\/logo\/image\/\"},\"sameAs\":[\"http:\/\/facebook.com\/vandravagen\",\"https:\/\/x.com\/fadertomas\",\"http:\/\/www.facebook.com\/svenskakyrkaniulricehamn\"]},{\"@type\":\"Person\",\"@id\":\"https:\/\/blogg.svenskakyrkan.se\/vandravagen\/#\/schema\/person\/25da02d4f76b137d04291711e2c9fc16\",\"name\":\"Tomas Jarvid\",\"image\":{\"@type\":\"ImageObject\",\"inLanguage\":\"sv-SE\",\"@id\":\"https:\/\/blogg.svenskakyrkan.se\/vandravagen\/#\/schema\/person\/image\/\",\"url\":\"https:\/\/secure.gravatar.com\/avatar\/7fa71899795e8f540f615a1f5ab25255dc27aa40f05ee7ddd21aac521e01bf50?s=96&d=identicon&r=g\",\"contentUrl\":\"https:\/\/secure.gravatar.com\/avatar\/7fa71899795e8f540f615a1f5ab25255dc27aa40f05ee7ddd21aac521e01bf50?s=96&d=identicon&r=g\",\"caption\":\"Tomas Jarvid\"},\"description\":\"Jag bor i Ulricehamn i V\u00e4sterg\u00f6tland och \u00e4r f\u00f6rsamlingspr\u00e4st i Svenska Kyrkan f\u00f6r Dalstorps f\u00f6rsamling i Kinds pastorat. P\u00e5 den h\u00e4r bloggen skriver jag ner tankar om vandringen som kristen.\",\"sameAs\":[\"http:\/\/www.vandravagen.se\"],\"url\":\"https:\/\/blogg.svenskakyrkan.se\/vandravagen\/author\/vandravagen\/\"}]}<\/script>\n<!-- \/ Yoast SEO plugin. -->","yoast_head_json":{"title":"Gissa bilden nummer XXXIII - Vandra V\u00e4gen","robots":{"index":"index","follow":"follow","max-snippet":"max-snippet:-1","max-image-preview":"max-image-preview:large","max-video-preview":"max-video-preview:-1"},"canonical":"https:\/\/blogg.svenskakyrkan.se\/vandravagen\/2015\/01\/20\/gissa-bilden-nummer-xxxiii\/","og_locale":"sv_SE","og_type":"article","og_title":"Gissa bilden nummer XXXIII - Vandra V\u00e4gen","og_description":"S\u00e5 var det \u00c4NTLIGEN dags f\u00f6r \u00e4nnu en bildg\u00e5ta fr\u00e5n bibelns v\u00e4rld. Men f\u00f6rst ska vi r\u00e4tta. Amanda och Rosa kom med r\u00e4tt svar p\u00e5 den f\u00f6rra bildg\u00e5tan, den som du kan se h\u00e4r ovanf\u00f6r. Den f\u00f6rest\u00e4ller mycket riktigt hur Judas g\u00e5r till \u00f6verstepr\u00e4sterna f\u00f6r att f\u00f6rr\u00e5da Jesus. Mest likt bilden \u00e4r skildringen i Lukasevangeliet: [&hellip;]","og_url":"https:\/\/blogg.svenskakyrkan.se\/vandravagen\/2015\/01\/20\/gissa-bilden-nummer-xxxiii\/","og_site_name":"Vandra V\u00e4gen","article_publisher":"http:\/\/facebook.com\/vandravagen","article_published_time":"2015-01-20T06:00:30+00:00","og_image":[{"url":"http:\/\/blogg.svenskakyrkan.se\/vandravagen\/files\/2015\/01\/IMG_51771.jpg","type":"","width":"","height":""}],"author":"Tomas Jarvid","twitter_card":"summary_large_image","twitter_creator":"@fadertomas","twitter_site":"@fadertomas","twitter_misc":{"Skriven av":"Tomas Jarvid","Ber\u00e4knad l\u00e4stid":"1 minut"},"schema":{"@context":"https:\/\/schema.org","@graph":[{"@type":"Article","@id":"https:\/\/blogg.svenskakyrkan.se\/vandravagen\/2015\/01\/20\/gissa-bilden-nummer-xxxiii\/#article","isPartOf":{"@id":"https:\/\/blogg.svenskakyrkan.se\/vandravagen\/2015\/01\/20\/gissa-bilden-nummer-xxxiii\/"},"author":{"name":"Tomas Jarvid","@id":"https:\/\/blogg.svenskakyrkan.se\/vandravagen\/#\/schema\/person\/25da02d4f76b137d04291711e2c9fc16"},"headline":"Gissa bilden nummer XXXIII","datePublished":"2015-01-20T06:00:30+00:00","mainEntityOfPage":{"@id":"https:\/\/blogg.svenskakyrkan.se\/vandravagen\/2015\/01\/20\/gissa-bilden-nummer-xxxiii\/"},"wordCount":231,"commentCount":7,"publisher":{"@id":"https:\/\/blogg.svenskakyrkan.se\/vandravagen\/#organization"},"image":{"@id":"https:\/\/blogg.svenskakyrkan.se\/vandravagen\/2015\/01\/20\/gissa-bilden-nummer-xxxiii\/#primaryimage"},"thumbnailUrl":"http:\/\/blogg.svenskakyrkan.se\/vandravagen\/files\/2015\/01\/IMG_51771.jpg","articleSection":["bildg\u00e5tan","Dagens Kyrka"],"inLanguage":"sv-SE","potentialAction":[{"@type":"CommentAction","name":"Comment","target":["https:\/\/blogg.svenskakyrkan.se\/vandravagen\/2015\/01\/20\/gissa-bilden-nummer-xxxiii\/#respond"]}]},{"@type":"WebPage","@id":"https:\/\/blogg.svenskakyrkan.se\/vandravagen\/2015\/01\/20\/gissa-bilden-nummer-xxxiii\/","url":"https:\/\/blogg.svenskakyrkan.se\/vandravagen\/2015\/01\/20\/gissa-bilden-nummer-xxxiii\/","name":"Gissa bilden nummer XXXIII - Vandra V\u00e4gen","isPartOf":{"@id":"https:\/\/blogg.svenskakyrkan.se\/vandravagen\/#website"},"primaryImageOfPage":{"@id":"https:\/\/blogg.svenskakyrkan.se\/vandravagen\/2015\/01\/20\/gissa-bilden-nummer-xxxiii\/#primaryimage"},"image":{"@id":"https:\/\/blogg.svenskakyrkan.se\/vandravagen\/2015\/01\/20\/gissa-bilden-nummer-xxxiii\/#primaryimage"},"thumbnailUrl":"http:\/\/blogg.svenskakyrkan.se\/vandravagen\/files\/2015\/01\/IMG_51771.jpg","datePublished":"2015-01-20T06:00:30+00:00","breadcrumb":{"@id":"https:\/\/blogg.svenskakyrkan.se\/vandravagen\/2015\/01\/20\/gissa-bilden-nummer-xxxiii\/#breadcrumb"},"inLanguage":"sv-SE","potentialAction":[{"@type":"ReadAction","target":["https:\/\/blogg.svenskakyrkan.se\/vandravagen\/2015\/01\/20\/gissa-bilden-nummer-xxxiii\/"]}]},{"@type":"ImageObject","inLanguage":"sv-SE","@id":"https:\/\/blogg.svenskakyrkan.se\/vandravagen\/2015\/01\/20\/gissa-bilden-nummer-xxxiii\/#primaryimage","url":"http:\/\/blogg.svenskakyrkan.se\/vandravagen\/files\/2015\/01\/IMG_51771.jpg","contentUrl":"http:\/\/blogg.svenskakyrkan.se\/vandravagen\/files\/2015\/01\/IMG_51771.jpg"},{"@type":"BreadcrumbList","@id":"https:\/\/blogg.svenskakyrkan.se\/vandravagen\/2015\/01\/20\/gissa-bilden-nummer-xxxiii\/#breadcrumb","itemListElement":[{"@type":"ListItem","position":1,"name":"Hem","item":"https:\/\/blogg.svenskakyrkan.se\/vandravagen\/"},{"@type":"ListItem","position":2,"name":"Gissa bilden nummer XXXIII"}]},{"@type":"WebSite","@id":"https:\/\/blogg.svenskakyrkan.se\/vandravagen\/#website","url":"https:\/\/blogg.svenskakyrkan.se\/vandravagen\/","name":"Vandra V\u00e4gen","description":"-Mot en tro f\u00f6r hela livet","publisher":{"@id":"https:\/\/blogg.svenskakyrkan.se\/vandravagen\/#organization"},"potentialAction":[{"@type":"SearchAction","target":{"@type":"EntryPoint","urlTemplate":"https:\/\/blogg.svenskakyrkan.se\/vandravagen\/?s={search_term_string}"},"query-input":{"@type":"PropertyValueSpecification","valueRequired":true,"valueName":"search_term_string"}}],"inLanguage":"sv-SE"},{"@type":"Organization","@id":"https:\/\/blogg.svenskakyrkan.se\/vandravagen\/#organization","name":"ulricehamns pastorat","alternateName":"ulricehamns pastorat","url":"https:\/\/blogg.svenskakyrkan.se\/vandravagen\/","logo":{"@type":"ImageObject","inLanguage":"sv-SE","@id":"https:\/\/blogg.svenskakyrkan.se\/vandravagen\/#\/schema\/logo\/image\/","url":"https:\/\/blogg.svenskakyrkan.se\/vandravagen\/files\/2023\/05\/Ulr_logo_RGB.png","contentUrl":"https:\/\/blogg.svenskakyrkan.se\/vandravagen\/files\/2023\/05\/Ulr_logo_RGB.png","width":205,"height":77,"caption":"ulricehamns pastorat"},"image":{"@id":"https:\/\/blogg.svenskakyrkan.se\/vandravagen\/#\/schema\/logo\/image\/"},"sameAs":["http:\/\/facebook.com\/vandravagen","https:\/\/x.com\/fadertomas","http:\/\/www.facebook.com\/svenskakyrkaniulricehamn"]},{"@type":"Person","@id":"https:\/\/blogg.svenskakyrkan.se\/vandravagen\/#\/schema\/person\/25da02d4f76b137d04291711e2c9fc16","name":"Tomas Jarvid","image":{"@type":"ImageObject","inLanguage":"sv-SE","@id":"https:\/\/blogg.svenskakyrkan.se\/vandravagen\/#\/schema\/person\/image\/","url":"https:\/\/secure.gravatar.com\/avatar\/7fa71899795e8f540f615a1f5ab25255dc27aa40f05ee7ddd21aac521e01bf50?s=96&d=identicon&r=g","contentUrl":"https:\/\/secure.gravatar.com\/avatar\/7fa71899795e8f540f615a1f5ab25255dc27aa40f05ee7ddd21aac521e01bf50?s=96&d=identicon&r=g","caption":"Tomas Jarvid"},"description":"Jag bor i Ulricehamn i V\u00e4sterg\u00f6tland och \u00e4r f\u00f6rsamlingspr\u00e4st i Svenska Kyrkan f\u00f6r Dalstorps f\u00f6rsamling i Kinds pastorat. P\u00e5 den h\u00e4r bloggen skriver jag ner tankar om vandringen som kristen.","sameAs":["http:\/\/www.vandravagen.se"],"url":"https:\/\/blogg.svenskakyrkan.se\/vandravagen\/author\/vandravagen\/"}]}},"author_meta":{"ID":"392","user_nicename":"vandravagen","user_url":"http:\/\/www.vandravagen.se","user_registered":"2014-05-19 05:44:52","display_name":"Tomas Jarvid","first_name":"Tomas","last_name":"Jarvid","avatar":"https:\/\/secure.gravatar.com\/avatar\/7fa71899795e8f540f615a1f5ab25255dc27aa40f05ee7ddd21aac521e01bf50?s=96&d=identicon&r=g"},"featured_image":false,"bloginfo":{"name":"Vandra V\u00e4gen","url":"https:\/\/blogg.svenskakyrkan.se\/vandravagen"},"_links":{"self":[{"href":"https:\/\/blogg.svenskakyrkan.se\/vandravagen\/wp-json\/wp\/v2\/posts\/2588","targetHints":{"allow":["GET"]}}],"collection":[{"href":"https:\/\/blogg.svenskakyrkan.se\/vandravagen\/wp-json\/wp\/v2\/posts"}],"about":[{"href":"https:\/\/blogg.svenskakyrkan.se\/vandravagen\/wp-json\/wp\/v2\/types\/post"}],"author":[{"embeddable":true,"href":"https:\/\/blogg.svenskakyrkan.se\/vandravagen\/wp-json\/wp\/v2\/users\/392"}],"replies":[{"embeddable":true,"href":"https:\/\/blogg.svenskakyrkan.se\/vandravagen\/wp-json\/wp\/v2\/comments?post=2588"}],"version-history":[{"count":1,"href":"https:\/\/blogg.svenskakyrkan.se\/vandravagen\/wp-json\/wp\/v2\/posts\/2588\/revisions"}],"predecessor-version":[{"id":2591,"href":"https:\/\/blogg.svenskakyrkan.se\/vandravagen\/wp-json\/wp\/v2\/posts\/2588\/revisions\/2591"}],"wp:attachment":[{"href":"https:\/\/blogg.svenskakyrkan.se\/vandravagen\/wp-json\/wp\/v2\/media?parent=2588"}],"wp:term":[{"taxonomy":"category","embeddable":true,"href":"https:\/\/blogg.svenskakyrkan.se\/vandravagen\/wp-json\/wp\/v2\/categories?post=2588"},{"taxonomy":"post_tag","embeddable":true,"href":"https:\/\/blogg.svenskakyrkan.se\/vandravagen\/wp-json\/wp\/v2\/tags?post=2588"}],"curies":[{"name":"wp","href":"https:\/\/api.w.org\/{rel}","templated":true}]}}