{"id":260,"date":"2013-11-29T08:00:00","date_gmt":"2013-11-29T07:00:00","guid":{"rendered":"http:\/\/blogg.svenskakyrkan.se\/vandravagen\/2013\/11\/29\/den-gode-konungen-sasongens-ikon\/"},"modified":"2013-11-29T08:00:00","modified_gmt":"2013-11-29T07:00:00","slug":"den-gode-konungen-sasongens-ikon","status":"publish","type":"post","link":"https:\/\/blogg.svenskakyrkan.se\/vandravagen\/2013\/11\/29\/den-gode-konungen-sasongens-ikon\/","title":{"rendered":"Den gode konungen, s\u00e4songens ikon"},"content":{"rendered":"<div><a href=\"http:\/\/3.bp.blogspot.com\/-UAbsy6d5vpk\/UpeD9wv26_I\/AAAAAAAAGAg\/GN8VcNDMQ-g\/s1600\/jesusikon.png\"><img loading=\"lazy\" decoding=\"async\" border=\"0\" height=\"640\" src=\"http:\/\/3.bp.blogspot.com\/-UAbsy6d5vpk\/UpeD9wv26_I\/AAAAAAAAGAg\/GN8VcNDMQ-g\/s640\/jesusikon.png\" width=\"460\"><\/a><\/div>\n<div><\/div>\n<div>Det \u00e4r alldeles snart f\u00f6rsta s\u00f6ndagen i advent. Jag snabbar mig p\u00e5 att krama ur de sista tankarna om doms\u00f6ndagstiden f\u00f6rst.<\/div>\n<div><\/div>\n<div>Det h\u00e4r \u00e4r ett av de allra vanligaste ikonmotiven. Kristus pantokrator, allh\u00e4rskaren. Den \u00e4r aktuell nu i doms\u00f6ndagsveckan p\u00e5 flera olika s\u00e4tt. F\u00f6rst och fr\u00e4mst f\u00f6r att den f\u00f6rest\u00e4ller Jesus som kung \u00f6ver allting, s\u00e5 som bibeln s\u00e4ger att det ska bli till slut. Han har all makt och han ser p\u00e5 oss med b\u00e5de sk\u00e4rpa och barmh\u00e4rtighet.<\/div>\n<div><\/div>\n<div>P\u00e5 ikonen ser vi Jesus i f\u00f6rh\u00e4rligat sken. S\u00e5 \u00e4r det egentligen med alla ikoner. P\u00e5 ikonerna ser vi inte vanliga skr\u00f6pliga m\u00e4nniskor utan m\u00e4nniskor som blivit helt och h\u00e5llet helade och uppr\u00e4ttade av Guds n\u00e5d. S\u00e5dana som vi en dag ska f\u00e5 vara, s\u00e5 \u00e4r v\u00e5rt hopp. Till och med p\u00e5 korsf\u00e4stelsikonen ser vi Jesus som fullkomlig och \u00f6verm\u00e4nsklig. Det kan vi tycka \u00e4r m\u00e4rkligt f\u00f6rst men s\u00e5 fort vi f\u00f6rst\u00e5r logiken bakom bilderna s\u00e5 finns det stor tr\u00f6st i det. N\u00e4r Gud tar sig an oss vet han inte bara vilka vi \u00e4r utan ocks\u00e5 vilka vi en dag kan bli, vilka vi innerst inne \u00e4r. Det \u00e4r en stor tanke att meditera \u00f6ver i dessa dagar.<\/div>\n<div><\/div>\n<div>Har du en pantokratorikon hemma?\u00a0<\/div>\n","protected":false},"excerpt":{"rendered":"<p>Det \u00e4r alldeles snart f\u00f6rsta s\u00f6ndagen i advent. Jag snabbar mig p\u00e5 att krama ur de sista tankarna om doms\u00f6ndagstiden f\u00f6rst. Det h\u00e4r \u00e4r ett av de allra vanligaste ikonmotiven. Kristus pantokrator, allh\u00e4rskaren. Den \u00e4r aktuell nu i doms\u00f6ndagsveckan p\u00e5 flera olika s\u00e4tt. F\u00f6rst och fr\u00e4mst f\u00f6r att den f\u00f6rest\u00e4ller Jesus som kung \u00f6ver allting, [&hellip;]<\/p>\n","protected":false},"author":392,"featured_media":0,"comment_status":"open","ping_status":"open","sticky":false,"template":"","format":"standard","meta":{"_acf_changed":false,"footnotes":""},"categories":[76189,77928,8252],"tags":[],"class_list":["post-260","post","type-post","status-publish","format-standard","hentry","category-dagens-kyrka","category-ikon","category-kyrkoaret"],"acf":[],"yoast_head":"<!-- This site is optimized with the Yoast SEO plugin v27.1.1 - https:\/\/yoast.com\/product\/yoast-seo-wordpress\/ -->\n<title>Den gode konungen, s\u00e4songens ikon - Vandra V\u00e4gen<\/title>\n<meta name=\"robots\" content=\"index, follow, max-snippet:-1, max-image-preview:large, max-video-preview:-1\" \/>\n<link rel=\"canonical\" href=\"https:\/\/blogg.svenskakyrkan.se\/vandravagen\/2013\/11\/29\/den-gode-konungen-sasongens-ikon\/\" \/>\n<meta property=\"og:locale\" content=\"sv_SE\" \/>\n<meta property=\"og:type\" content=\"article\" \/>\n<meta property=\"og:title\" content=\"Den gode konungen, s\u00e4songens ikon - Vandra V\u00e4gen\" \/>\n<meta property=\"og:description\" content=\"Det \u00e4r alldeles snart f\u00f6rsta s\u00f6ndagen i advent. Jag snabbar mig p\u00e5 att krama ur de sista tankarna om doms\u00f6ndagstiden f\u00f6rst. Det h\u00e4r \u00e4r ett av de allra vanligaste ikonmotiven. Kristus pantokrator, allh\u00e4rskaren. Den \u00e4r aktuell nu i doms\u00f6ndagsveckan p\u00e5 flera olika s\u00e4tt. F\u00f6rst och fr\u00e4mst f\u00f6r att den f\u00f6rest\u00e4ller Jesus som kung \u00f6ver allting, [&hellip;]\" \/>\n<meta property=\"og:url\" content=\"https:\/\/blogg.svenskakyrkan.se\/vandravagen\/2013\/11\/29\/den-gode-konungen-sasongens-ikon\/\" \/>\n<meta property=\"og:site_name\" content=\"Vandra V\u00e4gen\" \/>\n<meta property=\"article:publisher\" content=\"http:\/\/facebook.com\/vandravagen\" \/>\n<meta property=\"article:published_time\" content=\"2013-11-29T07:00:00+00:00\" \/>\n<meta property=\"og:image\" content=\"http:\/\/3.bp.blogspot.com\/-UAbsy6d5vpk\/UpeD9wv26_I\/AAAAAAAAGAg\/GN8VcNDMQ-g\/s640\/jesusikon.png\" \/>\n<meta name=\"author\" content=\"Tomas Jarvid\" \/>\n<meta name=\"twitter:card\" content=\"summary_large_image\" \/>\n<meta name=\"twitter:creator\" content=\"@fadertomas\" \/>\n<meta name=\"twitter:site\" content=\"@fadertomas\" \/>\n<meta name=\"twitter:label1\" content=\"Skriven av\" \/>\n\t<meta name=\"twitter:data1\" content=\"Tomas Jarvid\" \/>\n\t<meta name=\"twitter:label2\" content=\"Ber\u00e4knad l\u00e4stid\" \/>\n\t<meta name=\"twitter:data2\" content=\"1 minut\" \/>\n<script type=\"application\/ld+json\" class=\"yoast-schema-graph\">{\"@context\":\"https:\/\/schema.org\",\"@graph\":[{\"@type\":\"Article\",\"@id\":\"https:\/\/blogg.svenskakyrkan.se\/vandravagen\/2013\/11\/29\/den-gode-konungen-sasongens-ikon\/#article\",\"isPartOf\":{\"@id\":\"https:\/\/blogg.svenskakyrkan.se\/vandravagen\/2013\/11\/29\/den-gode-konungen-sasongens-ikon\/\"},\"author\":{\"name\":\"Tomas Jarvid\",\"@id\":\"https:\/\/blogg.svenskakyrkan.se\/vandravagen\/#\/schema\/person\/25da02d4f76b137d04291711e2c9fc16\"},\"headline\":\"Den gode konungen, s\u00e4songens ikon\",\"datePublished\":\"2013-11-29T07:00:00+00:00\",\"mainEntityOfPage\":{\"@id\":\"https:\/\/blogg.svenskakyrkan.se\/vandravagen\/2013\/11\/29\/den-gode-konungen-sasongens-ikon\/\"},\"wordCount\":244,\"commentCount\":0,\"publisher\":{\"@id\":\"https:\/\/blogg.svenskakyrkan.se\/vandravagen\/#organization\"},\"image\":{\"@id\":\"https:\/\/blogg.svenskakyrkan.se\/vandravagen\/2013\/11\/29\/den-gode-konungen-sasongens-ikon\/#primaryimage\"},\"thumbnailUrl\":\"http:\/\/3.bp.blogspot.com\/-UAbsy6d5vpk\/UpeD9wv26_I\/AAAAAAAAGAg\/GN8VcNDMQ-g\/s640\/jesusikon.png\",\"articleSection\":[\"Dagens Kyrka\",\"ikon\",\"kyrko\u00e5ret\"],\"inLanguage\":\"sv-SE\",\"potentialAction\":[{\"@type\":\"CommentAction\",\"name\":\"Comment\",\"target\":[\"https:\/\/blogg.svenskakyrkan.se\/vandravagen\/2013\/11\/29\/den-gode-konungen-sasongens-ikon\/#respond\"]}]},{\"@type\":\"WebPage\",\"@id\":\"https:\/\/blogg.svenskakyrkan.se\/vandravagen\/2013\/11\/29\/den-gode-konungen-sasongens-ikon\/\",\"url\":\"https:\/\/blogg.svenskakyrkan.se\/vandravagen\/2013\/11\/29\/den-gode-konungen-sasongens-ikon\/\",\"name\":\"Den gode konungen, s\u00e4songens ikon - Vandra V\u00e4gen\",\"isPartOf\":{\"@id\":\"https:\/\/blogg.svenskakyrkan.se\/vandravagen\/#website\"},\"primaryImageOfPage\":{\"@id\":\"https:\/\/blogg.svenskakyrkan.se\/vandravagen\/2013\/11\/29\/den-gode-konungen-sasongens-ikon\/#primaryimage\"},\"image\":{\"@id\":\"https:\/\/blogg.svenskakyrkan.se\/vandravagen\/2013\/11\/29\/den-gode-konungen-sasongens-ikon\/#primaryimage\"},\"thumbnailUrl\":\"http:\/\/3.bp.blogspot.com\/-UAbsy6d5vpk\/UpeD9wv26_I\/AAAAAAAAGAg\/GN8VcNDMQ-g\/s640\/jesusikon.png\",\"datePublished\":\"2013-11-29T07:00:00+00:00\",\"breadcrumb\":{\"@id\":\"https:\/\/blogg.svenskakyrkan.se\/vandravagen\/2013\/11\/29\/den-gode-konungen-sasongens-ikon\/#breadcrumb\"},\"inLanguage\":\"sv-SE\",\"potentialAction\":[{\"@type\":\"ReadAction\",\"target\":[\"https:\/\/blogg.svenskakyrkan.se\/vandravagen\/2013\/11\/29\/den-gode-konungen-sasongens-ikon\/\"]}]},{\"@type\":\"ImageObject\",\"inLanguage\":\"sv-SE\",\"@id\":\"https:\/\/blogg.svenskakyrkan.se\/vandravagen\/2013\/11\/29\/den-gode-konungen-sasongens-ikon\/#primaryimage\",\"url\":\"http:\/\/3.bp.blogspot.com\/-UAbsy6d5vpk\/UpeD9wv26_I\/AAAAAAAAGAg\/GN8VcNDMQ-g\/s640\/jesusikon.png\",\"contentUrl\":\"http:\/\/3.bp.blogspot.com\/-UAbsy6d5vpk\/UpeD9wv26_I\/AAAAAAAAGAg\/GN8VcNDMQ-g\/s640\/jesusikon.png\"},{\"@type\":\"BreadcrumbList\",\"@id\":\"https:\/\/blogg.svenskakyrkan.se\/vandravagen\/2013\/11\/29\/den-gode-konungen-sasongens-ikon\/#breadcrumb\",\"itemListElement\":[{\"@type\":\"ListItem\",\"position\":1,\"name\":\"Hem\",\"item\":\"https:\/\/blogg.svenskakyrkan.se\/vandravagen\/\"},{\"@type\":\"ListItem\",\"position\":2,\"name\":\"Den gode konungen, s\u00e4songens ikon\"}]},{\"@type\":\"WebSite\",\"@id\":\"https:\/\/blogg.svenskakyrkan.se\/vandravagen\/#website\",\"url\":\"https:\/\/blogg.svenskakyrkan.se\/vandravagen\/\",\"name\":\"Vandra V\u00e4gen\",\"description\":\"-Mot en tro f\u00f6r hela livet\",\"publisher\":{\"@id\":\"https:\/\/blogg.svenskakyrkan.se\/vandravagen\/#organization\"},\"potentialAction\":[{\"@type\":\"SearchAction\",\"target\":{\"@type\":\"EntryPoint\",\"urlTemplate\":\"https:\/\/blogg.svenskakyrkan.se\/vandravagen\/?s={search_term_string}\"},\"query-input\":{\"@type\":\"PropertyValueSpecification\",\"valueRequired\":true,\"valueName\":\"search_term_string\"}}],\"inLanguage\":\"sv-SE\"},{\"@type\":\"Organization\",\"@id\":\"https:\/\/blogg.svenskakyrkan.se\/vandravagen\/#organization\",\"name\":\"ulricehamns pastorat\",\"alternateName\":\"ulricehamns pastorat\",\"url\":\"https:\/\/blogg.svenskakyrkan.se\/vandravagen\/\",\"logo\":{\"@type\":\"ImageObject\",\"inLanguage\":\"sv-SE\",\"@id\":\"https:\/\/blogg.svenskakyrkan.se\/vandravagen\/#\/schema\/logo\/image\/\",\"url\":\"https:\/\/blogg.svenskakyrkan.se\/vandravagen\/files\/2023\/05\/Ulr_logo_RGB.png\",\"contentUrl\":\"https:\/\/blogg.svenskakyrkan.se\/vandravagen\/files\/2023\/05\/Ulr_logo_RGB.png\",\"width\":205,\"height\":77,\"caption\":\"ulricehamns pastorat\"},\"image\":{\"@id\":\"https:\/\/blogg.svenskakyrkan.se\/vandravagen\/#\/schema\/logo\/image\/\"},\"sameAs\":[\"http:\/\/facebook.com\/vandravagen\",\"https:\/\/x.com\/fadertomas\",\"http:\/\/www.facebook.com\/svenskakyrkaniulricehamn\"]},{\"@type\":\"Person\",\"@id\":\"https:\/\/blogg.svenskakyrkan.se\/vandravagen\/#\/schema\/person\/25da02d4f76b137d04291711e2c9fc16\",\"name\":\"Tomas Jarvid\",\"image\":{\"@type\":\"ImageObject\",\"inLanguage\":\"sv-SE\",\"@id\":\"https:\/\/blogg.svenskakyrkan.se\/vandravagen\/#\/schema\/person\/image\/\",\"url\":\"https:\/\/secure.gravatar.com\/avatar\/7fa71899795e8f540f615a1f5ab25255dc27aa40f05ee7ddd21aac521e01bf50?s=96&d=identicon&r=g\",\"contentUrl\":\"https:\/\/secure.gravatar.com\/avatar\/7fa71899795e8f540f615a1f5ab25255dc27aa40f05ee7ddd21aac521e01bf50?s=96&d=identicon&r=g\",\"caption\":\"Tomas Jarvid\"},\"description\":\"Jag bor i Ulricehamn i V\u00e4sterg\u00f6tland och \u00e4r f\u00f6rsamlingspr\u00e4st i Svenska Kyrkan f\u00f6r Dalstorps f\u00f6rsamling i Kinds pastorat. P\u00e5 den h\u00e4r bloggen skriver jag ner tankar om vandringen som kristen.\",\"sameAs\":[\"http:\/\/www.vandravagen.se\"],\"url\":\"https:\/\/blogg.svenskakyrkan.se\/vandravagen\/author\/vandravagen\/\"}]}<\/script>\n<!-- \/ Yoast SEO plugin. -->","yoast_head_json":{"title":"Den gode konungen, s\u00e4songens ikon - Vandra V\u00e4gen","robots":{"index":"index","follow":"follow","max-snippet":"max-snippet:-1","max-image-preview":"max-image-preview:large","max-video-preview":"max-video-preview:-1"},"canonical":"https:\/\/blogg.svenskakyrkan.se\/vandravagen\/2013\/11\/29\/den-gode-konungen-sasongens-ikon\/","og_locale":"sv_SE","og_type":"article","og_title":"Den gode konungen, s\u00e4songens ikon - Vandra V\u00e4gen","og_description":"Det \u00e4r alldeles snart f\u00f6rsta s\u00f6ndagen i advent. Jag snabbar mig p\u00e5 att krama ur de sista tankarna om doms\u00f6ndagstiden f\u00f6rst. Det h\u00e4r \u00e4r ett av de allra vanligaste ikonmotiven. Kristus pantokrator, allh\u00e4rskaren. Den \u00e4r aktuell nu i doms\u00f6ndagsveckan p\u00e5 flera olika s\u00e4tt. F\u00f6rst och fr\u00e4mst f\u00f6r att den f\u00f6rest\u00e4ller Jesus som kung \u00f6ver allting, [&hellip;]","og_url":"https:\/\/blogg.svenskakyrkan.se\/vandravagen\/2013\/11\/29\/den-gode-konungen-sasongens-ikon\/","og_site_name":"Vandra V\u00e4gen","article_publisher":"http:\/\/facebook.com\/vandravagen","article_published_time":"2013-11-29T07:00:00+00:00","og_image":[{"url":"http:\/\/3.bp.blogspot.com\/-UAbsy6d5vpk\/UpeD9wv26_I\/AAAAAAAAGAg\/GN8VcNDMQ-g\/s640\/jesusikon.png","type":"","width":"","height":""}],"author":"Tomas Jarvid","twitter_card":"summary_large_image","twitter_creator":"@fadertomas","twitter_site":"@fadertomas","twitter_misc":{"Skriven av":"Tomas Jarvid","Ber\u00e4knad l\u00e4stid":"1 minut"},"schema":{"@context":"https:\/\/schema.org","@graph":[{"@type":"Article","@id":"https:\/\/blogg.svenskakyrkan.se\/vandravagen\/2013\/11\/29\/den-gode-konungen-sasongens-ikon\/#article","isPartOf":{"@id":"https:\/\/blogg.svenskakyrkan.se\/vandravagen\/2013\/11\/29\/den-gode-konungen-sasongens-ikon\/"},"author":{"name":"Tomas Jarvid","@id":"https:\/\/blogg.svenskakyrkan.se\/vandravagen\/#\/schema\/person\/25da02d4f76b137d04291711e2c9fc16"},"headline":"Den gode konungen, s\u00e4songens ikon","datePublished":"2013-11-29T07:00:00+00:00","mainEntityOfPage":{"@id":"https:\/\/blogg.svenskakyrkan.se\/vandravagen\/2013\/11\/29\/den-gode-konungen-sasongens-ikon\/"},"wordCount":244,"commentCount":0,"publisher":{"@id":"https:\/\/blogg.svenskakyrkan.se\/vandravagen\/#organization"},"image":{"@id":"https:\/\/blogg.svenskakyrkan.se\/vandravagen\/2013\/11\/29\/den-gode-konungen-sasongens-ikon\/#primaryimage"},"thumbnailUrl":"http:\/\/3.bp.blogspot.com\/-UAbsy6d5vpk\/UpeD9wv26_I\/AAAAAAAAGAg\/GN8VcNDMQ-g\/s640\/jesusikon.png","articleSection":["Dagens Kyrka","ikon","kyrko\u00e5ret"],"inLanguage":"sv-SE","potentialAction":[{"@type":"CommentAction","name":"Comment","target":["https:\/\/blogg.svenskakyrkan.se\/vandravagen\/2013\/11\/29\/den-gode-konungen-sasongens-ikon\/#respond"]}]},{"@type":"WebPage","@id":"https:\/\/blogg.svenskakyrkan.se\/vandravagen\/2013\/11\/29\/den-gode-konungen-sasongens-ikon\/","url":"https:\/\/blogg.svenskakyrkan.se\/vandravagen\/2013\/11\/29\/den-gode-konungen-sasongens-ikon\/","name":"Den gode konungen, s\u00e4songens ikon - Vandra V\u00e4gen","isPartOf":{"@id":"https:\/\/blogg.svenskakyrkan.se\/vandravagen\/#website"},"primaryImageOfPage":{"@id":"https:\/\/blogg.svenskakyrkan.se\/vandravagen\/2013\/11\/29\/den-gode-konungen-sasongens-ikon\/#primaryimage"},"image":{"@id":"https:\/\/blogg.svenskakyrkan.se\/vandravagen\/2013\/11\/29\/den-gode-konungen-sasongens-ikon\/#primaryimage"},"thumbnailUrl":"http:\/\/3.bp.blogspot.com\/-UAbsy6d5vpk\/UpeD9wv26_I\/AAAAAAAAGAg\/GN8VcNDMQ-g\/s640\/jesusikon.png","datePublished":"2013-11-29T07:00:00+00:00","breadcrumb":{"@id":"https:\/\/blogg.svenskakyrkan.se\/vandravagen\/2013\/11\/29\/den-gode-konungen-sasongens-ikon\/#breadcrumb"},"inLanguage":"sv-SE","potentialAction":[{"@type":"ReadAction","target":["https:\/\/blogg.svenskakyrkan.se\/vandravagen\/2013\/11\/29\/den-gode-konungen-sasongens-ikon\/"]}]},{"@type":"ImageObject","inLanguage":"sv-SE","@id":"https:\/\/blogg.svenskakyrkan.se\/vandravagen\/2013\/11\/29\/den-gode-konungen-sasongens-ikon\/#primaryimage","url":"http:\/\/3.bp.blogspot.com\/-UAbsy6d5vpk\/UpeD9wv26_I\/AAAAAAAAGAg\/GN8VcNDMQ-g\/s640\/jesusikon.png","contentUrl":"http:\/\/3.bp.blogspot.com\/-UAbsy6d5vpk\/UpeD9wv26_I\/AAAAAAAAGAg\/GN8VcNDMQ-g\/s640\/jesusikon.png"},{"@type":"BreadcrumbList","@id":"https:\/\/blogg.svenskakyrkan.se\/vandravagen\/2013\/11\/29\/den-gode-konungen-sasongens-ikon\/#breadcrumb","itemListElement":[{"@type":"ListItem","position":1,"name":"Hem","item":"https:\/\/blogg.svenskakyrkan.se\/vandravagen\/"},{"@type":"ListItem","position":2,"name":"Den gode konungen, s\u00e4songens ikon"}]},{"@type":"WebSite","@id":"https:\/\/blogg.svenskakyrkan.se\/vandravagen\/#website","url":"https:\/\/blogg.svenskakyrkan.se\/vandravagen\/","name":"Vandra V\u00e4gen","description":"-Mot en tro f\u00f6r hela livet","publisher":{"@id":"https:\/\/blogg.svenskakyrkan.se\/vandravagen\/#organization"},"potentialAction":[{"@type":"SearchAction","target":{"@type":"EntryPoint","urlTemplate":"https:\/\/blogg.svenskakyrkan.se\/vandravagen\/?s={search_term_string}"},"query-input":{"@type":"PropertyValueSpecification","valueRequired":true,"valueName":"search_term_string"}}],"inLanguage":"sv-SE"},{"@type":"Organization","@id":"https:\/\/blogg.svenskakyrkan.se\/vandravagen\/#organization","name":"ulricehamns pastorat","alternateName":"ulricehamns pastorat","url":"https:\/\/blogg.svenskakyrkan.se\/vandravagen\/","logo":{"@type":"ImageObject","inLanguage":"sv-SE","@id":"https:\/\/blogg.svenskakyrkan.se\/vandravagen\/#\/schema\/logo\/image\/","url":"https:\/\/blogg.svenskakyrkan.se\/vandravagen\/files\/2023\/05\/Ulr_logo_RGB.png","contentUrl":"https:\/\/blogg.svenskakyrkan.se\/vandravagen\/files\/2023\/05\/Ulr_logo_RGB.png","width":205,"height":77,"caption":"ulricehamns pastorat"},"image":{"@id":"https:\/\/blogg.svenskakyrkan.se\/vandravagen\/#\/schema\/logo\/image\/"},"sameAs":["http:\/\/facebook.com\/vandravagen","https:\/\/x.com\/fadertomas","http:\/\/www.facebook.com\/svenskakyrkaniulricehamn"]},{"@type":"Person","@id":"https:\/\/blogg.svenskakyrkan.se\/vandravagen\/#\/schema\/person\/25da02d4f76b137d04291711e2c9fc16","name":"Tomas Jarvid","image":{"@type":"ImageObject","inLanguage":"sv-SE","@id":"https:\/\/blogg.svenskakyrkan.se\/vandravagen\/#\/schema\/person\/image\/","url":"https:\/\/secure.gravatar.com\/avatar\/7fa71899795e8f540f615a1f5ab25255dc27aa40f05ee7ddd21aac521e01bf50?s=96&d=identicon&r=g","contentUrl":"https:\/\/secure.gravatar.com\/avatar\/7fa71899795e8f540f615a1f5ab25255dc27aa40f05ee7ddd21aac521e01bf50?s=96&d=identicon&r=g","caption":"Tomas Jarvid"},"description":"Jag bor i Ulricehamn i V\u00e4sterg\u00f6tland och \u00e4r f\u00f6rsamlingspr\u00e4st i Svenska Kyrkan f\u00f6r Dalstorps f\u00f6rsamling i Kinds pastorat. P\u00e5 den h\u00e4r bloggen skriver jag ner tankar om vandringen som kristen.","sameAs":["http:\/\/www.vandravagen.se"],"url":"https:\/\/blogg.svenskakyrkan.se\/vandravagen\/author\/vandravagen\/"}]}},"author_meta":{"ID":"392","user_nicename":"vandravagen","user_url":"http:\/\/www.vandravagen.se","user_registered":"2014-05-19 05:44:52","display_name":"Tomas Jarvid","first_name":"Tomas","last_name":"Jarvid","avatar":"https:\/\/secure.gravatar.com\/avatar\/7fa71899795e8f540f615a1f5ab25255dc27aa40f05ee7ddd21aac521e01bf50?s=96&d=identicon&r=g"},"featured_image":false,"bloginfo":{"name":"Vandra V\u00e4gen","url":"https:\/\/blogg.svenskakyrkan.se\/vandravagen"},"_links":{"self":[{"href":"https:\/\/blogg.svenskakyrkan.se\/vandravagen\/wp-json\/wp\/v2\/posts\/260","targetHints":{"allow":["GET"]}}],"collection":[{"href":"https:\/\/blogg.svenskakyrkan.se\/vandravagen\/wp-json\/wp\/v2\/posts"}],"about":[{"href":"https:\/\/blogg.svenskakyrkan.se\/vandravagen\/wp-json\/wp\/v2\/types\/post"}],"author":[{"embeddable":true,"href":"https:\/\/blogg.svenskakyrkan.se\/vandravagen\/wp-json\/wp\/v2\/users\/392"}],"replies":[{"embeddable":true,"href":"https:\/\/blogg.svenskakyrkan.se\/vandravagen\/wp-json\/wp\/v2\/comments?post=260"}],"version-history":[{"count":0,"href":"https:\/\/blogg.svenskakyrkan.se\/vandravagen\/wp-json\/wp\/v2\/posts\/260\/revisions"}],"wp:attachment":[{"href":"https:\/\/blogg.svenskakyrkan.se\/vandravagen\/wp-json\/wp\/v2\/media?parent=260"}],"wp:term":[{"taxonomy":"category","embeddable":true,"href":"https:\/\/blogg.svenskakyrkan.se\/vandravagen\/wp-json\/wp\/v2\/categories?post=260"},{"taxonomy":"post_tag","embeddable":true,"href":"https:\/\/blogg.svenskakyrkan.se\/vandravagen\/wp-json\/wp\/v2\/tags?post=260"}],"curies":[{"name":"wp","href":"https:\/\/api.w.org\/{rel}","templated":true}]}}