{"id":2603,"date":"2015-01-25T07:00:48","date_gmt":"2015-01-25T06:00:48","guid":{"rendered":"http:\/\/blogg.svenskakyrkan.se\/vandravagen\/?p=2603"},"modified":"2015-01-24T21:04:43","modified_gmt":"2015-01-24T20:04:43","slug":"8-blandade-tankar-pa-sondagen-7","status":"publish","type":"post","link":"https:\/\/blogg.svenskakyrkan.se\/vandravagen\/2015\/01\/25\/8-blandade-tankar-pa-sondagen-7\/","title":{"rendered":"8 blandade tankar p\u00e5 s\u00f6ndagen"},"content":{"rendered":"<div id=\"attachment_2604\" style=\"width: 510px\" class=\"wp-caption aligncenter\"><a href=\"http:\/\/blogg.svenskakyrkan.se\/vandravagen\/files\/2015\/01\/IMG_5339.jpg\"><img loading=\"lazy\" decoding=\"async\" aria-describedby=\"caption-attachment-2604\" class=\"size-full wp-image-2604\" src=\"http:\/\/blogg.svenskakyrkan.se\/vandravagen\/files\/2015\/01\/IMG_5339.jpg\" alt=\"Saker det \u00e4r skolans ansvar att l\u00e4ra ut; snyta sig ordentligt.\" width=\"500\" height=\"366\" srcset=\"https:\/\/blogg.svenskakyrkan.se\/vandravagen\/files\/2015\/01\/IMG_5339.jpg 500w, https:\/\/blogg.svenskakyrkan.se\/vandravagen\/files\/2015\/01\/IMG_5339-300x219.jpg 300w, https:\/\/blogg.svenskakyrkan.se\/vandravagen\/files\/2015\/01\/IMG_5339-409x300.jpg 409w\" sizes=\"auto, (max-width: 500px) 100vw, 500px\" \/><\/a><p id=\"caption-attachment-2604\" class=\"wp-caption-text\">Saker det \u00e4r skolans ansvar att l\u00e4ra ut; snyta sig ordentligt. Blandad bild.<\/p><\/div>\n<p>Det har blivit s\u00f6ndag igen och h\u00e4r \u00e4r n\u00e5gra hugskott fr\u00e5n min hj\u00e4rna. Roligt att se att Kristian Hjert\u00e9ns g\u00e4stbloggpost blivit s\u00e5 uppskattad. Han \u00e5terkommer med del tv\u00e5 i sin serie h\u00e4r p\u00e5 tisdag. I morgon \u00e4r en festdag s\u00e5 d\u00e5 \u00e4r inget sig riktigt likt.<\/p>\n<p>\u00c4h, det \u00e4r allts\u00e5 bloggens f\u00f6delsedag i morgon. Det kanske \u00e4r larvigt att fira den och jag vet heller aldrig riktigt hur man ska b\u00e4ra sig \u00e5t f\u00f6r att g\u00f6ra det men s\u00e5 \u00e4r det i alla fall. Jag antar att det \u00e4r viktigt f\u00f6r mig att f\u00e5 markera hur tiden g\u00e5r.<\/p>\n<p>En h\u00e4ndelse i veckan \u00e4r att en ber\u00f6md teolog, Marcus Borg, har avlidit. Jag h\u00f6rde en intervju med honom och k\u00e4nner stor respekt f\u00f6r honom \u00e4ven om jag f\u00f6rmodligen inte h\u00e5ller med om v\u00e4rst mycket. Jag tror att en ber\u00f6md mening fr\u00e5n Borg lyder s\u00e5 h\u00e4r: &#8221;<\/p>\n<div>\n<p>&#8221;The bible is true and some of it happened&#8221;<\/p>\n<p>det f\u00e5r man verkligen s\u00e4ga \u00e4r n\u00e5got att fundera vidare p\u00e5. Kommentera g\u00e4rna.<\/p>\n<\/div>\n<div>\n<p>Annars verkar det offentliga samtalet i Sverige handla om konstiga varianter p\u00e5 semlor. Jaja. Sj\u00e4lv v\u00e4xte jag upp med att l\u00e4ra mig att man \u00e4ter semlor i fastan och inte ska b\u00f6rja f\u00f6r tidigt. Nu \u00e4r jag liksom f\u00e5nge i mitten och brukar tycka jag g\u00f6r fel om jag \u00e4ter semlor n\u00e5gon annan dag \u00e4n fettisdagen. S\u00e5 kan det g\u00e5.<\/p>\n<p>Idag \u00e4r det tredje s\u00f6ndagen efter trettondagen och temat \u00e4r att Jesus skapar tro. S\u00e5 \u00e4r det. All tro jag har \u00e4r Guds g\u00e5va. Det \u00e4r en mycket sk\u00f6n tanke f\u00f6r mig.<\/p>\n<p>Episteltexten f\u00f6r dagen \u00e4r en personlig favorit som jag f\u00f6rs\u00f6ker f\u00e5 att bli sann i mitt eget liv. Jag tycker det h\u00e4r \u00e4r otroligt vackra ord:<\/p>\n<blockquote>\n<p><span class=\"selection\">Jag sk\u00e4ms inte f\u00f6r evangeliet. Det \u00e4r en Guds kraft som r\u00e4ddar var och en som tror, juden fr\u00e4mst men ocks\u00e5 greken.\u00a0\u00a0<\/span><span class=\"selection\">I evangeliet uppenbaras n\u00e4mligen en r\u00e4ttf\u00e4rdighet fr\u00e5n Gud, genom tro till tro, som det st\u00e5r skrivet:\u00a0<\/span><em><span class=\"selection\">Den r\u00e4ttf\u00e4rdige skall leva genom tron.\u00a0Rom 1:16-17<\/span><\/em><\/p>\n<\/blockquote>\n<p>Min kollega Else-britt g\u00e5r i pension och avskedspredikari Forshems kyrka idag. Jag ska f\u00f6rs\u00f6ka \u00e5ka dit sj\u00e4lv med de b\u00e5da vilda barnen. R\u00e4knar inte med att h\u00f6ra v\u00e4rst m\u00e5nga ord av vad som s\u00e4gs men det k\u00e4nns viktigt att vara d\u00e4r.<\/p>\n<p>Det var mina tankar. Vad g\u00f6r du idag?<\/p>\n<\/div>\n","protected":false},"excerpt":{"rendered":"<p>Det har blivit s\u00f6ndag igen och h\u00e4r \u00e4r n\u00e5gra hugskott fr\u00e5n min hj\u00e4rna. Roligt att se att Kristian Hjert\u00e9ns g\u00e4stbloggpost blivit s\u00e5 uppskattad. Han \u00e5terkommer med del tv\u00e5 i sin serie h\u00e4r p\u00e5 tisdag. I morgon \u00e4r en festdag s\u00e5 d\u00e5 \u00e4r inget sig riktigt likt. \u00c4h, det \u00e4r allts\u00e5 bloggens f\u00f6delsedag i morgon. Det [&hellip;]<\/p>\n","protected":false},"author":392,"featured_media":0,"comment_status":"open","ping_status":"open","sticky":false,"template":"","format":"standard","meta":{"_acf_changed":false,"footnotes":""},"categories":[76766,76189],"tags":[],"class_list":["post-2603","post","type-post","status-publish","format-standard","hentry","category-blandat","category-dagens-kyrka"],"acf":[],"yoast_head":"<!-- This site is optimized with the Yoast SEO plugin v27.1.1 - https:\/\/yoast.com\/product\/yoast-seo-wordpress\/ -->\n<title>8 blandade tankar p\u00e5 s\u00f6ndagen - Vandra V\u00e4gen<\/title>\n<meta name=\"robots\" content=\"index, follow, max-snippet:-1, max-image-preview:large, max-video-preview:-1\" \/>\n<link rel=\"canonical\" href=\"https:\/\/blogg.svenskakyrkan.se\/vandravagen\/2015\/01\/25\/8-blandade-tankar-pa-sondagen-7\/\" \/>\n<meta property=\"og:locale\" content=\"sv_SE\" \/>\n<meta property=\"og:type\" content=\"article\" \/>\n<meta property=\"og:title\" content=\"8 blandade tankar p\u00e5 s\u00f6ndagen - Vandra V\u00e4gen\" \/>\n<meta property=\"og:description\" content=\"Det har blivit s\u00f6ndag igen och h\u00e4r \u00e4r n\u00e5gra hugskott fr\u00e5n min hj\u00e4rna. Roligt att se att Kristian Hjert\u00e9ns g\u00e4stbloggpost blivit s\u00e5 uppskattad. Han \u00e5terkommer med del tv\u00e5 i sin serie h\u00e4r p\u00e5 tisdag. I morgon \u00e4r en festdag s\u00e5 d\u00e5 \u00e4r inget sig riktigt likt. \u00c4h, det \u00e4r allts\u00e5 bloggens f\u00f6delsedag i morgon. Det [&hellip;]\" \/>\n<meta property=\"og:url\" content=\"https:\/\/blogg.svenskakyrkan.se\/vandravagen\/2015\/01\/25\/8-blandade-tankar-pa-sondagen-7\/\" \/>\n<meta property=\"og:site_name\" content=\"Vandra V\u00e4gen\" \/>\n<meta property=\"article:publisher\" content=\"http:\/\/facebook.com\/vandravagen\" \/>\n<meta property=\"article:published_time\" content=\"2015-01-25T06:00:48+00:00\" \/>\n<meta property=\"og:image\" content=\"http:\/\/blogg.svenskakyrkan.se\/vandravagen\/files\/2015\/01\/IMG_5339.jpg\" \/>\n<meta name=\"author\" content=\"Tomas Jarvid\" \/>\n<meta name=\"twitter:card\" content=\"summary_large_image\" \/>\n<meta name=\"twitter:creator\" content=\"@fadertomas\" \/>\n<meta name=\"twitter:site\" content=\"@fadertomas\" \/>\n<meta name=\"twitter:label1\" content=\"Skriven av\" \/>\n\t<meta name=\"twitter:data1\" content=\"Tomas Jarvid\" \/>\n\t<meta name=\"twitter:label2\" content=\"Ber\u00e4knad l\u00e4stid\" \/>\n\t<meta name=\"twitter:data2\" content=\"2 minuter\" \/>\n<script type=\"application\/ld+json\" class=\"yoast-schema-graph\">{\"@context\":\"https:\/\/schema.org\",\"@graph\":[{\"@type\":\"Article\",\"@id\":\"https:\/\/blogg.svenskakyrkan.se\/vandravagen\/2015\/01\/25\/8-blandade-tankar-pa-sondagen-7\/#article\",\"isPartOf\":{\"@id\":\"https:\/\/blogg.svenskakyrkan.se\/vandravagen\/2015\/01\/25\/8-blandade-tankar-pa-sondagen-7\/\"},\"author\":{\"name\":\"Tomas Jarvid\",\"@id\":\"https:\/\/blogg.svenskakyrkan.se\/vandravagen\/#\/schema\/person\/25da02d4f76b137d04291711e2c9fc16\"},\"headline\":\"8 blandade tankar p\u00e5 s\u00f6ndagen\",\"datePublished\":\"2015-01-25T06:00:48+00:00\",\"mainEntityOfPage\":{\"@id\":\"https:\/\/blogg.svenskakyrkan.se\/vandravagen\/2015\/01\/25\/8-blandade-tankar-pa-sondagen-7\/\"},\"wordCount\":474,\"commentCount\":8,\"publisher\":{\"@id\":\"https:\/\/blogg.svenskakyrkan.se\/vandravagen\/#organization\"},\"image\":{\"@id\":\"https:\/\/blogg.svenskakyrkan.se\/vandravagen\/2015\/01\/25\/8-blandade-tankar-pa-sondagen-7\/#primaryimage\"},\"thumbnailUrl\":\"http:\/\/blogg.svenskakyrkan.se\/vandravagen\/files\/2015\/01\/IMG_5339.jpg\",\"articleSection\":[\"blandat\",\"Dagens Kyrka\"],\"inLanguage\":\"sv-SE\",\"potentialAction\":[{\"@type\":\"CommentAction\",\"name\":\"Comment\",\"target\":[\"https:\/\/blogg.svenskakyrkan.se\/vandravagen\/2015\/01\/25\/8-blandade-tankar-pa-sondagen-7\/#respond\"]}]},{\"@type\":\"WebPage\",\"@id\":\"https:\/\/blogg.svenskakyrkan.se\/vandravagen\/2015\/01\/25\/8-blandade-tankar-pa-sondagen-7\/\",\"url\":\"https:\/\/blogg.svenskakyrkan.se\/vandravagen\/2015\/01\/25\/8-blandade-tankar-pa-sondagen-7\/\",\"name\":\"8 blandade tankar p\u00e5 s\u00f6ndagen - Vandra V\u00e4gen\",\"isPartOf\":{\"@id\":\"https:\/\/blogg.svenskakyrkan.se\/vandravagen\/#website\"},\"primaryImageOfPage\":{\"@id\":\"https:\/\/blogg.svenskakyrkan.se\/vandravagen\/2015\/01\/25\/8-blandade-tankar-pa-sondagen-7\/#primaryimage\"},\"image\":{\"@id\":\"https:\/\/blogg.svenskakyrkan.se\/vandravagen\/2015\/01\/25\/8-blandade-tankar-pa-sondagen-7\/#primaryimage\"},\"thumbnailUrl\":\"http:\/\/blogg.svenskakyrkan.se\/vandravagen\/files\/2015\/01\/IMG_5339.jpg\",\"datePublished\":\"2015-01-25T06:00:48+00:00\",\"breadcrumb\":{\"@id\":\"https:\/\/blogg.svenskakyrkan.se\/vandravagen\/2015\/01\/25\/8-blandade-tankar-pa-sondagen-7\/#breadcrumb\"},\"inLanguage\":\"sv-SE\",\"potentialAction\":[{\"@type\":\"ReadAction\",\"target\":[\"https:\/\/blogg.svenskakyrkan.se\/vandravagen\/2015\/01\/25\/8-blandade-tankar-pa-sondagen-7\/\"]}]},{\"@type\":\"ImageObject\",\"inLanguage\":\"sv-SE\",\"@id\":\"https:\/\/blogg.svenskakyrkan.se\/vandravagen\/2015\/01\/25\/8-blandade-tankar-pa-sondagen-7\/#primaryimage\",\"url\":\"http:\/\/blogg.svenskakyrkan.se\/vandravagen\/files\/2015\/01\/IMG_5339.jpg\",\"contentUrl\":\"http:\/\/blogg.svenskakyrkan.se\/vandravagen\/files\/2015\/01\/IMG_5339.jpg\"},{\"@type\":\"BreadcrumbList\",\"@id\":\"https:\/\/blogg.svenskakyrkan.se\/vandravagen\/2015\/01\/25\/8-blandade-tankar-pa-sondagen-7\/#breadcrumb\",\"itemListElement\":[{\"@type\":\"ListItem\",\"position\":1,\"name\":\"Hem\",\"item\":\"https:\/\/blogg.svenskakyrkan.se\/vandravagen\/\"},{\"@type\":\"ListItem\",\"position\":2,\"name\":\"8 blandade tankar p\u00e5 s\u00f6ndagen\"}]},{\"@type\":\"WebSite\",\"@id\":\"https:\/\/blogg.svenskakyrkan.se\/vandravagen\/#website\",\"url\":\"https:\/\/blogg.svenskakyrkan.se\/vandravagen\/\",\"name\":\"Vandra V\u00e4gen\",\"description\":\"-Mot en tro f\u00f6r hela livet\",\"publisher\":{\"@id\":\"https:\/\/blogg.svenskakyrkan.se\/vandravagen\/#organization\"},\"potentialAction\":[{\"@type\":\"SearchAction\",\"target\":{\"@type\":\"EntryPoint\",\"urlTemplate\":\"https:\/\/blogg.svenskakyrkan.se\/vandravagen\/?s={search_term_string}\"},\"query-input\":{\"@type\":\"PropertyValueSpecification\",\"valueRequired\":true,\"valueName\":\"search_term_string\"}}],\"inLanguage\":\"sv-SE\"},{\"@type\":\"Organization\",\"@id\":\"https:\/\/blogg.svenskakyrkan.se\/vandravagen\/#organization\",\"name\":\"ulricehamns pastorat\",\"alternateName\":\"ulricehamns pastorat\",\"url\":\"https:\/\/blogg.svenskakyrkan.se\/vandravagen\/\",\"logo\":{\"@type\":\"ImageObject\",\"inLanguage\":\"sv-SE\",\"@id\":\"https:\/\/blogg.svenskakyrkan.se\/vandravagen\/#\/schema\/logo\/image\/\",\"url\":\"https:\/\/blogg.svenskakyrkan.se\/vandravagen\/files\/2023\/05\/Ulr_logo_RGB.png\",\"contentUrl\":\"https:\/\/blogg.svenskakyrkan.se\/vandravagen\/files\/2023\/05\/Ulr_logo_RGB.png\",\"width\":205,\"height\":77,\"caption\":\"ulricehamns pastorat\"},\"image\":{\"@id\":\"https:\/\/blogg.svenskakyrkan.se\/vandravagen\/#\/schema\/logo\/image\/\"},\"sameAs\":[\"http:\/\/facebook.com\/vandravagen\",\"https:\/\/x.com\/fadertomas\",\"http:\/\/www.facebook.com\/svenskakyrkaniulricehamn\"]},{\"@type\":\"Person\",\"@id\":\"https:\/\/blogg.svenskakyrkan.se\/vandravagen\/#\/schema\/person\/25da02d4f76b137d04291711e2c9fc16\",\"name\":\"Tomas Jarvid\",\"image\":{\"@type\":\"ImageObject\",\"inLanguage\":\"sv-SE\",\"@id\":\"https:\/\/blogg.svenskakyrkan.se\/vandravagen\/#\/schema\/person\/image\/\",\"url\":\"https:\/\/secure.gravatar.com\/avatar\/7fa71899795e8f540f615a1f5ab25255dc27aa40f05ee7ddd21aac521e01bf50?s=96&d=identicon&r=g\",\"contentUrl\":\"https:\/\/secure.gravatar.com\/avatar\/7fa71899795e8f540f615a1f5ab25255dc27aa40f05ee7ddd21aac521e01bf50?s=96&d=identicon&r=g\",\"caption\":\"Tomas Jarvid\"},\"description\":\"Jag bor i Ulricehamn i V\u00e4sterg\u00f6tland och \u00e4r f\u00f6rsamlingspr\u00e4st i Svenska Kyrkan f\u00f6r Dalstorps f\u00f6rsamling i Kinds pastorat. P\u00e5 den h\u00e4r bloggen skriver jag ner tankar om vandringen som kristen.\",\"sameAs\":[\"http:\/\/www.vandravagen.se\"],\"url\":\"https:\/\/blogg.svenskakyrkan.se\/vandravagen\/author\/vandravagen\/\"}]}<\/script>\n<!-- \/ Yoast SEO plugin. -->","yoast_head_json":{"title":"8 blandade tankar p\u00e5 s\u00f6ndagen - Vandra V\u00e4gen","robots":{"index":"index","follow":"follow","max-snippet":"max-snippet:-1","max-image-preview":"max-image-preview:large","max-video-preview":"max-video-preview:-1"},"canonical":"https:\/\/blogg.svenskakyrkan.se\/vandravagen\/2015\/01\/25\/8-blandade-tankar-pa-sondagen-7\/","og_locale":"sv_SE","og_type":"article","og_title":"8 blandade tankar p\u00e5 s\u00f6ndagen - Vandra V\u00e4gen","og_description":"Det har blivit s\u00f6ndag igen och h\u00e4r \u00e4r n\u00e5gra hugskott fr\u00e5n min hj\u00e4rna. Roligt att se att Kristian Hjert\u00e9ns g\u00e4stbloggpost blivit s\u00e5 uppskattad. Han \u00e5terkommer med del tv\u00e5 i sin serie h\u00e4r p\u00e5 tisdag. I morgon \u00e4r en festdag s\u00e5 d\u00e5 \u00e4r inget sig riktigt likt. \u00c4h, det \u00e4r allts\u00e5 bloggens f\u00f6delsedag i morgon. Det [&hellip;]","og_url":"https:\/\/blogg.svenskakyrkan.se\/vandravagen\/2015\/01\/25\/8-blandade-tankar-pa-sondagen-7\/","og_site_name":"Vandra V\u00e4gen","article_publisher":"http:\/\/facebook.com\/vandravagen","article_published_time":"2015-01-25T06:00:48+00:00","og_image":[{"url":"http:\/\/blogg.svenskakyrkan.se\/vandravagen\/files\/2015\/01\/IMG_5339.jpg","type":"","width":"","height":""}],"author":"Tomas Jarvid","twitter_card":"summary_large_image","twitter_creator":"@fadertomas","twitter_site":"@fadertomas","twitter_misc":{"Skriven av":"Tomas Jarvid","Ber\u00e4knad l\u00e4stid":"2 minuter"},"schema":{"@context":"https:\/\/schema.org","@graph":[{"@type":"Article","@id":"https:\/\/blogg.svenskakyrkan.se\/vandravagen\/2015\/01\/25\/8-blandade-tankar-pa-sondagen-7\/#article","isPartOf":{"@id":"https:\/\/blogg.svenskakyrkan.se\/vandravagen\/2015\/01\/25\/8-blandade-tankar-pa-sondagen-7\/"},"author":{"name":"Tomas Jarvid","@id":"https:\/\/blogg.svenskakyrkan.se\/vandravagen\/#\/schema\/person\/25da02d4f76b137d04291711e2c9fc16"},"headline":"8 blandade tankar p\u00e5 s\u00f6ndagen","datePublished":"2015-01-25T06:00:48+00:00","mainEntityOfPage":{"@id":"https:\/\/blogg.svenskakyrkan.se\/vandravagen\/2015\/01\/25\/8-blandade-tankar-pa-sondagen-7\/"},"wordCount":474,"commentCount":8,"publisher":{"@id":"https:\/\/blogg.svenskakyrkan.se\/vandravagen\/#organization"},"image":{"@id":"https:\/\/blogg.svenskakyrkan.se\/vandravagen\/2015\/01\/25\/8-blandade-tankar-pa-sondagen-7\/#primaryimage"},"thumbnailUrl":"http:\/\/blogg.svenskakyrkan.se\/vandravagen\/files\/2015\/01\/IMG_5339.jpg","articleSection":["blandat","Dagens Kyrka"],"inLanguage":"sv-SE","potentialAction":[{"@type":"CommentAction","name":"Comment","target":["https:\/\/blogg.svenskakyrkan.se\/vandravagen\/2015\/01\/25\/8-blandade-tankar-pa-sondagen-7\/#respond"]}]},{"@type":"WebPage","@id":"https:\/\/blogg.svenskakyrkan.se\/vandravagen\/2015\/01\/25\/8-blandade-tankar-pa-sondagen-7\/","url":"https:\/\/blogg.svenskakyrkan.se\/vandravagen\/2015\/01\/25\/8-blandade-tankar-pa-sondagen-7\/","name":"8 blandade tankar p\u00e5 s\u00f6ndagen - Vandra V\u00e4gen","isPartOf":{"@id":"https:\/\/blogg.svenskakyrkan.se\/vandravagen\/#website"},"primaryImageOfPage":{"@id":"https:\/\/blogg.svenskakyrkan.se\/vandravagen\/2015\/01\/25\/8-blandade-tankar-pa-sondagen-7\/#primaryimage"},"image":{"@id":"https:\/\/blogg.svenskakyrkan.se\/vandravagen\/2015\/01\/25\/8-blandade-tankar-pa-sondagen-7\/#primaryimage"},"thumbnailUrl":"http:\/\/blogg.svenskakyrkan.se\/vandravagen\/files\/2015\/01\/IMG_5339.jpg","datePublished":"2015-01-25T06:00:48+00:00","breadcrumb":{"@id":"https:\/\/blogg.svenskakyrkan.se\/vandravagen\/2015\/01\/25\/8-blandade-tankar-pa-sondagen-7\/#breadcrumb"},"inLanguage":"sv-SE","potentialAction":[{"@type":"ReadAction","target":["https:\/\/blogg.svenskakyrkan.se\/vandravagen\/2015\/01\/25\/8-blandade-tankar-pa-sondagen-7\/"]}]},{"@type":"ImageObject","inLanguage":"sv-SE","@id":"https:\/\/blogg.svenskakyrkan.se\/vandravagen\/2015\/01\/25\/8-blandade-tankar-pa-sondagen-7\/#primaryimage","url":"http:\/\/blogg.svenskakyrkan.se\/vandravagen\/files\/2015\/01\/IMG_5339.jpg","contentUrl":"http:\/\/blogg.svenskakyrkan.se\/vandravagen\/files\/2015\/01\/IMG_5339.jpg"},{"@type":"BreadcrumbList","@id":"https:\/\/blogg.svenskakyrkan.se\/vandravagen\/2015\/01\/25\/8-blandade-tankar-pa-sondagen-7\/#breadcrumb","itemListElement":[{"@type":"ListItem","position":1,"name":"Hem","item":"https:\/\/blogg.svenskakyrkan.se\/vandravagen\/"},{"@type":"ListItem","position":2,"name":"8 blandade tankar p\u00e5 s\u00f6ndagen"}]},{"@type":"WebSite","@id":"https:\/\/blogg.svenskakyrkan.se\/vandravagen\/#website","url":"https:\/\/blogg.svenskakyrkan.se\/vandravagen\/","name":"Vandra V\u00e4gen","description":"-Mot en tro f\u00f6r hela livet","publisher":{"@id":"https:\/\/blogg.svenskakyrkan.se\/vandravagen\/#organization"},"potentialAction":[{"@type":"SearchAction","target":{"@type":"EntryPoint","urlTemplate":"https:\/\/blogg.svenskakyrkan.se\/vandravagen\/?s={search_term_string}"},"query-input":{"@type":"PropertyValueSpecification","valueRequired":true,"valueName":"search_term_string"}}],"inLanguage":"sv-SE"},{"@type":"Organization","@id":"https:\/\/blogg.svenskakyrkan.se\/vandravagen\/#organization","name":"ulricehamns pastorat","alternateName":"ulricehamns pastorat","url":"https:\/\/blogg.svenskakyrkan.se\/vandravagen\/","logo":{"@type":"ImageObject","inLanguage":"sv-SE","@id":"https:\/\/blogg.svenskakyrkan.se\/vandravagen\/#\/schema\/logo\/image\/","url":"https:\/\/blogg.svenskakyrkan.se\/vandravagen\/files\/2023\/05\/Ulr_logo_RGB.png","contentUrl":"https:\/\/blogg.svenskakyrkan.se\/vandravagen\/files\/2023\/05\/Ulr_logo_RGB.png","width":205,"height":77,"caption":"ulricehamns pastorat"},"image":{"@id":"https:\/\/blogg.svenskakyrkan.se\/vandravagen\/#\/schema\/logo\/image\/"},"sameAs":["http:\/\/facebook.com\/vandravagen","https:\/\/x.com\/fadertomas","http:\/\/www.facebook.com\/svenskakyrkaniulricehamn"]},{"@type":"Person","@id":"https:\/\/blogg.svenskakyrkan.se\/vandravagen\/#\/schema\/person\/25da02d4f76b137d04291711e2c9fc16","name":"Tomas Jarvid","image":{"@type":"ImageObject","inLanguage":"sv-SE","@id":"https:\/\/blogg.svenskakyrkan.se\/vandravagen\/#\/schema\/person\/image\/","url":"https:\/\/secure.gravatar.com\/avatar\/7fa71899795e8f540f615a1f5ab25255dc27aa40f05ee7ddd21aac521e01bf50?s=96&d=identicon&r=g","contentUrl":"https:\/\/secure.gravatar.com\/avatar\/7fa71899795e8f540f615a1f5ab25255dc27aa40f05ee7ddd21aac521e01bf50?s=96&d=identicon&r=g","caption":"Tomas Jarvid"},"description":"Jag bor i Ulricehamn i V\u00e4sterg\u00f6tland och \u00e4r f\u00f6rsamlingspr\u00e4st i Svenska Kyrkan f\u00f6r Dalstorps f\u00f6rsamling i Kinds pastorat. P\u00e5 den h\u00e4r bloggen skriver jag ner tankar om vandringen som kristen.","sameAs":["http:\/\/www.vandravagen.se"],"url":"https:\/\/blogg.svenskakyrkan.se\/vandravagen\/author\/vandravagen\/"}]}},"author_meta":{"ID":"392","user_nicename":"vandravagen","user_url":"http:\/\/www.vandravagen.se","user_registered":"2014-05-19 05:44:52","display_name":"Tomas Jarvid","first_name":"Tomas","last_name":"Jarvid","avatar":"https:\/\/secure.gravatar.com\/avatar\/7fa71899795e8f540f615a1f5ab25255dc27aa40f05ee7ddd21aac521e01bf50?s=96&d=identicon&r=g"},"featured_image":false,"bloginfo":{"name":"Vandra V\u00e4gen","url":"https:\/\/blogg.svenskakyrkan.se\/vandravagen"},"_links":{"self":[{"href":"https:\/\/blogg.svenskakyrkan.se\/vandravagen\/wp-json\/wp\/v2\/posts\/2603","targetHints":{"allow":["GET"]}}],"collection":[{"href":"https:\/\/blogg.svenskakyrkan.se\/vandravagen\/wp-json\/wp\/v2\/posts"}],"about":[{"href":"https:\/\/blogg.svenskakyrkan.se\/vandravagen\/wp-json\/wp\/v2\/types\/post"}],"author":[{"embeddable":true,"href":"https:\/\/blogg.svenskakyrkan.se\/vandravagen\/wp-json\/wp\/v2\/users\/392"}],"replies":[{"embeddable":true,"href":"https:\/\/blogg.svenskakyrkan.se\/vandravagen\/wp-json\/wp\/v2\/comments?post=2603"}],"version-history":[{"count":1,"href":"https:\/\/blogg.svenskakyrkan.se\/vandravagen\/wp-json\/wp\/v2\/posts\/2603\/revisions"}],"predecessor-version":[{"id":2605,"href":"https:\/\/blogg.svenskakyrkan.se\/vandravagen\/wp-json\/wp\/v2\/posts\/2603\/revisions\/2605"}],"wp:attachment":[{"href":"https:\/\/blogg.svenskakyrkan.se\/vandravagen\/wp-json\/wp\/v2\/media?parent=2603"}],"wp:term":[{"taxonomy":"category","embeddable":true,"href":"https:\/\/blogg.svenskakyrkan.se\/vandravagen\/wp-json\/wp\/v2\/categories?post=2603"},{"taxonomy":"post_tag","embeddable":true,"href":"https:\/\/blogg.svenskakyrkan.se\/vandravagen\/wp-json\/wp\/v2\/tags?post=2603"}],"curies":[{"name":"wp","href":"https:\/\/api.w.org\/{rel}","templated":true}]}}