{"id":263,"date":"2013-11-27T14:54:00","date_gmt":"2013-11-27T13:54:00","guid":{"rendered":"http:\/\/blogg.svenskakyrkan.se\/vandravagen\/2013\/11\/27\/ar-det-langtrakigt-i-himlen\/"},"modified":"2013-11-27T14:54:00","modified_gmt":"2013-11-27T13:54:00","slug":"ar-det-langtrakigt-i-himlen","status":"publish","type":"post","link":"https:\/\/blogg.svenskakyrkan.se\/vandravagen\/2013\/11\/27\/ar-det-langtrakigt-i-himlen\/","title":{"rendered":"\u00c4r det l\u00e5ngtr\u00e5kigt i himlen?"},"content":{"rendered":"<table align=\"center\" cellpadding=\"0\" cellspacing=\"0\">\n<tbody>\n<tr>\n<td><a href=\"http:\/\/3.bp.blogspot.com\/-R45x1RotEvo\/UpXpOhNDrNI\/AAAAAAAAF-Q\/QAM_7Fj0bG4\/s1600\/IMG_2398.JPG\"><img loading=\"lazy\" decoding=\"async\" border=\"0\" height=\"640\" src=\"http:\/\/3.bp.blogspot.com\/-R45x1RotEvo\/UpXpOhNDrNI\/AAAAAAAAF-Q\/QAM_7Fj0bG4\/s640\/IMG_2398.JPG\" width=\"640\"><\/a><\/td>\n<\/tr>\n<tr>\n<td>Strid mot Djevulen. T\u00e4nk att f\u00e5 vila fr\u00e5n den!<\/td>\n<\/tr>\n<\/tbody>\n<\/table>\n<p>S\u00e5h\u00e4r i doms\u00f6ndagstid blickar vi mot tidens slut och Guds nya skapelse, eller himlen om man s\u00e5 vill (\u00e4ven om det ordet kan leda tankarna fel).<\/p>\n<p>N\u00e4r man t\u00e4nker p\u00e5 himlen och d\u00f6den talas det ofta om vila. &#8221;Vila i frid&#8221; s\u00e4ger vi. Sj\u00f6mannens \u00e4nka s att &#8221;han har seglat hela livet men i himlen f\u00e5r han ro&#8221;. P\u00e5 en m\u00e4ngd bilder har vi sett m\u00e4nniskor och \u00e4nglar sitta p\u00e5 moln och spela harpa. Kanske som en forts\u00e4ttning av det l\u00e5ngsamma livet p\u00e5 l\u00e5ngv\u00e5rden?<\/p>\n<p>\u00c4r det en lockande tanke att vila i himlen? Jag tror inte det. F\u00f6r m\u00e5nga verkar den himmelska (eller uppr\u00e4ttade och fullkomliga om man s\u00e5 vill) r\u00e4tt&#8230; tr\u00e5kig. Ska det inte H\u00c4NDA n\u00e5got?<\/p>\n<p>Allt beror p\u00e5 ett missf\u00f6rst\u00e5nd tror jag. Det \u00e4r inte s\u00e5 att man hela tiden vilar i himlen. Att vara m\u00e4nniska handlar ju ocks\u00e5 om att vara verksam och kreativ. Vad vore vi utan det? Nej, men d\u00e4remot inneb\u00e4r tillvaron i himlen vila fr\u00e5n synden och dess h\u00e4rjningar och pl\u00e5gor i v\u00e5ra liv.<\/p>\n<p>&#8221;Ty h\u00e4r p\u00e5 denna jorden \u00e4r synden med i allt<br \/>och ger \u00e5t allt det sk\u00f6na en fr\u00e4mmande gestalt<br \/>den kan mig inte d\u00f6ma sen sj\u00e4lv f\u00f6rd\u00f6md den \u00e4r<br \/>den kan mig \u00e4nnu pl\u00e5ga men s\u00e5 den ska ej d\u00e4r&#8221;<\/p>\n<p>S\u00e5 sjunger vi i &#8221;jag \u00e4r en g\u00e4st och fr\u00e4mling&#8221;. Att ondskans grepp om oss lossnat inneb\u00e4r f\u00f6rst\u00e5s en enorm vila. Och en vila som befriar oss till \u00e4n mer kreativitet.<\/p>\n<p>D\u00e5 \u00e5terst\u00e5r bara fr\u00e5gan:<\/p>\n<p>Vad g\u00f6r man egentligen i himlen som ger utlopp f\u00f6r kreativiteten? Inte en aning. Har du en gissning? Skriv en kommentar!<\/p>\n","protected":false},"excerpt":{"rendered":"<p>Strid mot Djevulen. T\u00e4nk att f\u00e5 vila fr\u00e5n den! S\u00e5h\u00e4r i doms\u00f6ndagstid blickar vi mot tidens slut och Guds nya skapelse, eller himlen om man s\u00e5 vill (\u00e4ven om det ordet kan leda tankarna fel). N\u00e4r man t\u00e4nker p\u00e5 himlen och d\u00f6den talas det ofta om vila. &#8221;Vila i frid&#8221; s\u00e4ger vi. Sj\u00f6mannens \u00e4nka s [&hellip;]<\/p>\n","protected":false},"author":392,"featured_media":0,"comment_status":"open","ping_status":"open","sticky":false,"template":"","format":"standard","meta":{"_acf_changed":false,"footnotes":""},"categories":[76189,117],"tags":[],"class_list":["post-263","post","type-post","status-publish","format-standard","hentry","category-dagens-kyrka","category-teologi"],"acf":[],"yoast_head":"<!-- This site is optimized with the Yoast SEO plugin v27.1.1 - https:\/\/yoast.com\/product\/yoast-seo-wordpress\/ -->\n<title>\u00c4r det l\u00e5ngtr\u00e5kigt i himlen? - Vandra V\u00e4gen<\/title>\n<meta name=\"robots\" content=\"index, follow, max-snippet:-1, max-image-preview:large, max-video-preview:-1\" \/>\n<link rel=\"canonical\" href=\"https:\/\/blogg.svenskakyrkan.se\/vandravagen\/2013\/11\/27\/ar-det-langtrakigt-i-himlen\/\" \/>\n<meta property=\"og:locale\" content=\"sv_SE\" \/>\n<meta property=\"og:type\" content=\"article\" \/>\n<meta property=\"og:title\" content=\"\u00c4r det l\u00e5ngtr\u00e5kigt i himlen? - Vandra V\u00e4gen\" \/>\n<meta property=\"og:description\" content=\"Strid mot Djevulen. T\u00e4nk att f\u00e5 vila fr\u00e5n den! S\u00e5h\u00e4r i doms\u00f6ndagstid blickar vi mot tidens slut och Guds nya skapelse, eller himlen om man s\u00e5 vill (\u00e4ven om det ordet kan leda tankarna fel). N\u00e4r man t\u00e4nker p\u00e5 himlen och d\u00f6den talas det ofta om vila. &#8221;Vila i frid&#8221; s\u00e4ger vi. Sj\u00f6mannens \u00e4nka s [&hellip;]\" \/>\n<meta property=\"og:url\" content=\"https:\/\/blogg.svenskakyrkan.se\/vandravagen\/2013\/11\/27\/ar-det-langtrakigt-i-himlen\/\" \/>\n<meta property=\"og:site_name\" content=\"Vandra V\u00e4gen\" \/>\n<meta property=\"article:publisher\" content=\"http:\/\/facebook.com\/vandravagen\" \/>\n<meta property=\"article:published_time\" content=\"2013-11-27T13:54:00+00:00\" \/>\n<meta property=\"og:image\" content=\"http:\/\/3.bp.blogspot.com\/-R45x1RotEvo\/UpXpOhNDrNI\/AAAAAAAAF-Q\/QAM_7Fj0bG4\/s640\/IMG_2398.JPG\" \/>\n<meta name=\"author\" content=\"Tomas Jarvid\" \/>\n<meta name=\"twitter:card\" content=\"summary_large_image\" \/>\n<meta name=\"twitter:creator\" content=\"@fadertomas\" \/>\n<meta name=\"twitter:site\" content=\"@fadertomas\" \/>\n<meta name=\"twitter:label1\" content=\"Skriven av\" \/>\n\t<meta name=\"twitter:data1\" content=\"Tomas Jarvid\" \/>\n\t<meta name=\"twitter:label2\" content=\"Ber\u00e4knad l\u00e4stid\" \/>\n\t<meta name=\"twitter:data2\" content=\"2 minuter\" \/>\n<script type=\"application\/ld+json\" class=\"yoast-schema-graph\">{\"@context\":\"https:\/\/schema.org\",\"@graph\":[{\"@type\":\"Article\",\"@id\":\"https:\/\/blogg.svenskakyrkan.se\/vandravagen\/2013\/11\/27\/ar-det-langtrakigt-i-himlen\/#article\",\"isPartOf\":{\"@id\":\"https:\/\/blogg.svenskakyrkan.se\/vandravagen\/2013\/11\/27\/ar-det-langtrakigt-i-himlen\/\"},\"author\":{\"name\":\"Tomas Jarvid\",\"@id\":\"https:\/\/blogg.svenskakyrkan.se\/vandravagen\/#\/schema\/person\/25da02d4f76b137d04291711e2c9fc16\"},\"headline\":\"\u00c4r det l\u00e5ngtr\u00e5kigt i himlen?\",\"datePublished\":\"2013-11-27T13:54:00+00:00\",\"mainEntityOfPage\":{\"@id\":\"https:\/\/blogg.svenskakyrkan.se\/vandravagen\/2013\/11\/27\/ar-det-langtrakigt-i-himlen\/\"},\"wordCount\":330,\"commentCount\":4,\"publisher\":{\"@id\":\"https:\/\/blogg.svenskakyrkan.se\/vandravagen\/#organization\"},\"image\":{\"@id\":\"https:\/\/blogg.svenskakyrkan.se\/vandravagen\/2013\/11\/27\/ar-det-langtrakigt-i-himlen\/#primaryimage\"},\"thumbnailUrl\":\"http:\/\/3.bp.blogspot.com\/-R45x1RotEvo\/UpXpOhNDrNI\/AAAAAAAAF-Q\/QAM_7Fj0bG4\/s640\/IMG_2398.JPG\",\"articleSection\":[\"Dagens Kyrka\",\"Teologi\"],\"inLanguage\":\"sv-SE\",\"potentialAction\":[{\"@type\":\"CommentAction\",\"name\":\"Comment\",\"target\":[\"https:\/\/blogg.svenskakyrkan.se\/vandravagen\/2013\/11\/27\/ar-det-langtrakigt-i-himlen\/#respond\"]}]},{\"@type\":\"WebPage\",\"@id\":\"https:\/\/blogg.svenskakyrkan.se\/vandravagen\/2013\/11\/27\/ar-det-langtrakigt-i-himlen\/\",\"url\":\"https:\/\/blogg.svenskakyrkan.se\/vandravagen\/2013\/11\/27\/ar-det-langtrakigt-i-himlen\/\",\"name\":\"\u00c4r det l\u00e5ngtr\u00e5kigt i himlen? - Vandra V\u00e4gen\",\"isPartOf\":{\"@id\":\"https:\/\/blogg.svenskakyrkan.se\/vandravagen\/#website\"},\"primaryImageOfPage\":{\"@id\":\"https:\/\/blogg.svenskakyrkan.se\/vandravagen\/2013\/11\/27\/ar-det-langtrakigt-i-himlen\/#primaryimage\"},\"image\":{\"@id\":\"https:\/\/blogg.svenskakyrkan.se\/vandravagen\/2013\/11\/27\/ar-det-langtrakigt-i-himlen\/#primaryimage\"},\"thumbnailUrl\":\"http:\/\/3.bp.blogspot.com\/-R45x1RotEvo\/UpXpOhNDrNI\/AAAAAAAAF-Q\/QAM_7Fj0bG4\/s640\/IMG_2398.JPG\",\"datePublished\":\"2013-11-27T13:54:00+00:00\",\"breadcrumb\":{\"@id\":\"https:\/\/blogg.svenskakyrkan.se\/vandravagen\/2013\/11\/27\/ar-det-langtrakigt-i-himlen\/#breadcrumb\"},\"inLanguage\":\"sv-SE\",\"potentialAction\":[{\"@type\":\"ReadAction\",\"target\":[\"https:\/\/blogg.svenskakyrkan.se\/vandravagen\/2013\/11\/27\/ar-det-langtrakigt-i-himlen\/\"]}]},{\"@type\":\"ImageObject\",\"inLanguage\":\"sv-SE\",\"@id\":\"https:\/\/blogg.svenskakyrkan.se\/vandravagen\/2013\/11\/27\/ar-det-langtrakigt-i-himlen\/#primaryimage\",\"url\":\"http:\/\/3.bp.blogspot.com\/-R45x1RotEvo\/UpXpOhNDrNI\/AAAAAAAAF-Q\/QAM_7Fj0bG4\/s640\/IMG_2398.JPG\",\"contentUrl\":\"http:\/\/3.bp.blogspot.com\/-R45x1RotEvo\/UpXpOhNDrNI\/AAAAAAAAF-Q\/QAM_7Fj0bG4\/s640\/IMG_2398.JPG\"},{\"@type\":\"BreadcrumbList\",\"@id\":\"https:\/\/blogg.svenskakyrkan.se\/vandravagen\/2013\/11\/27\/ar-det-langtrakigt-i-himlen\/#breadcrumb\",\"itemListElement\":[{\"@type\":\"ListItem\",\"position\":1,\"name\":\"Hem\",\"item\":\"https:\/\/blogg.svenskakyrkan.se\/vandravagen\/\"},{\"@type\":\"ListItem\",\"position\":2,\"name\":\"\u00c4r det l\u00e5ngtr\u00e5kigt i himlen?\"}]},{\"@type\":\"WebSite\",\"@id\":\"https:\/\/blogg.svenskakyrkan.se\/vandravagen\/#website\",\"url\":\"https:\/\/blogg.svenskakyrkan.se\/vandravagen\/\",\"name\":\"Vandra V\u00e4gen\",\"description\":\"-Mot en tro f\u00f6r hela livet\",\"publisher\":{\"@id\":\"https:\/\/blogg.svenskakyrkan.se\/vandravagen\/#organization\"},\"potentialAction\":[{\"@type\":\"SearchAction\",\"target\":{\"@type\":\"EntryPoint\",\"urlTemplate\":\"https:\/\/blogg.svenskakyrkan.se\/vandravagen\/?s={search_term_string}\"},\"query-input\":{\"@type\":\"PropertyValueSpecification\",\"valueRequired\":true,\"valueName\":\"search_term_string\"}}],\"inLanguage\":\"sv-SE\"},{\"@type\":\"Organization\",\"@id\":\"https:\/\/blogg.svenskakyrkan.se\/vandravagen\/#organization\",\"name\":\"ulricehamns pastorat\",\"alternateName\":\"ulricehamns pastorat\",\"url\":\"https:\/\/blogg.svenskakyrkan.se\/vandravagen\/\",\"logo\":{\"@type\":\"ImageObject\",\"inLanguage\":\"sv-SE\",\"@id\":\"https:\/\/blogg.svenskakyrkan.se\/vandravagen\/#\/schema\/logo\/image\/\",\"url\":\"https:\/\/blogg.svenskakyrkan.se\/vandravagen\/files\/2023\/05\/Ulr_logo_RGB.png\",\"contentUrl\":\"https:\/\/blogg.svenskakyrkan.se\/vandravagen\/files\/2023\/05\/Ulr_logo_RGB.png\",\"width\":205,\"height\":77,\"caption\":\"ulricehamns pastorat\"},\"image\":{\"@id\":\"https:\/\/blogg.svenskakyrkan.se\/vandravagen\/#\/schema\/logo\/image\/\"},\"sameAs\":[\"http:\/\/facebook.com\/vandravagen\",\"https:\/\/x.com\/fadertomas\",\"http:\/\/www.facebook.com\/svenskakyrkaniulricehamn\"]},{\"@type\":\"Person\",\"@id\":\"https:\/\/blogg.svenskakyrkan.se\/vandravagen\/#\/schema\/person\/25da02d4f76b137d04291711e2c9fc16\",\"name\":\"Tomas Jarvid\",\"image\":{\"@type\":\"ImageObject\",\"inLanguage\":\"sv-SE\",\"@id\":\"https:\/\/blogg.svenskakyrkan.se\/vandravagen\/#\/schema\/person\/image\/\",\"url\":\"https:\/\/secure.gravatar.com\/avatar\/7fa71899795e8f540f615a1f5ab25255dc27aa40f05ee7ddd21aac521e01bf50?s=96&d=identicon&r=g\",\"contentUrl\":\"https:\/\/secure.gravatar.com\/avatar\/7fa71899795e8f540f615a1f5ab25255dc27aa40f05ee7ddd21aac521e01bf50?s=96&d=identicon&r=g\",\"caption\":\"Tomas Jarvid\"},\"description\":\"Jag bor i Ulricehamn i V\u00e4sterg\u00f6tland och \u00e4r f\u00f6rsamlingspr\u00e4st i Svenska Kyrkan f\u00f6r Dalstorps f\u00f6rsamling i Kinds pastorat. P\u00e5 den h\u00e4r bloggen skriver jag ner tankar om vandringen som kristen.\",\"sameAs\":[\"http:\/\/www.vandravagen.se\"],\"url\":\"https:\/\/blogg.svenskakyrkan.se\/vandravagen\/author\/vandravagen\/\"}]}<\/script>\n<!-- \/ Yoast SEO plugin. -->","yoast_head_json":{"title":"\u00c4r det l\u00e5ngtr\u00e5kigt i himlen? - Vandra V\u00e4gen","robots":{"index":"index","follow":"follow","max-snippet":"max-snippet:-1","max-image-preview":"max-image-preview:large","max-video-preview":"max-video-preview:-1"},"canonical":"https:\/\/blogg.svenskakyrkan.se\/vandravagen\/2013\/11\/27\/ar-det-langtrakigt-i-himlen\/","og_locale":"sv_SE","og_type":"article","og_title":"\u00c4r det l\u00e5ngtr\u00e5kigt i himlen? - Vandra V\u00e4gen","og_description":"Strid mot Djevulen. T\u00e4nk att f\u00e5 vila fr\u00e5n den! S\u00e5h\u00e4r i doms\u00f6ndagstid blickar vi mot tidens slut och Guds nya skapelse, eller himlen om man s\u00e5 vill (\u00e4ven om det ordet kan leda tankarna fel). N\u00e4r man t\u00e4nker p\u00e5 himlen och d\u00f6den talas det ofta om vila. &#8221;Vila i frid&#8221; s\u00e4ger vi. Sj\u00f6mannens \u00e4nka s [&hellip;]","og_url":"https:\/\/blogg.svenskakyrkan.se\/vandravagen\/2013\/11\/27\/ar-det-langtrakigt-i-himlen\/","og_site_name":"Vandra V\u00e4gen","article_publisher":"http:\/\/facebook.com\/vandravagen","article_published_time":"2013-11-27T13:54:00+00:00","og_image":[{"url":"http:\/\/3.bp.blogspot.com\/-R45x1RotEvo\/UpXpOhNDrNI\/AAAAAAAAF-Q\/QAM_7Fj0bG4\/s640\/IMG_2398.JPG","type":"","width":"","height":""}],"author":"Tomas Jarvid","twitter_card":"summary_large_image","twitter_creator":"@fadertomas","twitter_site":"@fadertomas","twitter_misc":{"Skriven av":"Tomas Jarvid","Ber\u00e4knad l\u00e4stid":"2 minuter"},"schema":{"@context":"https:\/\/schema.org","@graph":[{"@type":"Article","@id":"https:\/\/blogg.svenskakyrkan.se\/vandravagen\/2013\/11\/27\/ar-det-langtrakigt-i-himlen\/#article","isPartOf":{"@id":"https:\/\/blogg.svenskakyrkan.se\/vandravagen\/2013\/11\/27\/ar-det-langtrakigt-i-himlen\/"},"author":{"name":"Tomas Jarvid","@id":"https:\/\/blogg.svenskakyrkan.se\/vandravagen\/#\/schema\/person\/25da02d4f76b137d04291711e2c9fc16"},"headline":"\u00c4r det l\u00e5ngtr\u00e5kigt i himlen?","datePublished":"2013-11-27T13:54:00+00:00","mainEntityOfPage":{"@id":"https:\/\/blogg.svenskakyrkan.se\/vandravagen\/2013\/11\/27\/ar-det-langtrakigt-i-himlen\/"},"wordCount":330,"commentCount":4,"publisher":{"@id":"https:\/\/blogg.svenskakyrkan.se\/vandravagen\/#organization"},"image":{"@id":"https:\/\/blogg.svenskakyrkan.se\/vandravagen\/2013\/11\/27\/ar-det-langtrakigt-i-himlen\/#primaryimage"},"thumbnailUrl":"http:\/\/3.bp.blogspot.com\/-R45x1RotEvo\/UpXpOhNDrNI\/AAAAAAAAF-Q\/QAM_7Fj0bG4\/s640\/IMG_2398.JPG","articleSection":["Dagens Kyrka","Teologi"],"inLanguage":"sv-SE","potentialAction":[{"@type":"CommentAction","name":"Comment","target":["https:\/\/blogg.svenskakyrkan.se\/vandravagen\/2013\/11\/27\/ar-det-langtrakigt-i-himlen\/#respond"]}]},{"@type":"WebPage","@id":"https:\/\/blogg.svenskakyrkan.se\/vandravagen\/2013\/11\/27\/ar-det-langtrakigt-i-himlen\/","url":"https:\/\/blogg.svenskakyrkan.se\/vandravagen\/2013\/11\/27\/ar-det-langtrakigt-i-himlen\/","name":"\u00c4r det l\u00e5ngtr\u00e5kigt i himlen? - Vandra V\u00e4gen","isPartOf":{"@id":"https:\/\/blogg.svenskakyrkan.se\/vandravagen\/#website"},"primaryImageOfPage":{"@id":"https:\/\/blogg.svenskakyrkan.se\/vandravagen\/2013\/11\/27\/ar-det-langtrakigt-i-himlen\/#primaryimage"},"image":{"@id":"https:\/\/blogg.svenskakyrkan.se\/vandravagen\/2013\/11\/27\/ar-det-langtrakigt-i-himlen\/#primaryimage"},"thumbnailUrl":"http:\/\/3.bp.blogspot.com\/-R45x1RotEvo\/UpXpOhNDrNI\/AAAAAAAAF-Q\/QAM_7Fj0bG4\/s640\/IMG_2398.JPG","datePublished":"2013-11-27T13:54:00+00:00","breadcrumb":{"@id":"https:\/\/blogg.svenskakyrkan.se\/vandravagen\/2013\/11\/27\/ar-det-langtrakigt-i-himlen\/#breadcrumb"},"inLanguage":"sv-SE","potentialAction":[{"@type":"ReadAction","target":["https:\/\/blogg.svenskakyrkan.se\/vandravagen\/2013\/11\/27\/ar-det-langtrakigt-i-himlen\/"]}]},{"@type":"ImageObject","inLanguage":"sv-SE","@id":"https:\/\/blogg.svenskakyrkan.se\/vandravagen\/2013\/11\/27\/ar-det-langtrakigt-i-himlen\/#primaryimage","url":"http:\/\/3.bp.blogspot.com\/-R45x1RotEvo\/UpXpOhNDrNI\/AAAAAAAAF-Q\/QAM_7Fj0bG4\/s640\/IMG_2398.JPG","contentUrl":"http:\/\/3.bp.blogspot.com\/-R45x1RotEvo\/UpXpOhNDrNI\/AAAAAAAAF-Q\/QAM_7Fj0bG4\/s640\/IMG_2398.JPG"},{"@type":"BreadcrumbList","@id":"https:\/\/blogg.svenskakyrkan.se\/vandravagen\/2013\/11\/27\/ar-det-langtrakigt-i-himlen\/#breadcrumb","itemListElement":[{"@type":"ListItem","position":1,"name":"Hem","item":"https:\/\/blogg.svenskakyrkan.se\/vandravagen\/"},{"@type":"ListItem","position":2,"name":"\u00c4r det l\u00e5ngtr\u00e5kigt i himlen?"}]},{"@type":"WebSite","@id":"https:\/\/blogg.svenskakyrkan.se\/vandravagen\/#website","url":"https:\/\/blogg.svenskakyrkan.se\/vandravagen\/","name":"Vandra V\u00e4gen","description":"-Mot en tro f\u00f6r hela livet","publisher":{"@id":"https:\/\/blogg.svenskakyrkan.se\/vandravagen\/#organization"},"potentialAction":[{"@type":"SearchAction","target":{"@type":"EntryPoint","urlTemplate":"https:\/\/blogg.svenskakyrkan.se\/vandravagen\/?s={search_term_string}"},"query-input":{"@type":"PropertyValueSpecification","valueRequired":true,"valueName":"search_term_string"}}],"inLanguage":"sv-SE"},{"@type":"Organization","@id":"https:\/\/blogg.svenskakyrkan.se\/vandravagen\/#organization","name":"ulricehamns pastorat","alternateName":"ulricehamns pastorat","url":"https:\/\/blogg.svenskakyrkan.se\/vandravagen\/","logo":{"@type":"ImageObject","inLanguage":"sv-SE","@id":"https:\/\/blogg.svenskakyrkan.se\/vandravagen\/#\/schema\/logo\/image\/","url":"https:\/\/blogg.svenskakyrkan.se\/vandravagen\/files\/2023\/05\/Ulr_logo_RGB.png","contentUrl":"https:\/\/blogg.svenskakyrkan.se\/vandravagen\/files\/2023\/05\/Ulr_logo_RGB.png","width":205,"height":77,"caption":"ulricehamns pastorat"},"image":{"@id":"https:\/\/blogg.svenskakyrkan.se\/vandravagen\/#\/schema\/logo\/image\/"},"sameAs":["http:\/\/facebook.com\/vandravagen","https:\/\/x.com\/fadertomas","http:\/\/www.facebook.com\/svenskakyrkaniulricehamn"]},{"@type":"Person","@id":"https:\/\/blogg.svenskakyrkan.se\/vandravagen\/#\/schema\/person\/25da02d4f76b137d04291711e2c9fc16","name":"Tomas Jarvid","image":{"@type":"ImageObject","inLanguage":"sv-SE","@id":"https:\/\/blogg.svenskakyrkan.se\/vandravagen\/#\/schema\/person\/image\/","url":"https:\/\/secure.gravatar.com\/avatar\/7fa71899795e8f540f615a1f5ab25255dc27aa40f05ee7ddd21aac521e01bf50?s=96&d=identicon&r=g","contentUrl":"https:\/\/secure.gravatar.com\/avatar\/7fa71899795e8f540f615a1f5ab25255dc27aa40f05ee7ddd21aac521e01bf50?s=96&d=identicon&r=g","caption":"Tomas Jarvid"},"description":"Jag bor i Ulricehamn i V\u00e4sterg\u00f6tland och \u00e4r f\u00f6rsamlingspr\u00e4st i Svenska Kyrkan f\u00f6r Dalstorps f\u00f6rsamling i Kinds pastorat. P\u00e5 den h\u00e4r bloggen skriver jag ner tankar om vandringen som kristen.","sameAs":["http:\/\/www.vandravagen.se"],"url":"https:\/\/blogg.svenskakyrkan.se\/vandravagen\/author\/vandravagen\/"}]}},"author_meta":{"ID":"392","user_nicename":"vandravagen","user_url":"http:\/\/www.vandravagen.se","user_registered":"2014-05-19 05:44:52","display_name":"Tomas Jarvid","first_name":"Tomas","last_name":"Jarvid","avatar":"https:\/\/secure.gravatar.com\/avatar\/7fa71899795e8f540f615a1f5ab25255dc27aa40f05ee7ddd21aac521e01bf50?s=96&d=identicon&r=g"},"featured_image":false,"bloginfo":{"name":"Vandra V\u00e4gen","url":"https:\/\/blogg.svenskakyrkan.se\/vandravagen"},"_links":{"self":[{"href":"https:\/\/blogg.svenskakyrkan.se\/vandravagen\/wp-json\/wp\/v2\/posts\/263","targetHints":{"allow":["GET"]}}],"collection":[{"href":"https:\/\/blogg.svenskakyrkan.se\/vandravagen\/wp-json\/wp\/v2\/posts"}],"about":[{"href":"https:\/\/blogg.svenskakyrkan.se\/vandravagen\/wp-json\/wp\/v2\/types\/post"}],"author":[{"embeddable":true,"href":"https:\/\/blogg.svenskakyrkan.se\/vandravagen\/wp-json\/wp\/v2\/users\/392"}],"replies":[{"embeddable":true,"href":"https:\/\/blogg.svenskakyrkan.se\/vandravagen\/wp-json\/wp\/v2\/comments?post=263"}],"version-history":[{"count":0,"href":"https:\/\/blogg.svenskakyrkan.se\/vandravagen\/wp-json\/wp\/v2\/posts\/263\/revisions"}],"wp:attachment":[{"href":"https:\/\/blogg.svenskakyrkan.se\/vandravagen\/wp-json\/wp\/v2\/media?parent=263"}],"wp:term":[{"taxonomy":"category","embeddable":true,"href":"https:\/\/blogg.svenskakyrkan.se\/vandravagen\/wp-json\/wp\/v2\/categories?post=263"},{"taxonomy":"post_tag","embeddable":true,"href":"https:\/\/blogg.svenskakyrkan.se\/vandravagen\/wp-json\/wp\/v2\/tags?post=263"}],"curies":[{"name":"wp","href":"https:\/\/api.w.org\/{rel}","templated":true}]}}