{"id":264,"date":"2013-11-26T10:05:00","date_gmt":"2013-11-26T09:05:00","guid":{"rendered":"http:\/\/blogg.svenskakyrkan.se\/vandravagen\/2013\/11\/26\/en-andlig-kostcirkel\/"},"modified":"2013-11-26T10:05:00","modified_gmt":"2013-11-26T09:05:00","slug":"en-andlig-kostcirkel","status":"publish","type":"post","link":"https:\/\/blogg.svenskakyrkan.se\/vandravagen\/2013\/11\/26\/en-andlig-kostcirkel\/","title":{"rendered":"En andlig kostcirkel"},"content":{"rendered":"<table align=\"center\" cellpadding=\"0\" cellspacing=\"0\">\n<tbody>\n<tr>\n<td><a href=\"http:\/\/www.svenskakyrkan.se\/Webbplats\/System\/Bilder\/b1be5776-52cd-4fb9-ad40-8b5ff9886c9e~__H.gif\"><img loading=\"lazy\" decoding=\"async\" border=\"0\" height=\"385\" src=\"http:\/\/www.svenskakyrkan.se\/Webbplats\/System\/Bilder\/b1be5776-52cd-4fb9-ad40-8b5ff9886c9e~__H.gif\" width=\"400\"><\/a><\/td>\n<\/tr>\n<tr>\n<td>En stor andlig kostcirkel<\/td>\n<\/tr>\n<\/tbody>\n<\/table>\n<p>\u00c4rkebiskop Anders Wejryd ger ut en andaktsbok med texter f\u00f6r hela \u00e5ret. Som den \u00e5terkommande bloggl\u00e4saren vet \u00e4r ocks\u00e5 jag med och skriver en s\u00e5dan bok p\u00e5 Verbums f\u00f6rlag. I b\u00e5da fallen (tror jag) utg\u00e5r texterna fr\u00e5n kyrko\u00e5ret. D\u00e4r finns texter fastst\u00e4llda f\u00f6r varje vecka under \u00e5ret och f\u00f6r stora helgdagar.<\/p>\n<p>Wejryd har sagt nyligen att kyrko\u00e5ret \u00e4r som en andlig kostcirkel. Man har alltid sina \u00e4lsklingsr\u00e4tter och saker man betydligt hellre l\u00e4ser om och t\u00e4nker p\u00e5 \u00e4n andra men i l\u00e4ngden blir det f\u00f6r ensidigt och utmanar oss alltf\u00f6r lite. Vi beh\u00f6ver p\u00e5 n\u00e5got s\u00e4tt ta del av m\u00e5ngfalden i bibelns rika skafferi. Det \u00e4r delvis det kyrko\u00e5ret \u00e4r till f\u00f6r.<\/p>\n<p>Tack vare kyrko\u00e5ret f\u00e5r vi f\u00f6lja Jesu liv och g\u00e4rning fr\u00e5n advent och jul d\u00e5 vi firar att Gud blev m\u00e4nniska, under v\u00e5ren forts\u00e4tter resan genom Jesu liv (detta kallas &#8221;Herrens \u00e5r&#8221;) fram emot fastan och p\u00e5sken d\u00e5 vi firar uppst\u00e5ndelsens mysterium, grunden f\u00f6r hela kyrkan. D\u00e4refter pingsten och en stor m\u00e4ngd s\u00f6ndagar om v\u00e5r v\u00e4g som kristna i Jesu efterf\u00f6ljd. Sist kommer doms\u00f6ndagen som var nu i s\u00f6ndags. Under dessa stora drag i kyrko\u00e5ret finns ocks\u00e5 olika mindre helger som \u00e4nd\u00e5 \u00e4r av stor vikt f\u00f6r helheten. Kristi f\u00f6rklarings dag, Marie beb\u00e5delsedag och s\u00e5 vidare.<\/p>\n<p>Det \u00e4r kanske frestande att hoppa \u00f6ver l\u00e5ngfredagen, annandag jul (tema martyrerna) och \u00f6ver huvud taget saker man tycker \u00e4r jobbiga att ta till sig men d\u00e5 blir helheten lidande. En av po\u00e4ngerna med att l\u00e4sa bibeln \u00e4r just att vi m\u00f6ter motst\u00e5nd och leds p\u00e5 nya tankev\u00e4gar. En gud som alltid tycker som vi, tja det \u00e4r inte s\u00e5 troligt att den finns mer \u00e4n som en avbild av oss sj\u00e4lva i v\u00e5r fantasi. Men om Gud utmanar och \u00e4r om\u00f6jlig att komma till klarhet med, d\u00e5 st\u00e5r vi inf\u00f6r n\u00e5got som \u00e4r st\u00f6rre \u00e4n oss sj\u00e4lva n\u00e4r vi l\u00e4ser bibeltexterna.<\/p>\n<p>Vad s\u00e4ger du om det h\u00e4r? Brukar du f\u00f6lja kyrko\u00e5ret p\u00e5 n\u00e5got s\u00e4tt?<\/p>\n<div><\/div>\n","protected":false},"excerpt":{"rendered":"<p>En stor andlig kostcirkel \u00c4rkebiskop Anders Wejryd ger ut en andaktsbok med texter f\u00f6r hela \u00e5ret. Som den \u00e5terkommande bloggl\u00e4saren vet \u00e4r ocks\u00e5 jag med och skriver en s\u00e5dan bok p\u00e5 Verbums f\u00f6rlag. I b\u00e5da fallen (tror jag) utg\u00e5r texterna fr\u00e5n kyrko\u00e5ret. D\u00e4r finns texter fastst\u00e4llda f\u00f6r varje vecka under \u00e5ret och f\u00f6r stora helgdagar. [&hellip;]<\/p>\n","protected":false},"author":392,"featured_media":0,"comment_status":"open","ping_status":"open","sticky":false,"template":"","format":"standard","meta":{"_acf_changed":false,"footnotes":""},"categories":[76189,8252],"tags":[],"class_list":["post-264","post","type-post","status-publish","format-standard","hentry","category-dagens-kyrka","category-kyrkoaret"],"acf":[],"yoast_head":"<!-- This site is optimized with the Yoast SEO plugin v27.1.1 - https:\/\/yoast.com\/product\/yoast-seo-wordpress\/ -->\n<title>En andlig kostcirkel - Vandra V\u00e4gen<\/title>\n<meta name=\"robots\" content=\"index, follow, max-snippet:-1, max-image-preview:large, max-video-preview:-1\" \/>\n<link rel=\"canonical\" href=\"https:\/\/blogg.svenskakyrkan.se\/vandravagen\/2013\/11\/26\/en-andlig-kostcirkel\/\" \/>\n<meta property=\"og:locale\" content=\"sv_SE\" \/>\n<meta property=\"og:type\" content=\"article\" \/>\n<meta property=\"og:title\" content=\"En andlig kostcirkel - Vandra V\u00e4gen\" \/>\n<meta property=\"og:description\" content=\"En stor andlig kostcirkel \u00c4rkebiskop Anders Wejryd ger ut en andaktsbok med texter f\u00f6r hela \u00e5ret. Som den \u00e5terkommande bloggl\u00e4saren vet \u00e4r ocks\u00e5 jag med och skriver en s\u00e5dan bok p\u00e5 Verbums f\u00f6rlag. I b\u00e5da fallen (tror jag) utg\u00e5r texterna fr\u00e5n kyrko\u00e5ret. D\u00e4r finns texter fastst\u00e4llda f\u00f6r varje vecka under \u00e5ret och f\u00f6r stora helgdagar. [&hellip;]\" \/>\n<meta property=\"og:url\" content=\"https:\/\/blogg.svenskakyrkan.se\/vandravagen\/2013\/11\/26\/en-andlig-kostcirkel\/\" \/>\n<meta property=\"og:site_name\" content=\"Vandra V\u00e4gen\" \/>\n<meta property=\"article:publisher\" content=\"http:\/\/facebook.com\/vandravagen\" \/>\n<meta property=\"article:published_time\" content=\"2013-11-26T09:05:00+00:00\" \/>\n<meta property=\"og:image\" content=\"http:\/\/www.svenskakyrkan.se\/Webbplats\/System\/Bilder\/b1be5776-52cd-4fb9-ad40-8b5ff9886c9e~__H.gif\" \/>\n<meta name=\"author\" content=\"Tomas Jarvid\" \/>\n<meta name=\"twitter:card\" content=\"summary_large_image\" \/>\n<meta name=\"twitter:creator\" content=\"@fadertomas\" \/>\n<meta name=\"twitter:site\" content=\"@fadertomas\" \/>\n<meta name=\"twitter:label1\" content=\"Skriven av\" \/>\n\t<meta name=\"twitter:data1\" content=\"Tomas Jarvid\" \/>\n\t<meta name=\"twitter:label2\" content=\"Ber\u00e4knad l\u00e4stid\" \/>\n\t<meta name=\"twitter:data2\" content=\"2 minuter\" \/>\n<script type=\"application\/ld+json\" class=\"yoast-schema-graph\">{\"@context\":\"https:\/\/schema.org\",\"@graph\":[{\"@type\":\"Article\",\"@id\":\"https:\/\/blogg.svenskakyrkan.se\/vandravagen\/2013\/11\/26\/en-andlig-kostcirkel\/#article\",\"isPartOf\":{\"@id\":\"https:\/\/blogg.svenskakyrkan.se\/vandravagen\/2013\/11\/26\/en-andlig-kostcirkel\/\"},\"author\":{\"name\":\"Tomas Jarvid\",\"@id\":\"https:\/\/blogg.svenskakyrkan.se\/vandravagen\/#\/schema\/person\/25da02d4f76b137d04291711e2c9fc16\"},\"headline\":\"En andlig kostcirkel\",\"datePublished\":\"2013-11-26T09:05:00+00:00\",\"mainEntityOfPage\":{\"@id\":\"https:\/\/blogg.svenskakyrkan.se\/vandravagen\/2013\/11\/26\/en-andlig-kostcirkel\/\"},\"wordCount\":400,\"commentCount\":0,\"publisher\":{\"@id\":\"https:\/\/blogg.svenskakyrkan.se\/vandravagen\/#organization\"},\"image\":{\"@id\":\"https:\/\/blogg.svenskakyrkan.se\/vandravagen\/2013\/11\/26\/en-andlig-kostcirkel\/#primaryimage\"},\"thumbnailUrl\":\"http:\/\/www.svenskakyrkan.se\/Webbplats\/System\/Bilder\/b1be5776-52cd-4fb9-ad40-8b5ff9886c9e~__H.gif\",\"articleSection\":[\"Dagens Kyrka\",\"kyrko\u00e5ret\"],\"inLanguage\":\"sv-SE\",\"potentialAction\":[{\"@type\":\"CommentAction\",\"name\":\"Comment\",\"target\":[\"https:\/\/blogg.svenskakyrkan.se\/vandravagen\/2013\/11\/26\/en-andlig-kostcirkel\/#respond\"]}]},{\"@type\":\"WebPage\",\"@id\":\"https:\/\/blogg.svenskakyrkan.se\/vandravagen\/2013\/11\/26\/en-andlig-kostcirkel\/\",\"url\":\"https:\/\/blogg.svenskakyrkan.se\/vandravagen\/2013\/11\/26\/en-andlig-kostcirkel\/\",\"name\":\"En andlig kostcirkel - Vandra V\u00e4gen\",\"isPartOf\":{\"@id\":\"https:\/\/blogg.svenskakyrkan.se\/vandravagen\/#website\"},\"primaryImageOfPage\":{\"@id\":\"https:\/\/blogg.svenskakyrkan.se\/vandravagen\/2013\/11\/26\/en-andlig-kostcirkel\/#primaryimage\"},\"image\":{\"@id\":\"https:\/\/blogg.svenskakyrkan.se\/vandravagen\/2013\/11\/26\/en-andlig-kostcirkel\/#primaryimage\"},\"thumbnailUrl\":\"http:\/\/www.svenskakyrkan.se\/Webbplats\/System\/Bilder\/b1be5776-52cd-4fb9-ad40-8b5ff9886c9e~__H.gif\",\"datePublished\":\"2013-11-26T09:05:00+00:00\",\"breadcrumb\":{\"@id\":\"https:\/\/blogg.svenskakyrkan.se\/vandravagen\/2013\/11\/26\/en-andlig-kostcirkel\/#breadcrumb\"},\"inLanguage\":\"sv-SE\",\"potentialAction\":[{\"@type\":\"ReadAction\",\"target\":[\"https:\/\/blogg.svenskakyrkan.se\/vandravagen\/2013\/11\/26\/en-andlig-kostcirkel\/\"]}]},{\"@type\":\"ImageObject\",\"inLanguage\":\"sv-SE\",\"@id\":\"https:\/\/blogg.svenskakyrkan.se\/vandravagen\/2013\/11\/26\/en-andlig-kostcirkel\/#primaryimage\",\"url\":\"http:\/\/www.svenskakyrkan.se\/Webbplats\/System\/Bilder\/b1be5776-52cd-4fb9-ad40-8b5ff9886c9e~__H.gif\",\"contentUrl\":\"http:\/\/www.svenskakyrkan.se\/Webbplats\/System\/Bilder\/b1be5776-52cd-4fb9-ad40-8b5ff9886c9e~__H.gif\"},{\"@type\":\"BreadcrumbList\",\"@id\":\"https:\/\/blogg.svenskakyrkan.se\/vandravagen\/2013\/11\/26\/en-andlig-kostcirkel\/#breadcrumb\",\"itemListElement\":[{\"@type\":\"ListItem\",\"position\":1,\"name\":\"Hem\",\"item\":\"https:\/\/blogg.svenskakyrkan.se\/vandravagen\/\"},{\"@type\":\"ListItem\",\"position\":2,\"name\":\"En andlig kostcirkel\"}]},{\"@type\":\"WebSite\",\"@id\":\"https:\/\/blogg.svenskakyrkan.se\/vandravagen\/#website\",\"url\":\"https:\/\/blogg.svenskakyrkan.se\/vandravagen\/\",\"name\":\"Vandra V\u00e4gen\",\"description\":\"-Mot en tro f\u00f6r hela livet\",\"publisher\":{\"@id\":\"https:\/\/blogg.svenskakyrkan.se\/vandravagen\/#organization\"},\"potentialAction\":[{\"@type\":\"SearchAction\",\"target\":{\"@type\":\"EntryPoint\",\"urlTemplate\":\"https:\/\/blogg.svenskakyrkan.se\/vandravagen\/?s={search_term_string}\"},\"query-input\":{\"@type\":\"PropertyValueSpecification\",\"valueRequired\":true,\"valueName\":\"search_term_string\"}}],\"inLanguage\":\"sv-SE\"},{\"@type\":\"Organization\",\"@id\":\"https:\/\/blogg.svenskakyrkan.se\/vandravagen\/#organization\",\"name\":\"ulricehamns pastorat\",\"alternateName\":\"ulricehamns pastorat\",\"url\":\"https:\/\/blogg.svenskakyrkan.se\/vandravagen\/\",\"logo\":{\"@type\":\"ImageObject\",\"inLanguage\":\"sv-SE\",\"@id\":\"https:\/\/blogg.svenskakyrkan.se\/vandravagen\/#\/schema\/logo\/image\/\",\"url\":\"https:\/\/blogg.svenskakyrkan.se\/vandravagen\/files\/2023\/05\/Ulr_logo_RGB.png\",\"contentUrl\":\"https:\/\/blogg.svenskakyrkan.se\/vandravagen\/files\/2023\/05\/Ulr_logo_RGB.png\",\"width\":205,\"height\":77,\"caption\":\"ulricehamns pastorat\"},\"image\":{\"@id\":\"https:\/\/blogg.svenskakyrkan.se\/vandravagen\/#\/schema\/logo\/image\/\"},\"sameAs\":[\"http:\/\/facebook.com\/vandravagen\",\"https:\/\/x.com\/fadertomas\",\"http:\/\/www.facebook.com\/svenskakyrkaniulricehamn\"]},{\"@type\":\"Person\",\"@id\":\"https:\/\/blogg.svenskakyrkan.se\/vandravagen\/#\/schema\/person\/25da02d4f76b137d04291711e2c9fc16\",\"name\":\"Tomas Jarvid\",\"image\":{\"@type\":\"ImageObject\",\"inLanguage\":\"sv-SE\",\"@id\":\"https:\/\/blogg.svenskakyrkan.se\/vandravagen\/#\/schema\/person\/image\/\",\"url\":\"https:\/\/secure.gravatar.com\/avatar\/7fa71899795e8f540f615a1f5ab25255dc27aa40f05ee7ddd21aac521e01bf50?s=96&d=identicon&r=g\",\"contentUrl\":\"https:\/\/secure.gravatar.com\/avatar\/7fa71899795e8f540f615a1f5ab25255dc27aa40f05ee7ddd21aac521e01bf50?s=96&d=identicon&r=g\",\"caption\":\"Tomas Jarvid\"},\"description\":\"Jag bor i Ulricehamn i V\u00e4sterg\u00f6tland och \u00e4r f\u00f6rsamlingspr\u00e4st i Svenska Kyrkan f\u00f6r Dalstorps f\u00f6rsamling i Kinds pastorat. P\u00e5 den h\u00e4r bloggen skriver jag ner tankar om vandringen som kristen.\",\"sameAs\":[\"http:\/\/www.vandravagen.se\"],\"url\":\"https:\/\/blogg.svenskakyrkan.se\/vandravagen\/author\/vandravagen\/\"}]}<\/script>\n<!-- \/ Yoast SEO plugin. -->","yoast_head_json":{"title":"En andlig kostcirkel - Vandra V\u00e4gen","robots":{"index":"index","follow":"follow","max-snippet":"max-snippet:-1","max-image-preview":"max-image-preview:large","max-video-preview":"max-video-preview:-1"},"canonical":"https:\/\/blogg.svenskakyrkan.se\/vandravagen\/2013\/11\/26\/en-andlig-kostcirkel\/","og_locale":"sv_SE","og_type":"article","og_title":"En andlig kostcirkel - Vandra V\u00e4gen","og_description":"En stor andlig kostcirkel \u00c4rkebiskop Anders Wejryd ger ut en andaktsbok med texter f\u00f6r hela \u00e5ret. Som den \u00e5terkommande bloggl\u00e4saren vet \u00e4r ocks\u00e5 jag med och skriver en s\u00e5dan bok p\u00e5 Verbums f\u00f6rlag. I b\u00e5da fallen (tror jag) utg\u00e5r texterna fr\u00e5n kyrko\u00e5ret. D\u00e4r finns texter fastst\u00e4llda f\u00f6r varje vecka under \u00e5ret och f\u00f6r stora helgdagar. [&hellip;]","og_url":"https:\/\/blogg.svenskakyrkan.se\/vandravagen\/2013\/11\/26\/en-andlig-kostcirkel\/","og_site_name":"Vandra V\u00e4gen","article_publisher":"http:\/\/facebook.com\/vandravagen","article_published_time":"2013-11-26T09:05:00+00:00","og_image":[{"url":"http:\/\/www.svenskakyrkan.se\/Webbplats\/System\/Bilder\/b1be5776-52cd-4fb9-ad40-8b5ff9886c9e~__H.gif","type":"","width":"","height":""}],"author":"Tomas Jarvid","twitter_card":"summary_large_image","twitter_creator":"@fadertomas","twitter_site":"@fadertomas","twitter_misc":{"Skriven av":"Tomas Jarvid","Ber\u00e4knad l\u00e4stid":"2 minuter"},"schema":{"@context":"https:\/\/schema.org","@graph":[{"@type":"Article","@id":"https:\/\/blogg.svenskakyrkan.se\/vandravagen\/2013\/11\/26\/en-andlig-kostcirkel\/#article","isPartOf":{"@id":"https:\/\/blogg.svenskakyrkan.se\/vandravagen\/2013\/11\/26\/en-andlig-kostcirkel\/"},"author":{"name":"Tomas Jarvid","@id":"https:\/\/blogg.svenskakyrkan.se\/vandravagen\/#\/schema\/person\/25da02d4f76b137d04291711e2c9fc16"},"headline":"En andlig kostcirkel","datePublished":"2013-11-26T09:05:00+00:00","mainEntityOfPage":{"@id":"https:\/\/blogg.svenskakyrkan.se\/vandravagen\/2013\/11\/26\/en-andlig-kostcirkel\/"},"wordCount":400,"commentCount":0,"publisher":{"@id":"https:\/\/blogg.svenskakyrkan.se\/vandravagen\/#organization"},"image":{"@id":"https:\/\/blogg.svenskakyrkan.se\/vandravagen\/2013\/11\/26\/en-andlig-kostcirkel\/#primaryimage"},"thumbnailUrl":"http:\/\/www.svenskakyrkan.se\/Webbplats\/System\/Bilder\/b1be5776-52cd-4fb9-ad40-8b5ff9886c9e~__H.gif","articleSection":["Dagens Kyrka","kyrko\u00e5ret"],"inLanguage":"sv-SE","potentialAction":[{"@type":"CommentAction","name":"Comment","target":["https:\/\/blogg.svenskakyrkan.se\/vandravagen\/2013\/11\/26\/en-andlig-kostcirkel\/#respond"]}]},{"@type":"WebPage","@id":"https:\/\/blogg.svenskakyrkan.se\/vandravagen\/2013\/11\/26\/en-andlig-kostcirkel\/","url":"https:\/\/blogg.svenskakyrkan.se\/vandravagen\/2013\/11\/26\/en-andlig-kostcirkel\/","name":"En andlig kostcirkel - Vandra V\u00e4gen","isPartOf":{"@id":"https:\/\/blogg.svenskakyrkan.se\/vandravagen\/#website"},"primaryImageOfPage":{"@id":"https:\/\/blogg.svenskakyrkan.se\/vandravagen\/2013\/11\/26\/en-andlig-kostcirkel\/#primaryimage"},"image":{"@id":"https:\/\/blogg.svenskakyrkan.se\/vandravagen\/2013\/11\/26\/en-andlig-kostcirkel\/#primaryimage"},"thumbnailUrl":"http:\/\/www.svenskakyrkan.se\/Webbplats\/System\/Bilder\/b1be5776-52cd-4fb9-ad40-8b5ff9886c9e~__H.gif","datePublished":"2013-11-26T09:05:00+00:00","breadcrumb":{"@id":"https:\/\/blogg.svenskakyrkan.se\/vandravagen\/2013\/11\/26\/en-andlig-kostcirkel\/#breadcrumb"},"inLanguage":"sv-SE","potentialAction":[{"@type":"ReadAction","target":["https:\/\/blogg.svenskakyrkan.se\/vandravagen\/2013\/11\/26\/en-andlig-kostcirkel\/"]}]},{"@type":"ImageObject","inLanguage":"sv-SE","@id":"https:\/\/blogg.svenskakyrkan.se\/vandravagen\/2013\/11\/26\/en-andlig-kostcirkel\/#primaryimage","url":"http:\/\/www.svenskakyrkan.se\/Webbplats\/System\/Bilder\/b1be5776-52cd-4fb9-ad40-8b5ff9886c9e~__H.gif","contentUrl":"http:\/\/www.svenskakyrkan.se\/Webbplats\/System\/Bilder\/b1be5776-52cd-4fb9-ad40-8b5ff9886c9e~__H.gif"},{"@type":"BreadcrumbList","@id":"https:\/\/blogg.svenskakyrkan.se\/vandravagen\/2013\/11\/26\/en-andlig-kostcirkel\/#breadcrumb","itemListElement":[{"@type":"ListItem","position":1,"name":"Hem","item":"https:\/\/blogg.svenskakyrkan.se\/vandravagen\/"},{"@type":"ListItem","position":2,"name":"En andlig kostcirkel"}]},{"@type":"WebSite","@id":"https:\/\/blogg.svenskakyrkan.se\/vandravagen\/#website","url":"https:\/\/blogg.svenskakyrkan.se\/vandravagen\/","name":"Vandra V\u00e4gen","description":"-Mot en tro f\u00f6r hela livet","publisher":{"@id":"https:\/\/blogg.svenskakyrkan.se\/vandravagen\/#organization"},"potentialAction":[{"@type":"SearchAction","target":{"@type":"EntryPoint","urlTemplate":"https:\/\/blogg.svenskakyrkan.se\/vandravagen\/?s={search_term_string}"},"query-input":{"@type":"PropertyValueSpecification","valueRequired":true,"valueName":"search_term_string"}}],"inLanguage":"sv-SE"},{"@type":"Organization","@id":"https:\/\/blogg.svenskakyrkan.se\/vandravagen\/#organization","name":"ulricehamns pastorat","alternateName":"ulricehamns pastorat","url":"https:\/\/blogg.svenskakyrkan.se\/vandravagen\/","logo":{"@type":"ImageObject","inLanguage":"sv-SE","@id":"https:\/\/blogg.svenskakyrkan.se\/vandravagen\/#\/schema\/logo\/image\/","url":"https:\/\/blogg.svenskakyrkan.se\/vandravagen\/files\/2023\/05\/Ulr_logo_RGB.png","contentUrl":"https:\/\/blogg.svenskakyrkan.se\/vandravagen\/files\/2023\/05\/Ulr_logo_RGB.png","width":205,"height":77,"caption":"ulricehamns pastorat"},"image":{"@id":"https:\/\/blogg.svenskakyrkan.se\/vandravagen\/#\/schema\/logo\/image\/"},"sameAs":["http:\/\/facebook.com\/vandravagen","https:\/\/x.com\/fadertomas","http:\/\/www.facebook.com\/svenskakyrkaniulricehamn"]},{"@type":"Person","@id":"https:\/\/blogg.svenskakyrkan.se\/vandravagen\/#\/schema\/person\/25da02d4f76b137d04291711e2c9fc16","name":"Tomas Jarvid","image":{"@type":"ImageObject","inLanguage":"sv-SE","@id":"https:\/\/blogg.svenskakyrkan.se\/vandravagen\/#\/schema\/person\/image\/","url":"https:\/\/secure.gravatar.com\/avatar\/7fa71899795e8f540f615a1f5ab25255dc27aa40f05ee7ddd21aac521e01bf50?s=96&d=identicon&r=g","contentUrl":"https:\/\/secure.gravatar.com\/avatar\/7fa71899795e8f540f615a1f5ab25255dc27aa40f05ee7ddd21aac521e01bf50?s=96&d=identicon&r=g","caption":"Tomas Jarvid"},"description":"Jag bor i Ulricehamn i V\u00e4sterg\u00f6tland och \u00e4r f\u00f6rsamlingspr\u00e4st i Svenska Kyrkan f\u00f6r Dalstorps f\u00f6rsamling i Kinds pastorat. P\u00e5 den h\u00e4r bloggen skriver jag ner tankar om vandringen som kristen.","sameAs":["http:\/\/www.vandravagen.se"],"url":"https:\/\/blogg.svenskakyrkan.se\/vandravagen\/author\/vandravagen\/"}]}},"author_meta":{"ID":"392","user_nicename":"vandravagen","user_url":"http:\/\/www.vandravagen.se","user_registered":"2014-05-19 05:44:52","display_name":"Tomas Jarvid","first_name":"Tomas","last_name":"Jarvid","avatar":"https:\/\/secure.gravatar.com\/avatar\/7fa71899795e8f540f615a1f5ab25255dc27aa40f05ee7ddd21aac521e01bf50?s=96&d=identicon&r=g"},"featured_image":false,"bloginfo":{"name":"Vandra V\u00e4gen","url":"https:\/\/blogg.svenskakyrkan.se\/vandravagen"},"_links":{"self":[{"href":"https:\/\/blogg.svenskakyrkan.se\/vandravagen\/wp-json\/wp\/v2\/posts\/264","targetHints":{"allow":["GET"]}}],"collection":[{"href":"https:\/\/blogg.svenskakyrkan.se\/vandravagen\/wp-json\/wp\/v2\/posts"}],"about":[{"href":"https:\/\/blogg.svenskakyrkan.se\/vandravagen\/wp-json\/wp\/v2\/types\/post"}],"author":[{"embeddable":true,"href":"https:\/\/blogg.svenskakyrkan.se\/vandravagen\/wp-json\/wp\/v2\/users\/392"}],"replies":[{"embeddable":true,"href":"https:\/\/blogg.svenskakyrkan.se\/vandravagen\/wp-json\/wp\/v2\/comments?post=264"}],"version-history":[{"count":0,"href":"https:\/\/blogg.svenskakyrkan.se\/vandravagen\/wp-json\/wp\/v2\/posts\/264\/revisions"}],"wp:attachment":[{"href":"https:\/\/blogg.svenskakyrkan.se\/vandravagen\/wp-json\/wp\/v2\/media?parent=264"}],"wp:term":[{"taxonomy":"category","embeddable":true,"href":"https:\/\/blogg.svenskakyrkan.se\/vandravagen\/wp-json\/wp\/v2\/categories?post=264"},{"taxonomy":"post_tag","embeddable":true,"href":"https:\/\/blogg.svenskakyrkan.se\/vandravagen\/wp-json\/wp\/v2\/tags?post=264"}],"curies":[{"name":"wp","href":"https:\/\/api.w.org\/{rel}","templated":true}]}}