{"id":266,"date":"2013-11-25T10:03:00","date_gmt":"2013-11-25T09:03:00","guid":{"rendered":"http:\/\/blogg.svenskakyrkan.se\/vandravagen\/2013\/11\/25\/konungens-och-segerns-dag\/"},"modified":"2013-11-25T10:03:00","modified_gmt":"2013-11-25T09:03:00","slug":"konungens-och-segerns-dag","status":"publish","type":"post","link":"https:\/\/blogg.svenskakyrkan.se\/vandravagen\/2013\/11\/25\/konungens-och-segerns-dag\/","title":{"rendered":"Konungens och segerns dag"},"content":{"rendered":"<p>Jag tycker ju det \u00e4r roligt att anv\u00e4nda ny teknik s\u00e5 jag hade verkligen sett fram emot att l\u00e4gga upp en ny podpredikan idag, fr\u00e5n g\u00e5rdagens h\u00f6gm\u00e4ssa. &#8221;S\u00f6ndag hela veckan&#8221; som l\u00e4gger ut filerna p\u00e5 iTunes verkar dessutom ha lagt till bra funktioner f\u00f6r nedladdning och annat, och predikan blev dessutom bra i stunden den predikades. Det \u00e4r ju i mycket ett samspel mellan predikant och f\u00f6rsamling hur det blir till slut. Men s\u00e5 blev ljudet p\u00e5 inspelningen j\u00e4tted\u00e5ligt. Tr\u00e5kigt. Det blir en ny chans n\u00e4sta vecka.<\/p>\n<p>H\u00e4r \u00e4r i alla fall predikan p\u00e5 doms\u00f6ndagen, eller &#8221;Kristus, konungens dag&#8221;, som den heter p\u00e5 m\u00e5nga h\u00e5ll i v\u00e4rlden:<\/p>\n<table align=\"center\" cellpadding=\"0\" cellspacing=\"0\">\n<tbody>\n<tr>\n<td><a href=\"http:\/\/2.bp.blogspot.com\/-e3T5iHk1WQ8\/UpMD_qmeukI\/AAAAAAAAF9w\/VuPA9OZGuiI\/s1600\/IMG_2490.JPG\"><img loading=\"lazy\" decoding=\"async\" border=\"0\" height=\"530\" src=\"http:\/\/2.bp.blogspot.com\/-e3T5iHk1WQ8\/UpMD_qmeukI\/AAAAAAAAF9w\/VuPA9OZGuiI\/s640\/IMG_2490.JPG\" width=\"640\"><\/a><\/td>\n<\/tr>\n<tr>\n<td>M\u00e5nga kungar. I Uppenbarelsebokens slut st\u00e5r det att vi ska vara kungar fr\u00e5n evighet till evighet. Hoppas man slipper uniform&#8230;<\/td>\n<\/tr>\n<\/tbody>\n<\/table>\n<p><b>Predikan i Kinne-kleva kyrka\u00a0<\/b><br \/>Doms\u00f6ndagen \u00e4r en av de allra viktigaste s\u00f6ndagarna p\u00e5 \u00e5ret. Det \u00e4r fr\u00e5n det den h\u00e4r dagen handlar om som vi har v\u00e5rt ofattbart stora och underbara kristna hopp. Det \u00e4r dagen som p\u00e5 v\u00e4ldigt m\u00e5nga h\u00e5ll runtom i v\u00e4rlden g\u00e5r under namnet \u201dKristus konungens dag\u201d, segerns dag. \u201dHerrens dag\u201d kallas den redan av gamla testamentets profeter. Jesu \u00e5terkomst \u00e4r inte ett hot utan ett l\u00f6fte till denna lidande v\u00e4rld! <\/p>\n<p>Vi vet att Jesus seger \u00f6ver ondska, synd och d\u00f6d redan \u00e4r vunnen genom det som skedde p\u00e5 korset och i graven som var tom p\u00e5 p\u00e5skdagens morgon. Samtidigt ser vi all ondska i v\u00e4rlden, den verkar finnas kvar? Tydligast i nya testamentet blir det h\u00e4r om man l\u00e4ser Paulus i lite st\u00f6rre sjok s\u00e5 man f\u00e5r sammanhangen klara f\u00f6r sig. Han skriver utifr\u00e5n att det redan skett men att det \u00e4nd\u00e5 inte skett f\u00e4rdigt \u00e4n, Guds r\u00e4ddningsverk. Han gl\u00e4ds \u00e5t att segern \u00e4r vunnen av den korsf\u00e4ste Kristus, inget kan skilja mig fr\u00e5n Guds k\u00e4rlek, skriver han, samtidigt som han ocks\u00e5 kan ber\u00e4tta om hur han kan m\u00e4rka att han fortfarande \u00e4r f\u00e5ngen under syndens lag i sina lemmar, inte nog med att det onda finns i v\u00e4rlden, det finns i honom sj\u00e4lv fortfarande! Men s\u00e5 ska det inte alltid vara! Gud ska l\u00e4gga allting under Sonens v\u00e4lde. Guds goda vilja ska ske och Gud ska vara allt i alla. <\/p>\n<p>Ibland h\u00f6r man en liknelse vid andra v\u00e4rldskriget. Kriget var i princip avgjort n\u00e4r de allierade trupperna landstigit i Normandie p\u00e5 dagen D. Tyskarna hade inte en chans att h\u00e5lla tv\u00e5 fronter i Europa och det vara bara en tidsfr\u00e5ga innan de skulle ge upp. Nu var de dock inte alls ben\u00e4gna att ge upp snabbt s\u00e5 att skadorna blev s\u00e5 sm\u00e5 som m\u00f6jligt utan s\u00e5lde sig dyrt, \u00f6delade en ofattbar m\u00e4ngd liv till, fast saken var f\u00f6rlorad f\u00f6r dem. P\u00e5 samma s\u00e4tt har det goda egentligen redan segrat genom Jesu d\u00f6d och uppst\u00e5ndelse, det \u00e4r bara det att lidandet forts\u00e4tter ett tag till. Paulus skriver att det \u00e4r f\u00f6r v\u00e5r skull det f\u00e5r vara s\u00e5, f\u00f6r att vi ska hinna byta sida och g\u00e5 in under Jesu v\u00e4lde av egen vilja. Man kan <\/p>\n<p>likna oss m\u00e4nniskor, tyv\u00e4rr, vid rebeller som ofta st\u00e5r emot det goda h\u00e4r i v\u00e4rlden, det onda har en allierad i var och en av oss. Tur att det goda har det ocks\u00e5! <\/p>\n<p>Men en dag hade \u00e4nd\u00e5 den sista bomben fallit. Befrielsens dag d\u00e5 man firade p\u00e5 gatorna och kastade ner papper fr\u00e5n husen och var glada att kriget var slut. N\u00e4r det g\u00e4ller Herrens dag, s\u00e5 \u00e4r det inte bara den sista bomben som fallit, det har ocks\u00e5 den sista \u00f6rfilen, den sista sjuks\u00e4ngen \u00e4r tom, den sista or\u00e4ttvisan \u00e4r utj\u00e4mnad, det sista brottsoffret har f\u00e5tt uppr\u00e4ttelse, den sista familjefejden har tagit slut, den sista terroristen har lagt ner sina vapen, den sista ensamheten \u00e4r borta. Herren sj\u00e4lv ska g\u00f6ra d\u00f6den om intet, ondskan om intet, lidandet om intet och han ska torka alla t\u00e5rar fr\u00e5n v\u00e5ran \u00f6gon. Med sina egna genomstungna h\u00e4nder (utan handskar). Herrens lidelse ska g\u00f6ra detta. En ny himmel och en ny jord d\u00e4r r\u00e4ttf\u00e4rdighet och fred och gl\u00e4dje inf\u00f6r Guds ansikte \u00e4r det som pr\u00e4glar tillvaron. S\u00e5 slutar den bibliska ber\u00e4ttelsen! <\/p>\n<p>Javisst, men g\u00e4ller det mig? I dagens l\u00e4sningar har vi h\u00f6rt Daniels vision av Gud, den helige Guden fr\u00e5n vars tron det str\u00f6mmar fram eld och som l\u00e5ter h\u00e4mta sina b\u00f6cker och l\u00e5ter domare tr\u00e4da fram. Det \u00e4r f\u00f6r \u00f6vrigt enda g\u00e5ngen vi f\u00e5r Gud beskriven f\u00f6r oss som en gammal man i bibeln vad jag vet. Samma sak i uppenbarelseboken. Det \u00e4r p\u00e5 en och samma g\u00e5ng en av de allra mest upplyftande och hoppingivande texterna som finns i bibeln, om hur Gud ska f\u00f6rnya hela skapelsen och \u00e5teruppr\u00e4tta alla fallna. Men det \u00e4r ocks\u00e5 djupt allvarliga ord och ocks\u00e5 h\u00e4r \u00f6ppnas det b\u00f6cker och m\u00e4nniskor d\u00f6ms efter det som st\u00e5r i b\u00f6ckerna. Jesus har ju sagt att en dag ska allt komma fram i ljuset, b\u00e5de m\u00e4nniskors goda handlingar och de onda. Inte konstigt att man skyr det ljuset om ens handlingar varit onda. Vi \u00e4r m\u00e5nga som har gjort onda g\u00e4rningar. Alla. <\/p>\n<p>Det d\u00e4r \u00e4r ot\u00e4ckt fast \u00e5 andra sidan tror jag inte vi vill ha det p\u00e5 n\u00e5got annat s\u00e4tt? Visst att jag kanske inte vill att det jag sj\u00e4lv dolt bakom vackra ord och falska leenden ska komma i dagen men \u00e5 andra sidan,\u00a0det andra onda d\u00e5- det som folk gjort mot mig? Det som krigsherrarna i Syrien eller Afghanistan g\u00f6r mot sina medm\u00e4nniskor, ska inte r\u00e4ttvisa skipas d\u00e4r, m\u00e4nniskor st\u00e4llas till svars f\u00f6r vad de gjort? <\/p>\n<p>Jag l\u00e4ste om n\u00e4r Saddam Hussein blev d\u00f6md. Det var m\u00e5nga som inte var glada n\u00e4r han avr\u00e4ttades, inte f\u00f6r att de tyckte s\u00e5 v\u00e4rst mycket om honom utan f\u00f6r att sanningen aldrig kom fram helt. Kurderna hade blivit utsatta f\u00f6r enormt lidande under l\u00e5ng tid men de brotten kom aldrig upp till \u00e5tal, n\u00e4r man tyckte att man hade tillr\u00e4ckligt mycket att s\u00e4tta dit Saddam Hussein f\u00f6r s\u00e5 verkst\u00e4llde man d\u00f6dsstraffet. Men det betydde att kurderna aldrig fick n\u00e5got erk\u00e4nnande f\u00f6r det de blivit utsatta f\u00f6r. Ingen blev st\u00e4lld till svars f\u00f6r det. Det var inte h\u00e4mnden som egentligen var det viktigaste utan r\u00e4ttvisan! Gud kan inte heller sl\u00e4ta \u00f6ver n\u00e5gra brott men han vill oss v\u00e4l och vill r\u00e4dda oss. Tvivlar vi p\u00e5 det f\u00e5r vi v\u00e4nda blicken mot mannen p\u00e5 korset. Han ger r\u00e4ddning \u00e5t den som tar emot. <\/p>\n<p>M\u00e4nniskorna ska d\u00f6mas efter det som st\u00e5r i b\u00f6ckerna. Men de som st\u00e5r i livets bok ska r\u00e4ddas. Man kunde t\u00e4nka sig att Gud var som en d\u00e5lig l\u00e4rare eller chef som tittar bort och l\u00e5tsas inte se n\u00e4r n\u00e5gon blir utsatt f\u00f6r d\u00e5lig behandling men vad vore det f\u00f6r Gud? Gud ser allt. Tur att han ocks\u00e5 ser p\u00e5 oss med k\u00e4rlek. Hur det g\u00e5r i domen \u00e4r det ingen av oss som vet. G\u00e5r n\u00e5gon f\u00f6rlorad? Finns det n\u00e5gon Gud inte lyckas vinna med sin k\u00e4rlek? Det f\u00e5r vi l\u00e4mna till Gud. Men om vi sj\u00e4lva tvivlar p\u00e5 v\u00e5r st\u00e4llning inf\u00f6r Gud ska vi inte bed\u00f6ma oss sj\u00e4lva utan lyssna p\u00e5 Guds l\u00f6ften till oss. <\/p>\n<p>Jag har p\u00e5 mig pr\u00e4stens vita kl\u00e4der. Egentligen \u00e4r det de kl\u00e4der vi alla har inf\u00f6r Gud, dopdr\u00e4kten. Det \u00e4r rena kl\u00e4der men de \u00e4r inte v\u00e5ra. Vi har f\u00e5tt l\u00e5na dem. Det \u00e4r Jesu kl\u00e4der. N\u00e4r Gud ser p\u00e5 oss ser han inte p\u00e5 v\u00e5ra synder utan p\u00e5 Jesu fullkomlighet som vi f\u00e5tt kl\u00e4 p\u00e5 oss. Han tar v\u00e5r synd, vi f\u00e5r liv i utbyte! S\u00e5 \u00e4r det att ha en fr\u00e4lsare. \u00c5terst\u00e5r d\u00e5 ocks\u00e5 att leva som en som har p\u00e5 sig Jesu r\u00e4ttf\u00e4rdighet, det s\u00e4tter viss press p\u00e5 hur man beter sig, men Guds k\u00e4rlek till oss beror inte av v\u00e5ra prestationer.<\/p>\n<p>F\u00f6r att sammanfatta:<br \/> Herrens dag, den stora och underbara, d\u00e5 ingen n\u00f6d och ingen klagan ska finnas mer. Den f\u00e5r vi med gl\u00e4dje och b\u00e4van v\u00e4nta p\u00e5. Den kristna ber\u00e4ttelsen slutar i <\/p>\n<p>Slutet gott allting gott. Och \u00e4r inte allt gott \u00e4n s\u00e5 \u00e4r inte allt slut \u00e4n. <\/p>\n<div title=\"Page 4\">\n<div>\n<div>\n<div>     <\/div>\n<\/div>\n<\/div>\n<\/div>\n","protected":false},"excerpt":{"rendered":"<p>Jag tycker ju det \u00e4r roligt att anv\u00e4nda ny teknik s\u00e5 jag hade verkligen sett fram emot att l\u00e4gga upp en ny podpredikan idag, fr\u00e5n g\u00e5rdagens h\u00f6gm\u00e4ssa. &#8221;S\u00f6ndag hela veckan&#8221; som l\u00e4gger ut filerna p\u00e5 iTunes verkar dessutom ha lagt till bra funktioner f\u00f6r nedladdning och annat, och predikan blev dessutom bra i stunden den [&hellip;]<\/p>\n","protected":false},"author":392,"featured_media":0,"comment_status":"open","ping_status":"open","sticky":false,"template":"","format":"standard","meta":{"_acf_changed":false,"footnotes":""},"categories":[76189,8265,8252,114],"tags":[],"class_list":["post-266","post","type-post","status-publish","format-standard","hentry","category-dagens-kyrka","category-gudstjanst","category-kyrkoaret","category-predikan"],"acf":[],"yoast_head":"<!-- This site is optimized with the Yoast SEO plugin v27.1.1 - https:\/\/yoast.com\/product\/yoast-seo-wordpress\/ -->\n<title>Konungens och segerns dag - Vandra V\u00e4gen<\/title>\n<meta name=\"robots\" content=\"index, follow, max-snippet:-1, max-image-preview:large, max-video-preview:-1\" \/>\n<link rel=\"canonical\" href=\"https:\/\/blogg.svenskakyrkan.se\/vandravagen\/2013\/11\/25\/konungens-och-segerns-dag\/\" \/>\n<meta property=\"og:locale\" content=\"sv_SE\" \/>\n<meta property=\"og:type\" content=\"article\" \/>\n<meta property=\"og:title\" content=\"Konungens och segerns dag - Vandra V\u00e4gen\" \/>\n<meta property=\"og:description\" content=\"Jag tycker ju det \u00e4r roligt att anv\u00e4nda ny teknik s\u00e5 jag hade verkligen sett fram emot att l\u00e4gga upp en ny podpredikan idag, fr\u00e5n g\u00e5rdagens h\u00f6gm\u00e4ssa. &#8221;S\u00f6ndag hela veckan&#8221; som l\u00e4gger ut filerna p\u00e5 iTunes verkar dessutom ha lagt till bra funktioner f\u00f6r nedladdning och annat, och predikan blev dessutom bra i stunden den [&hellip;]\" \/>\n<meta property=\"og:url\" content=\"https:\/\/blogg.svenskakyrkan.se\/vandravagen\/2013\/11\/25\/konungens-och-segerns-dag\/\" \/>\n<meta property=\"og:site_name\" content=\"Vandra V\u00e4gen\" \/>\n<meta property=\"article:publisher\" content=\"http:\/\/facebook.com\/vandravagen\" \/>\n<meta property=\"article:published_time\" content=\"2013-11-25T09:03:00+00:00\" \/>\n<meta property=\"og:image\" content=\"http:\/\/2.bp.blogspot.com\/-e3T5iHk1WQ8\/UpMD_qmeukI\/AAAAAAAAF9w\/VuPA9OZGuiI\/s640\/IMG_2490.JPG\" \/>\n<meta name=\"author\" content=\"Tomas Jarvid\" \/>\n<meta name=\"twitter:card\" content=\"summary_large_image\" \/>\n<meta name=\"twitter:creator\" content=\"@fadertomas\" \/>\n<meta name=\"twitter:site\" content=\"@fadertomas\" \/>\n<meta name=\"twitter:label1\" content=\"Skriven av\" \/>\n\t<meta name=\"twitter:data1\" content=\"Tomas Jarvid\" \/>\n\t<meta name=\"twitter:label2\" content=\"Ber\u00e4knad l\u00e4stid\" \/>\n\t<meta name=\"twitter:data2\" content=\"8 minuter\" \/>\n<script type=\"application\/ld+json\" class=\"yoast-schema-graph\">{\"@context\":\"https:\/\/schema.org\",\"@graph\":[{\"@type\":\"Article\",\"@id\":\"https:\/\/blogg.svenskakyrkan.se\/vandravagen\/2013\/11\/25\/konungens-och-segerns-dag\/#article\",\"isPartOf\":{\"@id\":\"https:\/\/blogg.svenskakyrkan.se\/vandravagen\/2013\/11\/25\/konungens-och-segerns-dag\/\"},\"author\":{\"name\":\"Tomas Jarvid\",\"@id\":\"https:\/\/blogg.svenskakyrkan.se\/vandravagen\/#\/schema\/person\/25da02d4f76b137d04291711e2c9fc16\"},\"headline\":\"Konungens och segerns dag\",\"datePublished\":\"2013-11-25T09:03:00+00:00\",\"mainEntityOfPage\":{\"@id\":\"https:\/\/blogg.svenskakyrkan.se\/vandravagen\/2013\/11\/25\/konungens-och-segerns-dag\/\"},\"wordCount\":1557,\"commentCount\":0,\"publisher\":{\"@id\":\"https:\/\/blogg.svenskakyrkan.se\/vandravagen\/#organization\"},\"image\":{\"@id\":\"https:\/\/blogg.svenskakyrkan.se\/vandravagen\/2013\/11\/25\/konungens-och-segerns-dag\/#primaryimage\"},\"thumbnailUrl\":\"http:\/\/2.bp.blogspot.com\/-e3T5iHk1WQ8\/UpMD_qmeukI\/AAAAAAAAF9w\/VuPA9OZGuiI\/s640\/IMG_2490.JPG\",\"articleSection\":[\"Dagens Kyrka\",\"Gudstj\u00e4nst\",\"kyrko\u00e5ret\",\"predikan\"],\"inLanguage\":\"sv-SE\",\"potentialAction\":[{\"@type\":\"CommentAction\",\"name\":\"Comment\",\"target\":[\"https:\/\/blogg.svenskakyrkan.se\/vandravagen\/2013\/11\/25\/konungens-och-segerns-dag\/#respond\"]}]},{\"@type\":\"WebPage\",\"@id\":\"https:\/\/blogg.svenskakyrkan.se\/vandravagen\/2013\/11\/25\/konungens-och-segerns-dag\/\",\"url\":\"https:\/\/blogg.svenskakyrkan.se\/vandravagen\/2013\/11\/25\/konungens-och-segerns-dag\/\",\"name\":\"Konungens och segerns dag - Vandra V\u00e4gen\",\"isPartOf\":{\"@id\":\"https:\/\/blogg.svenskakyrkan.se\/vandravagen\/#website\"},\"primaryImageOfPage\":{\"@id\":\"https:\/\/blogg.svenskakyrkan.se\/vandravagen\/2013\/11\/25\/konungens-och-segerns-dag\/#primaryimage\"},\"image\":{\"@id\":\"https:\/\/blogg.svenskakyrkan.se\/vandravagen\/2013\/11\/25\/konungens-och-segerns-dag\/#primaryimage\"},\"thumbnailUrl\":\"http:\/\/2.bp.blogspot.com\/-e3T5iHk1WQ8\/UpMD_qmeukI\/AAAAAAAAF9w\/VuPA9OZGuiI\/s640\/IMG_2490.JPG\",\"datePublished\":\"2013-11-25T09:03:00+00:00\",\"breadcrumb\":{\"@id\":\"https:\/\/blogg.svenskakyrkan.se\/vandravagen\/2013\/11\/25\/konungens-och-segerns-dag\/#breadcrumb\"},\"inLanguage\":\"sv-SE\",\"potentialAction\":[{\"@type\":\"ReadAction\",\"target\":[\"https:\/\/blogg.svenskakyrkan.se\/vandravagen\/2013\/11\/25\/konungens-och-segerns-dag\/\"]}]},{\"@type\":\"ImageObject\",\"inLanguage\":\"sv-SE\",\"@id\":\"https:\/\/blogg.svenskakyrkan.se\/vandravagen\/2013\/11\/25\/konungens-och-segerns-dag\/#primaryimage\",\"url\":\"http:\/\/2.bp.blogspot.com\/-e3T5iHk1WQ8\/UpMD_qmeukI\/AAAAAAAAF9w\/VuPA9OZGuiI\/s640\/IMG_2490.JPG\",\"contentUrl\":\"http:\/\/2.bp.blogspot.com\/-e3T5iHk1WQ8\/UpMD_qmeukI\/AAAAAAAAF9w\/VuPA9OZGuiI\/s640\/IMG_2490.JPG\"},{\"@type\":\"BreadcrumbList\",\"@id\":\"https:\/\/blogg.svenskakyrkan.se\/vandravagen\/2013\/11\/25\/konungens-och-segerns-dag\/#breadcrumb\",\"itemListElement\":[{\"@type\":\"ListItem\",\"position\":1,\"name\":\"Hem\",\"item\":\"https:\/\/blogg.svenskakyrkan.se\/vandravagen\/\"},{\"@type\":\"ListItem\",\"position\":2,\"name\":\"Konungens och segerns dag\"}]},{\"@type\":\"WebSite\",\"@id\":\"https:\/\/blogg.svenskakyrkan.se\/vandravagen\/#website\",\"url\":\"https:\/\/blogg.svenskakyrkan.se\/vandravagen\/\",\"name\":\"Vandra V\u00e4gen\",\"description\":\"-Mot en tro f\u00f6r hela livet\",\"publisher\":{\"@id\":\"https:\/\/blogg.svenskakyrkan.se\/vandravagen\/#organization\"},\"potentialAction\":[{\"@type\":\"SearchAction\",\"target\":{\"@type\":\"EntryPoint\",\"urlTemplate\":\"https:\/\/blogg.svenskakyrkan.se\/vandravagen\/?s={search_term_string}\"},\"query-input\":{\"@type\":\"PropertyValueSpecification\",\"valueRequired\":true,\"valueName\":\"search_term_string\"}}],\"inLanguage\":\"sv-SE\"},{\"@type\":\"Organization\",\"@id\":\"https:\/\/blogg.svenskakyrkan.se\/vandravagen\/#organization\",\"name\":\"ulricehamns pastorat\",\"alternateName\":\"ulricehamns pastorat\",\"url\":\"https:\/\/blogg.svenskakyrkan.se\/vandravagen\/\",\"logo\":{\"@type\":\"ImageObject\",\"inLanguage\":\"sv-SE\",\"@id\":\"https:\/\/blogg.svenskakyrkan.se\/vandravagen\/#\/schema\/logo\/image\/\",\"url\":\"https:\/\/blogg.svenskakyrkan.se\/vandravagen\/files\/2023\/05\/Ulr_logo_RGB.png\",\"contentUrl\":\"https:\/\/blogg.svenskakyrkan.se\/vandravagen\/files\/2023\/05\/Ulr_logo_RGB.png\",\"width\":205,\"height\":77,\"caption\":\"ulricehamns pastorat\"},\"image\":{\"@id\":\"https:\/\/blogg.svenskakyrkan.se\/vandravagen\/#\/schema\/logo\/image\/\"},\"sameAs\":[\"http:\/\/facebook.com\/vandravagen\",\"https:\/\/x.com\/fadertomas\",\"http:\/\/www.facebook.com\/svenskakyrkaniulricehamn\"]},{\"@type\":\"Person\",\"@id\":\"https:\/\/blogg.svenskakyrkan.se\/vandravagen\/#\/schema\/person\/25da02d4f76b137d04291711e2c9fc16\",\"name\":\"Tomas Jarvid\",\"image\":{\"@type\":\"ImageObject\",\"inLanguage\":\"sv-SE\",\"@id\":\"https:\/\/blogg.svenskakyrkan.se\/vandravagen\/#\/schema\/person\/image\/\",\"url\":\"https:\/\/secure.gravatar.com\/avatar\/7fa71899795e8f540f615a1f5ab25255dc27aa40f05ee7ddd21aac521e01bf50?s=96&d=identicon&r=g\",\"contentUrl\":\"https:\/\/secure.gravatar.com\/avatar\/7fa71899795e8f540f615a1f5ab25255dc27aa40f05ee7ddd21aac521e01bf50?s=96&d=identicon&r=g\",\"caption\":\"Tomas Jarvid\"},\"description\":\"Jag bor i Ulricehamn i V\u00e4sterg\u00f6tland och \u00e4r f\u00f6rsamlingspr\u00e4st i Svenska Kyrkan f\u00f6r Dalstorps f\u00f6rsamling i Kinds pastorat. P\u00e5 den h\u00e4r bloggen skriver jag ner tankar om vandringen som kristen.\",\"sameAs\":[\"http:\/\/www.vandravagen.se\"],\"url\":\"https:\/\/blogg.svenskakyrkan.se\/vandravagen\/author\/vandravagen\/\"}]}<\/script>\n<!-- \/ Yoast SEO plugin. -->","yoast_head_json":{"title":"Konungens och segerns dag - Vandra V\u00e4gen","robots":{"index":"index","follow":"follow","max-snippet":"max-snippet:-1","max-image-preview":"max-image-preview:large","max-video-preview":"max-video-preview:-1"},"canonical":"https:\/\/blogg.svenskakyrkan.se\/vandravagen\/2013\/11\/25\/konungens-och-segerns-dag\/","og_locale":"sv_SE","og_type":"article","og_title":"Konungens och segerns dag - Vandra V\u00e4gen","og_description":"Jag tycker ju det \u00e4r roligt att anv\u00e4nda ny teknik s\u00e5 jag hade verkligen sett fram emot att l\u00e4gga upp en ny podpredikan idag, fr\u00e5n g\u00e5rdagens h\u00f6gm\u00e4ssa. &#8221;S\u00f6ndag hela veckan&#8221; som l\u00e4gger ut filerna p\u00e5 iTunes verkar dessutom ha lagt till bra funktioner f\u00f6r nedladdning och annat, och predikan blev dessutom bra i stunden den [&hellip;]","og_url":"https:\/\/blogg.svenskakyrkan.se\/vandravagen\/2013\/11\/25\/konungens-och-segerns-dag\/","og_site_name":"Vandra V\u00e4gen","article_publisher":"http:\/\/facebook.com\/vandravagen","article_published_time":"2013-11-25T09:03:00+00:00","og_image":[{"url":"http:\/\/2.bp.blogspot.com\/-e3T5iHk1WQ8\/UpMD_qmeukI\/AAAAAAAAF9w\/VuPA9OZGuiI\/s640\/IMG_2490.JPG","type":"","width":"","height":""}],"author":"Tomas Jarvid","twitter_card":"summary_large_image","twitter_creator":"@fadertomas","twitter_site":"@fadertomas","twitter_misc":{"Skriven av":"Tomas Jarvid","Ber\u00e4knad l\u00e4stid":"8 minuter"},"schema":{"@context":"https:\/\/schema.org","@graph":[{"@type":"Article","@id":"https:\/\/blogg.svenskakyrkan.se\/vandravagen\/2013\/11\/25\/konungens-och-segerns-dag\/#article","isPartOf":{"@id":"https:\/\/blogg.svenskakyrkan.se\/vandravagen\/2013\/11\/25\/konungens-och-segerns-dag\/"},"author":{"name":"Tomas Jarvid","@id":"https:\/\/blogg.svenskakyrkan.se\/vandravagen\/#\/schema\/person\/25da02d4f76b137d04291711e2c9fc16"},"headline":"Konungens och segerns dag","datePublished":"2013-11-25T09:03:00+00:00","mainEntityOfPage":{"@id":"https:\/\/blogg.svenskakyrkan.se\/vandravagen\/2013\/11\/25\/konungens-och-segerns-dag\/"},"wordCount":1557,"commentCount":0,"publisher":{"@id":"https:\/\/blogg.svenskakyrkan.se\/vandravagen\/#organization"},"image":{"@id":"https:\/\/blogg.svenskakyrkan.se\/vandravagen\/2013\/11\/25\/konungens-och-segerns-dag\/#primaryimage"},"thumbnailUrl":"http:\/\/2.bp.blogspot.com\/-e3T5iHk1WQ8\/UpMD_qmeukI\/AAAAAAAAF9w\/VuPA9OZGuiI\/s640\/IMG_2490.JPG","articleSection":["Dagens Kyrka","Gudstj\u00e4nst","kyrko\u00e5ret","predikan"],"inLanguage":"sv-SE","potentialAction":[{"@type":"CommentAction","name":"Comment","target":["https:\/\/blogg.svenskakyrkan.se\/vandravagen\/2013\/11\/25\/konungens-och-segerns-dag\/#respond"]}]},{"@type":"WebPage","@id":"https:\/\/blogg.svenskakyrkan.se\/vandravagen\/2013\/11\/25\/konungens-och-segerns-dag\/","url":"https:\/\/blogg.svenskakyrkan.se\/vandravagen\/2013\/11\/25\/konungens-och-segerns-dag\/","name":"Konungens och segerns dag - Vandra V\u00e4gen","isPartOf":{"@id":"https:\/\/blogg.svenskakyrkan.se\/vandravagen\/#website"},"primaryImageOfPage":{"@id":"https:\/\/blogg.svenskakyrkan.se\/vandravagen\/2013\/11\/25\/konungens-och-segerns-dag\/#primaryimage"},"image":{"@id":"https:\/\/blogg.svenskakyrkan.se\/vandravagen\/2013\/11\/25\/konungens-och-segerns-dag\/#primaryimage"},"thumbnailUrl":"http:\/\/2.bp.blogspot.com\/-e3T5iHk1WQ8\/UpMD_qmeukI\/AAAAAAAAF9w\/VuPA9OZGuiI\/s640\/IMG_2490.JPG","datePublished":"2013-11-25T09:03:00+00:00","breadcrumb":{"@id":"https:\/\/blogg.svenskakyrkan.se\/vandravagen\/2013\/11\/25\/konungens-och-segerns-dag\/#breadcrumb"},"inLanguage":"sv-SE","potentialAction":[{"@type":"ReadAction","target":["https:\/\/blogg.svenskakyrkan.se\/vandravagen\/2013\/11\/25\/konungens-och-segerns-dag\/"]}]},{"@type":"ImageObject","inLanguage":"sv-SE","@id":"https:\/\/blogg.svenskakyrkan.se\/vandravagen\/2013\/11\/25\/konungens-och-segerns-dag\/#primaryimage","url":"http:\/\/2.bp.blogspot.com\/-e3T5iHk1WQ8\/UpMD_qmeukI\/AAAAAAAAF9w\/VuPA9OZGuiI\/s640\/IMG_2490.JPG","contentUrl":"http:\/\/2.bp.blogspot.com\/-e3T5iHk1WQ8\/UpMD_qmeukI\/AAAAAAAAF9w\/VuPA9OZGuiI\/s640\/IMG_2490.JPG"},{"@type":"BreadcrumbList","@id":"https:\/\/blogg.svenskakyrkan.se\/vandravagen\/2013\/11\/25\/konungens-och-segerns-dag\/#breadcrumb","itemListElement":[{"@type":"ListItem","position":1,"name":"Hem","item":"https:\/\/blogg.svenskakyrkan.se\/vandravagen\/"},{"@type":"ListItem","position":2,"name":"Konungens och segerns dag"}]},{"@type":"WebSite","@id":"https:\/\/blogg.svenskakyrkan.se\/vandravagen\/#website","url":"https:\/\/blogg.svenskakyrkan.se\/vandravagen\/","name":"Vandra V\u00e4gen","description":"-Mot en tro f\u00f6r hela livet","publisher":{"@id":"https:\/\/blogg.svenskakyrkan.se\/vandravagen\/#organization"},"potentialAction":[{"@type":"SearchAction","target":{"@type":"EntryPoint","urlTemplate":"https:\/\/blogg.svenskakyrkan.se\/vandravagen\/?s={search_term_string}"},"query-input":{"@type":"PropertyValueSpecification","valueRequired":true,"valueName":"search_term_string"}}],"inLanguage":"sv-SE"},{"@type":"Organization","@id":"https:\/\/blogg.svenskakyrkan.se\/vandravagen\/#organization","name":"ulricehamns pastorat","alternateName":"ulricehamns pastorat","url":"https:\/\/blogg.svenskakyrkan.se\/vandravagen\/","logo":{"@type":"ImageObject","inLanguage":"sv-SE","@id":"https:\/\/blogg.svenskakyrkan.se\/vandravagen\/#\/schema\/logo\/image\/","url":"https:\/\/blogg.svenskakyrkan.se\/vandravagen\/files\/2023\/05\/Ulr_logo_RGB.png","contentUrl":"https:\/\/blogg.svenskakyrkan.se\/vandravagen\/files\/2023\/05\/Ulr_logo_RGB.png","width":205,"height":77,"caption":"ulricehamns pastorat"},"image":{"@id":"https:\/\/blogg.svenskakyrkan.se\/vandravagen\/#\/schema\/logo\/image\/"},"sameAs":["http:\/\/facebook.com\/vandravagen","https:\/\/x.com\/fadertomas","http:\/\/www.facebook.com\/svenskakyrkaniulricehamn"]},{"@type":"Person","@id":"https:\/\/blogg.svenskakyrkan.se\/vandravagen\/#\/schema\/person\/25da02d4f76b137d04291711e2c9fc16","name":"Tomas Jarvid","image":{"@type":"ImageObject","inLanguage":"sv-SE","@id":"https:\/\/blogg.svenskakyrkan.se\/vandravagen\/#\/schema\/person\/image\/","url":"https:\/\/secure.gravatar.com\/avatar\/7fa71899795e8f540f615a1f5ab25255dc27aa40f05ee7ddd21aac521e01bf50?s=96&d=identicon&r=g","contentUrl":"https:\/\/secure.gravatar.com\/avatar\/7fa71899795e8f540f615a1f5ab25255dc27aa40f05ee7ddd21aac521e01bf50?s=96&d=identicon&r=g","caption":"Tomas Jarvid"},"description":"Jag bor i Ulricehamn i V\u00e4sterg\u00f6tland och \u00e4r f\u00f6rsamlingspr\u00e4st i Svenska Kyrkan f\u00f6r Dalstorps f\u00f6rsamling i Kinds pastorat. P\u00e5 den h\u00e4r bloggen skriver jag ner tankar om vandringen som kristen.","sameAs":["http:\/\/www.vandravagen.se"],"url":"https:\/\/blogg.svenskakyrkan.se\/vandravagen\/author\/vandravagen\/"}]}},"author_meta":{"ID":"392","user_nicename":"vandravagen","user_url":"http:\/\/www.vandravagen.se","user_registered":"2014-05-19 05:44:52","display_name":"Tomas Jarvid","first_name":"Tomas","last_name":"Jarvid","avatar":"https:\/\/secure.gravatar.com\/avatar\/7fa71899795e8f540f615a1f5ab25255dc27aa40f05ee7ddd21aac521e01bf50?s=96&d=identicon&r=g"},"featured_image":false,"bloginfo":{"name":"Vandra V\u00e4gen","url":"https:\/\/blogg.svenskakyrkan.se\/vandravagen"},"_links":{"self":[{"href":"https:\/\/blogg.svenskakyrkan.se\/vandravagen\/wp-json\/wp\/v2\/posts\/266","targetHints":{"allow":["GET"]}}],"collection":[{"href":"https:\/\/blogg.svenskakyrkan.se\/vandravagen\/wp-json\/wp\/v2\/posts"}],"about":[{"href":"https:\/\/blogg.svenskakyrkan.se\/vandravagen\/wp-json\/wp\/v2\/types\/post"}],"author":[{"embeddable":true,"href":"https:\/\/blogg.svenskakyrkan.se\/vandravagen\/wp-json\/wp\/v2\/users\/392"}],"replies":[{"embeddable":true,"href":"https:\/\/blogg.svenskakyrkan.se\/vandravagen\/wp-json\/wp\/v2\/comments?post=266"}],"version-history":[{"count":0,"href":"https:\/\/blogg.svenskakyrkan.se\/vandravagen\/wp-json\/wp\/v2\/posts\/266\/revisions"}],"wp:attachment":[{"href":"https:\/\/blogg.svenskakyrkan.se\/vandravagen\/wp-json\/wp\/v2\/media?parent=266"}],"wp:term":[{"taxonomy":"category","embeddable":true,"href":"https:\/\/blogg.svenskakyrkan.se\/vandravagen\/wp-json\/wp\/v2\/categories?post=266"},{"taxonomy":"post_tag","embeddable":true,"href":"https:\/\/blogg.svenskakyrkan.se\/vandravagen\/wp-json\/wp\/v2\/tags?post=266"}],"curies":[{"name":"wp","href":"https:\/\/api.w.org\/{rel}","templated":true}]}}