{"id":269,"date":"2013-11-23T08:13:00","date_gmt":"2013-11-23T07:13:00","guid":{"rendered":"http:\/\/blogg.svenskakyrkan.se\/vandravagen\/2013\/11\/23\/cs-lewis-och-jag\/"},"modified":"2013-11-23T08:13:00","modified_gmt":"2013-11-23T07:13:00","slug":"cs-lewis-och-jag","status":"publish","type":"post","link":"https:\/\/blogg.svenskakyrkan.se\/vandravagen\/2013\/11\/23\/cs-lewis-och-jag\/","title":{"rendered":"CS Lewis och jag"},"content":{"rendered":"<table align=\"center\" cellpadding=\"0\" cellspacing=\"0\">\n<tbody>\n<tr>\n<td><a href=\"http:\/\/ferrelljenkins.files.wordpress.com\/2007\/12\/time_cslewis_cover.jpg\"><img loading=\"lazy\" decoding=\"async\" border=\"0\" height=\"640\" src=\"http:\/\/ferrelljenkins.files.wordpress.com\/2007\/12\/time_cslewis_cover.jpg\" width=\"484\"><\/a><\/td>\n<\/tr>\n<tr>\n<td>Lewis blev bland annat k\u00e4nd f\u00f6r allm\u00e4nheten sedan det st\u00e5tt om honom och hans tro i Times.<\/td>\n<\/tr>\n<\/tbody>\n<\/table>\n<p>Ig\u00e5r var det precis 50 \u00e5r sedan C S Lewis dog. Dessutom dog John F Kennedy och Aldous Huxley (f\u00f6rfattare till &#8221;du sk\u00f6na nya v\u00e4rld) samma dag, Peter Kreeft har skrivit en fin bok om ett samtal dem tre emellan p\u00e5 andra sidan. Men det var inte det jag ville skriva om. Utan om mig och Lewis.<\/p>\n<p>Det f\u00f6rsta jag l\u00e4ste av Lewis var, precis som de flesta andra, Narniab\u00f6ckerna. Min brorsa n\u00f6rdade ner sig rej\u00e4lt i dem och kunde varje detalj och sj\u00e4lv var jag ocks\u00e5 fascinerad. Allra b\u00e4st tyckte jag om &#8221;den sista striden&#8221;, kanske just f\u00f6r det d\u00e4r med strid. S\u00e5na tyckte jag alltid om att l\u00e4sa om som barn. Senare ins\u00e5g jag hur mycket likheter det fanns mellan Narniaber\u00e4ttelserna och den kristna tron. Det \u00e4r ocks\u00e5 ett sk\u00e4l till att man kan f\u00e5 s\u00e5 stor beh\u00e5llning av att l\u00e4sa b\u00f6ckerna ocks\u00e5 som vuxen. Man hittar alltid n\u00e5gon ny och vacker likhet n\u00e5gonstans. Min personliga favorit \u00e4r nog hur lejonet Aslan f\u00f6ljer och leder slavpojken i H\u00e4sten och hans pojke.<\/p>\n<p>Jag har ocks\u00e5 l\u00e4st en del av Lewis popul\u00e4rteologiska b\u00f6cker. Lewis var egentligen fackman p\u00e5 gamla myter och litteratur men fick snabbt en v\u00e4ldigt stor l\u00e4sekrets inom kristen litteratur. Jag minns att n\u00e4r jag var p\u00e5 samtal p\u00e5 Johannelunds teologiska h\u00f6gskola inf\u00f6r studierna d\u00e4r, s\u00e5 ber\u00e4ttade jag f\u00f6r Tone om att Lewis b\u00f6cker betydde mycket f\u00f6r mig. Lustigt nog har jag inte l\u00e4st mycket av dem sedan dess. F\u00f6rst tog studierna mycket av l\u00e4stiden och nu barnen. Jaja, det kanske blir tid igen n\u00e5gon dag f\u00f6r jag har r\u00e4tt m\u00e5nga av hans b\u00f6cker kvar att l\u00e4sa.<\/p>\n<p>Jag vill rekommendera &#8221;Kan man vara kristen&#8221; varmt. Den l\u00e4ste jag i ton\u00e5ren n\u00e5gon g\u00e5ng och blev djupt gripen. P\u00e5 engelska heter den &#8221;Mere Christianity&#8221; och det s\u00e4tter fingret p\u00e5 n\u00e5got annat vackert hos Lewis. Han st\u00e4llde sig aldrig vid n\u00e5gra frontlinjer i strider mellan olika kristna grupper utan s\u00e5g sig f\u00f6rst och fr\u00e4mst som kristen. Sina gudstj\u00e4nster firade han s\u00e5 vitt jag vet som anglikan men han hade v\u00e4nner som hade annan tro, till exempel katoliken JRR Tolkien.<\/p>\n<p>Andra b\u00f6cker att n\u00e4mna \u00e4r &#8221;Den stora skilsm\u00e4ssan&#8221; och &#8221;fr\u00e5n helvetets brevskola&#8221; (som jag inte gillade j\u00e4ttemycket som ung men tror jag skulle gilla nu).<\/p>\n<p>Sedan m\u00e5ste alla l\u00e4sa Lewis &#8221;rymdtrilogi&#8221; (Utflykt fr\u00e5n tyst planet, Perelandra och Vredens tid). P\u00e5 ett s\u00e4tt liknar de Narniab\u00f6ckerna men \u00e4r f\u00f6r vuxna. Fantastiska b\u00f6cker! Perelandra var j\u00e4mte &#8221;det r\u00e4tta ansiktet&#8221; (ocks\u00e5 bra!) de b\u00f6cker Lewis sj\u00e4lv var mest n\u00f6jd med.<\/p>\n<div>\n<p>Vad har du sj\u00e4lv f\u00f6r erfarenheter av att l\u00e4sa Lewis b\u00f6cker? Kommentera!<\/p>\n<\/div>\n<div>\n<div><\/div>\n<div><\/div>\n<\/div>\n","protected":false},"excerpt":{"rendered":"<p>Lewis blev bland annat k\u00e4nd f\u00f6r allm\u00e4nheten sedan det st\u00e5tt om honom och hans tro i Times. Ig\u00e5r var det precis 50 \u00e5r sedan C S Lewis dog. Dessutom dog John F Kennedy och Aldous Huxley (f\u00f6rfattare till &#8221;du sk\u00f6na nya v\u00e4rld) samma dag, Peter Kreeft har skrivit en fin bok om ett samtal dem [&hellip;]<\/p>\n","protected":false},"author":392,"featured_media":0,"comment_status":"open","ping_status":"open","sticky":false,"template":"","format":"standard","meta":{"_acf_changed":false,"footnotes":""},"categories":[8253,42374,76189,117],"tags":[],"class_list":["post-269","post","type-post","status-publish","format-standard","hentry","category-bocker","category-boktips","category-dagens-kyrka","category-teologi"],"acf":[],"yoast_head":"<!-- This site is optimized with the Yoast SEO plugin v27.1.1 - https:\/\/yoast.com\/product\/yoast-seo-wordpress\/ -->\n<title>CS Lewis och jag - Vandra V\u00e4gen<\/title>\n<meta name=\"robots\" content=\"index, follow, max-snippet:-1, max-image-preview:large, max-video-preview:-1\" \/>\n<link rel=\"canonical\" href=\"https:\/\/blogg.svenskakyrkan.se\/vandravagen\/2013\/11\/23\/cs-lewis-och-jag\/\" \/>\n<meta property=\"og:locale\" content=\"sv_SE\" \/>\n<meta property=\"og:type\" content=\"article\" \/>\n<meta property=\"og:title\" content=\"CS Lewis och jag - Vandra V\u00e4gen\" \/>\n<meta property=\"og:description\" content=\"Lewis blev bland annat k\u00e4nd f\u00f6r allm\u00e4nheten sedan det st\u00e5tt om honom och hans tro i Times. Ig\u00e5r var det precis 50 \u00e5r sedan C S Lewis dog. Dessutom dog John F Kennedy och Aldous Huxley (f\u00f6rfattare till &#8221;du sk\u00f6na nya v\u00e4rld) samma dag, Peter Kreeft har skrivit en fin bok om ett samtal dem [&hellip;]\" \/>\n<meta property=\"og:url\" content=\"https:\/\/blogg.svenskakyrkan.se\/vandravagen\/2013\/11\/23\/cs-lewis-och-jag\/\" \/>\n<meta property=\"og:site_name\" content=\"Vandra V\u00e4gen\" \/>\n<meta property=\"article:publisher\" content=\"http:\/\/facebook.com\/vandravagen\" \/>\n<meta property=\"article:published_time\" content=\"2013-11-23T07:13:00+00:00\" \/>\n<meta property=\"og:image\" content=\"http:\/\/ferrelljenkins.files.wordpress.com\/2007\/12\/time_cslewis_cover.jpg\" \/>\n<meta name=\"author\" content=\"Tomas Jarvid\" \/>\n<meta name=\"twitter:card\" content=\"summary_large_image\" \/>\n<meta name=\"twitter:creator\" content=\"@fadertomas\" \/>\n<meta name=\"twitter:site\" content=\"@fadertomas\" \/>\n<meta name=\"twitter:label1\" content=\"Skriven av\" \/>\n\t<meta name=\"twitter:data1\" content=\"Tomas Jarvid\" \/>\n\t<meta name=\"twitter:label2\" content=\"Ber\u00e4knad l\u00e4stid\" \/>\n\t<meta name=\"twitter:data2\" content=\"3 minuter\" \/>\n<script type=\"application\/ld+json\" class=\"yoast-schema-graph\">{\"@context\":\"https:\/\/schema.org\",\"@graph\":[{\"@type\":\"Article\",\"@id\":\"https:\/\/blogg.svenskakyrkan.se\/vandravagen\/2013\/11\/23\/cs-lewis-och-jag\/#article\",\"isPartOf\":{\"@id\":\"https:\/\/blogg.svenskakyrkan.se\/vandravagen\/2013\/11\/23\/cs-lewis-och-jag\/\"},\"author\":{\"name\":\"Tomas Jarvid\",\"@id\":\"https:\/\/blogg.svenskakyrkan.se\/vandravagen\/#\/schema\/person\/25da02d4f76b137d04291711e2c9fc16\"},\"headline\":\"CS Lewis och jag\",\"datePublished\":\"2013-11-23T07:13:00+00:00\",\"mainEntityOfPage\":{\"@id\":\"https:\/\/blogg.svenskakyrkan.se\/vandravagen\/2013\/11\/23\/cs-lewis-och-jag\/\"},\"wordCount\":532,\"commentCount\":0,\"publisher\":{\"@id\":\"https:\/\/blogg.svenskakyrkan.se\/vandravagen\/#organization\"},\"image\":{\"@id\":\"https:\/\/blogg.svenskakyrkan.se\/vandravagen\/2013\/11\/23\/cs-lewis-och-jag\/#primaryimage\"},\"thumbnailUrl\":\"http:\/\/ferrelljenkins.files.wordpress.com\/2007\/12\/time_cslewis_cover.jpg\",\"articleSection\":[\"b\u00f6cker\",\"boktips\",\"Dagens Kyrka\",\"Teologi\"],\"inLanguage\":\"sv-SE\",\"potentialAction\":[{\"@type\":\"CommentAction\",\"name\":\"Comment\",\"target\":[\"https:\/\/blogg.svenskakyrkan.se\/vandravagen\/2013\/11\/23\/cs-lewis-och-jag\/#respond\"]}]},{\"@type\":\"WebPage\",\"@id\":\"https:\/\/blogg.svenskakyrkan.se\/vandravagen\/2013\/11\/23\/cs-lewis-och-jag\/\",\"url\":\"https:\/\/blogg.svenskakyrkan.se\/vandravagen\/2013\/11\/23\/cs-lewis-och-jag\/\",\"name\":\"CS Lewis och jag - Vandra V\u00e4gen\",\"isPartOf\":{\"@id\":\"https:\/\/blogg.svenskakyrkan.se\/vandravagen\/#website\"},\"primaryImageOfPage\":{\"@id\":\"https:\/\/blogg.svenskakyrkan.se\/vandravagen\/2013\/11\/23\/cs-lewis-och-jag\/#primaryimage\"},\"image\":{\"@id\":\"https:\/\/blogg.svenskakyrkan.se\/vandravagen\/2013\/11\/23\/cs-lewis-och-jag\/#primaryimage\"},\"thumbnailUrl\":\"http:\/\/ferrelljenkins.files.wordpress.com\/2007\/12\/time_cslewis_cover.jpg\",\"datePublished\":\"2013-11-23T07:13:00+00:00\",\"breadcrumb\":{\"@id\":\"https:\/\/blogg.svenskakyrkan.se\/vandravagen\/2013\/11\/23\/cs-lewis-och-jag\/#breadcrumb\"},\"inLanguage\":\"sv-SE\",\"potentialAction\":[{\"@type\":\"ReadAction\",\"target\":[\"https:\/\/blogg.svenskakyrkan.se\/vandravagen\/2013\/11\/23\/cs-lewis-och-jag\/\"]}]},{\"@type\":\"ImageObject\",\"inLanguage\":\"sv-SE\",\"@id\":\"https:\/\/blogg.svenskakyrkan.se\/vandravagen\/2013\/11\/23\/cs-lewis-och-jag\/#primaryimage\",\"url\":\"http:\/\/ferrelljenkins.files.wordpress.com\/2007\/12\/time_cslewis_cover.jpg\",\"contentUrl\":\"http:\/\/ferrelljenkins.files.wordpress.com\/2007\/12\/time_cslewis_cover.jpg\"},{\"@type\":\"BreadcrumbList\",\"@id\":\"https:\/\/blogg.svenskakyrkan.se\/vandravagen\/2013\/11\/23\/cs-lewis-och-jag\/#breadcrumb\",\"itemListElement\":[{\"@type\":\"ListItem\",\"position\":1,\"name\":\"Hem\",\"item\":\"https:\/\/blogg.svenskakyrkan.se\/vandravagen\/\"},{\"@type\":\"ListItem\",\"position\":2,\"name\":\"CS Lewis och jag\"}]},{\"@type\":\"WebSite\",\"@id\":\"https:\/\/blogg.svenskakyrkan.se\/vandravagen\/#website\",\"url\":\"https:\/\/blogg.svenskakyrkan.se\/vandravagen\/\",\"name\":\"Vandra V\u00e4gen\",\"description\":\"-Mot en tro f\u00f6r hela livet\",\"publisher\":{\"@id\":\"https:\/\/blogg.svenskakyrkan.se\/vandravagen\/#organization\"},\"potentialAction\":[{\"@type\":\"SearchAction\",\"target\":{\"@type\":\"EntryPoint\",\"urlTemplate\":\"https:\/\/blogg.svenskakyrkan.se\/vandravagen\/?s={search_term_string}\"},\"query-input\":{\"@type\":\"PropertyValueSpecification\",\"valueRequired\":true,\"valueName\":\"search_term_string\"}}],\"inLanguage\":\"sv-SE\"},{\"@type\":\"Organization\",\"@id\":\"https:\/\/blogg.svenskakyrkan.se\/vandravagen\/#organization\",\"name\":\"ulricehamns pastorat\",\"alternateName\":\"ulricehamns pastorat\",\"url\":\"https:\/\/blogg.svenskakyrkan.se\/vandravagen\/\",\"logo\":{\"@type\":\"ImageObject\",\"inLanguage\":\"sv-SE\",\"@id\":\"https:\/\/blogg.svenskakyrkan.se\/vandravagen\/#\/schema\/logo\/image\/\",\"url\":\"https:\/\/blogg.svenskakyrkan.se\/vandravagen\/files\/2023\/05\/Ulr_logo_RGB.png\",\"contentUrl\":\"https:\/\/blogg.svenskakyrkan.se\/vandravagen\/files\/2023\/05\/Ulr_logo_RGB.png\",\"width\":205,\"height\":77,\"caption\":\"ulricehamns pastorat\"},\"image\":{\"@id\":\"https:\/\/blogg.svenskakyrkan.se\/vandravagen\/#\/schema\/logo\/image\/\"},\"sameAs\":[\"http:\/\/facebook.com\/vandravagen\",\"https:\/\/x.com\/fadertomas\",\"http:\/\/www.facebook.com\/svenskakyrkaniulricehamn\"]},{\"@type\":\"Person\",\"@id\":\"https:\/\/blogg.svenskakyrkan.se\/vandravagen\/#\/schema\/person\/25da02d4f76b137d04291711e2c9fc16\",\"name\":\"Tomas Jarvid\",\"image\":{\"@type\":\"ImageObject\",\"inLanguage\":\"sv-SE\",\"@id\":\"https:\/\/blogg.svenskakyrkan.se\/vandravagen\/#\/schema\/person\/image\/\",\"url\":\"https:\/\/secure.gravatar.com\/avatar\/7fa71899795e8f540f615a1f5ab25255dc27aa40f05ee7ddd21aac521e01bf50?s=96&d=identicon&r=g\",\"contentUrl\":\"https:\/\/secure.gravatar.com\/avatar\/7fa71899795e8f540f615a1f5ab25255dc27aa40f05ee7ddd21aac521e01bf50?s=96&d=identicon&r=g\",\"caption\":\"Tomas Jarvid\"},\"description\":\"Jag bor i Ulricehamn i V\u00e4sterg\u00f6tland och \u00e4r f\u00f6rsamlingspr\u00e4st i Svenska Kyrkan f\u00f6r Dalstorps f\u00f6rsamling i Kinds pastorat. P\u00e5 den h\u00e4r bloggen skriver jag ner tankar om vandringen som kristen.\",\"sameAs\":[\"http:\/\/www.vandravagen.se\"],\"url\":\"https:\/\/blogg.svenskakyrkan.se\/vandravagen\/author\/vandravagen\/\"}]}<\/script>\n<!-- \/ Yoast SEO plugin. -->","yoast_head_json":{"title":"CS Lewis och jag - Vandra V\u00e4gen","robots":{"index":"index","follow":"follow","max-snippet":"max-snippet:-1","max-image-preview":"max-image-preview:large","max-video-preview":"max-video-preview:-1"},"canonical":"https:\/\/blogg.svenskakyrkan.se\/vandravagen\/2013\/11\/23\/cs-lewis-och-jag\/","og_locale":"sv_SE","og_type":"article","og_title":"CS Lewis och jag - Vandra V\u00e4gen","og_description":"Lewis blev bland annat k\u00e4nd f\u00f6r allm\u00e4nheten sedan det st\u00e5tt om honom och hans tro i Times. Ig\u00e5r var det precis 50 \u00e5r sedan C S Lewis dog. Dessutom dog John F Kennedy och Aldous Huxley (f\u00f6rfattare till &#8221;du sk\u00f6na nya v\u00e4rld) samma dag, Peter Kreeft har skrivit en fin bok om ett samtal dem [&hellip;]","og_url":"https:\/\/blogg.svenskakyrkan.se\/vandravagen\/2013\/11\/23\/cs-lewis-och-jag\/","og_site_name":"Vandra V\u00e4gen","article_publisher":"http:\/\/facebook.com\/vandravagen","article_published_time":"2013-11-23T07:13:00+00:00","og_image":[{"url":"http:\/\/ferrelljenkins.files.wordpress.com\/2007\/12\/time_cslewis_cover.jpg","type":"","width":"","height":""}],"author":"Tomas Jarvid","twitter_card":"summary_large_image","twitter_creator":"@fadertomas","twitter_site":"@fadertomas","twitter_misc":{"Skriven av":"Tomas Jarvid","Ber\u00e4knad l\u00e4stid":"3 minuter"},"schema":{"@context":"https:\/\/schema.org","@graph":[{"@type":"Article","@id":"https:\/\/blogg.svenskakyrkan.se\/vandravagen\/2013\/11\/23\/cs-lewis-och-jag\/#article","isPartOf":{"@id":"https:\/\/blogg.svenskakyrkan.se\/vandravagen\/2013\/11\/23\/cs-lewis-och-jag\/"},"author":{"name":"Tomas Jarvid","@id":"https:\/\/blogg.svenskakyrkan.se\/vandravagen\/#\/schema\/person\/25da02d4f76b137d04291711e2c9fc16"},"headline":"CS Lewis och jag","datePublished":"2013-11-23T07:13:00+00:00","mainEntityOfPage":{"@id":"https:\/\/blogg.svenskakyrkan.se\/vandravagen\/2013\/11\/23\/cs-lewis-och-jag\/"},"wordCount":532,"commentCount":0,"publisher":{"@id":"https:\/\/blogg.svenskakyrkan.se\/vandravagen\/#organization"},"image":{"@id":"https:\/\/blogg.svenskakyrkan.se\/vandravagen\/2013\/11\/23\/cs-lewis-och-jag\/#primaryimage"},"thumbnailUrl":"http:\/\/ferrelljenkins.files.wordpress.com\/2007\/12\/time_cslewis_cover.jpg","articleSection":["b\u00f6cker","boktips","Dagens Kyrka","Teologi"],"inLanguage":"sv-SE","potentialAction":[{"@type":"CommentAction","name":"Comment","target":["https:\/\/blogg.svenskakyrkan.se\/vandravagen\/2013\/11\/23\/cs-lewis-och-jag\/#respond"]}]},{"@type":"WebPage","@id":"https:\/\/blogg.svenskakyrkan.se\/vandravagen\/2013\/11\/23\/cs-lewis-och-jag\/","url":"https:\/\/blogg.svenskakyrkan.se\/vandravagen\/2013\/11\/23\/cs-lewis-och-jag\/","name":"CS Lewis och jag - Vandra V\u00e4gen","isPartOf":{"@id":"https:\/\/blogg.svenskakyrkan.se\/vandravagen\/#website"},"primaryImageOfPage":{"@id":"https:\/\/blogg.svenskakyrkan.se\/vandravagen\/2013\/11\/23\/cs-lewis-och-jag\/#primaryimage"},"image":{"@id":"https:\/\/blogg.svenskakyrkan.se\/vandravagen\/2013\/11\/23\/cs-lewis-och-jag\/#primaryimage"},"thumbnailUrl":"http:\/\/ferrelljenkins.files.wordpress.com\/2007\/12\/time_cslewis_cover.jpg","datePublished":"2013-11-23T07:13:00+00:00","breadcrumb":{"@id":"https:\/\/blogg.svenskakyrkan.se\/vandravagen\/2013\/11\/23\/cs-lewis-och-jag\/#breadcrumb"},"inLanguage":"sv-SE","potentialAction":[{"@type":"ReadAction","target":["https:\/\/blogg.svenskakyrkan.se\/vandravagen\/2013\/11\/23\/cs-lewis-och-jag\/"]}]},{"@type":"ImageObject","inLanguage":"sv-SE","@id":"https:\/\/blogg.svenskakyrkan.se\/vandravagen\/2013\/11\/23\/cs-lewis-och-jag\/#primaryimage","url":"http:\/\/ferrelljenkins.files.wordpress.com\/2007\/12\/time_cslewis_cover.jpg","contentUrl":"http:\/\/ferrelljenkins.files.wordpress.com\/2007\/12\/time_cslewis_cover.jpg"},{"@type":"BreadcrumbList","@id":"https:\/\/blogg.svenskakyrkan.se\/vandravagen\/2013\/11\/23\/cs-lewis-och-jag\/#breadcrumb","itemListElement":[{"@type":"ListItem","position":1,"name":"Hem","item":"https:\/\/blogg.svenskakyrkan.se\/vandravagen\/"},{"@type":"ListItem","position":2,"name":"CS Lewis och jag"}]},{"@type":"WebSite","@id":"https:\/\/blogg.svenskakyrkan.se\/vandravagen\/#website","url":"https:\/\/blogg.svenskakyrkan.se\/vandravagen\/","name":"Vandra V\u00e4gen","description":"-Mot en tro f\u00f6r hela livet","publisher":{"@id":"https:\/\/blogg.svenskakyrkan.se\/vandravagen\/#organization"},"potentialAction":[{"@type":"SearchAction","target":{"@type":"EntryPoint","urlTemplate":"https:\/\/blogg.svenskakyrkan.se\/vandravagen\/?s={search_term_string}"},"query-input":{"@type":"PropertyValueSpecification","valueRequired":true,"valueName":"search_term_string"}}],"inLanguage":"sv-SE"},{"@type":"Organization","@id":"https:\/\/blogg.svenskakyrkan.se\/vandravagen\/#organization","name":"ulricehamns pastorat","alternateName":"ulricehamns pastorat","url":"https:\/\/blogg.svenskakyrkan.se\/vandravagen\/","logo":{"@type":"ImageObject","inLanguage":"sv-SE","@id":"https:\/\/blogg.svenskakyrkan.se\/vandravagen\/#\/schema\/logo\/image\/","url":"https:\/\/blogg.svenskakyrkan.se\/vandravagen\/files\/2023\/05\/Ulr_logo_RGB.png","contentUrl":"https:\/\/blogg.svenskakyrkan.se\/vandravagen\/files\/2023\/05\/Ulr_logo_RGB.png","width":205,"height":77,"caption":"ulricehamns pastorat"},"image":{"@id":"https:\/\/blogg.svenskakyrkan.se\/vandravagen\/#\/schema\/logo\/image\/"},"sameAs":["http:\/\/facebook.com\/vandravagen","https:\/\/x.com\/fadertomas","http:\/\/www.facebook.com\/svenskakyrkaniulricehamn"]},{"@type":"Person","@id":"https:\/\/blogg.svenskakyrkan.se\/vandravagen\/#\/schema\/person\/25da02d4f76b137d04291711e2c9fc16","name":"Tomas Jarvid","image":{"@type":"ImageObject","inLanguage":"sv-SE","@id":"https:\/\/blogg.svenskakyrkan.se\/vandravagen\/#\/schema\/person\/image\/","url":"https:\/\/secure.gravatar.com\/avatar\/7fa71899795e8f540f615a1f5ab25255dc27aa40f05ee7ddd21aac521e01bf50?s=96&d=identicon&r=g","contentUrl":"https:\/\/secure.gravatar.com\/avatar\/7fa71899795e8f540f615a1f5ab25255dc27aa40f05ee7ddd21aac521e01bf50?s=96&d=identicon&r=g","caption":"Tomas Jarvid"},"description":"Jag bor i Ulricehamn i V\u00e4sterg\u00f6tland och \u00e4r f\u00f6rsamlingspr\u00e4st i Svenska Kyrkan f\u00f6r Dalstorps f\u00f6rsamling i Kinds pastorat. P\u00e5 den h\u00e4r bloggen skriver jag ner tankar om vandringen som kristen.","sameAs":["http:\/\/www.vandravagen.se"],"url":"https:\/\/blogg.svenskakyrkan.se\/vandravagen\/author\/vandravagen\/"}]}},"author_meta":{"ID":"392","user_nicename":"vandravagen","user_url":"http:\/\/www.vandravagen.se","user_registered":"2014-05-19 05:44:52","display_name":"Tomas Jarvid","first_name":"Tomas","last_name":"Jarvid","avatar":"https:\/\/secure.gravatar.com\/avatar\/7fa71899795e8f540f615a1f5ab25255dc27aa40f05ee7ddd21aac521e01bf50?s=96&d=identicon&r=g"},"featured_image":false,"bloginfo":{"name":"Vandra V\u00e4gen","url":"https:\/\/blogg.svenskakyrkan.se\/vandravagen"},"_links":{"self":[{"href":"https:\/\/blogg.svenskakyrkan.se\/vandravagen\/wp-json\/wp\/v2\/posts\/269","targetHints":{"allow":["GET"]}}],"collection":[{"href":"https:\/\/blogg.svenskakyrkan.se\/vandravagen\/wp-json\/wp\/v2\/posts"}],"about":[{"href":"https:\/\/blogg.svenskakyrkan.se\/vandravagen\/wp-json\/wp\/v2\/types\/post"}],"author":[{"embeddable":true,"href":"https:\/\/blogg.svenskakyrkan.se\/vandravagen\/wp-json\/wp\/v2\/users\/392"}],"replies":[{"embeddable":true,"href":"https:\/\/blogg.svenskakyrkan.se\/vandravagen\/wp-json\/wp\/v2\/comments?post=269"}],"version-history":[{"count":0,"href":"https:\/\/blogg.svenskakyrkan.se\/vandravagen\/wp-json\/wp\/v2\/posts\/269\/revisions"}],"wp:attachment":[{"href":"https:\/\/blogg.svenskakyrkan.se\/vandravagen\/wp-json\/wp\/v2\/media?parent=269"}],"wp:term":[{"taxonomy":"category","embeddable":true,"href":"https:\/\/blogg.svenskakyrkan.se\/vandravagen\/wp-json\/wp\/v2\/categories?post=269"},{"taxonomy":"post_tag","embeddable":true,"href":"https:\/\/blogg.svenskakyrkan.se\/vandravagen\/wp-json\/wp\/v2\/tags?post=269"}],"curies":[{"name":"wp","href":"https:\/\/api.w.org\/{rel}","templated":true}]}}