{"id":2695,"date":"2015-02-16T08:41:48","date_gmt":"2015-02-16T07:41:48","guid":{"rendered":"http:\/\/blogg.svenskakyrkan.se\/vandravagen\/?p=2695"},"modified":"2015-02-16T08:41:48","modified_gmt":"2015-02-16T07:41:48","slug":"den-vackraste-sangen-om-trad","status":"publish","type":"post","link":"https:\/\/blogg.svenskakyrkan.se\/vandravagen\/2015\/02\/16\/den-vackraste-sangen-om-trad\/","title":{"rendered":"Den vackraste s\u00e5ngen om tr\u00e4d"},"content":{"rendered":"<div id=\"attachment_2696\" style=\"width: 760px\" class=\"wp-caption aligncenter\"><a href=\"http:\/\/blogg.svenskakyrkan.se\/vandravagen\/files\/2015\/02\/matt-5-som-ett-tr\u00e4d-vid-vatten.jpg\"><img loading=\"lazy\" decoding=\"async\" aria-describedby=\"caption-attachment-2696\" class=\"size-full wp-image-2696\" src=\"http:\/\/blogg.svenskakyrkan.se\/vandravagen\/files\/2015\/02\/matt-5-som-ett-tr\u00e4d-vid-vatten.jpg\" alt=\"Jesus pekar p\u00e5 ett tr\u00e4d f\u00f6r att f\u00f6rklara saker.\" width=\"750\" height=\"620\" srcset=\"https:\/\/blogg.svenskakyrkan.se\/vandravagen\/files\/2015\/02\/matt-5-som-ett-tr\u00e4d-vid-vatten.jpg 750w, https:\/\/blogg.svenskakyrkan.se\/vandravagen\/files\/2015\/02\/matt-5-som-ett-tr\u00e4d-vid-vatten-300x248.jpg 300w, https:\/\/blogg.svenskakyrkan.se\/vandravagen\/files\/2015\/02\/matt-5-som-ett-tr\u00e4d-vid-vatten-362x300.jpg 362w\" sizes=\"auto, (max-width: 750px) 100vw, 750px\" \/><\/a><p id=\"caption-attachment-2696\" class=\"wp-caption-text\">Jesus pekar p\u00e5 ett tr\u00e4d f\u00f6r att f\u00f6rklara saker.<\/p><\/div>\n<p>Idag blir det s\u00e5ng p\u00e5 Vandra V\u00e4gen. Jag har varit p\u00e5 youtube och hittat en av de vackraste s\u00e5nger jag vet, h\u00e4r framf\u00f6rd av Skepptuna f\u00f6rsamlings barnk\u00f6r (vilket verkligen g\u00f6r det \u00e4nnu b\u00e4ttre!). &#8221;Tr\u00e4dets s\u00e5ng&#8221; var en s\u00e5ng jag ocks\u00e5 fick sjunga som barn om \u00e4n med lite annan text. Den satte sp\u00e5r i hj\u00e4rtat p\u00e5 mig och f\u00f6rhoppningsvis g\u00f6r den det f\u00f6r dig ocks\u00e5. Ge den tid och smaka p\u00e5 orden.<\/p>\n<p>https:\/\/www.youtube.com\/watch?v=3P4hbVmtTYA&#038;spfreload=10<\/p>\n<blockquote>\n<p>&nbsp;<\/p>\n<p>Jag s\u00e5g ett tr\u00e4d vid en flod en dag<\/p>\n<p>n\u00e4r jag gick v\u00e4gen fram.<\/p>\n<p>Grenarna h\u00f6gt upp mot himmelen<\/p>\n<p>det bar med sin starka stam.<\/p>\n<p>Hur kan du vara s\u00e5 h\u00f6g och rak jag fr\u00e5gade tr\u00e4det d\u00e5.<\/p>\n<p>Och tr\u00e4det sj\u00f6ng sin s\u00e5ng och svarade s\u00e5:<\/p>\n<p>&nbsp;<\/p>\n<p>Jag har r\u00f6tter som v\u00e4xer mot djupet.<\/p>\n<p>Jag har grenar som v\u00e4xer mot solen.<\/p>\n<p>Jag har frukt s\u00e5 att alla kan se att jag har liv.<\/p>\n<p>Jag ger skugga i br\u00e4nnande hettan,<\/p>\n<p>jag \u00e4r tillflykt f\u00f6r himmelens f\u00e5glar.<\/p>\n<p>Tr\u00e4dens Herre skapar mig till det Han vill jag ska bli:<\/p>\n<p>ett gr\u00f6nskande tr\u00e4d.<\/p>\n<p>&nbsp;<\/p>\n<p>Jag s\u00e5g ett tr\u00e4d i en dyster stad,<\/p>\n<p>det stod vid en gata av sten.<\/p>\n<p>Men det var gr\u00f6nt och friskt<\/p>\n<p>och det gav gl\u00e4dje \u00e5t var och en.<\/p>\n<p>Hur kan man v\u00e4xa vid gator av sten,<\/p>\n<p>jag fr\u00e5gade tr\u00e4det d\u00e5.<\/p>\n<p>Och tr\u00e4det sj\u00f6ng sin s\u00e5ng och svarade s\u00e5:<\/p>\n<p>&nbsp;<\/p>\n<p>Jag har r\u00f6tter som v\u00e4xer mot djupet.<\/p>\n<p>Jag har grenar som v\u00e4xer mot solen.<\/p>\n<p>Jag har frukt s\u00e5 att alla kan se att jag har liv.<\/p>\n<p>Jag ger skugga i br\u00e4nnande hettan,<\/p>\n<p>jag \u00e4r tillflykt f\u00f6r himmelens f\u00e5glar.<\/p>\n<p>Tr\u00e4dens Herre skapar mig till det Han vill jag ska bli:<\/p>\n<p>ett gr\u00f6nskande tr\u00e4d.<\/p>\n<p>&nbsp;<\/p>\n<p>Medema\/Cronsioe<\/p>\n<p>&nbsp;<\/p>\n<\/blockquote>\n<p>&nbsp;<\/p>\n","protected":false},"excerpt":{"rendered":"<p>Idag blir det s\u00e5ng p\u00e5 Vandra V\u00e4gen. Jag har varit p\u00e5 youtube och hittat en av de vackraste s\u00e5nger jag vet, h\u00e4r framf\u00f6rd av Skepptuna f\u00f6rsamlings barnk\u00f6r (vilket verkligen g\u00f6r det \u00e4nnu b\u00e4ttre!). &#8221;Tr\u00e4dets s\u00e5ng&#8221; var en s\u00e5ng jag ocks\u00e5 fick sjunga som barn om \u00e4n med lite annan text. Den satte sp\u00e5r i hj\u00e4rtat [&hellip;]<\/p>\n","protected":false},"author":392,"featured_media":0,"comment_status":"open","ping_status":"open","sticky":false,"template":"","format":"standard","meta":{"_acf_changed":false,"footnotes":""},"categories":[76189,8266,117],"tags":[],"class_list":["post-2695","post","type-post","status-publish","format-standard","hentry","category-dagens-kyrka","category-musik","category-teologi"],"acf":[],"yoast_head":"<!-- This site is optimized with the Yoast SEO plugin v27.1.1 - https:\/\/yoast.com\/product\/yoast-seo-wordpress\/ -->\n<title>Den vackraste s\u00e5ngen om tr\u00e4d - Vandra V\u00e4gen<\/title>\n<meta name=\"robots\" content=\"index, follow, max-snippet:-1, max-image-preview:large, max-video-preview:-1\" \/>\n<link rel=\"canonical\" href=\"https:\/\/blogg.svenskakyrkan.se\/vandravagen\/2015\/02\/16\/den-vackraste-sangen-om-trad\/\" \/>\n<meta property=\"og:locale\" content=\"sv_SE\" \/>\n<meta property=\"og:type\" content=\"article\" \/>\n<meta property=\"og:title\" content=\"Den vackraste s\u00e5ngen om tr\u00e4d - Vandra V\u00e4gen\" \/>\n<meta property=\"og:description\" content=\"Idag blir det s\u00e5ng p\u00e5 Vandra V\u00e4gen. Jag har varit p\u00e5 youtube och hittat en av de vackraste s\u00e5nger jag vet, h\u00e4r framf\u00f6rd av Skepptuna f\u00f6rsamlings barnk\u00f6r (vilket verkligen g\u00f6r det \u00e4nnu b\u00e4ttre!). &#8221;Tr\u00e4dets s\u00e5ng&#8221; var en s\u00e5ng jag ocks\u00e5 fick sjunga som barn om \u00e4n med lite annan text. Den satte sp\u00e5r i hj\u00e4rtat [&hellip;]\" \/>\n<meta property=\"og:url\" content=\"https:\/\/blogg.svenskakyrkan.se\/vandravagen\/2015\/02\/16\/den-vackraste-sangen-om-trad\/\" \/>\n<meta property=\"og:site_name\" content=\"Vandra V\u00e4gen\" \/>\n<meta property=\"article:publisher\" content=\"http:\/\/facebook.com\/vandravagen\" \/>\n<meta property=\"article:published_time\" content=\"2015-02-16T07:41:48+00:00\" \/>\n<meta name=\"author\" content=\"Tomas Jarvid\" \/>\n<meta name=\"twitter:card\" content=\"summary_large_image\" \/>\n<meta name=\"twitter:creator\" content=\"@fadertomas\" \/>\n<meta name=\"twitter:site\" content=\"@fadertomas\" \/>\n<meta name=\"twitter:label1\" content=\"Skriven av\" \/>\n\t<meta name=\"twitter:data1\" content=\"Tomas Jarvid\" \/>\n\t<meta name=\"twitter:label2\" content=\"Ber\u00e4knad l\u00e4stid\" \/>\n\t<meta name=\"twitter:data2\" content=\"2 minuter\" \/>\n<script type=\"application\/ld+json\" class=\"yoast-schema-graph\">{\"@context\":\"https:\/\/schema.org\",\"@graph\":[{\"@type\":\"Article\",\"@id\":\"https:\/\/blogg.svenskakyrkan.se\/vandravagen\/2015\/02\/16\/den-vackraste-sangen-om-trad\/#article\",\"isPartOf\":{\"@id\":\"https:\/\/blogg.svenskakyrkan.se\/vandravagen\/2015\/02\/16\/den-vackraste-sangen-om-trad\/\"},\"author\":{\"name\":\"Tomas Jarvid\",\"@id\":\"https:\/\/blogg.svenskakyrkan.se\/vandravagen\/#\/schema\/person\/25da02d4f76b137d04291711e2c9fc16\"},\"headline\":\"Den vackraste s\u00e5ngen om tr\u00e4d\",\"datePublished\":\"2015-02-16T07:41:48+00:00\",\"mainEntityOfPage\":{\"@id\":\"https:\/\/blogg.svenskakyrkan.se\/vandravagen\/2015\/02\/16\/den-vackraste-sangen-om-trad\/\"},\"wordCount\":371,\"commentCount\":10,\"publisher\":{\"@id\":\"https:\/\/blogg.svenskakyrkan.se\/vandravagen\/#organization\"},\"articleSection\":[\"Dagens Kyrka\",\"musik\",\"Teologi\"],\"inLanguage\":\"sv-SE\",\"potentialAction\":[{\"@type\":\"CommentAction\",\"name\":\"Comment\",\"target\":[\"https:\/\/blogg.svenskakyrkan.se\/vandravagen\/2015\/02\/16\/den-vackraste-sangen-om-trad\/#respond\"]}]},{\"@type\":\"WebPage\",\"@id\":\"https:\/\/blogg.svenskakyrkan.se\/vandravagen\/2015\/02\/16\/den-vackraste-sangen-om-trad\/\",\"url\":\"https:\/\/blogg.svenskakyrkan.se\/vandravagen\/2015\/02\/16\/den-vackraste-sangen-om-trad\/\",\"name\":\"Den vackraste s\u00e5ngen om tr\u00e4d - Vandra V\u00e4gen\",\"isPartOf\":{\"@id\":\"https:\/\/blogg.svenskakyrkan.se\/vandravagen\/#website\"},\"datePublished\":\"2015-02-16T07:41:48+00:00\",\"breadcrumb\":{\"@id\":\"https:\/\/blogg.svenskakyrkan.se\/vandravagen\/2015\/02\/16\/den-vackraste-sangen-om-trad\/#breadcrumb\"},\"inLanguage\":\"sv-SE\",\"potentialAction\":[{\"@type\":\"ReadAction\",\"target\":[\"https:\/\/blogg.svenskakyrkan.se\/vandravagen\/2015\/02\/16\/den-vackraste-sangen-om-trad\/\"]}]},{\"@type\":\"BreadcrumbList\",\"@id\":\"https:\/\/blogg.svenskakyrkan.se\/vandravagen\/2015\/02\/16\/den-vackraste-sangen-om-trad\/#breadcrumb\",\"itemListElement\":[{\"@type\":\"ListItem\",\"position\":1,\"name\":\"Hem\",\"item\":\"https:\/\/blogg.svenskakyrkan.se\/vandravagen\/\"},{\"@type\":\"ListItem\",\"position\":2,\"name\":\"Den vackraste s\u00e5ngen om tr\u00e4d\"}]},{\"@type\":\"WebSite\",\"@id\":\"https:\/\/blogg.svenskakyrkan.se\/vandravagen\/#website\",\"url\":\"https:\/\/blogg.svenskakyrkan.se\/vandravagen\/\",\"name\":\"Vandra V\u00e4gen\",\"description\":\"-Mot en tro f\u00f6r hela livet\",\"publisher\":{\"@id\":\"https:\/\/blogg.svenskakyrkan.se\/vandravagen\/#organization\"},\"potentialAction\":[{\"@type\":\"SearchAction\",\"target\":{\"@type\":\"EntryPoint\",\"urlTemplate\":\"https:\/\/blogg.svenskakyrkan.se\/vandravagen\/?s={search_term_string}\"},\"query-input\":{\"@type\":\"PropertyValueSpecification\",\"valueRequired\":true,\"valueName\":\"search_term_string\"}}],\"inLanguage\":\"sv-SE\"},{\"@type\":\"Organization\",\"@id\":\"https:\/\/blogg.svenskakyrkan.se\/vandravagen\/#organization\",\"name\":\"ulricehamns pastorat\",\"alternateName\":\"ulricehamns pastorat\",\"url\":\"https:\/\/blogg.svenskakyrkan.se\/vandravagen\/\",\"logo\":{\"@type\":\"ImageObject\",\"inLanguage\":\"sv-SE\",\"@id\":\"https:\/\/blogg.svenskakyrkan.se\/vandravagen\/#\/schema\/logo\/image\/\",\"url\":\"https:\/\/blogg.svenskakyrkan.se\/vandravagen\/files\/2023\/05\/Ulr_logo_RGB.png\",\"contentUrl\":\"https:\/\/blogg.svenskakyrkan.se\/vandravagen\/files\/2023\/05\/Ulr_logo_RGB.png\",\"width\":205,\"height\":77,\"caption\":\"ulricehamns pastorat\"},\"image\":{\"@id\":\"https:\/\/blogg.svenskakyrkan.se\/vandravagen\/#\/schema\/logo\/image\/\"},\"sameAs\":[\"http:\/\/facebook.com\/vandravagen\",\"https:\/\/x.com\/fadertomas\",\"http:\/\/www.facebook.com\/svenskakyrkaniulricehamn\"]},{\"@type\":\"Person\",\"@id\":\"https:\/\/blogg.svenskakyrkan.se\/vandravagen\/#\/schema\/person\/25da02d4f76b137d04291711e2c9fc16\",\"name\":\"Tomas Jarvid\",\"image\":{\"@type\":\"ImageObject\",\"inLanguage\":\"sv-SE\",\"@id\":\"https:\/\/blogg.svenskakyrkan.se\/vandravagen\/#\/schema\/person\/image\/\",\"url\":\"https:\/\/secure.gravatar.com\/avatar\/7fa71899795e8f540f615a1f5ab25255dc27aa40f05ee7ddd21aac521e01bf50?s=96&d=identicon&r=g\",\"contentUrl\":\"https:\/\/secure.gravatar.com\/avatar\/7fa71899795e8f540f615a1f5ab25255dc27aa40f05ee7ddd21aac521e01bf50?s=96&d=identicon&r=g\",\"caption\":\"Tomas Jarvid\"},\"description\":\"Jag bor i Ulricehamn i V\u00e4sterg\u00f6tland och \u00e4r f\u00f6rsamlingspr\u00e4st i Svenska Kyrkan f\u00f6r Dalstorps f\u00f6rsamling i Kinds pastorat. P\u00e5 den h\u00e4r bloggen skriver jag ner tankar om vandringen som kristen.\",\"sameAs\":[\"http:\/\/www.vandravagen.se\"],\"url\":\"https:\/\/blogg.svenskakyrkan.se\/vandravagen\/author\/vandravagen\/\"}]}<\/script>\n<!-- \/ Yoast SEO plugin. -->","yoast_head_json":{"title":"Den vackraste s\u00e5ngen om tr\u00e4d - Vandra V\u00e4gen","robots":{"index":"index","follow":"follow","max-snippet":"max-snippet:-1","max-image-preview":"max-image-preview:large","max-video-preview":"max-video-preview:-1"},"canonical":"https:\/\/blogg.svenskakyrkan.se\/vandravagen\/2015\/02\/16\/den-vackraste-sangen-om-trad\/","og_locale":"sv_SE","og_type":"article","og_title":"Den vackraste s\u00e5ngen om tr\u00e4d - Vandra V\u00e4gen","og_description":"Idag blir det s\u00e5ng p\u00e5 Vandra V\u00e4gen. Jag har varit p\u00e5 youtube och hittat en av de vackraste s\u00e5nger jag vet, h\u00e4r framf\u00f6rd av Skepptuna f\u00f6rsamlings barnk\u00f6r (vilket verkligen g\u00f6r det \u00e4nnu b\u00e4ttre!). &#8221;Tr\u00e4dets s\u00e5ng&#8221; var en s\u00e5ng jag ocks\u00e5 fick sjunga som barn om \u00e4n med lite annan text. Den satte sp\u00e5r i hj\u00e4rtat [&hellip;]","og_url":"https:\/\/blogg.svenskakyrkan.se\/vandravagen\/2015\/02\/16\/den-vackraste-sangen-om-trad\/","og_site_name":"Vandra V\u00e4gen","article_publisher":"http:\/\/facebook.com\/vandravagen","article_published_time":"2015-02-16T07:41:48+00:00","author":"Tomas Jarvid","twitter_card":"summary_large_image","twitter_creator":"@fadertomas","twitter_site":"@fadertomas","twitter_misc":{"Skriven av":"Tomas Jarvid","Ber\u00e4knad l\u00e4stid":"2 minuter"},"schema":{"@context":"https:\/\/schema.org","@graph":[{"@type":"Article","@id":"https:\/\/blogg.svenskakyrkan.se\/vandravagen\/2015\/02\/16\/den-vackraste-sangen-om-trad\/#article","isPartOf":{"@id":"https:\/\/blogg.svenskakyrkan.se\/vandravagen\/2015\/02\/16\/den-vackraste-sangen-om-trad\/"},"author":{"name":"Tomas Jarvid","@id":"https:\/\/blogg.svenskakyrkan.se\/vandravagen\/#\/schema\/person\/25da02d4f76b137d04291711e2c9fc16"},"headline":"Den vackraste s\u00e5ngen om tr\u00e4d","datePublished":"2015-02-16T07:41:48+00:00","mainEntityOfPage":{"@id":"https:\/\/blogg.svenskakyrkan.se\/vandravagen\/2015\/02\/16\/den-vackraste-sangen-om-trad\/"},"wordCount":371,"commentCount":10,"publisher":{"@id":"https:\/\/blogg.svenskakyrkan.se\/vandravagen\/#organization"},"articleSection":["Dagens Kyrka","musik","Teologi"],"inLanguage":"sv-SE","potentialAction":[{"@type":"CommentAction","name":"Comment","target":["https:\/\/blogg.svenskakyrkan.se\/vandravagen\/2015\/02\/16\/den-vackraste-sangen-om-trad\/#respond"]}]},{"@type":"WebPage","@id":"https:\/\/blogg.svenskakyrkan.se\/vandravagen\/2015\/02\/16\/den-vackraste-sangen-om-trad\/","url":"https:\/\/blogg.svenskakyrkan.se\/vandravagen\/2015\/02\/16\/den-vackraste-sangen-om-trad\/","name":"Den vackraste s\u00e5ngen om tr\u00e4d - Vandra V\u00e4gen","isPartOf":{"@id":"https:\/\/blogg.svenskakyrkan.se\/vandravagen\/#website"},"datePublished":"2015-02-16T07:41:48+00:00","breadcrumb":{"@id":"https:\/\/blogg.svenskakyrkan.se\/vandravagen\/2015\/02\/16\/den-vackraste-sangen-om-trad\/#breadcrumb"},"inLanguage":"sv-SE","potentialAction":[{"@type":"ReadAction","target":["https:\/\/blogg.svenskakyrkan.se\/vandravagen\/2015\/02\/16\/den-vackraste-sangen-om-trad\/"]}]},{"@type":"BreadcrumbList","@id":"https:\/\/blogg.svenskakyrkan.se\/vandravagen\/2015\/02\/16\/den-vackraste-sangen-om-trad\/#breadcrumb","itemListElement":[{"@type":"ListItem","position":1,"name":"Hem","item":"https:\/\/blogg.svenskakyrkan.se\/vandravagen\/"},{"@type":"ListItem","position":2,"name":"Den vackraste s\u00e5ngen om tr\u00e4d"}]},{"@type":"WebSite","@id":"https:\/\/blogg.svenskakyrkan.se\/vandravagen\/#website","url":"https:\/\/blogg.svenskakyrkan.se\/vandravagen\/","name":"Vandra V\u00e4gen","description":"-Mot en tro f\u00f6r hela livet","publisher":{"@id":"https:\/\/blogg.svenskakyrkan.se\/vandravagen\/#organization"},"potentialAction":[{"@type":"SearchAction","target":{"@type":"EntryPoint","urlTemplate":"https:\/\/blogg.svenskakyrkan.se\/vandravagen\/?s={search_term_string}"},"query-input":{"@type":"PropertyValueSpecification","valueRequired":true,"valueName":"search_term_string"}}],"inLanguage":"sv-SE"},{"@type":"Organization","@id":"https:\/\/blogg.svenskakyrkan.se\/vandravagen\/#organization","name":"ulricehamns pastorat","alternateName":"ulricehamns pastorat","url":"https:\/\/blogg.svenskakyrkan.se\/vandravagen\/","logo":{"@type":"ImageObject","inLanguage":"sv-SE","@id":"https:\/\/blogg.svenskakyrkan.se\/vandravagen\/#\/schema\/logo\/image\/","url":"https:\/\/blogg.svenskakyrkan.se\/vandravagen\/files\/2023\/05\/Ulr_logo_RGB.png","contentUrl":"https:\/\/blogg.svenskakyrkan.se\/vandravagen\/files\/2023\/05\/Ulr_logo_RGB.png","width":205,"height":77,"caption":"ulricehamns pastorat"},"image":{"@id":"https:\/\/blogg.svenskakyrkan.se\/vandravagen\/#\/schema\/logo\/image\/"},"sameAs":["http:\/\/facebook.com\/vandravagen","https:\/\/x.com\/fadertomas","http:\/\/www.facebook.com\/svenskakyrkaniulricehamn"]},{"@type":"Person","@id":"https:\/\/blogg.svenskakyrkan.se\/vandravagen\/#\/schema\/person\/25da02d4f76b137d04291711e2c9fc16","name":"Tomas Jarvid","image":{"@type":"ImageObject","inLanguage":"sv-SE","@id":"https:\/\/blogg.svenskakyrkan.se\/vandravagen\/#\/schema\/person\/image\/","url":"https:\/\/secure.gravatar.com\/avatar\/7fa71899795e8f540f615a1f5ab25255dc27aa40f05ee7ddd21aac521e01bf50?s=96&d=identicon&r=g","contentUrl":"https:\/\/secure.gravatar.com\/avatar\/7fa71899795e8f540f615a1f5ab25255dc27aa40f05ee7ddd21aac521e01bf50?s=96&d=identicon&r=g","caption":"Tomas Jarvid"},"description":"Jag bor i Ulricehamn i V\u00e4sterg\u00f6tland och \u00e4r f\u00f6rsamlingspr\u00e4st i Svenska Kyrkan f\u00f6r Dalstorps f\u00f6rsamling i Kinds pastorat. P\u00e5 den h\u00e4r bloggen skriver jag ner tankar om vandringen som kristen.","sameAs":["http:\/\/www.vandravagen.se"],"url":"https:\/\/blogg.svenskakyrkan.se\/vandravagen\/author\/vandravagen\/"}]}},"author_meta":{"ID":"392","user_nicename":"vandravagen","user_url":"http:\/\/www.vandravagen.se","user_registered":"2014-05-19 05:44:52","display_name":"Tomas Jarvid","first_name":"Tomas","last_name":"Jarvid","avatar":"https:\/\/secure.gravatar.com\/avatar\/7fa71899795e8f540f615a1f5ab25255dc27aa40f05ee7ddd21aac521e01bf50?s=96&d=identicon&r=g"},"featured_image":false,"bloginfo":{"name":"Vandra V\u00e4gen","url":"https:\/\/blogg.svenskakyrkan.se\/vandravagen"},"_links":{"self":[{"href":"https:\/\/blogg.svenskakyrkan.se\/vandravagen\/wp-json\/wp\/v2\/posts\/2695","targetHints":{"allow":["GET"]}}],"collection":[{"href":"https:\/\/blogg.svenskakyrkan.se\/vandravagen\/wp-json\/wp\/v2\/posts"}],"about":[{"href":"https:\/\/blogg.svenskakyrkan.se\/vandravagen\/wp-json\/wp\/v2\/types\/post"}],"author":[{"embeddable":true,"href":"https:\/\/blogg.svenskakyrkan.se\/vandravagen\/wp-json\/wp\/v2\/users\/392"}],"replies":[{"embeddable":true,"href":"https:\/\/blogg.svenskakyrkan.se\/vandravagen\/wp-json\/wp\/v2\/comments?post=2695"}],"version-history":[{"count":1,"href":"https:\/\/blogg.svenskakyrkan.se\/vandravagen\/wp-json\/wp\/v2\/posts\/2695\/revisions"}],"predecessor-version":[{"id":2697,"href":"https:\/\/blogg.svenskakyrkan.se\/vandravagen\/wp-json\/wp\/v2\/posts\/2695\/revisions\/2697"}],"wp:attachment":[{"href":"https:\/\/blogg.svenskakyrkan.se\/vandravagen\/wp-json\/wp\/v2\/media?parent=2695"}],"wp:term":[{"taxonomy":"category","embeddable":true,"href":"https:\/\/blogg.svenskakyrkan.se\/vandravagen\/wp-json\/wp\/v2\/categories?post=2695"},{"taxonomy":"post_tag","embeddable":true,"href":"https:\/\/blogg.svenskakyrkan.se\/vandravagen\/wp-json\/wp\/v2\/tags?post=2695"}],"curies":[{"name":"wp","href":"https:\/\/api.w.org\/{rel}","templated":true}]}}