{"id":272,"date":"2013-11-20T10:25:00","date_gmt":"2013-11-20T09:25:00","guid":{"rendered":"http:\/\/blogg.svenskakyrkan.se\/vandravagen\/2013\/11\/20\/ske-din-vilja-min-da\/"},"modified":"2013-11-20T10:25:00","modified_gmt":"2013-11-20T09:25:00","slug":"ske-din-vilja-min-da","status":"publish","type":"post","link":"https:\/\/blogg.svenskakyrkan.se\/vandravagen\/2013\/11\/20\/ske-din-vilja-min-da\/","title":{"rendered":"Ske din vilja. Min d\u00e5?"},"content":{"rendered":"<table align=\"center\" cellpadding=\"0\" cellspacing=\"0\">\n<tbody>\n<tr>\n<td><a href=\"http:\/\/1.bp.blogspot.com\/-SA3mkvpp-F0\/UoxwS-KwtYI\/AAAAAAAAF8g\/9NzLkRGqQcA\/s1600\/IMG_3526.JPG\"><img loading=\"lazy\" decoding=\"async\" border=\"0\" height=\"640\" src=\"http:\/\/1.bp.blogspot.com\/-SA3mkvpp-F0\/UoxwS-KwtYI\/AAAAAAAAF8g\/9NzLkRGqQcA\/s640\/IMG_3526.JPG\" width=\"426\"><\/a><\/td>\n<\/tr>\n<tr>\n<td>MIN vilja? \u00c4h, jag vill ju bara vara lite cool. Eller?<\/td>\n<\/tr>\n<\/tbody>\n<\/table>\n<p>I b\u00f6nen V\u00e5r Fader finns raden &#8221;l\u00e5t din vilja ske, p\u00e5 jorden s\u00e5 som i himlen&#8221;, i gamla \u00f6vers\u00e4ttningen bad (och ber \u00e4nnu ibland) vi &#8221;ske din vilja, s\u00e5som i himlen, s\u00e5 ock p\u00e5 jorden&#8221;. Jag brukar allt emellan\u00e5t s\u00e4ga liknande uttryck n\u00e4r jag predikar, om Guds vilja. Ofta undrar jag hur det egentligen l\u00e5ter i andras \u00f6ron. Min egen vilja d\u00e5, ska jag ge upp den? S\u00e5 h\u00e4r t\u00e4nker i alla fall jag:<\/p>\n<p>Det finns f\u00f6rst\u00e5s mycket i min vilja som inte st\u00e4mmer med Guds vilja. Synden bor ju i mig och f\u00f6rvrider mig p\u00e5 m\u00e5nga s\u00e4tt. Min djupa vilja \u00e4r dock fortfarande att g\u00f6ra det goda och att \u00e4lska min n\u00e4sta, \u00e4ven om det s\u00e4llan lyckas fullt ut. Min djupaste vilja ligger n\u00e4ra Guds vilja. N\u00e4r jag med Guds Andes hj\u00e4lp n\u00e5gon g\u00e5ng lyckas \u00e4lska som jag egentligen vill har jag inte blivit mindre mig sj\u00e4lv utan mer. Att be och arbeta f\u00f6r att Guds vilja ska ske \u00e4r inget hot mot mig sj\u00e4lv. M\u00f6jligen mot min sj\u00e4lviskhet?<\/p>\n<p>Vad s\u00e4ger du om detta? Har du n\u00e5gon g\u00e5ng haft sv\u00e5rt f\u00f6r n\u00e4r n\u00e5gon talat om att Guds vilja ska ske? Kommentera!<\/p>\n","protected":false},"excerpt":{"rendered":"<p>MIN vilja? \u00c4h, jag vill ju bara vara lite cool. Eller? I b\u00f6nen V\u00e5r Fader finns raden &#8221;l\u00e5t din vilja ske, p\u00e5 jorden s\u00e5 som i himlen&#8221;, i gamla \u00f6vers\u00e4ttningen bad (och ber \u00e4nnu ibland) vi &#8221;ske din vilja, s\u00e5som i himlen, s\u00e5 ock p\u00e5 jorden&#8221;. Jag brukar allt emellan\u00e5t s\u00e4ga liknande uttryck n\u00e4r jag [&hellip;]<\/p>\n","protected":false},"author":392,"featured_media":0,"comment_status":"open","ping_status":"open","sticky":false,"template":"","format":"standard","meta":{"_acf_changed":false,"footnotes":""},"categories":[75887,76189,117],"tags":[],"class_list":["post-272","post","type-post","status-publish","format-standard","hentry","category-andlighet","category-dagens-kyrka","category-teologi"],"acf":[],"yoast_head":"<!-- This site is optimized with the Yoast SEO plugin v27.1.1 - https:\/\/yoast.com\/product\/yoast-seo-wordpress\/ -->\n<title>Ske din vilja. Min d\u00e5? - Vandra V\u00e4gen<\/title>\n<meta name=\"robots\" content=\"index, follow, max-snippet:-1, max-image-preview:large, max-video-preview:-1\" \/>\n<link rel=\"canonical\" href=\"https:\/\/blogg.svenskakyrkan.se\/vandravagen\/2013\/11\/20\/ske-din-vilja-min-da\/\" \/>\n<meta property=\"og:locale\" content=\"sv_SE\" \/>\n<meta property=\"og:type\" content=\"article\" \/>\n<meta property=\"og:title\" content=\"Ske din vilja. Min d\u00e5? - Vandra V\u00e4gen\" \/>\n<meta property=\"og:description\" content=\"MIN vilja? \u00c4h, jag vill ju bara vara lite cool. Eller? I b\u00f6nen V\u00e5r Fader finns raden &#8221;l\u00e5t din vilja ske, p\u00e5 jorden s\u00e5 som i himlen&#8221;, i gamla \u00f6vers\u00e4ttningen bad (och ber \u00e4nnu ibland) vi &#8221;ske din vilja, s\u00e5som i himlen, s\u00e5 ock p\u00e5 jorden&#8221;. Jag brukar allt emellan\u00e5t s\u00e4ga liknande uttryck n\u00e4r jag [&hellip;]\" \/>\n<meta property=\"og:url\" content=\"https:\/\/blogg.svenskakyrkan.se\/vandravagen\/2013\/11\/20\/ske-din-vilja-min-da\/\" \/>\n<meta property=\"og:site_name\" content=\"Vandra V\u00e4gen\" \/>\n<meta property=\"article:publisher\" content=\"http:\/\/facebook.com\/vandravagen\" \/>\n<meta property=\"article:published_time\" content=\"2013-11-20T09:25:00+00:00\" \/>\n<meta property=\"og:image\" content=\"http:\/\/1.bp.blogspot.com\/-SA3mkvpp-F0\/UoxwS-KwtYI\/AAAAAAAAF8g\/9NzLkRGqQcA\/s640\/IMG_3526.JPG\" \/>\n<meta name=\"author\" content=\"Tomas Jarvid\" \/>\n<meta name=\"twitter:card\" content=\"summary_large_image\" \/>\n<meta name=\"twitter:creator\" content=\"@fadertomas\" \/>\n<meta name=\"twitter:site\" content=\"@fadertomas\" \/>\n<meta name=\"twitter:label1\" content=\"Skriven av\" \/>\n\t<meta name=\"twitter:data1\" content=\"Tomas Jarvid\" \/>\n\t<meta name=\"twitter:label2\" content=\"Ber\u00e4knad l\u00e4stid\" \/>\n\t<meta name=\"twitter:data2\" content=\"1 minut\" \/>\n<script type=\"application\/ld+json\" class=\"yoast-schema-graph\">{\"@context\":\"https:\/\/schema.org\",\"@graph\":[{\"@type\":\"Article\",\"@id\":\"https:\/\/blogg.svenskakyrkan.se\/vandravagen\/2013\/11\/20\/ske-din-vilja-min-da\/#article\",\"isPartOf\":{\"@id\":\"https:\/\/blogg.svenskakyrkan.se\/vandravagen\/2013\/11\/20\/ske-din-vilja-min-da\/\"},\"author\":{\"name\":\"Tomas Jarvid\",\"@id\":\"https:\/\/blogg.svenskakyrkan.se\/vandravagen\/#\/schema\/person\/25da02d4f76b137d04291711e2c9fc16\"},\"headline\":\"Ske din vilja. Min d\u00e5?\",\"datePublished\":\"2013-11-20T09:25:00+00:00\",\"mainEntityOfPage\":{\"@id\":\"https:\/\/blogg.svenskakyrkan.se\/vandravagen\/2013\/11\/20\/ske-din-vilja-min-da\/\"},\"wordCount\":245,\"commentCount\":2,\"publisher\":{\"@id\":\"https:\/\/blogg.svenskakyrkan.se\/vandravagen\/#organization\"},\"image\":{\"@id\":\"https:\/\/blogg.svenskakyrkan.se\/vandravagen\/2013\/11\/20\/ske-din-vilja-min-da\/#primaryimage\"},\"thumbnailUrl\":\"http:\/\/1.bp.blogspot.com\/-SA3mkvpp-F0\/UoxwS-KwtYI\/AAAAAAAAF8g\/9NzLkRGqQcA\/s640\/IMG_3526.JPG\",\"articleSection\":[\"andlighet\",\"Dagens Kyrka\",\"Teologi\"],\"inLanguage\":\"sv-SE\",\"potentialAction\":[{\"@type\":\"CommentAction\",\"name\":\"Comment\",\"target\":[\"https:\/\/blogg.svenskakyrkan.se\/vandravagen\/2013\/11\/20\/ske-din-vilja-min-da\/#respond\"]}]},{\"@type\":\"WebPage\",\"@id\":\"https:\/\/blogg.svenskakyrkan.se\/vandravagen\/2013\/11\/20\/ske-din-vilja-min-da\/\",\"url\":\"https:\/\/blogg.svenskakyrkan.se\/vandravagen\/2013\/11\/20\/ske-din-vilja-min-da\/\",\"name\":\"Ske din vilja. Min d\u00e5? - Vandra V\u00e4gen\",\"isPartOf\":{\"@id\":\"https:\/\/blogg.svenskakyrkan.se\/vandravagen\/#website\"},\"primaryImageOfPage\":{\"@id\":\"https:\/\/blogg.svenskakyrkan.se\/vandravagen\/2013\/11\/20\/ske-din-vilja-min-da\/#primaryimage\"},\"image\":{\"@id\":\"https:\/\/blogg.svenskakyrkan.se\/vandravagen\/2013\/11\/20\/ske-din-vilja-min-da\/#primaryimage\"},\"thumbnailUrl\":\"http:\/\/1.bp.blogspot.com\/-SA3mkvpp-F0\/UoxwS-KwtYI\/AAAAAAAAF8g\/9NzLkRGqQcA\/s640\/IMG_3526.JPG\",\"datePublished\":\"2013-11-20T09:25:00+00:00\",\"breadcrumb\":{\"@id\":\"https:\/\/blogg.svenskakyrkan.se\/vandravagen\/2013\/11\/20\/ske-din-vilja-min-da\/#breadcrumb\"},\"inLanguage\":\"sv-SE\",\"potentialAction\":[{\"@type\":\"ReadAction\",\"target\":[\"https:\/\/blogg.svenskakyrkan.se\/vandravagen\/2013\/11\/20\/ske-din-vilja-min-da\/\"]}]},{\"@type\":\"ImageObject\",\"inLanguage\":\"sv-SE\",\"@id\":\"https:\/\/blogg.svenskakyrkan.se\/vandravagen\/2013\/11\/20\/ske-din-vilja-min-da\/#primaryimage\",\"url\":\"http:\/\/1.bp.blogspot.com\/-SA3mkvpp-F0\/UoxwS-KwtYI\/AAAAAAAAF8g\/9NzLkRGqQcA\/s640\/IMG_3526.JPG\",\"contentUrl\":\"http:\/\/1.bp.blogspot.com\/-SA3mkvpp-F0\/UoxwS-KwtYI\/AAAAAAAAF8g\/9NzLkRGqQcA\/s640\/IMG_3526.JPG\"},{\"@type\":\"BreadcrumbList\",\"@id\":\"https:\/\/blogg.svenskakyrkan.se\/vandravagen\/2013\/11\/20\/ske-din-vilja-min-da\/#breadcrumb\",\"itemListElement\":[{\"@type\":\"ListItem\",\"position\":1,\"name\":\"Hem\",\"item\":\"https:\/\/blogg.svenskakyrkan.se\/vandravagen\/\"},{\"@type\":\"ListItem\",\"position\":2,\"name\":\"Ske din vilja. Min d\u00e5?\"}]},{\"@type\":\"WebSite\",\"@id\":\"https:\/\/blogg.svenskakyrkan.se\/vandravagen\/#website\",\"url\":\"https:\/\/blogg.svenskakyrkan.se\/vandravagen\/\",\"name\":\"Vandra V\u00e4gen\",\"description\":\"-Mot en tro f\u00f6r hela livet\",\"publisher\":{\"@id\":\"https:\/\/blogg.svenskakyrkan.se\/vandravagen\/#organization\"},\"potentialAction\":[{\"@type\":\"SearchAction\",\"target\":{\"@type\":\"EntryPoint\",\"urlTemplate\":\"https:\/\/blogg.svenskakyrkan.se\/vandravagen\/?s={search_term_string}\"},\"query-input\":{\"@type\":\"PropertyValueSpecification\",\"valueRequired\":true,\"valueName\":\"search_term_string\"}}],\"inLanguage\":\"sv-SE\"},{\"@type\":\"Organization\",\"@id\":\"https:\/\/blogg.svenskakyrkan.se\/vandravagen\/#organization\",\"name\":\"ulricehamns pastorat\",\"alternateName\":\"ulricehamns pastorat\",\"url\":\"https:\/\/blogg.svenskakyrkan.se\/vandravagen\/\",\"logo\":{\"@type\":\"ImageObject\",\"inLanguage\":\"sv-SE\",\"@id\":\"https:\/\/blogg.svenskakyrkan.se\/vandravagen\/#\/schema\/logo\/image\/\",\"url\":\"https:\/\/blogg.svenskakyrkan.se\/vandravagen\/files\/2023\/05\/Ulr_logo_RGB.png\",\"contentUrl\":\"https:\/\/blogg.svenskakyrkan.se\/vandravagen\/files\/2023\/05\/Ulr_logo_RGB.png\",\"width\":205,\"height\":77,\"caption\":\"ulricehamns pastorat\"},\"image\":{\"@id\":\"https:\/\/blogg.svenskakyrkan.se\/vandravagen\/#\/schema\/logo\/image\/\"},\"sameAs\":[\"http:\/\/facebook.com\/vandravagen\",\"https:\/\/x.com\/fadertomas\",\"http:\/\/www.facebook.com\/svenskakyrkaniulricehamn\"]},{\"@type\":\"Person\",\"@id\":\"https:\/\/blogg.svenskakyrkan.se\/vandravagen\/#\/schema\/person\/25da02d4f76b137d04291711e2c9fc16\",\"name\":\"Tomas Jarvid\",\"image\":{\"@type\":\"ImageObject\",\"inLanguage\":\"sv-SE\",\"@id\":\"https:\/\/blogg.svenskakyrkan.se\/vandravagen\/#\/schema\/person\/image\/\",\"url\":\"https:\/\/secure.gravatar.com\/avatar\/7fa71899795e8f540f615a1f5ab25255dc27aa40f05ee7ddd21aac521e01bf50?s=96&d=identicon&r=g\",\"contentUrl\":\"https:\/\/secure.gravatar.com\/avatar\/7fa71899795e8f540f615a1f5ab25255dc27aa40f05ee7ddd21aac521e01bf50?s=96&d=identicon&r=g\",\"caption\":\"Tomas Jarvid\"},\"description\":\"Jag bor i Ulricehamn i V\u00e4sterg\u00f6tland och \u00e4r f\u00f6rsamlingspr\u00e4st i Svenska Kyrkan f\u00f6r Dalstorps f\u00f6rsamling i Kinds pastorat. P\u00e5 den h\u00e4r bloggen skriver jag ner tankar om vandringen som kristen.\",\"sameAs\":[\"http:\/\/www.vandravagen.se\"],\"url\":\"https:\/\/blogg.svenskakyrkan.se\/vandravagen\/author\/vandravagen\/\"}]}<\/script>\n<!-- \/ Yoast SEO plugin. -->","yoast_head_json":{"title":"Ske din vilja. Min d\u00e5? - Vandra V\u00e4gen","robots":{"index":"index","follow":"follow","max-snippet":"max-snippet:-1","max-image-preview":"max-image-preview:large","max-video-preview":"max-video-preview:-1"},"canonical":"https:\/\/blogg.svenskakyrkan.se\/vandravagen\/2013\/11\/20\/ske-din-vilja-min-da\/","og_locale":"sv_SE","og_type":"article","og_title":"Ske din vilja. Min d\u00e5? - Vandra V\u00e4gen","og_description":"MIN vilja? \u00c4h, jag vill ju bara vara lite cool. Eller? I b\u00f6nen V\u00e5r Fader finns raden &#8221;l\u00e5t din vilja ske, p\u00e5 jorden s\u00e5 som i himlen&#8221;, i gamla \u00f6vers\u00e4ttningen bad (och ber \u00e4nnu ibland) vi &#8221;ske din vilja, s\u00e5som i himlen, s\u00e5 ock p\u00e5 jorden&#8221;. Jag brukar allt emellan\u00e5t s\u00e4ga liknande uttryck n\u00e4r jag [&hellip;]","og_url":"https:\/\/blogg.svenskakyrkan.se\/vandravagen\/2013\/11\/20\/ske-din-vilja-min-da\/","og_site_name":"Vandra V\u00e4gen","article_publisher":"http:\/\/facebook.com\/vandravagen","article_published_time":"2013-11-20T09:25:00+00:00","og_image":[{"url":"http:\/\/1.bp.blogspot.com\/-SA3mkvpp-F0\/UoxwS-KwtYI\/AAAAAAAAF8g\/9NzLkRGqQcA\/s640\/IMG_3526.JPG","type":"","width":"","height":""}],"author":"Tomas Jarvid","twitter_card":"summary_large_image","twitter_creator":"@fadertomas","twitter_site":"@fadertomas","twitter_misc":{"Skriven av":"Tomas Jarvid","Ber\u00e4knad l\u00e4stid":"1 minut"},"schema":{"@context":"https:\/\/schema.org","@graph":[{"@type":"Article","@id":"https:\/\/blogg.svenskakyrkan.se\/vandravagen\/2013\/11\/20\/ske-din-vilja-min-da\/#article","isPartOf":{"@id":"https:\/\/blogg.svenskakyrkan.se\/vandravagen\/2013\/11\/20\/ske-din-vilja-min-da\/"},"author":{"name":"Tomas Jarvid","@id":"https:\/\/blogg.svenskakyrkan.se\/vandravagen\/#\/schema\/person\/25da02d4f76b137d04291711e2c9fc16"},"headline":"Ske din vilja. Min d\u00e5?","datePublished":"2013-11-20T09:25:00+00:00","mainEntityOfPage":{"@id":"https:\/\/blogg.svenskakyrkan.se\/vandravagen\/2013\/11\/20\/ske-din-vilja-min-da\/"},"wordCount":245,"commentCount":2,"publisher":{"@id":"https:\/\/blogg.svenskakyrkan.se\/vandravagen\/#organization"},"image":{"@id":"https:\/\/blogg.svenskakyrkan.se\/vandravagen\/2013\/11\/20\/ske-din-vilja-min-da\/#primaryimage"},"thumbnailUrl":"http:\/\/1.bp.blogspot.com\/-SA3mkvpp-F0\/UoxwS-KwtYI\/AAAAAAAAF8g\/9NzLkRGqQcA\/s640\/IMG_3526.JPG","articleSection":["andlighet","Dagens Kyrka","Teologi"],"inLanguage":"sv-SE","potentialAction":[{"@type":"CommentAction","name":"Comment","target":["https:\/\/blogg.svenskakyrkan.se\/vandravagen\/2013\/11\/20\/ske-din-vilja-min-da\/#respond"]}]},{"@type":"WebPage","@id":"https:\/\/blogg.svenskakyrkan.se\/vandravagen\/2013\/11\/20\/ske-din-vilja-min-da\/","url":"https:\/\/blogg.svenskakyrkan.se\/vandravagen\/2013\/11\/20\/ske-din-vilja-min-da\/","name":"Ske din vilja. Min d\u00e5? - Vandra V\u00e4gen","isPartOf":{"@id":"https:\/\/blogg.svenskakyrkan.se\/vandravagen\/#website"},"primaryImageOfPage":{"@id":"https:\/\/blogg.svenskakyrkan.se\/vandravagen\/2013\/11\/20\/ske-din-vilja-min-da\/#primaryimage"},"image":{"@id":"https:\/\/blogg.svenskakyrkan.se\/vandravagen\/2013\/11\/20\/ske-din-vilja-min-da\/#primaryimage"},"thumbnailUrl":"http:\/\/1.bp.blogspot.com\/-SA3mkvpp-F0\/UoxwS-KwtYI\/AAAAAAAAF8g\/9NzLkRGqQcA\/s640\/IMG_3526.JPG","datePublished":"2013-11-20T09:25:00+00:00","breadcrumb":{"@id":"https:\/\/blogg.svenskakyrkan.se\/vandravagen\/2013\/11\/20\/ske-din-vilja-min-da\/#breadcrumb"},"inLanguage":"sv-SE","potentialAction":[{"@type":"ReadAction","target":["https:\/\/blogg.svenskakyrkan.se\/vandravagen\/2013\/11\/20\/ske-din-vilja-min-da\/"]}]},{"@type":"ImageObject","inLanguage":"sv-SE","@id":"https:\/\/blogg.svenskakyrkan.se\/vandravagen\/2013\/11\/20\/ske-din-vilja-min-da\/#primaryimage","url":"http:\/\/1.bp.blogspot.com\/-SA3mkvpp-F0\/UoxwS-KwtYI\/AAAAAAAAF8g\/9NzLkRGqQcA\/s640\/IMG_3526.JPG","contentUrl":"http:\/\/1.bp.blogspot.com\/-SA3mkvpp-F0\/UoxwS-KwtYI\/AAAAAAAAF8g\/9NzLkRGqQcA\/s640\/IMG_3526.JPG"},{"@type":"BreadcrumbList","@id":"https:\/\/blogg.svenskakyrkan.se\/vandravagen\/2013\/11\/20\/ske-din-vilja-min-da\/#breadcrumb","itemListElement":[{"@type":"ListItem","position":1,"name":"Hem","item":"https:\/\/blogg.svenskakyrkan.se\/vandravagen\/"},{"@type":"ListItem","position":2,"name":"Ske din vilja. Min d\u00e5?"}]},{"@type":"WebSite","@id":"https:\/\/blogg.svenskakyrkan.se\/vandravagen\/#website","url":"https:\/\/blogg.svenskakyrkan.se\/vandravagen\/","name":"Vandra V\u00e4gen","description":"-Mot en tro f\u00f6r hela livet","publisher":{"@id":"https:\/\/blogg.svenskakyrkan.se\/vandravagen\/#organization"},"potentialAction":[{"@type":"SearchAction","target":{"@type":"EntryPoint","urlTemplate":"https:\/\/blogg.svenskakyrkan.se\/vandravagen\/?s={search_term_string}"},"query-input":{"@type":"PropertyValueSpecification","valueRequired":true,"valueName":"search_term_string"}}],"inLanguage":"sv-SE"},{"@type":"Organization","@id":"https:\/\/blogg.svenskakyrkan.se\/vandravagen\/#organization","name":"ulricehamns pastorat","alternateName":"ulricehamns pastorat","url":"https:\/\/blogg.svenskakyrkan.se\/vandravagen\/","logo":{"@type":"ImageObject","inLanguage":"sv-SE","@id":"https:\/\/blogg.svenskakyrkan.se\/vandravagen\/#\/schema\/logo\/image\/","url":"https:\/\/blogg.svenskakyrkan.se\/vandravagen\/files\/2023\/05\/Ulr_logo_RGB.png","contentUrl":"https:\/\/blogg.svenskakyrkan.se\/vandravagen\/files\/2023\/05\/Ulr_logo_RGB.png","width":205,"height":77,"caption":"ulricehamns pastorat"},"image":{"@id":"https:\/\/blogg.svenskakyrkan.se\/vandravagen\/#\/schema\/logo\/image\/"},"sameAs":["http:\/\/facebook.com\/vandravagen","https:\/\/x.com\/fadertomas","http:\/\/www.facebook.com\/svenskakyrkaniulricehamn"]},{"@type":"Person","@id":"https:\/\/blogg.svenskakyrkan.se\/vandravagen\/#\/schema\/person\/25da02d4f76b137d04291711e2c9fc16","name":"Tomas Jarvid","image":{"@type":"ImageObject","inLanguage":"sv-SE","@id":"https:\/\/blogg.svenskakyrkan.se\/vandravagen\/#\/schema\/person\/image\/","url":"https:\/\/secure.gravatar.com\/avatar\/7fa71899795e8f540f615a1f5ab25255dc27aa40f05ee7ddd21aac521e01bf50?s=96&d=identicon&r=g","contentUrl":"https:\/\/secure.gravatar.com\/avatar\/7fa71899795e8f540f615a1f5ab25255dc27aa40f05ee7ddd21aac521e01bf50?s=96&d=identicon&r=g","caption":"Tomas Jarvid"},"description":"Jag bor i Ulricehamn i V\u00e4sterg\u00f6tland och \u00e4r f\u00f6rsamlingspr\u00e4st i Svenska Kyrkan f\u00f6r Dalstorps f\u00f6rsamling i Kinds pastorat. P\u00e5 den h\u00e4r bloggen skriver jag ner tankar om vandringen som kristen.","sameAs":["http:\/\/www.vandravagen.se"],"url":"https:\/\/blogg.svenskakyrkan.se\/vandravagen\/author\/vandravagen\/"}]}},"author_meta":{"ID":"392","user_nicename":"vandravagen","user_url":"http:\/\/www.vandravagen.se","user_registered":"2014-05-19 05:44:52","display_name":"Tomas Jarvid","first_name":"Tomas","last_name":"Jarvid","avatar":"https:\/\/secure.gravatar.com\/avatar\/7fa71899795e8f540f615a1f5ab25255dc27aa40f05ee7ddd21aac521e01bf50?s=96&d=identicon&r=g"},"featured_image":false,"bloginfo":{"name":"Vandra V\u00e4gen","url":"https:\/\/blogg.svenskakyrkan.se\/vandravagen"},"_links":{"self":[{"href":"https:\/\/blogg.svenskakyrkan.se\/vandravagen\/wp-json\/wp\/v2\/posts\/272","targetHints":{"allow":["GET"]}}],"collection":[{"href":"https:\/\/blogg.svenskakyrkan.se\/vandravagen\/wp-json\/wp\/v2\/posts"}],"about":[{"href":"https:\/\/blogg.svenskakyrkan.se\/vandravagen\/wp-json\/wp\/v2\/types\/post"}],"author":[{"embeddable":true,"href":"https:\/\/blogg.svenskakyrkan.se\/vandravagen\/wp-json\/wp\/v2\/users\/392"}],"replies":[{"embeddable":true,"href":"https:\/\/blogg.svenskakyrkan.se\/vandravagen\/wp-json\/wp\/v2\/comments?post=272"}],"version-history":[{"count":0,"href":"https:\/\/blogg.svenskakyrkan.se\/vandravagen\/wp-json\/wp\/v2\/posts\/272\/revisions"}],"wp:attachment":[{"href":"https:\/\/blogg.svenskakyrkan.se\/vandravagen\/wp-json\/wp\/v2\/media?parent=272"}],"wp:term":[{"taxonomy":"category","embeddable":true,"href":"https:\/\/blogg.svenskakyrkan.se\/vandravagen\/wp-json\/wp\/v2\/categories?post=272"},{"taxonomy":"post_tag","embeddable":true,"href":"https:\/\/blogg.svenskakyrkan.se\/vandravagen\/wp-json\/wp\/v2\/tags?post=272"}],"curies":[{"name":"wp","href":"https:\/\/api.w.org\/{rel}","templated":true}]}}