{"id":277,"date":"2013-11-16T08:45:00","date_gmt":"2013-11-16T07:45:00","guid":{"rendered":"http:\/\/blogg.svenskakyrkan.se\/vandravagen\/2013\/11\/16\/flytt-och-tankar-pa-israeliternas-flyttlass\/"},"modified":"2013-11-16T08:45:00","modified_gmt":"2013-11-16T07:45:00","slug":"flytt-och-tankar-pa-israeliternas-flyttlass","status":"publish","type":"post","link":"https:\/\/blogg.svenskakyrkan.se\/vandravagen\/2013\/11\/16\/flytt-och-tankar-pa-israeliternas-flyttlass\/","title":{"rendered":"Flytt och tankar p\u00e5 israeliternas flyttlass"},"content":{"rendered":"<table align=\"center\" cellpadding=\"0\" cellspacing=\"0\">\n<tbody>\n<tr>\n<td><a href=\"http:\/\/3.bp.blogspot.com\/-N58of5qdzKw\/UocUDkQgfMI\/AAAAAAAAF3U\/ybk2vTpg9pA\/s1600\/IMG_3929.JPG\"><img loading=\"lazy\" decoding=\"async\" border=\"0\" height=\"640\" src=\"http:\/\/3.bp.blogspot.com\/-N58of5qdzKw\/UocUDkQgfMI\/AAAAAAAAF3U\/ybk2vTpg9pA\/s640\/IMG_3929.JPG\" width=\"580\"><\/a><\/td>\n<\/tr>\n<tr>\n<td>Den h\u00e4r mannen har packat med sig sin get!<\/td>\n<\/tr>\n<\/tbody>\n<\/table>\n<div><\/div>\n<div><\/div>\n<p>Vi h\u00e5ller p\u00e5 att flytta. Idag k\u00f6r vi en vagn med r\u00e4tt mycket grejer och sedan flyttar vi p\u00e5 riktigt om tv\u00e5 veckor med destination Husaby. Det f\u00e5r mig att t\u00e4nka p\u00e5 en k\u00e4nd flytt i bibeln (nej, likheterna \u00e4r inte s\u00e5 stora men \u00e4nd\u00e5): efter 430 \u00e5r i Egypten bryter israels folk upp med Mose i spetsen f\u00f6r att g\u00e5 till sitt utlovade land. Det har kr\u00e4vts 10 pl\u00e5gor f\u00f6r att farao ska sl\u00e4ppa dem, de var ju slavar mot slutet av sin tid d\u00e4r. S\u00e5 h\u00e4r st\u00e5r det:<\/p>\n<blockquote>\n<p>S\u00e5 tog israeliterna degen, innan man hunnit syra den, svepte sina mantlar om baktr\u00e5gen och bar dem p\u00e5 axeln. 35De hade gjort som Mose sade: de hade bett egypterna om f\u00f6rem\u00e5l av silver och guld och om kl\u00e4der. 36Och Herren hade gjort egypterna v\u00e4lvilligt st\u00e4mda mot israeliterna, s\u00e5 att de gav dem vad de beg\u00e4rde. P\u00e5 det s\u00e4ttet tog de byte av egypterna.\u00a0<\/p>\n<\/blockquote>\n<blockquote>\n<p>Israeliterna br\u00f6t upp fr\u00e5n Ramses mot Suckot, ungef\u00e4r 600 000 m\u00e4n till fots, f\u00f6rutom kvinnor och barn. 38En m\u00e4ngd l\u00f6st folk gick med dem, och d\u00e4rtill v\u00e4ldiga hjordar av f\u00e5r och kor. 39Av degen som de hade med sig fr\u00e5n Egypten bakade de osyrade br\u00f6dkakor. De hade inte hunnit syra degen, eftersom de drevs ut ur landet s\u00e5 hastigt att de inte kunde v\u00e4nta, och inte heller hann de g\u00f6ra i ordning n\u00e5gon proviant. (2 mos 12:34-38)<\/p>\n<\/blockquote>\n<p>Det d\u00e4r med att de tog med sig rikedomar fr\u00e5n egypten har man i olika tider gjort en po\u00e4ng av i den kristna kyrkan. P\u00e5 samma s\u00e4tt kunde kyrkan exempel ta till sig och anv\u00e4nda det grekiska t\u00e4nkandets logik med mera. Som kristen kan man med andra ord berika sig ocks\u00e5 p\u00e5 andras rikedomar av vishet och kunskap. Alla sanning \u00e4r Guds sanning s\u00e4ger filosoferna, det kan ju bara finnas en sanning.<\/p>\n<p>Sedan vi flyttade in p\u00e5 v\u00e4stra torsgatan har vi kanske inte blivit ett stort folk men i alla fall har vi blivit dubbelt s\u00e5 m\u00e5nga i familjen. Inte illa det! Vi f\u00e5r f\u00f6rs\u00f6ka ta med oss alla erfarenheter vi gjort h\u00e4r.<\/p>\n","protected":false},"excerpt":{"rendered":"<p>Den h\u00e4r mannen har packat med sig sin get! Vi h\u00e5ller p\u00e5 att flytta. Idag k\u00f6r vi en vagn med r\u00e4tt mycket grejer och sedan flyttar vi p\u00e5 riktigt om tv\u00e5 veckor med destination Husaby. Det f\u00e5r mig att t\u00e4nka p\u00e5 en k\u00e4nd flytt i bibeln (nej, likheterna \u00e4r inte s\u00e5 stora men \u00e4nd\u00e5): efter [&hellip;]<\/p>\n","protected":false},"author":392,"featured_media":0,"comment_status":"open","ping_status":"open","sticky":false,"template":"","format":"standard","meta":{"_acf_changed":false,"footnotes":""},"categories":[14252,76189,117],"tags":[],"class_list":["post-277","post","type-post","status-publish","format-standard","hentry","category-bibel","category-dagens-kyrka","category-teologi"],"acf":[],"yoast_head":"<!-- This site is optimized with the Yoast SEO plugin v27.1.1 - https:\/\/yoast.com\/product\/yoast-seo-wordpress\/ -->\n<title>Flytt och tankar p\u00e5 israeliternas flyttlass - Vandra V\u00e4gen<\/title>\n<meta name=\"robots\" content=\"index, follow, max-snippet:-1, max-image-preview:large, max-video-preview:-1\" \/>\n<link rel=\"canonical\" href=\"https:\/\/blogg.svenskakyrkan.se\/vandravagen\/2013\/11\/16\/flytt-och-tankar-pa-israeliternas-flyttlass\/\" \/>\n<meta property=\"og:locale\" content=\"sv_SE\" \/>\n<meta property=\"og:type\" content=\"article\" \/>\n<meta property=\"og:title\" content=\"Flytt och tankar p\u00e5 israeliternas flyttlass - Vandra V\u00e4gen\" \/>\n<meta property=\"og:description\" content=\"Den h\u00e4r mannen har packat med sig sin get! Vi h\u00e5ller p\u00e5 att flytta. Idag k\u00f6r vi en vagn med r\u00e4tt mycket grejer och sedan flyttar vi p\u00e5 riktigt om tv\u00e5 veckor med destination Husaby. Det f\u00e5r mig att t\u00e4nka p\u00e5 en k\u00e4nd flytt i bibeln (nej, likheterna \u00e4r inte s\u00e5 stora men \u00e4nd\u00e5): efter [&hellip;]\" \/>\n<meta property=\"og:url\" content=\"https:\/\/blogg.svenskakyrkan.se\/vandravagen\/2013\/11\/16\/flytt-och-tankar-pa-israeliternas-flyttlass\/\" \/>\n<meta property=\"og:site_name\" content=\"Vandra V\u00e4gen\" \/>\n<meta property=\"article:publisher\" content=\"http:\/\/facebook.com\/vandravagen\" \/>\n<meta property=\"article:published_time\" content=\"2013-11-16T07:45:00+00:00\" \/>\n<meta property=\"og:image\" content=\"http:\/\/3.bp.blogspot.com\/-N58of5qdzKw\/UocUDkQgfMI\/AAAAAAAAF3U\/ybk2vTpg9pA\/s640\/IMG_3929.JPG\" \/>\n<meta name=\"author\" content=\"Tomas Jarvid\" \/>\n<meta name=\"twitter:card\" content=\"summary_large_image\" \/>\n<meta name=\"twitter:creator\" content=\"@fadertomas\" \/>\n<meta name=\"twitter:site\" content=\"@fadertomas\" \/>\n<meta name=\"twitter:label1\" content=\"Skriven av\" \/>\n\t<meta name=\"twitter:data1\" content=\"Tomas Jarvid\" \/>\n\t<meta name=\"twitter:label2\" content=\"Ber\u00e4knad l\u00e4stid\" \/>\n\t<meta name=\"twitter:data2\" content=\"2 minuter\" \/>\n<script type=\"application\/ld+json\" class=\"yoast-schema-graph\">{\"@context\":\"https:\/\/schema.org\",\"@graph\":[{\"@type\":\"Article\",\"@id\":\"https:\/\/blogg.svenskakyrkan.se\/vandravagen\/2013\/11\/16\/flytt-och-tankar-pa-israeliternas-flyttlass\/#article\",\"isPartOf\":{\"@id\":\"https:\/\/blogg.svenskakyrkan.se\/vandravagen\/2013\/11\/16\/flytt-och-tankar-pa-israeliternas-flyttlass\/\"},\"author\":{\"name\":\"Tomas Jarvid\",\"@id\":\"https:\/\/blogg.svenskakyrkan.se\/vandravagen\/#\/schema\/person\/25da02d4f76b137d04291711e2c9fc16\"},\"headline\":\"Flytt och tankar p\u00e5 israeliternas flyttlass\",\"datePublished\":\"2013-11-16T07:45:00+00:00\",\"mainEntityOfPage\":{\"@id\":\"https:\/\/blogg.svenskakyrkan.se\/vandravagen\/2013\/11\/16\/flytt-och-tankar-pa-israeliternas-flyttlass\/\"},\"wordCount\":404,\"commentCount\":0,\"publisher\":{\"@id\":\"https:\/\/blogg.svenskakyrkan.se\/vandravagen\/#organization\"},\"image\":{\"@id\":\"https:\/\/blogg.svenskakyrkan.se\/vandravagen\/2013\/11\/16\/flytt-och-tankar-pa-israeliternas-flyttlass\/#primaryimage\"},\"thumbnailUrl\":\"http:\/\/3.bp.blogspot.com\/-N58of5qdzKw\/UocUDkQgfMI\/AAAAAAAAF3U\/ybk2vTpg9pA\/s640\/IMG_3929.JPG\",\"articleSection\":[\"bibel\",\"Dagens Kyrka\",\"Teologi\"],\"inLanguage\":\"sv-SE\",\"potentialAction\":[{\"@type\":\"CommentAction\",\"name\":\"Comment\",\"target\":[\"https:\/\/blogg.svenskakyrkan.se\/vandravagen\/2013\/11\/16\/flytt-och-tankar-pa-israeliternas-flyttlass\/#respond\"]}]},{\"@type\":\"WebPage\",\"@id\":\"https:\/\/blogg.svenskakyrkan.se\/vandravagen\/2013\/11\/16\/flytt-och-tankar-pa-israeliternas-flyttlass\/\",\"url\":\"https:\/\/blogg.svenskakyrkan.se\/vandravagen\/2013\/11\/16\/flytt-och-tankar-pa-israeliternas-flyttlass\/\",\"name\":\"Flytt och tankar p\u00e5 israeliternas flyttlass - Vandra V\u00e4gen\",\"isPartOf\":{\"@id\":\"https:\/\/blogg.svenskakyrkan.se\/vandravagen\/#website\"},\"primaryImageOfPage\":{\"@id\":\"https:\/\/blogg.svenskakyrkan.se\/vandravagen\/2013\/11\/16\/flytt-och-tankar-pa-israeliternas-flyttlass\/#primaryimage\"},\"image\":{\"@id\":\"https:\/\/blogg.svenskakyrkan.se\/vandravagen\/2013\/11\/16\/flytt-och-tankar-pa-israeliternas-flyttlass\/#primaryimage\"},\"thumbnailUrl\":\"http:\/\/3.bp.blogspot.com\/-N58of5qdzKw\/UocUDkQgfMI\/AAAAAAAAF3U\/ybk2vTpg9pA\/s640\/IMG_3929.JPG\",\"datePublished\":\"2013-11-16T07:45:00+00:00\",\"breadcrumb\":{\"@id\":\"https:\/\/blogg.svenskakyrkan.se\/vandravagen\/2013\/11\/16\/flytt-och-tankar-pa-israeliternas-flyttlass\/#breadcrumb\"},\"inLanguage\":\"sv-SE\",\"potentialAction\":[{\"@type\":\"ReadAction\",\"target\":[\"https:\/\/blogg.svenskakyrkan.se\/vandravagen\/2013\/11\/16\/flytt-och-tankar-pa-israeliternas-flyttlass\/\"]}]},{\"@type\":\"ImageObject\",\"inLanguage\":\"sv-SE\",\"@id\":\"https:\/\/blogg.svenskakyrkan.se\/vandravagen\/2013\/11\/16\/flytt-och-tankar-pa-israeliternas-flyttlass\/#primaryimage\",\"url\":\"http:\/\/3.bp.blogspot.com\/-N58of5qdzKw\/UocUDkQgfMI\/AAAAAAAAF3U\/ybk2vTpg9pA\/s640\/IMG_3929.JPG\",\"contentUrl\":\"http:\/\/3.bp.blogspot.com\/-N58of5qdzKw\/UocUDkQgfMI\/AAAAAAAAF3U\/ybk2vTpg9pA\/s640\/IMG_3929.JPG\"},{\"@type\":\"BreadcrumbList\",\"@id\":\"https:\/\/blogg.svenskakyrkan.se\/vandravagen\/2013\/11\/16\/flytt-och-tankar-pa-israeliternas-flyttlass\/#breadcrumb\",\"itemListElement\":[{\"@type\":\"ListItem\",\"position\":1,\"name\":\"Hem\",\"item\":\"https:\/\/blogg.svenskakyrkan.se\/vandravagen\/\"},{\"@type\":\"ListItem\",\"position\":2,\"name\":\"Flytt och tankar p\u00e5 israeliternas flyttlass\"}]},{\"@type\":\"WebSite\",\"@id\":\"https:\/\/blogg.svenskakyrkan.se\/vandravagen\/#website\",\"url\":\"https:\/\/blogg.svenskakyrkan.se\/vandravagen\/\",\"name\":\"Vandra V\u00e4gen\",\"description\":\"-Mot en tro f\u00f6r hela livet\",\"publisher\":{\"@id\":\"https:\/\/blogg.svenskakyrkan.se\/vandravagen\/#organization\"},\"potentialAction\":[{\"@type\":\"SearchAction\",\"target\":{\"@type\":\"EntryPoint\",\"urlTemplate\":\"https:\/\/blogg.svenskakyrkan.se\/vandravagen\/?s={search_term_string}\"},\"query-input\":{\"@type\":\"PropertyValueSpecification\",\"valueRequired\":true,\"valueName\":\"search_term_string\"}}],\"inLanguage\":\"sv-SE\"},{\"@type\":\"Organization\",\"@id\":\"https:\/\/blogg.svenskakyrkan.se\/vandravagen\/#organization\",\"name\":\"ulricehamns pastorat\",\"alternateName\":\"ulricehamns pastorat\",\"url\":\"https:\/\/blogg.svenskakyrkan.se\/vandravagen\/\",\"logo\":{\"@type\":\"ImageObject\",\"inLanguage\":\"sv-SE\",\"@id\":\"https:\/\/blogg.svenskakyrkan.se\/vandravagen\/#\/schema\/logo\/image\/\",\"url\":\"https:\/\/blogg.svenskakyrkan.se\/vandravagen\/files\/2023\/05\/Ulr_logo_RGB.png\",\"contentUrl\":\"https:\/\/blogg.svenskakyrkan.se\/vandravagen\/files\/2023\/05\/Ulr_logo_RGB.png\",\"width\":205,\"height\":77,\"caption\":\"ulricehamns pastorat\"},\"image\":{\"@id\":\"https:\/\/blogg.svenskakyrkan.se\/vandravagen\/#\/schema\/logo\/image\/\"},\"sameAs\":[\"http:\/\/facebook.com\/vandravagen\",\"https:\/\/x.com\/fadertomas\",\"http:\/\/www.facebook.com\/svenskakyrkaniulricehamn\"]},{\"@type\":\"Person\",\"@id\":\"https:\/\/blogg.svenskakyrkan.se\/vandravagen\/#\/schema\/person\/25da02d4f76b137d04291711e2c9fc16\",\"name\":\"Tomas Jarvid\",\"image\":{\"@type\":\"ImageObject\",\"inLanguage\":\"sv-SE\",\"@id\":\"https:\/\/blogg.svenskakyrkan.se\/vandravagen\/#\/schema\/person\/image\/\",\"url\":\"https:\/\/secure.gravatar.com\/avatar\/7fa71899795e8f540f615a1f5ab25255dc27aa40f05ee7ddd21aac521e01bf50?s=96&d=identicon&r=g\",\"contentUrl\":\"https:\/\/secure.gravatar.com\/avatar\/7fa71899795e8f540f615a1f5ab25255dc27aa40f05ee7ddd21aac521e01bf50?s=96&d=identicon&r=g\",\"caption\":\"Tomas Jarvid\"},\"description\":\"Jag bor i Ulricehamn i V\u00e4sterg\u00f6tland och \u00e4r f\u00f6rsamlingspr\u00e4st i Svenska Kyrkan f\u00f6r Dalstorps f\u00f6rsamling i Kinds pastorat. P\u00e5 den h\u00e4r bloggen skriver jag ner tankar om vandringen som kristen.\",\"sameAs\":[\"http:\/\/www.vandravagen.se\"],\"url\":\"https:\/\/blogg.svenskakyrkan.se\/vandravagen\/author\/vandravagen\/\"}]}<\/script>\n<!-- \/ Yoast SEO plugin. -->","yoast_head_json":{"title":"Flytt och tankar p\u00e5 israeliternas flyttlass - Vandra V\u00e4gen","robots":{"index":"index","follow":"follow","max-snippet":"max-snippet:-1","max-image-preview":"max-image-preview:large","max-video-preview":"max-video-preview:-1"},"canonical":"https:\/\/blogg.svenskakyrkan.se\/vandravagen\/2013\/11\/16\/flytt-och-tankar-pa-israeliternas-flyttlass\/","og_locale":"sv_SE","og_type":"article","og_title":"Flytt och tankar p\u00e5 israeliternas flyttlass - Vandra V\u00e4gen","og_description":"Den h\u00e4r mannen har packat med sig sin get! Vi h\u00e5ller p\u00e5 att flytta. Idag k\u00f6r vi en vagn med r\u00e4tt mycket grejer och sedan flyttar vi p\u00e5 riktigt om tv\u00e5 veckor med destination Husaby. Det f\u00e5r mig att t\u00e4nka p\u00e5 en k\u00e4nd flytt i bibeln (nej, likheterna \u00e4r inte s\u00e5 stora men \u00e4nd\u00e5): efter [&hellip;]","og_url":"https:\/\/blogg.svenskakyrkan.se\/vandravagen\/2013\/11\/16\/flytt-och-tankar-pa-israeliternas-flyttlass\/","og_site_name":"Vandra V\u00e4gen","article_publisher":"http:\/\/facebook.com\/vandravagen","article_published_time":"2013-11-16T07:45:00+00:00","og_image":[{"url":"http:\/\/3.bp.blogspot.com\/-N58of5qdzKw\/UocUDkQgfMI\/AAAAAAAAF3U\/ybk2vTpg9pA\/s640\/IMG_3929.JPG","type":"","width":"","height":""}],"author":"Tomas Jarvid","twitter_card":"summary_large_image","twitter_creator":"@fadertomas","twitter_site":"@fadertomas","twitter_misc":{"Skriven av":"Tomas Jarvid","Ber\u00e4knad l\u00e4stid":"2 minuter"},"schema":{"@context":"https:\/\/schema.org","@graph":[{"@type":"Article","@id":"https:\/\/blogg.svenskakyrkan.se\/vandravagen\/2013\/11\/16\/flytt-och-tankar-pa-israeliternas-flyttlass\/#article","isPartOf":{"@id":"https:\/\/blogg.svenskakyrkan.se\/vandravagen\/2013\/11\/16\/flytt-och-tankar-pa-israeliternas-flyttlass\/"},"author":{"name":"Tomas Jarvid","@id":"https:\/\/blogg.svenskakyrkan.se\/vandravagen\/#\/schema\/person\/25da02d4f76b137d04291711e2c9fc16"},"headline":"Flytt och tankar p\u00e5 israeliternas flyttlass","datePublished":"2013-11-16T07:45:00+00:00","mainEntityOfPage":{"@id":"https:\/\/blogg.svenskakyrkan.se\/vandravagen\/2013\/11\/16\/flytt-och-tankar-pa-israeliternas-flyttlass\/"},"wordCount":404,"commentCount":0,"publisher":{"@id":"https:\/\/blogg.svenskakyrkan.se\/vandravagen\/#organization"},"image":{"@id":"https:\/\/blogg.svenskakyrkan.se\/vandravagen\/2013\/11\/16\/flytt-och-tankar-pa-israeliternas-flyttlass\/#primaryimage"},"thumbnailUrl":"http:\/\/3.bp.blogspot.com\/-N58of5qdzKw\/UocUDkQgfMI\/AAAAAAAAF3U\/ybk2vTpg9pA\/s640\/IMG_3929.JPG","articleSection":["bibel","Dagens Kyrka","Teologi"],"inLanguage":"sv-SE","potentialAction":[{"@type":"CommentAction","name":"Comment","target":["https:\/\/blogg.svenskakyrkan.se\/vandravagen\/2013\/11\/16\/flytt-och-tankar-pa-israeliternas-flyttlass\/#respond"]}]},{"@type":"WebPage","@id":"https:\/\/blogg.svenskakyrkan.se\/vandravagen\/2013\/11\/16\/flytt-och-tankar-pa-israeliternas-flyttlass\/","url":"https:\/\/blogg.svenskakyrkan.se\/vandravagen\/2013\/11\/16\/flytt-och-tankar-pa-israeliternas-flyttlass\/","name":"Flytt och tankar p\u00e5 israeliternas flyttlass - Vandra V\u00e4gen","isPartOf":{"@id":"https:\/\/blogg.svenskakyrkan.se\/vandravagen\/#website"},"primaryImageOfPage":{"@id":"https:\/\/blogg.svenskakyrkan.se\/vandravagen\/2013\/11\/16\/flytt-och-tankar-pa-israeliternas-flyttlass\/#primaryimage"},"image":{"@id":"https:\/\/blogg.svenskakyrkan.se\/vandravagen\/2013\/11\/16\/flytt-och-tankar-pa-israeliternas-flyttlass\/#primaryimage"},"thumbnailUrl":"http:\/\/3.bp.blogspot.com\/-N58of5qdzKw\/UocUDkQgfMI\/AAAAAAAAF3U\/ybk2vTpg9pA\/s640\/IMG_3929.JPG","datePublished":"2013-11-16T07:45:00+00:00","breadcrumb":{"@id":"https:\/\/blogg.svenskakyrkan.se\/vandravagen\/2013\/11\/16\/flytt-och-tankar-pa-israeliternas-flyttlass\/#breadcrumb"},"inLanguage":"sv-SE","potentialAction":[{"@type":"ReadAction","target":["https:\/\/blogg.svenskakyrkan.se\/vandravagen\/2013\/11\/16\/flytt-och-tankar-pa-israeliternas-flyttlass\/"]}]},{"@type":"ImageObject","inLanguage":"sv-SE","@id":"https:\/\/blogg.svenskakyrkan.se\/vandravagen\/2013\/11\/16\/flytt-och-tankar-pa-israeliternas-flyttlass\/#primaryimage","url":"http:\/\/3.bp.blogspot.com\/-N58of5qdzKw\/UocUDkQgfMI\/AAAAAAAAF3U\/ybk2vTpg9pA\/s640\/IMG_3929.JPG","contentUrl":"http:\/\/3.bp.blogspot.com\/-N58of5qdzKw\/UocUDkQgfMI\/AAAAAAAAF3U\/ybk2vTpg9pA\/s640\/IMG_3929.JPG"},{"@type":"BreadcrumbList","@id":"https:\/\/blogg.svenskakyrkan.se\/vandravagen\/2013\/11\/16\/flytt-och-tankar-pa-israeliternas-flyttlass\/#breadcrumb","itemListElement":[{"@type":"ListItem","position":1,"name":"Hem","item":"https:\/\/blogg.svenskakyrkan.se\/vandravagen\/"},{"@type":"ListItem","position":2,"name":"Flytt och tankar p\u00e5 israeliternas flyttlass"}]},{"@type":"WebSite","@id":"https:\/\/blogg.svenskakyrkan.se\/vandravagen\/#website","url":"https:\/\/blogg.svenskakyrkan.se\/vandravagen\/","name":"Vandra V\u00e4gen","description":"-Mot en tro f\u00f6r hela livet","publisher":{"@id":"https:\/\/blogg.svenskakyrkan.se\/vandravagen\/#organization"},"potentialAction":[{"@type":"SearchAction","target":{"@type":"EntryPoint","urlTemplate":"https:\/\/blogg.svenskakyrkan.se\/vandravagen\/?s={search_term_string}"},"query-input":{"@type":"PropertyValueSpecification","valueRequired":true,"valueName":"search_term_string"}}],"inLanguage":"sv-SE"},{"@type":"Organization","@id":"https:\/\/blogg.svenskakyrkan.se\/vandravagen\/#organization","name":"ulricehamns pastorat","alternateName":"ulricehamns pastorat","url":"https:\/\/blogg.svenskakyrkan.se\/vandravagen\/","logo":{"@type":"ImageObject","inLanguage":"sv-SE","@id":"https:\/\/blogg.svenskakyrkan.se\/vandravagen\/#\/schema\/logo\/image\/","url":"https:\/\/blogg.svenskakyrkan.se\/vandravagen\/files\/2023\/05\/Ulr_logo_RGB.png","contentUrl":"https:\/\/blogg.svenskakyrkan.se\/vandravagen\/files\/2023\/05\/Ulr_logo_RGB.png","width":205,"height":77,"caption":"ulricehamns pastorat"},"image":{"@id":"https:\/\/blogg.svenskakyrkan.se\/vandravagen\/#\/schema\/logo\/image\/"},"sameAs":["http:\/\/facebook.com\/vandravagen","https:\/\/x.com\/fadertomas","http:\/\/www.facebook.com\/svenskakyrkaniulricehamn"]},{"@type":"Person","@id":"https:\/\/blogg.svenskakyrkan.se\/vandravagen\/#\/schema\/person\/25da02d4f76b137d04291711e2c9fc16","name":"Tomas Jarvid","image":{"@type":"ImageObject","inLanguage":"sv-SE","@id":"https:\/\/blogg.svenskakyrkan.se\/vandravagen\/#\/schema\/person\/image\/","url":"https:\/\/secure.gravatar.com\/avatar\/7fa71899795e8f540f615a1f5ab25255dc27aa40f05ee7ddd21aac521e01bf50?s=96&d=identicon&r=g","contentUrl":"https:\/\/secure.gravatar.com\/avatar\/7fa71899795e8f540f615a1f5ab25255dc27aa40f05ee7ddd21aac521e01bf50?s=96&d=identicon&r=g","caption":"Tomas Jarvid"},"description":"Jag bor i Ulricehamn i V\u00e4sterg\u00f6tland och \u00e4r f\u00f6rsamlingspr\u00e4st i Svenska Kyrkan f\u00f6r Dalstorps f\u00f6rsamling i Kinds pastorat. P\u00e5 den h\u00e4r bloggen skriver jag ner tankar om vandringen som kristen.","sameAs":["http:\/\/www.vandravagen.se"],"url":"https:\/\/blogg.svenskakyrkan.se\/vandravagen\/author\/vandravagen\/"}]}},"author_meta":{"ID":"392","user_nicename":"vandravagen","user_url":"http:\/\/www.vandravagen.se","user_registered":"2014-05-19 05:44:52","display_name":"Tomas Jarvid","first_name":"Tomas","last_name":"Jarvid","avatar":"https:\/\/secure.gravatar.com\/avatar\/7fa71899795e8f540f615a1f5ab25255dc27aa40f05ee7ddd21aac521e01bf50?s=96&d=identicon&r=g"},"featured_image":false,"bloginfo":{"name":"Vandra V\u00e4gen","url":"https:\/\/blogg.svenskakyrkan.se\/vandravagen"},"_links":{"self":[{"href":"https:\/\/blogg.svenskakyrkan.se\/vandravagen\/wp-json\/wp\/v2\/posts\/277","targetHints":{"allow":["GET"]}}],"collection":[{"href":"https:\/\/blogg.svenskakyrkan.se\/vandravagen\/wp-json\/wp\/v2\/posts"}],"about":[{"href":"https:\/\/blogg.svenskakyrkan.se\/vandravagen\/wp-json\/wp\/v2\/types\/post"}],"author":[{"embeddable":true,"href":"https:\/\/blogg.svenskakyrkan.se\/vandravagen\/wp-json\/wp\/v2\/users\/392"}],"replies":[{"embeddable":true,"href":"https:\/\/blogg.svenskakyrkan.se\/vandravagen\/wp-json\/wp\/v2\/comments?post=277"}],"version-history":[{"count":0,"href":"https:\/\/blogg.svenskakyrkan.se\/vandravagen\/wp-json\/wp\/v2\/posts\/277\/revisions"}],"wp:attachment":[{"href":"https:\/\/blogg.svenskakyrkan.se\/vandravagen\/wp-json\/wp\/v2\/media?parent=277"}],"wp:term":[{"taxonomy":"category","embeddable":true,"href":"https:\/\/blogg.svenskakyrkan.se\/vandravagen\/wp-json\/wp\/v2\/categories?post=277"},{"taxonomy":"post_tag","embeddable":true,"href":"https:\/\/blogg.svenskakyrkan.se\/vandravagen\/wp-json\/wp\/v2\/tags?post=277"}],"curies":[{"name":"wp","href":"https:\/\/api.w.org\/{rel}","templated":true}]}}