{"id":278,"date":"2013-11-15T08:00:00","date_gmt":"2013-11-15T07:00:00","guid":{"rendered":"http:\/\/blogg.svenskakyrkan.se\/vandravagen\/2013\/11\/15\/den-stora-lattanden-att-vara-vanlig-och-otillracklig\/"},"modified":"2013-11-15T08:00:00","modified_gmt":"2013-11-15T07:00:00","slug":"den-stora-lattanden-att-vara-vanlig-och-otillracklig","status":"publish","type":"post","link":"https:\/\/blogg.svenskakyrkan.se\/vandravagen\/2013\/11\/15\/den-stora-lattanden-att-vara-vanlig-och-otillracklig\/","title":{"rendered":"Den stora l\u00e4ttanden att vara vanlig och otillr\u00e4cklig"},"content":{"rendered":"<div><a href=\"http:\/\/2.bp.blogspot.com\/-1_ixpUCPGDM\/UoPCYfWCy0I\/AAAAAAAAF3A\/zHb1Dw9ommo\/s1600\/IMG_2494.jpg\"><img loading=\"lazy\" decoding=\"async\" border=\"0\" height=\"400\" src=\"http:\/\/2.bp.blogspot.com\/-1_ixpUCPGDM\/UoPCYfWCy0I\/AAAAAAAAF3A\/zHb1Dw9ommo\/s400\/IMG_2494.jpg\" width=\"300\"><\/a><\/div>\n<div><\/div>\n<div>Jag var p\u00e5 kontraktssamling h\u00e4romdagen och d\u00e4r ber\u00e4ttade Bo-Lennart Johansson fr\u00e5n Lilleskogs sj\u00e4lav\u00e5rdsinstitut om vad som finns p\u00e5 insidan i oss m\u00e4nniskor. Som du ser p\u00e5 bilden ovan har en m\u00e4nniska flera dimensioner. Alltifr\u00e5n det yttre som andra kan se (utseende, attityd, beteende) till det som r\u00f6r k\u00e4nslolivet (som vi ofta kan uppfatta som jobbigt men d\u00e4r varje grundk\u00e4nsla i grund och botten ber\u00e4ttar n\u00e5got viktigt f\u00f6r oss; r\u00e4dsla k\u00e4nner vi f\u00f6r att akta oss f\u00f6r fara, sm\u00e4rta f\u00f6r att minimera skada och vrede f\u00f6r att skydda det som \u00e4r viktigt f\u00f6r oss, n\u00e5got slarvigt uttryckt) och innerst inne finns s\u00e4tet f\u00f6r viljan, v\u00e4rderingar och en \u00f6ppning mot det eviga. Bo-Lennart sa sj\u00e4lv att han bara \u00e4r amat\u00f6rpsykolog men jag tycker det st\u00e4mmer bra med mina erfarenheter. Helt klart \u00e4r det m\u00e5nga bitar som ska funka b\u00e5de enskilt och tillsammans med varandra f\u00f6r att vi ska m\u00e5 bra!<\/div>\n<p>Nu var det inte det jag egentligen t\u00e4nkte skriva om utan det h\u00e4r:<\/p>\n<div><a href=\"http:\/\/4.bp.blogspot.com\/-onWFWxA0l6Y\/UoPCTQI0gNI\/AAAAAAAAF24\/jKcAS7aDuOA\/s1600\/IMG_2495.jpg\"><img loading=\"lazy\" decoding=\"async\" border=\"0\" height=\"640\" src=\"http:\/\/4.bp.blogspot.com\/-onWFWxA0l6Y\/UoPCTQI0gNI\/AAAAAAAAF24\/jKcAS7aDuOA\/s640\/IMG_2495.jpg\" width=\"480\"><\/a><\/div>\n<div><\/div>\n<div>Bilden vill visa p\u00e5 den jobbiga pendling vi ofta kan hamna i. \u00c5 ena sidan har vi v\u00e4ldigt h\u00f6gt st\u00e4llda m\u00e5l och idealbilder f\u00f6r hur vi tror vi borde vara f\u00f6r att duga som m\u00e4nniskor, \u00e5 andra sidan kan vi inte leva upp till dem och d\u00e5 hamnar vi i skam och sj\u00e4lvf\u00f6rakt. F\u00f6r att komma undan sj\u00e4lvf\u00f6rakt k\u00e4mpar vi p\u00e5 \u00e4nnu mer med att bli b\u00e4ttre och mer lyckade och sedan faller vi \u00e5terigen ner i sj\u00e4lvhatet.<\/div>\n<div><\/div>\n<div>Om vi kan skapa ett rum i v\u00e5ra liv d\u00e4r vi f\u00e5r vara som vi \u00e4r (n\u00e5dens rum, inf\u00f6r Gud och m\u00e4nniskor) s\u00e5 blir livet l\u00e4ttare att leva. Det finns en stor l\u00e4ttnad i att till\u00e5ta sig sj\u00e4lv att vara en vanlig och otillr\u00e4cklig m\u00e4nniska. Undan f\u00f6r undan kan vi lyckas med att s\u00e4nka kraven p\u00e5 oss sj\u00e4lva men ocks\u00e5 att inte d\u00f6ma oss alltf\u00f6r h\u00e5rt n\u00e4r vi faller. Livet blir l\u00e4ttare och pendlingen minskar. L\u00e4r k\u00e4nna dig sj\u00e4lv.<\/div>\n<div><\/div>\n<div>Den kristna tron kan f\u00f6r m\u00e5nga bli \u00e4nnu ett omr\u00e5de att prestera inom men egentligen finns det d\u00e5lig grund i teologin f\u00f6r ett s\u00e5dant syns\u00e4tt. Vi finns f\u00f6r att Gud skapat oss och vill att vi ska ha de g\u00e5vor vi har, Gud har blivit m\u00e4nniska i Jesus Kristus och d\u00f6tt p\u00e5 korset f\u00f6r v\u00e5ra synder f\u00f6r att hela v\u00e5r brutna gemenskap med Gud, oss sj\u00e4lva, varandra och skapelsen, det f\u00e5r vi del av som g\u00e5va, inte genom att prestera bra nog. Om vi kunde r\u00e4dda oss sj\u00e4lva skulle han ju inte beh\u00f6vt d\u00f6 p\u00e5 korset. Gud vill verka i v\u00e5ra hj\u00e4rtan och v\u00e4cka tro, ocks\u00e5 detta \u00e4r Guds verk.<\/div>\n<div><\/div>\n<div>Det var delvis Bo-Lennarts tankar, dels mina egna. Speciellt det d\u00e4r med pendlingen mellan ideal och sj\u00e4lvf\u00f6rakt k\u00e4nner jag v\u00e4l igen \u00e4ven om det blivit b\u00e4ttre med \u00e5ren. K\u00e4nner du igen dig? Skriv en kommentar!<\/div><\/p>\n","protected":false},"excerpt":{"rendered":"<p>Jag var p\u00e5 kontraktssamling h\u00e4romdagen och d\u00e4r ber\u00e4ttade Bo-Lennart Johansson fr\u00e5n Lilleskogs sj\u00e4lav\u00e5rdsinstitut om vad som finns p\u00e5 insidan i oss m\u00e4nniskor. Som du ser p\u00e5 bilden ovan har en m\u00e4nniska flera dimensioner. Alltifr\u00e5n det yttre som andra kan se (utseende, attityd, beteende) till det som r\u00f6r k\u00e4nslolivet (som vi ofta kan uppfatta som jobbigt [&hellip;]<\/p>\n","protected":false},"author":392,"featured_media":0,"comment_status":"open","ping_status":"open","sticky":false,"template":"","format":"standard","meta":{"_acf_changed":false,"footnotes":""},"categories":[76189,117,77554],"tags":[],"class_list":["post-278","post","type-post","status-publish","format-standard","hentry","category-dagens-kyrka","category-teologi","category-vara-manniska"],"acf":[],"yoast_head":"<!-- This site is optimized with the Yoast SEO plugin v27.1.1 - https:\/\/yoast.com\/product\/yoast-seo-wordpress\/ -->\n<title>Den stora l\u00e4ttanden att vara vanlig och otillr\u00e4cklig - Vandra V\u00e4gen<\/title>\n<meta name=\"robots\" content=\"index, follow, max-snippet:-1, max-image-preview:large, max-video-preview:-1\" \/>\n<link rel=\"canonical\" href=\"https:\/\/blogg.svenskakyrkan.se\/vandravagen\/2013\/11\/15\/den-stora-lattanden-att-vara-vanlig-och-otillracklig\/\" \/>\n<meta property=\"og:locale\" content=\"sv_SE\" \/>\n<meta property=\"og:type\" content=\"article\" \/>\n<meta property=\"og:title\" content=\"Den stora l\u00e4ttanden att vara vanlig och otillr\u00e4cklig - Vandra V\u00e4gen\" \/>\n<meta property=\"og:description\" content=\"Jag var p\u00e5 kontraktssamling h\u00e4romdagen och d\u00e4r ber\u00e4ttade Bo-Lennart Johansson fr\u00e5n Lilleskogs sj\u00e4lav\u00e5rdsinstitut om vad som finns p\u00e5 insidan i oss m\u00e4nniskor. Som du ser p\u00e5 bilden ovan har en m\u00e4nniska flera dimensioner. Alltifr\u00e5n det yttre som andra kan se (utseende, attityd, beteende) till det som r\u00f6r k\u00e4nslolivet (som vi ofta kan uppfatta som jobbigt [&hellip;]\" \/>\n<meta property=\"og:url\" content=\"https:\/\/blogg.svenskakyrkan.se\/vandravagen\/2013\/11\/15\/den-stora-lattanden-att-vara-vanlig-och-otillracklig\/\" \/>\n<meta property=\"og:site_name\" content=\"Vandra V\u00e4gen\" \/>\n<meta property=\"article:publisher\" content=\"http:\/\/facebook.com\/vandravagen\" \/>\n<meta property=\"article:published_time\" content=\"2013-11-15T07:00:00+00:00\" \/>\n<meta property=\"og:image\" content=\"http:\/\/2.bp.blogspot.com\/-1_ixpUCPGDM\/UoPCYfWCy0I\/AAAAAAAAF3A\/zHb1Dw9ommo\/s400\/IMG_2494.jpg\" \/>\n<meta name=\"author\" content=\"Tomas Jarvid\" \/>\n<meta name=\"twitter:card\" content=\"summary_large_image\" \/>\n<meta name=\"twitter:creator\" content=\"@fadertomas\" \/>\n<meta name=\"twitter:site\" content=\"@fadertomas\" \/>\n<meta name=\"twitter:label1\" content=\"Skriven av\" \/>\n\t<meta name=\"twitter:data1\" content=\"Tomas Jarvid\" \/>\n\t<meta name=\"twitter:label2\" content=\"Ber\u00e4knad l\u00e4stid\" \/>\n\t<meta name=\"twitter:data2\" content=\"3 minuter\" \/>\n<script type=\"application\/ld+json\" class=\"yoast-schema-graph\">{\"@context\":\"https:\/\/schema.org\",\"@graph\":[{\"@type\":\"Article\",\"@id\":\"https:\/\/blogg.svenskakyrkan.se\/vandravagen\/2013\/11\/15\/den-stora-lattanden-att-vara-vanlig-och-otillracklig\/#article\",\"isPartOf\":{\"@id\":\"https:\/\/blogg.svenskakyrkan.se\/vandravagen\/2013\/11\/15\/den-stora-lattanden-att-vara-vanlig-och-otillracklig\/\"},\"author\":{\"name\":\"Tomas Jarvid\",\"@id\":\"https:\/\/blogg.svenskakyrkan.se\/vandravagen\/#\/schema\/person\/25da02d4f76b137d04291711e2c9fc16\"},\"headline\":\"Den stora l\u00e4ttanden att vara vanlig och otillr\u00e4cklig\",\"datePublished\":\"2013-11-15T07:00:00+00:00\",\"mainEntityOfPage\":{\"@id\":\"https:\/\/blogg.svenskakyrkan.se\/vandravagen\/2013\/11\/15\/den-stora-lattanden-att-vara-vanlig-och-otillracklig\/\"},\"wordCount\":576,\"commentCount\":0,\"publisher\":{\"@id\":\"https:\/\/blogg.svenskakyrkan.se\/vandravagen\/#organization\"},\"image\":{\"@id\":\"https:\/\/blogg.svenskakyrkan.se\/vandravagen\/2013\/11\/15\/den-stora-lattanden-att-vara-vanlig-och-otillracklig\/#primaryimage\"},\"thumbnailUrl\":\"http:\/\/2.bp.blogspot.com\/-1_ixpUCPGDM\/UoPCYfWCy0I\/AAAAAAAAF3A\/zHb1Dw9ommo\/s400\/IMG_2494.jpg\",\"articleSection\":[\"Dagens Kyrka\",\"Teologi\",\"vara m\u00e4nniska\"],\"inLanguage\":\"sv-SE\",\"potentialAction\":[{\"@type\":\"CommentAction\",\"name\":\"Comment\",\"target\":[\"https:\/\/blogg.svenskakyrkan.se\/vandravagen\/2013\/11\/15\/den-stora-lattanden-att-vara-vanlig-och-otillracklig\/#respond\"]}]},{\"@type\":\"WebPage\",\"@id\":\"https:\/\/blogg.svenskakyrkan.se\/vandravagen\/2013\/11\/15\/den-stora-lattanden-att-vara-vanlig-och-otillracklig\/\",\"url\":\"https:\/\/blogg.svenskakyrkan.se\/vandravagen\/2013\/11\/15\/den-stora-lattanden-att-vara-vanlig-och-otillracklig\/\",\"name\":\"Den stora l\u00e4ttanden att vara vanlig och otillr\u00e4cklig - Vandra V\u00e4gen\",\"isPartOf\":{\"@id\":\"https:\/\/blogg.svenskakyrkan.se\/vandravagen\/#website\"},\"primaryImageOfPage\":{\"@id\":\"https:\/\/blogg.svenskakyrkan.se\/vandravagen\/2013\/11\/15\/den-stora-lattanden-att-vara-vanlig-och-otillracklig\/#primaryimage\"},\"image\":{\"@id\":\"https:\/\/blogg.svenskakyrkan.se\/vandravagen\/2013\/11\/15\/den-stora-lattanden-att-vara-vanlig-och-otillracklig\/#primaryimage\"},\"thumbnailUrl\":\"http:\/\/2.bp.blogspot.com\/-1_ixpUCPGDM\/UoPCYfWCy0I\/AAAAAAAAF3A\/zHb1Dw9ommo\/s400\/IMG_2494.jpg\",\"datePublished\":\"2013-11-15T07:00:00+00:00\",\"breadcrumb\":{\"@id\":\"https:\/\/blogg.svenskakyrkan.se\/vandravagen\/2013\/11\/15\/den-stora-lattanden-att-vara-vanlig-och-otillracklig\/#breadcrumb\"},\"inLanguage\":\"sv-SE\",\"potentialAction\":[{\"@type\":\"ReadAction\",\"target\":[\"https:\/\/blogg.svenskakyrkan.se\/vandravagen\/2013\/11\/15\/den-stora-lattanden-att-vara-vanlig-och-otillracklig\/\"]}]},{\"@type\":\"ImageObject\",\"inLanguage\":\"sv-SE\",\"@id\":\"https:\/\/blogg.svenskakyrkan.se\/vandravagen\/2013\/11\/15\/den-stora-lattanden-att-vara-vanlig-och-otillracklig\/#primaryimage\",\"url\":\"http:\/\/2.bp.blogspot.com\/-1_ixpUCPGDM\/UoPCYfWCy0I\/AAAAAAAAF3A\/zHb1Dw9ommo\/s400\/IMG_2494.jpg\",\"contentUrl\":\"http:\/\/2.bp.blogspot.com\/-1_ixpUCPGDM\/UoPCYfWCy0I\/AAAAAAAAF3A\/zHb1Dw9ommo\/s400\/IMG_2494.jpg\"},{\"@type\":\"BreadcrumbList\",\"@id\":\"https:\/\/blogg.svenskakyrkan.se\/vandravagen\/2013\/11\/15\/den-stora-lattanden-att-vara-vanlig-och-otillracklig\/#breadcrumb\",\"itemListElement\":[{\"@type\":\"ListItem\",\"position\":1,\"name\":\"Hem\",\"item\":\"https:\/\/blogg.svenskakyrkan.se\/vandravagen\/\"},{\"@type\":\"ListItem\",\"position\":2,\"name\":\"Den stora l\u00e4ttanden att vara vanlig och otillr\u00e4cklig\"}]},{\"@type\":\"WebSite\",\"@id\":\"https:\/\/blogg.svenskakyrkan.se\/vandravagen\/#website\",\"url\":\"https:\/\/blogg.svenskakyrkan.se\/vandravagen\/\",\"name\":\"Vandra V\u00e4gen\",\"description\":\"-Mot en tro f\u00f6r hela livet\",\"publisher\":{\"@id\":\"https:\/\/blogg.svenskakyrkan.se\/vandravagen\/#organization\"},\"potentialAction\":[{\"@type\":\"SearchAction\",\"target\":{\"@type\":\"EntryPoint\",\"urlTemplate\":\"https:\/\/blogg.svenskakyrkan.se\/vandravagen\/?s={search_term_string}\"},\"query-input\":{\"@type\":\"PropertyValueSpecification\",\"valueRequired\":true,\"valueName\":\"search_term_string\"}}],\"inLanguage\":\"sv-SE\"},{\"@type\":\"Organization\",\"@id\":\"https:\/\/blogg.svenskakyrkan.se\/vandravagen\/#organization\",\"name\":\"ulricehamns pastorat\",\"alternateName\":\"ulricehamns pastorat\",\"url\":\"https:\/\/blogg.svenskakyrkan.se\/vandravagen\/\",\"logo\":{\"@type\":\"ImageObject\",\"inLanguage\":\"sv-SE\",\"@id\":\"https:\/\/blogg.svenskakyrkan.se\/vandravagen\/#\/schema\/logo\/image\/\",\"url\":\"https:\/\/blogg.svenskakyrkan.se\/vandravagen\/files\/2023\/05\/Ulr_logo_RGB.png\",\"contentUrl\":\"https:\/\/blogg.svenskakyrkan.se\/vandravagen\/files\/2023\/05\/Ulr_logo_RGB.png\",\"width\":205,\"height\":77,\"caption\":\"ulricehamns pastorat\"},\"image\":{\"@id\":\"https:\/\/blogg.svenskakyrkan.se\/vandravagen\/#\/schema\/logo\/image\/\"},\"sameAs\":[\"http:\/\/facebook.com\/vandravagen\",\"https:\/\/x.com\/fadertomas\",\"http:\/\/www.facebook.com\/svenskakyrkaniulricehamn\"]},{\"@type\":\"Person\",\"@id\":\"https:\/\/blogg.svenskakyrkan.se\/vandravagen\/#\/schema\/person\/25da02d4f76b137d04291711e2c9fc16\",\"name\":\"Tomas Jarvid\",\"image\":{\"@type\":\"ImageObject\",\"inLanguage\":\"sv-SE\",\"@id\":\"https:\/\/blogg.svenskakyrkan.se\/vandravagen\/#\/schema\/person\/image\/\",\"url\":\"https:\/\/secure.gravatar.com\/avatar\/7fa71899795e8f540f615a1f5ab25255dc27aa40f05ee7ddd21aac521e01bf50?s=96&d=identicon&r=g\",\"contentUrl\":\"https:\/\/secure.gravatar.com\/avatar\/7fa71899795e8f540f615a1f5ab25255dc27aa40f05ee7ddd21aac521e01bf50?s=96&d=identicon&r=g\",\"caption\":\"Tomas Jarvid\"},\"description\":\"Jag bor i Ulricehamn i V\u00e4sterg\u00f6tland och \u00e4r f\u00f6rsamlingspr\u00e4st i Svenska Kyrkan f\u00f6r Dalstorps f\u00f6rsamling i Kinds pastorat. P\u00e5 den h\u00e4r bloggen skriver jag ner tankar om vandringen som kristen.\",\"sameAs\":[\"http:\/\/www.vandravagen.se\"],\"url\":\"https:\/\/blogg.svenskakyrkan.se\/vandravagen\/author\/vandravagen\/\"}]}<\/script>\n<!-- \/ Yoast SEO plugin. -->","yoast_head_json":{"title":"Den stora l\u00e4ttanden att vara vanlig och otillr\u00e4cklig - Vandra V\u00e4gen","robots":{"index":"index","follow":"follow","max-snippet":"max-snippet:-1","max-image-preview":"max-image-preview:large","max-video-preview":"max-video-preview:-1"},"canonical":"https:\/\/blogg.svenskakyrkan.se\/vandravagen\/2013\/11\/15\/den-stora-lattanden-att-vara-vanlig-och-otillracklig\/","og_locale":"sv_SE","og_type":"article","og_title":"Den stora l\u00e4ttanden att vara vanlig och otillr\u00e4cklig - Vandra V\u00e4gen","og_description":"Jag var p\u00e5 kontraktssamling h\u00e4romdagen och d\u00e4r ber\u00e4ttade Bo-Lennart Johansson fr\u00e5n Lilleskogs sj\u00e4lav\u00e5rdsinstitut om vad som finns p\u00e5 insidan i oss m\u00e4nniskor. Som du ser p\u00e5 bilden ovan har en m\u00e4nniska flera dimensioner. Alltifr\u00e5n det yttre som andra kan se (utseende, attityd, beteende) till det som r\u00f6r k\u00e4nslolivet (som vi ofta kan uppfatta som jobbigt [&hellip;]","og_url":"https:\/\/blogg.svenskakyrkan.se\/vandravagen\/2013\/11\/15\/den-stora-lattanden-att-vara-vanlig-och-otillracklig\/","og_site_name":"Vandra V\u00e4gen","article_publisher":"http:\/\/facebook.com\/vandravagen","article_published_time":"2013-11-15T07:00:00+00:00","og_image":[{"url":"http:\/\/2.bp.blogspot.com\/-1_ixpUCPGDM\/UoPCYfWCy0I\/AAAAAAAAF3A\/zHb1Dw9ommo\/s400\/IMG_2494.jpg","type":"","width":"","height":""}],"author":"Tomas Jarvid","twitter_card":"summary_large_image","twitter_creator":"@fadertomas","twitter_site":"@fadertomas","twitter_misc":{"Skriven av":"Tomas Jarvid","Ber\u00e4knad l\u00e4stid":"3 minuter"},"schema":{"@context":"https:\/\/schema.org","@graph":[{"@type":"Article","@id":"https:\/\/blogg.svenskakyrkan.se\/vandravagen\/2013\/11\/15\/den-stora-lattanden-att-vara-vanlig-och-otillracklig\/#article","isPartOf":{"@id":"https:\/\/blogg.svenskakyrkan.se\/vandravagen\/2013\/11\/15\/den-stora-lattanden-att-vara-vanlig-och-otillracklig\/"},"author":{"name":"Tomas Jarvid","@id":"https:\/\/blogg.svenskakyrkan.se\/vandravagen\/#\/schema\/person\/25da02d4f76b137d04291711e2c9fc16"},"headline":"Den stora l\u00e4ttanden att vara vanlig och otillr\u00e4cklig","datePublished":"2013-11-15T07:00:00+00:00","mainEntityOfPage":{"@id":"https:\/\/blogg.svenskakyrkan.se\/vandravagen\/2013\/11\/15\/den-stora-lattanden-att-vara-vanlig-och-otillracklig\/"},"wordCount":576,"commentCount":0,"publisher":{"@id":"https:\/\/blogg.svenskakyrkan.se\/vandravagen\/#organization"},"image":{"@id":"https:\/\/blogg.svenskakyrkan.se\/vandravagen\/2013\/11\/15\/den-stora-lattanden-att-vara-vanlig-och-otillracklig\/#primaryimage"},"thumbnailUrl":"http:\/\/2.bp.blogspot.com\/-1_ixpUCPGDM\/UoPCYfWCy0I\/AAAAAAAAF3A\/zHb1Dw9ommo\/s400\/IMG_2494.jpg","articleSection":["Dagens Kyrka","Teologi","vara m\u00e4nniska"],"inLanguage":"sv-SE","potentialAction":[{"@type":"CommentAction","name":"Comment","target":["https:\/\/blogg.svenskakyrkan.se\/vandravagen\/2013\/11\/15\/den-stora-lattanden-att-vara-vanlig-och-otillracklig\/#respond"]}]},{"@type":"WebPage","@id":"https:\/\/blogg.svenskakyrkan.se\/vandravagen\/2013\/11\/15\/den-stora-lattanden-att-vara-vanlig-och-otillracklig\/","url":"https:\/\/blogg.svenskakyrkan.se\/vandravagen\/2013\/11\/15\/den-stora-lattanden-att-vara-vanlig-och-otillracklig\/","name":"Den stora l\u00e4ttanden att vara vanlig och otillr\u00e4cklig - Vandra V\u00e4gen","isPartOf":{"@id":"https:\/\/blogg.svenskakyrkan.se\/vandravagen\/#website"},"primaryImageOfPage":{"@id":"https:\/\/blogg.svenskakyrkan.se\/vandravagen\/2013\/11\/15\/den-stora-lattanden-att-vara-vanlig-och-otillracklig\/#primaryimage"},"image":{"@id":"https:\/\/blogg.svenskakyrkan.se\/vandravagen\/2013\/11\/15\/den-stora-lattanden-att-vara-vanlig-och-otillracklig\/#primaryimage"},"thumbnailUrl":"http:\/\/2.bp.blogspot.com\/-1_ixpUCPGDM\/UoPCYfWCy0I\/AAAAAAAAF3A\/zHb1Dw9ommo\/s400\/IMG_2494.jpg","datePublished":"2013-11-15T07:00:00+00:00","breadcrumb":{"@id":"https:\/\/blogg.svenskakyrkan.se\/vandravagen\/2013\/11\/15\/den-stora-lattanden-att-vara-vanlig-och-otillracklig\/#breadcrumb"},"inLanguage":"sv-SE","potentialAction":[{"@type":"ReadAction","target":["https:\/\/blogg.svenskakyrkan.se\/vandravagen\/2013\/11\/15\/den-stora-lattanden-att-vara-vanlig-och-otillracklig\/"]}]},{"@type":"ImageObject","inLanguage":"sv-SE","@id":"https:\/\/blogg.svenskakyrkan.se\/vandravagen\/2013\/11\/15\/den-stora-lattanden-att-vara-vanlig-och-otillracklig\/#primaryimage","url":"http:\/\/2.bp.blogspot.com\/-1_ixpUCPGDM\/UoPCYfWCy0I\/AAAAAAAAF3A\/zHb1Dw9ommo\/s400\/IMG_2494.jpg","contentUrl":"http:\/\/2.bp.blogspot.com\/-1_ixpUCPGDM\/UoPCYfWCy0I\/AAAAAAAAF3A\/zHb1Dw9ommo\/s400\/IMG_2494.jpg"},{"@type":"BreadcrumbList","@id":"https:\/\/blogg.svenskakyrkan.se\/vandravagen\/2013\/11\/15\/den-stora-lattanden-att-vara-vanlig-och-otillracklig\/#breadcrumb","itemListElement":[{"@type":"ListItem","position":1,"name":"Hem","item":"https:\/\/blogg.svenskakyrkan.se\/vandravagen\/"},{"@type":"ListItem","position":2,"name":"Den stora l\u00e4ttanden att vara vanlig och otillr\u00e4cklig"}]},{"@type":"WebSite","@id":"https:\/\/blogg.svenskakyrkan.se\/vandravagen\/#website","url":"https:\/\/blogg.svenskakyrkan.se\/vandravagen\/","name":"Vandra V\u00e4gen","description":"-Mot en tro f\u00f6r hela livet","publisher":{"@id":"https:\/\/blogg.svenskakyrkan.se\/vandravagen\/#organization"},"potentialAction":[{"@type":"SearchAction","target":{"@type":"EntryPoint","urlTemplate":"https:\/\/blogg.svenskakyrkan.se\/vandravagen\/?s={search_term_string}"},"query-input":{"@type":"PropertyValueSpecification","valueRequired":true,"valueName":"search_term_string"}}],"inLanguage":"sv-SE"},{"@type":"Organization","@id":"https:\/\/blogg.svenskakyrkan.se\/vandravagen\/#organization","name":"ulricehamns pastorat","alternateName":"ulricehamns pastorat","url":"https:\/\/blogg.svenskakyrkan.se\/vandravagen\/","logo":{"@type":"ImageObject","inLanguage":"sv-SE","@id":"https:\/\/blogg.svenskakyrkan.se\/vandravagen\/#\/schema\/logo\/image\/","url":"https:\/\/blogg.svenskakyrkan.se\/vandravagen\/files\/2023\/05\/Ulr_logo_RGB.png","contentUrl":"https:\/\/blogg.svenskakyrkan.se\/vandravagen\/files\/2023\/05\/Ulr_logo_RGB.png","width":205,"height":77,"caption":"ulricehamns pastorat"},"image":{"@id":"https:\/\/blogg.svenskakyrkan.se\/vandravagen\/#\/schema\/logo\/image\/"},"sameAs":["http:\/\/facebook.com\/vandravagen","https:\/\/x.com\/fadertomas","http:\/\/www.facebook.com\/svenskakyrkaniulricehamn"]},{"@type":"Person","@id":"https:\/\/blogg.svenskakyrkan.se\/vandravagen\/#\/schema\/person\/25da02d4f76b137d04291711e2c9fc16","name":"Tomas Jarvid","image":{"@type":"ImageObject","inLanguage":"sv-SE","@id":"https:\/\/blogg.svenskakyrkan.se\/vandravagen\/#\/schema\/person\/image\/","url":"https:\/\/secure.gravatar.com\/avatar\/7fa71899795e8f540f615a1f5ab25255dc27aa40f05ee7ddd21aac521e01bf50?s=96&d=identicon&r=g","contentUrl":"https:\/\/secure.gravatar.com\/avatar\/7fa71899795e8f540f615a1f5ab25255dc27aa40f05ee7ddd21aac521e01bf50?s=96&d=identicon&r=g","caption":"Tomas Jarvid"},"description":"Jag bor i Ulricehamn i V\u00e4sterg\u00f6tland och \u00e4r f\u00f6rsamlingspr\u00e4st i Svenska Kyrkan f\u00f6r Dalstorps f\u00f6rsamling i Kinds pastorat. P\u00e5 den h\u00e4r bloggen skriver jag ner tankar om vandringen som kristen.","sameAs":["http:\/\/www.vandravagen.se"],"url":"https:\/\/blogg.svenskakyrkan.se\/vandravagen\/author\/vandravagen\/"}]}},"author_meta":{"ID":"392","user_nicename":"vandravagen","user_url":"http:\/\/www.vandravagen.se","user_registered":"2014-05-19 05:44:52","display_name":"Tomas Jarvid","first_name":"Tomas","last_name":"Jarvid","avatar":"https:\/\/secure.gravatar.com\/avatar\/7fa71899795e8f540f615a1f5ab25255dc27aa40f05ee7ddd21aac521e01bf50?s=96&d=identicon&r=g"},"featured_image":false,"bloginfo":{"name":"Vandra V\u00e4gen","url":"https:\/\/blogg.svenskakyrkan.se\/vandravagen"},"_links":{"self":[{"href":"https:\/\/blogg.svenskakyrkan.se\/vandravagen\/wp-json\/wp\/v2\/posts\/278","targetHints":{"allow":["GET"]}}],"collection":[{"href":"https:\/\/blogg.svenskakyrkan.se\/vandravagen\/wp-json\/wp\/v2\/posts"}],"about":[{"href":"https:\/\/blogg.svenskakyrkan.se\/vandravagen\/wp-json\/wp\/v2\/types\/post"}],"author":[{"embeddable":true,"href":"https:\/\/blogg.svenskakyrkan.se\/vandravagen\/wp-json\/wp\/v2\/users\/392"}],"replies":[{"embeddable":true,"href":"https:\/\/blogg.svenskakyrkan.se\/vandravagen\/wp-json\/wp\/v2\/comments?post=278"}],"version-history":[{"count":0,"href":"https:\/\/blogg.svenskakyrkan.se\/vandravagen\/wp-json\/wp\/v2\/posts\/278\/revisions"}],"wp:attachment":[{"href":"https:\/\/blogg.svenskakyrkan.se\/vandravagen\/wp-json\/wp\/v2\/media?parent=278"}],"wp:term":[{"taxonomy":"category","embeddable":true,"href":"https:\/\/blogg.svenskakyrkan.se\/vandravagen\/wp-json\/wp\/v2\/categories?post=278"},{"taxonomy":"post_tag","embeddable":true,"href":"https:\/\/blogg.svenskakyrkan.se\/vandravagen\/wp-json\/wp\/v2\/tags?post=278"}],"curies":[{"name":"wp","href":"https:\/\/api.w.org\/{rel}","templated":true}]}}