{"id":2803,"date":"2015-03-12T07:00:58","date_gmt":"2015-03-12T06:00:58","guid":{"rendered":"http:\/\/blogg.svenskakyrkan.se\/vandravagen\/?p=2803"},"modified":"2015-03-12T07:01:58","modified_gmt":"2015-03-12T06:01:58","slug":"gissa-bilden-nummer-xxxviii","status":"publish","type":"post","link":"https:\/\/blogg.svenskakyrkan.se\/vandravagen\/2015\/03\/12\/gissa-bilden-nummer-xxxviii\/","title":{"rendered":"Gissa bilden nummer XXXVIII"},"content":{"rendered":"<p><a href=\"http:\/\/blogg.svenskakyrkan.se\/vandravagen\/files\/2015\/03\/IMG_5155.jpg\"><img loading=\"lazy\" decoding=\"async\" class=\"aligncenter size-large wp-image-2766\" src=\"http:\/\/blogg.svenskakyrkan.se\/vandravagen\/files\/2015\/03\/IMG_5155-1024x1439.jpg\" alt=\"IMG_5155\" width=\"584\" height=\"820\" srcset=\"https:\/\/blogg.svenskakyrkan.se\/vandravagen\/files\/2015\/03\/IMG_5155-1024x1439.jpg 1024w, https:\/\/blogg.svenskakyrkan.se\/vandravagen\/files\/2015\/03\/IMG_5155-300x421.jpg 300w, https:\/\/blogg.svenskakyrkan.se\/vandravagen\/files\/2015\/03\/IMG_5155-213x300.jpg 213w, https:\/\/blogg.svenskakyrkan.se\/vandravagen\/files\/2015\/03\/IMG_5155.jpg 1812w\" sizes=\"auto, (max-width: 584px) 100vw, 584px\" \/><\/a><\/p>\n<p>S\u00e5 h\u00e4r s\u00e5g f\u00f6rra bildg\u00e5tan ut. N\u00e5gra av er har kunnat klura ut vad den f\u00f6rest\u00e4ller. Andreas skriver i antydningar: &#8221;En viss kung som dansar&#8221;, ytterligare n\u00e5gon s\u00e5g att det var f\u00f6rbundsarken i bakgrunden. Hans var den ende som gav ett fullst\u00e4ndigt svar och\u00a0skrev att det vi ser \u00e4r kung David som dansar framf\u00f6r f\u00f6rbundsarken, n\u00e5got vi kan l\u00e4sa om i 2 Samuelsboken 6.<\/p>\n<p>Efter att ha blivit kung och segrat i strid mot filist\u00e9erna ser David till att f\u00f6ra f\u00f6rbundsarken med lagtavlorna till Jerusalem som ska vara hans huvudstad. David och hans m\u00e4n \u00e4r gripna av v\u00e5ldsam gl\u00e4dje och dansar i extas. David har bara p\u00e5 sig sina linnekl\u00e4der (hur det nu s\u00e5g ut men det kanske s\u00e5g ut ungef\u00e4r som p\u00e5 bilden?).<\/p>\n<p>Davids hustru Mikal, som ocks\u00e5 var dotter till f\u00f6rre kungen Saul, tycker att David uppf\u00f6r sig ov\u00e4rdigt s\u00e5 n\u00e4r han kommer hem s\u00e4ger hon:<\/p>\n<blockquote>\n<p>\u00a0\u201d<strong>T\u00e4nk s\u00e5 v\u00e4rdigt Israels konung upptr\u00e4dde i dag! Att blotta sig f\u00f6r sina tj\u00e4nares tj\u00e4nsteflickor som det v\u00e4rsta patrask.\u201d<\/strong>David svarade: \u201dJag har visat min gl\u00e4dje inf\u00f6r Herren, inf\u00f6r Herren som har utvalt mig framf\u00f6r din far och hela hans \u00e4tt och satt mig till furste \u00f6ver sitt folk, \u00f6ver Israel.\u00a0Om jag s\u00e5 f\u00f6rnedrar mig \u00e4nnu mer \u00e4n i dag, s\u00e5 att du ser ner p\u00e5 mig, skall tj\u00e4nsteflickorna som du talar om \u00e4nd\u00e5 se upp till mig.\u201d\u00a0\u00a0Och Mikal, Sauls dotter, fick aldrig n\u00e5gra barn i hela sitt liv.&#8221; (2 sam 6:20-23)<\/p>\n<\/blockquote>\n<p>Det k\u00e4nns ju v\u00e4ldigt h\u00e5rt att Mikal blir barnl\u00f6s f\u00f6r livet efter att ha klandrat David, det tycker jag att b\u00e5de han och Gud kunde t\u00e5lt. Man kan annars fundera p\u00e5 vad vi kan ta till oss fr\u00e5n ber\u00e4ttelsen:<\/p>\n<p>N\u00e4r \u00e4r vi som David och v\u00e5gar sl\u00e4ppa loss i v\u00e5r gl\u00e4dje \u00f6ver Gud? Borde vi ocks\u00e5 vara mindre oroliga f\u00f6r att andra kan se ner p\u00e5 oss och v\u00e5ga leva ut och ta ut sv\u00e4ngarna inf\u00f6r Gud och m\u00e4nniskor? Vad s\u00e4ger du, skriv en kommentar!<\/p>\n<p>&nbsp;<\/p>\n<p>S\u00e5 kommer h\u00e4r en ny bildg\u00e5ta. Vad f\u00f6rest\u00e4ller bilden nedan? Skriv en kommentar eller svara p\u00e5 n\u00e5got annat s\u00e4tt!<\/p>\n<p>&nbsp;<\/p>\n<div id=\"attachment_2805\" style=\"width: 1034px\" class=\"wp-caption aligncenter\"><a href=\"http:\/\/blogg.svenskakyrkan.se\/vandravagen\/files\/2015\/03\/IMG_5353.jpg\"><img loading=\"lazy\" decoding=\"async\" aria-describedby=\"caption-attachment-2805\" class=\"size-full wp-image-2805\" src=\"http:\/\/blogg.svenskakyrkan.se\/vandravagen\/files\/2015\/03\/IMG_5353.jpg\" alt=\"Vad f\u00f6rest\u00e4ller bilden?\" width=\"1024\" height=\"762\" srcset=\"https:\/\/blogg.svenskakyrkan.se\/vandravagen\/files\/2015\/03\/IMG_5353.jpg 1024w, https:\/\/blogg.svenskakyrkan.se\/vandravagen\/files\/2015\/03\/IMG_5353-300x223.jpg 300w, https:\/\/blogg.svenskakyrkan.se\/vandravagen\/files\/2015\/03\/IMG_5353-403x300.jpg 403w\" sizes=\"auto, (max-width: 1024px) 100vw, 1024px\" \/><\/a><p id=\"caption-attachment-2805\" class=\"wp-caption-text\">Vad f\u00f6rest\u00e4ller bilden?<\/p><\/div>\n","protected":false},"excerpt":{"rendered":"<p>S\u00e5 h\u00e4r s\u00e5g f\u00f6rra bildg\u00e5tan ut. N\u00e5gra av er har kunnat klura ut vad den f\u00f6rest\u00e4ller. Andreas skriver i antydningar: &#8221;En viss kung som dansar&#8221;, ytterligare n\u00e5gon s\u00e5g att det var f\u00f6rbundsarken i bakgrunden. Hans var den ende som gav ett fullst\u00e4ndigt svar och\u00a0skrev att det vi ser \u00e4r kung David som dansar framf\u00f6r f\u00f6rbundsarken, [&hellip;]<\/p>\n","protected":false},"author":392,"featured_media":0,"comment_status":"open","ping_status":"open","sticky":false,"template":"","format":"standard","meta":{"_acf_changed":false,"footnotes":""},"categories":[9],"tags":[],"class_list":["post-2803","post","type-post","status-publish","format-standard","hentry","category-okategoriserade"],"acf":[],"yoast_head":"<!-- This site is optimized with the Yoast SEO plugin v27.1.1 - https:\/\/yoast.com\/product\/yoast-seo-wordpress\/ -->\n<title>Gissa bilden nummer XXXVIII - Vandra V\u00e4gen<\/title>\n<meta name=\"robots\" content=\"index, follow, max-snippet:-1, max-image-preview:large, max-video-preview:-1\" \/>\n<link rel=\"canonical\" href=\"https:\/\/blogg.svenskakyrkan.se\/vandravagen\/2015\/03\/12\/gissa-bilden-nummer-xxxviii\/\" \/>\n<meta property=\"og:locale\" content=\"sv_SE\" \/>\n<meta property=\"og:type\" content=\"article\" \/>\n<meta property=\"og:title\" content=\"Gissa bilden nummer XXXVIII - Vandra V\u00e4gen\" \/>\n<meta property=\"og:description\" content=\"S\u00e5 h\u00e4r s\u00e5g f\u00f6rra bildg\u00e5tan ut. N\u00e5gra av er har kunnat klura ut vad den f\u00f6rest\u00e4ller. Andreas skriver i antydningar: &#8221;En viss kung som dansar&#8221;, ytterligare n\u00e5gon s\u00e5g att det var f\u00f6rbundsarken i bakgrunden. Hans var den ende som gav ett fullst\u00e4ndigt svar och\u00a0skrev att det vi ser \u00e4r kung David som dansar framf\u00f6r f\u00f6rbundsarken, [&hellip;]\" \/>\n<meta property=\"og:url\" content=\"https:\/\/blogg.svenskakyrkan.se\/vandravagen\/2015\/03\/12\/gissa-bilden-nummer-xxxviii\/\" \/>\n<meta property=\"og:site_name\" content=\"Vandra V\u00e4gen\" \/>\n<meta property=\"article:publisher\" content=\"http:\/\/facebook.com\/vandravagen\" \/>\n<meta property=\"article:published_time\" content=\"2015-03-12T06:00:58+00:00\" \/>\n<meta property=\"article:modified_time\" content=\"2015-03-12T06:01:58+00:00\" \/>\n<meta property=\"og:image\" content=\"http:\/\/blogg.svenskakyrkan.se\/vandravagen\/files\/2015\/03\/IMG_5155-1024x1439.jpg\" \/>\n<meta name=\"author\" content=\"Tomas Jarvid\" \/>\n<meta name=\"twitter:card\" content=\"summary_large_image\" \/>\n<meta name=\"twitter:creator\" content=\"@fadertomas\" \/>\n<meta name=\"twitter:site\" content=\"@fadertomas\" \/>\n<meta name=\"twitter:label1\" content=\"Skriven av\" \/>\n\t<meta name=\"twitter:data1\" content=\"Tomas Jarvid\" \/>\n\t<meta name=\"twitter:label2\" content=\"Ber\u00e4knad l\u00e4stid\" \/>\n\t<meta name=\"twitter:data2\" content=\"2 minuter\" \/>\n<script type=\"application\/ld+json\" class=\"yoast-schema-graph\">{\"@context\":\"https:\/\/schema.org\",\"@graph\":[{\"@type\":\"Article\",\"@id\":\"https:\/\/blogg.svenskakyrkan.se\/vandravagen\/2015\/03\/12\/gissa-bilden-nummer-xxxviii\/#article\",\"isPartOf\":{\"@id\":\"https:\/\/blogg.svenskakyrkan.se\/vandravagen\/2015\/03\/12\/gissa-bilden-nummer-xxxviii\/\"},\"author\":{\"name\":\"Tomas Jarvid\",\"@id\":\"https:\/\/blogg.svenskakyrkan.se\/vandravagen\/#\/schema\/person\/25da02d4f76b137d04291711e2c9fc16\"},\"headline\":\"Gissa bilden nummer XXXVIII\",\"datePublished\":\"2015-03-12T06:00:58+00:00\",\"dateModified\":\"2015-03-12T06:01:58+00:00\",\"mainEntityOfPage\":{\"@id\":\"https:\/\/blogg.svenskakyrkan.se\/vandravagen\/2015\/03\/12\/gissa-bilden-nummer-xxxviii\/\"},\"wordCount\":432,\"commentCount\":2,\"publisher\":{\"@id\":\"https:\/\/blogg.svenskakyrkan.se\/vandravagen\/#organization\"},\"image\":{\"@id\":\"https:\/\/blogg.svenskakyrkan.se\/vandravagen\/2015\/03\/12\/gissa-bilden-nummer-xxxviii\/#primaryimage\"},\"thumbnailUrl\":\"http:\/\/blogg.svenskakyrkan.se\/vandravagen\/files\/2015\/03\/IMG_5155-1024x1439.jpg\",\"inLanguage\":\"sv-SE\",\"potentialAction\":[{\"@type\":\"CommentAction\",\"name\":\"Comment\",\"target\":[\"https:\/\/blogg.svenskakyrkan.se\/vandravagen\/2015\/03\/12\/gissa-bilden-nummer-xxxviii\/#respond\"]}]},{\"@type\":\"WebPage\",\"@id\":\"https:\/\/blogg.svenskakyrkan.se\/vandravagen\/2015\/03\/12\/gissa-bilden-nummer-xxxviii\/\",\"url\":\"https:\/\/blogg.svenskakyrkan.se\/vandravagen\/2015\/03\/12\/gissa-bilden-nummer-xxxviii\/\",\"name\":\"Gissa bilden nummer XXXVIII - Vandra V\u00e4gen\",\"isPartOf\":{\"@id\":\"https:\/\/blogg.svenskakyrkan.se\/vandravagen\/#website\"},\"primaryImageOfPage\":{\"@id\":\"https:\/\/blogg.svenskakyrkan.se\/vandravagen\/2015\/03\/12\/gissa-bilden-nummer-xxxviii\/#primaryimage\"},\"image\":{\"@id\":\"https:\/\/blogg.svenskakyrkan.se\/vandravagen\/2015\/03\/12\/gissa-bilden-nummer-xxxviii\/#primaryimage\"},\"thumbnailUrl\":\"http:\/\/blogg.svenskakyrkan.se\/vandravagen\/files\/2015\/03\/IMG_5155-1024x1439.jpg\",\"datePublished\":\"2015-03-12T06:00:58+00:00\",\"dateModified\":\"2015-03-12T06:01:58+00:00\",\"breadcrumb\":{\"@id\":\"https:\/\/blogg.svenskakyrkan.se\/vandravagen\/2015\/03\/12\/gissa-bilden-nummer-xxxviii\/#breadcrumb\"},\"inLanguage\":\"sv-SE\",\"potentialAction\":[{\"@type\":\"ReadAction\",\"target\":[\"https:\/\/blogg.svenskakyrkan.se\/vandravagen\/2015\/03\/12\/gissa-bilden-nummer-xxxviii\/\"]}]},{\"@type\":\"ImageObject\",\"inLanguage\":\"sv-SE\",\"@id\":\"https:\/\/blogg.svenskakyrkan.se\/vandravagen\/2015\/03\/12\/gissa-bilden-nummer-xxxviii\/#primaryimage\",\"url\":\"http:\/\/blogg.svenskakyrkan.se\/vandravagen\/files\/2015\/03\/IMG_5155-1024x1439.jpg\",\"contentUrl\":\"http:\/\/blogg.svenskakyrkan.se\/vandravagen\/files\/2015\/03\/IMG_5155-1024x1439.jpg\"},{\"@type\":\"BreadcrumbList\",\"@id\":\"https:\/\/blogg.svenskakyrkan.se\/vandravagen\/2015\/03\/12\/gissa-bilden-nummer-xxxviii\/#breadcrumb\",\"itemListElement\":[{\"@type\":\"ListItem\",\"position\":1,\"name\":\"Hem\",\"item\":\"https:\/\/blogg.svenskakyrkan.se\/vandravagen\/\"},{\"@type\":\"ListItem\",\"position\":2,\"name\":\"Gissa bilden nummer XXXVIII\"}]},{\"@type\":\"WebSite\",\"@id\":\"https:\/\/blogg.svenskakyrkan.se\/vandravagen\/#website\",\"url\":\"https:\/\/blogg.svenskakyrkan.se\/vandravagen\/\",\"name\":\"Vandra V\u00e4gen\",\"description\":\"-Mot en tro f\u00f6r hela livet\",\"publisher\":{\"@id\":\"https:\/\/blogg.svenskakyrkan.se\/vandravagen\/#organization\"},\"potentialAction\":[{\"@type\":\"SearchAction\",\"target\":{\"@type\":\"EntryPoint\",\"urlTemplate\":\"https:\/\/blogg.svenskakyrkan.se\/vandravagen\/?s={search_term_string}\"},\"query-input\":{\"@type\":\"PropertyValueSpecification\",\"valueRequired\":true,\"valueName\":\"search_term_string\"}}],\"inLanguage\":\"sv-SE\"},{\"@type\":\"Organization\",\"@id\":\"https:\/\/blogg.svenskakyrkan.se\/vandravagen\/#organization\",\"name\":\"ulricehamns pastorat\",\"alternateName\":\"ulricehamns pastorat\",\"url\":\"https:\/\/blogg.svenskakyrkan.se\/vandravagen\/\",\"logo\":{\"@type\":\"ImageObject\",\"inLanguage\":\"sv-SE\",\"@id\":\"https:\/\/blogg.svenskakyrkan.se\/vandravagen\/#\/schema\/logo\/image\/\",\"url\":\"https:\/\/blogg.svenskakyrkan.se\/vandravagen\/files\/2023\/05\/Ulr_logo_RGB.png\",\"contentUrl\":\"https:\/\/blogg.svenskakyrkan.se\/vandravagen\/files\/2023\/05\/Ulr_logo_RGB.png\",\"width\":205,\"height\":77,\"caption\":\"ulricehamns pastorat\"},\"image\":{\"@id\":\"https:\/\/blogg.svenskakyrkan.se\/vandravagen\/#\/schema\/logo\/image\/\"},\"sameAs\":[\"http:\/\/facebook.com\/vandravagen\",\"https:\/\/x.com\/fadertomas\",\"http:\/\/www.facebook.com\/svenskakyrkaniulricehamn\"]},{\"@type\":\"Person\",\"@id\":\"https:\/\/blogg.svenskakyrkan.se\/vandravagen\/#\/schema\/person\/25da02d4f76b137d04291711e2c9fc16\",\"name\":\"Tomas Jarvid\",\"image\":{\"@type\":\"ImageObject\",\"inLanguage\":\"sv-SE\",\"@id\":\"https:\/\/blogg.svenskakyrkan.se\/vandravagen\/#\/schema\/person\/image\/\",\"url\":\"https:\/\/secure.gravatar.com\/avatar\/7fa71899795e8f540f615a1f5ab25255dc27aa40f05ee7ddd21aac521e01bf50?s=96&d=identicon&r=g\",\"contentUrl\":\"https:\/\/secure.gravatar.com\/avatar\/7fa71899795e8f540f615a1f5ab25255dc27aa40f05ee7ddd21aac521e01bf50?s=96&d=identicon&r=g\",\"caption\":\"Tomas Jarvid\"},\"description\":\"Jag bor i Ulricehamn i V\u00e4sterg\u00f6tland och \u00e4r f\u00f6rsamlingspr\u00e4st i Svenska Kyrkan f\u00f6r Dalstorps f\u00f6rsamling i Kinds pastorat. P\u00e5 den h\u00e4r bloggen skriver jag ner tankar om vandringen som kristen.\",\"sameAs\":[\"http:\/\/www.vandravagen.se\"],\"url\":\"https:\/\/blogg.svenskakyrkan.se\/vandravagen\/author\/vandravagen\/\"}]}<\/script>\n<!-- \/ Yoast SEO plugin. -->","yoast_head_json":{"title":"Gissa bilden nummer XXXVIII - Vandra V\u00e4gen","robots":{"index":"index","follow":"follow","max-snippet":"max-snippet:-1","max-image-preview":"max-image-preview:large","max-video-preview":"max-video-preview:-1"},"canonical":"https:\/\/blogg.svenskakyrkan.se\/vandravagen\/2015\/03\/12\/gissa-bilden-nummer-xxxviii\/","og_locale":"sv_SE","og_type":"article","og_title":"Gissa bilden nummer XXXVIII - Vandra V\u00e4gen","og_description":"S\u00e5 h\u00e4r s\u00e5g f\u00f6rra bildg\u00e5tan ut. N\u00e5gra av er har kunnat klura ut vad den f\u00f6rest\u00e4ller. Andreas skriver i antydningar: &#8221;En viss kung som dansar&#8221;, ytterligare n\u00e5gon s\u00e5g att det var f\u00f6rbundsarken i bakgrunden. Hans var den ende som gav ett fullst\u00e4ndigt svar och\u00a0skrev att det vi ser \u00e4r kung David som dansar framf\u00f6r f\u00f6rbundsarken, [&hellip;]","og_url":"https:\/\/blogg.svenskakyrkan.se\/vandravagen\/2015\/03\/12\/gissa-bilden-nummer-xxxviii\/","og_site_name":"Vandra V\u00e4gen","article_publisher":"http:\/\/facebook.com\/vandravagen","article_published_time":"2015-03-12T06:00:58+00:00","article_modified_time":"2015-03-12T06:01:58+00:00","og_image":[{"url":"http:\/\/blogg.svenskakyrkan.se\/vandravagen\/files\/2015\/03\/IMG_5155-1024x1439.jpg","type":"","width":"","height":""}],"author":"Tomas Jarvid","twitter_card":"summary_large_image","twitter_creator":"@fadertomas","twitter_site":"@fadertomas","twitter_misc":{"Skriven av":"Tomas Jarvid","Ber\u00e4knad l\u00e4stid":"2 minuter"},"schema":{"@context":"https:\/\/schema.org","@graph":[{"@type":"Article","@id":"https:\/\/blogg.svenskakyrkan.se\/vandravagen\/2015\/03\/12\/gissa-bilden-nummer-xxxviii\/#article","isPartOf":{"@id":"https:\/\/blogg.svenskakyrkan.se\/vandravagen\/2015\/03\/12\/gissa-bilden-nummer-xxxviii\/"},"author":{"name":"Tomas Jarvid","@id":"https:\/\/blogg.svenskakyrkan.se\/vandravagen\/#\/schema\/person\/25da02d4f76b137d04291711e2c9fc16"},"headline":"Gissa bilden nummer XXXVIII","datePublished":"2015-03-12T06:00:58+00:00","dateModified":"2015-03-12T06:01:58+00:00","mainEntityOfPage":{"@id":"https:\/\/blogg.svenskakyrkan.se\/vandravagen\/2015\/03\/12\/gissa-bilden-nummer-xxxviii\/"},"wordCount":432,"commentCount":2,"publisher":{"@id":"https:\/\/blogg.svenskakyrkan.se\/vandravagen\/#organization"},"image":{"@id":"https:\/\/blogg.svenskakyrkan.se\/vandravagen\/2015\/03\/12\/gissa-bilden-nummer-xxxviii\/#primaryimage"},"thumbnailUrl":"http:\/\/blogg.svenskakyrkan.se\/vandravagen\/files\/2015\/03\/IMG_5155-1024x1439.jpg","inLanguage":"sv-SE","potentialAction":[{"@type":"CommentAction","name":"Comment","target":["https:\/\/blogg.svenskakyrkan.se\/vandravagen\/2015\/03\/12\/gissa-bilden-nummer-xxxviii\/#respond"]}]},{"@type":"WebPage","@id":"https:\/\/blogg.svenskakyrkan.se\/vandravagen\/2015\/03\/12\/gissa-bilden-nummer-xxxviii\/","url":"https:\/\/blogg.svenskakyrkan.se\/vandravagen\/2015\/03\/12\/gissa-bilden-nummer-xxxviii\/","name":"Gissa bilden nummer XXXVIII - Vandra V\u00e4gen","isPartOf":{"@id":"https:\/\/blogg.svenskakyrkan.se\/vandravagen\/#website"},"primaryImageOfPage":{"@id":"https:\/\/blogg.svenskakyrkan.se\/vandravagen\/2015\/03\/12\/gissa-bilden-nummer-xxxviii\/#primaryimage"},"image":{"@id":"https:\/\/blogg.svenskakyrkan.se\/vandravagen\/2015\/03\/12\/gissa-bilden-nummer-xxxviii\/#primaryimage"},"thumbnailUrl":"http:\/\/blogg.svenskakyrkan.se\/vandravagen\/files\/2015\/03\/IMG_5155-1024x1439.jpg","datePublished":"2015-03-12T06:00:58+00:00","dateModified":"2015-03-12T06:01:58+00:00","breadcrumb":{"@id":"https:\/\/blogg.svenskakyrkan.se\/vandravagen\/2015\/03\/12\/gissa-bilden-nummer-xxxviii\/#breadcrumb"},"inLanguage":"sv-SE","potentialAction":[{"@type":"ReadAction","target":["https:\/\/blogg.svenskakyrkan.se\/vandravagen\/2015\/03\/12\/gissa-bilden-nummer-xxxviii\/"]}]},{"@type":"ImageObject","inLanguage":"sv-SE","@id":"https:\/\/blogg.svenskakyrkan.se\/vandravagen\/2015\/03\/12\/gissa-bilden-nummer-xxxviii\/#primaryimage","url":"http:\/\/blogg.svenskakyrkan.se\/vandravagen\/files\/2015\/03\/IMG_5155-1024x1439.jpg","contentUrl":"http:\/\/blogg.svenskakyrkan.se\/vandravagen\/files\/2015\/03\/IMG_5155-1024x1439.jpg"},{"@type":"BreadcrumbList","@id":"https:\/\/blogg.svenskakyrkan.se\/vandravagen\/2015\/03\/12\/gissa-bilden-nummer-xxxviii\/#breadcrumb","itemListElement":[{"@type":"ListItem","position":1,"name":"Hem","item":"https:\/\/blogg.svenskakyrkan.se\/vandravagen\/"},{"@type":"ListItem","position":2,"name":"Gissa bilden nummer XXXVIII"}]},{"@type":"WebSite","@id":"https:\/\/blogg.svenskakyrkan.se\/vandravagen\/#website","url":"https:\/\/blogg.svenskakyrkan.se\/vandravagen\/","name":"Vandra V\u00e4gen","description":"-Mot en tro f\u00f6r hela livet","publisher":{"@id":"https:\/\/blogg.svenskakyrkan.se\/vandravagen\/#organization"},"potentialAction":[{"@type":"SearchAction","target":{"@type":"EntryPoint","urlTemplate":"https:\/\/blogg.svenskakyrkan.se\/vandravagen\/?s={search_term_string}"},"query-input":{"@type":"PropertyValueSpecification","valueRequired":true,"valueName":"search_term_string"}}],"inLanguage":"sv-SE"},{"@type":"Organization","@id":"https:\/\/blogg.svenskakyrkan.se\/vandravagen\/#organization","name":"ulricehamns pastorat","alternateName":"ulricehamns pastorat","url":"https:\/\/blogg.svenskakyrkan.se\/vandravagen\/","logo":{"@type":"ImageObject","inLanguage":"sv-SE","@id":"https:\/\/blogg.svenskakyrkan.se\/vandravagen\/#\/schema\/logo\/image\/","url":"https:\/\/blogg.svenskakyrkan.se\/vandravagen\/files\/2023\/05\/Ulr_logo_RGB.png","contentUrl":"https:\/\/blogg.svenskakyrkan.se\/vandravagen\/files\/2023\/05\/Ulr_logo_RGB.png","width":205,"height":77,"caption":"ulricehamns pastorat"},"image":{"@id":"https:\/\/blogg.svenskakyrkan.se\/vandravagen\/#\/schema\/logo\/image\/"},"sameAs":["http:\/\/facebook.com\/vandravagen","https:\/\/x.com\/fadertomas","http:\/\/www.facebook.com\/svenskakyrkaniulricehamn"]},{"@type":"Person","@id":"https:\/\/blogg.svenskakyrkan.se\/vandravagen\/#\/schema\/person\/25da02d4f76b137d04291711e2c9fc16","name":"Tomas Jarvid","image":{"@type":"ImageObject","inLanguage":"sv-SE","@id":"https:\/\/blogg.svenskakyrkan.se\/vandravagen\/#\/schema\/person\/image\/","url":"https:\/\/secure.gravatar.com\/avatar\/7fa71899795e8f540f615a1f5ab25255dc27aa40f05ee7ddd21aac521e01bf50?s=96&d=identicon&r=g","contentUrl":"https:\/\/secure.gravatar.com\/avatar\/7fa71899795e8f540f615a1f5ab25255dc27aa40f05ee7ddd21aac521e01bf50?s=96&d=identicon&r=g","caption":"Tomas Jarvid"},"description":"Jag bor i Ulricehamn i V\u00e4sterg\u00f6tland och \u00e4r f\u00f6rsamlingspr\u00e4st i Svenska Kyrkan f\u00f6r Dalstorps f\u00f6rsamling i Kinds pastorat. P\u00e5 den h\u00e4r bloggen skriver jag ner tankar om vandringen som kristen.","sameAs":["http:\/\/www.vandravagen.se"],"url":"https:\/\/blogg.svenskakyrkan.se\/vandravagen\/author\/vandravagen\/"}]}},"author_meta":{"ID":"392","user_nicename":"vandravagen","user_url":"http:\/\/www.vandravagen.se","user_registered":"2014-05-19 05:44:52","display_name":"Tomas Jarvid","first_name":"Tomas","last_name":"Jarvid","avatar":"https:\/\/secure.gravatar.com\/avatar\/7fa71899795e8f540f615a1f5ab25255dc27aa40f05ee7ddd21aac521e01bf50?s=96&d=identicon&r=g"},"featured_image":false,"bloginfo":{"name":"Vandra V\u00e4gen","url":"https:\/\/blogg.svenskakyrkan.se\/vandravagen"},"_links":{"self":[{"href":"https:\/\/blogg.svenskakyrkan.se\/vandravagen\/wp-json\/wp\/v2\/posts\/2803","targetHints":{"allow":["GET"]}}],"collection":[{"href":"https:\/\/blogg.svenskakyrkan.se\/vandravagen\/wp-json\/wp\/v2\/posts"}],"about":[{"href":"https:\/\/blogg.svenskakyrkan.se\/vandravagen\/wp-json\/wp\/v2\/types\/post"}],"author":[{"embeddable":true,"href":"https:\/\/blogg.svenskakyrkan.se\/vandravagen\/wp-json\/wp\/v2\/users\/392"}],"replies":[{"embeddable":true,"href":"https:\/\/blogg.svenskakyrkan.se\/vandravagen\/wp-json\/wp\/v2\/comments?post=2803"}],"version-history":[{"count":3,"href":"https:\/\/blogg.svenskakyrkan.se\/vandravagen\/wp-json\/wp\/v2\/posts\/2803\/revisions"}],"predecessor-version":[{"id":2807,"href":"https:\/\/blogg.svenskakyrkan.se\/vandravagen\/wp-json\/wp\/v2\/posts\/2803\/revisions\/2807"}],"wp:attachment":[{"href":"https:\/\/blogg.svenskakyrkan.se\/vandravagen\/wp-json\/wp\/v2\/media?parent=2803"}],"wp:term":[{"taxonomy":"category","embeddable":true,"href":"https:\/\/blogg.svenskakyrkan.se\/vandravagen\/wp-json\/wp\/v2\/categories?post=2803"},{"taxonomy":"post_tag","embeddable":true,"href":"https:\/\/blogg.svenskakyrkan.se\/vandravagen\/wp-json\/wp\/v2\/tags?post=2803"}],"curies":[{"name":"wp","href":"https:\/\/api.w.org\/{rel}","templated":true}]}}