{"id":283,"date":"2013-11-12T09:27:00","date_gmt":"2013-11-12T08:27:00","guid":{"rendered":"http:\/\/blogg.svenskakyrkan.se\/vandravagen\/2013\/11\/12\/4-evangelier-och-vittnespsykologi\/"},"modified":"2013-11-12T09:27:00","modified_gmt":"2013-11-12T08:27:00","slug":"4-evangelier-och-vittnespsykologi","status":"publish","type":"post","link":"https:\/\/blogg.svenskakyrkan.se\/vandravagen\/2013\/11\/12\/4-evangelier-och-vittnespsykologi\/","title":{"rendered":"4 evangelier och vittnespsykologi"},"content":{"rendered":"<table align=\"center\" cellpadding=\"0\" cellspacing=\"0\">\n<tbody>\n<tr>\n<td><a href=\"http:\/\/4.bp.blogspot.com\/-rqeMlPfJYk8\/UoHYJs9uWiI\/AAAAAAAAF2M\/ylRGEufKM2k\/s1600\/DSC_0142.jpg\"><img loading=\"lazy\" decoding=\"async\" border=\"0\" height=\"640\" src=\"http:\/\/4.bp.blogspot.com\/-rqeMlPfJYk8\/UoHYJs9uWiI\/AAAAAAAAF2M\/ylRGEufKM2k\/s640\/DSC_0142.jpg\" width=\"426\"><\/a><\/td>\n<\/tr>\n<tr>\n<td>Hur ska man \u00e5terge vem Jesus \u00e4r? S\u00e5 h\u00e4r gjorde Eva Sp\u00e5ngberg f\u00f6r Skaga stavkyrka.<\/td>\n<\/tr>\n<\/tbody>\n<\/table>\n<p>Ibland h\u00f6r man inv\u00e4ndningar mot bibelns relevans utifr\u00e5n det att det ibland st\u00e5r motstridiga saker i bibeln. Till exempel finns det fyra olika evangelier och de skiljer sig emellan\u00e5t \u00e5t i detaljer eller kanske till och med i fr\u00e5ga om stora drag som ordningsf\u00f6ljden p\u00e5 h\u00e4ndelser och s\u00e5dant.<\/p>\n<p>Varf\u00f6r fyra olika evangelier? F\u00f6rtar det inte trov\u00e4rdigheten? Nej, inte n\u00f6dv\u00e4ndigtvis. Om en domstol kallar fyra vittnen till ett brott och alla fyra ger exakt samma vittnesm\u00e5l s\u00e5 blir domaren skeptisk. Hon vet att vi m\u00e4nniskor alltid uppfattar saker olika utifr\u00e5n den f\u00f6rkunskap vi har, den plats vi sett det hela ifr\u00e5n och s\u00e5 vidare. Om alla s\u00e4ger exakt samma sak tyder det snarare p\u00e5 att vittnena snackat ihop sig innan om vad de ska s\u00e4ga. Domaren r\u00e4knar med att vittnesm\u00e5l kan skilja sig \u00e5t i detaljer eller att de kan ta fasta p\u00e5 olika saker utan att f\u00f6r den saken g\u00f6ra varandra ogiltiga.<\/p>\n<p>Nu \u00e4r inte evangelierna helt och h\u00e5llet som vittnen i r\u00e4tten. Det \u00e4r snarare s\u00e5 att de h\u00e4nger ihop p\u00e5 raffinerade s\u00e4tt. Matteus, Markus och Lukasevangeliet kallas de &#8221;synoptiska&#8221; evangelierna (de med samma syn) f\u00f6r att de i mycket bygger p\u00e5 samma k\u00e4llor \u00e4ven om de ocks\u00e5 var och en har helt eget stoff. Exakt hur de f\u00f6rh\u00e5ller sig till varandra \u00e4r fortfarande flitigt debatterat inom bibelvetenskapen. Det \u00e4r intressant att de b\u00e5de rymmer s\u00e5 mycket samsyn och att det tydligen fr\u00e5n b\u00f6rjan varit ok att de skiljer sig \u00e5t. Jag tror att det h\u00e4nger ihop med vad ett evangelium egentligen \u00e4r.<\/p>\n<p>Ett evangelium \u00e4r n\u00e5got annat \u00e4n de genrer av litteratur vi har idag. Det \u00e4r inte ren historieskrivning, f\u00f6r det har som fr\u00e4msta m\u00e5l att f\u00f6rmedla ett budskap p\u00e5 b\u00e4sta s\u00e4tt. Det \u00e4r inte heller sk\u00f6nlitteratur f\u00f6r det vill verkligen vittna om saker som h\u00e4nt och som m\u00e4nniskor bevittnat.<\/p>\n<p>I slutet av Johannesevangeliet f\u00e5r vi h\u00f6ra vad som \u00e4r syftet med texten:<\/p>\n<blockquote>\n<p>Ocks\u00e5 m\u00e5nga tecken som inte har tagits med i denna bok gjorde Jesus i sina l\u00e4rjungars \u00e5syn.Men dessa har upptecknats f\u00f6r att ni skall tro att Jesus \u00e4r Messias, Guds son, och f\u00f6r att ni genom att tro skall ha liv i hans namn. (Joh 20:30-31)<\/p>\n<\/blockquote>\n<p>Evangelisterna vill var och en utifr\u00e5n sin horisont vittna om Jesus p\u00e5 ett s\u00e5 bra s\u00e4tt som m\u00f6jligt f\u00f6r att g\u00f6ra det m\u00f6jligt f\u00f6r l\u00e4saren\/\u00e5h\u00f6raren att sj\u00e4lv l\u00e4ra k\u00e4nna Jesus och tr\u00e4da i relation till honom som troende. Sj\u00e4lvklart lyfter de fram olika saker d\u00e5 utifr\u00e5n det de uppfattar som betydelsefullt.<\/p>\n<p>Vad s\u00e4ger du om de h\u00e4r tankarna? Hur ser du p\u00e5 evangelierna?<\/p>\n","protected":false},"excerpt":{"rendered":"<p>Hur ska man \u00e5terge vem Jesus \u00e4r? S\u00e5 h\u00e4r gjorde Eva Sp\u00e5ngberg f\u00f6r Skaga stavkyrka. Ibland h\u00f6r man inv\u00e4ndningar mot bibelns relevans utifr\u00e5n det att det ibland st\u00e5r motstridiga saker i bibeln. Till exempel finns det fyra olika evangelier och de skiljer sig emellan\u00e5t \u00e5t i detaljer eller kanske till och med i fr\u00e5ga om [&hellip;]<\/p>\n","protected":false},"author":392,"featured_media":0,"comment_status":"open","ping_status":"open","sticky":false,"template":"","format":"standard","meta":{"_acf_changed":false,"footnotes":""},"categories":[14252,8298,76189,117],"tags":[],"class_list":["post-283","post","type-post","status-publish","format-standard","hentry","category-bibel","category-bibeln","category-dagens-kyrka","category-teologi"],"acf":[],"yoast_head":"<!-- This site is optimized with the Yoast SEO plugin v27.1.1 - https:\/\/yoast.com\/product\/yoast-seo-wordpress\/ -->\n<title>4 evangelier och vittnespsykologi - Vandra V\u00e4gen<\/title>\n<meta name=\"robots\" content=\"index, follow, max-snippet:-1, max-image-preview:large, max-video-preview:-1\" \/>\n<link rel=\"canonical\" href=\"https:\/\/blogg.svenskakyrkan.se\/vandravagen\/2013\/11\/12\/4-evangelier-och-vittnespsykologi\/\" \/>\n<meta property=\"og:locale\" content=\"sv_SE\" \/>\n<meta property=\"og:type\" content=\"article\" \/>\n<meta property=\"og:title\" content=\"4 evangelier och vittnespsykologi - Vandra V\u00e4gen\" \/>\n<meta property=\"og:description\" content=\"Hur ska man \u00e5terge vem Jesus \u00e4r? S\u00e5 h\u00e4r gjorde Eva Sp\u00e5ngberg f\u00f6r Skaga stavkyrka. Ibland h\u00f6r man inv\u00e4ndningar mot bibelns relevans utifr\u00e5n det att det ibland st\u00e5r motstridiga saker i bibeln. Till exempel finns det fyra olika evangelier och de skiljer sig emellan\u00e5t \u00e5t i detaljer eller kanske till och med i fr\u00e5ga om [&hellip;]\" \/>\n<meta property=\"og:url\" content=\"https:\/\/blogg.svenskakyrkan.se\/vandravagen\/2013\/11\/12\/4-evangelier-och-vittnespsykologi\/\" \/>\n<meta property=\"og:site_name\" content=\"Vandra V\u00e4gen\" \/>\n<meta property=\"article:publisher\" content=\"http:\/\/facebook.com\/vandravagen\" \/>\n<meta property=\"article:published_time\" content=\"2013-11-12T08:27:00+00:00\" \/>\n<meta property=\"og:image\" content=\"http:\/\/4.bp.blogspot.com\/-rqeMlPfJYk8\/UoHYJs9uWiI\/AAAAAAAAF2M\/ylRGEufKM2k\/s640\/DSC_0142.jpg\" \/>\n<meta name=\"author\" content=\"Tomas Jarvid\" \/>\n<meta name=\"twitter:card\" content=\"summary_large_image\" \/>\n<meta name=\"twitter:creator\" content=\"@fadertomas\" \/>\n<meta name=\"twitter:site\" content=\"@fadertomas\" \/>\n<meta name=\"twitter:label1\" content=\"Skriven av\" \/>\n\t<meta name=\"twitter:data1\" content=\"Tomas Jarvid\" \/>\n\t<meta name=\"twitter:label2\" content=\"Ber\u00e4knad l\u00e4stid\" \/>\n\t<meta name=\"twitter:data2\" content=\"3 minuter\" \/>\n<script type=\"application\/ld+json\" class=\"yoast-schema-graph\">{\"@context\":\"https:\/\/schema.org\",\"@graph\":[{\"@type\":\"Article\",\"@id\":\"https:\/\/blogg.svenskakyrkan.se\/vandravagen\/2013\/11\/12\/4-evangelier-och-vittnespsykologi\/#article\",\"isPartOf\":{\"@id\":\"https:\/\/blogg.svenskakyrkan.se\/vandravagen\/2013\/11\/12\/4-evangelier-och-vittnespsykologi\/\"},\"author\":{\"name\":\"Tomas Jarvid\",\"@id\":\"https:\/\/blogg.svenskakyrkan.se\/vandravagen\/#\/schema\/person\/25da02d4f76b137d04291711e2c9fc16\"},\"headline\":\"4 evangelier och vittnespsykologi\",\"datePublished\":\"2013-11-12T08:27:00+00:00\",\"mainEntityOfPage\":{\"@id\":\"https:\/\/blogg.svenskakyrkan.se\/vandravagen\/2013\/11\/12\/4-evangelier-och-vittnespsykologi\/\"},\"wordCount\":519,\"commentCount\":4,\"publisher\":{\"@id\":\"https:\/\/blogg.svenskakyrkan.se\/vandravagen\/#organization\"},\"image\":{\"@id\":\"https:\/\/blogg.svenskakyrkan.se\/vandravagen\/2013\/11\/12\/4-evangelier-och-vittnespsykologi\/#primaryimage\"},\"thumbnailUrl\":\"http:\/\/4.bp.blogspot.com\/-rqeMlPfJYk8\/UoHYJs9uWiI\/AAAAAAAAF2M\/ylRGEufKM2k\/s640\/DSC_0142.jpg\",\"articleSection\":[\"bibel\",\"Bibeln\",\"Dagens Kyrka\",\"Teologi\"],\"inLanguage\":\"sv-SE\",\"potentialAction\":[{\"@type\":\"CommentAction\",\"name\":\"Comment\",\"target\":[\"https:\/\/blogg.svenskakyrkan.se\/vandravagen\/2013\/11\/12\/4-evangelier-och-vittnespsykologi\/#respond\"]}]},{\"@type\":\"WebPage\",\"@id\":\"https:\/\/blogg.svenskakyrkan.se\/vandravagen\/2013\/11\/12\/4-evangelier-och-vittnespsykologi\/\",\"url\":\"https:\/\/blogg.svenskakyrkan.se\/vandravagen\/2013\/11\/12\/4-evangelier-och-vittnespsykologi\/\",\"name\":\"4 evangelier och vittnespsykologi - Vandra V\u00e4gen\",\"isPartOf\":{\"@id\":\"https:\/\/blogg.svenskakyrkan.se\/vandravagen\/#website\"},\"primaryImageOfPage\":{\"@id\":\"https:\/\/blogg.svenskakyrkan.se\/vandravagen\/2013\/11\/12\/4-evangelier-och-vittnespsykologi\/#primaryimage\"},\"image\":{\"@id\":\"https:\/\/blogg.svenskakyrkan.se\/vandravagen\/2013\/11\/12\/4-evangelier-och-vittnespsykologi\/#primaryimage\"},\"thumbnailUrl\":\"http:\/\/4.bp.blogspot.com\/-rqeMlPfJYk8\/UoHYJs9uWiI\/AAAAAAAAF2M\/ylRGEufKM2k\/s640\/DSC_0142.jpg\",\"datePublished\":\"2013-11-12T08:27:00+00:00\",\"breadcrumb\":{\"@id\":\"https:\/\/blogg.svenskakyrkan.se\/vandravagen\/2013\/11\/12\/4-evangelier-och-vittnespsykologi\/#breadcrumb\"},\"inLanguage\":\"sv-SE\",\"potentialAction\":[{\"@type\":\"ReadAction\",\"target\":[\"https:\/\/blogg.svenskakyrkan.se\/vandravagen\/2013\/11\/12\/4-evangelier-och-vittnespsykologi\/\"]}]},{\"@type\":\"ImageObject\",\"inLanguage\":\"sv-SE\",\"@id\":\"https:\/\/blogg.svenskakyrkan.se\/vandravagen\/2013\/11\/12\/4-evangelier-och-vittnespsykologi\/#primaryimage\",\"url\":\"http:\/\/4.bp.blogspot.com\/-rqeMlPfJYk8\/UoHYJs9uWiI\/AAAAAAAAF2M\/ylRGEufKM2k\/s640\/DSC_0142.jpg\",\"contentUrl\":\"http:\/\/4.bp.blogspot.com\/-rqeMlPfJYk8\/UoHYJs9uWiI\/AAAAAAAAF2M\/ylRGEufKM2k\/s640\/DSC_0142.jpg\"},{\"@type\":\"BreadcrumbList\",\"@id\":\"https:\/\/blogg.svenskakyrkan.se\/vandravagen\/2013\/11\/12\/4-evangelier-och-vittnespsykologi\/#breadcrumb\",\"itemListElement\":[{\"@type\":\"ListItem\",\"position\":1,\"name\":\"Hem\",\"item\":\"https:\/\/blogg.svenskakyrkan.se\/vandravagen\/\"},{\"@type\":\"ListItem\",\"position\":2,\"name\":\"4 evangelier och vittnespsykologi\"}]},{\"@type\":\"WebSite\",\"@id\":\"https:\/\/blogg.svenskakyrkan.se\/vandravagen\/#website\",\"url\":\"https:\/\/blogg.svenskakyrkan.se\/vandravagen\/\",\"name\":\"Vandra V\u00e4gen\",\"description\":\"-Mot en tro f\u00f6r hela livet\",\"publisher\":{\"@id\":\"https:\/\/blogg.svenskakyrkan.se\/vandravagen\/#organization\"},\"potentialAction\":[{\"@type\":\"SearchAction\",\"target\":{\"@type\":\"EntryPoint\",\"urlTemplate\":\"https:\/\/blogg.svenskakyrkan.se\/vandravagen\/?s={search_term_string}\"},\"query-input\":{\"@type\":\"PropertyValueSpecification\",\"valueRequired\":true,\"valueName\":\"search_term_string\"}}],\"inLanguage\":\"sv-SE\"},{\"@type\":\"Organization\",\"@id\":\"https:\/\/blogg.svenskakyrkan.se\/vandravagen\/#organization\",\"name\":\"ulricehamns pastorat\",\"alternateName\":\"ulricehamns pastorat\",\"url\":\"https:\/\/blogg.svenskakyrkan.se\/vandravagen\/\",\"logo\":{\"@type\":\"ImageObject\",\"inLanguage\":\"sv-SE\",\"@id\":\"https:\/\/blogg.svenskakyrkan.se\/vandravagen\/#\/schema\/logo\/image\/\",\"url\":\"https:\/\/blogg.svenskakyrkan.se\/vandravagen\/files\/2023\/05\/Ulr_logo_RGB.png\",\"contentUrl\":\"https:\/\/blogg.svenskakyrkan.se\/vandravagen\/files\/2023\/05\/Ulr_logo_RGB.png\",\"width\":205,\"height\":77,\"caption\":\"ulricehamns pastorat\"},\"image\":{\"@id\":\"https:\/\/blogg.svenskakyrkan.se\/vandravagen\/#\/schema\/logo\/image\/\"},\"sameAs\":[\"http:\/\/facebook.com\/vandravagen\",\"https:\/\/x.com\/fadertomas\",\"http:\/\/www.facebook.com\/svenskakyrkaniulricehamn\"]},{\"@type\":\"Person\",\"@id\":\"https:\/\/blogg.svenskakyrkan.se\/vandravagen\/#\/schema\/person\/25da02d4f76b137d04291711e2c9fc16\",\"name\":\"Tomas Jarvid\",\"image\":{\"@type\":\"ImageObject\",\"inLanguage\":\"sv-SE\",\"@id\":\"https:\/\/blogg.svenskakyrkan.se\/vandravagen\/#\/schema\/person\/image\/\",\"url\":\"https:\/\/secure.gravatar.com\/avatar\/7fa71899795e8f540f615a1f5ab25255dc27aa40f05ee7ddd21aac521e01bf50?s=96&d=identicon&r=g\",\"contentUrl\":\"https:\/\/secure.gravatar.com\/avatar\/7fa71899795e8f540f615a1f5ab25255dc27aa40f05ee7ddd21aac521e01bf50?s=96&d=identicon&r=g\",\"caption\":\"Tomas Jarvid\"},\"description\":\"Jag bor i Ulricehamn i V\u00e4sterg\u00f6tland och \u00e4r f\u00f6rsamlingspr\u00e4st i Svenska Kyrkan f\u00f6r Dalstorps f\u00f6rsamling i Kinds pastorat. P\u00e5 den h\u00e4r bloggen skriver jag ner tankar om vandringen som kristen.\",\"sameAs\":[\"http:\/\/www.vandravagen.se\"],\"url\":\"https:\/\/blogg.svenskakyrkan.se\/vandravagen\/author\/vandravagen\/\"}]}<\/script>\n<!-- \/ Yoast SEO plugin. -->","yoast_head_json":{"title":"4 evangelier och vittnespsykologi - Vandra V\u00e4gen","robots":{"index":"index","follow":"follow","max-snippet":"max-snippet:-1","max-image-preview":"max-image-preview:large","max-video-preview":"max-video-preview:-1"},"canonical":"https:\/\/blogg.svenskakyrkan.se\/vandravagen\/2013\/11\/12\/4-evangelier-och-vittnespsykologi\/","og_locale":"sv_SE","og_type":"article","og_title":"4 evangelier och vittnespsykologi - Vandra V\u00e4gen","og_description":"Hur ska man \u00e5terge vem Jesus \u00e4r? S\u00e5 h\u00e4r gjorde Eva Sp\u00e5ngberg f\u00f6r Skaga stavkyrka. Ibland h\u00f6r man inv\u00e4ndningar mot bibelns relevans utifr\u00e5n det att det ibland st\u00e5r motstridiga saker i bibeln. Till exempel finns det fyra olika evangelier och de skiljer sig emellan\u00e5t \u00e5t i detaljer eller kanske till och med i fr\u00e5ga om [&hellip;]","og_url":"https:\/\/blogg.svenskakyrkan.se\/vandravagen\/2013\/11\/12\/4-evangelier-och-vittnespsykologi\/","og_site_name":"Vandra V\u00e4gen","article_publisher":"http:\/\/facebook.com\/vandravagen","article_published_time":"2013-11-12T08:27:00+00:00","og_image":[{"url":"http:\/\/4.bp.blogspot.com\/-rqeMlPfJYk8\/UoHYJs9uWiI\/AAAAAAAAF2M\/ylRGEufKM2k\/s640\/DSC_0142.jpg","type":"","width":"","height":""}],"author":"Tomas Jarvid","twitter_card":"summary_large_image","twitter_creator":"@fadertomas","twitter_site":"@fadertomas","twitter_misc":{"Skriven av":"Tomas Jarvid","Ber\u00e4knad l\u00e4stid":"3 minuter"},"schema":{"@context":"https:\/\/schema.org","@graph":[{"@type":"Article","@id":"https:\/\/blogg.svenskakyrkan.se\/vandravagen\/2013\/11\/12\/4-evangelier-och-vittnespsykologi\/#article","isPartOf":{"@id":"https:\/\/blogg.svenskakyrkan.se\/vandravagen\/2013\/11\/12\/4-evangelier-och-vittnespsykologi\/"},"author":{"name":"Tomas Jarvid","@id":"https:\/\/blogg.svenskakyrkan.se\/vandravagen\/#\/schema\/person\/25da02d4f76b137d04291711e2c9fc16"},"headline":"4 evangelier och vittnespsykologi","datePublished":"2013-11-12T08:27:00+00:00","mainEntityOfPage":{"@id":"https:\/\/blogg.svenskakyrkan.se\/vandravagen\/2013\/11\/12\/4-evangelier-och-vittnespsykologi\/"},"wordCount":519,"commentCount":4,"publisher":{"@id":"https:\/\/blogg.svenskakyrkan.se\/vandravagen\/#organization"},"image":{"@id":"https:\/\/blogg.svenskakyrkan.se\/vandravagen\/2013\/11\/12\/4-evangelier-och-vittnespsykologi\/#primaryimage"},"thumbnailUrl":"http:\/\/4.bp.blogspot.com\/-rqeMlPfJYk8\/UoHYJs9uWiI\/AAAAAAAAF2M\/ylRGEufKM2k\/s640\/DSC_0142.jpg","articleSection":["bibel","Bibeln","Dagens Kyrka","Teologi"],"inLanguage":"sv-SE","potentialAction":[{"@type":"CommentAction","name":"Comment","target":["https:\/\/blogg.svenskakyrkan.se\/vandravagen\/2013\/11\/12\/4-evangelier-och-vittnespsykologi\/#respond"]}]},{"@type":"WebPage","@id":"https:\/\/blogg.svenskakyrkan.se\/vandravagen\/2013\/11\/12\/4-evangelier-och-vittnespsykologi\/","url":"https:\/\/blogg.svenskakyrkan.se\/vandravagen\/2013\/11\/12\/4-evangelier-och-vittnespsykologi\/","name":"4 evangelier och vittnespsykologi - Vandra V\u00e4gen","isPartOf":{"@id":"https:\/\/blogg.svenskakyrkan.se\/vandravagen\/#website"},"primaryImageOfPage":{"@id":"https:\/\/blogg.svenskakyrkan.se\/vandravagen\/2013\/11\/12\/4-evangelier-och-vittnespsykologi\/#primaryimage"},"image":{"@id":"https:\/\/blogg.svenskakyrkan.se\/vandravagen\/2013\/11\/12\/4-evangelier-och-vittnespsykologi\/#primaryimage"},"thumbnailUrl":"http:\/\/4.bp.blogspot.com\/-rqeMlPfJYk8\/UoHYJs9uWiI\/AAAAAAAAF2M\/ylRGEufKM2k\/s640\/DSC_0142.jpg","datePublished":"2013-11-12T08:27:00+00:00","breadcrumb":{"@id":"https:\/\/blogg.svenskakyrkan.se\/vandravagen\/2013\/11\/12\/4-evangelier-och-vittnespsykologi\/#breadcrumb"},"inLanguage":"sv-SE","potentialAction":[{"@type":"ReadAction","target":["https:\/\/blogg.svenskakyrkan.se\/vandravagen\/2013\/11\/12\/4-evangelier-och-vittnespsykologi\/"]}]},{"@type":"ImageObject","inLanguage":"sv-SE","@id":"https:\/\/blogg.svenskakyrkan.se\/vandravagen\/2013\/11\/12\/4-evangelier-och-vittnespsykologi\/#primaryimage","url":"http:\/\/4.bp.blogspot.com\/-rqeMlPfJYk8\/UoHYJs9uWiI\/AAAAAAAAF2M\/ylRGEufKM2k\/s640\/DSC_0142.jpg","contentUrl":"http:\/\/4.bp.blogspot.com\/-rqeMlPfJYk8\/UoHYJs9uWiI\/AAAAAAAAF2M\/ylRGEufKM2k\/s640\/DSC_0142.jpg"},{"@type":"BreadcrumbList","@id":"https:\/\/blogg.svenskakyrkan.se\/vandravagen\/2013\/11\/12\/4-evangelier-och-vittnespsykologi\/#breadcrumb","itemListElement":[{"@type":"ListItem","position":1,"name":"Hem","item":"https:\/\/blogg.svenskakyrkan.se\/vandravagen\/"},{"@type":"ListItem","position":2,"name":"4 evangelier och vittnespsykologi"}]},{"@type":"WebSite","@id":"https:\/\/blogg.svenskakyrkan.se\/vandravagen\/#website","url":"https:\/\/blogg.svenskakyrkan.se\/vandravagen\/","name":"Vandra V\u00e4gen","description":"-Mot en tro f\u00f6r hela livet","publisher":{"@id":"https:\/\/blogg.svenskakyrkan.se\/vandravagen\/#organization"},"potentialAction":[{"@type":"SearchAction","target":{"@type":"EntryPoint","urlTemplate":"https:\/\/blogg.svenskakyrkan.se\/vandravagen\/?s={search_term_string}"},"query-input":{"@type":"PropertyValueSpecification","valueRequired":true,"valueName":"search_term_string"}}],"inLanguage":"sv-SE"},{"@type":"Organization","@id":"https:\/\/blogg.svenskakyrkan.se\/vandravagen\/#organization","name":"ulricehamns pastorat","alternateName":"ulricehamns pastorat","url":"https:\/\/blogg.svenskakyrkan.se\/vandravagen\/","logo":{"@type":"ImageObject","inLanguage":"sv-SE","@id":"https:\/\/blogg.svenskakyrkan.se\/vandravagen\/#\/schema\/logo\/image\/","url":"https:\/\/blogg.svenskakyrkan.se\/vandravagen\/files\/2023\/05\/Ulr_logo_RGB.png","contentUrl":"https:\/\/blogg.svenskakyrkan.se\/vandravagen\/files\/2023\/05\/Ulr_logo_RGB.png","width":205,"height":77,"caption":"ulricehamns pastorat"},"image":{"@id":"https:\/\/blogg.svenskakyrkan.se\/vandravagen\/#\/schema\/logo\/image\/"},"sameAs":["http:\/\/facebook.com\/vandravagen","https:\/\/x.com\/fadertomas","http:\/\/www.facebook.com\/svenskakyrkaniulricehamn"]},{"@type":"Person","@id":"https:\/\/blogg.svenskakyrkan.se\/vandravagen\/#\/schema\/person\/25da02d4f76b137d04291711e2c9fc16","name":"Tomas Jarvid","image":{"@type":"ImageObject","inLanguage":"sv-SE","@id":"https:\/\/blogg.svenskakyrkan.se\/vandravagen\/#\/schema\/person\/image\/","url":"https:\/\/secure.gravatar.com\/avatar\/7fa71899795e8f540f615a1f5ab25255dc27aa40f05ee7ddd21aac521e01bf50?s=96&d=identicon&r=g","contentUrl":"https:\/\/secure.gravatar.com\/avatar\/7fa71899795e8f540f615a1f5ab25255dc27aa40f05ee7ddd21aac521e01bf50?s=96&d=identicon&r=g","caption":"Tomas Jarvid"},"description":"Jag bor i Ulricehamn i V\u00e4sterg\u00f6tland och \u00e4r f\u00f6rsamlingspr\u00e4st i Svenska Kyrkan f\u00f6r Dalstorps f\u00f6rsamling i Kinds pastorat. P\u00e5 den h\u00e4r bloggen skriver jag ner tankar om vandringen som kristen.","sameAs":["http:\/\/www.vandravagen.se"],"url":"https:\/\/blogg.svenskakyrkan.se\/vandravagen\/author\/vandravagen\/"}]}},"author_meta":{"ID":"392","user_nicename":"vandravagen","user_url":"http:\/\/www.vandravagen.se","user_registered":"2014-05-19 05:44:52","display_name":"Tomas Jarvid","first_name":"Tomas","last_name":"Jarvid","avatar":"https:\/\/secure.gravatar.com\/avatar\/7fa71899795e8f540f615a1f5ab25255dc27aa40f05ee7ddd21aac521e01bf50?s=96&d=identicon&r=g"},"featured_image":false,"bloginfo":{"name":"Vandra V\u00e4gen","url":"https:\/\/blogg.svenskakyrkan.se\/vandravagen"},"_links":{"self":[{"href":"https:\/\/blogg.svenskakyrkan.se\/vandravagen\/wp-json\/wp\/v2\/posts\/283","targetHints":{"allow":["GET"]}}],"collection":[{"href":"https:\/\/blogg.svenskakyrkan.se\/vandravagen\/wp-json\/wp\/v2\/posts"}],"about":[{"href":"https:\/\/blogg.svenskakyrkan.se\/vandravagen\/wp-json\/wp\/v2\/types\/post"}],"author":[{"embeddable":true,"href":"https:\/\/blogg.svenskakyrkan.se\/vandravagen\/wp-json\/wp\/v2\/users\/392"}],"replies":[{"embeddable":true,"href":"https:\/\/blogg.svenskakyrkan.se\/vandravagen\/wp-json\/wp\/v2\/comments?post=283"}],"version-history":[{"count":0,"href":"https:\/\/blogg.svenskakyrkan.se\/vandravagen\/wp-json\/wp\/v2\/posts\/283\/revisions"}],"wp:attachment":[{"href":"https:\/\/blogg.svenskakyrkan.se\/vandravagen\/wp-json\/wp\/v2\/media?parent=283"}],"wp:term":[{"taxonomy":"category","embeddable":true,"href":"https:\/\/blogg.svenskakyrkan.se\/vandravagen\/wp-json\/wp\/v2\/categories?post=283"},{"taxonomy":"post_tag","embeddable":true,"href":"https:\/\/blogg.svenskakyrkan.se\/vandravagen\/wp-json\/wp\/v2\/tags?post=283"}],"curies":[{"name":"wp","href":"https:\/\/api.w.org\/{rel}","templated":true}]}}