{"id":2849,"date":"2015-03-22T07:00:51","date_gmt":"2015-03-22T06:00:51","guid":{"rendered":"http:\/\/blogg.svenskakyrkan.se\/vandravagen\/?p=2849"},"modified":"2015-03-21T21:47:36","modified_gmt":"2015-03-21T20:47:36","slug":"9-blandade-tankar-pa-sondagen-24","status":"publish","type":"post","link":"https:\/\/blogg.svenskakyrkan.se\/vandravagen\/2015\/03\/22\/9-blandade-tankar-pa-sondagen-24\/","title":{"rendered":"9 blandade tankar p\u00e5 s\u00f6ndagen"},"content":{"rendered":"<div id=\"attachment_2850\" style=\"width: 448px\" class=\"wp-caption aligncenter\"><a href=\"http:\/\/blogg.svenskakyrkan.se\/vandravagen\/files\/2015\/03\/IMG_5767.jpg\"><img loading=\"lazy\" decoding=\"async\" aria-describedby=\"caption-attachment-2850\" class=\"size-full wp-image-2850\" src=\"http:\/\/blogg.svenskakyrkan.se\/vandravagen\/files\/2015\/03\/IMG_5767.jpg\" alt=\"Inte s\u00e5 kul n\u00e4r storken kommer. V\u00e4ldigt blandad bild.\" width=\"438\" height=\"698\" srcset=\"https:\/\/blogg.svenskakyrkan.se\/vandravagen\/files\/2015\/03\/IMG_5767.jpg 438w, https:\/\/blogg.svenskakyrkan.se\/vandravagen\/files\/2015\/03\/IMG_5767-300x478.jpg 300w, https:\/\/blogg.svenskakyrkan.se\/vandravagen\/files\/2015\/03\/IMG_5767-188x300.jpg 188w\" sizes=\"auto, (max-width: 438px) 100vw, 438px\" \/><\/a><p id=\"caption-attachment-2850\" class=\"wp-caption-text\">Inte s\u00e5 kul n\u00e4r storken kommer. V\u00e4ldigt blandad bild.<\/p><\/div>\n<p>Idag \u00e4r det jungfru Marie beb\u00e5delsedag. Jag ska predika och leda gudstj\u00e4nst i b\u00e5de Sk\u00e4lvum och Ledsj\u00f6. P\u00e5 ena st\u00e4llet blir det m\u00e4ssa, p\u00e5 det andra v\u00e5fflor. Inte illa n\u00e5gotdera.<\/p>\n<p>BIlden ovan kan v\u00e4l kanske vara en slags illustration av dagens tema. Det \u00e4r med b\u00e5de ett barn och en stork s\u00e5 det kan f\u00f6ra tankarna till att f\u00e5 barn. Fast i evangeliet ska det ju vara Guds Ande s\u00e5 en duva hade passat b\u00e4ttre?<\/p>\n<p>Jag har skrivit en massa p\u00e5 bloggen tidigare om den h\u00e4r dagen, <a href=\"http:\/\/blogg.svenskakyrkan.se\/vandravagen\/2014\/03\/24\/du-och-jag-och-jungfru-maria\/\">till exempel h\u00e4r om dagens ikon<\/a>. Det f\u00e5r r\u00e4cka som utl\u00e4ggning f\u00f6r idag. Det kanske kommer upp lite fr\u00e5n predikan i morgon ist\u00e4llet.<\/p>\n<p>Jag ska i alla fall f\u00f6rs\u00f6ka vara ovanligt kreativ och tvinga upp lite folk till spontandrama i predikan. S\u00e4llan jag g\u00f6r s\u00e5nt.<\/p>\n<p>Nu har jag f\u00f6rresten l\u00e4st ut <a href=\"http:\/\/blogg.svenskakyrkan.se\/vandravagen\/2012\/12\/21\/tomasdagen-idag-hurra-for-tomas\/\">en bok jag n\u00e4mnde 21 dec 2012 att jag t\u00e4nkte l\u00e4sa<\/a>. Det tar inte alltid s\u00e5 l\u00e5ng tid&#8230; Den handlar om &#8221;Tomaskristna&#8221;. Ledordet f\u00f6r s\u00e5na \u00e4r tydligen \u00e4rlighet inf\u00f6r sig sj\u00e4lv och andra med sin tro. Det \u00e4r bra med \u00e4rlighet tycker jag.<\/p>\n<p>Ig\u00e5r pratade jag med folk som inte k\u00e4nde till Jesu liknelser. Jag blir alltid lika f\u00f6rv\u00e5nad av s\u00e5nt. Det antyder att jag alltid f\u00f6ruts\u00e4tter alldeles f\u00f6r mycket f\u00f6rkunskaper n\u00e4r jag talar och skriver. Hmm&#8230;.<\/p>\n<p>Det d\u00e4r \u00e4r s\u00e5 sv\u00e5rt att veta. Och folk brukar s\u00e4llan vilja visa f\u00f6r pr\u00e4sten om de inte f\u00f6rst\u00e5r. Eller f\u00f6r n\u00e5gon annan heller f\u00f6r den delen.<\/p>\n<p>En annan grej som \u00e4r sv\u00e5r att f\u00f6rst\u00e5 \u00e4r att inte alla m\u00e4nniskor tycker teologi och kristen tro \u00e4r totalt f\u00e4ngslande j\u00e4tteintressant. Jag har f\u00e5tt f\u00f6r mig att inte alla g\u00f6r det va? Skumt.<\/p>\n<p>Och s\u00e5 har det varit rockasockdagarna f\u00f6r att uppm\u00e4rksamma barn med downs syndrom. Det tycker jag \u00e4r bra. Hoppas det inte bara \u00e4r en tom gest utan att m\u00e5nga t\u00e4nker till om hur vi v\u00e4rderar m\u00e4nniskor i v\u00e5rt samh\u00e4lle.<\/p>\n<p>Vad g\u00f6r du idag?<\/p>\n","protected":false},"excerpt":{"rendered":"<p>Idag \u00e4r det jungfru Marie beb\u00e5delsedag. Jag ska predika och leda gudstj\u00e4nst i b\u00e5de Sk\u00e4lvum och Ledsj\u00f6. P\u00e5 ena st\u00e4llet blir det m\u00e4ssa, p\u00e5 det andra v\u00e5fflor. Inte illa n\u00e5gotdera. BIlden ovan kan v\u00e4l kanske vara en slags illustration av dagens tema. Det \u00e4r med b\u00e5de ett barn och en stork s\u00e5 det kan f\u00f6ra [&hellip;]<\/p>\n","protected":false},"author":392,"featured_media":0,"comment_status":"open","ping_status":"open","sticky":false,"template":"","format":"standard","meta":{"_acf_changed":false,"footnotes":""},"categories":[76766,76189],"tags":[],"class_list":["post-2849","post","type-post","status-publish","format-standard","hentry","category-blandat","category-dagens-kyrka"],"acf":[],"yoast_head":"<!-- This site is optimized with the Yoast SEO plugin v27.1.1 - https:\/\/yoast.com\/product\/yoast-seo-wordpress\/ -->\n<title>9 blandade tankar p\u00e5 s\u00f6ndagen - Vandra V\u00e4gen<\/title>\n<meta name=\"robots\" content=\"index, follow, max-snippet:-1, max-image-preview:large, max-video-preview:-1\" \/>\n<link rel=\"canonical\" href=\"https:\/\/blogg.svenskakyrkan.se\/vandravagen\/2015\/03\/22\/9-blandade-tankar-pa-sondagen-24\/\" \/>\n<meta property=\"og:locale\" content=\"sv_SE\" \/>\n<meta property=\"og:type\" content=\"article\" \/>\n<meta property=\"og:title\" content=\"9 blandade tankar p\u00e5 s\u00f6ndagen - Vandra V\u00e4gen\" \/>\n<meta property=\"og:description\" content=\"Idag \u00e4r det jungfru Marie beb\u00e5delsedag. Jag ska predika och leda gudstj\u00e4nst i b\u00e5de Sk\u00e4lvum och Ledsj\u00f6. P\u00e5 ena st\u00e4llet blir det m\u00e4ssa, p\u00e5 det andra v\u00e5fflor. Inte illa n\u00e5gotdera. BIlden ovan kan v\u00e4l kanske vara en slags illustration av dagens tema. Det \u00e4r med b\u00e5de ett barn och en stork s\u00e5 det kan f\u00f6ra [&hellip;]\" \/>\n<meta property=\"og:url\" content=\"https:\/\/blogg.svenskakyrkan.se\/vandravagen\/2015\/03\/22\/9-blandade-tankar-pa-sondagen-24\/\" \/>\n<meta property=\"og:site_name\" content=\"Vandra V\u00e4gen\" \/>\n<meta property=\"article:publisher\" content=\"http:\/\/facebook.com\/vandravagen\" \/>\n<meta property=\"article:published_time\" content=\"2015-03-22T06:00:51+00:00\" \/>\n<meta property=\"og:image\" content=\"http:\/\/blogg.svenskakyrkan.se\/vandravagen\/files\/2015\/03\/IMG_5767.jpg\" \/>\n<meta name=\"author\" content=\"Tomas Jarvid\" \/>\n<meta name=\"twitter:card\" content=\"summary_large_image\" \/>\n<meta name=\"twitter:creator\" content=\"@fadertomas\" \/>\n<meta name=\"twitter:site\" content=\"@fadertomas\" \/>\n<meta name=\"twitter:label1\" content=\"Skriven av\" \/>\n\t<meta name=\"twitter:data1\" content=\"Tomas Jarvid\" \/>\n\t<meta name=\"twitter:label2\" content=\"Ber\u00e4knad l\u00e4stid\" \/>\n\t<meta name=\"twitter:data2\" content=\"2 minuter\" \/>\n<script type=\"application\/ld+json\" class=\"yoast-schema-graph\">{\"@context\":\"https:\/\/schema.org\",\"@graph\":[{\"@type\":\"Article\",\"@id\":\"https:\/\/blogg.svenskakyrkan.se\/vandravagen\/2015\/03\/22\/9-blandade-tankar-pa-sondagen-24\/#article\",\"isPartOf\":{\"@id\":\"https:\/\/blogg.svenskakyrkan.se\/vandravagen\/2015\/03\/22\/9-blandade-tankar-pa-sondagen-24\/\"},\"author\":{\"name\":\"Tomas Jarvid\",\"@id\":\"https:\/\/blogg.svenskakyrkan.se\/vandravagen\/#\/schema\/person\/25da02d4f76b137d04291711e2c9fc16\"},\"headline\":\"9 blandade tankar p\u00e5 s\u00f6ndagen\",\"datePublished\":\"2015-03-22T06:00:51+00:00\",\"mainEntityOfPage\":{\"@id\":\"https:\/\/blogg.svenskakyrkan.se\/vandravagen\/2015\/03\/22\/9-blandade-tankar-pa-sondagen-24\/\"},\"wordCount\":412,\"commentCount\":16,\"publisher\":{\"@id\":\"https:\/\/blogg.svenskakyrkan.se\/vandravagen\/#organization\"},\"image\":{\"@id\":\"https:\/\/blogg.svenskakyrkan.se\/vandravagen\/2015\/03\/22\/9-blandade-tankar-pa-sondagen-24\/#primaryimage\"},\"thumbnailUrl\":\"http:\/\/blogg.svenskakyrkan.se\/vandravagen\/files\/2015\/03\/IMG_5767.jpg\",\"articleSection\":[\"blandat\",\"Dagens Kyrka\"],\"inLanguage\":\"sv-SE\",\"potentialAction\":[{\"@type\":\"CommentAction\",\"name\":\"Comment\",\"target\":[\"https:\/\/blogg.svenskakyrkan.se\/vandravagen\/2015\/03\/22\/9-blandade-tankar-pa-sondagen-24\/#respond\"]}]},{\"@type\":\"WebPage\",\"@id\":\"https:\/\/blogg.svenskakyrkan.se\/vandravagen\/2015\/03\/22\/9-blandade-tankar-pa-sondagen-24\/\",\"url\":\"https:\/\/blogg.svenskakyrkan.se\/vandravagen\/2015\/03\/22\/9-blandade-tankar-pa-sondagen-24\/\",\"name\":\"9 blandade tankar p\u00e5 s\u00f6ndagen - Vandra V\u00e4gen\",\"isPartOf\":{\"@id\":\"https:\/\/blogg.svenskakyrkan.se\/vandravagen\/#website\"},\"primaryImageOfPage\":{\"@id\":\"https:\/\/blogg.svenskakyrkan.se\/vandravagen\/2015\/03\/22\/9-blandade-tankar-pa-sondagen-24\/#primaryimage\"},\"image\":{\"@id\":\"https:\/\/blogg.svenskakyrkan.se\/vandravagen\/2015\/03\/22\/9-blandade-tankar-pa-sondagen-24\/#primaryimage\"},\"thumbnailUrl\":\"http:\/\/blogg.svenskakyrkan.se\/vandravagen\/files\/2015\/03\/IMG_5767.jpg\",\"datePublished\":\"2015-03-22T06:00:51+00:00\",\"breadcrumb\":{\"@id\":\"https:\/\/blogg.svenskakyrkan.se\/vandravagen\/2015\/03\/22\/9-blandade-tankar-pa-sondagen-24\/#breadcrumb\"},\"inLanguage\":\"sv-SE\",\"potentialAction\":[{\"@type\":\"ReadAction\",\"target\":[\"https:\/\/blogg.svenskakyrkan.se\/vandravagen\/2015\/03\/22\/9-blandade-tankar-pa-sondagen-24\/\"]}]},{\"@type\":\"ImageObject\",\"inLanguage\":\"sv-SE\",\"@id\":\"https:\/\/blogg.svenskakyrkan.se\/vandravagen\/2015\/03\/22\/9-blandade-tankar-pa-sondagen-24\/#primaryimage\",\"url\":\"http:\/\/blogg.svenskakyrkan.se\/vandravagen\/files\/2015\/03\/IMG_5767.jpg\",\"contentUrl\":\"http:\/\/blogg.svenskakyrkan.se\/vandravagen\/files\/2015\/03\/IMG_5767.jpg\"},{\"@type\":\"BreadcrumbList\",\"@id\":\"https:\/\/blogg.svenskakyrkan.se\/vandravagen\/2015\/03\/22\/9-blandade-tankar-pa-sondagen-24\/#breadcrumb\",\"itemListElement\":[{\"@type\":\"ListItem\",\"position\":1,\"name\":\"Hem\",\"item\":\"https:\/\/blogg.svenskakyrkan.se\/vandravagen\/\"},{\"@type\":\"ListItem\",\"position\":2,\"name\":\"9 blandade tankar p\u00e5 s\u00f6ndagen\"}]},{\"@type\":\"WebSite\",\"@id\":\"https:\/\/blogg.svenskakyrkan.se\/vandravagen\/#website\",\"url\":\"https:\/\/blogg.svenskakyrkan.se\/vandravagen\/\",\"name\":\"Vandra V\u00e4gen\",\"description\":\"-Mot en tro f\u00f6r hela livet\",\"publisher\":{\"@id\":\"https:\/\/blogg.svenskakyrkan.se\/vandravagen\/#organization\"},\"potentialAction\":[{\"@type\":\"SearchAction\",\"target\":{\"@type\":\"EntryPoint\",\"urlTemplate\":\"https:\/\/blogg.svenskakyrkan.se\/vandravagen\/?s={search_term_string}\"},\"query-input\":{\"@type\":\"PropertyValueSpecification\",\"valueRequired\":true,\"valueName\":\"search_term_string\"}}],\"inLanguage\":\"sv-SE\"},{\"@type\":\"Organization\",\"@id\":\"https:\/\/blogg.svenskakyrkan.se\/vandravagen\/#organization\",\"name\":\"ulricehamns pastorat\",\"alternateName\":\"ulricehamns pastorat\",\"url\":\"https:\/\/blogg.svenskakyrkan.se\/vandravagen\/\",\"logo\":{\"@type\":\"ImageObject\",\"inLanguage\":\"sv-SE\",\"@id\":\"https:\/\/blogg.svenskakyrkan.se\/vandravagen\/#\/schema\/logo\/image\/\",\"url\":\"https:\/\/blogg.svenskakyrkan.se\/vandravagen\/files\/2023\/05\/Ulr_logo_RGB.png\",\"contentUrl\":\"https:\/\/blogg.svenskakyrkan.se\/vandravagen\/files\/2023\/05\/Ulr_logo_RGB.png\",\"width\":205,\"height\":77,\"caption\":\"ulricehamns pastorat\"},\"image\":{\"@id\":\"https:\/\/blogg.svenskakyrkan.se\/vandravagen\/#\/schema\/logo\/image\/\"},\"sameAs\":[\"http:\/\/facebook.com\/vandravagen\",\"https:\/\/x.com\/fadertomas\",\"http:\/\/www.facebook.com\/svenskakyrkaniulricehamn\"]},{\"@type\":\"Person\",\"@id\":\"https:\/\/blogg.svenskakyrkan.se\/vandravagen\/#\/schema\/person\/25da02d4f76b137d04291711e2c9fc16\",\"name\":\"Tomas Jarvid\",\"image\":{\"@type\":\"ImageObject\",\"inLanguage\":\"sv-SE\",\"@id\":\"https:\/\/blogg.svenskakyrkan.se\/vandravagen\/#\/schema\/person\/image\/\",\"url\":\"https:\/\/secure.gravatar.com\/avatar\/7fa71899795e8f540f615a1f5ab25255dc27aa40f05ee7ddd21aac521e01bf50?s=96&d=identicon&r=g\",\"contentUrl\":\"https:\/\/secure.gravatar.com\/avatar\/7fa71899795e8f540f615a1f5ab25255dc27aa40f05ee7ddd21aac521e01bf50?s=96&d=identicon&r=g\",\"caption\":\"Tomas Jarvid\"},\"description\":\"Jag bor i Ulricehamn i V\u00e4sterg\u00f6tland och \u00e4r f\u00f6rsamlingspr\u00e4st i Svenska Kyrkan f\u00f6r Dalstorps f\u00f6rsamling i Kinds pastorat. P\u00e5 den h\u00e4r bloggen skriver jag ner tankar om vandringen som kristen.\",\"sameAs\":[\"http:\/\/www.vandravagen.se\"],\"url\":\"https:\/\/blogg.svenskakyrkan.se\/vandravagen\/author\/vandravagen\/\"}]}<\/script>\n<!-- \/ Yoast SEO plugin. -->","yoast_head_json":{"title":"9 blandade tankar p\u00e5 s\u00f6ndagen - Vandra V\u00e4gen","robots":{"index":"index","follow":"follow","max-snippet":"max-snippet:-1","max-image-preview":"max-image-preview:large","max-video-preview":"max-video-preview:-1"},"canonical":"https:\/\/blogg.svenskakyrkan.se\/vandravagen\/2015\/03\/22\/9-blandade-tankar-pa-sondagen-24\/","og_locale":"sv_SE","og_type":"article","og_title":"9 blandade tankar p\u00e5 s\u00f6ndagen - Vandra V\u00e4gen","og_description":"Idag \u00e4r det jungfru Marie beb\u00e5delsedag. Jag ska predika och leda gudstj\u00e4nst i b\u00e5de Sk\u00e4lvum och Ledsj\u00f6. P\u00e5 ena st\u00e4llet blir det m\u00e4ssa, p\u00e5 det andra v\u00e5fflor. Inte illa n\u00e5gotdera. BIlden ovan kan v\u00e4l kanske vara en slags illustration av dagens tema. Det \u00e4r med b\u00e5de ett barn och en stork s\u00e5 det kan f\u00f6ra [&hellip;]","og_url":"https:\/\/blogg.svenskakyrkan.se\/vandravagen\/2015\/03\/22\/9-blandade-tankar-pa-sondagen-24\/","og_site_name":"Vandra V\u00e4gen","article_publisher":"http:\/\/facebook.com\/vandravagen","article_published_time":"2015-03-22T06:00:51+00:00","og_image":[{"url":"http:\/\/blogg.svenskakyrkan.se\/vandravagen\/files\/2015\/03\/IMG_5767.jpg","type":"","width":"","height":""}],"author":"Tomas Jarvid","twitter_card":"summary_large_image","twitter_creator":"@fadertomas","twitter_site":"@fadertomas","twitter_misc":{"Skriven av":"Tomas Jarvid","Ber\u00e4knad l\u00e4stid":"2 minuter"},"schema":{"@context":"https:\/\/schema.org","@graph":[{"@type":"Article","@id":"https:\/\/blogg.svenskakyrkan.se\/vandravagen\/2015\/03\/22\/9-blandade-tankar-pa-sondagen-24\/#article","isPartOf":{"@id":"https:\/\/blogg.svenskakyrkan.se\/vandravagen\/2015\/03\/22\/9-blandade-tankar-pa-sondagen-24\/"},"author":{"name":"Tomas Jarvid","@id":"https:\/\/blogg.svenskakyrkan.se\/vandravagen\/#\/schema\/person\/25da02d4f76b137d04291711e2c9fc16"},"headline":"9 blandade tankar p\u00e5 s\u00f6ndagen","datePublished":"2015-03-22T06:00:51+00:00","mainEntityOfPage":{"@id":"https:\/\/blogg.svenskakyrkan.se\/vandravagen\/2015\/03\/22\/9-blandade-tankar-pa-sondagen-24\/"},"wordCount":412,"commentCount":16,"publisher":{"@id":"https:\/\/blogg.svenskakyrkan.se\/vandravagen\/#organization"},"image":{"@id":"https:\/\/blogg.svenskakyrkan.se\/vandravagen\/2015\/03\/22\/9-blandade-tankar-pa-sondagen-24\/#primaryimage"},"thumbnailUrl":"http:\/\/blogg.svenskakyrkan.se\/vandravagen\/files\/2015\/03\/IMG_5767.jpg","articleSection":["blandat","Dagens Kyrka"],"inLanguage":"sv-SE","potentialAction":[{"@type":"CommentAction","name":"Comment","target":["https:\/\/blogg.svenskakyrkan.se\/vandravagen\/2015\/03\/22\/9-blandade-tankar-pa-sondagen-24\/#respond"]}]},{"@type":"WebPage","@id":"https:\/\/blogg.svenskakyrkan.se\/vandravagen\/2015\/03\/22\/9-blandade-tankar-pa-sondagen-24\/","url":"https:\/\/blogg.svenskakyrkan.se\/vandravagen\/2015\/03\/22\/9-blandade-tankar-pa-sondagen-24\/","name":"9 blandade tankar p\u00e5 s\u00f6ndagen - Vandra V\u00e4gen","isPartOf":{"@id":"https:\/\/blogg.svenskakyrkan.se\/vandravagen\/#website"},"primaryImageOfPage":{"@id":"https:\/\/blogg.svenskakyrkan.se\/vandravagen\/2015\/03\/22\/9-blandade-tankar-pa-sondagen-24\/#primaryimage"},"image":{"@id":"https:\/\/blogg.svenskakyrkan.se\/vandravagen\/2015\/03\/22\/9-blandade-tankar-pa-sondagen-24\/#primaryimage"},"thumbnailUrl":"http:\/\/blogg.svenskakyrkan.se\/vandravagen\/files\/2015\/03\/IMG_5767.jpg","datePublished":"2015-03-22T06:00:51+00:00","breadcrumb":{"@id":"https:\/\/blogg.svenskakyrkan.se\/vandravagen\/2015\/03\/22\/9-blandade-tankar-pa-sondagen-24\/#breadcrumb"},"inLanguage":"sv-SE","potentialAction":[{"@type":"ReadAction","target":["https:\/\/blogg.svenskakyrkan.se\/vandravagen\/2015\/03\/22\/9-blandade-tankar-pa-sondagen-24\/"]}]},{"@type":"ImageObject","inLanguage":"sv-SE","@id":"https:\/\/blogg.svenskakyrkan.se\/vandravagen\/2015\/03\/22\/9-blandade-tankar-pa-sondagen-24\/#primaryimage","url":"http:\/\/blogg.svenskakyrkan.se\/vandravagen\/files\/2015\/03\/IMG_5767.jpg","contentUrl":"http:\/\/blogg.svenskakyrkan.se\/vandravagen\/files\/2015\/03\/IMG_5767.jpg"},{"@type":"BreadcrumbList","@id":"https:\/\/blogg.svenskakyrkan.se\/vandravagen\/2015\/03\/22\/9-blandade-tankar-pa-sondagen-24\/#breadcrumb","itemListElement":[{"@type":"ListItem","position":1,"name":"Hem","item":"https:\/\/blogg.svenskakyrkan.se\/vandravagen\/"},{"@type":"ListItem","position":2,"name":"9 blandade tankar p\u00e5 s\u00f6ndagen"}]},{"@type":"WebSite","@id":"https:\/\/blogg.svenskakyrkan.se\/vandravagen\/#website","url":"https:\/\/blogg.svenskakyrkan.se\/vandravagen\/","name":"Vandra V\u00e4gen","description":"-Mot en tro f\u00f6r hela livet","publisher":{"@id":"https:\/\/blogg.svenskakyrkan.se\/vandravagen\/#organization"},"potentialAction":[{"@type":"SearchAction","target":{"@type":"EntryPoint","urlTemplate":"https:\/\/blogg.svenskakyrkan.se\/vandravagen\/?s={search_term_string}"},"query-input":{"@type":"PropertyValueSpecification","valueRequired":true,"valueName":"search_term_string"}}],"inLanguage":"sv-SE"},{"@type":"Organization","@id":"https:\/\/blogg.svenskakyrkan.se\/vandravagen\/#organization","name":"ulricehamns pastorat","alternateName":"ulricehamns pastorat","url":"https:\/\/blogg.svenskakyrkan.se\/vandravagen\/","logo":{"@type":"ImageObject","inLanguage":"sv-SE","@id":"https:\/\/blogg.svenskakyrkan.se\/vandravagen\/#\/schema\/logo\/image\/","url":"https:\/\/blogg.svenskakyrkan.se\/vandravagen\/files\/2023\/05\/Ulr_logo_RGB.png","contentUrl":"https:\/\/blogg.svenskakyrkan.se\/vandravagen\/files\/2023\/05\/Ulr_logo_RGB.png","width":205,"height":77,"caption":"ulricehamns pastorat"},"image":{"@id":"https:\/\/blogg.svenskakyrkan.se\/vandravagen\/#\/schema\/logo\/image\/"},"sameAs":["http:\/\/facebook.com\/vandravagen","https:\/\/x.com\/fadertomas","http:\/\/www.facebook.com\/svenskakyrkaniulricehamn"]},{"@type":"Person","@id":"https:\/\/blogg.svenskakyrkan.se\/vandravagen\/#\/schema\/person\/25da02d4f76b137d04291711e2c9fc16","name":"Tomas Jarvid","image":{"@type":"ImageObject","inLanguage":"sv-SE","@id":"https:\/\/blogg.svenskakyrkan.se\/vandravagen\/#\/schema\/person\/image\/","url":"https:\/\/secure.gravatar.com\/avatar\/7fa71899795e8f540f615a1f5ab25255dc27aa40f05ee7ddd21aac521e01bf50?s=96&d=identicon&r=g","contentUrl":"https:\/\/secure.gravatar.com\/avatar\/7fa71899795e8f540f615a1f5ab25255dc27aa40f05ee7ddd21aac521e01bf50?s=96&d=identicon&r=g","caption":"Tomas Jarvid"},"description":"Jag bor i Ulricehamn i V\u00e4sterg\u00f6tland och \u00e4r f\u00f6rsamlingspr\u00e4st i Svenska Kyrkan f\u00f6r Dalstorps f\u00f6rsamling i Kinds pastorat. P\u00e5 den h\u00e4r bloggen skriver jag ner tankar om vandringen som kristen.","sameAs":["http:\/\/www.vandravagen.se"],"url":"https:\/\/blogg.svenskakyrkan.se\/vandravagen\/author\/vandravagen\/"}]}},"author_meta":{"ID":"392","user_nicename":"vandravagen","user_url":"http:\/\/www.vandravagen.se","user_registered":"2014-05-19 05:44:52","display_name":"Tomas Jarvid","first_name":"Tomas","last_name":"Jarvid","avatar":"https:\/\/secure.gravatar.com\/avatar\/7fa71899795e8f540f615a1f5ab25255dc27aa40f05ee7ddd21aac521e01bf50?s=96&d=identicon&r=g"},"featured_image":false,"bloginfo":{"name":"Vandra V\u00e4gen","url":"https:\/\/blogg.svenskakyrkan.se\/vandravagen"},"_links":{"self":[{"href":"https:\/\/blogg.svenskakyrkan.se\/vandravagen\/wp-json\/wp\/v2\/posts\/2849","targetHints":{"allow":["GET"]}}],"collection":[{"href":"https:\/\/blogg.svenskakyrkan.se\/vandravagen\/wp-json\/wp\/v2\/posts"}],"about":[{"href":"https:\/\/blogg.svenskakyrkan.se\/vandravagen\/wp-json\/wp\/v2\/types\/post"}],"author":[{"embeddable":true,"href":"https:\/\/blogg.svenskakyrkan.se\/vandravagen\/wp-json\/wp\/v2\/users\/392"}],"replies":[{"embeddable":true,"href":"https:\/\/blogg.svenskakyrkan.se\/vandravagen\/wp-json\/wp\/v2\/comments?post=2849"}],"version-history":[{"count":1,"href":"https:\/\/blogg.svenskakyrkan.se\/vandravagen\/wp-json\/wp\/v2\/posts\/2849\/revisions"}],"predecessor-version":[{"id":2851,"href":"https:\/\/blogg.svenskakyrkan.se\/vandravagen\/wp-json\/wp\/v2\/posts\/2849\/revisions\/2851"}],"wp:attachment":[{"href":"https:\/\/blogg.svenskakyrkan.se\/vandravagen\/wp-json\/wp\/v2\/media?parent=2849"}],"wp:term":[{"taxonomy":"category","embeddable":true,"href":"https:\/\/blogg.svenskakyrkan.se\/vandravagen\/wp-json\/wp\/v2\/categories?post=2849"},{"taxonomy":"post_tag","embeddable":true,"href":"https:\/\/blogg.svenskakyrkan.se\/vandravagen\/wp-json\/wp\/v2\/tags?post=2849"}],"curies":[{"name":"wp","href":"https:\/\/api.w.org\/{rel}","templated":true}]}}