{"id":2870,"date":"2015-03-28T07:00:12","date_gmt":"2015-03-28T06:00:12","guid":{"rendered":"http:\/\/blogg.svenskakyrkan.se\/vandravagen\/?p=2870"},"modified":"2015-03-26T20:56:27","modified_gmt":"2015-03-26T19:56:27","slug":"gissa-bilden-del-40","status":"publish","type":"post","link":"https:\/\/blogg.svenskakyrkan.se\/vandravagen\/2015\/03\/28\/gissa-bilden-del-40\/","title":{"rendered":"Gissa bilden del 40!"},"content":{"rendered":"<p><a href=\"http:\/\/blogg.svenskakyrkan.se\/vandravagen\/files\/2015\/03\/IMG_5804.jpg\"><img loading=\"lazy\" decoding=\"async\" class=\"aligncenter size-full wp-image-2833\" src=\"http:\/\/blogg.svenskakyrkan.se\/vandravagen\/files\/2015\/03\/IMG_5804.jpg\" alt=\"IMG_5804\" width=\"408\" height=\"371\" srcset=\"https:\/\/blogg.svenskakyrkan.se\/vandravagen\/files\/2015\/03\/IMG_5804.jpg 408w, https:\/\/blogg.svenskakyrkan.se\/vandravagen\/files\/2015\/03\/IMG_5804-300x272.jpg 300w, https:\/\/blogg.svenskakyrkan.se\/vandravagen\/files\/2015\/03\/IMG_5804-329x300.jpg 329w\" sizes=\"auto, (max-width: 408px) 100vw, 408px\" \/><\/a><\/p>\n<p>Sed\u00e4r, d\u00e5 var det dags f\u00f6r bildg\u00e5ta nummer 40. J\u00e4mnt och snyggt. Det har g\u00e5tt ett tag sedan sist men nu har Marcus H gett mig en spark i baken och fr\u00e5gat\u00a0om det inte \u00e4r dags snart. Jo. Nu \u00e4r det dags.<\/p>\n<p>F\u00f6rra bildg\u00e5tan ser ut som ovan. R\u00e4tt svar har kommit fr\u00e5n Simon och \u00e4ven fr\u00e5n Rosa, Torsten och Marcus. Simon fick st\u00e5 f\u00f6rst f\u00f6r de andras svar var visserligen inte fel men de kan st\u00e4mma in p\u00e5 flera h\u00e4ndelser. Det finns fler tillf\u00e4llen d\u00e5 Jesus botar folk p\u00e5 Sabbaten, och det finns en ber\u00e4ttelse under andra omst\u00e4ndigheter d\u00e4r Jesus uppmanar en lam att ta sin b\u00e4dd och g\u00e5 (han som firas ner genom taket du vet).<\/p>\n<p>Snyggt jobbat hur som helst. H\u00e4r \u00e4r bibeltexten som illustreras. Jag fetmarkerar lite viktiga delar och kommenterar \u00e4ven lite i texten:<\/p>\n<blockquote>\n<p>Sedan inf\u00f6ll en av judarnas h\u00f6gtider, och Jesus gick upp till Jerusalem.\u00a0\u00a0<span class=\"selection\">Vid f\u00e5rdammen i Jerusalem finns <strong>ett bad med det hebreiska namnet Betesda<\/strong>. Det har fem pelarg\u00e5ngar,\u00a0\u00a0<\/span>och i dem l\u00e5g en m\u00e4ngd sjuka, blinda, lama och lytta.<\/p>\n<p>&nbsp;<\/p>\n<p>D\u00e4r fanns en man som hade varit sjuk i <strong>trettio\u00e5tta \u00e5r.<\/strong>\u00a0\u00a0D\u00e5 Jesus s\u00e5g honom ligga d\u00e4r och fick veta att han varit sjuk l\u00e4nge fr\u00e5gade han honom: \u201d<strong>Vill du bli frisk<\/strong>?\u201d\u00a0\u00a0Den sjuke svarade: \u201dHerre, jag har ingen som kan hj\u00e4lpa mig ner i bass\u00e4ngen n\u00e4r vattnet b\u00f6rjar svalla. Medan jag f\u00f6rs\u00f6ker ta mig dit hinner n\u00e5gon annan ner f\u00f6re mig.\u201d <em>(min kommentar: de trodde allts\u00e5 att om vattnet b\u00f6rjade svalla s\u00e5 skulle den som f\u00f6rst hann ner i det bli helas)<\/em> \u00a0Jesus sade till honom: \u201d<strong>Stig upp, ta din b\u00e4dd och g\u00e5.<\/strong>\u201d\u00a0\u00a0Genast blev mannen frisk och tog sin b\u00e4dd och gick.<\/p>\n<p>&nbsp;<\/p>\n<p><strong>Men det var sabbat den dagen<\/strong>,\u00a0\u00a0och judarna sade till honom som hade blivit botad: \u201dDet \u00e4r sabbat. Du f\u00e5r inte b\u00e4ra p\u00e5 din b\u00e4dd.\u201d\u00a0\u00a0Han svarade: \u201dDen som gjorde mig frisk sade \u00e5t mig att ta min b\u00e4dd och g\u00e5.\u201d\u00a0\u00a0(Joh 5:1-18)<\/p>\n<p>&nbsp;<\/p>\n<\/blockquote>\n<p>Lite personlig kuriosa om detta \u00e4r att det h\u00e4r var den f\u00f6rsta text jag predikat \u00f6ver offentligt. Det skedde i EFS-kyrkan i Askersund under f\u00f6rsta studie\u00e5ret i teologi. Jag tror det gick bra men jag fick h\u00f6ra efter\u00e5t att man kunde tolka det jag sa framg\u00e5ngsteologiskt s\u00e5 det kanske det inte var \u00e4nd\u00e5.<\/p>\n<p>Hur som helst \u00e4r det v\u00e4ldigt gripande och m\u00e4rkligt att Jesus \u00e4nd\u00e5 fr\u00e5gar mannen om han vill bli frisk. Jesus verkar aldrig tvinga sig p\u00e5. Jag har ruvat p\u00e5 en bloggpost om det i bort\u00e5t tre \u00e5r nu s\u00e5 r\u00e4tt som det \u00e4r kanske den kommer.<\/p>\n<p>S\u00e5d\u00e4r. Nu kommer allts\u00e5 den fyrtionde bildg\u00e5tan!<\/p>\n<p>Vad f\u00f6rest\u00e4ller bilden?<\/p>\n<div id=\"attachment_2871\" style=\"width: 931px\" class=\"wp-caption aligncenter\"><a href=\"http:\/\/blogg.svenskakyrkan.se\/vandravagen\/files\/2015\/03\/IMG_5770.jpg\"><img loading=\"lazy\" decoding=\"async\" aria-describedby=\"caption-attachment-2871\" class=\"size-full wp-image-2871\" src=\"http:\/\/blogg.svenskakyrkan.se\/vandravagen\/files\/2015\/03\/IMG_5770.jpg\" alt=\"Vad f\u00f6rest\u00e4ller bilden?\" width=\"921\" height=\"1024\" srcset=\"https:\/\/blogg.svenskakyrkan.se\/vandravagen\/files\/2015\/03\/IMG_5770.jpg 921w, https:\/\/blogg.svenskakyrkan.se\/vandravagen\/files\/2015\/03\/IMG_5770-300x333.jpg 300w, https:\/\/blogg.svenskakyrkan.se\/vandravagen\/files\/2015\/03\/IMG_5770-269x300.jpg 269w\" sizes=\"auto, (max-width: 921px) 100vw, 921px\" \/><\/a><p id=\"caption-attachment-2871\" class=\"wp-caption-text\">Vad f\u00f6rest\u00e4ller bilden?<\/p><\/div>\n","protected":false},"excerpt":{"rendered":"<p>Sed\u00e4r, d\u00e5 var det dags f\u00f6r bildg\u00e5ta nummer 40. J\u00e4mnt och snyggt. Det har g\u00e5tt ett tag sedan sist men nu har Marcus H gett mig en spark i baken och fr\u00e5gat\u00a0om det inte \u00e4r dags snart. Jo. Nu \u00e4r det dags. F\u00f6rra bildg\u00e5tan ser ut som ovan. R\u00e4tt svar har kommit fr\u00e5n Simon och [&hellip;]<\/p>\n","protected":false},"author":392,"featured_media":0,"comment_status":"open","ping_status":"open","sticky":false,"template":"","format":"standard","meta":{"_acf_changed":false,"footnotes":""},"categories":[79126,76189],"tags":[],"class_list":["post-2870","post","type-post","status-publish","format-standard","hentry","category-bildgatan","category-dagens-kyrka"],"acf":[],"yoast_head":"<!-- This site is optimized with the Yoast SEO plugin v27.1.1 - https:\/\/yoast.com\/product\/yoast-seo-wordpress\/ -->\n<title>Gissa bilden del 40! - Vandra V\u00e4gen<\/title>\n<meta name=\"robots\" content=\"index, follow, max-snippet:-1, max-image-preview:large, max-video-preview:-1\" \/>\n<link rel=\"canonical\" href=\"https:\/\/blogg.svenskakyrkan.se\/vandravagen\/2015\/03\/28\/gissa-bilden-del-40\/\" \/>\n<meta property=\"og:locale\" content=\"sv_SE\" \/>\n<meta property=\"og:type\" content=\"article\" \/>\n<meta property=\"og:title\" content=\"Gissa bilden del 40! - Vandra V\u00e4gen\" \/>\n<meta property=\"og:description\" content=\"Sed\u00e4r, d\u00e5 var det dags f\u00f6r bildg\u00e5ta nummer 40. J\u00e4mnt och snyggt. Det har g\u00e5tt ett tag sedan sist men nu har Marcus H gett mig en spark i baken och fr\u00e5gat\u00a0om det inte \u00e4r dags snart. Jo. Nu \u00e4r det dags. F\u00f6rra bildg\u00e5tan ser ut som ovan. R\u00e4tt svar har kommit fr\u00e5n Simon och [&hellip;]\" \/>\n<meta property=\"og:url\" content=\"https:\/\/blogg.svenskakyrkan.se\/vandravagen\/2015\/03\/28\/gissa-bilden-del-40\/\" \/>\n<meta property=\"og:site_name\" content=\"Vandra V\u00e4gen\" \/>\n<meta property=\"article:publisher\" content=\"http:\/\/facebook.com\/vandravagen\" \/>\n<meta property=\"article:published_time\" content=\"2015-03-28T06:00:12+00:00\" \/>\n<meta property=\"og:image\" content=\"http:\/\/blogg.svenskakyrkan.se\/vandravagen\/files\/2015\/03\/IMG_5804.jpg\" \/>\n<meta name=\"author\" content=\"Tomas Jarvid\" \/>\n<meta name=\"twitter:card\" content=\"summary_large_image\" \/>\n<meta name=\"twitter:creator\" content=\"@fadertomas\" \/>\n<meta name=\"twitter:site\" content=\"@fadertomas\" \/>\n<meta name=\"twitter:label1\" content=\"Skriven av\" \/>\n\t<meta name=\"twitter:data1\" content=\"Tomas Jarvid\" \/>\n\t<meta name=\"twitter:label2\" content=\"Ber\u00e4knad l\u00e4stid\" \/>\n\t<meta name=\"twitter:data2\" content=\"3 minuter\" \/>\n<script type=\"application\/ld+json\" class=\"yoast-schema-graph\">{\"@context\":\"https:\/\/schema.org\",\"@graph\":[{\"@type\":\"Article\",\"@id\":\"https:\/\/blogg.svenskakyrkan.se\/vandravagen\/2015\/03\/28\/gissa-bilden-del-40\/#article\",\"isPartOf\":{\"@id\":\"https:\/\/blogg.svenskakyrkan.se\/vandravagen\/2015\/03\/28\/gissa-bilden-del-40\/\"},\"author\":{\"name\":\"Tomas Jarvid\",\"@id\":\"https:\/\/blogg.svenskakyrkan.se\/vandravagen\/#\/schema\/person\/25da02d4f76b137d04291711e2c9fc16\"},\"headline\":\"Gissa bilden del 40!\",\"datePublished\":\"2015-03-28T06:00:12+00:00\",\"mainEntityOfPage\":{\"@id\":\"https:\/\/blogg.svenskakyrkan.se\/vandravagen\/2015\/03\/28\/gissa-bilden-del-40\/\"},\"wordCount\":518,\"commentCount\":6,\"publisher\":{\"@id\":\"https:\/\/blogg.svenskakyrkan.se\/vandravagen\/#organization\"},\"image\":{\"@id\":\"https:\/\/blogg.svenskakyrkan.se\/vandravagen\/2015\/03\/28\/gissa-bilden-del-40\/#primaryimage\"},\"thumbnailUrl\":\"http:\/\/blogg.svenskakyrkan.se\/vandravagen\/files\/2015\/03\/IMG_5804.jpg\",\"articleSection\":[\"bildg\u00e5tan\",\"Dagens Kyrka\"],\"inLanguage\":\"sv-SE\",\"potentialAction\":[{\"@type\":\"CommentAction\",\"name\":\"Comment\",\"target\":[\"https:\/\/blogg.svenskakyrkan.se\/vandravagen\/2015\/03\/28\/gissa-bilden-del-40\/#respond\"]}]},{\"@type\":\"WebPage\",\"@id\":\"https:\/\/blogg.svenskakyrkan.se\/vandravagen\/2015\/03\/28\/gissa-bilden-del-40\/\",\"url\":\"https:\/\/blogg.svenskakyrkan.se\/vandravagen\/2015\/03\/28\/gissa-bilden-del-40\/\",\"name\":\"Gissa bilden del 40! - Vandra V\u00e4gen\",\"isPartOf\":{\"@id\":\"https:\/\/blogg.svenskakyrkan.se\/vandravagen\/#website\"},\"primaryImageOfPage\":{\"@id\":\"https:\/\/blogg.svenskakyrkan.se\/vandravagen\/2015\/03\/28\/gissa-bilden-del-40\/#primaryimage\"},\"image\":{\"@id\":\"https:\/\/blogg.svenskakyrkan.se\/vandravagen\/2015\/03\/28\/gissa-bilden-del-40\/#primaryimage\"},\"thumbnailUrl\":\"http:\/\/blogg.svenskakyrkan.se\/vandravagen\/files\/2015\/03\/IMG_5804.jpg\",\"datePublished\":\"2015-03-28T06:00:12+00:00\",\"breadcrumb\":{\"@id\":\"https:\/\/blogg.svenskakyrkan.se\/vandravagen\/2015\/03\/28\/gissa-bilden-del-40\/#breadcrumb\"},\"inLanguage\":\"sv-SE\",\"potentialAction\":[{\"@type\":\"ReadAction\",\"target\":[\"https:\/\/blogg.svenskakyrkan.se\/vandravagen\/2015\/03\/28\/gissa-bilden-del-40\/\"]}]},{\"@type\":\"ImageObject\",\"inLanguage\":\"sv-SE\",\"@id\":\"https:\/\/blogg.svenskakyrkan.se\/vandravagen\/2015\/03\/28\/gissa-bilden-del-40\/#primaryimage\",\"url\":\"http:\/\/blogg.svenskakyrkan.se\/vandravagen\/files\/2015\/03\/IMG_5804.jpg\",\"contentUrl\":\"http:\/\/blogg.svenskakyrkan.se\/vandravagen\/files\/2015\/03\/IMG_5804.jpg\"},{\"@type\":\"BreadcrumbList\",\"@id\":\"https:\/\/blogg.svenskakyrkan.se\/vandravagen\/2015\/03\/28\/gissa-bilden-del-40\/#breadcrumb\",\"itemListElement\":[{\"@type\":\"ListItem\",\"position\":1,\"name\":\"Hem\",\"item\":\"https:\/\/blogg.svenskakyrkan.se\/vandravagen\/\"},{\"@type\":\"ListItem\",\"position\":2,\"name\":\"Gissa bilden del 40!\"}]},{\"@type\":\"WebSite\",\"@id\":\"https:\/\/blogg.svenskakyrkan.se\/vandravagen\/#website\",\"url\":\"https:\/\/blogg.svenskakyrkan.se\/vandravagen\/\",\"name\":\"Vandra V\u00e4gen\",\"description\":\"-Mot en tro f\u00f6r hela livet\",\"publisher\":{\"@id\":\"https:\/\/blogg.svenskakyrkan.se\/vandravagen\/#organization\"},\"potentialAction\":[{\"@type\":\"SearchAction\",\"target\":{\"@type\":\"EntryPoint\",\"urlTemplate\":\"https:\/\/blogg.svenskakyrkan.se\/vandravagen\/?s={search_term_string}\"},\"query-input\":{\"@type\":\"PropertyValueSpecification\",\"valueRequired\":true,\"valueName\":\"search_term_string\"}}],\"inLanguage\":\"sv-SE\"},{\"@type\":\"Organization\",\"@id\":\"https:\/\/blogg.svenskakyrkan.se\/vandravagen\/#organization\",\"name\":\"ulricehamns pastorat\",\"alternateName\":\"ulricehamns pastorat\",\"url\":\"https:\/\/blogg.svenskakyrkan.se\/vandravagen\/\",\"logo\":{\"@type\":\"ImageObject\",\"inLanguage\":\"sv-SE\",\"@id\":\"https:\/\/blogg.svenskakyrkan.se\/vandravagen\/#\/schema\/logo\/image\/\",\"url\":\"https:\/\/blogg.svenskakyrkan.se\/vandravagen\/files\/2023\/05\/Ulr_logo_RGB.png\",\"contentUrl\":\"https:\/\/blogg.svenskakyrkan.se\/vandravagen\/files\/2023\/05\/Ulr_logo_RGB.png\",\"width\":205,\"height\":77,\"caption\":\"ulricehamns pastorat\"},\"image\":{\"@id\":\"https:\/\/blogg.svenskakyrkan.se\/vandravagen\/#\/schema\/logo\/image\/\"},\"sameAs\":[\"http:\/\/facebook.com\/vandravagen\",\"https:\/\/x.com\/fadertomas\",\"http:\/\/www.facebook.com\/svenskakyrkaniulricehamn\"]},{\"@type\":\"Person\",\"@id\":\"https:\/\/blogg.svenskakyrkan.se\/vandravagen\/#\/schema\/person\/25da02d4f76b137d04291711e2c9fc16\",\"name\":\"Tomas Jarvid\",\"image\":{\"@type\":\"ImageObject\",\"inLanguage\":\"sv-SE\",\"@id\":\"https:\/\/blogg.svenskakyrkan.se\/vandravagen\/#\/schema\/person\/image\/\",\"url\":\"https:\/\/secure.gravatar.com\/avatar\/7fa71899795e8f540f615a1f5ab25255dc27aa40f05ee7ddd21aac521e01bf50?s=96&d=identicon&r=g\",\"contentUrl\":\"https:\/\/secure.gravatar.com\/avatar\/7fa71899795e8f540f615a1f5ab25255dc27aa40f05ee7ddd21aac521e01bf50?s=96&d=identicon&r=g\",\"caption\":\"Tomas Jarvid\"},\"description\":\"Jag bor i Ulricehamn i V\u00e4sterg\u00f6tland och \u00e4r f\u00f6rsamlingspr\u00e4st i Svenska Kyrkan f\u00f6r Dalstorps f\u00f6rsamling i Kinds pastorat. P\u00e5 den h\u00e4r bloggen skriver jag ner tankar om vandringen som kristen.\",\"sameAs\":[\"http:\/\/www.vandravagen.se\"],\"url\":\"https:\/\/blogg.svenskakyrkan.se\/vandravagen\/author\/vandravagen\/\"}]}<\/script>\n<!-- \/ Yoast SEO plugin. -->","yoast_head_json":{"title":"Gissa bilden del 40! - Vandra V\u00e4gen","robots":{"index":"index","follow":"follow","max-snippet":"max-snippet:-1","max-image-preview":"max-image-preview:large","max-video-preview":"max-video-preview:-1"},"canonical":"https:\/\/blogg.svenskakyrkan.se\/vandravagen\/2015\/03\/28\/gissa-bilden-del-40\/","og_locale":"sv_SE","og_type":"article","og_title":"Gissa bilden del 40! - Vandra V\u00e4gen","og_description":"Sed\u00e4r, d\u00e5 var det dags f\u00f6r bildg\u00e5ta nummer 40. J\u00e4mnt och snyggt. Det har g\u00e5tt ett tag sedan sist men nu har Marcus H gett mig en spark i baken och fr\u00e5gat\u00a0om det inte \u00e4r dags snart. Jo. Nu \u00e4r det dags. F\u00f6rra bildg\u00e5tan ser ut som ovan. R\u00e4tt svar har kommit fr\u00e5n Simon och [&hellip;]","og_url":"https:\/\/blogg.svenskakyrkan.se\/vandravagen\/2015\/03\/28\/gissa-bilden-del-40\/","og_site_name":"Vandra V\u00e4gen","article_publisher":"http:\/\/facebook.com\/vandravagen","article_published_time":"2015-03-28T06:00:12+00:00","og_image":[{"url":"http:\/\/blogg.svenskakyrkan.se\/vandravagen\/files\/2015\/03\/IMG_5804.jpg","type":"","width":"","height":""}],"author":"Tomas Jarvid","twitter_card":"summary_large_image","twitter_creator":"@fadertomas","twitter_site":"@fadertomas","twitter_misc":{"Skriven av":"Tomas Jarvid","Ber\u00e4knad l\u00e4stid":"3 minuter"},"schema":{"@context":"https:\/\/schema.org","@graph":[{"@type":"Article","@id":"https:\/\/blogg.svenskakyrkan.se\/vandravagen\/2015\/03\/28\/gissa-bilden-del-40\/#article","isPartOf":{"@id":"https:\/\/blogg.svenskakyrkan.se\/vandravagen\/2015\/03\/28\/gissa-bilden-del-40\/"},"author":{"name":"Tomas Jarvid","@id":"https:\/\/blogg.svenskakyrkan.se\/vandravagen\/#\/schema\/person\/25da02d4f76b137d04291711e2c9fc16"},"headline":"Gissa bilden del 40!","datePublished":"2015-03-28T06:00:12+00:00","mainEntityOfPage":{"@id":"https:\/\/blogg.svenskakyrkan.se\/vandravagen\/2015\/03\/28\/gissa-bilden-del-40\/"},"wordCount":518,"commentCount":6,"publisher":{"@id":"https:\/\/blogg.svenskakyrkan.se\/vandravagen\/#organization"},"image":{"@id":"https:\/\/blogg.svenskakyrkan.se\/vandravagen\/2015\/03\/28\/gissa-bilden-del-40\/#primaryimage"},"thumbnailUrl":"http:\/\/blogg.svenskakyrkan.se\/vandravagen\/files\/2015\/03\/IMG_5804.jpg","articleSection":["bildg\u00e5tan","Dagens Kyrka"],"inLanguage":"sv-SE","potentialAction":[{"@type":"CommentAction","name":"Comment","target":["https:\/\/blogg.svenskakyrkan.se\/vandravagen\/2015\/03\/28\/gissa-bilden-del-40\/#respond"]}]},{"@type":"WebPage","@id":"https:\/\/blogg.svenskakyrkan.se\/vandravagen\/2015\/03\/28\/gissa-bilden-del-40\/","url":"https:\/\/blogg.svenskakyrkan.se\/vandravagen\/2015\/03\/28\/gissa-bilden-del-40\/","name":"Gissa bilden del 40! - Vandra V\u00e4gen","isPartOf":{"@id":"https:\/\/blogg.svenskakyrkan.se\/vandravagen\/#website"},"primaryImageOfPage":{"@id":"https:\/\/blogg.svenskakyrkan.se\/vandravagen\/2015\/03\/28\/gissa-bilden-del-40\/#primaryimage"},"image":{"@id":"https:\/\/blogg.svenskakyrkan.se\/vandravagen\/2015\/03\/28\/gissa-bilden-del-40\/#primaryimage"},"thumbnailUrl":"http:\/\/blogg.svenskakyrkan.se\/vandravagen\/files\/2015\/03\/IMG_5804.jpg","datePublished":"2015-03-28T06:00:12+00:00","breadcrumb":{"@id":"https:\/\/blogg.svenskakyrkan.se\/vandravagen\/2015\/03\/28\/gissa-bilden-del-40\/#breadcrumb"},"inLanguage":"sv-SE","potentialAction":[{"@type":"ReadAction","target":["https:\/\/blogg.svenskakyrkan.se\/vandravagen\/2015\/03\/28\/gissa-bilden-del-40\/"]}]},{"@type":"ImageObject","inLanguage":"sv-SE","@id":"https:\/\/blogg.svenskakyrkan.se\/vandravagen\/2015\/03\/28\/gissa-bilden-del-40\/#primaryimage","url":"http:\/\/blogg.svenskakyrkan.se\/vandravagen\/files\/2015\/03\/IMG_5804.jpg","contentUrl":"http:\/\/blogg.svenskakyrkan.se\/vandravagen\/files\/2015\/03\/IMG_5804.jpg"},{"@type":"BreadcrumbList","@id":"https:\/\/blogg.svenskakyrkan.se\/vandravagen\/2015\/03\/28\/gissa-bilden-del-40\/#breadcrumb","itemListElement":[{"@type":"ListItem","position":1,"name":"Hem","item":"https:\/\/blogg.svenskakyrkan.se\/vandravagen\/"},{"@type":"ListItem","position":2,"name":"Gissa bilden del 40!"}]},{"@type":"WebSite","@id":"https:\/\/blogg.svenskakyrkan.se\/vandravagen\/#website","url":"https:\/\/blogg.svenskakyrkan.se\/vandravagen\/","name":"Vandra V\u00e4gen","description":"-Mot en tro f\u00f6r hela livet","publisher":{"@id":"https:\/\/blogg.svenskakyrkan.se\/vandravagen\/#organization"},"potentialAction":[{"@type":"SearchAction","target":{"@type":"EntryPoint","urlTemplate":"https:\/\/blogg.svenskakyrkan.se\/vandravagen\/?s={search_term_string}"},"query-input":{"@type":"PropertyValueSpecification","valueRequired":true,"valueName":"search_term_string"}}],"inLanguage":"sv-SE"},{"@type":"Organization","@id":"https:\/\/blogg.svenskakyrkan.se\/vandravagen\/#organization","name":"ulricehamns pastorat","alternateName":"ulricehamns pastorat","url":"https:\/\/blogg.svenskakyrkan.se\/vandravagen\/","logo":{"@type":"ImageObject","inLanguage":"sv-SE","@id":"https:\/\/blogg.svenskakyrkan.se\/vandravagen\/#\/schema\/logo\/image\/","url":"https:\/\/blogg.svenskakyrkan.se\/vandravagen\/files\/2023\/05\/Ulr_logo_RGB.png","contentUrl":"https:\/\/blogg.svenskakyrkan.se\/vandravagen\/files\/2023\/05\/Ulr_logo_RGB.png","width":205,"height":77,"caption":"ulricehamns pastorat"},"image":{"@id":"https:\/\/blogg.svenskakyrkan.se\/vandravagen\/#\/schema\/logo\/image\/"},"sameAs":["http:\/\/facebook.com\/vandravagen","https:\/\/x.com\/fadertomas","http:\/\/www.facebook.com\/svenskakyrkaniulricehamn"]},{"@type":"Person","@id":"https:\/\/blogg.svenskakyrkan.se\/vandravagen\/#\/schema\/person\/25da02d4f76b137d04291711e2c9fc16","name":"Tomas Jarvid","image":{"@type":"ImageObject","inLanguage":"sv-SE","@id":"https:\/\/blogg.svenskakyrkan.se\/vandravagen\/#\/schema\/person\/image\/","url":"https:\/\/secure.gravatar.com\/avatar\/7fa71899795e8f540f615a1f5ab25255dc27aa40f05ee7ddd21aac521e01bf50?s=96&d=identicon&r=g","contentUrl":"https:\/\/secure.gravatar.com\/avatar\/7fa71899795e8f540f615a1f5ab25255dc27aa40f05ee7ddd21aac521e01bf50?s=96&d=identicon&r=g","caption":"Tomas Jarvid"},"description":"Jag bor i Ulricehamn i V\u00e4sterg\u00f6tland och \u00e4r f\u00f6rsamlingspr\u00e4st i Svenska Kyrkan f\u00f6r Dalstorps f\u00f6rsamling i Kinds pastorat. P\u00e5 den h\u00e4r bloggen skriver jag ner tankar om vandringen som kristen.","sameAs":["http:\/\/www.vandravagen.se"],"url":"https:\/\/blogg.svenskakyrkan.se\/vandravagen\/author\/vandravagen\/"}]}},"author_meta":{"ID":"392","user_nicename":"vandravagen","user_url":"http:\/\/www.vandravagen.se","user_registered":"2014-05-19 05:44:52","display_name":"Tomas Jarvid","first_name":"Tomas","last_name":"Jarvid","avatar":"https:\/\/secure.gravatar.com\/avatar\/7fa71899795e8f540f615a1f5ab25255dc27aa40f05ee7ddd21aac521e01bf50?s=96&d=identicon&r=g"},"featured_image":false,"bloginfo":{"name":"Vandra V\u00e4gen","url":"https:\/\/blogg.svenskakyrkan.se\/vandravagen"},"_links":{"self":[{"href":"https:\/\/blogg.svenskakyrkan.se\/vandravagen\/wp-json\/wp\/v2\/posts\/2870","targetHints":{"allow":["GET"]}}],"collection":[{"href":"https:\/\/blogg.svenskakyrkan.se\/vandravagen\/wp-json\/wp\/v2\/posts"}],"about":[{"href":"https:\/\/blogg.svenskakyrkan.se\/vandravagen\/wp-json\/wp\/v2\/types\/post"}],"author":[{"embeddable":true,"href":"https:\/\/blogg.svenskakyrkan.se\/vandravagen\/wp-json\/wp\/v2\/users\/392"}],"replies":[{"embeddable":true,"href":"https:\/\/blogg.svenskakyrkan.se\/vandravagen\/wp-json\/wp\/v2\/comments?post=2870"}],"version-history":[{"count":1,"href":"https:\/\/blogg.svenskakyrkan.se\/vandravagen\/wp-json\/wp\/v2\/posts\/2870\/revisions"}],"predecessor-version":[{"id":2872,"href":"https:\/\/blogg.svenskakyrkan.se\/vandravagen\/wp-json\/wp\/v2\/posts\/2870\/revisions\/2872"}],"wp:attachment":[{"href":"https:\/\/blogg.svenskakyrkan.se\/vandravagen\/wp-json\/wp\/v2\/media?parent=2870"}],"wp:term":[{"taxonomy":"category","embeddable":true,"href":"https:\/\/blogg.svenskakyrkan.se\/vandravagen\/wp-json\/wp\/v2\/categories?post=2870"},{"taxonomy":"post_tag","embeddable":true,"href":"https:\/\/blogg.svenskakyrkan.se\/vandravagen\/wp-json\/wp\/v2\/tags?post=2870"}],"curies":[{"name":"wp","href":"https:\/\/api.w.org\/{rel}","templated":true}]}}