{"id":2876,"date":"2015-04-08T07:00:48","date_gmt":"2015-04-08T05:00:48","guid":{"rendered":"http:\/\/blogg.svenskakyrkan.se\/vandravagen\/?p=2876"},"modified":"2015-04-08T13:28:32","modified_gmt":"2015-04-08T11:28:32","slug":"lagga-till-i-trosbekannelsen","status":"publish","type":"post","link":"https:\/\/blogg.svenskakyrkan.se\/vandravagen\/2015\/04\/08\/lagga-till-i-trosbekannelsen\/","title":{"rendered":"L\u00e4gga till i trosbek\u00e4nnelsen?"},"content":{"rendered":"<div id=\"attachment_2885\" style=\"width: 610px\" class=\"wp-caption aligncenter\"><a href=\"http:\/\/blogg.svenskakyrkan.se\/vandravagen\/files\/2015\/03\/IMG_5819.jpg\"><img loading=\"lazy\" decoding=\"async\" aria-describedby=\"caption-attachment-2885\" class=\"size-full wp-image-2885\" src=\"http:\/\/blogg.svenskakyrkan.se\/vandravagen\/files\/2015\/03\/IMG_5819.jpg\" alt=\"H\u00e4pna kvinnor p\u00e5 sin f\u00f6rsta sexualundervisning. Kanske inte har s\u00e5 mycket med till\u00e4gg i trosbek\u00e4nnelsen att g\u00f6ra men bland teologer v\u00e4cker tanken h\u00e4pnad?\" width=\"600\" height=\"480\" srcset=\"https:\/\/blogg.svenskakyrkan.se\/vandravagen\/files\/2015\/03\/IMG_5819.jpg 600w, https:\/\/blogg.svenskakyrkan.se\/vandravagen\/files\/2015\/03\/IMG_5819-300x240.jpg 300w, https:\/\/blogg.svenskakyrkan.se\/vandravagen\/files\/2015\/03\/IMG_5819-375x300.jpg 375w\" sizes=\"auto, (max-width: 600px) 100vw, 600px\" \/><\/a><p id=\"caption-attachment-2885\" class=\"wp-caption-text\">H\u00e4pna kvinnor p\u00e5 sin f\u00f6rsta sexualundervisning. Kanske inte har s\u00e5 mycket med till\u00e4gg i trosbek\u00e4nnelsen att g\u00f6ra men bland teologer v\u00e4cker kanske tanken h\u00e4pnad?<\/p><\/div>\n<p>Idag blir det lite teologiskt spr\u00e4ngstoff p\u00e5 Vandra V\u00e4gen. Eller kanske inte. Vi f\u00e5r se.<\/p>\n<p>De kristna trosbek\u00e4nnelserna utvecklades i den tidiga kyrkan f\u00f6r att dra upp gr\u00e4nserna mot olika villol\u00e4ror som gjorde anspr\u00e5k p\u00e5 att vara kristna. Det skedde i en tid d\u00e5 kyrkan redan helt dominerades av &#8221;hednakristna&#8221;, det vill s\u00e4ga m\u00e4nniskor som inte var judar innan de blev kristna.<\/p>\n<p>Den kristna f\u00f6rst\u00e5elsen av Jesu judiska r\u00f6tter fick redan tidigt en alltf\u00f6r undanskymd roll i kyrkan vilket man till exempel kan m\u00e4rka p\u00e5 att det inte s\u00e4gs n\u00e5got alls i trosbek\u00e4nnelserna om hur Jesus uppfyller f\u00f6rv\u00e4ntningarna p\u00e5 den Messias man v\u00e4ntat p\u00e5. Den k\u00e4nde teologen <a href=\"http:\/\/postbarthian.com\/2014\/12\/30\/jurgen-moltmanns-proposed-additions-creed\/\">J\u00fcrgen Moltmann har f\u00f6rs\u00f6kt r\u00e5da bot p\u00e5 det<\/a> genom att skissa upp ett m\u00f6jligt till\u00e4gg till trosbek\u00e4nnelserna, som det \u00e4r nu st\u00e5r det ju faktiskt INGET mellan det att Jesus f\u00f6ds och det att han blir pinad under Pontius Pilatus.<\/p>\n<p>S\u00e5 h\u00e4r ser trosbek\u00e4nnelsen ut med Moltmanns till\u00e4gg. Vad tycker du? Skriv en kommentar!<\/p>\n<p>Vi tror p\u00e5 Gud Fader allsm\u00e4ktig,<br \/>\nhimmelens och jordens skapare.<\/p>\n<p>Vi tror ock p\u00e5 Jesus Kristus,<br \/>\nhans enf\u00f6dde Son, v\u00e5r Herre,<br \/>\nvilken \u00e4r avlad av den Helige Ande,<br \/>\nf\u00f6dd av jungfrun Maria,<\/p>\n<p><strong>d\u00f6pt av Johannes d\u00f6paren,<\/strong><\/p>\n<p><strong>uppfylld av den heliga Anden<\/strong><\/p>\n<p><strong>till att f\u00f6rkunna Guds rike till de fattiga,<\/strong><\/p>\n<p><strong>till att hela de sjuka <\/strong><\/p>\n<p><strong>att ta emot de f\u00f6rskjutna, <\/strong><\/p>\n<p><strong>till att uppv\u00e4cka Israel till fr\u00e4lsning f\u00f6r alla folk <\/strong><\/p>\n<p><strong>och att visa n\u00e5d mot alla m\u00e4nniskor,<\/strong><\/p>\n<p>pinad under Pontius Pilatus,<br \/>\nkorsf\u00e4st, d\u00f6d och begraven,<br \/>\nnederstigen till d\u00f6dsriket,<br \/>\np\u00e5 tredje dagen uppst\u00e5nden igen ifr\u00e5n de d\u00f6da,<br \/>\nuppstigen till himmelen,<br \/>\nsittande p\u00e5 allsm\u00e4ktig Gud Faders h\u00f6gra sida,<br \/>\nd\u00e4rifr\u00e5n igenkommande till att d\u00f6ma levande och d\u00f6da.<\/p>\n<p>Vi tror ock p\u00e5 den helige Ande,<br \/>\nen helig, allm\u00e4nnelig kyrka,<br \/>\nde heligas samfund, syndernas f\u00f6rl\u00e5telse,<br \/>\nde d\u00f6das uppst\u00e5ndelse och ett evigt liv.<\/p>\n<p>&nbsp;<\/p>\n","protected":false},"excerpt":{"rendered":"<p>Idag blir det lite teologiskt spr\u00e4ngstoff p\u00e5 Vandra V\u00e4gen. Eller kanske inte. Vi f\u00e5r se. De kristna trosbek\u00e4nnelserna utvecklades i den tidiga kyrkan f\u00f6r att dra upp gr\u00e4nserna mot olika villol\u00e4ror som gjorde anspr\u00e5k p\u00e5 att vara kristna. Det skedde i en tid d\u00e5 kyrkan redan helt dominerades av &#8221;hednakristna&#8221;, det vill s\u00e4ga m\u00e4nniskor som [&hellip;]<\/p>\n","protected":false},"author":392,"featured_media":0,"comment_status":"open","ping_status":"open","sticky":false,"template":"","format":"standard","meta":{"_acf_changed":false,"footnotes":""},"categories":[76189,117],"tags":[],"class_list":["post-2876","post","type-post","status-publish","format-standard","hentry","category-dagens-kyrka","category-teologi"],"acf":[],"yoast_head":"<!-- This site is optimized with the Yoast SEO plugin v27.1.1 - https:\/\/yoast.com\/product\/yoast-seo-wordpress\/ -->\n<title>L\u00e4gga till i trosbek\u00e4nnelsen? - Vandra V\u00e4gen<\/title>\n<meta name=\"robots\" content=\"index, follow, max-snippet:-1, max-image-preview:large, max-video-preview:-1\" \/>\n<link rel=\"canonical\" href=\"https:\/\/blogg.svenskakyrkan.se\/vandravagen\/2015\/04\/08\/lagga-till-i-trosbekannelsen\/\" \/>\n<meta property=\"og:locale\" content=\"sv_SE\" \/>\n<meta property=\"og:type\" content=\"article\" \/>\n<meta property=\"og:title\" content=\"L\u00e4gga till i trosbek\u00e4nnelsen? - Vandra V\u00e4gen\" \/>\n<meta property=\"og:description\" content=\"Idag blir det lite teologiskt spr\u00e4ngstoff p\u00e5 Vandra V\u00e4gen. Eller kanske inte. Vi f\u00e5r se. De kristna trosbek\u00e4nnelserna utvecklades i den tidiga kyrkan f\u00f6r att dra upp gr\u00e4nserna mot olika villol\u00e4ror som gjorde anspr\u00e5k p\u00e5 att vara kristna. Det skedde i en tid d\u00e5 kyrkan redan helt dominerades av &#8221;hednakristna&#8221;, det vill s\u00e4ga m\u00e4nniskor som [&hellip;]\" \/>\n<meta property=\"og:url\" content=\"https:\/\/blogg.svenskakyrkan.se\/vandravagen\/2015\/04\/08\/lagga-till-i-trosbekannelsen\/\" \/>\n<meta property=\"og:site_name\" content=\"Vandra V\u00e4gen\" \/>\n<meta property=\"article:publisher\" content=\"http:\/\/facebook.com\/vandravagen\" \/>\n<meta property=\"article:published_time\" content=\"2015-04-08T05:00:48+00:00\" \/>\n<meta property=\"article:modified_time\" content=\"2015-04-08T11:28:32+00:00\" \/>\n<meta property=\"og:image\" content=\"http:\/\/blogg.svenskakyrkan.se\/vandravagen\/files\/2015\/03\/IMG_5819.jpg\" \/>\n<meta name=\"author\" content=\"Tomas Jarvid\" \/>\n<meta name=\"twitter:card\" content=\"summary_large_image\" \/>\n<meta name=\"twitter:creator\" content=\"@fadertomas\" \/>\n<meta name=\"twitter:site\" content=\"@fadertomas\" \/>\n<meta name=\"twitter:label1\" content=\"Skriven av\" \/>\n\t<meta name=\"twitter:data1\" content=\"Tomas Jarvid\" \/>\n\t<meta name=\"twitter:label2\" content=\"Ber\u00e4knad l\u00e4stid\" \/>\n\t<meta name=\"twitter:data2\" content=\"2 minuter\" \/>\n<script type=\"application\/ld+json\" class=\"yoast-schema-graph\">{\"@context\":\"https:\/\/schema.org\",\"@graph\":[{\"@type\":\"Article\",\"@id\":\"https:\/\/blogg.svenskakyrkan.se\/vandravagen\/2015\/04\/08\/lagga-till-i-trosbekannelsen\/#article\",\"isPartOf\":{\"@id\":\"https:\/\/blogg.svenskakyrkan.se\/vandravagen\/2015\/04\/08\/lagga-till-i-trosbekannelsen\/\"},\"author\":{\"name\":\"Tomas Jarvid\",\"@id\":\"https:\/\/blogg.svenskakyrkan.se\/vandravagen\/#\/schema\/person\/25da02d4f76b137d04291711e2c9fc16\"},\"headline\":\"L\u00e4gga till i trosbek\u00e4nnelsen?\",\"datePublished\":\"2015-04-08T05:00:48+00:00\",\"dateModified\":\"2015-04-08T11:28:32+00:00\",\"mainEntityOfPage\":{\"@id\":\"https:\/\/blogg.svenskakyrkan.se\/vandravagen\/2015\/04\/08\/lagga-till-i-trosbekannelsen\/\"},\"wordCount\":405,\"commentCount\":4,\"publisher\":{\"@id\":\"https:\/\/blogg.svenskakyrkan.se\/vandravagen\/#organization\"},\"image\":{\"@id\":\"https:\/\/blogg.svenskakyrkan.se\/vandravagen\/2015\/04\/08\/lagga-till-i-trosbekannelsen\/#primaryimage\"},\"thumbnailUrl\":\"http:\/\/blogg.svenskakyrkan.se\/vandravagen\/files\/2015\/03\/IMG_5819.jpg\",\"articleSection\":[\"Dagens Kyrka\",\"Teologi\"],\"inLanguage\":\"sv-SE\",\"potentialAction\":[{\"@type\":\"CommentAction\",\"name\":\"Comment\",\"target\":[\"https:\/\/blogg.svenskakyrkan.se\/vandravagen\/2015\/04\/08\/lagga-till-i-trosbekannelsen\/#respond\"]}]},{\"@type\":\"WebPage\",\"@id\":\"https:\/\/blogg.svenskakyrkan.se\/vandravagen\/2015\/04\/08\/lagga-till-i-trosbekannelsen\/\",\"url\":\"https:\/\/blogg.svenskakyrkan.se\/vandravagen\/2015\/04\/08\/lagga-till-i-trosbekannelsen\/\",\"name\":\"L\u00e4gga till i trosbek\u00e4nnelsen? - Vandra V\u00e4gen\",\"isPartOf\":{\"@id\":\"https:\/\/blogg.svenskakyrkan.se\/vandravagen\/#website\"},\"primaryImageOfPage\":{\"@id\":\"https:\/\/blogg.svenskakyrkan.se\/vandravagen\/2015\/04\/08\/lagga-till-i-trosbekannelsen\/#primaryimage\"},\"image\":{\"@id\":\"https:\/\/blogg.svenskakyrkan.se\/vandravagen\/2015\/04\/08\/lagga-till-i-trosbekannelsen\/#primaryimage\"},\"thumbnailUrl\":\"http:\/\/blogg.svenskakyrkan.se\/vandravagen\/files\/2015\/03\/IMG_5819.jpg\",\"datePublished\":\"2015-04-08T05:00:48+00:00\",\"dateModified\":\"2015-04-08T11:28:32+00:00\",\"breadcrumb\":{\"@id\":\"https:\/\/blogg.svenskakyrkan.se\/vandravagen\/2015\/04\/08\/lagga-till-i-trosbekannelsen\/#breadcrumb\"},\"inLanguage\":\"sv-SE\",\"potentialAction\":[{\"@type\":\"ReadAction\",\"target\":[\"https:\/\/blogg.svenskakyrkan.se\/vandravagen\/2015\/04\/08\/lagga-till-i-trosbekannelsen\/\"]}]},{\"@type\":\"ImageObject\",\"inLanguage\":\"sv-SE\",\"@id\":\"https:\/\/blogg.svenskakyrkan.se\/vandravagen\/2015\/04\/08\/lagga-till-i-trosbekannelsen\/#primaryimage\",\"url\":\"http:\/\/blogg.svenskakyrkan.se\/vandravagen\/files\/2015\/03\/IMG_5819.jpg\",\"contentUrl\":\"http:\/\/blogg.svenskakyrkan.se\/vandravagen\/files\/2015\/03\/IMG_5819.jpg\"},{\"@type\":\"BreadcrumbList\",\"@id\":\"https:\/\/blogg.svenskakyrkan.se\/vandravagen\/2015\/04\/08\/lagga-till-i-trosbekannelsen\/#breadcrumb\",\"itemListElement\":[{\"@type\":\"ListItem\",\"position\":1,\"name\":\"Hem\",\"item\":\"https:\/\/blogg.svenskakyrkan.se\/vandravagen\/\"},{\"@type\":\"ListItem\",\"position\":2,\"name\":\"L\u00e4gga till i trosbek\u00e4nnelsen?\"}]},{\"@type\":\"WebSite\",\"@id\":\"https:\/\/blogg.svenskakyrkan.se\/vandravagen\/#website\",\"url\":\"https:\/\/blogg.svenskakyrkan.se\/vandravagen\/\",\"name\":\"Vandra V\u00e4gen\",\"description\":\"-Mot en tro f\u00f6r hela livet\",\"publisher\":{\"@id\":\"https:\/\/blogg.svenskakyrkan.se\/vandravagen\/#organization\"},\"potentialAction\":[{\"@type\":\"SearchAction\",\"target\":{\"@type\":\"EntryPoint\",\"urlTemplate\":\"https:\/\/blogg.svenskakyrkan.se\/vandravagen\/?s={search_term_string}\"},\"query-input\":{\"@type\":\"PropertyValueSpecification\",\"valueRequired\":true,\"valueName\":\"search_term_string\"}}],\"inLanguage\":\"sv-SE\"},{\"@type\":\"Organization\",\"@id\":\"https:\/\/blogg.svenskakyrkan.se\/vandravagen\/#organization\",\"name\":\"ulricehamns pastorat\",\"alternateName\":\"ulricehamns pastorat\",\"url\":\"https:\/\/blogg.svenskakyrkan.se\/vandravagen\/\",\"logo\":{\"@type\":\"ImageObject\",\"inLanguage\":\"sv-SE\",\"@id\":\"https:\/\/blogg.svenskakyrkan.se\/vandravagen\/#\/schema\/logo\/image\/\",\"url\":\"https:\/\/blogg.svenskakyrkan.se\/vandravagen\/files\/2023\/05\/Ulr_logo_RGB.png\",\"contentUrl\":\"https:\/\/blogg.svenskakyrkan.se\/vandravagen\/files\/2023\/05\/Ulr_logo_RGB.png\",\"width\":205,\"height\":77,\"caption\":\"ulricehamns pastorat\"},\"image\":{\"@id\":\"https:\/\/blogg.svenskakyrkan.se\/vandravagen\/#\/schema\/logo\/image\/\"},\"sameAs\":[\"http:\/\/facebook.com\/vandravagen\",\"https:\/\/x.com\/fadertomas\",\"http:\/\/www.facebook.com\/svenskakyrkaniulricehamn\"]},{\"@type\":\"Person\",\"@id\":\"https:\/\/blogg.svenskakyrkan.se\/vandravagen\/#\/schema\/person\/25da02d4f76b137d04291711e2c9fc16\",\"name\":\"Tomas Jarvid\",\"image\":{\"@type\":\"ImageObject\",\"inLanguage\":\"sv-SE\",\"@id\":\"https:\/\/blogg.svenskakyrkan.se\/vandravagen\/#\/schema\/person\/image\/\",\"url\":\"https:\/\/secure.gravatar.com\/avatar\/7fa71899795e8f540f615a1f5ab25255dc27aa40f05ee7ddd21aac521e01bf50?s=96&d=identicon&r=g\",\"contentUrl\":\"https:\/\/secure.gravatar.com\/avatar\/7fa71899795e8f540f615a1f5ab25255dc27aa40f05ee7ddd21aac521e01bf50?s=96&d=identicon&r=g\",\"caption\":\"Tomas Jarvid\"},\"description\":\"Jag bor i Ulricehamn i V\u00e4sterg\u00f6tland och \u00e4r f\u00f6rsamlingspr\u00e4st i Svenska Kyrkan f\u00f6r Dalstorps f\u00f6rsamling i Kinds pastorat. P\u00e5 den h\u00e4r bloggen skriver jag ner tankar om vandringen som kristen.\",\"sameAs\":[\"http:\/\/www.vandravagen.se\"],\"url\":\"https:\/\/blogg.svenskakyrkan.se\/vandravagen\/author\/vandravagen\/\"}]}<\/script>\n<!-- \/ Yoast SEO plugin. -->","yoast_head_json":{"title":"L\u00e4gga till i trosbek\u00e4nnelsen? - Vandra V\u00e4gen","robots":{"index":"index","follow":"follow","max-snippet":"max-snippet:-1","max-image-preview":"max-image-preview:large","max-video-preview":"max-video-preview:-1"},"canonical":"https:\/\/blogg.svenskakyrkan.se\/vandravagen\/2015\/04\/08\/lagga-till-i-trosbekannelsen\/","og_locale":"sv_SE","og_type":"article","og_title":"L\u00e4gga till i trosbek\u00e4nnelsen? - Vandra V\u00e4gen","og_description":"Idag blir det lite teologiskt spr\u00e4ngstoff p\u00e5 Vandra V\u00e4gen. Eller kanske inte. Vi f\u00e5r se. De kristna trosbek\u00e4nnelserna utvecklades i den tidiga kyrkan f\u00f6r att dra upp gr\u00e4nserna mot olika villol\u00e4ror som gjorde anspr\u00e5k p\u00e5 att vara kristna. Det skedde i en tid d\u00e5 kyrkan redan helt dominerades av &#8221;hednakristna&#8221;, det vill s\u00e4ga m\u00e4nniskor som [&hellip;]","og_url":"https:\/\/blogg.svenskakyrkan.se\/vandravagen\/2015\/04\/08\/lagga-till-i-trosbekannelsen\/","og_site_name":"Vandra V\u00e4gen","article_publisher":"http:\/\/facebook.com\/vandravagen","article_published_time":"2015-04-08T05:00:48+00:00","article_modified_time":"2015-04-08T11:28:32+00:00","og_image":[{"url":"http:\/\/blogg.svenskakyrkan.se\/vandravagen\/files\/2015\/03\/IMG_5819.jpg","type":"","width":"","height":""}],"author":"Tomas Jarvid","twitter_card":"summary_large_image","twitter_creator":"@fadertomas","twitter_site":"@fadertomas","twitter_misc":{"Skriven av":"Tomas Jarvid","Ber\u00e4knad l\u00e4stid":"2 minuter"},"schema":{"@context":"https:\/\/schema.org","@graph":[{"@type":"Article","@id":"https:\/\/blogg.svenskakyrkan.se\/vandravagen\/2015\/04\/08\/lagga-till-i-trosbekannelsen\/#article","isPartOf":{"@id":"https:\/\/blogg.svenskakyrkan.se\/vandravagen\/2015\/04\/08\/lagga-till-i-trosbekannelsen\/"},"author":{"name":"Tomas Jarvid","@id":"https:\/\/blogg.svenskakyrkan.se\/vandravagen\/#\/schema\/person\/25da02d4f76b137d04291711e2c9fc16"},"headline":"L\u00e4gga till i trosbek\u00e4nnelsen?","datePublished":"2015-04-08T05:00:48+00:00","dateModified":"2015-04-08T11:28:32+00:00","mainEntityOfPage":{"@id":"https:\/\/blogg.svenskakyrkan.se\/vandravagen\/2015\/04\/08\/lagga-till-i-trosbekannelsen\/"},"wordCount":405,"commentCount":4,"publisher":{"@id":"https:\/\/blogg.svenskakyrkan.se\/vandravagen\/#organization"},"image":{"@id":"https:\/\/blogg.svenskakyrkan.se\/vandravagen\/2015\/04\/08\/lagga-till-i-trosbekannelsen\/#primaryimage"},"thumbnailUrl":"http:\/\/blogg.svenskakyrkan.se\/vandravagen\/files\/2015\/03\/IMG_5819.jpg","articleSection":["Dagens Kyrka","Teologi"],"inLanguage":"sv-SE","potentialAction":[{"@type":"CommentAction","name":"Comment","target":["https:\/\/blogg.svenskakyrkan.se\/vandravagen\/2015\/04\/08\/lagga-till-i-trosbekannelsen\/#respond"]}]},{"@type":"WebPage","@id":"https:\/\/blogg.svenskakyrkan.se\/vandravagen\/2015\/04\/08\/lagga-till-i-trosbekannelsen\/","url":"https:\/\/blogg.svenskakyrkan.se\/vandravagen\/2015\/04\/08\/lagga-till-i-trosbekannelsen\/","name":"L\u00e4gga till i trosbek\u00e4nnelsen? - Vandra V\u00e4gen","isPartOf":{"@id":"https:\/\/blogg.svenskakyrkan.se\/vandravagen\/#website"},"primaryImageOfPage":{"@id":"https:\/\/blogg.svenskakyrkan.se\/vandravagen\/2015\/04\/08\/lagga-till-i-trosbekannelsen\/#primaryimage"},"image":{"@id":"https:\/\/blogg.svenskakyrkan.se\/vandravagen\/2015\/04\/08\/lagga-till-i-trosbekannelsen\/#primaryimage"},"thumbnailUrl":"http:\/\/blogg.svenskakyrkan.se\/vandravagen\/files\/2015\/03\/IMG_5819.jpg","datePublished":"2015-04-08T05:00:48+00:00","dateModified":"2015-04-08T11:28:32+00:00","breadcrumb":{"@id":"https:\/\/blogg.svenskakyrkan.se\/vandravagen\/2015\/04\/08\/lagga-till-i-trosbekannelsen\/#breadcrumb"},"inLanguage":"sv-SE","potentialAction":[{"@type":"ReadAction","target":["https:\/\/blogg.svenskakyrkan.se\/vandravagen\/2015\/04\/08\/lagga-till-i-trosbekannelsen\/"]}]},{"@type":"ImageObject","inLanguage":"sv-SE","@id":"https:\/\/blogg.svenskakyrkan.se\/vandravagen\/2015\/04\/08\/lagga-till-i-trosbekannelsen\/#primaryimage","url":"http:\/\/blogg.svenskakyrkan.se\/vandravagen\/files\/2015\/03\/IMG_5819.jpg","contentUrl":"http:\/\/blogg.svenskakyrkan.se\/vandravagen\/files\/2015\/03\/IMG_5819.jpg"},{"@type":"BreadcrumbList","@id":"https:\/\/blogg.svenskakyrkan.se\/vandravagen\/2015\/04\/08\/lagga-till-i-trosbekannelsen\/#breadcrumb","itemListElement":[{"@type":"ListItem","position":1,"name":"Hem","item":"https:\/\/blogg.svenskakyrkan.se\/vandravagen\/"},{"@type":"ListItem","position":2,"name":"L\u00e4gga till i trosbek\u00e4nnelsen?"}]},{"@type":"WebSite","@id":"https:\/\/blogg.svenskakyrkan.se\/vandravagen\/#website","url":"https:\/\/blogg.svenskakyrkan.se\/vandravagen\/","name":"Vandra V\u00e4gen","description":"-Mot en tro f\u00f6r hela livet","publisher":{"@id":"https:\/\/blogg.svenskakyrkan.se\/vandravagen\/#organization"},"potentialAction":[{"@type":"SearchAction","target":{"@type":"EntryPoint","urlTemplate":"https:\/\/blogg.svenskakyrkan.se\/vandravagen\/?s={search_term_string}"},"query-input":{"@type":"PropertyValueSpecification","valueRequired":true,"valueName":"search_term_string"}}],"inLanguage":"sv-SE"},{"@type":"Organization","@id":"https:\/\/blogg.svenskakyrkan.se\/vandravagen\/#organization","name":"ulricehamns pastorat","alternateName":"ulricehamns pastorat","url":"https:\/\/blogg.svenskakyrkan.se\/vandravagen\/","logo":{"@type":"ImageObject","inLanguage":"sv-SE","@id":"https:\/\/blogg.svenskakyrkan.se\/vandravagen\/#\/schema\/logo\/image\/","url":"https:\/\/blogg.svenskakyrkan.se\/vandravagen\/files\/2023\/05\/Ulr_logo_RGB.png","contentUrl":"https:\/\/blogg.svenskakyrkan.se\/vandravagen\/files\/2023\/05\/Ulr_logo_RGB.png","width":205,"height":77,"caption":"ulricehamns pastorat"},"image":{"@id":"https:\/\/blogg.svenskakyrkan.se\/vandravagen\/#\/schema\/logo\/image\/"},"sameAs":["http:\/\/facebook.com\/vandravagen","https:\/\/x.com\/fadertomas","http:\/\/www.facebook.com\/svenskakyrkaniulricehamn"]},{"@type":"Person","@id":"https:\/\/blogg.svenskakyrkan.se\/vandravagen\/#\/schema\/person\/25da02d4f76b137d04291711e2c9fc16","name":"Tomas Jarvid","image":{"@type":"ImageObject","inLanguage":"sv-SE","@id":"https:\/\/blogg.svenskakyrkan.se\/vandravagen\/#\/schema\/person\/image\/","url":"https:\/\/secure.gravatar.com\/avatar\/7fa71899795e8f540f615a1f5ab25255dc27aa40f05ee7ddd21aac521e01bf50?s=96&d=identicon&r=g","contentUrl":"https:\/\/secure.gravatar.com\/avatar\/7fa71899795e8f540f615a1f5ab25255dc27aa40f05ee7ddd21aac521e01bf50?s=96&d=identicon&r=g","caption":"Tomas Jarvid"},"description":"Jag bor i Ulricehamn i V\u00e4sterg\u00f6tland och \u00e4r f\u00f6rsamlingspr\u00e4st i Svenska Kyrkan f\u00f6r Dalstorps f\u00f6rsamling i Kinds pastorat. P\u00e5 den h\u00e4r bloggen skriver jag ner tankar om vandringen som kristen.","sameAs":["http:\/\/www.vandravagen.se"],"url":"https:\/\/blogg.svenskakyrkan.se\/vandravagen\/author\/vandravagen\/"}]}},"author_meta":{"ID":"392","user_nicename":"vandravagen","user_url":"http:\/\/www.vandravagen.se","user_registered":"2014-05-19 05:44:52","display_name":"Tomas Jarvid","first_name":"Tomas","last_name":"Jarvid","avatar":"https:\/\/secure.gravatar.com\/avatar\/7fa71899795e8f540f615a1f5ab25255dc27aa40f05ee7ddd21aac521e01bf50?s=96&d=identicon&r=g"},"featured_image":false,"bloginfo":{"name":"Vandra V\u00e4gen","url":"https:\/\/blogg.svenskakyrkan.se\/vandravagen"},"_links":{"self":[{"href":"https:\/\/blogg.svenskakyrkan.se\/vandravagen\/wp-json\/wp\/v2\/posts\/2876","targetHints":{"allow":["GET"]}}],"collection":[{"href":"https:\/\/blogg.svenskakyrkan.se\/vandravagen\/wp-json\/wp\/v2\/posts"}],"about":[{"href":"https:\/\/blogg.svenskakyrkan.se\/vandravagen\/wp-json\/wp\/v2\/types\/post"}],"author":[{"embeddable":true,"href":"https:\/\/blogg.svenskakyrkan.se\/vandravagen\/wp-json\/wp\/v2\/users\/392"}],"replies":[{"embeddable":true,"href":"https:\/\/blogg.svenskakyrkan.se\/vandravagen\/wp-json\/wp\/v2\/comments?post=2876"}],"version-history":[{"count":4,"href":"https:\/\/blogg.svenskakyrkan.se\/vandravagen\/wp-json\/wp\/v2\/posts\/2876\/revisions"}],"predecessor-version":[{"id":2929,"href":"https:\/\/blogg.svenskakyrkan.se\/vandravagen\/wp-json\/wp\/v2\/posts\/2876\/revisions\/2929"}],"wp:attachment":[{"href":"https:\/\/blogg.svenskakyrkan.se\/vandravagen\/wp-json\/wp\/v2\/media?parent=2876"}],"wp:term":[{"taxonomy":"category","embeddable":true,"href":"https:\/\/blogg.svenskakyrkan.se\/vandravagen\/wp-json\/wp\/v2\/categories?post=2876"},{"taxonomy":"post_tag","embeddable":true,"href":"https:\/\/blogg.svenskakyrkan.se\/vandravagen\/wp-json\/wp\/v2\/tags?post=2876"}],"curies":[{"name":"wp","href":"https:\/\/api.w.org\/{rel}","templated":true}]}}