{"id":289,"date":"2013-11-06T10:10:00","date_gmt":"2013-11-06T09:10:00","guid":{"rendered":"http:\/\/blogg.svenskakyrkan.se\/vandravagen\/2013\/11\/06\/trons-tva-ansikten\/"},"modified":"2013-11-06T10:10:00","modified_gmt":"2013-11-06T09:10:00","slug":"trons-tva-ansikten","status":"publish","type":"post","link":"https:\/\/blogg.svenskakyrkan.se\/vandravagen\/2013\/11\/06\/trons-tva-ansikten\/","title":{"rendered":"Trons tv\u00e5 ansikten"},"content":{"rendered":"<table align=\"center\" cellpadding=\"0\" cellspacing=\"0\">\n<tbody>\n<tr>\n<td><a href=\"http:\/\/2.bp.blogspot.com\/-aeA1SkcgujM\/UnnziuwX9dI\/AAAAAAAAF0o\/L30OpivI5Ic\/s1600\/IMG_3815.JPG\"><img loading=\"lazy\" decoding=\"async\" border=\"0\" height=\"362\" src=\"http:\/\/2.bp.blogspot.com\/-aeA1SkcgujM\/UnnziuwX9dI\/AAAAAAAAF0o\/L30OpivI5Ic\/s640\/IMG_3815.JPG\" width=\"640\"><\/a><\/td>\n<\/tr>\n<tr>\n<td>Tillit kr\u00e4vs absolut men det \u00e4r viktigt att bj\u00e4lken h\u00e5ller ocks\u00e5&#8230;<\/td>\n<\/tr>\n<\/tbody>\n<\/table>\n<p>Jag h\u00f6rde h\u00e4romdagen p\u00e5 podden &#8221;samtid och sanning&#8221; med Martin Helgesson och Stefan Gustavsson. Jag rekommenderar det varmt. Sist handlade det om Eskil Francks bok om hur hans v\u00e4g bort fr\u00e5n den kristna tron sett ut. Franck var pr\u00e4st i m\u00e5nga \u00e5r och \u00e4ven uppe som kandidat till \u00e4rkebiskop men s\u00e5 har han nu l\u00e4mnat b\u00e5de pr\u00e4sttj\u00e4nsten och tron. Jag har inte l\u00e4st boken men f\u00f6rst\u00e5r att den \u00e4r vackert och personligt skriven utifr\u00e5n vad som sagts. D\u00e4remot h\u00f6rde jag n\u00e5got som g\u00e5r in i ett \u00e4mne jag l\u00e4nge t\u00e4nkt skriva om.<\/p>\n<p>Enligt podden skriver Franck ungef\u00e4r att &#8221;man kan inte h\u00e5lla p\u00e5 och spela ut tro som f\u00f6rsanth\u00e5llande mot tro som tillit p\u00e5 det s\u00e4ttet som man ofta g\u00f6r i svenska kyrkan&#8221;. Tron har tv\u00e5 ansikten och de \u00e4r b\u00e5da viktiga.<\/p>\n<p>Jag har ju tidigare skrivit en del om tro som tillit, till exempel <a href=\"http:\/\/www.vandravagen.se\/2013\/08\/evangeliet-enligt-bjornen-sover.html\">utifr\u00e5n barns\u00e5ngen bj\u00f6rnen sover<\/a>. Men kanske att jag inte varit s\u00e5 helt tydlig med att det f\u00f6rst\u00e5s ocks\u00e5 \u00e4r viktigt med grunden f\u00f6r tron, det den \u00e4r riktad mot.<\/p>\n<p>I hebreerbrevet 11:5-6 st\u00e5r det<\/p>\n<blockquote>\n<p><span><span>&#8221;<\/span><\/span><span>I tro togs Henok h\u00e4rifr\u00e5n s\u00e5 att han inte beh\u00f6vde se d\u00f6den.\u00a0<\/span><em>Man fann honom inte mer, ty Gud hade tagit honom h\u00e4rifr\u00e5n<\/em><span>. Dessf\u00f6rinnan fick han vittnesb\u00f6rdet att\u00a0<\/span><em>han hade funnit n\u00e5d hos Gud<\/em><span>.\u00a0<\/span><span>6<\/span><span>Utan tro kan ingen finna n\u00e5d hos honom. <b>Ty den som vill nalkas Gud m\u00e5ste tro att han finns och att han l\u00f6nar dem som s\u00f6ker honom<\/b>.&#8221;\u00a0<\/span><\/p>\n<\/blockquote>\n<p>R\u00e4ttf\u00e4rdigheten genom tro \u00e4r \u00e4mnet och nu skriver hebr\u00e9erbrevets f\u00f6rfattare att tron har tv\u00e5 komponenter, man m\u00e5ste givetvis tro att Gud finns f\u00f6r att kunna v\u00e4nda sig till honom. Budskapet om Gud och Jesus Kristus beh\u00f6ver n\u00e5 oss f\u00f6r att vi ska kunna relatera till Gud p\u00e5 n\u00e5got meningsfullt s\u00e4tt.<\/p>\n<p>Den andra delen kan man tycka \u00e4r m\u00e4rkligt formulerad. Man m\u00e5ste tro att Gud &#8221;l\u00f6nar dem som s\u00f6ker honom&#8221;. Det betyder kanske helt enkelt att man litar p\u00e5 att Gud \u00e4r god, vill oss v\u00e4l och handlar gott mot oss. Att vi \u00e4r i goda h\u00e4nder hos Gud. Tro som tillit med andra ord.<\/p>\n<p>Tro som f\u00f6rsanth\u00e5llande och tro som tillit i samma mening, helt oproblematiskt.<\/p>\n<p>Jag satt och f\u00f6rs\u00f6kte f\u00e5 ihop en ordfl\u00e4ta av ordet tro (s\u00e5nt som predikanter kan roa sig med). Resultatet \u00e4r inte \u00f6verdrivet elegant men det \u00e4r i alla fall en enkel tanke om vad ordet &#8221;TRO&#8221; inneb\u00e4r:<\/p>\n<p><b>T<\/b>illit och<br \/><b>R<\/b>elation utifr\u00e5n<br \/><b>O<\/b>bjektivt sanna f\u00f6rh\u00e5llanden<\/p>\n<p>Har du varit med om det Franck skriver, att tillit och objektivitet st\u00e4lls mot varandra?<\/p>\n","protected":false},"excerpt":{"rendered":"<p>Tillit kr\u00e4vs absolut men det \u00e4r viktigt att bj\u00e4lken h\u00e5ller ocks\u00e5&#8230; Jag h\u00f6rde h\u00e4romdagen p\u00e5 podden &#8221;samtid och sanning&#8221; med Martin Helgesson och Stefan Gustavsson. Jag rekommenderar det varmt. Sist handlade det om Eskil Francks bok om hur hans v\u00e4g bort fr\u00e5n den kristna tron sett ut. Franck var pr\u00e4st i m\u00e5nga \u00e5r och \u00e4ven [&hellip;]<\/p>\n","protected":false},"author":392,"featured_media":0,"comment_status":"open","ping_status":"open","sticky":false,"template":"","format":"standard","meta":{"_acf_changed":false,"footnotes":""},"categories":[14252,8298,76189,117],"tags":[],"class_list":["post-289","post","type-post","status-publish","format-standard","hentry","category-bibel","category-bibeln","category-dagens-kyrka","category-teologi"],"acf":[],"yoast_head":"<!-- This site is optimized with the Yoast SEO plugin v27.1.1 - https:\/\/yoast.com\/product\/yoast-seo-wordpress\/ -->\n<title>Trons tv\u00e5 ansikten - Vandra V\u00e4gen<\/title>\n<meta name=\"robots\" content=\"index, follow, max-snippet:-1, max-image-preview:large, max-video-preview:-1\" \/>\n<link rel=\"canonical\" href=\"https:\/\/blogg.svenskakyrkan.se\/vandravagen\/2013\/11\/06\/trons-tva-ansikten\/\" \/>\n<meta property=\"og:locale\" content=\"sv_SE\" \/>\n<meta property=\"og:type\" content=\"article\" \/>\n<meta property=\"og:title\" content=\"Trons tv\u00e5 ansikten - Vandra V\u00e4gen\" \/>\n<meta property=\"og:description\" content=\"Tillit kr\u00e4vs absolut men det \u00e4r viktigt att bj\u00e4lken h\u00e5ller ocks\u00e5&#8230; Jag h\u00f6rde h\u00e4romdagen p\u00e5 podden &#8221;samtid och sanning&#8221; med Martin Helgesson och Stefan Gustavsson. Jag rekommenderar det varmt. Sist handlade det om Eskil Francks bok om hur hans v\u00e4g bort fr\u00e5n den kristna tron sett ut. Franck var pr\u00e4st i m\u00e5nga \u00e5r och \u00e4ven [&hellip;]\" \/>\n<meta property=\"og:url\" content=\"https:\/\/blogg.svenskakyrkan.se\/vandravagen\/2013\/11\/06\/trons-tva-ansikten\/\" \/>\n<meta property=\"og:site_name\" content=\"Vandra V\u00e4gen\" \/>\n<meta property=\"article:publisher\" content=\"http:\/\/facebook.com\/vandravagen\" \/>\n<meta property=\"article:published_time\" content=\"2013-11-06T09:10:00+00:00\" \/>\n<meta property=\"og:image\" content=\"http:\/\/2.bp.blogspot.com\/-aeA1SkcgujM\/UnnziuwX9dI\/AAAAAAAAF0o\/L30OpivI5Ic\/s640\/IMG_3815.JPG\" \/>\n<meta name=\"author\" content=\"Tomas Jarvid\" \/>\n<meta name=\"twitter:card\" content=\"summary_large_image\" \/>\n<meta name=\"twitter:creator\" content=\"@fadertomas\" \/>\n<meta name=\"twitter:site\" content=\"@fadertomas\" \/>\n<meta name=\"twitter:label1\" content=\"Skriven av\" \/>\n\t<meta name=\"twitter:data1\" content=\"Tomas Jarvid\" \/>\n\t<meta name=\"twitter:label2\" content=\"Ber\u00e4knad l\u00e4stid\" \/>\n\t<meta name=\"twitter:data2\" content=\"3 minuter\" \/>\n<script type=\"application\/ld+json\" class=\"yoast-schema-graph\">{\"@context\":\"https:\/\/schema.org\",\"@graph\":[{\"@type\":\"Article\",\"@id\":\"https:\/\/blogg.svenskakyrkan.se\/vandravagen\/2013\/11\/06\/trons-tva-ansikten\/#article\",\"isPartOf\":{\"@id\":\"https:\/\/blogg.svenskakyrkan.se\/vandravagen\/2013\/11\/06\/trons-tva-ansikten\/\"},\"author\":{\"name\":\"Tomas Jarvid\",\"@id\":\"https:\/\/blogg.svenskakyrkan.se\/vandravagen\/#\/schema\/person\/25da02d4f76b137d04291711e2c9fc16\"},\"headline\":\"Trons tv\u00e5 ansikten\",\"datePublished\":\"2013-11-06T09:10:00+00:00\",\"mainEntityOfPage\":{\"@id\":\"https:\/\/blogg.svenskakyrkan.se\/vandravagen\/2013\/11\/06\/trons-tva-ansikten\/\"},\"wordCount\":507,\"commentCount\":0,\"publisher\":{\"@id\":\"https:\/\/blogg.svenskakyrkan.se\/vandravagen\/#organization\"},\"image\":{\"@id\":\"https:\/\/blogg.svenskakyrkan.se\/vandravagen\/2013\/11\/06\/trons-tva-ansikten\/#primaryimage\"},\"thumbnailUrl\":\"http:\/\/2.bp.blogspot.com\/-aeA1SkcgujM\/UnnziuwX9dI\/AAAAAAAAF0o\/L30OpivI5Ic\/s640\/IMG_3815.JPG\",\"articleSection\":[\"bibel\",\"Bibeln\",\"Dagens Kyrka\",\"Teologi\"],\"inLanguage\":\"sv-SE\",\"potentialAction\":[{\"@type\":\"CommentAction\",\"name\":\"Comment\",\"target\":[\"https:\/\/blogg.svenskakyrkan.se\/vandravagen\/2013\/11\/06\/trons-tva-ansikten\/#respond\"]}]},{\"@type\":\"WebPage\",\"@id\":\"https:\/\/blogg.svenskakyrkan.se\/vandravagen\/2013\/11\/06\/trons-tva-ansikten\/\",\"url\":\"https:\/\/blogg.svenskakyrkan.se\/vandravagen\/2013\/11\/06\/trons-tva-ansikten\/\",\"name\":\"Trons tv\u00e5 ansikten - Vandra V\u00e4gen\",\"isPartOf\":{\"@id\":\"https:\/\/blogg.svenskakyrkan.se\/vandravagen\/#website\"},\"primaryImageOfPage\":{\"@id\":\"https:\/\/blogg.svenskakyrkan.se\/vandravagen\/2013\/11\/06\/trons-tva-ansikten\/#primaryimage\"},\"image\":{\"@id\":\"https:\/\/blogg.svenskakyrkan.se\/vandravagen\/2013\/11\/06\/trons-tva-ansikten\/#primaryimage\"},\"thumbnailUrl\":\"http:\/\/2.bp.blogspot.com\/-aeA1SkcgujM\/UnnziuwX9dI\/AAAAAAAAF0o\/L30OpivI5Ic\/s640\/IMG_3815.JPG\",\"datePublished\":\"2013-11-06T09:10:00+00:00\",\"breadcrumb\":{\"@id\":\"https:\/\/blogg.svenskakyrkan.se\/vandravagen\/2013\/11\/06\/trons-tva-ansikten\/#breadcrumb\"},\"inLanguage\":\"sv-SE\",\"potentialAction\":[{\"@type\":\"ReadAction\",\"target\":[\"https:\/\/blogg.svenskakyrkan.se\/vandravagen\/2013\/11\/06\/trons-tva-ansikten\/\"]}]},{\"@type\":\"ImageObject\",\"inLanguage\":\"sv-SE\",\"@id\":\"https:\/\/blogg.svenskakyrkan.se\/vandravagen\/2013\/11\/06\/trons-tva-ansikten\/#primaryimage\",\"url\":\"http:\/\/2.bp.blogspot.com\/-aeA1SkcgujM\/UnnziuwX9dI\/AAAAAAAAF0o\/L30OpivI5Ic\/s640\/IMG_3815.JPG\",\"contentUrl\":\"http:\/\/2.bp.blogspot.com\/-aeA1SkcgujM\/UnnziuwX9dI\/AAAAAAAAF0o\/L30OpivI5Ic\/s640\/IMG_3815.JPG\"},{\"@type\":\"BreadcrumbList\",\"@id\":\"https:\/\/blogg.svenskakyrkan.se\/vandravagen\/2013\/11\/06\/trons-tva-ansikten\/#breadcrumb\",\"itemListElement\":[{\"@type\":\"ListItem\",\"position\":1,\"name\":\"Hem\",\"item\":\"https:\/\/blogg.svenskakyrkan.se\/vandravagen\/\"},{\"@type\":\"ListItem\",\"position\":2,\"name\":\"Trons tv\u00e5 ansikten\"}]},{\"@type\":\"WebSite\",\"@id\":\"https:\/\/blogg.svenskakyrkan.se\/vandravagen\/#website\",\"url\":\"https:\/\/blogg.svenskakyrkan.se\/vandravagen\/\",\"name\":\"Vandra V\u00e4gen\",\"description\":\"-Mot en tro f\u00f6r hela livet\",\"publisher\":{\"@id\":\"https:\/\/blogg.svenskakyrkan.se\/vandravagen\/#organization\"},\"potentialAction\":[{\"@type\":\"SearchAction\",\"target\":{\"@type\":\"EntryPoint\",\"urlTemplate\":\"https:\/\/blogg.svenskakyrkan.se\/vandravagen\/?s={search_term_string}\"},\"query-input\":{\"@type\":\"PropertyValueSpecification\",\"valueRequired\":true,\"valueName\":\"search_term_string\"}}],\"inLanguage\":\"sv-SE\"},{\"@type\":\"Organization\",\"@id\":\"https:\/\/blogg.svenskakyrkan.se\/vandravagen\/#organization\",\"name\":\"ulricehamns pastorat\",\"alternateName\":\"ulricehamns pastorat\",\"url\":\"https:\/\/blogg.svenskakyrkan.se\/vandravagen\/\",\"logo\":{\"@type\":\"ImageObject\",\"inLanguage\":\"sv-SE\",\"@id\":\"https:\/\/blogg.svenskakyrkan.se\/vandravagen\/#\/schema\/logo\/image\/\",\"url\":\"https:\/\/blogg.svenskakyrkan.se\/vandravagen\/files\/2023\/05\/Ulr_logo_RGB.png\",\"contentUrl\":\"https:\/\/blogg.svenskakyrkan.se\/vandravagen\/files\/2023\/05\/Ulr_logo_RGB.png\",\"width\":205,\"height\":77,\"caption\":\"ulricehamns pastorat\"},\"image\":{\"@id\":\"https:\/\/blogg.svenskakyrkan.se\/vandravagen\/#\/schema\/logo\/image\/\"},\"sameAs\":[\"http:\/\/facebook.com\/vandravagen\",\"https:\/\/x.com\/fadertomas\",\"http:\/\/www.facebook.com\/svenskakyrkaniulricehamn\"]},{\"@type\":\"Person\",\"@id\":\"https:\/\/blogg.svenskakyrkan.se\/vandravagen\/#\/schema\/person\/25da02d4f76b137d04291711e2c9fc16\",\"name\":\"Tomas Jarvid\",\"image\":{\"@type\":\"ImageObject\",\"inLanguage\":\"sv-SE\",\"@id\":\"https:\/\/blogg.svenskakyrkan.se\/vandravagen\/#\/schema\/person\/image\/\",\"url\":\"https:\/\/secure.gravatar.com\/avatar\/7fa71899795e8f540f615a1f5ab25255dc27aa40f05ee7ddd21aac521e01bf50?s=96&d=identicon&r=g\",\"contentUrl\":\"https:\/\/secure.gravatar.com\/avatar\/7fa71899795e8f540f615a1f5ab25255dc27aa40f05ee7ddd21aac521e01bf50?s=96&d=identicon&r=g\",\"caption\":\"Tomas Jarvid\"},\"description\":\"Jag bor i Ulricehamn i V\u00e4sterg\u00f6tland och \u00e4r f\u00f6rsamlingspr\u00e4st i Svenska Kyrkan f\u00f6r Dalstorps f\u00f6rsamling i Kinds pastorat. P\u00e5 den h\u00e4r bloggen skriver jag ner tankar om vandringen som kristen.\",\"sameAs\":[\"http:\/\/www.vandravagen.se\"],\"url\":\"https:\/\/blogg.svenskakyrkan.se\/vandravagen\/author\/vandravagen\/\"}]}<\/script>\n<!-- \/ Yoast SEO plugin. -->","yoast_head_json":{"title":"Trons tv\u00e5 ansikten - Vandra V\u00e4gen","robots":{"index":"index","follow":"follow","max-snippet":"max-snippet:-1","max-image-preview":"max-image-preview:large","max-video-preview":"max-video-preview:-1"},"canonical":"https:\/\/blogg.svenskakyrkan.se\/vandravagen\/2013\/11\/06\/trons-tva-ansikten\/","og_locale":"sv_SE","og_type":"article","og_title":"Trons tv\u00e5 ansikten - Vandra V\u00e4gen","og_description":"Tillit kr\u00e4vs absolut men det \u00e4r viktigt att bj\u00e4lken h\u00e5ller ocks\u00e5&#8230; Jag h\u00f6rde h\u00e4romdagen p\u00e5 podden &#8221;samtid och sanning&#8221; med Martin Helgesson och Stefan Gustavsson. Jag rekommenderar det varmt. Sist handlade det om Eskil Francks bok om hur hans v\u00e4g bort fr\u00e5n den kristna tron sett ut. Franck var pr\u00e4st i m\u00e5nga \u00e5r och \u00e4ven [&hellip;]","og_url":"https:\/\/blogg.svenskakyrkan.se\/vandravagen\/2013\/11\/06\/trons-tva-ansikten\/","og_site_name":"Vandra V\u00e4gen","article_publisher":"http:\/\/facebook.com\/vandravagen","article_published_time":"2013-11-06T09:10:00+00:00","og_image":[{"url":"http:\/\/2.bp.blogspot.com\/-aeA1SkcgujM\/UnnziuwX9dI\/AAAAAAAAF0o\/L30OpivI5Ic\/s640\/IMG_3815.JPG","type":"","width":"","height":""}],"author":"Tomas Jarvid","twitter_card":"summary_large_image","twitter_creator":"@fadertomas","twitter_site":"@fadertomas","twitter_misc":{"Skriven av":"Tomas Jarvid","Ber\u00e4knad l\u00e4stid":"3 minuter"},"schema":{"@context":"https:\/\/schema.org","@graph":[{"@type":"Article","@id":"https:\/\/blogg.svenskakyrkan.se\/vandravagen\/2013\/11\/06\/trons-tva-ansikten\/#article","isPartOf":{"@id":"https:\/\/blogg.svenskakyrkan.se\/vandravagen\/2013\/11\/06\/trons-tva-ansikten\/"},"author":{"name":"Tomas Jarvid","@id":"https:\/\/blogg.svenskakyrkan.se\/vandravagen\/#\/schema\/person\/25da02d4f76b137d04291711e2c9fc16"},"headline":"Trons tv\u00e5 ansikten","datePublished":"2013-11-06T09:10:00+00:00","mainEntityOfPage":{"@id":"https:\/\/blogg.svenskakyrkan.se\/vandravagen\/2013\/11\/06\/trons-tva-ansikten\/"},"wordCount":507,"commentCount":0,"publisher":{"@id":"https:\/\/blogg.svenskakyrkan.se\/vandravagen\/#organization"},"image":{"@id":"https:\/\/blogg.svenskakyrkan.se\/vandravagen\/2013\/11\/06\/trons-tva-ansikten\/#primaryimage"},"thumbnailUrl":"http:\/\/2.bp.blogspot.com\/-aeA1SkcgujM\/UnnziuwX9dI\/AAAAAAAAF0o\/L30OpivI5Ic\/s640\/IMG_3815.JPG","articleSection":["bibel","Bibeln","Dagens Kyrka","Teologi"],"inLanguage":"sv-SE","potentialAction":[{"@type":"CommentAction","name":"Comment","target":["https:\/\/blogg.svenskakyrkan.se\/vandravagen\/2013\/11\/06\/trons-tva-ansikten\/#respond"]}]},{"@type":"WebPage","@id":"https:\/\/blogg.svenskakyrkan.se\/vandravagen\/2013\/11\/06\/trons-tva-ansikten\/","url":"https:\/\/blogg.svenskakyrkan.se\/vandravagen\/2013\/11\/06\/trons-tva-ansikten\/","name":"Trons tv\u00e5 ansikten - Vandra V\u00e4gen","isPartOf":{"@id":"https:\/\/blogg.svenskakyrkan.se\/vandravagen\/#website"},"primaryImageOfPage":{"@id":"https:\/\/blogg.svenskakyrkan.se\/vandravagen\/2013\/11\/06\/trons-tva-ansikten\/#primaryimage"},"image":{"@id":"https:\/\/blogg.svenskakyrkan.se\/vandravagen\/2013\/11\/06\/trons-tva-ansikten\/#primaryimage"},"thumbnailUrl":"http:\/\/2.bp.blogspot.com\/-aeA1SkcgujM\/UnnziuwX9dI\/AAAAAAAAF0o\/L30OpivI5Ic\/s640\/IMG_3815.JPG","datePublished":"2013-11-06T09:10:00+00:00","breadcrumb":{"@id":"https:\/\/blogg.svenskakyrkan.se\/vandravagen\/2013\/11\/06\/trons-tva-ansikten\/#breadcrumb"},"inLanguage":"sv-SE","potentialAction":[{"@type":"ReadAction","target":["https:\/\/blogg.svenskakyrkan.se\/vandravagen\/2013\/11\/06\/trons-tva-ansikten\/"]}]},{"@type":"ImageObject","inLanguage":"sv-SE","@id":"https:\/\/blogg.svenskakyrkan.se\/vandravagen\/2013\/11\/06\/trons-tva-ansikten\/#primaryimage","url":"http:\/\/2.bp.blogspot.com\/-aeA1SkcgujM\/UnnziuwX9dI\/AAAAAAAAF0o\/L30OpivI5Ic\/s640\/IMG_3815.JPG","contentUrl":"http:\/\/2.bp.blogspot.com\/-aeA1SkcgujM\/UnnziuwX9dI\/AAAAAAAAF0o\/L30OpivI5Ic\/s640\/IMG_3815.JPG"},{"@type":"BreadcrumbList","@id":"https:\/\/blogg.svenskakyrkan.se\/vandravagen\/2013\/11\/06\/trons-tva-ansikten\/#breadcrumb","itemListElement":[{"@type":"ListItem","position":1,"name":"Hem","item":"https:\/\/blogg.svenskakyrkan.se\/vandravagen\/"},{"@type":"ListItem","position":2,"name":"Trons tv\u00e5 ansikten"}]},{"@type":"WebSite","@id":"https:\/\/blogg.svenskakyrkan.se\/vandravagen\/#website","url":"https:\/\/blogg.svenskakyrkan.se\/vandravagen\/","name":"Vandra V\u00e4gen","description":"-Mot en tro f\u00f6r hela livet","publisher":{"@id":"https:\/\/blogg.svenskakyrkan.se\/vandravagen\/#organization"},"potentialAction":[{"@type":"SearchAction","target":{"@type":"EntryPoint","urlTemplate":"https:\/\/blogg.svenskakyrkan.se\/vandravagen\/?s={search_term_string}"},"query-input":{"@type":"PropertyValueSpecification","valueRequired":true,"valueName":"search_term_string"}}],"inLanguage":"sv-SE"},{"@type":"Organization","@id":"https:\/\/blogg.svenskakyrkan.se\/vandravagen\/#organization","name":"ulricehamns pastorat","alternateName":"ulricehamns pastorat","url":"https:\/\/blogg.svenskakyrkan.se\/vandravagen\/","logo":{"@type":"ImageObject","inLanguage":"sv-SE","@id":"https:\/\/blogg.svenskakyrkan.se\/vandravagen\/#\/schema\/logo\/image\/","url":"https:\/\/blogg.svenskakyrkan.se\/vandravagen\/files\/2023\/05\/Ulr_logo_RGB.png","contentUrl":"https:\/\/blogg.svenskakyrkan.se\/vandravagen\/files\/2023\/05\/Ulr_logo_RGB.png","width":205,"height":77,"caption":"ulricehamns pastorat"},"image":{"@id":"https:\/\/blogg.svenskakyrkan.se\/vandravagen\/#\/schema\/logo\/image\/"},"sameAs":["http:\/\/facebook.com\/vandravagen","https:\/\/x.com\/fadertomas","http:\/\/www.facebook.com\/svenskakyrkaniulricehamn"]},{"@type":"Person","@id":"https:\/\/blogg.svenskakyrkan.se\/vandravagen\/#\/schema\/person\/25da02d4f76b137d04291711e2c9fc16","name":"Tomas Jarvid","image":{"@type":"ImageObject","inLanguage":"sv-SE","@id":"https:\/\/blogg.svenskakyrkan.se\/vandravagen\/#\/schema\/person\/image\/","url":"https:\/\/secure.gravatar.com\/avatar\/7fa71899795e8f540f615a1f5ab25255dc27aa40f05ee7ddd21aac521e01bf50?s=96&d=identicon&r=g","contentUrl":"https:\/\/secure.gravatar.com\/avatar\/7fa71899795e8f540f615a1f5ab25255dc27aa40f05ee7ddd21aac521e01bf50?s=96&d=identicon&r=g","caption":"Tomas Jarvid"},"description":"Jag bor i Ulricehamn i V\u00e4sterg\u00f6tland och \u00e4r f\u00f6rsamlingspr\u00e4st i Svenska Kyrkan f\u00f6r Dalstorps f\u00f6rsamling i Kinds pastorat. P\u00e5 den h\u00e4r bloggen skriver jag ner tankar om vandringen som kristen.","sameAs":["http:\/\/www.vandravagen.se"],"url":"https:\/\/blogg.svenskakyrkan.se\/vandravagen\/author\/vandravagen\/"}]}},"author_meta":{"ID":"392","user_nicename":"vandravagen","user_url":"http:\/\/www.vandravagen.se","user_registered":"2014-05-19 05:44:52","display_name":"Tomas Jarvid","first_name":"Tomas","last_name":"Jarvid","avatar":"https:\/\/secure.gravatar.com\/avatar\/7fa71899795e8f540f615a1f5ab25255dc27aa40f05ee7ddd21aac521e01bf50?s=96&d=identicon&r=g"},"featured_image":false,"bloginfo":{"name":"Vandra V\u00e4gen","url":"https:\/\/blogg.svenskakyrkan.se\/vandravagen"},"_links":{"self":[{"href":"https:\/\/blogg.svenskakyrkan.se\/vandravagen\/wp-json\/wp\/v2\/posts\/289","targetHints":{"allow":["GET"]}}],"collection":[{"href":"https:\/\/blogg.svenskakyrkan.se\/vandravagen\/wp-json\/wp\/v2\/posts"}],"about":[{"href":"https:\/\/blogg.svenskakyrkan.se\/vandravagen\/wp-json\/wp\/v2\/types\/post"}],"author":[{"embeddable":true,"href":"https:\/\/blogg.svenskakyrkan.se\/vandravagen\/wp-json\/wp\/v2\/users\/392"}],"replies":[{"embeddable":true,"href":"https:\/\/blogg.svenskakyrkan.se\/vandravagen\/wp-json\/wp\/v2\/comments?post=289"}],"version-history":[{"count":0,"href":"https:\/\/blogg.svenskakyrkan.se\/vandravagen\/wp-json\/wp\/v2\/posts\/289\/revisions"}],"wp:attachment":[{"href":"https:\/\/blogg.svenskakyrkan.se\/vandravagen\/wp-json\/wp\/v2\/media?parent=289"}],"wp:term":[{"taxonomy":"category","embeddable":true,"href":"https:\/\/blogg.svenskakyrkan.se\/vandravagen\/wp-json\/wp\/v2\/categories?post=289"},{"taxonomy":"post_tag","embeddable":true,"href":"https:\/\/blogg.svenskakyrkan.se\/vandravagen\/wp-json\/wp\/v2\/tags?post=289"}],"curies":[{"name":"wp","href":"https:\/\/api.w.org\/{rel}","templated":true}]}}