{"id":29,"date":"2014-05-13T07:00:00","date_gmt":"2014-05-13T05:00:00","guid":{"rendered":"http:\/\/blogg.svenskakyrkan.se\/vandravagen\/2014\/05\/13\/sankte-staffan-en-gastbloggpost-av-marcus-haggstrom\/"},"modified":"2014-05-13T07:00:00","modified_gmt":"2014-05-13T05:00:00","slug":"sankte-staffan-en-gastbloggpost-av-marcus-haggstrom","status":"publish","type":"post","link":"https:\/\/blogg.svenskakyrkan.se\/vandravagen\/2014\/05\/13\/sankte-staffan-en-gastbloggpost-av-marcus-haggstrom\/","title":{"rendered":"Sankte Staffan, en g\u00e4stbloggpost av Marcus H\u00e4ggstr\u00f6m"},"content":{"rendered":"<table align=\"center\" cellpadding=\"0\" cellspacing=\"0\">\n<tbody>\n<tr>\n<td><a href=\"http:\/\/2.bp.blogspot.com\/-up3vesmv23s\/U3CDUZM0nFI\/AAAAAAAAHcs\/KoiRvkaEZzk\/s1600\/Fo%CC%88rfattarevidscoutka%CC%8Arsutflykt.jpg\"><img loading=\"lazy\" decoding=\"async\" border=\"0\" src=\"http:\/\/2.bp.blogspot.com\/-up3vesmv23s\/U3CDUZM0nFI\/AAAAAAAAHcs\/KoiRvkaEZzk\/s1600\/Fo%CC%88rfattarevidscoutka%CC%8Arsutflykt.jpg\" height=\"640\" width=\"428\"><\/a><\/td>\n<\/tr>\n<tr>\n<td>Marcus nere i stupan<\/td>\n<\/tr>\n<\/tbody>\n<\/table>\n<div><\/div>\n<div>Idag har jag gl\u00e4djen att presentera en g\u00e4stbloggare p\u00e5 Vandra V\u00e4gen. Det \u00e4r Marcus H\u00e4ggstr\u00f6m som jag l\u00e4rt k\u00e4nna lite via sociala medier. Marcus pilgrimsvandrar mycket tillsammans med sin son och skriver om det p\u00e5\u00a0<a href=\"http:\/\/pilgrimen.blogg.se\/\">http:\/\/pilgrimen.blogg.se<\/a>\u00a0d\u00e4r ocks\u00e5 den h\u00e4r texten om sankte Staffan finns publicerad. Jag l\u00e4mnar ordet till Marcus.<\/div>\n<div><\/div>\n<div><\/div>\n<table align=\"center\" cellpadding=\"0\" cellspacing=\"0\">\n<tbody>\n<tr>\n<td><a href=\"http:\/\/1.bp.blogspot.com\/-T_qcOkHz1Vc\/U3CDUdkQYII\/AAAAAAAAHck\/v_fDadAnPBs\/s1600\/skylt.jpg\"><img loading=\"lazy\" decoding=\"async\" border=\"0\" src=\"http:\/\/1.bp.blogspot.com\/-T_qcOkHz1Vc\/U3CDUdkQYII\/AAAAAAAAHck\/v_fDadAnPBs\/s1600\/skylt.jpg\" height=\"360\" width=\"640\"><\/a><\/td>\n<\/tr>\n<tr>\n<td>Minnesskylt om Stephanus<\/td>\n<\/tr>\n<\/tbody>\n<\/table>\n<div><\/div>\n<p>Staffan Stalledr\u00e4ng som vattnade sina f\u00e5lar fem\u2026<\/p>\n<p>Vid Luciatid sjungs ofta s\u00e5ngen om Staffan stalledr\u00e4ng. Allt f\u00f6r f\u00e5 \u00e4r medvetna om bakgrunden till visan och \u00e4nnu f\u00e4rre att sp\u00e5r efter honom \u00e4n i dag finns i H\u00e4lsingland. Om m\u00f6jligt \u00e4nnu mindre k\u00e4nt \u00e4r att han s\u00e4gs ligga begraven i en vitkalkad gravstupa vid Norrala kyrkog\u00e5rds syd\u00f6stra h\u00f6rn.<\/p>\n<p>Staffan omn\u00e4mns i m\u00e5nga legender som till en del inneh\u00e5ller olika variationer p\u00e5 vad som h\u00e4nde. Han omn\u00e4mns dock redan av Adam av Bremen som i sin kyrkohistoria fr\u00e5n 1000-talet skriver om sina uts\u00e4nda biskopar \u201dEen heth Adalward och annar Staffan\u2026 biscopp Staffan foor in i helsingialandh och predicade ther och omwende oseglica mykit folk til crisna troo och wart ther slagin uppa een skogh heteher \u00f6dmorden och ligger i ena kyrkio ther i landit och heter norala\u201d.<\/p>\n<p>Det s\u00e4gs att Staffan var en munk i klostret Corbey som sedermera blev uts\u00e4nd p\u00e5 missionsuppdrag av Biskopen i Bremen. Han anl\u00e4nde till Sigtuna och sammantr\u00e4ffade med Kung Stenkil vilken kommit i kontakt med kristna och var positivt inst\u00e4lld till dem, han lovade eskort till Roslagen d\u00e4r Staffan tr\u00e4ffade H\u00e4lsingar p\u00e5 handelsresa. Staffan blev erbjuden att f\u00f6lja med p\u00e5 \u00e5terresan norrut. Hans m\u00e5l var Tr\u00f6n\u00f6 i Norrala socken d\u00e4r ett k\u00e4nt hednatempel var bel\u00e4get.<\/p>\n<p>Staffan \u00e5tnj\u00f6t visst skydd av h\u00e4radsh\u00f6vdingen i Norrala och slog sig ned vid Kungsg\u00e5rden. D\u00e4rifr\u00e5n utgick Staffan p\u00e5 sina veckol\u00e5nga missionsresor p\u00e5 sina f\u00e5lar fem. Dessa s\u00e4gs ha varit utstationerade l\u00e4ngs f\u00e4rdv\u00e4gen mellan orterna Arbr\u00e5, J\u00e4rvs\u00f6, Ljusdal och Delsbo s\u00e5 att Staffan vid veckoslutet \u00e5ter anl\u00e4nde till Kungsg\u00e5rden. Att m\u00e4rka \u00e4r dock att \u00e4nda uppe vid gr\u00e4nsen Medelpad\/J\u00e4mtland uppges Staffan ha predikat st\u00e5endes p\u00e5 gr\u00e4nsstenen mellan landskapen (stenen finns \u00e4nnu bevarad l\u00e4ngs med dagens E14).<\/p>\n<p>Staffans predikningar orsakade missn\u00f6je inte minst efter att han bara genom att h\u00f6ja handen fick avgudabilderna i Tr\u00f6n\u00f6 att falla till marken och krossas. St\u00e4mningen blev s\u00e5 h\u00e4tsk att han slutligen tvingades fly s\u00f6derut. Hans f\u00f6rf\u00f6ljare hann ikapp honom och hans f\u00f6ljeslagare vid Mordb\u00e4cken i Skogs socken d\u00e4r han m\u00f6rdades troligen \u00e5r 1065. H\u00e4r finns dock tre varianter p\u00e5 hans d\u00f6d, genom stening, dr\u00e4nkning eller yxhugg i ryggen.<\/p>\n<table align=\"center\" cellpadding=\"0\" cellspacing=\"0\">\n<tbody>\n<tr>\n<td><a href=\"http:\/\/4.bp.blogspot.com\/-BqANX9Z_x-I\/U3CDUSAzFZI\/AAAAAAAAHco\/631b2oGpwrs\/s1600\/scoutka%CC%8Arsutflyktmedstupa.jpg\"><img loading=\"lazy\" decoding=\"async\" border=\"0\" src=\"http:\/\/4.bp.blogspot.com\/-BqANX9Z_x-I\/U3CDUSAzFZI\/AAAAAAAAHco\/631b2oGpwrs\/s1600\/scoutka%CC%8Arsutflyktmedstupa.jpg\" height=\"482\" width=\"640\"><\/a><\/td>\n<\/tr>\n<tr>\n<td><span>Sankte Staffans stupa<\/span><\/td>\n<\/tr>\n<\/tbody>\n<\/table>\n<div><\/div>\n<p>Efter sin d\u00f6d f\u00f6rdes han till ett h\u00e4rb\u00e4rge f\u00f6r resande vid Sj\u00e4lstuga d\u00e4r Nathan S\u00f6derblom 1928 l\u00e4t resa en minnessten (v\u00e4ster om dagens T\u00f6nnebro v\u00e4rdshus). I enlighet med sin \u00f6nskan bands Staffans kropp fast vid hans f\u00e5le Apelgr\u00e5. H\u00e4sten vandrade \u00e5ter norrut och stannade vid dagens Norrala kyrka. D\u00e4r begravdes Staffan i ett litet tr\u00e4hus, en s\u00e5 kallad gravstupa.<\/p>\n<p>P\u00e5 denna finns avbildningar fr\u00e5n 1600-talet. 1747 var den dock s\u00e5 f\u00f6rfallen att man uppf\u00f6ra en ny. 1829 var det \u00e5ter dags att bygga en ny gravstupa och d\u00e5 enligt s\u00e4gnen jordens underg\u00e5ng ska intr\u00e4ffa d\u00e5 den tredje stupan f\u00f6rfaller l\u00e4t sockenm\u00e4nnen uppf\u00f6ra en rej\u00e4l byggd i sten. Huset byggdes s\u00e5 att det i dag under golvet finns ett utrymme p\u00e5 2 meters djup d\u00e4r den ursprungliga stupan l\u00e5g.<\/p>\n<p>Unders\u00f6kningar som gjordes av Riksantikvarie\u00e4mbetet 1953 gav vid handen att de ben som f\u00f6rvaras i en enkel kista tycks vara av senare datum. Vid s\u00e5llning av markens jordlager hittade man endast f\u00f6rmultnat tr\u00e4 och kolrester, n\u00e5got som lett till spekulationer att Staffans kropp  br\u00e4nts p\u00e5 hedniskt vis.<\/p>\n<p>Oavsett fysiska bevis \u00e4r det klart att alla de s\u00e4gner som f\u00f6rekommer samt Adam av Bremens anteckningar ger historiens grova drag en trov\u00e4rdighet snart 1000 \u00e5r senare, Staffan Stalledr\u00e4ng fanns och dog i Vite Krists namn.<\/p>\n<p>&#8212;&#8211;<\/p>\n<div><\/div>\n<div>Tomas kommenterar:<\/div>\n<div><\/div>\n<div>Jag gissar att den Adalvard som s\u00e4ndes ut kan ha varit en av de tidiga biskoparna i Skara, det kanske kunniga bloggl\u00e4sare kan reda ut? I vilket fall \u00e4r det p\u00e5tagligt att missionen kanske hade sitt s\u00e4te i Bremen men v\u00e4ldigt m\u00e5nga mission\u00e4rer kom fr\u00e5n de engelska \u00f6arna, b\u00e5de i H\u00e4lsingland och h\u00e4r i V\u00e4sterg\u00f6tland. Tack Marcus!<\/div>\n<div>\n<div><\/div>\n<\/div>\n","protected":false},"excerpt":{"rendered":"<p>Marcus nere i stupan Idag har jag gl\u00e4djen att presentera en g\u00e4stbloggare p\u00e5 Vandra V\u00e4gen. Det \u00e4r Marcus H\u00e4ggstr\u00f6m som jag l\u00e4rt k\u00e4nna lite via sociala medier. Marcus pilgrimsvandrar mycket tillsammans med sin son och skriver om det p\u00e5\u00a0http:\/\/pilgrimen.blogg.se\u00a0d\u00e4r ocks\u00e5 den h\u00e4r texten om sankte Staffan finns publicerad. Jag l\u00e4mnar ordet till Marcus. Minnesskylt om [&hellip;]<\/p>\n","protected":false},"author":392,"featured_media":0,"comment_status":"open","ping_status":"open","sticky":false,"template":"","format":"standard","meta":{"_acf_changed":false,"footnotes":""},"categories":[76189,17359,19356,8337],"tags":[],"class_list":["post-29","post","type-post","status-publish","format-standard","hentry","category-dagens-kyrka","category-gastbloggare","category-helgon","category-historia"],"acf":[],"yoast_head":"<!-- This site is optimized with the Yoast SEO plugin v27.1.1 - https:\/\/yoast.com\/product\/yoast-seo-wordpress\/ -->\n<title>Sankte Staffan, en g\u00e4stbloggpost av Marcus H\u00e4ggstr\u00f6m - Vandra V\u00e4gen<\/title>\n<meta name=\"robots\" content=\"index, follow, max-snippet:-1, max-image-preview:large, max-video-preview:-1\" \/>\n<link rel=\"canonical\" href=\"https:\/\/blogg.svenskakyrkan.se\/vandravagen\/2014\/05\/13\/sankte-staffan-en-gastbloggpost-av-marcus-haggstrom\/\" \/>\n<meta property=\"og:locale\" content=\"sv_SE\" \/>\n<meta property=\"og:type\" content=\"article\" \/>\n<meta property=\"og:title\" content=\"Sankte Staffan, en g\u00e4stbloggpost av Marcus H\u00e4ggstr\u00f6m - Vandra V\u00e4gen\" \/>\n<meta property=\"og:description\" content=\"Marcus nere i stupan Idag har jag gl\u00e4djen att presentera en g\u00e4stbloggare p\u00e5 Vandra V\u00e4gen. Det \u00e4r Marcus H\u00e4ggstr\u00f6m som jag l\u00e4rt k\u00e4nna lite via sociala medier. Marcus pilgrimsvandrar mycket tillsammans med sin son och skriver om det p\u00e5\u00a0http:\/\/pilgrimen.blogg.se\u00a0d\u00e4r ocks\u00e5 den h\u00e4r texten om sankte Staffan finns publicerad. Jag l\u00e4mnar ordet till Marcus. Minnesskylt om [&hellip;]\" \/>\n<meta property=\"og:url\" content=\"https:\/\/blogg.svenskakyrkan.se\/vandravagen\/2014\/05\/13\/sankte-staffan-en-gastbloggpost-av-marcus-haggstrom\/\" \/>\n<meta property=\"og:site_name\" content=\"Vandra V\u00e4gen\" \/>\n<meta property=\"article:publisher\" content=\"http:\/\/facebook.com\/vandravagen\" \/>\n<meta property=\"article:published_time\" content=\"2014-05-13T05:00:00+00:00\" \/>\n<meta property=\"og:image\" content=\"http:\/\/2.bp.blogspot.com\/-up3vesmv23s\/U3CDUZM0nFI\/AAAAAAAAHcs\/KoiRvkaEZzk\/s1600\/Fo%CC%88rfattarevidscoutka%CC%8Arsutflykt.jpg\" \/>\n<meta name=\"author\" content=\"Tomas Jarvid\" \/>\n<meta name=\"twitter:card\" content=\"summary_large_image\" \/>\n<meta name=\"twitter:creator\" content=\"@fadertomas\" \/>\n<meta name=\"twitter:site\" content=\"@fadertomas\" \/>\n<meta name=\"twitter:label1\" content=\"Skriven av\" \/>\n\t<meta name=\"twitter:data1\" content=\"Tomas Jarvid\" \/>\n\t<meta name=\"twitter:label2\" content=\"Ber\u00e4knad l\u00e4stid\" \/>\n\t<meta name=\"twitter:data2\" content=\"4 minuter\" \/>\n<script type=\"application\/ld+json\" class=\"yoast-schema-graph\">{\"@context\":\"https:\/\/schema.org\",\"@graph\":[{\"@type\":\"Article\",\"@id\":\"https:\/\/blogg.svenskakyrkan.se\/vandravagen\/2014\/05\/13\/sankte-staffan-en-gastbloggpost-av-marcus-haggstrom\/#article\",\"isPartOf\":{\"@id\":\"https:\/\/blogg.svenskakyrkan.se\/vandravagen\/2014\/05\/13\/sankte-staffan-en-gastbloggpost-av-marcus-haggstrom\/\"},\"author\":{\"name\":\"Tomas Jarvid\",\"@id\":\"https:\/\/blogg.svenskakyrkan.se\/vandravagen\/#\/schema\/person\/25da02d4f76b137d04291711e2c9fc16\"},\"headline\":\"Sankte Staffan, en g\u00e4stbloggpost av Marcus H\u00e4ggstr\u00f6m\",\"datePublished\":\"2014-05-13T05:00:00+00:00\",\"mainEntityOfPage\":{\"@id\":\"https:\/\/blogg.svenskakyrkan.se\/vandravagen\/2014\/05\/13\/sankte-staffan-en-gastbloggpost-av-marcus-haggstrom\/\"},\"wordCount\":825,\"commentCount\":0,\"publisher\":{\"@id\":\"https:\/\/blogg.svenskakyrkan.se\/vandravagen\/#organization\"},\"image\":{\"@id\":\"https:\/\/blogg.svenskakyrkan.se\/vandravagen\/2014\/05\/13\/sankte-staffan-en-gastbloggpost-av-marcus-haggstrom\/#primaryimage\"},\"thumbnailUrl\":\"http:\/\/2.bp.blogspot.com\/-up3vesmv23s\/U3CDUZM0nFI\/AAAAAAAAHcs\/KoiRvkaEZzk\/s1600\/Fo%CC%88rfattarevidscoutka%CC%8Arsutflykt.jpg\",\"articleSection\":[\"Dagens Kyrka\",\"g\u00e4stbloggare\",\"helgon\",\"historia\"],\"inLanguage\":\"sv-SE\",\"potentialAction\":[{\"@type\":\"CommentAction\",\"name\":\"Comment\",\"target\":[\"https:\/\/blogg.svenskakyrkan.se\/vandravagen\/2014\/05\/13\/sankte-staffan-en-gastbloggpost-av-marcus-haggstrom\/#respond\"]}]},{\"@type\":\"WebPage\",\"@id\":\"https:\/\/blogg.svenskakyrkan.se\/vandravagen\/2014\/05\/13\/sankte-staffan-en-gastbloggpost-av-marcus-haggstrom\/\",\"url\":\"https:\/\/blogg.svenskakyrkan.se\/vandravagen\/2014\/05\/13\/sankte-staffan-en-gastbloggpost-av-marcus-haggstrom\/\",\"name\":\"Sankte Staffan, en g\u00e4stbloggpost av Marcus H\u00e4ggstr\u00f6m - Vandra V\u00e4gen\",\"isPartOf\":{\"@id\":\"https:\/\/blogg.svenskakyrkan.se\/vandravagen\/#website\"},\"primaryImageOfPage\":{\"@id\":\"https:\/\/blogg.svenskakyrkan.se\/vandravagen\/2014\/05\/13\/sankte-staffan-en-gastbloggpost-av-marcus-haggstrom\/#primaryimage\"},\"image\":{\"@id\":\"https:\/\/blogg.svenskakyrkan.se\/vandravagen\/2014\/05\/13\/sankte-staffan-en-gastbloggpost-av-marcus-haggstrom\/#primaryimage\"},\"thumbnailUrl\":\"http:\/\/2.bp.blogspot.com\/-up3vesmv23s\/U3CDUZM0nFI\/AAAAAAAAHcs\/KoiRvkaEZzk\/s1600\/Fo%CC%88rfattarevidscoutka%CC%8Arsutflykt.jpg\",\"datePublished\":\"2014-05-13T05:00:00+00:00\",\"breadcrumb\":{\"@id\":\"https:\/\/blogg.svenskakyrkan.se\/vandravagen\/2014\/05\/13\/sankte-staffan-en-gastbloggpost-av-marcus-haggstrom\/#breadcrumb\"},\"inLanguage\":\"sv-SE\",\"potentialAction\":[{\"@type\":\"ReadAction\",\"target\":[\"https:\/\/blogg.svenskakyrkan.se\/vandravagen\/2014\/05\/13\/sankte-staffan-en-gastbloggpost-av-marcus-haggstrom\/\"]}]},{\"@type\":\"ImageObject\",\"inLanguage\":\"sv-SE\",\"@id\":\"https:\/\/blogg.svenskakyrkan.se\/vandravagen\/2014\/05\/13\/sankte-staffan-en-gastbloggpost-av-marcus-haggstrom\/#primaryimage\",\"url\":\"http:\/\/2.bp.blogspot.com\/-up3vesmv23s\/U3CDUZM0nFI\/AAAAAAAAHcs\/KoiRvkaEZzk\/s1600\/Fo%CC%88rfattarevidscoutka%CC%8Arsutflykt.jpg\",\"contentUrl\":\"http:\/\/2.bp.blogspot.com\/-up3vesmv23s\/U3CDUZM0nFI\/AAAAAAAAHcs\/KoiRvkaEZzk\/s1600\/Fo%CC%88rfattarevidscoutka%CC%8Arsutflykt.jpg\"},{\"@type\":\"BreadcrumbList\",\"@id\":\"https:\/\/blogg.svenskakyrkan.se\/vandravagen\/2014\/05\/13\/sankte-staffan-en-gastbloggpost-av-marcus-haggstrom\/#breadcrumb\",\"itemListElement\":[{\"@type\":\"ListItem\",\"position\":1,\"name\":\"Hem\",\"item\":\"https:\/\/blogg.svenskakyrkan.se\/vandravagen\/\"},{\"@type\":\"ListItem\",\"position\":2,\"name\":\"Sankte Staffan, en g\u00e4stbloggpost av Marcus H\u00e4ggstr\u00f6m\"}]},{\"@type\":\"WebSite\",\"@id\":\"https:\/\/blogg.svenskakyrkan.se\/vandravagen\/#website\",\"url\":\"https:\/\/blogg.svenskakyrkan.se\/vandravagen\/\",\"name\":\"Vandra V\u00e4gen\",\"description\":\"-Mot en tro f\u00f6r hela livet\",\"publisher\":{\"@id\":\"https:\/\/blogg.svenskakyrkan.se\/vandravagen\/#organization\"},\"potentialAction\":[{\"@type\":\"SearchAction\",\"target\":{\"@type\":\"EntryPoint\",\"urlTemplate\":\"https:\/\/blogg.svenskakyrkan.se\/vandravagen\/?s={search_term_string}\"},\"query-input\":{\"@type\":\"PropertyValueSpecification\",\"valueRequired\":true,\"valueName\":\"search_term_string\"}}],\"inLanguage\":\"sv-SE\"},{\"@type\":\"Organization\",\"@id\":\"https:\/\/blogg.svenskakyrkan.se\/vandravagen\/#organization\",\"name\":\"ulricehamns pastorat\",\"alternateName\":\"ulricehamns pastorat\",\"url\":\"https:\/\/blogg.svenskakyrkan.se\/vandravagen\/\",\"logo\":{\"@type\":\"ImageObject\",\"inLanguage\":\"sv-SE\",\"@id\":\"https:\/\/blogg.svenskakyrkan.se\/vandravagen\/#\/schema\/logo\/image\/\",\"url\":\"https:\/\/blogg.svenskakyrkan.se\/vandravagen\/files\/2023\/05\/Ulr_logo_RGB.png\",\"contentUrl\":\"https:\/\/blogg.svenskakyrkan.se\/vandravagen\/files\/2023\/05\/Ulr_logo_RGB.png\",\"width\":205,\"height\":77,\"caption\":\"ulricehamns pastorat\"},\"image\":{\"@id\":\"https:\/\/blogg.svenskakyrkan.se\/vandravagen\/#\/schema\/logo\/image\/\"},\"sameAs\":[\"http:\/\/facebook.com\/vandravagen\",\"https:\/\/x.com\/fadertomas\",\"http:\/\/www.facebook.com\/svenskakyrkaniulricehamn\"]},{\"@type\":\"Person\",\"@id\":\"https:\/\/blogg.svenskakyrkan.se\/vandravagen\/#\/schema\/person\/25da02d4f76b137d04291711e2c9fc16\",\"name\":\"Tomas Jarvid\",\"image\":{\"@type\":\"ImageObject\",\"inLanguage\":\"sv-SE\",\"@id\":\"https:\/\/blogg.svenskakyrkan.se\/vandravagen\/#\/schema\/person\/image\/\",\"url\":\"https:\/\/secure.gravatar.com\/avatar\/7fa71899795e8f540f615a1f5ab25255dc27aa40f05ee7ddd21aac521e01bf50?s=96&d=identicon&r=g\",\"contentUrl\":\"https:\/\/secure.gravatar.com\/avatar\/7fa71899795e8f540f615a1f5ab25255dc27aa40f05ee7ddd21aac521e01bf50?s=96&d=identicon&r=g\",\"caption\":\"Tomas Jarvid\"},\"description\":\"Jag bor i Ulricehamn i V\u00e4sterg\u00f6tland och \u00e4r f\u00f6rsamlingspr\u00e4st i Svenska Kyrkan f\u00f6r Dalstorps f\u00f6rsamling i Kinds pastorat. P\u00e5 den h\u00e4r bloggen skriver jag ner tankar om vandringen som kristen.\",\"sameAs\":[\"http:\/\/www.vandravagen.se\"],\"url\":\"https:\/\/blogg.svenskakyrkan.se\/vandravagen\/author\/vandravagen\/\"}]}<\/script>\n<!-- \/ Yoast SEO plugin. -->","yoast_head_json":{"title":"Sankte Staffan, en g\u00e4stbloggpost av Marcus H\u00e4ggstr\u00f6m - Vandra V\u00e4gen","robots":{"index":"index","follow":"follow","max-snippet":"max-snippet:-1","max-image-preview":"max-image-preview:large","max-video-preview":"max-video-preview:-1"},"canonical":"https:\/\/blogg.svenskakyrkan.se\/vandravagen\/2014\/05\/13\/sankte-staffan-en-gastbloggpost-av-marcus-haggstrom\/","og_locale":"sv_SE","og_type":"article","og_title":"Sankte Staffan, en g\u00e4stbloggpost av Marcus H\u00e4ggstr\u00f6m - Vandra V\u00e4gen","og_description":"Marcus nere i stupan Idag har jag gl\u00e4djen att presentera en g\u00e4stbloggare p\u00e5 Vandra V\u00e4gen. Det \u00e4r Marcus H\u00e4ggstr\u00f6m som jag l\u00e4rt k\u00e4nna lite via sociala medier. Marcus pilgrimsvandrar mycket tillsammans med sin son och skriver om det p\u00e5\u00a0http:\/\/pilgrimen.blogg.se\u00a0d\u00e4r ocks\u00e5 den h\u00e4r texten om sankte Staffan finns publicerad. Jag l\u00e4mnar ordet till Marcus. Minnesskylt om [&hellip;]","og_url":"https:\/\/blogg.svenskakyrkan.se\/vandravagen\/2014\/05\/13\/sankte-staffan-en-gastbloggpost-av-marcus-haggstrom\/","og_site_name":"Vandra V\u00e4gen","article_publisher":"http:\/\/facebook.com\/vandravagen","article_published_time":"2014-05-13T05:00:00+00:00","og_image":[{"url":"http:\/\/2.bp.blogspot.com\/-up3vesmv23s\/U3CDUZM0nFI\/AAAAAAAAHcs\/KoiRvkaEZzk\/s1600\/Fo%CC%88rfattarevidscoutka%CC%8Arsutflykt.jpg","type":"","width":"","height":""}],"author":"Tomas Jarvid","twitter_card":"summary_large_image","twitter_creator":"@fadertomas","twitter_site":"@fadertomas","twitter_misc":{"Skriven av":"Tomas Jarvid","Ber\u00e4knad l\u00e4stid":"4 minuter"},"schema":{"@context":"https:\/\/schema.org","@graph":[{"@type":"Article","@id":"https:\/\/blogg.svenskakyrkan.se\/vandravagen\/2014\/05\/13\/sankte-staffan-en-gastbloggpost-av-marcus-haggstrom\/#article","isPartOf":{"@id":"https:\/\/blogg.svenskakyrkan.se\/vandravagen\/2014\/05\/13\/sankte-staffan-en-gastbloggpost-av-marcus-haggstrom\/"},"author":{"name":"Tomas Jarvid","@id":"https:\/\/blogg.svenskakyrkan.se\/vandravagen\/#\/schema\/person\/25da02d4f76b137d04291711e2c9fc16"},"headline":"Sankte Staffan, en g\u00e4stbloggpost av Marcus H\u00e4ggstr\u00f6m","datePublished":"2014-05-13T05:00:00+00:00","mainEntityOfPage":{"@id":"https:\/\/blogg.svenskakyrkan.se\/vandravagen\/2014\/05\/13\/sankte-staffan-en-gastbloggpost-av-marcus-haggstrom\/"},"wordCount":825,"commentCount":0,"publisher":{"@id":"https:\/\/blogg.svenskakyrkan.se\/vandravagen\/#organization"},"image":{"@id":"https:\/\/blogg.svenskakyrkan.se\/vandravagen\/2014\/05\/13\/sankte-staffan-en-gastbloggpost-av-marcus-haggstrom\/#primaryimage"},"thumbnailUrl":"http:\/\/2.bp.blogspot.com\/-up3vesmv23s\/U3CDUZM0nFI\/AAAAAAAAHcs\/KoiRvkaEZzk\/s1600\/Fo%CC%88rfattarevidscoutka%CC%8Arsutflykt.jpg","articleSection":["Dagens Kyrka","g\u00e4stbloggare","helgon","historia"],"inLanguage":"sv-SE","potentialAction":[{"@type":"CommentAction","name":"Comment","target":["https:\/\/blogg.svenskakyrkan.se\/vandravagen\/2014\/05\/13\/sankte-staffan-en-gastbloggpost-av-marcus-haggstrom\/#respond"]}]},{"@type":"WebPage","@id":"https:\/\/blogg.svenskakyrkan.se\/vandravagen\/2014\/05\/13\/sankte-staffan-en-gastbloggpost-av-marcus-haggstrom\/","url":"https:\/\/blogg.svenskakyrkan.se\/vandravagen\/2014\/05\/13\/sankte-staffan-en-gastbloggpost-av-marcus-haggstrom\/","name":"Sankte Staffan, en g\u00e4stbloggpost av Marcus H\u00e4ggstr\u00f6m - Vandra V\u00e4gen","isPartOf":{"@id":"https:\/\/blogg.svenskakyrkan.se\/vandravagen\/#website"},"primaryImageOfPage":{"@id":"https:\/\/blogg.svenskakyrkan.se\/vandravagen\/2014\/05\/13\/sankte-staffan-en-gastbloggpost-av-marcus-haggstrom\/#primaryimage"},"image":{"@id":"https:\/\/blogg.svenskakyrkan.se\/vandravagen\/2014\/05\/13\/sankte-staffan-en-gastbloggpost-av-marcus-haggstrom\/#primaryimage"},"thumbnailUrl":"http:\/\/2.bp.blogspot.com\/-up3vesmv23s\/U3CDUZM0nFI\/AAAAAAAAHcs\/KoiRvkaEZzk\/s1600\/Fo%CC%88rfattarevidscoutka%CC%8Arsutflykt.jpg","datePublished":"2014-05-13T05:00:00+00:00","breadcrumb":{"@id":"https:\/\/blogg.svenskakyrkan.se\/vandravagen\/2014\/05\/13\/sankte-staffan-en-gastbloggpost-av-marcus-haggstrom\/#breadcrumb"},"inLanguage":"sv-SE","potentialAction":[{"@type":"ReadAction","target":["https:\/\/blogg.svenskakyrkan.se\/vandravagen\/2014\/05\/13\/sankte-staffan-en-gastbloggpost-av-marcus-haggstrom\/"]}]},{"@type":"ImageObject","inLanguage":"sv-SE","@id":"https:\/\/blogg.svenskakyrkan.se\/vandravagen\/2014\/05\/13\/sankte-staffan-en-gastbloggpost-av-marcus-haggstrom\/#primaryimage","url":"http:\/\/2.bp.blogspot.com\/-up3vesmv23s\/U3CDUZM0nFI\/AAAAAAAAHcs\/KoiRvkaEZzk\/s1600\/Fo%CC%88rfattarevidscoutka%CC%8Arsutflykt.jpg","contentUrl":"http:\/\/2.bp.blogspot.com\/-up3vesmv23s\/U3CDUZM0nFI\/AAAAAAAAHcs\/KoiRvkaEZzk\/s1600\/Fo%CC%88rfattarevidscoutka%CC%8Arsutflykt.jpg"},{"@type":"BreadcrumbList","@id":"https:\/\/blogg.svenskakyrkan.se\/vandravagen\/2014\/05\/13\/sankte-staffan-en-gastbloggpost-av-marcus-haggstrom\/#breadcrumb","itemListElement":[{"@type":"ListItem","position":1,"name":"Hem","item":"https:\/\/blogg.svenskakyrkan.se\/vandravagen\/"},{"@type":"ListItem","position":2,"name":"Sankte Staffan, en g\u00e4stbloggpost av Marcus H\u00e4ggstr\u00f6m"}]},{"@type":"WebSite","@id":"https:\/\/blogg.svenskakyrkan.se\/vandravagen\/#website","url":"https:\/\/blogg.svenskakyrkan.se\/vandravagen\/","name":"Vandra V\u00e4gen","description":"-Mot en tro f\u00f6r hela livet","publisher":{"@id":"https:\/\/blogg.svenskakyrkan.se\/vandravagen\/#organization"},"potentialAction":[{"@type":"SearchAction","target":{"@type":"EntryPoint","urlTemplate":"https:\/\/blogg.svenskakyrkan.se\/vandravagen\/?s={search_term_string}"},"query-input":{"@type":"PropertyValueSpecification","valueRequired":true,"valueName":"search_term_string"}}],"inLanguage":"sv-SE"},{"@type":"Organization","@id":"https:\/\/blogg.svenskakyrkan.se\/vandravagen\/#organization","name":"ulricehamns pastorat","alternateName":"ulricehamns pastorat","url":"https:\/\/blogg.svenskakyrkan.se\/vandravagen\/","logo":{"@type":"ImageObject","inLanguage":"sv-SE","@id":"https:\/\/blogg.svenskakyrkan.se\/vandravagen\/#\/schema\/logo\/image\/","url":"https:\/\/blogg.svenskakyrkan.se\/vandravagen\/files\/2023\/05\/Ulr_logo_RGB.png","contentUrl":"https:\/\/blogg.svenskakyrkan.se\/vandravagen\/files\/2023\/05\/Ulr_logo_RGB.png","width":205,"height":77,"caption":"ulricehamns pastorat"},"image":{"@id":"https:\/\/blogg.svenskakyrkan.se\/vandravagen\/#\/schema\/logo\/image\/"},"sameAs":["http:\/\/facebook.com\/vandravagen","https:\/\/x.com\/fadertomas","http:\/\/www.facebook.com\/svenskakyrkaniulricehamn"]},{"@type":"Person","@id":"https:\/\/blogg.svenskakyrkan.se\/vandravagen\/#\/schema\/person\/25da02d4f76b137d04291711e2c9fc16","name":"Tomas Jarvid","image":{"@type":"ImageObject","inLanguage":"sv-SE","@id":"https:\/\/blogg.svenskakyrkan.se\/vandravagen\/#\/schema\/person\/image\/","url":"https:\/\/secure.gravatar.com\/avatar\/7fa71899795e8f540f615a1f5ab25255dc27aa40f05ee7ddd21aac521e01bf50?s=96&d=identicon&r=g","contentUrl":"https:\/\/secure.gravatar.com\/avatar\/7fa71899795e8f540f615a1f5ab25255dc27aa40f05ee7ddd21aac521e01bf50?s=96&d=identicon&r=g","caption":"Tomas Jarvid"},"description":"Jag bor i Ulricehamn i V\u00e4sterg\u00f6tland och \u00e4r f\u00f6rsamlingspr\u00e4st i Svenska Kyrkan f\u00f6r Dalstorps f\u00f6rsamling i Kinds pastorat. P\u00e5 den h\u00e4r bloggen skriver jag ner tankar om vandringen som kristen.","sameAs":["http:\/\/www.vandravagen.se"],"url":"https:\/\/blogg.svenskakyrkan.se\/vandravagen\/author\/vandravagen\/"}]}},"author_meta":{"ID":"392","user_nicename":"vandravagen","user_url":"http:\/\/www.vandravagen.se","user_registered":"2014-05-19 05:44:52","display_name":"Tomas Jarvid","first_name":"Tomas","last_name":"Jarvid","avatar":"https:\/\/secure.gravatar.com\/avatar\/7fa71899795e8f540f615a1f5ab25255dc27aa40f05ee7ddd21aac521e01bf50?s=96&d=identicon&r=g"},"featured_image":false,"bloginfo":{"name":"Vandra V\u00e4gen","url":"https:\/\/blogg.svenskakyrkan.se\/vandravagen"},"_links":{"self":[{"href":"https:\/\/blogg.svenskakyrkan.se\/vandravagen\/wp-json\/wp\/v2\/posts\/29","targetHints":{"allow":["GET"]}}],"collection":[{"href":"https:\/\/blogg.svenskakyrkan.se\/vandravagen\/wp-json\/wp\/v2\/posts"}],"about":[{"href":"https:\/\/blogg.svenskakyrkan.se\/vandravagen\/wp-json\/wp\/v2\/types\/post"}],"author":[{"embeddable":true,"href":"https:\/\/blogg.svenskakyrkan.se\/vandravagen\/wp-json\/wp\/v2\/users\/392"}],"replies":[{"embeddable":true,"href":"https:\/\/blogg.svenskakyrkan.se\/vandravagen\/wp-json\/wp\/v2\/comments?post=29"}],"version-history":[{"count":0,"href":"https:\/\/blogg.svenskakyrkan.se\/vandravagen\/wp-json\/wp\/v2\/posts\/29\/revisions"}],"wp:attachment":[{"href":"https:\/\/blogg.svenskakyrkan.se\/vandravagen\/wp-json\/wp\/v2\/media?parent=29"}],"wp:term":[{"taxonomy":"category","embeddable":true,"href":"https:\/\/blogg.svenskakyrkan.se\/vandravagen\/wp-json\/wp\/v2\/categories?post=29"},{"taxonomy":"post_tag","embeddable":true,"href":"https:\/\/blogg.svenskakyrkan.se\/vandravagen\/wp-json\/wp\/v2\/tags?post=29"}],"curies":[{"name":"wp","href":"https:\/\/api.w.org\/{rel}","templated":true}]}}