{"id":291,"date":"2013-11-04T10:45:00","date_gmt":"2013-11-04T09:45:00","guid":{"rendered":"http:\/\/blogg.svenskakyrkan.se\/vandravagen\/2013\/11\/04\/en-regelbunden-gudstjanst-satter-spar\/"},"modified":"2013-11-04T10:45:00","modified_gmt":"2013-11-04T09:45:00","slug":"en-regelbunden-gudstjanst-satter-spar","status":"publish","type":"post","link":"https:\/\/blogg.svenskakyrkan.se\/vandravagen\/2013\/11\/04\/en-regelbunden-gudstjanst-satter-spar\/","title":{"rendered":"En regelbunden gudstj\u00e4nst s\u00e4tter sp\u00e5r"},"content":{"rendered":"<table align=\"center\" cellpadding=\"0\" cellspacing=\"0\">\n<tbody>\n<tr>\n<td><a href=\"http:\/\/4.bp.blogspot.com\/-wqZDmv7AeE8\/Undeni75nHI\/AAAAAAAAF0I\/oSHOn7SnR2g\/s1600\/IMG_0052.JPG\"><img loading=\"lazy\" decoding=\"async\" border=\"0\" height=\"478\" src=\"http:\/\/4.bp.blogspot.com\/-wqZDmv7AeE8\/Undeni75nHI\/AAAAAAAAF0I\/oSHOn7SnR2g\/s640\/IMG_0052.JPG\" width=\"640\"><\/a><\/td>\n<\/tr>\n<tr>\n<td>G\u00f6tene kyrka, v\u00e4lbekant f\u00f6r mig!<\/td>\n<\/tr>\n<\/tbody>\n<\/table>\n<p>I mitt samfund tenderar vi ibland att satsa p\u00e5 det spektakul\u00e4ra n\u00e4r det kommer till gudstj\u00e4nster. Och det kan verka framg\u00e5ngsrikt. Helt klart \u00e4r det s\u00e5 att man snabbt kan f\u00e5 fler att komma p\u00e5 en gudstj\u00e4nst genom att ta dit n\u00e5gon skicklig eller k\u00e4nd musiker, eller genom n\u00e5got slags specialgudstj\u00e4nster. Det kan ha sina po\u00e4nger \u00e4ven om det blir r\u00e4tt tungt i l\u00e4ngden att komma p\u00e5 nya saker.<\/p>\n<p>N\u00e4r jag ser tillbaka p\u00e5 gudstj\u00e4nster jag firat \u00e4r det tydligt att det snarare \u00e4r de gudstj\u00e4nster jag \u00e5terkommit till regelbundet som satt sp\u00e5r i mig. Det kan handla om en regelbunden veckom\u00e4ssa jag firat eller s\u00f6ndagsgudstj\u00e4nst p\u00e5 samma st\u00e4lle flera g\u00e5nger. Den f\u00f6rsta g\u00e5ngen n\u00e5gonstans kan vara rolig och intressant men hemma blir det inte f\u00f6rr\u00e4n efter ett tag. Det \u00e4r d\u00e5 det kan h\u00e4nda n\u00e5got i mig p\u00e5 djupet.<\/p>\n<p>D\u00e4rf\u00f6r \u00e4r det viktigt att vi sl\u00e5r vakt om det regelbundna och det vi kan k\u00e4nna igen oss i \u00f6ver tid n\u00e4r det g\u00e4ller gudstj\u00e4nsten.<\/p>\n<p>H\u00e5ller du med?<\/p>\n","protected":false},"excerpt":{"rendered":"<p>G\u00f6tene kyrka, v\u00e4lbekant f\u00f6r mig! I mitt samfund tenderar vi ibland att satsa p\u00e5 det spektakul\u00e4ra n\u00e4r det kommer till gudstj\u00e4nster. Och det kan verka framg\u00e5ngsrikt. Helt klart \u00e4r det s\u00e5 att man snabbt kan f\u00e5 fler att komma p\u00e5 en gudstj\u00e4nst genom att ta dit n\u00e5gon skicklig eller k\u00e4nd musiker, eller genom n\u00e5got slags [&hellip;]<\/p>\n","protected":false},"author":392,"featured_media":0,"comment_status":"open","ping_status":"open","sticky":false,"template":"","format":"standard","meta":{"_acf_changed":false,"footnotes":""},"categories":[76189,8265],"tags":[],"class_list":["post-291","post","type-post","status-publish","format-standard","hentry","category-dagens-kyrka","category-gudstjanst"],"acf":[],"yoast_head":"<!-- This site is optimized with the Yoast SEO plugin v27.1.1 - https:\/\/yoast.com\/product\/yoast-seo-wordpress\/ -->\n<title>En regelbunden gudstj\u00e4nst s\u00e4tter sp\u00e5r - Vandra V\u00e4gen<\/title>\n<meta name=\"robots\" content=\"index, follow, max-snippet:-1, max-image-preview:large, max-video-preview:-1\" \/>\n<link rel=\"canonical\" href=\"https:\/\/blogg.svenskakyrkan.se\/vandravagen\/2013\/11\/04\/en-regelbunden-gudstjanst-satter-spar\/\" \/>\n<meta property=\"og:locale\" content=\"sv_SE\" \/>\n<meta property=\"og:type\" content=\"article\" \/>\n<meta property=\"og:title\" content=\"En regelbunden gudstj\u00e4nst s\u00e4tter sp\u00e5r - Vandra V\u00e4gen\" \/>\n<meta property=\"og:description\" content=\"G\u00f6tene kyrka, v\u00e4lbekant f\u00f6r mig! I mitt samfund tenderar vi ibland att satsa p\u00e5 det spektakul\u00e4ra n\u00e4r det kommer till gudstj\u00e4nster. Och det kan verka framg\u00e5ngsrikt. Helt klart \u00e4r det s\u00e5 att man snabbt kan f\u00e5 fler att komma p\u00e5 en gudstj\u00e4nst genom att ta dit n\u00e5gon skicklig eller k\u00e4nd musiker, eller genom n\u00e5got slags [&hellip;]\" \/>\n<meta property=\"og:url\" content=\"https:\/\/blogg.svenskakyrkan.se\/vandravagen\/2013\/11\/04\/en-regelbunden-gudstjanst-satter-spar\/\" \/>\n<meta property=\"og:site_name\" content=\"Vandra V\u00e4gen\" \/>\n<meta property=\"article:publisher\" content=\"http:\/\/facebook.com\/vandravagen\" \/>\n<meta property=\"article:published_time\" content=\"2013-11-04T09:45:00+00:00\" \/>\n<meta property=\"og:image\" content=\"http:\/\/4.bp.blogspot.com\/-wqZDmv7AeE8\/Undeni75nHI\/AAAAAAAAF0I\/oSHOn7SnR2g\/s640\/IMG_0052.JPG\" \/>\n<meta name=\"author\" content=\"Tomas Jarvid\" \/>\n<meta name=\"twitter:card\" content=\"summary_large_image\" \/>\n<meta name=\"twitter:creator\" content=\"@fadertomas\" \/>\n<meta name=\"twitter:site\" content=\"@fadertomas\" \/>\n<meta name=\"twitter:label1\" content=\"Skriven av\" \/>\n\t<meta name=\"twitter:data1\" content=\"Tomas Jarvid\" \/>\n\t<meta name=\"twitter:label2\" content=\"Ber\u00e4knad l\u00e4stid\" \/>\n\t<meta name=\"twitter:data2\" content=\"1 minut\" \/>\n<script type=\"application\/ld+json\" class=\"yoast-schema-graph\">{\"@context\":\"https:\/\/schema.org\",\"@graph\":[{\"@type\":\"Article\",\"@id\":\"https:\/\/blogg.svenskakyrkan.se\/vandravagen\/2013\/11\/04\/en-regelbunden-gudstjanst-satter-spar\/#article\",\"isPartOf\":{\"@id\":\"https:\/\/blogg.svenskakyrkan.se\/vandravagen\/2013\/11\/04\/en-regelbunden-gudstjanst-satter-spar\/\"},\"author\":{\"name\":\"Tomas Jarvid\",\"@id\":\"https:\/\/blogg.svenskakyrkan.se\/vandravagen\/#\/schema\/person\/25da02d4f76b137d04291711e2c9fc16\"},\"headline\":\"En regelbunden gudstj\u00e4nst s\u00e4tter sp\u00e5r\",\"datePublished\":\"2013-11-04T09:45:00+00:00\",\"mainEntityOfPage\":{\"@id\":\"https:\/\/blogg.svenskakyrkan.se\/vandravagen\/2013\/11\/04\/en-regelbunden-gudstjanst-satter-spar\/\"},\"wordCount\":220,\"commentCount\":5,\"publisher\":{\"@id\":\"https:\/\/blogg.svenskakyrkan.se\/vandravagen\/#organization\"},\"image\":{\"@id\":\"https:\/\/blogg.svenskakyrkan.se\/vandravagen\/2013\/11\/04\/en-regelbunden-gudstjanst-satter-spar\/#primaryimage\"},\"thumbnailUrl\":\"http:\/\/4.bp.blogspot.com\/-wqZDmv7AeE8\/Undeni75nHI\/AAAAAAAAF0I\/oSHOn7SnR2g\/s640\/IMG_0052.JPG\",\"articleSection\":[\"Dagens Kyrka\",\"Gudstj\u00e4nst\"],\"inLanguage\":\"sv-SE\",\"potentialAction\":[{\"@type\":\"CommentAction\",\"name\":\"Comment\",\"target\":[\"https:\/\/blogg.svenskakyrkan.se\/vandravagen\/2013\/11\/04\/en-regelbunden-gudstjanst-satter-spar\/#respond\"]}]},{\"@type\":\"WebPage\",\"@id\":\"https:\/\/blogg.svenskakyrkan.se\/vandravagen\/2013\/11\/04\/en-regelbunden-gudstjanst-satter-spar\/\",\"url\":\"https:\/\/blogg.svenskakyrkan.se\/vandravagen\/2013\/11\/04\/en-regelbunden-gudstjanst-satter-spar\/\",\"name\":\"En regelbunden gudstj\u00e4nst s\u00e4tter sp\u00e5r - Vandra V\u00e4gen\",\"isPartOf\":{\"@id\":\"https:\/\/blogg.svenskakyrkan.se\/vandravagen\/#website\"},\"primaryImageOfPage\":{\"@id\":\"https:\/\/blogg.svenskakyrkan.se\/vandravagen\/2013\/11\/04\/en-regelbunden-gudstjanst-satter-spar\/#primaryimage\"},\"image\":{\"@id\":\"https:\/\/blogg.svenskakyrkan.se\/vandravagen\/2013\/11\/04\/en-regelbunden-gudstjanst-satter-spar\/#primaryimage\"},\"thumbnailUrl\":\"http:\/\/4.bp.blogspot.com\/-wqZDmv7AeE8\/Undeni75nHI\/AAAAAAAAF0I\/oSHOn7SnR2g\/s640\/IMG_0052.JPG\",\"datePublished\":\"2013-11-04T09:45:00+00:00\",\"breadcrumb\":{\"@id\":\"https:\/\/blogg.svenskakyrkan.se\/vandravagen\/2013\/11\/04\/en-regelbunden-gudstjanst-satter-spar\/#breadcrumb\"},\"inLanguage\":\"sv-SE\",\"potentialAction\":[{\"@type\":\"ReadAction\",\"target\":[\"https:\/\/blogg.svenskakyrkan.se\/vandravagen\/2013\/11\/04\/en-regelbunden-gudstjanst-satter-spar\/\"]}]},{\"@type\":\"ImageObject\",\"inLanguage\":\"sv-SE\",\"@id\":\"https:\/\/blogg.svenskakyrkan.se\/vandravagen\/2013\/11\/04\/en-regelbunden-gudstjanst-satter-spar\/#primaryimage\",\"url\":\"http:\/\/4.bp.blogspot.com\/-wqZDmv7AeE8\/Undeni75nHI\/AAAAAAAAF0I\/oSHOn7SnR2g\/s640\/IMG_0052.JPG\",\"contentUrl\":\"http:\/\/4.bp.blogspot.com\/-wqZDmv7AeE8\/Undeni75nHI\/AAAAAAAAF0I\/oSHOn7SnR2g\/s640\/IMG_0052.JPG\"},{\"@type\":\"BreadcrumbList\",\"@id\":\"https:\/\/blogg.svenskakyrkan.se\/vandravagen\/2013\/11\/04\/en-regelbunden-gudstjanst-satter-spar\/#breadcrumb\",\"itemListElement\":[{\"@type\":\"ListItem\",\"position\":1,\"name\":\"Hem\",\"item\":\"https:\/\/blogg.svenskakyrkan.se\/vandravagen\/\"},{\"@type\":\"ListItem\",\"position\":2,\"name\":\"En regelbunden gudstj\u00e4nst s\u00e4tter sp\u00e5r\"}]},{\"@type\":\"WebSite\",\"@id\":\"https:\/\/blogg.svenskakyrkan.se\/vandravagen\/#website\",\"url\":\"https:\/\/blogg.svenskakyrkan.se\/vandravagen\/\",\"name\":\"Vandra V\u00e4gen\",\"description\":\"-Mot en tro f\u00f6r hela livet\",\"publisher\":{\"@id\":\"https:\/\/blogg.svenskakyrkan.se\/vandravagen\/#organization\"},\"potentialAction\":[{\"@type\":\"SearchAction\",\"target\":{\"@type\":\"EntryPoint\",\"urlTemplate\":\"https:\/\/blogg.svenskakyrkan.se\/vandravagen\/?s={search_term_string}\"},\"query-input\":{\"@type\":\"PropertyValueSpecification\",\"valueRequired\":true,\"valueName\":\"search_term_string\"}}],\"inLanguage\":\"sv-SE\"},{\"@type\":\"Organization\",\"@id\":\"https:\/\/blogg.svenskakyrkan.se\/vandravagen\/#organization\",\"name\":\"ulricehamns pastorat\",\"alternateName\":\"ulricehamns pastorat\",\"url\":\"https:\/\/blogg.svenskakyrkan.se\/vandravagen\/\",\"logo\":{\"@type\":\"ImageObject\",\"inLanguage\":\"sv-SE\",\"@id\":\"https:\/\/blogg.svenskakyrkan.se\/vandravagen\/#\/schema\/logo\/image\/\",\"url\":\"https:\/\/blogg.svenskakyrkan.se\/vandravagen\/files\/2023\/05\/Ulr_logo_RGB.png\",\"contentUrl\":\"https:\/\/blogg.svenskakyrkan.se\/vandravagen\/files\/2023\/05\/Ulr_logo_RGB.png\",\"width\":205,\"height\":77,\"caption\":\"ulricehamns pastorat\"},\"image\":{\"@id\":\"https:\/\/blogg.svenskakyrkan.se\/vandravagen\/#\/schema\/logo\/image\/\"},\"sameAs\":[\"http:\/\/facebook.com\/vandravagen\",\"https:\/\/x.com\/fadertomas\",\"http:\/\/www.facebook.com\/svenskakyrkaniulricehamn\"]},{\"@type\":\"Person\",\"@id\":\"https:\/\/blogg.svenskakyrkan.se\/vandravagen\/#\/schema\/person\/25da02d4f76b137d04291711e2c9fc16\",\"name\":\"Tomas Jarvid\",\"image\":{\"@type\":\"ImageObject\",\"inLanguage\":\"sv-SE\",\"@id\":\"https:\/\/blogg.svenskakyrkan.se\/vandravagen\/#\/schema\/person\/image\/\",\"url\":\"https:\/\/secure.gravatar.com\/avatar\/7fa71899795e8f540f615a1f5ab25255dc27aa40f05ee7ddd21aac521e01bf50?s=96&d=identicon&r=g\",\"contentUrl\":\"https:\/\/secure.gravatar.com\/avatar\/7fa71899795e8f540f615a1f5ab25255dc27aa40f05ee7ddd21aac521e01bf50?s=96&d=identicon&r=g\",\"caption\":\"Tomas Jarvid\"},\"description\":\"Jag bor i Ulricehamn i V\u00e4sterg\u00f6tland och \u00e4r f\u00f6rsamlingspr\u00e4st i Svenska Kyrkan f\u00f6r Dalstorps f\u00f6rsamling i Kinds pastorat. P\u00e5 den h\u00e4r bloggen skriver jag ner tankar om vandringen som kristen.\",\"sameAs\":[\"http:\/\/www.vandravagen.se\"],\"url\":\"https:\/\/blogg.svenskakyrkan.se\/vandravagen\/author\/vandravagen\/\"}]}<\/script>\n<!-- \/ Yoast SEO plugin. -->","yoast_head_json":{"title":"En regelbunden gudstj\u00e4nst s\u00e4tter sp\u00e5r - Vandra V\u00e4gen","robots":{"index":"index","follow":"follow","max-snippet":"max-snippet:-1","max-image-preview":"max-image-preview:large","max-video-preview":"max-video-preview:-1"},"canonical":"https:\/\/blogg.svenskakyrkan.se\/vandravagen\/2013\/11\/04\/en-regelbunden-gudstjanst-satter-spar\/","og_locale":"sv_SE","og_type":"article","og_title":"En regelbunden gudstj\u00e4nst s\u00e4tter sp\u00e5r - Vandra V\u00e4gen","og_description":"G\u00f6tene kyrka, v\u00e4lbekant f\u00f6r mig! I mitt samfund tenderar vi ibland att satsa p\u00e5 det spektakul\u00e4ra n\u00e4r det kommer till gudstj\u00e4nster. Och det kan verka framg\u00e5ngsrikt. Helt klart \u00e4r det s\u00e5 att man snabbt kan f\u00e5 fler att komma p\u00e5 en gudstj\u00e4nst genom att ta dit n\u00e5gon skicklig eller k\u00e4nd musiker, eller genom n\u00e5got slags [&hellip;]","og_url":"https:\/\/blogg.svenskakyrkan.se\/vandravagen\/2013\/11\/04\/en-regelbunden-gudstjanst-satter-spar\/","og_site_name":"Vandra V\u00e4gen","article_publisher":"http:\/\/facebook.com\/vandravagen","article_published_time":"2013-11-04T09:45:00+00:00","og_image":[{"url":"http:\/\/4.bp.blogspot.com\/-wqZDmv7AeE8\/Undeni75nHI\/AAAAAAAAF0I\/oSHOn7SnR2g\/s640\/IMG_0052.JPG","type":"","width":"","height":""}],"author":"Tomas Jarvid","twitter_card":"summary_large_image","twitter_creator":"@fadertomas","twitter_site":"@fadertomas","twitter_misc":{"Skriven av":"Tomas Jarvid","Ber\u00e4knad l\u00e4stid":"1 minut"},"schema":{"@context":"https:\/\/schema.org","@graph":[{"@type":"Article","@id":"https:\/\/blogg.svenskakyrkan.se\/vandravagen\/2013\/11\/04\/en-regelbunden-gudstjanst-satter-spar\/#article","isPartOf":{"@id":"https:\/\/blogg.svenskakyrkan.se\/vandravagen\/2013\/11\/04\/en-regelbunden-gudstjanst-satter-spar\/"},"author":{"name":"Tomas Jarvid","@id":"https:\/\/blogg.svenskakyrkan.se\/vandravagen\/#\/schema\/person\/25da02d4f76b137d04291711e2c9fc16"},"headline":"En regelbunden gudstj\u00e4nst s\u00e4tter sp\u00e5r","datePublished":"2013-11-04T09:45:00+00:00","mainEntityOfPage":{"@id":"https:\/\/blogg.svenskakyrkan.se\/vandravagen\/2013\/11\/04\/en-regelbunden-gudstjanst-satter-spar\/"},"wordCount":220,"commentCount":5,"publisher":{"@id":"https:\/\/blogg.svenskakyrkan.se\/vandravagen\/#organization"},"image":{"@id":"https:\/\/blogg.svenskakyrkan.se\/vandravagen\/2013\/11\/04\/en-regelbunden-gudstjanst-satter-spar\/#primaryimage"},"thumbnailUrl":"http:\/\/4.bp.blogspot.com\/-wqZDmv7AeE8\/Undeni75nHI\/AAAAAAAAF0I\/oSHOn7SnR2g\/s640\/IMG_0052.JPG","articleSection":["Dagens Kyrka","Gudstj\u00e4nst"],"inLanguage":"sv-SE","potentialAction":[{"@type":"CommentAction","name":"Comment","target":["https:\/\/blogg.svenskakyrkan.se\/vandravagen\/2013\/11\/04\/en-regelbunden-gudstjanst-satter-spar\/#respond"]}]},{"@type":"WebPage","@id":"https:\/\/blogg.svenskakyrkan.se\/vandravagen\/2013\/11\/04\/en-regelbunden-gudstjanst-satter-spar\/","url":"https:\/\/blogg.svenskakyrkan.se\/vandravagen\/2013\/11\/04\/en-regelbunden-gudstjanst-satter-spar\/","name":"En regelbunden gudstj\u00e4nst s\u00e4tter sp\u00e5r - Vandra V\u00e4gen","isPartOf":{"@id":"https:\/\/blogg.svenskakyrkan.se\/vandravagen\/#website"},"primaryImageOfPage":{"@id":"https:\/\/blogg.svenskakyrkan.se\/vandravagen\/2013\/11\/04\/en-regelbunden-gudstjanst-satter-spar\/#primaryimage"},"image":{"@id":"https:\/\/blogg.svenskakyrkan.se\/vandravagen\/2013\/11\/04\/en-regelbunden-gudstjanst-satter-spar\/#primaryimage"},"thumbnailUrl":"http:\/\/4.bp.blogspot.com\/-wqZDmv7AeE8\/Undeni75nHI\/AAAAAAAAF0I\/oSHOn7SnR2g\/s640\/IMG_0052.JPG","datePublished":"2013-11-04T09:45:00+00:00","breadcrumb":{"@id":"https:\/\/blogg.svenskakyrkan.se\/vandravagen\/2013\/11\/04\/en-regelbunden-gudstjanst-satter-spar\/#breadcrumb"},"inLanguage":"sv-SE","potentialAction":[{"@type":"ReadAction","target":["https:\/\/blogg.svenskakyrkan.se\/vandravagen\/2013\/11\/04\/en-regelbunden-gudstjanst-satter-spar\/"]}]},{"@type":"ImageObject","inLanguage":"sv-SE","@id":"https:\/\/blogg.svenskakyrkan.se\/vandravagen\/2013\/11\/04\/en-regelbunden-gudstjanst-satter-spar\/#primaryimage","url":"http:\/\/4.bp.blogspot.com\/-wqZDmv7AeE8\/Undeni75nHI\/AAAAAAAAF0I\/oSHOn7SnR2g\/s640\/IMG_0052.JPG","contentUrl":"http:\/\/4.bp.blogspot.com\/-wqZDmv7AeE8\/Undeni75nHI\/AAAAAAAAF0I\/oSHOn7SnR2g\/s640\/IMG_0052.JPG"},{"@type":"BreadcrumbList","@id":"https:\/\/blogg.svenskakyrkan.se\/vandravagen\/2013\/11\/04\/en-regelbunden-gudstjanst-satter-spar\/#breadcrumb","itemListElement":[{"@type":"ListItem","position":1,"name":"Hem","item":"https:\/\/blogg.svenskakyrkan.se\/vandravagen\/"},{"@type":"ListItem","position":2,"name":"En regelbunden gudstj\u00e4nst s\u00e4tter sp\u00e5r"}]},{"@type":"WebSite","@id":"https:\/\/blogg.svenskakyrkan.se\/vandravagen\/#website","url":"https:\/\/blogg.svenskakyrkan.se\/vandravagen\/","name":"Vandra V\u00e4gen","description":"-Mot en tro f\u00f6r hela livet","publisher":{"@id":"https:\/\/blogg.svenskakyrkan.se\/vandravagen\/#organization"},"potentialAction":[{"@type":"SearchAction","target":{"@type":"EntryPoint","urlTemplate":"https:\/\/blogg.svenskakyrkan.se\/vandravagen\/?s={search_term_string}"},"query-input":{"@type":"PropertyValueSpecification","valueRequired":true,"valueName":"search_term_string"}}],"inLanguage":"sv-SE"},{"@type":"Organization","@id":"https:\/\/blogg.svenskakyrkan.se\/vandravagen\/#organization","name":"ulricehamns pastorat","alternateName":"ulricehamns pastorat","url":"https:\/\/blogg.svenskakyrkan.se\/vandravagen\/","logo":{"@type":"ImageObject","inLanguage":"sv-SE","@id":"https:\/\/blogg.svenskakyrkan.se\/vandravagen\/#\/schema\/logo\/image\/","url":"https:\/\/blogg.svenskakyrkan.se\/vandravagen\/files\/2023\/05\/Ulr_logo_RGB.png","contentUrl":"https:\/\/blogg.svenskakyrkan.se\/vandravagen\/files\/2023\/05\/Ulr_logo_RGB.png","width":205,"height":77,"caption":"ulricehamns pastorat"},"image":{"@id":"https:\/\/blogg.svenskakyrkan.se\/vandravagen\/#\/schema\/logo\/image\/"},"sameAs":["http:\/\/facebook.com\/vandravagen","https:\/\/x.com\/fadertomas","http:\/\/www.facebook.com\/svenskakyrkaniulricehamn"]},{"@type":"Person","@id":"https:\/\/blogg.svenskakyrkan.se\/vandravagen\/#\/schema\/person\/25da02d4f76b137d04291711e2c9fc16","name":"Tomas Jarvid","image":{"@type":"ImageObject","inLanguage":"sv-SE","@id":"https:\/\/blogg.svenskakyrkan.se\/vandravagen\/#\/schema\/person\/image\/","url":"https:\/\/secure.gravatar.com\/avatar\/7fa71899795e8f540f615a1f5ab25255dc27aa40f05ee7ddd21aac521e01bf50?s=96&d=identicon&r=g","contentUrl":"https:\/\/secure.gravatar.com\/avatar\/7fa71899795e8f540f615a1f5ab25255dc27aa40f05ee7ddd21aac521e01bf50?s=96&d=identicon&r=g","caption":"Tomas Jarvid"},"description":"Jag bor i Ulricehamn i V\u00e4sterg\u00f6tland och \u00e4r f\u00f6rsamlingspr\u00e4st i Svenska Kyrkan f\u00f6r Dalstorps f\u00f6rsamling i Kinds pastorat. P\u00e5 den h\u00e4r bloggen skriver jag ner tankar om vandringen som kristen.","sameAs":["http:\/\/www.vandravagen.se"],"url":"https:\/\/blogg.svenskakyrkan.se\/vandravagen\/author\/vandravagen\/"}]}},"author_meta":{"ID":"392","user_nicename":"vandravagen","user_url":"http:\/\/www.vandravagen.se","user_registered":"2014-05-19 05:44:52","display_name":"Tomas Jarvid","first_name":"Tomas","last_name":"Jarvid","avatar":"https:\/\/secure.gravatar.com\/avatar\/7fa71899795e8f540f615a1f5ab25255dc27aa40f05ee7ddd21aac521e01bf50?s=96&d=identicon&r=g"},"featured_image":false,"bloginfo":{"name":"Vandra V\u00e4gen","url":"https:\/\/blogg.svenskakyrkan.se\/vandravagen"},"_links":{"self":[{"href":"https:\/\/blogg.svenskakyrkan.se\/vandravagen\/wp-json\/wp\/v2\/posts\/291","targetHints":{"allow":["GET"]}}],"collection":[{"href":"https:\/\/blogg.svenskakyrkan.se\/vandravagen\/wp-json\/wp\/v2\/posts"}],"about":[{"href":"https:\/\/blogg.svenskakyrkan.se\/vandravagen\/wp-json\/wp\/v2\/types\/post"}],"author":[{"embeddable":true,"href":"https:\/\/blogg.svenskakyrkan.se\/vandravagen\/wp-json\/wp\/v2\/users\/392"}],"replies":[{"embeddable":true,"href":"https:\/\/blogg.svenskakyrkan.se\/vandravagen\/wp-json\/wp\/v2\/comments?post=291"}],"version-history":[{"count":0,"href":"https:\/\/blogg.svenskakyrkan.se\/vandravagen\/wp-json\/wp\/v2\/posts\/291\/revisions"}],"wp:attachment":[{"href":"https:\/\/blogg.svenskakyrkan.se\/vandravagen\/wp-json\/wp\/v2\/media?parent=291"}],"wp:term":[{"taxonomy":"category","embeddable":true,"href":"https:\/\/blogg.svenskakyrkan.se\/vandravagen\/wp-json\/wp\/v2\/categories?post=291"},{"taxonomy":"post_tag","embeddable":true,"href":"https:\/\/blogg.svenskakyrkan.se\/vandravagen\/wp-json\/wp\/v2\/tags?post=291"}],"curies":[{"name":"wp","href":"https:\/\/api.w.org\/{rel}","templated":true}]}}