{"id":293,"date":"2013-11-02T09:28:00","date_gmt":"2013-11-02T08:28:00","guid":{"rendered":"http:\/\/blogg.svenskakyrkan.se\/vandravagen\/2013\/11\/02\/gud-som-gubbe-pa-ett-moln-del-2\/"},"modified":"2013-11-02T09:28:00","modified_gmt":"2013-11-02T08:28:00","slug":"gud-som-gubbe-pa-ett-moln-del-2","status":"publish","type":"post","link":"https:\/\/blogg.svenskakyrkan.se\/vandravagen\/2013\/11\/02\/gud-som-gubbe-pa-ett-moln-del-2\/","title":{"rendered":"Gud som gubbe p\u00e5 ett moln, del 2"},"content":{"rendered":"<table align=\"center\" cellpadding=\"0\" cellspacing=\"0\">\n<tbody>\n<tr>\n<td><a href=\"http:\/\/2.bp.blogspot.com\/-AdLwM0rOrfY\/UnSlkQpIIYI\/AAAAAAAAFzo\/fUOp11YClKg\/s1600\/genesis+crumb.jpg\"><img loading=\"lazy\" decoding=\"async\" border=\"0\" height=\"640\" src=\"http:\/\/2.bp.blogspot.com\/-AdLwM0rOrfY\/UnSlkQpIIYI\/AAAAAAAAFzo\/fUOp11YClKg\/s640\/genesis+crumb.jpg\" width=\"426\"><\/a><\/td>\n<\/tr>\n<tr>\n<td>1 Mos enligt Rober Crumb<\/td>\n<\/tr>\n<\/tbody>\n<\/table>\n<p>Jag har tidigare skrivit om den m\u00e4rkliga grejen med att tro <a href=\"http:\/\/www.vandravagen.se\/2013\/01\/saker-alla-vet-om-kristen-tro-iv-gubben.html\">att Gud \u00e4r en gubbe p\u00e5 ett moln<\/a>, eller i alla fall att vi tillskriver andra den tron.\u00a0<\/p>\n<div><\/div>\n<div>H\u00e4rom dagen tr\u00e4ffade jag mina konfirmander och de fick rita sina bilder av Gud. Att det blir en hel del gubbar p\u00e5 moln d\u00e5 \u00e4r inte s\u00e5 konstigt, det \u00e4r ju f\u00f6r 17 sv\u00e5rt att rita en bild av Gud, dessutom kan man tolka det positivt s\u00e5 att det \u00e4r det enklaste vi har att ta till f\u00f6r att f\u00f6rmedla att Gud trots all sin annorlundahet \u00e4r en personlig Gud som man kan relatera till.<\/div>\n<div><\/div>\n<div>Lite knepigare var det att l\u00e4sa boken p\u00e5 bilden. Det \u00e4r en seriebibel av den amerikanska undergroundtecknaren Robert Crumb. Crubm sj\u00e4lv \u00e4r ateist s\u00e5vitt jag f\u00f6rst\u00e5tt men djupt fascinerad av de texter som format v\u00e5r civilisation s\u00e5 mycket. Han skriver i f\u00f6rordet att inga texter varit i aktivt bruk och st\u00e4ndig tolkning lika l\u00e4nge som bibelns ber\u00e4ttelser.<\/div>\n<div><\/div>\n<div>Serien \u00e4r v\u00e4lgjord och \u00e5terger i stort sett bibeltexten vers f\u00f6r vers (\u00e4ven om det ofta \u00e4r en r\u00e4tt hemmasnickrad \u00f6vers\u00e4ttning fr\u00e5n det amerikanske originalet) vilket g\u00f6r att all det komplexa och otillr\u00e4ttalagda i bibeltexten kommer med. L\u00e4s g\u00e4rna Crumbs genesis, jag hittade den p\u00e5 biblioteket i Lidk\u00f6ping.<\/div>\n<div><\/div>\n<div>Det som verkligen f\u00f6rundrar mig \u00e4r annars att Gud hela v\u00e4gen igenom avbildas som en vitsk\u00e4ggig gubbe (s\u00e5klart str\u00e4ng och sur). Det g\u00f6r att \u00e4ven om seriebibeln p\u00e5 ytan \u00e4r v\u00e4ldigt texttrogen s\u00e5 missar den m\u00e5let rej\u00e4lt n\u00e4r det kommer till hur den bibliska Guden verkligen framst\u00e4lls i bibeltexten (\u00e4ven om jag ocks\u00e5 kan f\u00f6rst\u00e5 att en del av de bibliska ber\u00e4ttelserna inbjuder till surgubbetolkningen, s\u00e4rskilt eftersom vi <a href=\"http:\/\/www.vandravagen.se\/2012\/02\/en-karlekslos-gud.html\">i grunden misstror Gud<\/a>.<\/div>\n<div><\/div>\n<div>Jag f\u00f6rst\u00e5r verkligen att Robert Crumb inte kan tro p\u00e5 Gud om det \u00e4r s\u00e5 han t\u00e4nker sig Gud. Kanske \u00e4r det s\u00e5 f\u00f6r m\u00e5nga, att ned\u00e4rvda f\u00f6rest\u00e4llningar (som kanske egentligen har d\u00e5ligt st\u00f6d i bibel och tradition) st\u00e5r i v\u00e4gen f\u00f6r att man ska kunna ta till sig den kristna tr<\/p>\n<div><\/div>\n<div><\/div>\n<\/div>\n","protected":false},"excerpt":{"rendered":"<p>1 Mos enligt Rober Crumb Jag har tidigare skrivit om den m\u00e4rkliga grejen med att tro att Gud \u00e4r en gubbe p\u00e5 ett moln, eller i alla fall att vi tillskriver andra den tron.\u00a0 H\u00e4rom dagen tr\u00e4ffade jag mina konfirmander och de fick rita sina bilder av Gud. Att det blir en hel del gubbar [&hellip;]<\/p>\n","protected":false},"author":392,"featured_media":0,"comment_status":"open","ping_status":"open","sticky":false,"template":"","format":"standard","meta":{"_acf_changed":false,"footnotes":""},"categories":[14252,8298,76189,117],"tags":[],"class_list":["post-293","post","type-post","status-publish","format-standard","hentry","category-bibel","category-bibeln","category-dagens-kyrka","category-teologi"],"acf":[],"yoast_head":"<!-- This site is optimized with the Yoast SEO plugin v27.1.1 - https:\/\/yoast.com\/product\/yoast-seo-wordpress\/ -->\n<title>Gud som gubbe p\u00e5 ett moln, del 2 - Vandra V\u00e4gen<\/title>\n<meta name=\"robots\" content=\"index, follow, max-snippet:-1, max-image-preview:large, max-video-preview:-1\" \/>\n<link rel=\"canonical\" href=\"https:\/\/blogg.svenskakyrkan.se\/vandravagen\/2013\/11\/02\/gud-som-gubbe-pa-ett-moln-del-2\/\" \/>\n<meta property=\"og:locale\" content=\"sv_SE\" \/>\n<meta property=\"og:type\" content=\"article\" \/>\n<meta property=\"og:title\" content=\"Gud som gubbe p\u00e5 ett moln, del 2 - Vandra V\u00e4gen\" \/>\n<meta property=\"og:description\" content=\"1 Mos enligt Rober Crumb Jag har tidigare skrivit om den m\u00e4rkliga grejen med att tro att Gud \u00e4r en gubbe p\u00e5 ett moln, eller i alla fall att vi tillskriver andra den tron.\u00a0 H\u00e4rom dagen tr\u00e4ffade jag mina konfirmander och de fick rita sina bilder av Gud. Att det blir en hel del gubbar [&hellip;]\" \/>\n<meta property=\"og:url\" content=\"https:\/\/blogg.svenskakyrkan.se\/vandravagen\/2013\/11\/02\/gud-som-gubbe-pa-ett-moln-del-2\/\" \/>\n<meta property=\"og:site_name\" content=\"Vandra V\u00e4gen\" \/>\n<meta property=\"article:publisher\" content=\"http:\/\/facebook.com\/vandravagen\" \/>\n<meta property=\"article:published_time\" content=\"2013-11-02T08:28:00+00:00\" \/>\n<meta property=\"og:image\" content=\"http:\/\/2.bp.blogspot.com\/-AdLwM0rOrfY\/UnSlkQpIIYI\/AAAAAAAAFzo\/fUOp11YClKg\/s640\/genesis+crumb.jpg\" \/>\n<meta name=\"author\" content=\"Tomas Jarvid\" \/>\n<meta name=\"twitter:card\" content=\"summary_large_image\" \/>\n<meta name=\"twitter:creator\" content=\"@fadertomas\" \/>\n<meta name=\"twitter:site\" content=\"@fadertomas\" \/>\n<meta name=\"twitter:label1\" content=\"Skriven av\" \/>\n\t<meta name=\"twitter:data1\" content=\"Tomas Jarvid\" \/>\n\t<meta name=\"twitter:label2\" content=\"Ber\u00e4knad l\u00e4stid\" \/>\n\t<meta name=\"twitter:data2\" content=\"2 minuter\" \/>\n<script type=\"application\/ld+json\" class=\"yoast-schema-graph\">{\"@context\":\"https:\/\/schema.org\",\"@graph\":[{\"@type\":\"Article\",\"@id\":\"https:\/\/blogg.svenskakyrkan.se\/vandravagen\/2013\/11\/02\/gud-som-gubbe-pa-ett-moln-del-2\/#article\",\"isPartOf\":{\"@id\":\"https:\/\/blogg.svenskakyrkan.se\/vandravagen\/2013\/11\/02\/gud-som-gubbe-pa-ett-moln-del-2\/\"},\"author\":{\"name\":\"Tomas Jarvid\",\"@id\":\"https:\/\/blogg.svenskakyrkan.se\/vandravagen\/#\/schema\/person\/25da02d4f76b137d04291711e2c9fc16\"},\"headline\":\"Gud som gubbe p\u00e5 ett moln, del 2\",\"datePublished\":\"2013-11-02T08:28:00+00:00\",\"mainEntityOfPage\":{\"@id\":\"https:\/\/blogg.svenskakyrkan.se\/vandravagen\/2013\/11\/02\/gud-som-gubbe-pa-ett-moln-del-2\/\"},\"wordCount\":397,\"commentCount\":2,\"publisher\":{\"@id\":\"https:\/\/blogg.svenskakyrkan.se\/vandravagen\/#organization\"},\"image\":{\"@id\":\"https:\/\/blogg.svenskakyrkan.se\/vandravagen\/2013\/11\/02\/gud-som-gubbe-pa-ett-moln-del-2\/#primaryimage\"},\"thumbnailUrl\":\"http:\/\/2.bp.blogspot.com\/-AdLwM0rOrfY\/UnSlkQpIIYI\/AAAAAAAAFzo\/fUOp11YClKg\/s640\/genesis+crumb.jpg\",\"articleSection\":[\"bibel\",\"Bibeln\",\"Dagens Kyrka\",\"Teologi\"],\"inLanguage\":\"sv-SE\",\"potentialAction\":[{\"@type\":\"CommentAction\",\"name\":\"Comment\",\"target\":[\"https:\/\/blogg.svenskakyrkan.se\/vandravagen\/2013\/11\/02\/gud-som-gubbe-pa-ett-moln-del-2\/#respond\"]}]},{\"@type\":\"WebPage\",\"@id\":\"https:\/\/blogg.svenskakyrkan.se\/vandravagen\/2013\/11\/02\/gud-som-gubbe-pa-ett-moln-del-2\/\",\"url\":\"https:\/\/blogg.svenskakyrkan.se\/vandravagen\/2013\/11\/02\/gud-som-gubbe-pa-ett-moln-del-2\/\",\"name\":\"Gud som gubbe p\u00e5 ett moln, del 2 - Vandra V\u00e4gen\",\"isPartOf\":{\"@id\":\"https:\/\/blogg.svenskakyrkan.se\/vandravagen\/#website\"},\"primaryImageOfPage\":{\"@id\":\"https:\/\/blogg.svenskakyrkan.se\/vandravagen\/2013\/11\/02\/gud-som-gubbe-pa-ett-moln-del-2\/#primaryimage\"},\"image\":{\"@id\":\"https:\/\/blogg.svenskakyrkan.se\/vandravagen\/2013\/11\/02\/gud-som-gubbe-pa-ett-moln-del-2\/#primaryimage\"},\"thumbnailUrl\":\"http:\/\/2.bp.blogspot.com\/-AdLwM0rOrfY\/UnSlkQpIIYI\/AAAAAAAAFzo\/fUOp11YClKg\/s640\/genesis+crumb.jpg\",\"datePublished\":\"2013-11-02T08:28:00+00:00\",\"breadcrumb\":{\"@id\":\"https:\/\/blogg.svenskakyrkan.se\/vandravagen\/2013\/11\/02\/gud-som-gubbe-pa-ett-moln-del-2\/#breadcrumb\"},\"inLanguage\":\"sv-SE\",\"potentialAction\":[{\"@type\":\"ReadAction\",\"target\":[\"https:\/\/blogg.svenskakyrkan.se\/vandravagen\/2013\/11\/02\/gud-som-gubbe-pa-ett-moln-del-2\/\"]}]},{\"@type\":\"ImageObject\",\"inLanguage\":\"sv-SE\",\"@id\":\"https:\/\/blogg.svenskakyrkan.se\/vandravagen\/2013\/11\/02\/gud-som-gubbe-pa-ett-moln-del-2\/#primaryimage\",\"url\":\"http:\/\/2.bp.blogspot.com\/-AdLwM0rOrfY\/UnSlkQpIIYI\/AAAAAAAAFzo\/fUOp11YClKg\/s640\/genesis+crumb.jpg\",\"contentUrl\":\"http:\/\/2.bp.blogspot.com\/-AdLwM0rOrfY\/UnSlkQpIIYI\/AAAAAAAAFzo\/fUOp11YClKg\/s640\/genesis+crumb.jpg\"},{\"@type\":\"BreadcrumbList\",\"@id\":\"https:\/\/blogg.svenskakyrkan.se\/vandravagen\/2013\/11\/02\/gud-som-gubbe-pa-ett-moln-del-2\/#breadcrumb\",\"itemListElement\":[{\"@type\":\"ListItem\",\"position\":1,\"name\":\"Hem\",\"item\":\"https:\/\/blogg.svenskakyrkan.se\/vandravagen\/\"},{\"@type\":\"ListItem\",\"position\":2,\"name\":\"Gud som gubbe p\u00e5 ett moln, del 2\"}]},{\"@type\":\"WebSite\",\"@id\":\"https:\/\/blogg.svenskakyrkan.se\/vandravagen\/#website\",\"url\":\"https:\/\/blogg.svenskakyrkan.se\/vandravagen\/\",\"name\":\"Vandra V\u00e4gen\",\"description\":\"-Mot en tro f\u00f6r hela livet\",\"publisher\":{\"@id\":\"https:\/\/blogg.svenskakyrkan.se\/vandravagen\/#organization\"},\"potentialAction\":[{\"@type\":\"SearchAction\",\"target\":{\"@type\":\"EntryPoint\",\"urlTemplate\":\"https:\/\/blogg.svenskakyrkan.se\/vandravagen\/?s={search_term_string}\"},\"query-input\":{\"@type\":\"PropertyValueSpecification\",\"valueRequired\":true,\"valueName\":\"search_term_string\"}}],\"inLanguage\":\"sv-SE\"},{\"@type\":\"Organization\",\"@id\":\"https:\/\/blogg.svenskakyrkan.se\/vandravagen\/#organization\",\"name\":\"ulricehamns pastorat\",\"alternateName\":\"ulricehamns pastorat\",\"url\":\"https:\/\/blogg.svenskakyrkan.se\/vandravagen\/\",\"logo\":{\"@type\":\"ImageObject\",\"inLanguage\":\"sv-SE\",\"@id\":\"https:\/\/blogg.svenskakyrkan.se\/vandravagen\/#\/schema\/logo\/image\/\",\"url\":\"https:\/\/blogg.svenskakyrkan.se\/vandravagen\/files\/2023\/05\/Ulr_logo_RGB.png\",\"contentUrl\":\"https:\/\/blogg.svenskakyrkan.se\/vandravagen\/files\/2023\/05\/Ulr_logo_RGB.png\",\"width\":205,\"height\":77,\"caption\":\"ulricehamns pastorat\"},\"image\":{\"@id\":\"https:\/\/blogg.svenskakyrkan.se\/vandravagen\/#\/schema\/logo\/image\/\"},\"sameAs\":[\"http:\/\/facebook.com\/vandravagen\",\"https:\/\/x.com\/fadertomas\",\"http:\/\/www.facebook.com\/svenskakyrkaniulricehamn\"]},{\"@type\":\"Person\",\"@id\":\"https:\/\/blogg.svenskakyrkan.se\/vandravagen\/#\/schema\/person\/25da02d4f76b137d04291711e2c9fc16\",\"name\":\"Tomas Jarvid\",\"image\":{\"@type\":\"ImageObject\",\"inLanguage\":\"sv-SE\",\"@id\":\"https:\/\/blogg.svenskakyrkan.se\/vandravagen\/#\/schema\/person\/image\/\",\"url\":\"https:\/\/secure.gravatar.com\/avatar\/7fa71899795e8f540f615a1f5ab25255dc27aa40f05ee7ddd21aac521e01bf50?s=96&d=identicon&r=g\",\"contentUrl\":\"https:\/\/secure.gravatar.com\/avatar\/7fa71899795e8f540f615a1f5ab25255dc27aa40f05ee7ddd21aac521e01bf50?s=96&d=identicon&r=g\",\"caption\":\"Tomas Jarvid\"},\"description\":\"Jag bor i Ulricehamn i V\u00e4sterg\u00f6tland och \u00e4r f\u00f6rsamlingspr\u00e4st i Svenska Kyrkan f\u00f6r Dalstorps f\u00f6rsamling i Kinds pastorat. P\u00e5 den h\u00e4r bloggen skriver jag ner tankar om vandringen som kristen.\",\"sameAs\":[\"http:\/\/www.vandravagen.se\"],\"url\":\"https:\/\/blogg.svenskakyrkan.se\/vandravagen\/author\/vandravagen\/\"}]}<\/script>\n<!-- \/ Yoast SEO plugin. -->","yoast_head_json":{"title":"Gud som gubbe p\u00e5 ett moln, del 2 - Vandra V\u00e4gen","robots":{"index":"index","follow":"follow","max-snippet":"max-snippet:-1","max-image-preview":"max-image-preview:large","max-video-preview":"max-video-preview:-1"},"canonical":"https:\/\/blogg.svenskakyrkan.se\/vandravagen\/2013\/11\/02\/gud-som-gubbe-pa-ett-moln-del-2\/","og_locale":"sv_SE","og_type":"article","og_title":"Gud som gubbe p\u00e5 ett moln, del 2 - Vandra V\u00e4gen","og_description":"1 Mos enligt Rober Crumb Jag har tidigare skrivit om den m\u00e4rkliga grejen med att tro att Gud \u00e4r en gubbe p\u00e5 ett moln, eller i alla fall att vi tillskriver andra den tron.\u00a0 H\u00e4rom dagen tr\u00e4ffade jag mina konfirmander och de fick rita sina bilder av Gud. Att det blir en hel del gubbar [&hellip;]","og_url":"https:\/\/blogg.svenskakyrkan.se\/vandravagen\/2013\/11\/02\/gud-som-gubbe-pa-ett-moln-del-2\/","og_site_name":"Vandra V\u00e4gen","article_publisher":"http:\/\/facebook.com\/vandravagen","article_published_time":"2013-11-02T08:28:00+00:00","og_image":[{"url":"http:\/\/2.bp.blogspot.com\/-AdLwM0rOrfY\/UnSlkQpIIYI\/AAAAAAAAFzo\/fUOp11YClKg\/s640\/genesis+crumb.jpg","type":"","width":"","height":""}],"author":"Tomas Jarvid","twitter_card":"summary_large_image","twitter_creator":"@fadertomas","twitter_site":"@fadertomas","twitter_misc":{"Skriven av":"Tomas Jarvid","Ber\u00e4knad l\u00e4stid":"2 minuter"},"schema":{"@context":"https:\/\/schema.org","@graph":[{"@type":"Article","@id":"https:\/\/blogg.svenskakyrkan.se\/vandravagen\/2013\/11\/02\/gud-som-gubbe-pa-ett-moln-del-2\/#article","isPartOf":{"@id":"https:\/\/blogg.svenskakyrkan.se\/vandravagen\/2013\/11\/02\/gud-som-gubbe-pa-ett-moln-del-2\/"},"author":{"name":"Tomas Jarvid","@id":"https:\/\/blogg.svenskakyrkan.se\/vandravagen\/#\/schema\/person\/25da02d4f76b137d04291711e2c9fc16"},"headline":"Gud som gubbe p\u00e5 ett moln, del 2","datePublished":"2013-11-02T08:28:00+00:00","mainEntityOfPage":{"@id":"https:\/\/blogg.svenskakyrkan.se\/vandravagen\/2013\/11\/02\/gud-som-gubbe-pa-ett-moln-del-2\/"},"wordCount":397,"commentCount":2,"publisher":{"@id":"https:\/\/blogg.svenskakyrkan.se\/vandravagen\/#organization"},"image":{"@id":"https:\/\/blogg.svenskakyrkan.se\/vandravagen\/2013\/11\/02\/gud-som-gubbe-pa-ett-moln-del-2\/#primaryimage"},"thumbnailUrl":"http:\/\/2.bp.blogspot.com\/-AdLwM0rOrfY\/UnSlkQpIIYI\/AAAAAAAAFzo\/fUOp11YClKg\/s640\/genesis+crumb.jpg","articleSection":["bibel","Bibeln","Dagens Kyrka","Teologi"],"inLanguage":"sv-SE","potentialAction":[{"@type":"CommentAction","name":"Comment","target":["https:\/\/blogg.svenskakyrkan.se\/vandravagen\/2013\/11\/02\/gud-som-gubbe-pa-ett-moln-del-2\/#respond"]}]},{"@type":"WebPage","@id":"https:\/\/blogg.svenskakyrkan.se\/vandravagen\/2013\/11\/02\/gud-som-gubbe-pa-ett-moln-del-2\/","url":"https:\/\/blogg.svenskakyrkan.se\/vandravagen\/2013\/11\/02\/gud-som-gubbe-pa-ett-moln-del-2\/","name":"Gud som gubbe p\u00e5 ett moln, del 2 - Vandra V\u00e4gen","isPartOf":{"@id":"https:\/\/blogg.svenskakyrkan.se\/vandravagen\/#website"},"primaryImageOfPage":{"@id":"https:\/\/blogg.svenskakyrkan.se\/vandravagen\/2013\/11\/02\/gud-som-gubbe-pa-ett-moln-del-2\/#primaryimage"},"image":{"@id":"https:\/\/blogg.svenskakyrkan.se\/vandravagen\/2013\/11\/02\/gud-som-gubbe-pa-ett-moln-del-2\/#primaryimage"},"thumbnailUrl":"http:\/\/2.bp.blogspot.com\/-AdLwM0rOrfY\/UnSlkQpIIYI\/AAAAAAAAFzo\/fUOp11YClKg\/s640\/genesis+crumb.jpg","datePublished":"2013-11-02T08:28:00+00:00","breadcrumb":{"@id":"https:\/\/blogg.svenskakyrkan.se\/vandravagen\/2013\/11\/02\/gud-som-gubbe-pa-ett-moln-del-2\/#breadcrumb"},"inLanguage":"sv-SE","potentialAction":[{"@type":"ReadAction","target":["https:\/\/blogg.svenskakyrkan.se\/vandravagen\/2013\/11\/02\/gud-som-gubbe-pa-ett-moln-del-2\/"]}]},{"@type":"ImageObject","inLanguage":"sv-SE","@id":"https:\/\/blogg.svenskakyrkan.se\/vandravagen\/2013\/11\/02\/gud-som-gubbe-pa-ett-moln-del-2\/#primaryimage","url":"http:\/\/2.bp.blogspot.com\/-AdLwM0rOrfY\/UnSlkQpIIYI\/AAAAAAAAFzo\/fUOp11YClKg\/s640\/genesis+crumb.jpg","contentUrl":"http:\/\/2.bp.blogspot.com\/-AdLwM0rOrfY\/UnSlkQpIIYI\/AAAAAAAAFzo\/fUOp11YClKg\/s640\/genesis+crumb.jpg"},{"@type":"BreadcrumbList","@id":"https:\/\/blogg.svenskakyrkan.se\/vandravagen\/2013\/11\/02\/gud-som-gubbe-pa-ett-moln-del-2\/#breadcrumb","itemListElement":[{"@type":"ListItem","position":1,"name":"Hem","item":"https:\/\/blogg.svenskakyrkan.se\/vandravagen\/"},{"@type":"ListItem","position":2,"name":"Gud som gubbe p\u00e5 ett moln, del 2"}]},{"@type":"WebSite","@id":"https:\/\/blogg.svenskakyrkan.se\/vandravagen\/#website","url":"https:\/\/blogg.svenskakyrkan.se\/vandravagen\/","name":"Vandra V\u00e4gen","description":"-Mot en tro f\u00f6r hela livet","publisher":{"@id":"https:\/\/blogg.svenskakyrkan.se\/vandravagen\/#organization"},"potentialAction":[{"@type":"SearchAction","target":{"@type":"EntryPoint","urlTemplate":"https:\/\/blogg.svenskakyrkan.se\/vandravagen\/?s={search_term_string}"},"query-input":{"@type":"PropertyValueSpecification","valueRequired":true,"valueName":"search_term_string"}}],"inLanguage":"sv-SE"},{"@type":"Organization","@id":"https:\/\/blogg.svenskakyrkan.se\/vandravagen\/#organization","name":"ulricehamns pastorat","alternateName":"ulricehamns pastorat","url":"https:\/\/blogg.svenskakyrkan.se\/vandravagen\/","logo":{"@type":"ImageObject","inLanguage":"sv-SE","@id":"https:\/\/blogg.svenskakyrkan.se\/vandravagen\/#\/schema\/logo\/image\/","url":"https:\/\/blogg.svenskakyrkan.se\/vandravagen\/files\/2023\/05\/Ulr_logo_RGB.png","contentUrl":"https:\/\/blogg.svenskakyrkan.se\/vandravagen\/files\/2023\/05\/Ulr_logo_RGB.png","width":205,"height":77,"caption":"ulricehamns pastorat"},"image":{"@id":"https:\/\/blogg.svenskakyrkan.se\/vandravagen\/#\/schema\/logo\/image\/"},"sameAs":["http:\/\/facebook.com\/vandravagen","https:\/\/x.com\/fadertomas","http:\/\/www.facebook.com\/svenskakyrkaniulricehamn"]},{"@type":"Person","@id":"https:\/\/blogg.svenskakyrkan.se\/vandravagen\/#\/schema\/person\/25da02d4f76b137d04291711e2c9fc16","name":"Tomas Jarvid","image":{"@type":"ImageObject","inLanguage":"sv-SE","@id":"https:\/\/blogg.svenskakyrkan.se\/vandravagen\/#\/schema\/person\/image\/","url":"https:\/\/secure.gravatar.com\/avatar\/7fa71899795e8f540f615a1f5ab25255dc27aa40f05ee7ddd21aac521e01bf50?s=96&d=identicon&r=g","contentUrl":"https:\/\/secure.gravatar.com\/avatar\/7fa71899795e8f540f615a1f5ab25255dc27aa40f05ee7ddd21aac521e01bf50?s=96&d=identicon&r=g","caption":"Tomas Jarvid"},"description":"Jag bor i Ulricehamn i V\u00e4sterg\u00f6tland och \u00e4r f\u00f6rsamlingspr\u00e4st i Svenska Kyrkan f\u00f6r Dalstorps f\u00f6rsamling i Kinds pastorat. P\u00e5 den h\u00e4r bloggen skriver jag ner tankar om vandringen som kristen.","sameAs":["http:\/\/www.vandravagen.se"],"url":"https:\/\/blogg.svenskakyrkan.se\/vandravagen\/author\/vandravagen\/"}]}},"author_meta":{"ID":"392","user_nicename":"vandravagen","user_url":"http:\/\/www.vandravagen.se","user_registered":"2014-05-19 05:44:52","display_name":"Tomas Jarvid","first_name":"Tomas","last_name":"Jarvid","avatar":"https:\/\/secure.gravatar.com\/avatar\/7fa71899795e8f540f615a1f5ab25255dc27aa40f05ee7ddd21aac521e01bf50?s=96&d=identicon&r=g"},"featured_image":false,"bloginfo":{"name":"Vandra V\u00e4gen","url":"https:\/\/blogg.svenskakyrkan.se\/vandravagen"},"_links":{"self":[{"href":"https:\/\/blogg.svenskakyrkan.se\/vandravagen\/wp-json\/wp\/v2\/posts\/293","targetHints":{"allow":["GET"]}}],"collection":[{"href":"https:\/\/blogg.svenskakyrkan.se\/vandravagen\/wp-json\/wp\/v2\/posts"}],"about":[{"href":"https:\/\/blogg.svenskakyrkan.se\/vandravagen\/wp-json\/wp\/v2\/types\/post"}],"author":[{"embeddable":true,"href":"https:\/\/blogg.svenskakyrkan.se\/vandravagen\/wp-json\/wp\/v2\/users\/392"}],"replies":[{"embeddable":true,"href":"https:\/\/blogg.svenskakyrkan.se\/vandravagen\/wp-json\/wp\/v2\/comments?post=293"}],"version-history":[{"count":0,"href":"https:\/\/blogg.svenskakyrkan.se\/vandravagen\/wp-json\/wp\/v2\/posts\/293\/revisions"}],"wp:attachment":[{"href":"https:\/\/blogg.svenskakyrkan.se\/vandravagen\/wp-json\/wp\/v2\/media?parent=293"}],"wp:term":[{"taxonomy":"category","embeddable":true,"href":"https:\/\/blogg.svenskakyrkan.se\/vandravagen\/wp-json\/wp\/v2\/categories?post=293"},{"taxonomy":"post_tag","embeddable":true,"href":"https:\/\/blogg.svenskakyrkan.se\/vandravagen\/wp-json\/wp\/v2\/tags?post=293"}],"curies":[{"name":"wp","href":"https:\/\/api.w.org\/{rel}","templated":true}]}}