{"id":2952,"date":"2015-04-16T07:00:16","date_gmt":"2015-04-16T05:00:16","guid":{"rendered":"http:\/\/blogg.svenskakyrkan.se\/vandravagen\/?p=2952"},"modified":"2015-04-15T21:08:23","modified_gmt":"2015-04-15T19:08:23","slug":"heliga-muskler-i-hjarnan","status":"publish","type":"post","link":"https:\/\/blogg.svenskakyrkan.se\/vandravagen\/2015\/04\/16\/heliga-muskler-i-hjarnan\/","title":{"rendered":"Heliga muskler, i hj\u00e4rnan"},"content":{"rendered":"<div id=\"attachment_2953\" style=\"width: 776px\" class=\"wp-caption aligncenter\"><a href=\"http:\/\/blogg.svenskakyrkan.se\/vandravagen\/files\/2015\/04\/IMG_5676.jpg\"><img loading=\"lazy\" decoding=\"async\" aria-describedby=\"caption-attachment-2953\" class=\"size-full wp-image-2953\" src=\"http:\/\/blogg.svenskakyrkan.se\/vandravagen\/files\/2015\/04\/IMG_5676.jpg\" alt=\"Schackspel. Spelar man mycket blir man bra p\u00e5... schack. \" width=\"766\" height=\"1024\" srcset=\"https:\/\/blogg.svenskakyrkan.se\/vandravagen\/files\/2015\/04\/IMG_5676.jpg 766w, https:\/\/blogg.svenskakyrkan.se\/vandravagen\/files\/2015\/04\/IMG_5676-300x401.jpg 300w, https:\/\/blogg.svenskakyrkan.se\/vandravagen\/files\/2015\/04\/IMG_5676-224x300.jpg 224w\" sizes=\"auto, (max-width: 766px) 100vw, 766px\" \/><\/a><p id=\"caption-attachment-2953\" class=\"wp-caption-text\">Schackspel. Spelar man mycket blir man bra p\u00e5&#8230; schack.<\/p><\/div>\n<p>Jag l\u00e4ser i en bok om hj\u00e4rnan just nu och det har f\u00f6rt mig in p\u00e5 en del nya tankar om andlig \u00f6vning. \u00c4ven det andliga m\u00e5ste v\u00e4l ha med hj\u00e4rnan att g\u00f6ra?<\/p>\n<p>Jag skrev f\u00f6r ett tag sedan om Karin Johannessons bok &#8221;helgelsens filosofi&#8221; (<a href=\"http:\/\/blogg.svenskakyrkan.se\/vandravagen\/2015\/01\/02\/bon-som-hemspraksundervisning\/\">l\u00e4s g\u00e4rna det jag skrev om den<\/a>, f\u00f6r det \u00e4r bra grejer, publicerade och allt) d\u00e4r hon h\u00e4vdar att fr\u00e5n Luthers perspektiv kan man inte &#8221;tr\u00e4na sig&#8221; i det andliga livet p\u00e5 samma s\u00e4tt som man tr\u00e4nar upp muskler. Vi blir p\u00e5 ett s\u00e4tt aldrig b\u00e4ttre \u00e4n vi \u00e4r i moralisk mening utan f\u00f6rblir syndare, samtidigt s\u00e5 sker det ju n\u00e5got slags v\u00e4xande inom den kristne. Fr\u00e5gan \u00e4r bara vad denna v\u00e4xt best\u00e5r i?<\/p>\n<p><b><br \/>\n<\/b><b>Att tr\u00e4na hj\u00e4rnan<\/b><\/p>\n<p>I Johan Norbergs &#8221;Hj\u00e4rnrevolutionen&#8221; har jag l\u00e4rt mig att hj\u00e4rnan st\u00e4ndigt \u00e4r i f\u00f6r\u00e4ndring och i allra h\u00f6gsta grad \u00e4r n\u00e5got man kan tr\u00e4na. Man kan g\u00f6ra unders\u00f6kningar och se hur kopplingarna i hj\u00e4rnan dras om f\u00f6r att hj\u00e4lpa oss bli tillr\u00e4ckligt bra p\u00e5 de utmaningar vi st\u00e4ller den inf\u00f6r.<\/p>\n<p>Det \u00e4r emellertid s\u00e5 att det \u00e4r l\u00e4tt att\u00a0<b>tr\u00e4na hj\u00e4rnan p\u00e5 specifika saker<\/b>\u00a0(som att spela schack) men det inneb\u00e4r\u00a0<b>v\u00e4ldigt s\u00e4llan att detta visar sig i \u00f6kad f\u00f6rm\u00e5ga p\u00e5 andra omr\u00e5den\u00a0<\/b>(som IQ-tester). Vi blir bra p\u00e5 just precis det vi \u00f6var p\u00e5.<\/p>\n<p>Om vi l\u00e4gger av med schack s\u00e5 avtar v\u00e5r schackf\u00f6rm\u00e5ga efter ett tag. Tv\u00e4rtemot vad m\u00e5nga tror s\u00e5 anv\u00e4nder vi inte 10% av hj\u00e4rnan utan precis varenda liten del. S\u00e5 fort n\u00e5got omr\u00e5de blir ledigt s\u00e5 l\u00e4gger n\u00e5gon annan funktion som beh\u00f6ver expandera beslag p\u00e5 platsen. P\u00e5 det s\u00e4ttet \u00e4r hj\u00e4rntr\u00e4ning ganska likt muskeltr\u00e4ning. Vi blir b\u00e4ttre n\u00e4r vi tr\u00e4nar och s\u00e5 l\u00e4nge vi utmanar oss sj\u00e4lva med mer och mer s\u00e5 f\u00e5r vi mer och mer muskler. K\u00f6r vi den vanliga l\u00f6prundan uppeh\u00e5ller vi det vi har och slutar vi helt s\u00e5 avtar musklerna med tiden.<\/p>\n<p>Sett ur det perspektivet s\u00e5 handlar det vanliga motionslivet mycket om att uppr\u00e4tth\u00e5lla vanor. Vi blir aldrig klara s\u00e5 att vi sedan kan sitta och iaktta v\u00e5r f\u00e4rdiggjorda tr\u00e4ning. Den \u00e4r hela tiden n\u00e5got att uppeh\u00e5lla.<\/p>\n<p><b><br \/>\n<\/b><b>Andlig tr\u00e4ning<\/b><\/p>\n<div>\n<p>Vad har det h\u00e4r f\u00f6r b\u00e4ring p\u00e5 &#8221;andlig tr\u00e4ning&#8221;? Om vi antar att hj\u00e4rnan har betydelse ocks\u00e5 f\u00f6r det andliga livet (och det \u00e4r ju rimligt att anta) s\u00e5 kanske det \u00e4nd\u00e5 \u00e4r s\u00e5 att vi kan tr\u00e4na p\u00e5 ganska m\u00e5nga saker. Det \u00e4r bara det att effekten \u00e4r begr\u00e4nsad.<\/p>\n<p>Man kan till exempel ordna sina vanor f\u00f6r ett regelbundet b\u00f6neliv s\u00e5 att man ber varje dag och firar gudstj\u00e4nst p\u00e5 s\u00f6ndagen. D\u00e5 blir man med tiden van vid det s\u00e5 att det inte k\u00e4nns lika motigt (i alla fall inte varje g\u00e5ng).<\/p>\n<p>Man kan ocks\u00e5 engagera sig i sociala uppgifter och hj\u00e4lpa utsatta m\u00e4nniskor. Den f\u00f6rsta g\u00e5ngen man hj\u00e4lper en tiggare kanske det k\u00e4nns sv\u00e5rt men med tiden v\u00e4njer man sig.<\/p>\n<p>Man kan ocks\u00e5 \u00f6va upp sin f\u00f6rst\u00e5else f\u00f6r den kristna trons inneh\u00e5ll och inre logik, bli mer hemtam med bibeln och mycket annat.<\/p>\n<p>Det \u00e4r klart att det g\u00f6r skillnad f\u00f6r livet om man g\u00f6r s\u00e5dana f\u00f6r\u00e4ndringar men man ska inte heller inbilla sig att det helt givet \u00e4r s\u00e5 att det man l\u00e4rt sig p\u00e5 ett omr\u00e5de p\u00e5verkar andra omr\u00e5den i livet.\u00a0<b>Jag kanske blir b\u00e4ttre p\u00e5 att be ofta men jag f\u00f6rblir lika sn\u00e5l, typ<\/b>. Det \u00e4r ocks\u00e5 s\u00e5 att om de h\u00e4r sakerna \u00e4r viktiga f\u00f6r mig s\u00e5 g\u00e4ller det att bygga in dem som vanor eller \u00e5terkommande punkter i mitt liv, f\u00f6r jag kommer aldrig att bli f\u00e4rdig s\u00e5 jag kan luta mig tillbaka. F\u00e4rdigheterna &#8221;finns&#8221; liksom bara n\u00e4r man anv\u00e4nder dem. Det \u00e4r d\u00e5 man har gl\u00e4dje av dem. F\u00f6rhoppningsvis blir de saker jag gjort m\u00e5nga g\u00e5nger s\u00e5 viktiga f\u00f6r mig att jag aldrig sl\u00e4pper dem helt, \u00e4ven om man inte alltid orkar engagera sig lika mycket.<\/p>\n<p>Det h\u00e4r \u00e4r ett skissartat resonemang som s\u00e4kert har m\u00e5nga brister men jag provt\u00e4nker p\u00e5 som vanligt h\u00e4r p\u00e5 bloggen. Sen tycker jag det \u00e4r t\u00e4nkv\u00e4rt eftersom det \u00e4r fullt f\u00f6renligt med den andra sanningen man som lutheran ska ha med sig; jag f\u00f6rblir en syndare hur m\u00e5nga fromma vanor jag \u00e4n l\u00e4gger p\u00e5 mig eftersom jag hela tiden kan &#8221;falla tillbaka&#8221;. Men vanorna kanske inte blir mindre viktiga f\u00f6r det? Just n\u00e4r jag ber, l\u00e4ser bibeln eller hj\u00e4lper min n\u00e4sta s\u00e5 \u00e4r ju det n\u00e5got gott b\u00e5de f\u00f6r mig och andra!<\/p>\n<p>En annan aspekt som jag tror \u00e4r viktig \u00e4r att den kristna tron talar om tron som en relation. H\u00e4r \u00e4r redan mina ytliga kunskaper om hj\u00e4rnan slut men jag f\u00f6rest\u00e4ller mig att ju n\u00e4rmare relation vi har till n\u00e5gon, desto mer formas vi av den personens inflytande. S\u00e5 kanske det ocks\u00e5 \u00e4r med Gud, att &#8221;vi blir som vi umg\u00e5s&#8221;. Om de goda vanorna g\u00f6r att m\u00f6tena med Gud blir av s\u00e5 kanske det ocks\u00e5 f\u00f6r\u00e4ndrar v\u00e5rt s\u00e4tt att relatera till olika saker \u00f6ver tid? Och \u00e4nd\u00e5 f\u00f6rblir vi oss sj\u00e4lva.<\/p>\n<p>Roligt att du orkat l\u00e4sa igenom alltihop. Nu \u00e4r jag nyfiken p\u00e5 hur du t\u00e4nker, skriv en kommentar!<\/p>\n<\/div>\n","protected":false},"excerpt":{"rendered":"<p>Jag l\u00e4ser i en bok om hj\u00e4rnan just nu och det har f\u00f6rt mig in p\u00e5 en del nya tankar om andlig \u00f6vning. \u00c4ven det andliga m\u00e5ste v\u00e4l ha med hj\u00e4rnan att g\u00f6ra? Jag skrev f\u00f6r ett tag sedan om Karin Johannessons bok &#8221;helgelsens filosofi&#8221; (l\u00e4s g\u00e4rna det jag skrev om den, f\u00f6r det \u00e4r [&hellip;]<\/p>\n","protected":false},"author":392,"featured_media":0,"comment_status":"open","ping_status":"open","sticky":false,"template":"","format":"standard","meta":{"_acf_changed":false,"footnotes":""},"categories":[76369,75887,76189],"tags":[],"class_list":["post-2952","post","type-post","status-publish","format-standard","hentry","category-andlig-ovning","category-andlighet","category-dagens-kyrka"],"acf":[],"yoast_head":"<!-- This site is optimized with the Yoast SEO plugin v27.1.1 - https:\/\/yoast.com\/product\/yoast-seo-wordpress\/ -->\n<title>Heliga muskler, i hj\u00e4rnan - Vandra V\u00e4gen<\/title>\n<meta name=\"robots\" content=\"index, follow, max-snippet:-1, max-image-preview:large, max-video-preview:-1\" \/>\n<link rel=\"canonical\" href=\"https:\/\/blogg.svenskakyrkan.se\/vandravagen\/2015\/04\/16\/heliga-muskler-i-hjarnan\/\" \/>\n<meta property=\"og:locale\" content=\"sv_SE\" \/>\n<meta property=\"og:type\" content=\"article\" \/>\n<meta property=\"og:title\" content=\"Heliga muskler, i hj\u00e4rnan - Vandra V\u00e4gen\" \/>\n<meta property=\"og:description\" content=\"Jag l\u00e4ser i en bok om hj\u00e4rnan just nu och det har f\u00f6rt mig in p\u00e5 en del nya tankar om andlig \u00f6vning. \u00c4ven det andliga m\u00e5ste v\u00e4l ha med hj\u00e4rnan att g\u00f6ra? Jag skrev f\u00f6r ett tag sedan om Karin Johannessons bok &#8221;helgelsens filosofi&#8221; (l\u00e4s g\u00e4rna det jag skrev om den, f\u00f6r det \u00e4r [&hellip;]\" \/>\n<meta property=\"og:url\" content=\"https:\/\/blogg.svenskakyrkan.se\/vandravagen\/2015\/04\/16\/heliga-muskler-i-hjarnan\/\" \/>\n<meta property=\"og:site_name\" content=\"Vandra V\u00e4gen\" \/>\n<meta property=\"article:publisher\" content=\"http:\/\/facebook.com\/vandravagen\" \/>\n<meta property=\"article:published_time\" content=\"2015-04-16T05:00:16+00:00\" \/>\n<meta property=\"og:image\" content=\"http:\/\/blogg.svenskakyrkan.se\/vandravagen\/files\/2015\/04\/IMG_5676.jpg\" \/>\n<meta name=\"author\" content=\"Tomas Jarvid\" \/>\n<meta name=\"twitter:card\" content=\"summary_large_image\" \/>\n<meta name=\"twitter:creator\" content=\"@fadertomas\" \/>\n<meta name=\"twitter:site\" content=\"@fadertomas\" \/>\n<meta name=\"twitter:label1\" content=\"Skriven av\" \/>\n\t<meta name=\"twitter:data1\" content=\"Tomas Jarvid\" \/>\n\t<meta name=\"twitter:label2\" content=\"Ber\u00e4knad l\u00e4stid\" \/>\n\t<meta name=\"twitter:data2\" content=\"5 minuter\" \/>\n<script type=\"application\/ld+json\" class=\"yoast-schema-graph\">{\"@context\":\"https:\/\/schema.org\",\"@graph\":[{\"@type\":\"Article\",\"@id\":\"https:\/\/blogg.svenskakyrkan.se\/vandravagen\/2015\/04\/16\/heliga-muskler-i-hjarnan\/#article\",\"isPartOf\":{\"@id\":\"https:\/\/blogg.svenskakyrkan.se\/vandravagen\/2015\/04\/16\/heliga-muskler-i-hjarnan\/\"},\"author\":{\"name\":\"Tomas Jarvid\",\"@id\":\"https:\/\/blogg.svenskakyrkan.se\/vandravagen\/#\/schema\/person\/25da02d4f76b137d04291711e2c9fc16\"},\"headline\":\"Heliga muskler, i hj\u00e4rnan\",\"datePublished\":\"2015-04-16T05:00:16+00:00\",\"mainEntityOfPage\":{\"@id\":\"https:\/\/blogg.svenskakyrkan.se\/vandravagen\/2015\/04\/16\/heliga-muskler-i-hjarnan\/\"},\"wordCount\":1035,\"commentCount\":4,\"publisher\":{\"@id\":\"https:\/\/blogg.svenskakyrkan.se\/vandravagen\/#organization\"},\"image\":{\"@id\":\"https:\/\/blogg.svenskakyrkan.se\/vandravagen\/2015\/04\/16\/heliga-muskler-i-hjarnan\/#primaryimage\"},\"thumbnailUrl\":\"http:\/\/blogg.svenskakyrkan.se\/vandravagen\/files\/2015\/04\/IMG_5676.jpg\",\"articleSection\":[\"andlig \u00f6vning\",\"andlighet\",\"Dagens Kyrka\"],\"inLanguage\":\"sv-SE\",\"potentialAction\":[{\"@type\":\"CommentAction\",\"name\":\"Comment\",\"target\":[\"https:\/\/blogg.svenskakyrkan.se\/vandravagen\/2015\/04\/16\/heliga-muskler-i-hjarnan\/#respond\"]}]},{\"@type\":\"WebPage\",\"@id\":\"https:\/\/blogg.svenskakyrkan.se\/vandravagen\/2015\/04\/16\/heliga-muskler-i-hjarnan\/\",\"url\":\"https:\/\/blogg.svenskakyrkan.se\/vandravagen\/2015\/04\/16\/heliga-muskler-i-hjarnan\/\",\"name\":\"Heliga muskler, i hj\u00e4rnan - Vandra V\u00e4gen\",\"isPartOf\":{\"@id\":\"https:\/\/blogg.svenskakyrkan.se\/vandravagen\/#website\"},\"primaryImageOfPage\":{\"@id\":\"https:\/\/blogg.svenskakyrkan.se\/vandravagen\/2015\/04\/16\/heliga-muskler-i-hjarnan\/#primaryimage\"},\"image\":{\"@id\":\"https:\/\/blogg.svenskakyrkan.se\/vandravagen\/2015\/04\/16\/heliga-muskler-i-hjarnan\/#primaryimage\"},\"thumbnailUrl\":\"http:\/\/blogg.svenskakyrkan.se\/vandravagen\/files\/2015\/04\/IMG_5676.jpg\",\"datePublished\":\"2015-04-16T05:00:16+00:00\",\"breadcrumb\":{\"@id\":\"https:\/\/blogg.svenskakyrkan.se\/vandravagen\/2015\/04\/16\/heliga-muskler-i-hjarnan\/#breadcrumb\"},\"inLanguage\":\"sv-SE\",\"potentialAction\":[{\"@type\":\"ReadAction\",\"target\":[\"https:\/\/blogg.svenskakyrkan.se\/vandravagen\/2015\/04\/16\/heliga-muskler-i-hjarnan\/\"]}]},{\"@type\":\"ImageObject\",\"inLanguage\":\"sv-SE\",\"@id\":\"https:\/\/blogg.svenskakyrkan.se\/vandravagen\/2015\/04\/16\/heliga-muskler-i-hjarnan\/#primaryimage\",\"url\":\"http:\/\/blogg.svenskakyrkan.se\/vandravagen\/files\/2015\/04\/IMG_5676.jpg\",\"contentUrl\":\"http:\/\/blogg.svenskakyrkan.se\/vandravagen\/files\/2015\/04\/IMG_5676.jpg\"},{\"@type\":\"BreadcrumbList\",\"@id\":\"https:\/\/blogg.svenskakyrkan.se\/vandravagen\/2015\/04\/16\/heliga-muskler-i-hjarnan\/#breadcrumb\",\"itemListElement\":[{\"@type\":\"ListItem\",\"position\":1,\"name\":\"Hem\",\"item\":\"https:\/\/blogg.svenskakyrkan.se\/vandravagen\/\"},{\"@type\":\"ListItem\",\"position\":2,\"name\":\"Heliga muskler, i hj\u00e4rnan\"}]},{\"@type\":\"WebSite\",\"@id\":\"https:\/\/blogg.svenskakyrkan.se\/vandravagen\/#website\",\"url\":\"https:\/\/blogg.svenskakyrkan.se\/vandravagen\/\",\"name\":\"Vandra V\u00e4gen\",\"description\":\"-Mot en tro f\u00f6r hela livet\",\"publisher\":{\"@id\":\"https:\/\/blogg.svenskakyrkan.se\/vandravagen\/#organization\"},\"potentialAction\":[{\"@type\":\"SearchAction\",\"target\":{\"@type\":\"EntryPoint\",\"urlTemplate\":\"https:\/\/blogg.svenskakyrkan.se\/vandravagen\/?s={search_term_string}\"},\"query-input\":{\"@type\":\"PropertyValueSpecification\",\"valueRequired\":true,\"valueName\":\"search_term_string\"}}],\"inLanguage\":\"sv-SE\"},{\"@type\":\"Organization\",\"@id\":\"https:\/\/blogg.svenskakyrkan.se\/vandravagen\/#organization\",\"name\":\"ulricehamns pastorat\",\"alternateName\":\"ulricehamns pastorat\",\"url\":\"https:\/\/blogg.svenskakyrkan.se\/vandravagen\/\",\"logo\":{\"@type\":\"ImageObject\",\"inLanguage\":\"sv-SE\",\"@id\":\"https:\/\/blogg.svenskakyrkan.se\/vandravagen\/#\/schema\/logo\/image\/\",\"url\":\"https:\/\/blogg.svenskakyrkan.se\/vandravagen\/files\/2023\/05\/Ulr_logo_RGB.png\",\"contentUrl\":\"https:\/\/blogg.svenskakyrkan.se\/vandravagen\/files\/2023\/05\/Ulr_logo_RGB.png\",\"width\":205,\"height\":77,\"caption\":\"ulricehamns pastorat\"},\"image\":{\"@id\":\"https:\/\/blogg.svenskakyrkan.se\/vandravagen\/#\/schema\/logo\/image\/\"},\"sameAs\":[\"http:\/\/facebook.com\/vandravagen\",\"https:\/\/x.com\/fadertomas\",\"http:\/\/www.facebook.com\/svenskakyrkaniulricehamn\"]},{\"@type\":\"Person\",\"@id\":\"https:\/\/blogg.svenskakyrkan.se\/vandravagen\/#\/schema\/person\/25da02d4f76b137d04291711e2c9fc16\",\"name\":\"Tomas Jarvid\",\"image\":{\"@type\":\"ImageObject\",\"inLanguage\":\"sv-SE\",\"@id\":\"https:\/\/blogg.svenskakyrkan.se\/vandravagen\/#\/schema\/person\/image\/\",\"url\":\"https:\/\/secure.gravatar.com\/avatar\/7fa71899795e8f540f615a1f5ab25255dc27aa40f05ee7ddd21aac521e01bf50?s=96&d=identicon&r=g\",\"contentUrl\":\"https:\/\/secure.gravatar.com\/avatar\/7fa71899795e8f540f615a1f5ab25255dc27aa40f05ee7ddd21aac521e01bf50?s=96&d=identicon&r=g\",\"caption\":\"Tomas Jarvid\"},\"description\":\"Jag bor i Ulricehamn i V\u00e4sterg\u00f6tland och \u00e4r f\u00f6rsamlingspr\u00e4st i Svenska Kyrkan f\u00f6r Dalstorps f\u00f6rsamling i Kinds pastorat. P\u00e5 den h\u00e4r bloggen skriver jag ner tankar om vandringen som kristen.\",\"sameAs\":[\"http:\/\/www.vandravagen.se\"],\"url\":\"https:\/\/blogg.svenskakyrkan.se\/vandravagen\/author\/vandravagen\/\"}]}<\/script>\n<!-- \/ Yoast SEO plugin. -->","yoast_head_json":{"title":"Heliga muskler, i hj\u00e4rnan - Vandra V\u00e4gen","robots":{"index":"index","follow":"follow","max-snippet":"max-snippet:-1","max-image-preview":"max-image-preview:large","max-video-preview":"max-video-preview:-1"},"canonical":"https:\/\/blogg.svenskakyrkan.se\/vandravagen\/2015\/04\/16\/heliga-muskler-i-hjarnan\/","og_locale":"sv_SE","og_type":"article","og_title":"Heliga muskler, i hj\u00e4rnan - Vandra V\u00e4gen","og_description":"Jag l\u00e4ser i en bok om hj\u00e4rnan just nu och det har f\u00f6rt mig in p\u00e5 en del nya tankar om andlig \u00f6vning. \u00c4ven det andliga m\u00e5ste v\u00e4l ha med hj\u00e4rnan att g\u00f6ra? Jag skrev f\u00f6r ett tag sedan om Karin Johannessons bok &#8221;helgelsens filosofi&#8221; (l\u00e4s g\u00e4rna det jag skrev om den, f\u00f6r det \u00e4r [&hellip;]","og_url":"https:\/\/blogg.svenskakyrkan.se\/vandravagen\/2015\/04\/16\/heliga-muskler-i-hjarnan\/","og_site_name":"Vandra V\u00e4gen","article_publisher":"http:\/\/facebook.com\/vandravagen","article_published_time":"2015-04-16T05:00:16+00:00","og_image":[{"url":"http:\/\/blogg.svenskakyrkan.se\/vandravagen\/files\/2015\/04\/IMG_5676.jpg","type":"","width":"","height":""}],"author":"Tomas Jarvid","twitter_card":"summary_large_image","twitter_creator":"@fadertomas","twitter_site":"@fadertomas","twitter_misc":{"Skriven av":"Tomas Jarvid","Ber\u00e4knad l\u00e4stid":"5 minuter"},"schema":{"@context":"https:\/\/schema.org","@graph":[{"@type":"Article","@id":"https:\/\/blogg.svenskakyrkan.se\/vandravagen\/2015\/04\/16\/heliga-muskler-i-hjarnan\/#article","isPartOf":{"@id":"https:\/\/blogg.svenskakyrkan.se\/vandravagen\/2015\/04\/16\/heliga-muskler-i-hjarnan\/"},"author":{"name":"Tomas Jarvid","@id":"https:\/\/blogg.svenskakyrkan.se\/vandravagen\/#\/schema\/person\/25da02d4f76b137d04291711e2c9fc16"},"headline":"Heliga muskler, i hj\u00e4rnan","datePublished":"2015-04-16T05:00:16+00:00","mainEntityOfPage":{"@id":"https:\/\/blogg.svenskakyrkan.se\/vandravagen\/2015\/04\/16\/heliga-muskler-i-hjarnan\/"},"wordCount":1035,"commentCount":4,"publisher":{"@id":"https:\/\/blogg.svenskakyrkan.se\/vandravagen\/#organization"},"image":{"@id":"https:\/\/blogg.svenskakyrkan.se\/vandravagen\/2015\/04\/16\/heliga-muskler-i-hjarnan\/#primaryimage"},"thumbnailUrl":"http:\/\/blogg.svenskakyrkan.se\/vandravagen\/files\/2015\/04\/IMG_5676.jpg","articleSection":["andlig \u00f6vning","andlighet","Dagens Kyrka"],"inLanguage":"sv-SE","potentialAction":[{"@type":"CommentAction","name":"Comment","target":["https:\/\/blogg.svenskakyrkan.se\/vandravagen\/2015\/04\/16\/heliga-muskler-i-hjarnan\/#respond"]}]},{"@type":"WebPage","@id":"https:\/\/blogg.svenskakyrkan.se\/vandravagen\/2015\/04\/16\/heliga-muskler-i-hjarnan\/","url":"https:\/\/blogg.svenskakyrkan.se\/vandravagen\/2015\/04\/16\/heliga-muskler-i-hjarnan\/","name":"Heliga muskler, i hj\u00e4rnan - Vandra V\u00e4gen","isPartOf":{"@id":"https:\/\/blogg.svenskakyrkan.se\/vandravagen\/#website"},"primaryImageOfPage":{"@id":"https:\/\/blogg.svenskakyrkan.se\/vandravagen\/2015\/04\/16\/heliga-muskler-i-hjarnan\/#primaryimage"},"image":{"@id":"https:\/\/blogg.svenskakyrkan.se\/vandravagen\/2015\/04\/16\/heliga-muskler-i-hjarnan\/#primaryimage"},"thumbnailUrl":"http:\/\/blogg.svenskakyrkan.se\/vandravagen\/files\/2015\/04\/IMG_5676.jpg","datePublished":"2015-04-16T05:00:16+00:00","breadcrumb":{"@id":"https:\/\/blogg.svenskakyrkan.se\/vandravagen\/2015\/04\/16\/heliga-muskler-i-hjarnan\/#breadcrumb"},"inLanguage":"sv-SE","potentialAction":[{"@type":"ReadAction","target":["https:\/\/blogg.svenskakyrkan.se\/vandravagen\/2015\/04\/16\/heliga-muskler-i-hjarnan\/"]}]},{"@type":"ImageObject","inLanguage":"sv-SE","@id":"https:\/\/blogg.svenskakyrkan.se\/vandravagen\/2015\/04\/16\/heliga-muskler-i-hjarnan\/#primaryimage","url":"http:\/\/blogg.svenskakyrkan.se\/vandravagen\/files\/2015\/04\/IMG_5676.jpg","contentUrl":"http:\/\/blogg.svenskakyrkan.se\/vandravagen\/files\/2015\/04\/IMG_5676.jpg"},{"@type":"BreadcrumbList","@id":"https:\/\/blogg.svenskakyrkan.se\/vandravagen\/2015\/04\/16\/heliga-muskler-i-hjarnan\/#breadcrumb","itemListElement":[{"@type":"ListItem","position":1,"name":"Hem","item":"https:\/\/blogg.svenskakyrkan.se\/vandravagen\/"},{"@type":"ListItem","position":2,"name":"Heliga muskler, i hj\u00e4rnan"}]},{"@type":"WebSite","@id":"https:\/\/blogg.svenskakyrkan.se\/vandravagen\/#website","url":"https:\/\/blogg.svenskakyrkan.se\/vandravagen\/","name":"Vandra V\u00e4gen","description":"-Mot en tro f\u00f6r hela livet","publisher":{"@id":"https:\/\/blogg.svenskakyrkan.se\/vandravagen\/#organization"},"potentialAction":[{"@type":"SearchAction","target":{"@type":"EntryPoint","urlTemplate":"https:\/\/blogg.svenskakyrkan.se\/vandravagen\/?s={search_term_string}"},"query-input":{"@type":"PropertyValueSpecification","valueRequired":true,"valueName":"search_term_string"}}],"inLanguage":"sv-SE"},{"@type":"Organization","@id":"https:\/\/blogg.svenskakyrkan.se\/vandravagen\/#organization","name":"ulricehamns pastorat","alternateName":"ulricehamns pastorat","url":"https:\/\/blogg.svenskakyrkan.se\/vandravagen\/","logo":{"@type":"ImageObject","inLanguage":"sv-SE","@id":"https:\/\/blogg.svenskakyrkan.se\/vandravagen\/#\/schema\/logo\/image\/","url":"https:\/\/blogg.svenskakyrkan.se\/vandravagen\/files\/2023\/05\/Ulr_logo_RGB.png","contentUrl":"https:\/\/blogg.svenskakyrkan.se\/vandravagen\/files\/2023\/05\/Ulr_logo_RGB.png","width":205,"height":77,"caption":"ulricehamns pastorat"},"image":{"@id":"https:\/\/blogg.svenskakyrkan.se\/vandravagen\/#\/schema\/logo\/image\/"},"sameAs":["http:\/\/facebook.com\/vandravagen","https:\/\/x.com\/fadertomas","http:\/\/www.facebook.com\/svenskakyrkaniulricehamn"]},{"@type":"Person","@id":"https:\/\/blogg.svenskakyrkan.se\/vandravagen\/#\/schema\/person\/25da02d4f76b137d04291711e2c9fc16","name":"Tomas Jarvid","image":{"@type":"ImageObject","inLanguage":"sv-SE","@id":"https:\/\/blogg.svenskakyrkan.se\/vandravagen\/#\/schema\/person\/image\/","url":"https:\/\/secure.gravatar.com\/avatar\/7fa71899795e8f540f615a1f5ab25255dc27aa40f05ee7ddd21aac521e01bf50?s=96&d=identicon&r=g","contentUrl":"https:\/\/secure.gravatar.com\/avatar\/7fa71899795e8f540f615a1f5ab25255dc27aa40f05ee7ddd21aac521e01bf50?s=96&d=identicon&r=g","caption":"Tomas Jarvid"},"description":"Jag bor i Ulricehamn i V\u00e4sterg\u00f6tland och \u00e4r f\u00f6rsamlingspr\u00e4st i Svenska Kyrkan f\u00f6r Dalstorps f\u00f6rsamling i Kinds pastorat. P\u00e5 den h\u00e4r bloggen skriver jag ner tankar om vandringen som kristen.","sameAs":["http:\/\/www.vandravagen.se"],"url":"https:\/\/blogg.svenskakyrkan.se\/vandravagen\/author\/vandravagen\/"}]}},"author_meta":{"ID":"392","user_nicename":"vandravagen","user_url":"http:\/\/www.vandravagen.se","user_registered":"2014-05-19 05:44:52","display_name":"Tomas Jarvid","first_name":"Tomas","last_name":"Jarvid","avatar":"https:\/\/secure.gravatar.com\/avatar\/7fa71899795e8f540f615a1f5ab25255dc27aa40f05ee7ddd21aac521e01bf50?s=96&d=identicon&r=g"},"featured_image":false,"bloginfo":{"name":"Vandra V\u00e4gen","url":"https:\/\/blogg.svenskakyrkan.se\/vandravagen"},"_links":{"self":[{"href":"https:\/\/blogg.svenskakyrkan.se\/vandravagen\/wp-json\/wp\/v2\/posts\/2952","targetHints":{"allow":["GET"]}}],"collection":[{"href":"https:\/\/blogg.svenskakyrkan.se\/vandravagen\/wp-json\/wp\/v2\/posts"}],"about":[{"href":"https:\/\/blogg.svenskakyrkan.se\/vandravagen\/wp-json\/wp\/v2\/types\/post"}],"author":[{"embeddable":true,"href":"https:\/\/blogg.svenskakyrkan.se\/vandravagen\/wp-json\/wp\/v2\/users\/392"}],"replies":[{"embeddable":true,"href":"https:\/\/blogg.svenskakyrkan.se\/vandravagen\/wp-json\/wp\/v2\/comments?post=2952"}],"version-history":[{"count":1,"href":"https:\/\/blogg.svenskakyrkan.se\/vandravagen\/wp-json\/wp\/v2\/posts\/2952\/revisions"}],"predecessor-version":[{"id":2954,"href":"https:\/\/blogg.svenskakyrkan.se\/vandravagen\/wp-json\/wp\/v2\/posts\/2952\/revisions\/2954"}],"wp:attachment":[{"href":"https:\/\/blogg.svenskakyrkan.se\/vandravagen\/wp-json\/wp\/v2\/media?parent=2952"}],"wp:term":[{"taxonomy":"category","embeddable":true,"href":"https:\/\/blogg.svenskakyrkan.se\/vandravagen\/wp-json\/wp\/v2\/categories?post=2952"},{"taxonomy":"post_tag","embeddable":true,"href":"https:\/\/blogg.svenskakyrkan.se\/vandravagen\/wp-json\/wp\/v2\/tags?post=2952"}],"curies":[{"name":"wp","href":"https:\/\/api.w.org\/{rel}","templated":true}]}}