{"id":2956,"date":"2015-04-17T07:00:24","date_gmt":"2015-04-17T05:00:24","guid":{"rendered":"http:\/\/blogg.svenskakyrkan.se\/vandravagen\/?p=2956"},"modified":"2015-04-17T07:20:17","modified_gmt":"2015-04-17T05:20:17","slug":"fredagsbon-med-den-heliga-birgitta","status":"publish","type":"post","link":"https:\/\/blogg.svenskakyrkan.se\/vandravagen\/2015\/04\/17\/fredagsbon-med-den-heliga-birgitta\/","title":{"rendered":"Fredagsb\u00f6n med den heliga Birgitta"},"content":{"rendered":"<div id=\"attachment_2957\" style=\"width: 362px\" class=\"wp-caption aligncenter\"><a href=\"http:\/\/blogg.svenskakyrkan.se\/vandravagen\/files\/2015\/04\/IMG_5749.jpg\"><img loading=\"lazy\" decoding=\"async\" aria-describedby=\"caption-attachment-2957\" class=\"size-full wp-image-2957\" src=\"http:\/\/blogg.svenskakyrkan.se\/vandravagen\/files\/2015\/04\/IMG_5749.jpg\" alt=\"Den ryske f\u00f6rfattaren Tolstoy till fots som pilgrim.\" width=\"352\" height=\"577\" srcset=\"https:\/\/blogg.svenskakyrkan.se\/vandravagen\/files\/2015\/04\/IMG_5749.jpg 352w, https:\/\/blogg.svenskakyrkan.se\/vandravagen\/files\/2015\/04\/IMG_5749-300x492.jpg 300w, https:\/\/blogg.svenskakyrkan.se\/vandravagen\/files\/2015\/04\/IMG_5749-183x300.jpg 183w\" sizes=\"auto, (max-width: 352px) 100vw, 352px\" \/><\/a><p id=\"caption-attachment-2957\" class=\"wp-caption-text\">Den ryske f\u00f6rfattaren Tolstoy till fots som pilgrim.<\/p><\/div>\n<p>S\u00e5 var det fredag igen och jag har valt ut \u00e4nnu en b\u00f6n till bloggen. Den h\u00e4r b\u00f6nen \u00e4r egentligen v\u00e4ldigt grundl\u00e4ggande i i pilgrimsr\u00f6relsen men oftast \u00e4r den mycket nedskakad. B\u00f6nen \u00e4r skriven av den heliga Birgitta och oftast ber vi bara<\/p>\n<blockquote>\n<p>Visa mig v\u00e4gen och g\u00f6r mig villig att vandra den. Amen<\/p>\n<p>&nbsp;<\/p>\n<\/blockquote>\n<p>H\u00e4r \u00e4r annars den l\u00e5nga versionen av &#8221;Birgittas b\u00f6n&#8221;. Jag har ocks\u00e5 varit med om att sjunga den p\u00e5 gregorianskt vis, v\u00e4ldigt l\u00e4mpad f\u00f6r aftonb\u00f6n. Hoppas du har gl\u00e4dje av den vare sig den \u00e4r en gammal eller ny bekantskap. L\u00e5t oss be:<\/p>\n<blockquote>\n<p>Herre, kom snart och upplys natten<\/p>\n<p>S\u00e5som d\u00f6ende l\u00e4ngtar s\u00e5 l\u00e4ngtar jag efter dig.<\/p>\n<p>S\u00e4g min sj\u00e4l att intet h\u00e4nder utan att du till\u00e5ter det<\/p>\n<p>och att intet som du till\u00e5ter \u00e4r tr\u00f6stl\u00f6st<\/p>\n<p>&nbsp;<\/p>\n<p>O Jesus, Guds son, du som stod tyst<br \/>\ninf\u00f6r dem som d\u00f6mde dig<\/p>\n<p>h\u00e5ll tillbaka min tunga<br \/>\ntill dess jag f\u00e5tt besinna<br \/>\nvad och hur jag ska tala.<\/p>\n<p>&nbsp;<\/p>\n<p>Visa mig v\u00e4gen och g\u00f6r mig villig att vandra den<\/p>\n<p>V\u00e5dligt \u00e4r att dr\u00f6ja och farligt att g\u00e5 vidare<\/p>\n<p>S\u00e5 uppfyll d\u00e5 min \u00e5stundan och visa mig v\u00e4gen<\/p>\n<p>&nbsp;<\/p>\n<p>Jag kommer till dig<br \/>\ns\u00e5som den s\u00e5rade kommer till l\u00e4karen<\/p>\n<p>Giv, o Herre, mitt hj\u00e4rta ro.<\/p>\n<p>Amen<\/p>\n<\/blockquote>\n","protected":false},"excerpt":{"rendered":"<p>S\u00e5 var det fredag igen och jag har valt ut \u00e4nnu en b\u00f6n till bloggen. Den h\u00e4r b\u00f6nen \u00e4r egentligen v\u00e4ldigt grundl\u00e4ggande i i pilgrimsr\u00f6relsen men oftast \u00e4r den mycket nedskakad. B\u00f6nen \u00e4r skriven av den heliga Birgitta och oftast ber vi bara Visa mig v\u00e4gen och g\u00f6r mig villig att vandra den. Amen &nbsp; [&hellip;]<\/p>\n","protected":false},"author":392,"featured_media":0,"comment_status":"open","ping_status":"open","sticky":false,"template":"","format":"standard","meta":{"_acf_changed":false,"footnotes":""},"categories":[35,76189],"tags":[],"class_list":["post-2956","post","type-post","status-publish","format-standard","hentry","category-bon","category-dagens-kyrka"],"acf":[],"yoast_head":"<!-- This site is optimized with the Yoast SEO plugin v27.1.1 - https:\/\/yoast.com\/product\/yoast-seo-wordpress\/ -->\n<title>Fredagsb\u00f6n med den heliga Birgitta - Vandra V\u00e4gen<\/title>\n<meta name=\"robots\" content=\"index, follow, max-snippet:-1, max-image-preview:large, max-video-preview:-1\" \/>\n<link rel=\"canonical\" href=\"https:\/\/blogg.svenskakyrkan.se\/vandravagen\/2015\/04\/17\/fredagsbon-med-den-heliga-birgitta\/\" \/>\n<meta property=\"og:locale\" content=\"sv_SE\" \/>\n<meta property=\"og:type\" content=\"article\" \/>\n<meta property=\"og:title\" content=\"Fredagsb\u00f6n med den heliga Birgitta - Vandra V\u00e4gen\" \/>\n<meta property=\"og:description\" content=\"S\u00e5 var det fredag igen och jag har valt ut \u00e4nnu en b\u00f6n till bloggen. Den h\u00e4r b\u00f6nen \u00e4r egentligen v\u00e4ldigt grundl\u00e4ggande i i pilgrimsr\u00f6relsen men oftast \u00e4r den mycket nedskakad. B\u00f6nen \u00e4r skriven av den heliga Birgitta och oftast ber vi bara Visa mig v\u00e4gen och g\u00f6r mig villig att vandra den. Amen &nbsp; [&hellip;]\" \/>\n<meta property=\"og:url\" content=\"https:\/\/blogg.svenskakyrkan.se\/vandravagen\/2015\/04\/17\/fredagsbon-med-den-heliga-birgitta\/\" \/>\n<meta property=\"og:site_name\" content=\"Vandra V\u00e4gen\" \/>\n<meta property=\"article:publisher\" content=\"http:\/\/facebook.com\/vandravagen\" \/>\n<meta property=\"article:published_time\" content=\"2015-04-17T05:00:24+00:00\" \/>\n<meta property=\"article:modified_time\" content=\"2015-04-17T05:20:17+00:00\" \/>\n<meta property=\"og:image\" content=\"http:\/\/blogg.svenskakyrkan.se\/vandravagen\/files\/2015\/04\/IMG_5749.jpg\" \/>\n<meta name=\"author\" content=\"Tomas Jarvid\" \/>\n<meta name=\"twitter:card\" content=\"summary_large_image\" \/>\n<meta name=\"twitter:creator\" content=\"@fadertomas\" \/>\n<meta name=\"twitter:site\" content=\"@fadertomas\" \/>\n<meta name=\"twitter:label1\" content=\"Skriven av\" \/>\n\t<meta name=\"twitter:data1\" content=\"Tomas Jarvid\" \/>\n\t<meta name=\"twitter:label2\" content=\"Ber\u00e4knad l\u00e4stid\" \/>\n\t<meta name=\"twitter:data2\" content=\"1 minut\" \/>\n<script type=\"application\/ld+json\" class=\"yoast-schema-graph\">{\"@context\":\"https:\/\/schema.org\",\"@graph\":[{\"@type\":\"Article\",\"@id\":\"https:\/\/blogg.svenskakyrkan.se\/vandravagen\/2015\/04\/17\/fredagsbon-med-den-heliga-birgitta\/#article\",\"isPartOf\":{\"@id\":\"https:\/\/blogg.svenskakyrkan.se\/vandravagen\/2015\/04\/17\/fredagsbon-med-den-heliga-birgitta\/\"},\"author\":{\"name\":\"Tomas Jarvid\",\"@id\":\"https:\/\/blogg.svenskakyrkan.se\/vandravagen\/#\/schema\/person\/25da02d4f76b137d04291711e2c9fc16\"},\"headline\":\"Fredagsb\u00f6n med den heliga Birgitta\",\"datePublished\":\"2015-04-17T05:00:24+00:00\",\"dateModified\":\"2015-04-17T05:20:17+00:00\",\"mainEntityOfPage\":{\"@id\":\"https:\/\/blogg.svenskakyrkan.se\/vandravagen\/2015\/04\/17\/fredagsbon-med-den-heliga-birgitta\/\"},\"wordCount\":271,\"commentCount\":6,\"publisher\":{\"@id\":\"https:\/\/blogg.svenskakyrkan.se\/vandravagen\/#organization\"},\"image\":{\"@id\":\"https:\/\/blogg.svenskakyrkan.se\/vandravagen\/2015\/04\/17\/fredagsbon-med-den-heliga-birgitta\/#primaryimage\"},\"thumbnailUrl\":\"http:\/\/blogg.svenskakyrkan.se\/vandravagen\/files\/2015\/04\/IMG_5749.jpg\",\"articleSection\":[\"b\u00f6n\",\"Dagens Kyrka\"],\"inLanguage\":\"sv-SE\",\"potentialAction\":[{\"@type\":\"CommentAction\",\"name\":\"Comment\",\"target\":[\"https:\/\/blogg.svenskakyrkan.se\/vandravagen\/2015\/04\/17\/fredagsbon-med-den-heliga-birgitta\/#respond\"]}]},{\"@type\":\"WebPage\",\"@id\":\"https:\/\/blogg.svenskakyrkan.se\/vandravagen\/2015\/04\/17\/fredagsbon-med-den-heliga-birgitta\/\",\"url\":\"https:\/\/blogg.svenskakyrkan.se\/vandravagen\/2015\/04\/17\/fredagsbon-med-den-heliga-birgitta\/\",\"name\":\"Fredagsb\u00f6n med den heliga Birgitta - Vandra V\u00e4gen\",\"isPartOf\":{\"@id\":\"https:\/\/blogg.svenskakyrkan.se\/vandravagen\/#website\"},\"primaryImageOfPage\":{\"@id\":\"https:\/\/blogg.svenskakyrkan.se\/vandravagen\/2015\/04\/17\/fredagsbon-med-den-heliga-birgitta\/#primaryimage\"},\"image\":{\"@id\":\"https:\/\/blogg.svenskakyrkan.se\/vandravagen\/2015\/04\/17\/fredagsbon-med-den-heliga-birgitta\/#primaryimage\"},\"thumbnailUrl\":\"http:\/\/blogg.svenskakyrkan.se\/vandravagen\/files\/2015\/04\/IMG_5749.jpg\",\"datePublished\":\"2015-04-17T05:00:24+00:00\",\"dateModified\":\"2015-04-17T05:20:17+00:00\",\"breadcrumb\":{\"@id\":\"https:\/\/blogg.svenskakyrkan.se\/vandravagen\/2015\/04\/17\/fredagsbon-med-den-heliga-birgitta\/#breadcrumb\"},\"inLanguage\":\"sv-SE\",\"potentialAction\":[{\"@type\":\"ReadAction\",\"target\":[\"https:\/\/blogg.svenskakyrkan.se\/vandravagen\/2015\/04\/17\/fredagsbon-med-den-heliga-birgitta\/\"]}]},{\"@type\":\"ImageObject\",\"inLanguage\":\"sv-SE\",\"@id\":\"https:\/\/blogg.svenskakyrkan.se\/vandravagen\/2015\/04\/17\/fredagsbon-med-den-heliga-birgitta\/#primaryimage\",\"url\":\"http:\/\/blogg.svenskakyrkan.se\/vandravagen\/files\/2015\/04\/IMG_5749.jpg\",\"contentUrl\":\"http:\/\/blogg.svenskakyrkan.se\/vandravagen\/files\/2015\/04\/IMG_5749.jpg\"},{\"@type\":\"BreadcrumbList\",\"@id\":\"https:\/\/blogg.svenskakyrkan.se\/vandravagen\/2015\/04\/17\/fredagsbon-med-den-heliga-birgitta\/#breadcrumb\",\"itemListElement\":[{\"@type\":\"ListItem\",\"position\":1,\"name\":\"Hem\",\"item\":\"https:\/\/blogg.svenskakyrkan.se\/vandravagen\/\"},{\"@type\":\"ListItem\",\"position\":2,\"name\":\"Fredagsb\u00f6n med den heliga Birgitta\"}]},{\"@type\":\"WebSite\",\"@id\":\"https:\/\/blogg.svenskakyrkan.se\/vandravagen\/#website\",\"url\":\"https:\/\/blogg.svenskakyrkan.se\/vandravagen\/\",\"name\":\"Vandra V\u00e4gen\",\"description\":\"-Mot en tro f\u00f6r hela livet\",\"publisher\":{\"@id\":\"https:\/\/blogg.svenskakyrkan.se\/vandravagen\/#organization\"},\"potentialAction\":[{\"@type\":\"SearchAction\",\"target\":{\"@type\":\"EntryPoint\",\"urlTemplate\":\"https:\/\/blogg.svenskakyrkan.se\/vandravagen\/?s={search_term_string}\"},\"query-input\":{\"@type\":\"PropertyValueSpecification\",\"valueRequired\":true,\"valueName\":\"search_term_string\"}}],\"inLanguage\":\"sv-SE\"},{\"@type\":\"Organization\",\"@id\":\"https:\/\/blogg.svenskakyrkan.se\/vandravagen\/#organization\",\"name\":\"ulricehamns pastorat\",\"alternateName\":\"ulricehamns pastorat\",\"url\":\"https:\/\/blogg.svenskakyrkan.se\/vandravagen\/\",\"logo\":{\"@type\":\"ImageObject\",\"inLanguage\":\"sv-SE\",\"@id\":\"https:\/\/blogg.svenskakyrkan.se\/vandravagen\/#\/schema\/logo\/image\/\",\"url\":\"https:\/\/blogg.svenskakyrkan.se\/vandravagen\/files\/2023\/05\/Ulr_logo_RGB.png\",\"contentUrl\":\"https:\/\/blogg.svenskakyrkan.se\/vandravagen\/files\/2023\/05\/Ulr_logo_RGB.png\",\"width\":205,\"height\":77,\"caption\":\"ulricehamns pastorat\"},\"image\":{\"@id\":\"https:\/\/blogg.svenskakyrkan.se\/vandravagen\/#\/schema\/logo\/image\/\"},\"sameAs\":[\"http:\/\/facebook.com\/vandravagen\",\"https:\/\/x.com\/fadertomas\",\"http:\/\/www.facebook.com\/svenskakyrkaniulricehamn\"]},{\"@type\":\"Person\",\"@id\":\"https:\/\/blogg.svenskakyrkan.se\/vandravagen\/#\/schema\/person\/25da02d4f76b137d04291711e2c9fc16\",\"name\":\"Tomas Jarvid\",\"image\":{\"@type\":\"ImageObject\",\"inLanguage\":\"sv-SE\",\"@id\":\"https:\/\/blogg.svenskakyrkan.se\/vandravagen\/#\/schema\/person\/image\/\",\"url\":\"https:\/\/secure.gravatar.com\/avatar\/7fa71899795e8f540f615a1f5ab25255dc27aa40f05ee7ddd21aac521e01bf50?s=96&d=identicon&r=g\",\"contentUrl\":\"https:\/\/secure.gravatar.com\/avatar\/7fa71899795e8f540f615a1f5ab25255dc27aa40f05ee7ddd21aac521e01bf50?s=96&d=identicon&r=g\",\"caption\":\"Tomas Jarvid\"},\"description\":\"Jag bor i Ulricehamn i V\u00e4sterg\u00f6tland och \u00e4r f\u00f6rsamlingspr\u00e4st i Svenska Kyrkan f\u00f6r Dalstorps f\u00f6rsamling i Kinds pastorat. P\u00e5 den h\u00e4r bloggen skriver jag ner tankar om vandringen som kristen.\",\"sameAs\":[\"http:\/\/www.vandravagen.se\"],\"url\":\"https:\/\/blogg.svenskakyrkan.se\/vandravagen\/author\/vandravagen\/\"}]}<\/script>\n<!-- \/ Yoast SEO plugin. -->","yoast_head_json":{"title":"Fredagsb\u00f6n med den heliga Birgitta - Vandra V\u00e4gen","robots":{"index":"index","follow":"follow","max-snippet":"max-snippet:-1","max-image-preview":"max-image-preview:large","max-video-preview":"max-video-preview:-1"},"canonical":"https:\/\/blogg.svenskakyrkan.se\/vandravagen\/2015\/04\/17\/fredagsbon-med-den-heliga-birgitta\/","og_locale":"sv_SE","og_type":"article","og_title":"Fredagsb\u00f6n med den heliga Birgitta - Vandra V\u00e4gen","og_description":"S\u00e5 var det fredag igen och jag har valt ut \u00e4nnu en b\u00f6n till bloggen. Den h\u00e4r b\u00f6nen \u00e4r egentligen v\u00e4ldigt grundl\u00e4ggande i i pilgrimsr\u00f6relsen men oftast \u00e4r den mycket nedskakad. B\u00f6nen \u00e4r skriven av den heliga Birgitta och oftast ber vi bara Visa mig v\u00e4gen och g\u00f6r mig villig att vandra den. Amen &nbsp; [&hellip;]","og_url":"https:\/\/blogg.svenskakyrkan.se\/vandravagen\/2015\/04\/17\/fredagsbon-med-den-heliga-birgitta\/","og_site_name":"Vandra V\u00e4gen","article_publisher":"http:\/\/facebook.com\/vandravagen","article_published_time":"2015-04-17T05:00:24+00:00","article_modified_time":"2015-04-17T05:20:17+00:00","og_image":[{"url":"http:\/\/blogg.svenskakyrkan.se\/vandravagen\/files\/2015\/04\/IMG_5749.jpg","type":"","width":"","height":""}],"author":"Tomas Jarvid","twitter_card":"summary_large_image","twitter_creator":"@fadertomas","twitter_site":"@fadertomas","twitter_misc":{"Skriven av":"Tomas Jarvid","Ber\u00e4knad l\u00e4stid":"1 minut"},"schema":{"@context":"https:\/\/schema.org","@graph":[{"@type":"Article","@id":"https:\/\/blogg.svenskakyrkan.se\/vandravagen\/2015\/04\/17\/fredagsbon-med-den-heliga-birgitta\/#article","isPartOf":{"@id":"https:\/\/blogg.svenskakyrkan.se\/vandravagen\/2015\/04\/17\/fredagsbon-med-den-heliga-birgitta\/"},"author":{"name":"Tomas Jarvid","@id":"https:\/\/blogg.svenskakyrkan.se\/vandravagen\/#\/schema\/person\/25da02d4f76b137d04291711e2c9fc16"},"headline":"Fredagsb\u00f6n med den heliga Birgitta","datePublished":"2015-04-17T05:00:24+00:00","dateModified":"2015-04-17T05:20:17+00:00","mainEntityOfPage":{"@id":"https:\/\/blogg.svenskakyrkan.se\/vandravagen\/2015\/04\/17\/fredagsbon-med-den-heliga-birgitta\/"},"wordCount":271,"commentCount":6,"publisher":{"@id":"https:\/\/blogg.svenskakyrkan.se\/vandravagen\/#organization"},"image":{"@id":"https:\/\/blogg.svenskakyrkan.se\/vandravagen\/2015\/04\/17\/fredagsbon-med-den-heliga-birgitta\/#primaryimage"},"thumbnailUrl":"http:\/\/blogg.svenskakyrkan.se\/vandravagen\/files\/2015\/04\/IMG_5749.jpg","articleSection":["b\u00f6n","Dagens Kyrka"],"inLanguage":"sv-SE","potentialAction":[{"@type":"CommentAction","name":"Comment","target":["https:\/\/blogg.svenskakyrkan.se\/vandravagen\/2015\/04\/17\/fredagsbon-med-den-heliga-birgitta\/#respond"]}]},{"@type":"WebPage","@id":"https:\/\/blogg.svenskakyrkan.se\/vandravagen\/2015\/04\/17\/fredagsbon-med-den-heliga-birgitta\/","url":"https:\/\/blogg.svenskakyrkan.se\/vandravagen\/2015\/04\/17\/fredagsbon-med-den-heliga-birgitta\/","name":"Fredagsb\u00f6n med den heliga Birgitta - Vandra V\u00e4gen","isPartOf":{"@id":"https:\/\/blogg.svenskakyrkan.se\/vandravagen\/#website"},"primaryImageOfPage":{"@id":"https:\/\/blogg.svenskakyrkan.se\/vandravagen\/2015\/04\/17\/fredagsbon-med-den-heliga-birgitta\/#primaryimage"},"image":{"@id":"https:\/\/blogg.svenskakyrkan.se\/vandravagen\/2015\/04\/17\/fredagsbon-med-den-heliga-birgitta\/#primaryimage"},"thumbnailUrl":"http:\/\/blogg.svenskakyrkan.se\/vandravagen\/files\/2015\/04\/IMG_5749.jpg","datePublished":"2015-04-17T05:00:24+00:00","dateModified":"2015-04-17T05:20:17+00:00","breadcrumb":{"@id":"https:\/\/blogg.svenskakyrkan.se\/vandravagen\/2015\/04\/17\/fredagsbon-med-den-heliga-birgitta\/#breadcrumb"},"inLanguage":"sv-SE","potentialAction":[{"@type":"ReadAction","target":["https:\/\/blogg.svenskakyrkan.se\/vandravagen\/2015\/04\/17\/fredagsbon-med-den-heliga-birgitta\/"]}]},{"@type":"ImageObject","inLanguage":"sv-SE","@id":"https:\/\/blogg.svenskakyrkan.se\/vandravagen\/2015\/04\/17\/fredagsbon-med-den-heliga-birgitta\/#primaryimage","url":"http:\/\/blogg.svenskakyrkan.se\/vandravagen\/files\/2015\/04\/IMG_5749.jpg","contentUrl":"http:\/\/blogg.svenskakyrkan.se\/vandravagen\/files\/2015\/04\/IMG_5749.jpg"},{"@type":"BreadcrumbList","@id":"https:\/\/blogg.svenskakyrkan.se\/vandravagen\/2015\/04\/17\/fredagsbon-med-den-heliga-birgitta\/#breadcrumb","itemListElement":[{"@type":"ListItem","position":1,"name":"Hem","item":"https:\/\/blogg.svenskakyrkan.se\/vandravagen\/"},{"@type":"ListItem","position":2,"name":"Fredagsb\u00f6n med den heliga Birgitta"}]},{"@type":"WebSite","@id":"https:\/\/blogg.svenskakyrkan.se\/vandravagen\/#website","url":"https:\/\/blogg.svenskakyrkan.se\/vandravagen\/","name":"Vandra V\u00e4gen","description":"-Mot en tro f\u00f6r hela livet","publisher":{"@id":"https:\/\/blogg.svenskakyrkan.se\/vandravagen\/#organization"},"potentialAction":[{"@type":"SearchAction","target":{"@type":"EntryPoint","urlTemplate":"https:\/\/blogg.svenskakyrkan.se\/vandravagen\/?s={search_term_string}"},"query-input":{"@type":"PropertyValueSpecification","valueRequired":true,"valueName":"search_term_string"}}],"inLanguage":"sv-SE"},{"@type":"Organization","@id":"https:\/\/blogg.svenskakyrkan.se\/vandravagen\/#organization","name":"ulricehamns pastorat","alternateName":"ulricehamns pastorat","url":"https:\/\/blogg.svenskakyrkan.se\/vandravagen\/","logo":{"@type":"ImageObject","inLanguage":"sv-SE","@id":"https:\/\/blogg.svenskakyrkan.se\/vandravagen\/#\/schema\/logo\/image\/","url":"https:\/\/blogg.svenskakyrkan.se\/vandravagen\/files\/2023\/05\/Ulr_logo_RGB.png","contentUrl":"https:\/\/blogg.svenskakyrkan.se\/vandravagen\/files\/2023\/05\/Ulr_logo_RGB.png","width":205,"height":77,"caption":"ulricehamns pastorat"},"image":{"@id":"https:\/\/blogg.svenskakyrkan.se\/vandravagen\/#\/schema\/logo\/image\/"},"sameAs":["http:\/\/facebook.com\/vandravagen","https:\/\/x.com\/fadertomas","http:\/\/www.facebook.com\/svenskakyrkaniulricehamn"]},{"@type":"Person","@id":"https:\/\/blogg.svenskakyrkan.se\/vandravagen\/#\/schema\/person\/25da02d4f76b137d04291711e2c9fc16","name":"Tomas Jarvid","image":{"@type":"ImageObject","inLanguage":"sv-SE","@id":"https:\/\/blogg.svenskakyrkan.se\/vandravagen\/#\/schema\/person\/image\/","url":"https:\/\/secure.gravatar.com\/avatar\/7fa71899795e8f540f615a1f5ab25255dc27aa40f05ee7ddd21aac521e01bf50?s=96&d=identicon&r=g","contentUrl":"https:\/\/secure.gravatar.com\/avatar\/7fa71899795e8f540f615a1f5ab25255dc27aa40f05ee7ddd21aac521e01bf50?s=96&d=identicon&r=g","caption":"Tomas Jarvid"},"description":"Jag bor i Ulricehamn i V\u00e4sterg\u00f6tland och \u00e4r f\u00f6rsamlingspr\u00e4st i Svenska Kyrkan f\u00f6r Dalstorps f\u00f6rsamling i Kinds pastorat. P\u00e5 den h\u00e4r bloggen skriver jag ner tankar om vandringen som kristen.","sameAs":["http:\/\/www.vandravagen.se"],"url":"https:\/\/blogg.svenskakyrkan.se\/vandravagen\/author\/vandravagen\/"}]}},"author_meta":{"ID":"392","user_nicename":"vandravagen","user_url":"http:\/\/www.vandravagen.se","user_registered":"2014-05-19 05:44:52","display_name":"Tomas Jarvid","first_name":"Tomas","last_name":"Jarvid","avatar":"https:\/\/secure.gravatar.com\/avatar\/7fa71899795e8f540f615a1f5ab25255dc27aa40f05ee7ddd21aac521e01bf50?s=96&d=identicon&r=g"},"featured_image":false,"bloginfo":{"name":"Vandra V\u00e4gen","url":"https:\/\/blogg.svenskakyrkan.se\/vandravagen"},"_links":{"self":[{"href":"https:\/\/blogg.svenskakyrkan.se\/vandravagen\/wp-json\/wp\/v2\/posts\/2956","targetHints":{"allow":["GET"]}}],"collection":[{"href":"https:\/\/blogg.svenskakyrkan.se\/vandravagen\/wp-json\/wp\/v2\/posts"}],"about":[{"href":"https:\/\/blogg.svenskakyrkan.se\/vandravagen\/wp-json\/wp\/v2\/types\/post"}],"author":[{"embeddable":true,"href":"https:\/\/blogg.svenskakyrkan.se\/vandravagen\/wp-json\/wp\/v2\/users\/392"}],"replies":[{"embeddable":true,"href":"https:\/\/blogg.svenskakyrkan.se\/vandravagen\/wp-json\/wp\/v2\/comments?post=2956"}],"version-history":[{"count":2,"href":"https:\/\/blogg.svenskakyrkan.se\/vandravagen\/wp-json\/wp\/v2\/posts\/2956\/revisions"}],"predecessor-version":[{"id":2959,"href":"https:\/\/blogg.svenskakyrkan.se\/vandravagen\/wp-json\/wp\/v2\/posts\/2956\/revisions\/2959"}],"wp:attachment":[{"href":"https:\/\/blogg.svenskakyrkan.se\/vandravagen\/wp-json\/wp\/v2\/media?parent=2956"}],"wp:term":[{"taxonomy":"category","embeddable":true,"href":"https:\/\/blogg.svenskakyrkan.se\/vandravagen\/wp-json\/wp\/v2\/categories?post=2956"},{"taxonomy":"post_tag","embeddable":true,"href":"https:\/\/blogg.svenskakyrkan.se\/vandravagen\/wp-json\/wp\/v2\/tags?post=2956"}],"curies":[{"name":"wp","href":"https:\/\/api.w.org\/{rel}","templated":true}]}}