{"id":2963,"date":"2015-04-19T07:00:37","date_gmt":"2015-04-19T05:00:37","guid":{"rendered":"http:\/\/blogg.svenskakyrkan.se\/vandravagen\/?p=2963"},"modified":"2015-04-18T22:02:25","modified_gmt":"2015-04-18T20:02:25","slug":"10-blandade-tankar-pa-sondagen-16","status":"publish","type":"post","link":"https:\/\/blogg.svenskakyrkan.se\/vandravagen\/2015\/04\/19\/10-blandade-tankar-pa-sondagen-16\/","title":{"rendered":"10 blandade tankar p\u00e5 s\u00f6ndagen"},"content":{"rendered":"<p>&nbsp;<\/p>\n<div id=\"attachment_2964\" style=\"width: 579px\" class=\"wp-caption aligncenter\"><a href=\"http:\/\/blogg.svenskakyrkan.se\/vandravagen\/files\/2015\/04\/IMG_5345.jpg\"><img loading=\"lazy\" decoding=\"async\" aria-describedby=\"caption-attachment-2964\" class=\"size-full wp-image-2964\" src=\"http:\/\/blogg.svenskakyrkan.se\/vandravagen\/files\/2015\/04\/IMG_5345.jpg\" alt=\"Ser inte helt ut som en god herde det h\u00e4r va?\" width=\"569\" height=\"768\" srcset=\"https:\/\/blogg.svenskakyrkan.se\/vandravagen\/files\/2015\/04\/IMG_5345.jpg 569w, https:\/\/blogg.svenskakyrkan.se\/vandravagen\/files\/2015\/04\/IMG_5345-300x405.jpg 300w, https:\/\/blogg.svenskakyrkan.se\/vandravagen\/files\/2015\/04\/IMG_5345-222x300.jpg 222w\" sizes=\"auto, (max-width: 569px) 100vw, 569px\" \/><\/a><p id=\"caption-attachment-2964\" class=\"wp-caption-text\">Ser inte helt ut som en god herde det h\u00e4r va?<\/p><\/div>\n<p>Idag \u00e4r det s\u00f6ndag igen. N\u00e4rmare best\u00e4mt tredje s\u00f6ndagen i p\u00e5sktiden. Lite f\u00f6rvillande att man pl\u00f6tsligt r\u00e4knar annorlunda (f\u00f6r p\u00e5sk \u00e4r ju tv\u00e5 veckor sen) men tanken \u00e4r att det h\u00f6r ihop med att VARJE s\u00f6ndag egentligen \u00e4r t\u00e4nkt som en liten p\u00e5skdag.<\/p>\n<p>Temat f\u00f6r dagen \u00e4r &#8221;den gode herden&#8221;, jag ska leda en rolig gudstj\u00e4nst i Sk\u00e4lvum som vi \u00e4r m\u00e5nga som f\u00f6rberett tillsammans p\u00e5 v\u00e5r &#8221;gudstj\u00e4nstverkstad&#8221; f\u00f6rra veckan. N\u00e5got om f\u00e5r och herdar blir det helt klart. Och s\u00e5 blir det dop av ett litet barn. Det \u00e4r ocks\u00e5 v\u00e4ldigt roligt. Sen p\u00e5 kv\u00e4llen ska jag fira m\u00e4ssa i Ledsj\u00f6. Hoppas vi ses p\u00e5 n\u00e5gon av de gudstj\u00e4nsterna?<\/p>\n<p>Fast idag har jag ocks\u00e5 min egen radiogudstj\u00e4nst. Den lokala radiokanalen\u00a0<a href=\"http:\/\/www.radiokinnekulle.se\">http:\/\/www.radiokinnekulle.se<\/a>\u00a0har ett program om s\u00f6ndagarna med tankar utifr\u00e5n veckans texter och s\u00e5. Idag \u00e4r det jag som talar och sjunger och spelar s\u00e5 om du \u00e4r nyfiken p\u00e5 hur det l\u00e5ter kan du lyssna 9 eller 18. Man kan lyssna via hemsidan ocks\u00e5 men man m\u00e5ste g\u00f6ra det &#8221;live&#8221; n\u00e4r programmet s\u00e4nds. N\u00e5got f\u00f6r dig som saknar mina podpredikningar allts\u00e5.<\/p>\n<p>R\u00e4ttelse. Jag har inte h\u00f6rt fr\u00e5n n\u00e5gon alls som saknar mina podpredikningar. Konstigt.<\/p>\n<p>Jag f\u00e5r \u00e5terkomma i dagarna med lite mer om herdar och f\u00e5r och s\u00e5nt.<\/p>\n<p>Det \u00e4r mycket tal om den kommande starwarsfilmen p\u00e5 sociala medier. Jag drar mitt str\u00e5 till stacken genom att l\u00e4nka spelmannen Mikael Frisk som gjort polska av den klassiska filmmusiken:<\/p>\n<p><iframe loading=\"lazy\" title=\"Polska fr\u00e5n Stj\u00e4rnorna - Star Wars melodies in a traditional Swedish style\" width=\"500\" height=\"281\" src=\"https:\/\/www.youtube.com\/embed\/Hznag3I13E0?feature=oembed\" frameborder=\"0\" allow=\"accelerometer; autoplay; clipboard-write; encrypted-media; gyroscope; picture-in-picture; web-share\" referrerpolicy=\"strict-origin-when-cross-origin\" allowfullscreen><\/iframe><\/p>\n<div><\/div>\n<div>En annan sak som h\u00e4nt \u00e4r att jag f\u00e5tt en mutbok p\u00e5 posten. Ett f\u00f6rlag har skickat en ny bok till mig med en underf\u00f6rst\u00e5dd \u00f6nskan att jag ska skriva gott om den h\u00e4r p\u00e5 bloggen fram\u00f6ver. Det har de ocks\u00e5 s\u00e4kert helt r\u00e4tt i att det kommer h\u00e4nda. Bara s\u00e5 du vet att du \u00e4r offer f\u00f6r marknadsf\u00f6ring.<\/div>\n<div><\/div>\n<div>Och s\u00e5 fick jag chansen att s\u00e4ga att jag \u00e4r en &#8221;key blogger&#8221; eller n\u00e5t s\u00e5nt. I alla fall f\u00f6r den d\u00e4r l\u00e4saren i Ryssland eller hur det nu var.<\/div>\n<div><\/div>\n<div>Om n\u00e5gon annan vill skicka n\u00e5got till mig s\u00e5 tar jag f\u00f6rutom b\u00f6cker emot bakverk av alla de slag. S\u00e4rskilt chokladbiskvier.<\/div>\n<div><\/div>\n<div>En annan sak som h\u00e4nt \u00e4r att jag lyssnat en del p\u00e5 olika teologiska podcaster och nu k\u00e4nner mig som en r\u00e4tt risig teolog. Det finns en v\u00e4ldig massa problem och aspekter som jag aldrig t\u00e4nker p\u00e5. Fast det kanske jag ska vara glad f\u00f6r.<\/div>\n<div><\/div>\n<div>\n<p>Vad g\u00f6r du idag? Skriv en kommentar!<\/p>\n<\/div>\n","protected":false},"excerpt":{"rendered":"<p>&nbsp; Idag \u00e4r det s\u00f6ndag igen. N\u00e4rmare best\u00e4mt tredje s\u00f6ndagen i p\u00e5sktiden. Lite f\u00f6rvillande att man pl\u00f6tsligt r\u00e4knar annorlunda (f\u00f6r p\u00e5sk \u00e4r ju tv\u00e5 veckor sen) men tanken \u00e4r att det h\u00f6r ihop med att VARJE s\u00f6ndag egentligen \u00e4r t\u00e4nkt som en liten p\u00e5skdag. Temat f\u00f6r dagen \u00e4r &#8221;den gode herden&#8221;, jag ska leda en [&hellip;]<\/p>\n","protected":false},"author":392,"featured_media":0,"comment_status":"open","ping_status":"open","sticky":false,"template":"","format":"standard","meta":{"_acf_changed":false,"footnotes":""},"categories":[76766,76189],"tags":[],"class_list":["post-2963","post","type-post","status-publish","format-standard","hentry","category-blandat","category-dagens-kyrka"],"acf":[],"yoast_head":"<!-- This site is optimized with the Yoast SEO plugin v27.1.1 - https:\/\/yoast.com\/product\/yoast-seo-wordpress\/ -->\n<title>10 blandade tankar p\u00e5 s\u00f6ndagen - Vandra V\u00e4gen<\/title>\n<meta name=\"robots\" content=\"index, follow, max-snippet:-1, max-image-preview:large, max-video-preview:-1\" \/>\n<link rel=\"canonical\" href=\"https:\/\/blogg.svenskakyrkan.se\/vandravagen\/2015\/04\/19\/10-blandade-tankar-pa-sondagen-16\/\" \/>\n<meta property=\"og:locale\" content=\"sv_SE\" \/>\n<meta property=\"og:type\" content=\"article\" \/>\n<meta property=\"og:title\" content=\"10 blandade tankar p\u00e5 s\u00f6ndagen - Vandra V\u00e4gen\" \/>\n<meta property=\"og:description\" content=\"&nbsp; Idag \u00e4r det s\u00f6ndag igen. N\u00e4rmare best\u00e4mt tredje s\u00f6ndagen i p\u00e5sktiden. Lite f\u00f6rvillande att man pl\u00f6tsligt r\u00e4knar annorlunda (f\u00f6r p\u00e5sk \u00e4r ju tv\u00e5 veckor sen) men tanken \u00e4r att det h\u00f6r ihop med att VARJE s\u00f6ndag egentligen \u00e4r t\u00e4nkt som en liten p\u00e5skdag. Temat f\u00f6r dagen \u00e4r &#8221;den gode herden&#8221;, jag ska leda en [&hellip;]\" \/>\n<meta property=\"og:url\" content=\"https:\/\/blogg.svenskakyrkan.se\/vandravagen\/2015\/04\/19\/10-blandade-tankar-pa-sondagen-16\/\" \/>\n<meta property=\"og:site_name\" content=\"Vandra V\u00e4gen\" \/>\n<meta property=\"article:publisher\" content=\"http:\/\/facebook.com\/vandravagen\" \/>\n<meta property=\"article:published_time\" content=\"2015-04-19T05:00:37+00:00\" \/>\n<meta property=\"og:image\" content=\"http:\/\/blogg.svenskakyrkan.se\/vandravagen\/files\/2015\/04\/IMG_5345.jpg\" \/>\n<meta name=\"author\" content=\"Tomas Jarvid\" \/>\n<meta name=\"twitter:card\" content=\"summary_large_image\" \/>\n<meta name=\"twitter:creator\" content=\"@fadertomas\" \/>\n<meta name=\"twitter:site\" content=\"@fadertomas\" \/>\n<meta name=\"twitter:label1\" content=\"Skriven av\" \/>\n\t<meta name=\"twitter:data1\" content=\"Tomas Jarvid\" \/>\n\t<meta name=\"twitter:label2\" content=\"Ber\u00e4knad l\u00e4stid\" \/>\n\t<meta name=\"twitter:data2\" content=\"3 minuter\" \/>\n<script type=\"application\/ld+json\" class=\"yoast-schema-graph\">{\"@context\":\"https:\/\/schema.org\",\"@graph\":[{\"@type\":\"Article\",\"@id\":\"https:\/\/blogg.svenskakyrkan.se\/vandravagen\/2015\/04\/19\/10-blandade-tankar-pa-sondagen-16\/#article\",\"isPartOf\":{\"@id\":\"https:\/\/blogg.svenskakyrkan.se\/vandravagen\/2015\/04\/19\/10-blandade-tankar-pa-sondagen-16\/\"},\"author\":{\"name\":\"Tomas Jarvid\",\"@id\":\"https:\/\/blogg.svenskakyrkan.se\/vandravagen\/#\/schema\/person\/25da02d4f76b137d04291711e2c9fc16\"},\"headline\":\"10 blandade tankar p\u00e5 s\u00f6ndagen\",\"datePublished\":\"2015-04-19T05:00:37+00:00\",\"mainEntityOfPage\":{\"@id\":\"https:\/\/blogg.svenskakyrkan.se\/vandravagen\/2015\/04\/19\/10-blandade-tankar-pa-sondagen-16\/\"},\"wordCount\":517,\"commentCount\":10,\"publisher\":{\"@id\":\"https:\/\/blogg.svenskakyrkan.se\/vandravagen\/#organization\"},\"image\":{\"@id\":\"https:\/\/blogg.svenskakyrkan.se\/vandravagen\/2015\/04\/19\/10-blandade-tankar-pa-sondagen-16\/#primaryimage\"},\"thumbnailUrl\":\"http:\/\/blogg.svenskakyrkan.se\/vandravagen\/files\/2015\/04\/IMG_5345.jpg\",\"articleSection\":[\"blandat\",\"Dagens Kyrka\"],\"inLanguage\":\"sv-SE\",\"potentialAction\":[{\"@type\":\"CommentAction\",\"name\":\"Comment\",\"target\":[\"https:\/\/blogg.svenskakyrkan.se\/vandravagen\/2015\/04\/19\/10-blandade-tankar-pa-sondagen-16\/#respond\"]}]},{\"@type\":\"WebPage\",\"@id\":\"https:\/\/blogg.svenskakyrkan.se\/vandravagen\/2015\/04\/19\/10-blandade-tankar-pa-sondagen-16\/\",\"url\":\"https:\/\/blogg.svenskakyrkan.se\/vandravagen\/2015\/04\/19\/10-blandade-tankar-pa-sondagen-16\/\",\"name\":\"10 blandade tankar p\u00e5 s\u00f6ndagen - Vandra V\u00e4gen\",\"isPartOf\":{\"@id\":\"https:\/\/blogg.svenskakyrkan.se\/vandravagen\/#website\"},\"primaryImageOfPage\":{\"@id\":\"https:\/\/blogg.svenskakyrkan.se\/vandravagen\/2015\/04\/19\/10-blandade-tankar-pa-sondagen-16\/#primaryimage\"},\"image\":{\"@id\":\"https:\/\/blogg.svenskakyrkan.se\/vandravagen\/2015\/04\/19\/10-blandade-tankar-pa-sondagen-16\/#primaryimage\"},\"thumbnailUrl\":\"http:\/\/blogg.svenskakyrkan.se\/vandravagen\/files\/2015\/04\/IMG_5345.jpg\",\"datePublished\":\"2015-04-19T05:00:37+00:00\",\"breadcrumb\":{\"@id\":\"https:\/\/blogg.svenskakyrkan.se\/vandravagen\/2015\/04\/19\/10-blandade-tankar-pa-sondagen-16\/#breadcrumb\"},\"inLanguage\":\"sv-SE\",\"potentialAction\":[{\"@type\":\"ReadAction\",\"target\":[\"https:\/\/blogg.svenskakyrkan.se\/vandravagen\/2015\/04\/19\/10-blandade-tankar-pa-sondagen-16\/\"]}]},{\"@type\":\"ImageObject\",\"inLanguage\":\"sv-SE\",\"@id\":\"https:\/\/blogg.svenskakyrkan.se\/vandravagen\/2015\/04\/19\/10-blandade-tankar-pa-sondagen-16\/#primaryimage\",\"url\":\"http:\/\/blogg.svenskakyrkan.se\/vandravagen\/files\/2015\/04\/IMG_5345.jpg\",\"contentUrl\":\"http:\/\/blogg.svenskakyrkan.se\/vandravagen\/files\/2015\/04\/IMG_5345.jpg\"},{\"@type\":\"BreadcrumbList\",\"@id\":\"https:\/\/blogg.svenskakyrkan.se\/vandravagen\/2015\/04\/19\/10-blandade-tankar-pa-sondagen-16\/#breadcrumb\",\"itemListElement\":[{\"@type\":\"ListItem\",\"position\":1,\"name\":\"Hem\",\"item\":\"https:\/\/blogg.svenskakyrkan.se\/vandravagen\/\"},{\"@type\":\"ListItem\",\"position\":2,\"name\":\"10 blandade tankar p\u00e5 s\u00f6ndagen\"}]},{\"@type\":\"WebSite\",\"@id\":\"https:\/\/blogg.svenskakyrkan.se\/vandravagen\/#website\",\"url\":\"https:\/\/blogg.svenskakyrkan.se\/vandravagen\/\",\"name\":\"Vandra V\u00e4gen\",\"description\":\"-Mot en tro f\u00f6r hela livet\",\"publisher\":{\"@id\":\"https:\/\/blogg.svenskakyrkan.se\/vandravagen\/#organization\"},\"potentialAction\":[{\"@type\":\"SearchAction\",\"target\":{\"@type\":\"EntryPoint\",\"urlTemplate\":\"https:\/\/blogg.svenskakyrkan.se\/vandravagen\/?s={search_term_string}\"},\"query-input\":{\"@type\":\"PropertyValueSpecification\",\"valueRequired\":true,\"valueName\":\"search_term_string\"}}],\"inLanguage\":\"sv-SE\"},{\"@type\":\"Organization\",\"@id\":\"https:\/\/blogg.svenskakyrkan.se\/vandravagen\/#organization\",\"name\":\"ulricehamns pastorat\",\"alternateName\":\"ulricehamns pastorat\",\"url\":\"https:\/\/blogg.svenskakyrkan.se\/vandravagen\/\",\"logo\":{\"@type\":\"ImageObject\",\"inLanguage\":\"sv-SE\",\"@id\":\"https:\/\/blogg.svenskakyrkan.se\/vandravagen\/#\/schema\/logo\/image\/\",\"url\":\"https:\/\/blogg.svenskakyrkan.se\/vandravagen\/files\/2023\/05\/Ulr_logo_RGB.png\",\"contentUrl\":\"https:\/\/blogg.svenskakyrkan.se\/vandravagen\/files\/2023\/05\/Ulr_logo_RGB.png\",\"width\":205,\"height\":77,\"caption\":\"ulricehamns pastorat\"},\"image\":{\"@id\":\"https:\/\/blogg.svenskakyrkan.se\/vandravagen\/#\/schema\/logo\/image\/\"},\"sameAs\":[\"http:\/\/facebook.com\/vandravagen\",\"https:\/\/x.com\/fadertomas\",\"http:\/\/www.facebook.com\/svenskakyrkaniulricehamn\"]},{\"@type\":\"Person\",\"@id\":\"https:\/\/blogg.svenskakyrkan.se\/vandravagen\/#\/schema\/person\/25da02d4f76b137d04291711e2c9fc16\",\"name\":\"Tomas Jarvid\",\"image\":{\"@type\":\"ImageObject\",\"inLanguage\":\"sv-SE\",\"@id\":\"https:\/\/blogg.svenskakyrkan.se\/vandravagen\/#\/schema\/person\/image\/\",\"url\":\"https:\/\/secure.gravatar.com\/avatar\/7fa71899795e8f540f615a1f5ab25255dc27aa40f05ee7ddd21aac521e01bf50?s=96&d=identicon&r=g\",\"contentUrl\":\"https:\/\/secure.gravatar.com\/avatar\/7fa71899795e8f540f615a1f5ab25255dc27aa40f05ee7ddd21aac521e01bf50?s=96&d=identicon&r=g\",\"caption\":\"Tomas Jarvid\"},\"description\":\"Jag bor i Ulricehamn i V\u00e4sterg\u00f6tland och \u00e4r f\u00f6rsamlingspr\u00e4st i Svenska Kyrkan f\u00f6r Dalstorps f\u00f6rsamling i Kinds pastorat. P\u00e5 den h\u00e4r bloggen skriver jag ner tankar om vandringen som kristen.\",\"sameAs\":[\"http:\/\/www.vandravagen.se\"],\"url\":\"https:\/\/blogg.svenskakyrkan.se\/vandravagen\/author\/vandravagen\/\"}]}<\/script>\n<!-- \/ Yoast SEO plugin. -->","yoast_head_json":{"title":"10 blandade tankar p\u00e5 s\u00f6ndagen - Vandra V\u00e4gen","robots":{"index":"index","follow":"follow","max-snippet":"max-snippet:-1","max-image-preview":"max-image-preview:large","max-video-preview":"max-video-preview:-1"},"canonical":"https:\/\/blogg.svenskakyrkan.se\/vandravagen\/2015\/04\/19\/10-blandade-tankar-pa-sondagen-16\/","og_locale":"sv_SE","og_type":"article","og_title":"10 blandade tankar p\u00e5 s\u00f6ndagen - Vandra V\u00e4gen","og_description":"&nbsp; Idag \u00e4r det s\u00f6ndag igen. N\u00e4rmare best\u00e4mt tredje s\u00f6ndagen i p\u00e5sktiden. Lite f\u00f6rvillande att man pl\u00f6tsligt r\u00e4knar annorlunda (f\u00f6r p\u00e5sk \u00e4r ju tv\u00e5 veckor sen) men tanken \u00e4r att det h\u00f6r ihop med att VARJE s\u00f6ndag egentligen \u00e4r t\u00e4nkt som en liten p\u00e5skdag. Temat f\u00f6r dagen \u00e4r &#8221;den gode herden&#8221;, jag ska leda en [&hellip;]","og_url":"https:\/\/blogg.svenskakyrkan.se\/vandravagen\/2015\/04\/19\/10-blandade-tankar-pa-sondagen-16\/","og_site_name":"Vandra V\u00e4gen","article_publisher":"http:\/\/facebook.com\/vandravagen","article_published_time":"2015-04-19T05:00:37+00:00","og_image":[{"url":"http:\/\/blogg.svenskakyrkan.se\/vandravagen\/files\/2015\/04\/IMG_5345.jpg","type":"","width":"","height":""}],"author":"Tomas Jarvid","twitter_card":"summary_large_image","twitter_creator":"@fadertomas","twitter_site":"@fadertomas","twitter_misc":{"Skriven av":"Tomas Jarvid","Ber\u00e4knad l\u00e4stid":"3 minuter"},"schema":{"@context":"https:\/\/schema.org","@graph":[{"@type":"Article","@id":"https:\/\/blogg.svenskakyrkan.se\/vandravagen\/2015\/04\/19\/10-blandade-tankar-pa-sondagen-16\/#article","isPartOf":{"@id":"https:\/\/blogg.svenskakyrkan.se\/vandravagen\/2015\/04\/19\/10-blandade-tankar-pa-sondagen-16\/"},"author":{"name":"Tomas Jarvid","@id":"https:\/\/blogg.svenskakyrkan.se\/vandravagen\/#\/schema\/person\/25da02d4f76b137d04291711e2c9fc16"},"headline":"10 blandade tankar p\u00e5 s\u00f6ndagen","datePublished":"2015-04-19T05:00:37+00:00","mainEntityOfPage":{"@id":"https:\/\/blogg.svenskakyrkan.se\/vandravagen\/2015\/04\/19\/10-blandade-tankar-pa-sondagen-16\/"},"wordCount":517,"commentCount":10,"publisher":{"@id":"https:\/\/blogg.svenskakyrkan.se\/vandravagen\/#organization"},"image":{"@id":"https:\/\/blogg.svenskakyrkan.se\/vandravagen\/2015\/04\/19\/10-blandade-tankar-pa-sondagen-16\/#primaryimage"},"thumbnailUrl":"http:\/\/blogg.svenskakyrkan.se\/vandravagen\/files\/2015\/04\/IMG_5345.jpg","articleSection":["blandat","Dagens Kyrka"],"inLanguage":"sv-SE","potentialAction":[{"@type":"CommentAction","name":"Comment","target":["https:\/\/blogg.svenskakyrkan.se\/vandravagen\/2015\/04\/19\/10-blandade-tankar-pa-sondagen-16\/#respond"]}]},{"@type":"WebPage","@id":"https:\/\/blogg.svenskakyrkan.se\/vandravagen\/2015\/04\/19\/10-blandade-tankar-pa-sondagen-16\/","url":"https:\/\/blogg.svenskakyrkan.se\/vandravagen\/2015\/04\/19\/10-blandade-tankar-pa-sondagen-16\/","name":"10 blandade tankar p\u00e5 s\u00f6ndagen - Vandra V\u00e4gen","isPartOf":{"@id":"https:\/\/blogg.svenskakyrkan.se\/vandravagen\/#website"},"primaryImageOfPage":{"@id":"https:\/\/blogg.svenskakyrkan.se\/vandravagen\/2015\/04\/19\/10-blandade-tankar-pa-sondagen-16\/#primaryimage"},"image":{"@id":"https:\/\/blogg.svenskakyrkan.se\/vandravagen\/2015\/04\/19\/10-blandade-tankar-pa-sondagen-16\/#primaryimage"},"thumbnailUrl":"http:\/\/blogg.svenskakyrkan.se\/vandravagen\/files\/2015\/04\/IMG_5345.jpg","datePublished":"2015-04-19T05:00:37+00:00","breadcrumb":{"@id":"https:\/\/blogg.svenskakyrkan.se\/vandravagen\/2015\/04\/19\/10-blandade-tankar-pa-sondagen-16\/#breadcrumb"},"inLanguage":"sv-SE","potentialAction":[{"@type":"ReadAction","target":["https:\/\/blogg.svenskakyrkan.se\/vandravagen\/2015\/04\/19\/10-blandade-tankar-pa-sondagen-16\/"]}]},{"@type":"ImageObject","inLanguage":"sv-SE","@id":"https:\/\/blogg.svenskakyrkan.se\/vandravagen\/2015\/04\/19\/10-blandade-tankar-pa-sondagen-16\/#primaryimage","url":"http:\/\/blogg.svenskakyrkan.se\/vandravagen\/files\/2015\/04\/IMG_5345.jpg","contentUrl":"http:\/\/blogg.svenskakyrkan.se\/vandravagen\/files\/2015\/04\/IMG_5345.jpg"},{"@type":"BreadcrumbList","@id":"https:\/\/blogg.svenskakyrkan.se\/vandravagen\/2015\/04\/19\/10-blandade-tankar-pa-sondagen-16\/#breadcrumb","itemListElement":[{"@type":"ListItem","position":1,"name":"Hem","item":"https:\/\/blogg.svenskakyrkan.se\/vandravagen\/"},{"@type":"ListItem","position":2,"name":"10 blandade tankar p\u00e5 s\u00f6ndagen"}]},{"@type":"WebSite","@id":"https:\/\/blogg.svenskakyrkan.se\/vandravagen\/#website","url":"https:\/\/blogg.svenskakyrkan.se\/vandravagen\/","name":"Vandra V\u00e4gen","description":"-Mot en tro f\u00f6r hela livet","publisher":{"@id":"https:\/\/blogg.svenskakyrkan.se\/vandravagen\/#organization"},"potentialAction":[{"@type":"SearchAction","target":{"@type":"EntryPoint","urlTemplate":"https:\/\/blogg.svenskakyrkan.se\/vandravagen\/?s={search_term_string}"},"query-input":{"@type":"PropertyValueSpecification","valueRequired":true,"valueName":"search_term_string"}}],"inLanguage":"sv-SE"},{"@type":"Organization","@id":"https:\/\/blogg.svenskakyrkan.se\/vandravagen\/#organization","name":"ulricehamns pastorat","alternateName":"ulricehamns pastorat","url":"https:\/\/blogg.svenskakyrkan.se\/vandravagen\/","logo":{"@type":"ImageObject","inLanguage":"sv-SE","@id":"https:\/\/blogg.svenskakyrkan.se\/vandravagen\/#\/schema\/logo\/image\/","url":"https:\/\/blogg.svenskakyrkan.se\/vandravagen\/files\/2023\/05\/Ulr_logo_RGB.png","contentUrl":"https:\/\/blogg.svenskakyrkan.se\/vandravagen\/files\/2023\/05\/Ulr_logo_RGB.png","width":205,"height":77,"caption":"ulricehamns pastorat"},"image":{"@id":"https:\/\/blogg.svenskakyrkan.se\/vandravagen\/#\/schema\/logo\/image\/"},"sameAs":["http:\/\/facebook.com\/vandravagen","https:\/\/x.com\/fadertomas","http:\/\/www.facebook.com\/svenskakyrkaniulricehamn"]},{"@type":"Person","@id":"https:\/\/blogg.svenskakyrkan.se\/vandravagen\/#\/schema\/person\/25da02d4f76b137d04291711e2c9fc16","name":"Tomas Jarvid","image":{"@type":"ImageObject","inLanguage":"sv-SE","@id":"https:\/\/blogg.svenskakyrkan.se\/vandravagen\/#\/schema\/person\/image\/","url":"https:\/\/secure.gravatar.com\/avatar\/7fa71899795e8f540f615a1f5ab25255dc27aa40f05ee7ddd21aac521e01bf50?s=96&d=identicon&r=g","contentUrl":"https:\/\/secure.gravatar.com\/avatar\/7fa71899795e8f540f615a1f5ab25255dc27aa40f05ee7ddd21aac521e01bf50?s=96&d=identicon&r=g","caption":"Tomas Jarvid"},"description":"Jag bor i Ulricehamn i V\u00e4sterg\u00f6tland och \u00e4r f\u00f6rsamlingspr\u00e4st i Svenska Kyrkan f\u00f6r Dalstorps f\u00f6rsamling i Kinds pastorat. P\u00e5 den h\u00e4r bloggen skriver jag ner tankar om vandringen som kristen.","sameAs":["http:\/\/www.vandravagen.se"],"url":"https:\/\/blogg.svenskakyrkan.se\/vandravagen\/author\/vandravagen\/"}]}},"author_meta":{"ID":"392","user_nicename":"vandravagen","user_url":"http:\/\/www.vandravagen.se","user_registered":"2014-05-19 05:44:52","display_name":"Tomas Jarvid","first_name":"Tomas","last_name":"Jarvid","avatar":"https:\/\/secure.gravatar.com\/avatar\/7fa71899795e8f540f615a1f5ab25255dc27aa40f05ee7ddd21aac521e01bf50?s=96&d=identicon&r=g"},"featured_image":false,"bloginfo":{"name":"Vandra V\u00e4gen","url":"https:\/\/blogg.svenskakyrkan.se\/vandravagen"},"_links":{"self":[{"href":"https:\/\/blogg.svenskakyrkan.se\/vandravagen\/wp-json\/wp\/v2\/posts\/2963","targetHints":{"allow":["GET"]}}],"collection":[{"href":"https:\/\/blogg.svenskakyrkan.se\/vandravagen\/wp-json\/wp\/v2\/posts"}],"about":[{"href":"https:\/\/blogg.svenskakyrkan.se\/vandravagen\/wp-json\/wp\/v2\/types\/post"}],"author":[{"embeddable":true,"href":"https:\/\/blogg.svenskakyrkan.se\/vandravagen\/wp-json\/wp\/v2\/users\/392"}],"replies":[{"embeddable":true,"href":"https:\/\/blogg.svenskakyrkan.se\/vandravagen\/wp-json\/wp\/v2\/comments?post=2963"}],"version-history":[{"count":2,"href":"https:\/\/blogg.svenskakyrkan.se\/vandravagen\/wp-json\/wp\/v2\/posts\/2963\/revisions"}],"predecessor-version":[{"id":2966,"href":"https:\/\/blogg.svenskakyrkan.se\/vandravagen\/wp-json\/wp\/v2\/posts\/2963\/revisions\/2966"}],"wp:attachment":[{"href":"https:\/\/blogg.svenskakyrkan.se\/vandravagen\/wp-json\/wp\/v2\/media?parent=2963"}],"wp:term":[{"taxonomy":"category","embeddable":true,"href":"https:\/\/blogg.svenskakyrkan.se\/vandravagen\/wp-json\/wp\/v2\/categories?post=2963"},{"taxonomy":"post_tag","embeddable":true,"href":"https:\/\/blogg.svenskakyrkan.se\/vandravagen\/wp-json\/wp\/v2\/tags?post=2963"}],"curies":[{"name":"wp","href":"https:\/\/api.w.org\/{rel}","templated":true}]}}