{"id":2970,"date":"2015-04-21T07:00:06","date_gmt":"2015-04-21T05:00:06","guid":{"rendered":"http:\/\/blogg.svenskakyrkan.se\/vandravagen\/?p=2970"},"modified":"2015-04-20T21:27:40","modified_gmt":"2015-04-20T19:27:40","slug":"jag-vill-bara-vara-ett-far","status":"publish","type":"post","link":"https:\/\/blogg.svenskakyrkan.se\/vandravagen\/2015\/04\/21\/jag-vill-bara-vara-ett-far\/","title":{"rendered":"Jag vill bara vara ett f\u00e5r"},"content":{"rendered":"<div id=\"attachment_2972\" style=\"width: 650px\" class=\"wp-caption aligncenter\"><a href=\"http:\/\/blogg.svenskakyrkan.se\/vandravagen\/files\/2015\/04\/sheep.jpg\"><img loading=\"lazy\" decoding=\"async\" aria-describedby=\"caption-attachment-2972\" class=\"size-full wp-image-2972\" src=\"http:\/\/blogg.svenskakyrkan.se\/vandravagen\/files\/2015\/04\/sheep.jpg\" alt=\"Vill ju bara vara ett f\u00e5r\" width=\"640\" height=\"426\" srcset=\"https:\/\/blogg.svenskakyrkan.se\/vandravagen\/files\/2015\/04\/sheep.jpg 640w, https:\/\/blogg.svenskakyrkan.se\/vandravagen\/files\/2015\/04\/sheep-300x200.jpg 300w, https:\/\/blogg.svenskakyrkan.se\/vandravagen\/files\/2015\/04\/sheep-451x300.jpg 451w\" sizes=\"auto, (max-width: 640px) 100vw, 640px\" \/><\/a><p id=\"caption-attachment-2972\" class=\"wp-caption-text\">Vill ju bara vara ett f\u00e5r<\/p><\/div>\n<p>Idag blir det en tramsig men ocks\u00e5 t\u00e4nkv\u00e4rd l\u00e5t p\u00e5 Vandra V\u00e4gen. Digga loss till den h\u00e4r \ud83d\ude42<\/p>\n<p><iframe loading=\"lazy\" title=\"I Just Wanna Be a Sheep\" width=\"500\" height=\"281\" src=\"https:\/\/www.youtube.com\/embed\/aYKxzTHPJpE?feature=oembed\" frameborder=\"0\" allow=\"accelerometer; autoplay; clipboard-write; encrypted-media; gyroscope; picture-in-picture; web-share\" referrerpolicy=\"strict-origin-when-cross-origin\" allowfullscreen><\/iframe><\/p>\n<p>I s\u00f6ndags var det allts\u00e5 &#8221;den gode herden&#8221;:s s\u00f6ndag. I bibeln kryllar det av herdar och f\u00e5r i alla m\u00f6jliga situationer. Jag hade t\u00e4nkt l\u00e4gga upp min predikan h\u00e4r idag (och jag tror jag b\u00f6rjar f\u00e5 ordning p\u00e5 ljudet ocks\u00e5!) men det f\u00e5r v\u00e4nta till en annan g\u00e5ng. Ist\u00e4llet tar vi en liten f\u00e5rs\u00e5ng.<\/p>\n<p>Och fundera g\u00e4rna lite p\u00e5 hur det skulle vara att vara ett f\u00e5r. Vad s\u00e4ger den liknelsen om oss? N\u00e4r jag s\u00f6kte efter texten till s\u00e5ngen s\u00e5g det ut s\u00e5 h\u00e4r hos google:<\/p>\n<p><a href=\"http:\/\/blogg.svenskakyrkan.se\/vandravagen\/files\/2015\/04\/Sk\u00e4rmavbild-2015-04-20-kl.-12.02.37.png\"><img loading=\"lazy\" decoding=\"async\" class=\"aligncenter size-full wp-image-2971\" src=\"http:\/\/blogg.svenskakyrkan.se\/vandravagen\/files\/2015\/04\/Sk\u00e4rmavbild-2015-04-20-kl.-12.02.37.png\" alt=\"Sk\u00e4rmavbild 2015-04-20 kl. 12.02.37\" width=\"302\" height=\"166\" srcset=\"https:\/\/blogg.svenskakyrkan.se\/vandravagen\/files\/2015\/04\/Sk\u00e4rmavbild-2015-04-20-kl.-12.02.37.png 302w, https:\/\/blogg.svenskakyrkan.se\/vandravagen\/files\/2015\/04\/Sk\u00e4rmavbild-2015-04-20-kl.-12.02.37-300x165.png 300w\" sizes=\"auto, (max-width: 302px) 100vw, 302px\" \/><\/a><\/p>\n<p>Sj\u00e4lv tror jag faktiskt att det \u00e4r betydligt b\u00e4ttre att vara ett av Jesu f\u00e5r \u00e4n att vara rockstj\u00e4rna men det h\u00e4r s\u00e4tter fingret p\u00e5 en hel del om vad det \u00e4r f\u00f6r \u00f6nskningar vi g\u00e5r med i v\u00e5ra dagar. Eller vad s\u00e4ger du?<\/p>\n<p>(hj\u00e4lp med texten: faris\u00e9er och sadduc\u00e9er var tv\u00e5 olika grupperingar som Jesus br\u00e5kade mycket med).<\/p>\n<p>I just wanna be a sheep<br \/>\nBaa, baa, baa, baa<br \/>\nI just wanna be a sheep<br \/>\nBaa, baa, baa, baa<br \/>\nI pray the Lord my soul to keep<br \/>\nI just wanna be a sheep<br \/>\nBaa, baa, baa, baa,<\/p>\n<p>Verse 1<br \/>\nDon&#8217;t wanna be a goat\u2026nope<br \/>\nDon&#8217;t wanna be a goat\u2026nope<br \/>\nHaven&#8217;t got any hope\u2026nope<br \/>\nDon&#8217;t wanna be a goat\u2026nope<\/p>\n<p>Verse 2<br \/>\nDon&#8217;t wanna be a hypocrite<br \/>\nDon&#8217;t wanna be a hypocrite<br \/>\n&#8217;Cause they&#8217;re not hip to it<br \/>\nDon&#8217;t wanna be a hypocrite<\/p>\n<p>Verse 3<br \/>\nDon&#8217;t wanna be a Pharisee<br \/>\nDon&#8217;t wanna be a Pharisee<br \/>\n&#8217;Cause they&#8217;re not fair you see<br \/>\nDon&#8217;t wanna be a Pharisee<\/p>\n<p>Verse 4<br \/>\nDon&#8217;t wanna be a Sadducee<br \/>\nDon&#8217;t wanna be a Sadducee<br \/>\n&#8217;Cause they&#8217;re so sad you see<br \/>\nDon&#8217;t wanna be a Sadducee<\/p>\n<p>Verse 5<br \/>\nJust wanna be a child of God<br \/>\nJust wanna be a child of God<br \/>\nWalkin&#8217; the same path He trod<br \/>\nJust wanna be a child of God<\/p>\n","protected":false},"excerpt":{"rendered":"<p>Idag blir det en tramsig men ocks\u00e5 t\u00e4nkv\u00e4rd l\u00e5t p\u00e5 Vandra V\u00e4gen. Digga loss till den h\u00e4r \ud83d\ude42 I s\u00f6ndags var det allts\u00e5 &#8221;den gode herden&#8221;:s s\u00f6ndag. I bibeln kryllar det av herdar och f\u00e5r i alla m\u00f6jliga situationer. Jag hade t\u00e4nkt l\u00e4gga upp min predikan h\u00e4r idag (och jag tror jag b\u00f6rjar f\u00e5 ordning [&hellip;]<\/p>\n","protected":false},"author":392,"featured_media":0,"comment_status":"open","ping_status":"open","sticky":false,"template":"","format":"standard","meta":{"_acf_changed":false,"footnotes":""},"categories":[76189,8252],"tags":[],"class_list":["post-2970","post","type-post","status-publish","format-standard","hentry","category-dagens-kyrka","category-kyrkoaret"],"acf":[],"yoast_head":"<!-- This site is optimized with the Yoast SEO plugin v27.1.1 - https:\/\/yoast.com\/product\/yoast-seo-wordpress\/ -->\n<title>Jag vill bara vara ett f\u00e5r - Vandra V\u00e4gen<\/title>\n<meta name=\"robots\" content=\"index, follow, max-snippet:-1, max-image-preview:large, max-video-preview:-1\" \/>\n<link rel=\"canonical\" href=\"https:\/\/blogg.svenskakyrkan.se\/vandravagen\/2015\/04\/21\/jag-vill-bara-vara-ett-far\/\" \/>\n<meta property=\"og:locale\" content=\"sv_SE\" \/>\n<meta property=\"og:type\" content=\"article\" \/>\n<meta property=\"og:title\" content=\"Jag vill bara vara ett f\u00e5r - Vandra V\u00e4gen\" \/>\n<meta property=\"og:description\" content=\"Idag blir det en tramsig men ocks\u00e5 t\u00e4nkv\u00e4rd l\u00e5t p\u00e5 Vandra V\u00e4gen. Digga loss till den h\u00e4r \ud83d\ude42 I s\u00f6ndags var det allts\u00e5 &#8221;den gode herden&#8221;:s s\u00f6ndag. I bibeln kryllar det av herdar och f\u00e5r i alla m\u00f6jliga situationer. Jag hade t\u00e4nkt l\u00e4gga upp min predikan h\u00e4r idag (och jag tror jag b\u00f6rjar f\u00e5 ordning [&hellip;]\" \/>\n<meta property=\"og:url\" content=\"https:\/\/blogg.svenskakyrkan.se\/vandravagen\/2015\/04\/21\/jag-vill-bara-vara-ett-far\/\" \/>\n<meta property=\"og:site_name\" content=\"Vandra V\u00e4gen\" \/>\n<meta property=\"article:publisher\" content=\"http:\/\/facebook.com\/vandravagen\" \/>\n<meta property=\"article:published_time\" content=\"2015-04-21T05:00:06+00:00\" \/>\n<meta property=\"og:image\" content=\"http:\/\/blogg.svenskakyrkan.se\/vandravagen\/files\/2015\/04\/sheep.jpg\" \/>\n<meta name=\"author\" content=\"Tomas Jarvid\" \/>\n<meta name=\"twitter:card\" content=\"summary_large_image\" \/>\n<meta name=\"twitter:creator\" content=\"@fadertomas\" \/>\n<meta name=\"twitter:site\" content=\"@fadertomas\" \/>\n<meta name=\"twitter:label1\" content=\"Skriven av\" \/>\n\t<meta name=\"twitter:data1\" content=\"Tomas Jarvid\" \/>\n\t<meta name=\"twitter:label2\" content=\"Ber\u00e4knad l\u00e4stid\" \/>\n\t<meta name=\"twitter:data2\" content=\"2 minuter\" \/>\n<script type=\"application\/ld+json\" class=\"yoast-schema-graph\">{\"@context\":\"https:\/\/schema.org\",\"@graph\":[{\"@type\":\"Article\",\"@id\":\"https:\/\/blogg.svenskakyrkan.se\/vandravagen\/2015\/04\/21\/jag-vill-bara-vara-ett-far\/#article\",\"isPartOf\":{\"@id\":\"https:\/\/blogg.svenskakyrkan.se\/vandravagen\/2015\/04\/21\/jag-vill-bara-vara-ett-far\/\"},\"author\":{\"name\":\"Tomas Jarvid\",\"@id\":\"https:\/\/blogg.svenskakyrkan.se\/vandravagen\/#\/schema\/person\/25da02d4f76b137d04291711e2c9fc16\"},\"headline\":\"Jag vill bara vara ett f\u00e5r\",\"datePublished\":\"2015-04-21T05:00:06+00:00\",\"mainEntityOfPage\":{\"@id\":\"https:\/\/blogg.svenskakyrkan.se\/vandravagen\/2015\/04\/21\/jag-vill-bara-vara-ett-far\/\"},\"wordCount\":407,\"commentCount\":21,\"publisher\":{\"@id\":\"https:\/\/blogg.svenskakyrkan.se\/vandravagen\/#organization\"},\"image\":{\"@id\":\"https:\/\/blogg.svenskakyrkan.se\/vandravagen\/2015\/04\/21\/jag-vill-bara-vara-ett-far\/#primaryimage\"},\"thumbnailUrl\":\"http:\/\/blogg.svenskakyrkan.se\/vandravagen\/files\/2015\/04\/sheep.jpg\",\"articleSection\":[\"Dagens Kyrka\",\"kyrko\u00e5ret\"],\"inLanguage\":\"sv-SE\",\"potentialAction\":[{\"@type\":\"CommentAction\",\"name\":\"Comment\",\"target\":[\"https:\/\/blogg.svenskakyrkan.se\/vandravagen\/2015\/04\/21\/jag-vill-bara-vara-ett-far\/#respond\"]}]},{\"@type\":\"WebPage\",\"@id\":\"https:\/\/blogg.svenskakyrkan.se\/vandravagen\/2015\/04\/21\/jag-vill-bara-vara-ett-far\/\",\"url\":\"https:\/\/blogg.svenskakyrkan.se\/vandravagen\/2015\/04\/21\/jag-vill-bara-vara-ett-far\/\",\"name\":\"Jag vill bara vara ett f\u00e5r - Vandra V\u00e4gen\",\"isPartOf\":{\"@id\":\"https:\/\/blogg.svenskakyrkan.se\/vandravagen\/#website\"},\"primaryImageOfPage\":{\"@id\":\"https:\/\/blogg.svenskakyrkan.se\/vandravagen\/2015\/04\/21\/jag-vill-bara-vara-ett-far\/#primaryimage\"},\"image\":{\"@id\":\"https:\/\/blogg.svenskakyrkan.se\/vandravagen\/2015\/04\/21\/jag-vill-bara-vara-ett-far\/#primaryimage\"},\"thumbnailUrl\":\"http:\/\/blogg.svenskakyrkan.se\/vandravagen\/files\/2015\/04\/sheep.jpg\",\"datePublished\":\"2015-04-21T05:00:06+00:00\",\"breadcrumb\":{\"@id\":\"https:\/\/blogg.svenskakyrkan.se\/vandravagen\/2015\/04\/21\/jag-vill-bara-vara-ett-far\/#breadcrumb\"},\"inLanguage\":\"sv-SE\",\"potentialAction\":[{\"@type\":\"ReadAction\",\"target\":[\"https:\/\/blogg.svenskakyrkan.se\/vandravagen\/2015\/04\/21\/jag-vill-bara-vara-ett-far\/\"]}]},{\"@type\":\"ImageObject\",\"inLanguage\":\"sv-SE\",\"@id\":\"https:\/\/blogg.svenskakyrkan.se\/vandravagen\/2015\/04\/21\/jag-vill-bara-vara-ett-far\/#primaryimage\",\"url\":\"http:\/\/blogg.svenskakyrkan.se\/vandravagen\/files\/2015\/04\/sheep.jpg\",\"contentUrl\":\"http:\/\/blogg.svenskakyrkan.se\/vandravagen\/files\/2015\/04\/sheep.jpg\"},{\"@type\":\"BreadcrumbList\",\"@id\":\"https:\/\/blogg.svenskakyrkan.se\/vandravagen\/2015\/04\/21\/jag-vill-bara-vara-ett-far\/#breadcrumb\",\"itemListElement\":[{\"@type\":\"ListItem\",\"position\":1,\"name\":\"Hem\",\"item\":\"https:\/\/blogg.svenskakyrkan.se\/vandravagen\/\"},{\"@type\":\"ListItem\",\"position\":2,\"name\":\"Jag vill bara vara ett f\u00e5r\"}]},{\"@type\":\"WebSite\",\"@id\":\"https:\/\/blogg.svenskakyrkan.se\/vandravagen\/#website\",\"url\":\"https:\/\/blogg.svenskakyrkan.se\/vandravagen\/\",\"name\":\"Vandra V\u00e4gen\",\"description\":\"-Mot en tro f\u00f6r hela livet\",\"publisher\":{\"@id\":\"https:\/\/blogg.svenskakyrkan.se\/vandravagen\/#organization\"},\"potentialAction\":[{\"@type\":\"SearchAction\",\"target\":{\"@type\":\"EntryPoint\",\"urlTemplate\":\"https:\/\/blogg.svenskakyrkan.se\/vandravagen\/?s={search_term_string}\"},\"query-input\":{\"@type\":\"PropertyValueSpecification\",\"valueRequired\":true,\"valueName\":\"search_term_string\"}}],\"inLanguage\":\"sv-SE\"},{\"@type\":\"Organization\",\"@id\":\"https:\/\/blogg.svenskakyrkan.se\/vandravagen\/#organization\",\"name\":\"ulricehamns pastorat\",\"alternateName\":\"ulricehamns pastorat\",\"url\":\"https:\/\/blogg.svenskakyrkan.se\/vandravagen\/\",\"logo\":{\"@type\":\"ImageObject\",\"inLanguage\":\"sv-SE\",\"@id\":\"https:\/\/blogg.svenskakyrkan.se\/vandravagen\/#\/schema\/logo\/image\/\",\"url\":\"https:\/\/blogg.svenskakyrkan.se\/vandravagen\/files\/2023\/05\/Ulr_logo_RGB.png\",\"contentUrl\":\"https:\/\/blogg.svenskakyrkan.se\/vandravagen\/files\/2023\/05\/Ulr_logo_RGB.png\",\"width\":205,\"height\":77,\"caption\":\"ulricehamns pastorat\"},\"image\":{\"@id\":\"https:\/\/blogg.svenskakyrkan.se\/vandravagen\/#\/schema\/logo\/image\/\"},\"sameAs\":[\"http:\/\/facebook.com\/vandravagen\",\"https:\/\/x.com\/fadertomas\",\"http:\/\/www.facebook.com\/svenskakyrkaniulricehamn\"]},{\"@type\":\"Person\",\"@id\":\"https:\/\/blogg.svenskakyrkan.se\/vandravagen\/#\/schema\/person\/25da02d4f76b137d04291711e2c9fc16\",\"name\":\"Tomas Jarvid\",\"image\":{\"@type\":\"ImageObject\",\"inLanguage\":\"sv-SE\",\"@id\":\"https:\/\/blogg.svenskakyrkan.se\/vandravagen\/#\/schema\/person\/image\/\",\"url\":\"https:\/\/secure.gravatar.com\/avatar\/7fa71899795e8f540f615a1f5ab25255dc27aa40f05ee7ddd21aac521e01bf50?s=96&d=identicon&r=g\",\"contentUrl\":\"https:\/\/secure.gravatar.com\/avatar\/7fa71899795e8f540f615a1f5ab25255dc27aa40f05ee7ddd21aac521e01bf50?s=96&d=identicon&r=g\",\"caption\":\"Tomas Jarvid\"},\"description\":\"Jag bor i Ulricehamn i V\u00e4sterg\u00f6tland och \u00e4r f\u00f6rsamlingspr\u00e4st i Svenska Kyrkan f\u00f6r Dalstorps f\u00f6rsamling i Kinds pastorat. P\u00e5 den h\u00e4r bloggen skriver jag ner tankar om vandringen som kristen.\",\"sameAs\":[\"http:\/\/www.vandravagen.se\"],\"url\":\"https:\/\/blogg.svenskakyrkan.se\/vandravagen\/author\/vandravagen\/\"}]}<\/script>\n<!-- \/ Yoast SEO plugin. -->","yoast_head_json":{"title":"Jag vill bara vara ett f\u00e5r - Vandra V\u00e4gen","robots":{"index":"index","follow":"follow","max-snippet":"max-snippet:-1","max-image-preview":"max-image-preview:large","max-video-preview":"max-video-preview:-1"},"canonical":"https:\/\/blogg.svenskakyrkan.se\/vandravagen\/2015\/04\/21\/jag-vill-bara-vara-ett-far\/","og_locale":"sv_SE","og_type":"article","og_title":"Jag vill bara vara ett f\u00e5r - Vandra V\u00e4gen","og_description":"Idag blir det en tramsig men ocks\u00e5 t\u00e4nkv\u00e4rd l\u00e5t p\u00e5 Vandra V\u00e4gen. Digga loss till den h\u00e4r \ud83d\ude42 I s\u00f6ndags var det allts\u00e5 &#8221;den gode herden&#8221;:s s\u00f6ndag. I bibeln kryllar det av herdar och f\u00e5r i alla m\u00f6jliga situationer. Jag hade t\u00e4nkt l\u00e4gga upp min predikan h\u00e4r idag (och jag tror jag b\u00f6rjar f\u00e5 ordning [&hellip;]","og_url":"https:\/\/blogg.svenskakyrkan.se\/vandravagen\/2015\/04\/21\/jag-vill-bara-vara-ett-far\/","og_site_name":"Vandra V\u00e4gen","article_publisher":"http:\/\/facebook.com\/vandravagen","article_published_time":"2015-04-21T05:00:06+00:00","og_image":[{"url":"http:\/\/blogg.svenskakyrkan.se\/vandravagen\/files\/2015\/04\/sheep.jpg","type":"","width":"","height":""}],"author":"Tomas Jarvid","twitter_card":"summary_large_image","twitter_creator":"@fadertomas","twitter_site":"@fadertomas","twitter_misc":{"Skriven av":"Tomas Jarvid","Ber\u00e4knad l\u00e4stid":"2 minuter"},"schema":{"@context":"https:\/\/schema.org","@graph":[{"@type":"Article","@id":"https:\/\/blogg.svenskakyrkan.se\/vandravagen\/2015\/04\/21\/jag-vill-bara-vara-ett-far\/#article","isPartOf":{"@id":"https:\/\/blogg.svenskakyrkan.se\/vandravagen\/2015\/04\/21\/jag-vill-bara-vara-ett-far\/"},"author":{"name":"Tomas Jarvid","@id":"https:\/\/blogg.svenskakyrkan.se\/vandravagen\/#\/schema\/person\/25da02d4f76b137d04291711e2c9fc16"},"headline":"Jag vill bara vara ett f\u00e5r","datePublished":"2015-04-21T05:00:06+00:00","mainEntityOfPage":{"@id":"https:\/\/blogg.svenskakyrkan.se\/vandravagen\/2015\/04\/21\/jag-vill-bara-vara-ett-far\/"},"wordCount":407,"commentCount":21,"publisher":{"@id":"https:\/\/blogg.svenskakyrkan.se\/vandravagen\/#organization"},"image":{"@id":"https:\/\/blogg.svenskakyrkan.se\/vandravagen\/2015\/04\/21\/jag-vill-bara-vara-ett-far\/#primaryimage"},"thumbnailUrl":"http:\/\/blogg.svenskakyrkan.se\/vandravagen\/files\/2015\/04\/sheep.jpg","articleSection":["Dagens Kyrka","kyrko\u00e5ret"],"inLanguage":"sv-SE","potentialAction":[{"@type":"CommentAction","name":"Comment","target":["https:\/\/blogg.svenskakyrkan.se\/vandravagen\/2015\/04\/21\/jag-vill-bara-vara-ett-far\/#respond"]}]},{"@type":"WebPage","@id":"https:\/\/blogg.svenskakyrkan.se\/vandravagen\/2015\/04\/21\/jag-vill-bara-vara-ett-far\/","url":"https:\/\/blogg.svenskakyrkan.se\/vandravagen\/2015\/04\/21\/jag-vill-bara-vara-ett-far\/","name":"Jag vill bara vara ett f\u00e5r - Vandra V\u00e4gen","isPartOf":{"@id":"https:\/\/blogg.svenskakyrkan.se\/vandravagen\/#website"},"primaryImageOfPage":{"@id":"https:\/\/blogg.svenskakyrkan.se\/vandravagen\/2015\/04\/21\/jag-vill-bara-vara-ett-far\/#primaryimage"},"image":{"@id":"https:\/\/blogg.svenskakyrkan.se\/vandravagen\/2015\/04\/21\/jag-vill-bara-vara-ett-far\/#primaryimage"},"thumbnailUrl":"http:\/\/blogg.svenskakyrkan.se\/vandravagen\/files\/2015\/04\/sheep.jpg","datePublished":"2015-04-21T05:00:06+00:00","breadcrumb":{"@id":"https:\/\/blogg.svenskakyrkan.se\/vandravagen\/2015\/04\/21\/jag-vill-bara-vara-ett-far\/#breadcrumb"},"inLanguage":"sv-SE","potentialAction":[{"@type":"ReadAction","target":["https:\/\/blogg.svenskakyrkan.se\/vandravagen\/2015\/04\/21\/jag-vill-bara-vara-ett-far\/"]}]},{"@type":"ImageObject","inLanguage":"sv-SE","@id":"https:\/\/blogg.svenskakyrkan.se\/vandravagen\/2015\/04\/21\/jag-vill-bara-vara-ett-far\/#primaryimage","url":"http:\/\/blogg.svenskakyrkan.se\/vandravagen\/files\/2015\/04\/sheep.jpg","contentUrl":"http:\/\/blogg.svenskakyrkan.se\/vandravagen\/files\/2015\/04\/sheep.jpg"},{"@type":"BreadcrumbList","@id":"https:\/\/blogg.svenskakyrkan.se\/vandravagen\/2015\/04\/21\/jag-vill-bara-vara-ett-far\/#breadcrumb","itemListElement":[{"@type":"ListItem","position":1,"name":"Hem","item":"https:\/\/blogg.svenskakyrkan.se\/vandravagen\/"},{"@type":"ListItem","position":2,"name":"Jag vill bara vara ett f\u00e5r"}]},{"@type":"WebSite","@id":"https:\/\/blogg.svenskakyrkan.se\/vandravagen\/#website","url":"https:\/\/blogg.svenskakyrkan.se\/vandravagen\/","name":"Vandra V\u00e4gen","description":"-Mot en tro f\u00f6r hela livet","publisher":{"@id":"https:\/\/blogg.svenskakyrkan.se\/vandravagen\/#organization"},"potentialAction":[{"@type":"SearchAction","target":{"@type":"EntryPoint","urlTemplate":"https:\/\/blogg.svenskakyrkan.se\/vandravagen\/?s={search_term_string}"},"query-input":{"@type":"PropertyValueSpecification","valueRequired":true,"valueName":"search_term_string"}}],"inLanguage":"sv-SE"},{"@type":"Organization","@id":"https:\/\/blogg.svenskakyrkan.se\/vandravagen\/#organization","name":"ulricehamns pastorat","alternateName":"ulricehamns pastorat","url":"https:\/\/blogg.svenskakyrkan.se\/vandravagen\/","logo":{"@type":"ImageObject","inLanguage":"sv-SE","@id":"https:\/\/blogg.svenskakyrkan.se\/vandravagen\/#\/schema\/logo\/image\/","url":"https:\/\/blogg.svenskakyrkan.se\/vandravagen\/files\/2023\/05\/Ulr_logo_RGB.png","contentUrl":"https:\/\/blogg.svenskakyrkan.se\/vandravagen\/files\/2023\/05\/Ulr_logo_RGB.png","width":205,"height":77,"caption":"ulricehamns pastorat"},"image":{"@id":"https:\/\/blogg.svenskakyrkan.se\/vandravagen\/#\/schema\/logo\/image\/"},"sameAs":["http:\/\/facebook.com\/vandravagen","https:\/\/x.com\/fadertomas","http:\/\/www.facebook.com\/svenskakyrkaniulricehamn"]},{"@type":"Person","@id":"https:\/\/blogg.svenskakyrkan.se\/vandravagen\/#\/schema\/person\/25da02d4f76b137d04291711e2c9fc16","name":"Tomas Jarvid","image":{"@type":"ImageObject","inLanguage":"sv-SE","@id":"https:\/\/blogg.svenskakyrkan.se\/vandravagen\/#\/schema\/person\/image\/","url":"https:\/\/secure.gravatar.com\/avatar\/7fa71899795e8f540f615a1f5ab25255dc27aa40f05ee7ddd21aac521e01bf50?s=96&d=identicon&r=g","contentUrl":"https:\/\/secure.gravatar.com\/avatar\/7fa71899795e8f540f615a1f5ab25255dc27aa40f05ee7ddd21aac521e01bf50?s=96&d=identicon&r=g","caption":"Tomas Jarvid"},"description":"Jag bor i Ulricehamn i V\u00e4sterg\u00f6tland och \u00e4r f\u00f6rsamlingspr\u00e4st i Svenska Kyrkan f\u00f6r Dalstorps f\u00f6rsamling i Kinds pastorat. P\u00e5 den h\u00e4r bloggen skriver jag ner tankar om vandringen som kristen.","sameAs":["http:\/\/www.vandravagen.se"],"url":"https:\/\/blogg.svenskakyrkan.se\/vandravagen\/author\/vandravagen\/"}]}},"author_meta":{"ID":"392","user_nicename":"vandravagen","user_url":"http:\/\/www.vandravagen.se","user_registered":"2014-05-19 05:44:52","display_name":"Tomas Jarvid","first_name":"Tomas","last_name":"Jarvid","avatar":"https:\/\/secure.gravatar.com\/avatar\/7fa71899795e8f540f615a1f5ab25255dc27aa40f05ee7ddd21aac521e01bf50?s=96&d=identicon&r=g"},"featured_image":false,"bloginfo":{"name":"Vandra V\u00e4gen","url":"https:\/\/blogg.svenskakyrkan.se\/vandravagen"},"_links":{"self":[{"href":"https:\/\/blogg.svenskakyrkan.se\/vandravagen\/wp-json\/wp\/v2\/posts\/2970","targetHints":{"allow":["GET"]}}],"collection":[{"href":"https:\/\/blogg.svenskakyrkan.se\/vandravagen\/wp-json\/wp\/v2\/posts"}],"about":[{"href":"https:\/\/blogg.svenskakyrkan.se\/vandravagen\/wp-json\/wp\/v2\/types\/post"}],"author":[{"embeddable":true,"href":"https:\/\/blogg.svenskakyrkan.se\/vandravagen\/wp-json\/wp\/v2\/users\/392"}],"replies":[{"embeddable":true,"href":"https:\/\/blogg.svenskakyrkan.se\/vandravagen\/wp-json\/wp\/v2\/comments?post=2970"}],"version-history":[{"count":2,"href":"https:\/\/blogg.svenskakyrkan.se\/vandravagen\/wp-json\/wp\/v2\/posts\/2970\/revisions"}],"predecessor-version":[{"id":2974,"href":"https:\/\/blogg.svenskakyrkan.se\/vandravagen\/wp-json\/wp\/v2\/posts\/2970\/revisions\/2974"}],"wp:attachment":[{"href":"https:\/\/blogg.svenskakyrkan.se\/vandravagen\/wp-json\/wp\/v2\/media?parent=2970"}],"wp:term":[{"taxonomy":"category","embeddable":true,"href":"https:\/\/blogg.svenskakyrkan.se\/vandravagen\/wp-json\/wp\/v2\/categories?post=2970"},{"taxonomy":"post_tag","embeddable":true,"href":"https:\/\/blogg.svenskakyrkan.se\/vandravagen\/wp-json\/wp\/v2\/tags?post=2970"}],"curies":[{"name":"wp","href":"https:\/\/api.w.org\/{rel}","templated":true}]}}