{"id":2978,"date":"2015-04-23T07:00:39","date_gmt":"2015-04-23T05:00:39","guid":{"rendered":"http:\/\/blogg.svenskakyrkan.se\/vandravagen\/?p=2978"},"modified":"2015-04-22T21:40:54","modified_gmt":"2015-04-22T19:40:54","slug":"den-gode-lararen","status":"publish","type":"post","link":"https:\/\/blogg.svenskakyrkan.se\/vandravagen\/2015\/04\/23\/den-gode-lararen\/","title":{"rendered":"Den gode l\u00e4raren"},"content":{"rendered":"<div id=\"attachment_2979\" style=\"width: 560px\" class=\"wp-caption aligncenter\"><a href=\"http:\/\/blogg.svenskakyrkan.se\/vandravagen\/files\/2015\/04\/20-ZAKI-BABOUN-GOD-THE-TRUE-SHEPHERD.jpg\"><img loading=\"lazy\" decoding=\"async\" aria-describedby=\"caption-attachment-2979\" class=\"size-full wp-image-2979\" src=\"http:\/\/blogg.svenskakyrkan.se\/vandravagen\/files\/2015\/04\/20-ZAKI-BABOUN-GOD-THE-TRUE-SHEPHERD.jpg\" alt=\"Jesus som herde. Fast l\u00e4rare skulle kanske funka bra som motsvarande bild?\" width=\"550\" height=\"482\" srcset=\"https:\/\/blogg.svenskakyrkan.se\/vandravagen\/files\/2015\/04\/20-ZAKI-BABOUN-GOD-THE-TRUE-SHEPHERD.jpg 550w, https:\/\/blogg.svenskakyrkan.se\/vandravagen\/files\/2015\/04\/20-ZAKI-BABOUN-GOD-THE-TRUE-SHEPHERD-300x263.jpg 300w, https:\/\/blogg.svenskakyrkan.se\/vandravagen\/files\/2015\/04\/20-ZAKI-BABOUN-GOD-THE-TRUE-SHEPHERD-342x300.jpg 342w\" sizes=\"auto, (max-width: 550px) 100vw, 550px\" \/><\/a><p id=\"caption-attachment-2979\" class=\"wp-caption-text\">Jesus som herde. Fast l\u00e4rare skulle kanske funka bra som motsvarande bild?<\/p><\/div>\n<p>P\u00e5 v\u00e5r gudstj\u00e4nstverkstad f\u00f6r ett tag sedan talade vi om Jesus som herde och hur man m\u00f6jligen skulle kunna \u00f6vers\u00e4tta den bilden till n\u00e5got motsvarande i v\u00e5r kultur, d\u00e4r herdar \u00e4r ovanliga.<\/p>\n<p>Det f\u00f6rslag som kom upp var &#8221;l\u00e4rare&#8221; eller kanske &#8221;f\u00f6rskoll\u00e4rare&#8221; lite beroende p\u00e5 hur man vrider och v\u00e4nder p\u00e5 bilderna. Nu tror jag inte att det \u00e4r v\u00e4ldigt originellt det h\u00e4r. I veckan har jag st\u00f6tt p\u00e5 m\u00e5nga andra som k\u00f6r med samma bilder, till exempel i den h\u00e4r dikten:<\/p>\n<div id=\"attachment_2980\" style=\"width: 502px\" class=\"wp-caption aligncenter\"><a href=\"http:\/\/blogg.svenskakyrkan.se\/vandravagen\/files\/2015\/04\/Sk\u00e4rmavbild-2015-04-20-kl.-19.27.48.png\"><img loading=\"lazy\" decoding=\"async\" aria-describedby=\"caption-attachment-2980\" class=\"size-full wp-image-2980\" src=\"http:\/\/blogg.svenskakyrkan.se\/vandravagen\/files\/2015\/04\/Sk\u00e4rmavbild-2015-04-20-kl.-19.27.48.png\" alt=\"&quot;Du \u00e4r min dagisfr\u00f6ken&quot; av  Ulrika Ljungbladh\" width=\"492\" height=\"597\" srcset=\"https:\/\/blogg.svenskakyrkan.se\/vandravagen\/files\/2015\/04\/Sk\u00e4rmavbild-2015-04-20-kl.-19.27.48.png 492w, https:\/\/blogg.svenskakyrkan.se\/vandravagen\/files\/2015\/04\/Sk\u00e4rmavbild-2015-04-20-kl.-19.27.48-300x364.png 300w, https:\/\/blogg.svenskakyrkan.se\/vandravagen\/files\/2015\/04\/Sk\u00e4rmavbild-2015-04-20-kl.-19.27.48-247x300.png 247w\" sizes=\"auto, (max-width: 492px) 100vw, 492px\" \/><\/a><p id=\"caption-attachment-2980\" class=\"wp-caption-text\">&#8221;Du \u00e4r min dagisfr\u00f6ken&#8221; av Ulrika Ljungbladh<\/p><\/div>\n<p>Bilden av Jesus som l\u00e4rare \u00e4r i alla fall intressant eftersom han ju s\u00e4ger att han \u00e4r &#8221;den gode herden&#8221; och vem som helst av oss har s\u00e4kert liknande erfarenheter av att det finns b\u00e5de goda och d\u00e5liga l\u00e4rare. <strong>F\u00f6rmodligen minns du fortfarande vad du tyckte om dina l\u00e4rare<\/strong> fr\u00e5n att du var liten \u00e4ven om det var l\u00e4nge sedan. En bra l\u00e4rare \u00e4r f\u00f6rst\u00e5s en skicklig pedagog och kunnig i sitt \u00e4mne men f\u00f6r att dra lite mer mot herdebilden s\u00e5 kommer det kanske framf\u00f6rallt an p\u00e5 hur engagerad man \u00e4r i sina elever. En l\u00e4rare som genuint bryr sig om sina elever och f\u00f6rs\u00f6ker hj\u00e4lpa dem att lyckas kan betyda livet f\u00f6r en hel del av sina elever. J\u00e4mf\u00f6r det Jesus s\u00e4ger om sig sj\u00e4lv som herde:<\/p>\n<blockquote>\n<p>&#8221;Jag har kommit f\u00f6r att de ska ha liv, och liv i \u00f6verfl\u00f6d&#8221;<\/p>\n<p>Joh 10:10<\/p>\n<\/blockquote>\n<p>Jesus s\u00e4ger ocks\u00e5 att &#8221;jag \u00e4r den gode herden, den gode herden ger sitt liv \u00e5t f\u00e5ren&#8221;. Det \u00e4r f\u00f6rst\u00e5s v\u00e4ldigt s\u00e4llan som n\u00e5gon m\u00e5ste ge sitt liv f\u00f6r vare sig f\u00e5r eller elever i v\u00e5rt land men jag t\u00e4nker att \u00e4ven detta i grunden handlar om engagemanget. Den som ger av sig sj\u00e4lv, av sin tid, sitt lyssnande och s\u00e5 vidare, ger v\u00e4l ocks\u00e5 sitt liv. Ger ut av sig sj\u00e4lv f\u00f6r att andra ska frodas. <strong>Det kostar kanske oftare t\u00e5rar och svett \u00e4n blod<\/strong> men annars kanske inte skillnaden alltid \u00e4r s\u00e5 stor mot herden som kastar sig mot det anfallande rovdjuret?<\/p>\n<p>Slutligen \u00e4r det ocks\u00e5 v\u00e4ldigt roligt att tala om Jesus som &#8221;den gode l\u00e4raren&#8221; <strong>eftersom han faktiskt ofta kallas just det<\/strong>. I evangelierna \u00e4r det mycket vanligt att m\u00e4nniskor tilltalar Jesus &#8221;l\u00e4rare&#8221; (didaskale p\u00e5 grekiska) men det ser vi inte i v\u00e5ra svenska \u00f6vers\u00e4ttningar d\u00e4r man i regel v\u00e4ljer att skriva &#8221;m\u00e4stare&#8221; ist\u00e4llet, vilket f\u00f6r mig har lite mer upph\u00f6jd klang.<\/p>\n<p>Vad t\u00e4nker du p\u00e5 n\u00e4r du ser tillbaka p\u00e5 dina l\u00e4rare och funderar p\u00e5 hur Jesus \u00e4r? Skriv en kommentar!<\/p>\n","protected":false},"excerpt":{"rendered":"<p>P\u00e5 v\u00e5r gudstj\u00e4nstverkstad f\u00f6r ett tag sedan talade vi om Jesus som herde och hur man m\u00f6jligen skulle kunna \u00f6vers\u00e4tta den bilden till n\u00e5got motsvarande i v\u00e5r kultur, d\u00e4r herdar \u00e4r ovanliga. Det f\u00f6rslag som kom upp var &#8221;l\u00e4rare&#8221; eller kanske &#8221;f\u00f6rskoll\u00e4rare&#8221; lite beroende p\u00e5 hur man vrider och v\u00e4nder p\u00e5 bilderna. Nu tror jag [&hellip;]<\/p>\n","protected":false},"author":392,"featured_media":0,"comment_status":"open","ping_status":"open","sticky":false,"template":"","format":"standard","meta":{"_acf_changed":false,"footnotes":""},"categories":[14252,8298,76189,117],"tags":[],"class_list":["post-2978","post","type-post","status-publish","format-standard","hentry","category-bibel","category-bibeln","category-dagens-kyrka","category-teologi"],"acf":[],"yoast_head":"<!-- This site is optimized with the Yoast SEO plugin v27.1.1 - https:\/\/yoast.com\/product\/yoast-seo-wordpress\/ -->\n<title>Den gode l\u00e4raren - Vandra V\u00e4gen<\/title>\n<meta name=\"robots\" content=\"index, follow, max-snippet:-1, max-image-preview:large, max-video-preview:-1\" \/>\n<link rel=\"canonical\" href=\"https:\/\/blogg.svenskakyrkan.se\/vandravagen\/2015\/04\/23\/den-gode-lararen\/\" \/>\n<meta property=\"og:locale\" content=\"sv_SE\" \/>\n<meta property=\"og:type\" content=\"article\" \/>\n<meta property=\"og:title\" content=\"Den gode l\u00e4raren - Vandra V\u00e4gen\" \/>\n<meta property=\"og:description\" content=\"P\u00e5 v\u00e5r gudstj\u00e4nstverkstad f\u00f6r ett tag sedan talade vi om Jesus som herde och hur man m\u00f6jligen skulle kunna \u00f6vers\u00e4tta den bilden till n\u00e5got motsvarande i v\u00e5r kultur, d\u00e4r herdar \u00e4r ovanliga. Det f\u00f6rslag som kom upp var &#8221;l\u00e4rare&#8221; eller kanske &#8221;f\u00f6rskoll\u00e4rare&#8221; lite beroende p\u00e5 hur man vrider och v\u00e4nder p\u00e5 bilderna. Nu tror jag [&hellip;]\" \/>\n<meta property=\"og:url\" content=\"https:\/\/blogg.svenskakyrkan.se\/vandravagen\/2015\/04\/23\/den-gode-lararen\/\" \/>\n<meta property=\"og:site_name\" content=\"Vandra V\u00e4gen\" \/>\n<meta property=\"article:publisher\" content=\"http:\/\/facebook.com\/vandravagen\" \/>\n<meta property=\"article:published_time\" content=\"2015-04-23T05:00:39+00:00\" \/>\n<meta property=\"og:image\" content=\"http:\/\/blogg.svenskakyrkan.se\/vandravagen\/files\/2015\/04\/20-ZAKI-BABOUN-GOD-THE-TRUE-SHEPHERD.jpg\" \/>\n<meta name=\"author\" content=\"Tomas Jarvid\" \/>\n<meta name=\"twitter:card\" content=\"summary_large_image\" \/>\n<meta name=\"twitter:creator\" content=\"@fadertomas\" \/>\n<meta name=\"twitter:site\" content=\"@fadertomas\" \/>\n<meta name=\"twitter:label1\" content=\"Skriven av\" \/>\n\t<meta name=\"twitter:data1\" content=\"Tomas Jarvid\" \/>\n\t<meta name=\"twitter:label2\" content=\"Ber\u00e4knad l\u00e4stid\" \/>\n\t<meta name=\"twitter:data2\" content=\"3 minuter\" \/>\n<script type=\"application\/ld+json\" class=\"yoast-schema-graph\">{\"@context\":\"https:\/\/schema.org\",\"@graph\":[{\"@type\":\"Article\",\"@id\":\"https:\/\/blogg.svenskakyrkan.se\/vandravagen\/2015\/04\/23\/den-gode-lararen\/#article\",\"isPartOf\":{\"@id\":\"https:\/\/blogg.svenskakyrkan.se\/vandravagen\/2015\/04\/23\/den-gode-lararen\/\"},\"author\":{\"name\":\"Tomas Jarvid\",\"@id\":\"https:\/\/blogg.svenskakyrkan.se\/vandravagen\/#\/schema\/person\/25da02d4f76b137d04291711e2c9fc16\"},\"headline\":\"Den gode l\u00e4raren\",\"datePublished\":\"2015-04-23T05:00:39+00:00\",\"mainEntityOfPage\":{\"@id\":\"https:\/\/blogg.svenskakyrkan.se\/vandravagen\/2015\/04\/23\/den-gode-lararen\/\"},\"wordCount\":526,\"commentCount\":4,\"publisher\":{\"@id\":\"https:\/\/blogg.svenskakyrkan.se\/vandravagen\/#organization\"},\"image\":{\"@id\":\"https:\/\/blogg.svenskakyrkan.se\/vandravagen\/2015\/04\/23\/den-gode-lararen\/#primaryimage\"},\"thumbnailUrl\":\"http:\/\/blogg.svenskakyrkan.se\/vandravagen\/files\/2015\/04\/20-ZAKI-BABOUN-GOD-THE-TRUE-SHEPHERD.jpg\",\"articleSection\":[\"bibel\",\"Bibeln\",\"Dagens Kyrka\",\"Teologi\"],\"inLanguage\":\"sv-SE\",\"potentialAction\":[{\"@type\":\"CommentAction\",\"name\":\"Comment\",\"target\":[\"https:\/\/blogg.svenskakyrkan.se\/vandravagen\/2015\/04\/23\/den-gode-lararen\/#respond\"]}]},{\"@type\":\"WebPage\",\"@id\":\"https:\/\/blogg.svenskakyrkan.se\/vandravagen\/2015\/04\/23\/den-gode-lararen\/\",\"url\":\"https:\/\/blogg.svenskakyrkan.se\/vandravagen\/2015\/04\/23\/den-gode-lararen\/\",\"name\":\"Den gode l\u00e4raren - Vandra V\u00e4gen\",\"isPartOf\":{\"@id\":\"https:\/\/blogg.svenskakyrkan.se\/vandravagen\/#website\"},\"primaryImageOfPage\":{\"@id\":\"https:\/\/blogg.svenskakyrkan.se\/vandravagen\/2015\/04\/23\/den-gode-lararen\/#primaryimage\"},\"image\":{\"@id\":\"https:\/\/blogg.svenskakyrkan.se\/vandravagen\/2015\/04\/23\/den-gode-lararen\/#primaryimage\"},\"thumbnailUrl\":\"http:\/\/blogg.svenskakyrkan.se\/vandravagen\/files\/2015\/04\/20-ZAKI-BABOUN-GOD-THE-TRUE-SHEPHERD.jpg\",\"datePublished\":\"2015-04-23T05:00:39+00:00\",\"breadcrumb\":{\"@id\":\"https:\/\/blogg.svenskakyrkan.se\/vandravagen\/2015\/04\/23\/den-gode-lararen\/#breadcrumb\"},\"inLanguage\":\"sv-SE\",\"potentialAction\":[{\"@type\":\"ReadAction\",\"target\":[\"https:\/\/blogg.svenskakyrkan.se\/vandravagen\/2015\/04\/23\/den-gode-lararen\/\"]}]},{\"@type\":\"ImageObject\",\"inLanguage\":\"sv-SE\",\"@id\":\"https:\/\/blogg.svenskakyrkan.se\/vandravagen\/2015\/04\/23\/den-gode-lararen\/#primaryimage\",\"url\":\"http:\/\/blogg.svenskakyrkan.se\/vandravagen\/files\/2015\/04\/20-ZAKI-BABOUN-GOD-THE-TRUE-SHEPHERD.jpg\",\"contentUrl\":\"http:\/\/blogg.svenskakyrkan.se\/vandravagen\/files\/2015\/04\/20-ZAKI-BABOUN-GOD-THE-TRUE-SHEPHERD.jpg\"},{\"@type\":\"BreadcrumbList\",\"@id\":\"https:\/\/blogg.svenskakyrkan.se\/vandravagen\/2015\/04\/23\/den-gode-lararen\/#breadcrumb\",\"itemListElement\":[{\"@type\":\"ListItem\",\"position\":1,\"name\":\"Hem\",\"item\":\"https:\/\/blogg.svenskakyrkan.se\/vandravagen\/\"},{\"@type\":\"ListItem\",\"position\":2,\"name\":\"Den gode l\u00e4raren\"}]},{\"@type\":\"WebSite\",\"@id\":\"https:\/\/blogg.svenskakyrkan.se\/vandravagen\/#website\",\"url\":\"https:\/\/blogg.svenskakyrkan.se\/vandravagen\/\",\"name\":\"Vandra V\u00e4gen\",\"description\":\"-Mot en tro f\u00f6r hela livet\",\"publisher\":{\"@id\":\"https:\/\/blogg.svenskakyrkan.se\/vandravagen\/#organization\"},\"potentialAction\":[{\"@type\":\"SearchAction\",\"target\":{\"@type\":\"EntryPoint\",\"urlTemplate\":\"https:\/\/blogg.svenskakyrkan.se\/vandravagen\/?s={search_term_string}\"},\"query-input\":{\"@type\":\"PropertyValueSpecification\",\"valueRequired\":true,\"valueName\":\"search_term_string\"}}],\"inLanguage\":\"sv-SE\"},{\"@type\":\"Organization\",\"@id\":\"https:\/\/blogg.svenskakyrkan.se\/vandravagen\/#organization\",\"name\":\"ulricehamns pastorat\",\"alternateName\":\"ulricehamns pastorat\",\"url\":\"https:\/\/blogg.svenskakyrkan.se\/vandravagen\/\",\"logo\":{\"@type\":\"ImageObject\",\"inLanguage\":\"sv-SE\",\"@id\":\"https:\/\/blogg.svenskakyrkan.se\/vandravagen\/#\/schema\/logo\/image\/\",\"url\":\"https:\/\/blogg.svenskakyrkan.se\/vandravagen\/files\/2023\/05\/Ulr_logo_RGB.png\",\"contentUrl\":\"https:\/\/blogg.svenskakyrkan.se\/vandravagen\/files\/2023\/05\/Ulr_logo_RGB.png\",\"width\":205,\"height\":77,\"caption\":\"ulricehamns pastorat\"},\"image\":{\"@id\":\"https:\/\/blogg.svenskakyrkan.se\/vandravagen\/#\/schema\/logo\/image\/\"},\"sameAs\":[\"http:\/\/facebook.com\/vandravagen\",\"https:\/\/x.com\/fadertomas\",\"http:\/\/www.facebook.com\/svenskakyrkaniulricehamn\"]},{\"@type\":\"Person\",\"@id\":\"https:\/\/blogg.svenskakyrkan.se\/vandravagen\/#\/schema\/person\/25da02d4f76b137d04291711e2c9fc16\",\"name\":\"Tomas Jarvid\",\"image\":{\"@type\":\"ImageObject\",\"inLanguage\":\"sv-SE\",\"@id\":\"https:\/\/blogg.svenskakyrkan.se\/vandravagen\/#\/schema\/person\/image\/\",\"url\":\"https:\/\/secure.gravatar.com\/avatar\/7fa71899795e8f540f615a1f5ab25255dc27aa40f05ee7ddd21aac521e01bf50?s=96&d=identicon&r=g\",\"contentUrl\":\"https:\/\/secure.gravatar.com\/avatar\/7fa71899795e8f540f615a1f5ab25255dc27aa40f05ee7ddd21aac521e01bf50?s=96&d=identicon&r=g\",\"caption\":\"Tomas Jarvid\"},\"description\":\"Jag bor i Ulricehamn i V\u00e4sterg\u00f6tland och \u00e4r f\u00f6rsamlingspr\u00e4st i Svenska Kyrkan f\u00f6r Dalstorps f\u00f6rsamling i Kinds pastorat. P\u00e5 den h\u00e4r bloggen skriver jag ner tankar om vandringen som kristen.\",\"sameAs\":[\"http:\/\/www.vandravagen.se\"],\"url\":\"https:\/\/blogg.svenskakyrkan.se\/vandravagen\/author\/vandravagen\/\"}]}<\/script>\n<!-- \/ Yoast SEO plugin. -->","yoast_head_json":{"title":"Den gode l\u00e4raren - Vandra V\u00e4gen","robots":{"index":"index","follow":"follow","max-snippet":"max-snippet:-1","max-image-preview":"max-image-preview:large","max-video-preview":"max-video-preview:-1"},"canonical":"https:\/\/blogg.svenskakyrkan.se\/vandravagen\/2015\/04\/23\/den-gode-lararen\/","og_locale":"sv_SE","og_type":"article","og_title":"Den gode l\u00e4raren - Vandra V\u00e4gen","og_description":"P\u00e5 v\u00e5r gudstj\u00e4nstverkstad f\u00f6r ett tag sedan talade vi om Jesus som herde och hur man m\u00f6jligen skulle kunna \u00f6vers\u00e4tta den bilden till n\u00e5got motsvarande i v\u00e5r kultur, d\u00e4r herdar \u00e4r ovanliga. Det f\u00f6rslag som kom upp var &#8221;l\u00e4rare&#8221; eller kanske &#8221;f\u00f6rskoll\u00e4rare&#8221; lite beroende p\u00e5 hur man vrider och v\u00e4nder p\u00e5 bilderna. Nu tror jag [&hellip;]","og_url":"https:\/\/blogg.svenskakyrkan.se\/vandravagen\/2015\/04\/23\/den-gode-lararen\/","og_site_name":"Vandra V\u00e4gen","article_publisher":"http:\/\/facebook.com\/vandravagen","article_published_time":"2015-04-23T05:00:39+00:00","og_image":[{"url":"http:\/\/blogg.svenskakyrkan.se\/vandravagen\/files\/2015\/04\/20-ZAKI-BABOUN-GOD-THE-TRUE-SHEPHERD.jpg","type":"","width":"","height":""}],"author":"Tomas Jarvid","twitter_card":"summary_large_image","twitter_creator":"@fadertomas","twitter_site":"@fadertomas","twitter_misc":{"Skriven av":"Tomas Jarvid","Ber\u00e4knad l\u00e4stid":"3 minuter"},"schema":{"@context":"https:\/\/schema.org","@graph":[{"@type":"Article","@id":"https:\/\/blogg.svenskakyrkan.se\/vandravagen\/2015\/04\/23\/den-gode-lararen\/#article","isPartOf":{"@id":"https:\/\/blogg.svenskakyrkan.se\/vandravagen\/2015\/04\/23\/den-gode-lararen\/"},"author":{"name":"Tomas Jarvid","@id":"https:\/\/blogg.svenskakyrkan.se\/vandravagen\/#\/schema\/person\/25da02d4f76b137d04291711e2c9fc16"},"headline":"Den gode l\u00e4raren","datePublished":"2015-04-23T05:00:39+00:00","mainEntityOfPage":{"@id":"https:\/\/blogg.svenskakyrkan.se\/vandravagen\/2015\/04\/23\/den-gode-lararen\/"},"wordCount":526,"commentCount":4,"publisher":{"@id":"https:\/\/blogg.svenskakyrkan.se\/vandravagen\/#organization"},"image":{"@id":"https:\/\/blogg.svenskakyrkan.se\/vandravagen\/2015\/04\/23\/den-gode-lararen\/#primaryimage"},"thumbnailUrl":"http:\/\/blogg.svenskakyrkan.se\/vandravagen\/files\/2015\/04\/20-ZAKI-BABOUN-GOD-THE-TRUE-SHEPHERD.jpg","articleSection":["bibel","Bibeln","Dagens Kyrka","Teologi"],"inLanguage":"sv-SE","potentialAction":[{"@type":"CommentAction","name":"Comment","target":["https:\/\/blogg.svenskakyrkan.se\/vandravagen\/2015\/04\/23\/den-gode-lararen\/#respond"]}]},{"@type":"WebPage","@id":"https:\/\/blogg.svenskakyrkan.se\/vandravagen\/2015\/04\/23\/den-gode-lararen\/","url":"https:\/\/blogg.svenskakyrkan.se\/vandravagen\/2015\/04\/23\/den-gode-lararen\/","name":"Den gode l\u00e4raren - Vandra V\u00e4gen","isPartOf":{"@id":"https:\/\/blogg.svenskakyrkan.se\/vandravagen\/#website"},"primaryImageOfPage":{"@id":"https:\/\/blogg.svenskakyrkan.se\/vandravagen\/2015\/04\/23\/den-gode-lararen\/#primaryimage"},"image":{"@id":"https:\/\/blogg.svenskakyrkan.se\/vandravagen\/2015\/04\/23\/den-gode-lararen\/#primaryimage"},"thumbnailUrl":"http:\/\/blogg.svenskakyrkan.se\/vandravagen\/files\/2015\/04\/20-ZAKI-BABOUN-GOD-THE-TRUE-SHEPHERD.jpg","datePublished":"2015-04-23T05:00:39+00:00","breadcrumb":{"@id":"https:\/\/blogg.svenskakyrkan.se\/vandravagen\/2015\/04\/23\/den-gode-lararen\/#breadcrumb"},"inLanguage":"sv-SE","potentialAction":[{"@type":"ReadAction","target":["https:\/\/blogg.svenskakyrkan.se\/vandravagen\/2015\/04\/23\/den-gode-lararen\/"]}]},{"@type":"ImageObject","inLanguage":"sv-SE","@id":"https:\/\/blogg.svenskakyrkan.se\/vandravagen\/2015\/04\/23\/den-gode-lararen\/#primaryimage","url":"http:\/\/blogg.svenskakyrkan.se\/vandravagen\/files\/2015\/04\/20-ZAKI-BABOUN-GOD-THE-TRUE-SHEPHERD.jpg","contentUrl":"http:\/\/blogg.svenskakyrkan.se\/vandravagen\/files\/2015\/04\/20-ZAKI-BABOUN-GOD-THE-TRUE-SHEPHERD.jpg"},{"@type":"BreadcrumbList","@id":"https:\/\/blogg.svenskakyrkan.se\/vandravagen\/2015\/04\/23\/den-gode-lararen\/#breadcrumb","itemListElement":[{"@type":"ListItem","position":1,"name":"Hem","item":"https:\/\/blogg.svenskakyrkan.se\/vandravagen\/"},{"@type":"ListItem","position":2,"name":"Den gode l\u00e4raren"}]},{"@type":"WebSite","@id":"https:\/\/blogg.svenskakyrkan.se\/vandravagen\/#website","url":"https:\/\/blogg.svenskakyrkan.se\/vandravagen\/","name":"Vandra V\u00e4gen","description":"-Mot en tro f\u00f6r hela livet","publisher":{"@id":"https:\/\/blogg.svenskakyrkan.se\/vandravagen\/#organization"},"potentialAction":[{"@type":"SearchAction","target":{"@type":"EntryPoint","urlTemplate":"https:\/\/blogg.svenskakyrkan.se\/vandravagen\/?s={search_term_string}"},"query-input":{"@type":"PropertyValueSpecification","valueRequired":true,"valueName":"search_term_string"}}],"inLanguage":"sv-SE"},{"@type":"Organization","@id":"https:\/\/blogg.svenskakyrkan.se\/vandravagen\/#organization","name":"ulricehamns pastorat","alternateName":"ulricehamns pastorat","url":"https:\/\/blogg.svenskakyrkan.se\/vandravagen\/","logo":{"@type":"ImageObject","inLanguage":"sv-SE","@id":"https:\/\/blogg.svenskakyrkan.se\/vandravagen\/#\/schema\/logo\/image\/","url":"https:\/\/blogg.svenskakyrkan.se\/vandravagen\/files\/2023\/05\/Ulr_logo_RGB.png","contentUrl":"https:\/\/blogg.svenskakyrkan.se\/vandravagen\/files\/2023\/05\/Ulr_logo_RGB.png","width":205,"height":77,"caption":"ulricehamns pastorat"},"image":{"@id":"https:\/\/blogg.svenskakyrkan.se\/vandravagen\/#\/schema\/logo\/image\/"},"sameAs":["http:\/\/facebook.com\/vandravagen","https:\/\/x.com\/fadertomas","http:\/\/www.facebook.com\/svenskakyrkaniulricehamn"]},{"@type":"Person","@id":"https:\/\/blogg.svenskakyrkan.se\/vandravagen\/#\/schema\/person\/25da02d4f76b137d04291711e2c9fc16","name":"Tomas Jarvid","image":{"@type":"ImageObject","inLanguage":"sv-SE","@id":"https:\/\/blogg.svenskakyrkan.se\/vandravagen\/#\/schema\/person\/image\/","url":"https:\/\/secure.gravatar.com\/avatar\/7fa71899795e8f540f615a1f5ab25255dc27aa40f05ee7ddd21aac521e01bf50?s=96&d=identicon&r=g","contentUrl":"https:\/\/secure.gravatar.com\/avatar\/7fa71899795e8f540f615a1f5ab25255dc27aa40f05ee7ddd21aac521e01bf50?s=96&d=identicon&r=g","caption":"Tomas Jarvid"},"description":"Jag bor i Ulricehamn i V\u00e4sterg\u00f6tland och \u00e4r f\u00f6rsamlingspr\u00e4st i Svenska Kyrkan f\u00f6r Dalstorps f\u00f6rsamling i Kinds pastorat. P\u00e5 den h\u00e4r bloggen skriver jag ner tankar om vandringen som kristen.","sameAs":["http:\/\/www.vandravagen.se"],"url":"https:\/\/blogg.svenskakyrkan.se\/vandravagen\/author\/vandravagen\/"}]}},"author_meta":{"ID":"392","user_nicename":"vandravagen","user_url":"http:\/\/www.vandravagen.se","user_registered":"2014-05-19 05:44:52","display_name":"Tomas Jarvid","first_name":"Tomas","last_name":"Jarvid","avatar":"https:\/\/secure.gravatar.com\/avatar\/7fa71899795e8f540f615a1f5ab25255dc27aa40f05ee7ddd21aac521e01bf50?s=96&d=identicon&r=g"},"featured_image":false,"bloginfo":{"name":"Vandra V\u00e4gen","url":"https:\/\/blogg.svenskakyrkan.se\/vandravagen"},"_links":{"self":[{"href":"https:\/\/blogg.svenskakyrkan.se\/vandravagen\/wp-json\/wp\/v2\/posts\/2978","targetHints":{"allow":["GET"]}}],"collection":[{"href":"https:\/\/blogg.svenskakyrkan.se\/vandravagen\/wp-json\/wp\/v2\/posts"}],"about":[{"href":"https:\/\/blogg.svenskakyrkan.se\/vandravagen\/wp-json\/wp\/v2\/types\/post"}],"author":[{"embeddable":true,"href":"https:\/\/blogg.svenskakyrkan.se\/vandravagen\/wp-json\/wp\/v2\/users\/392"}],"replies":[{"embeddable":true,"href":"https:\/\/blogg.svenskakyrkan.se\/vandravagen\/wp-json\/wp\/v2\/comments?post=2978"}],"version-history":[{"count":1,"href":"https:\/\/blogg.svenskakyrkan.se\/vandravagen\/wp-json\/wp\/v2\/posts\/2978\/revisions"}],"predecessor-version":[{"id":2981,"href":"https:\/\/blogg.svenskakyrkan.se\/vandravagen\/wp-json\/wp\/v2\/posts\/2978\/revisions\/2981"}],"wp:attachment":[{"href":"https:\/\/blogg.svenskakyrkan.se\/vandravagen\/wp-json\/wp\/v2\/media?parent=2978"}],"wp:term":[{"taxonomy":"category","embeddable":true,"href":"https:\/\/blogg.svenskakyrkan.se\/vandravagen\/wp-json\/wp\/v2\/categories?post=2978"},{"taxonomy":"post_tag","embeddable":true,"href":"https:\/\/blogg.svenskakyrkan.se\/vandravagen\/wp-json\/wp\/v2\/tags?post=2978"}],"curies":[{"name":"wp","href":"https:\/\/api.w.org\/{rel}","templated":true}]}}