{"id":2997,"date":"2015-04-27T07:00:21","date_gmt":"2015-04-27T05:00:21","guid":{"rendered":"http:\/\/blogg.svenskakyrkan.se\/vandravagen\/?p=2997"},"modified":"2015-04-26T21:49:10","modified_gmt":"2015-04-26T19:49:10","slug":"vad-betyder-fralst","status":"publish","type":"post","link":"https:\/\/blogg.svenskakyrkan.se\/vandravagen\/2015\/04\/27\/vad-betyder-fralst\/","title":{"rendered":"Vad betyder &#8221;fr\u00e4lst&#8221;?"},"content":{"rendered":"<p><a href=\"http:\/\/blogg.svenskakyrkan.se\/vandravagen\/files\/2015\/04\/IMG_6090.jpg\"><img loading=\"lazy\" decoding=\"async\" class=\"aligncenter size-full wp-image-2998\" src=\"http:\/\/blogg.svenskakyrkan.se\/vandravagen\/files\/2015\/04\/IMG_6090.jpg\" alt=\"IMG_6090\" width=\"351\" height=\"337\" srcset=\"https:\/\/blogg.svenskakyrkan.se\/vandravagen\/files\/2015\/04\/IMG_6090.jpg 351w, https:\/\/blogg.svenskakyrkan.se\/vandravagen\/files\/2015\/04\/IMG_6090-300x288.jpg 300w, https:\/\/blogg.svenskakyrkan.se\/vandravagen\/files\/2015\/04\/IMG_6090-312x300.jpg 312w\" sizes=\"auto, (max-width: 351px) 100vw, 351px\" \/><\/a><\/p>\n<p>Jag ble v\u00e4ldigt glad n\u00e4r jag fick tag i dessa bilder f\u00f6r de f\u00f6rest\u00e4ller ett f\u00f6rem\u00e5l som faktiskt \u00e4r viktigare \u00e4n man kan tro i den kristna symboliken. Bilderna f\u00f6rest\u00e4ller en slavkrage. P\u00e5 mosaikbilden ovan ser vi en slav med krage om halsen servera vin till sin \u00e4gare. Undertill ser vi mer kanske en mer grovhuggen modell:<\/p>\n<p><a href=\"http:\/\/blogg.svenskakyrkan.se\/vandravagen\/files\/2015\/04\/IMG_6089.jpg\"><img loading=\"lazy\" decoding=\"async\" class=\"aligncenter size-full wp-image-2999\" src=\"http:\/\/blogg.svenskakyrkan.se\/vandravagen\/files\/2015\/04\/IMG_6089.jpg\" alt=\"IMG_6089\" width=\"550\" height=\"700\" srcset=\"https:\/\/blogg.svenskakyrkan.se\/vandravagen\/files\/2015\/04\/IMG_6089.jpg 550w, https:\/\/blogg.svenskakyrkan.se\/vandravagen\/files\/2015\/04\/IMG_6089-300x382.jpg 300w, https:\/\/blogg.svenskakyrkan.se\/vandravagen\/files\/2015\/04\/IMG_6089-236x300.jpg 236w\" sizes=\"auto, (max-width: 550px) 100vw, 550px\" \/><\/a><\/p>\n<p>Enligt uppgift \u00e4r denna krage fr\u00e5n 300-500talet och inskriftens inneb\u00f6rd \u00e4r ungef\u00e4r att &#8221;<strong>om du hittar den h\u00e4r slaven s\u00e5 m\u00e5ste han ha rymt, l\u00e4mna tillbaka honom till mig \u00e4r du sn\u00e4ll<\/strong>&#8221;.<\/p>\n<p>Jag har h\u00f6rt s\u00e4gas m\u00e5nga g\u00e5nger att ordet &#8221;fr\u00e4lst&#8221; ska ha med detta f\u00f6rem\u00e5l att g\u00f6ra och har sin betydelse fr\u00e5n ordet &#8221;fri-halsa&#8221;. Fr\u00e4lst \u00e4r allts\u00e5 den som blir frigiven och blir av med s\u00e5v\u00e4l den jobbiga slavkragen som ofriheten som \u00e4godel.<\/p>\n<p>M\u00e5nga av den f\u00f6rsta kristna var slavar (och det \u00e4r ofta i motsvarande grupper som kristen tro sprider sig \u00e4ven idag, till exempel bland &#8221;kastl\u00f6sa&#8221; i Indien). Det m\u00e5ste ha varit ett fantastiskt budskap att \u00e4ven om man till det yttre var slav s\u00e5 var man n\u00e5got helt annat i Guds \u00f6gon, Guds \u00e4lskade barn. Inte mindre v\u00e4rd \u00e4n n\u00e5gon annan. Fri fr\u00e5n destruktiva krafter till att tillh\u00f6ra Gud.<\/p>\n<p>Som kuriosa s\u00e5 \u00e4r det ocks\u00e5 s\u00e5 att slavkragen \u00e4r ursprunget till den pr\u00e4stkrage jag har p\u00e5 skjortan var och varannan dag, fast d\u00e5 \u00e4r det liksom bara en liten bit av kragen som sticker \u00a0ut och syns, som ett litet vitt frim\u00e4rke p\u00e5 halsen. Pr\u00e4stkragen ska p\u00e5minna om att den som b\u00e4r den tillh\u00f6r Kristus och \u00e4r hans tj\u00e4nare. Men med Jesus \u00e4r det som bekant s\u00e5 att han \u00e4r den ende Herre som ocks\u00e5 \u00e4r en god herde.<\/p>\n","protected":false},"excerpt":{"rendered":"<p>Jag ble v\u00e4ldigt glad n\u00e4r jag fick tag i dessa bilder f\u00f6r de f\u00f6rest\u00e4ller ett f\u00f6rem\u00e5l som faktiskt \u00e4r viktigare \u00e4n man kan tro i den kristna symboliken. Bilderna f\u00f6rest\u00e4ller en slavkrage. P\u00e5 mosaikbilden ovan ser vi en slav med krage om halsen servera vin till sin \u00e4gare. Undertill ser vi mer kanske en mer [&hellip;]<\/p>\n","protected":false},"author":392,"featured_media":0,"comment_status":"open","ping_status":"open","sticky":false,"template":"","format":"standard","meta":{"_acf_changed":false,"footnotes":""},"categories":[14252,8298,56,76189,8337],"tags":[],"class_list":["post-2997","post","type-post","status-publish","format-standard","hentry","category-bibel","category-bibeln","category-bilder","category-dagens-kyrka","category-historia"],"acf":[],"yoast_head":"<!-- This site is optimized with the Yoast SEO plugin v27.1.1 - https:\/\/yoast.com\/product\/yoast-seo-wordpress\/ -->\n<title>Vad betyder &quot;fr\u00e4lst&quot;? - Vandra V\u00e4gen<\/title>\n<meta name=\"robots\" content=\"index, follow, max-snippet:-1, max-image-preview:large, max-video-preview:-1\" \/>\n<link rel=\"canonical\" href=\"https:\/\/blogg.svenskakyrkan.se\/vandravagen\/2015\/04\/27\/vad-betyder-fralst\/\" \/>\n<meta property=\"og:locale\" content=\"sv_SE\" \/>\n<meta property=\"og:type\" content=\"article\" \/>\n<meta property=\"og:title\" content=\"Vad betyder &quot;fr\u00e4lst&quot;? - Vandra V\u00e4gen\" \/>\n<meta property=\"og:description\" content=\"Jag ble v\u00e4ldigt glad n\u00e4r jag fick tag i dessa bilder f\u00f6r de f\u00f6rest\u00e4ller ett f\u00f6rem\u00e5l som faktiskt \u00e4r viktigare \u00e4n man kan tro i den kristna symboliken. Bilderna f\u00f6rest\u00e4ller en slavkrage. P\u00e5 mosaikbilden ovan ser vi en slav med krage om halsen servera vin till sin \u00e4gare. Undertill ser vi mer kanske en mer [&hellip;]\" \/>\n<meta property=\"og:url\" content=\"https:\/\/blogg.svenskakyrkan.se\/vandravagen\/2015\/04\/27\/vad-betyder-fralst\/\" \/>\n<meta property=\"og:site_name\" content=\"Vandra V\u00e4gen\" \/>\n<meta property=\"article:publisher\" content=\"http:\/\/facebook.com\/vandravagen\" \/>\n<meta property=\"article:published_time\" content=\"2015-04-27T05:00:21+00:00\" \/>\n<meta property=\"og:image\" content=\"http:\/\/blogg.svenskakyrkan.se\/vandravagen\/files\/2015\/04\/IMG_6090.jpg\" \/>\n<meta name=\"author\" content=\"Tomas Jarvid\" \/>\n<meta name=\"twitter:card\" content=\"summary_large_image\" \/>\n<meta name=\"twitter:creator\" content=\"@fadertomas\" \/>\n<meta name=\"twitter:site\" content=\"@fadertomas\" \/>\n<meta name=\"twitter:label1\" content=\"Skriven av\" \/>\n\t<meta name=\"twitter:data1\" content=\"Tomas Jarvid\" \/>\n\t<meta name=\"twitter:label2\" content=\"Ber\u00e4knad l\u00e4stid\" \/>\n\t<meta name=\"twitter:data2\" content=\"2 minuter\" \/>\n<script type=\"application\/ld+json\" class=\"yoast-schema-graph\">{\"@context\":\"https:\/\/schema.org\",\"@graph\":[{\"@type\":\"Article\",\"@id\":\"https:\/\/blogg.svenskakyrkan.se\/vandravagen\/2015\/04\/27\/vad-betyder-fralst\/#article\",\"isPartOf\":{\"@id\":\"https:\/\/blogg.svenskakyrkan.se\/vandravagen\/2015\/04\/27\/vad-betyder-fralst\/\"},\"author\":{\"name\":\"Tomas Jarvid\",\"@id\":\"https:\/\/blogg.svenskakyrkan.se\/vandravagen\/#\/schema\/person\/25da02d4f76b137d04291711e2c9fc16\"},\"headline\":\"Vad betyder &#8221;fr\u00e4lst&#8221;?\",\"datePublished\":\"2015-04-27T05:00:21+00:00\",\"mainEntityOfPage\":{\"@id\":\"https:\/\/blogg.svenskakyrkan.se\/vandravagen\/2015\/04\/27\/vad-betyder-fralst\/\"},\"wordCount\":329,\"commentCount\":21,\"publisher\":{\"@id\":\"https:\/\/blogg.svenskakyrkan.se\/vandravagen\/#organization\"},\"image\":{\"@id\":\"https:\/\/blogg.svenskakyrkan.se\/vandravagen\/2015\/04\/27\/vad-betyder-fralst\/#primaryimage\"},\"thumbnailUrl\":\"http:\/\/blogg.svenskakyrkan.se\/vandravagen\/files\/2015\/04\/IMG_6090.jpg\",\"articleSection\":[\"bibel\",\"Bibeln\",\"bilder\",\"Dagens Kyrka\",\"historia\"],\"inLanguage\":\"sv-SE\",\"potentialAction\":[{\"@type\":\"CommentAction\",\"name\":\"Comment\",\"target\":[\"https:\/\/blogg.svenskakyrkan.se\/vandravagen\/2015\/04\/27\/vad-betyder-fralst\/#respond\"]}]},{\"@type\":\"WebPage\",\"@id\":\"https:\/\/blogg.svenskakyrkan.se\/vandravagen\/2015\/04\/27\/vad-betyder-fralst\/\",\"url\":\"https:\/\/blogg.svenskakyrkan.se\/vandravagen\/2015\/04\/27\/vad-betyder-fralst\/\",\"name\":\"Vad betyder \\\"fr\u00e4lst\\\"? - Vandra V\u00e4gen\",\"isPartOf\":{\"@id\":\"https:\/\/blogg.svenskakyrkan.se\/vandravagen\/#website\"},\"primaryImageOfPage\":{\"@id\":\"https:\/\/blogg.svenskakyrkan.se\/vandravagen\/2015\/04\/27\/vad-betyder-fralst\/#primaryimage\"},\"image\":{\"@id\":\"https:\/\/blogg.svenskakyrkan.se\/vandravagen\/2015\/04\/27\/vad-betyder-fralst\/#primaryimage\"},\"thumbnailUrl\":\"http:\/\/blogg.svenskakyrkan.se\/vandravagen\/files\/2015\/04\/IMG_6090.jpg\",\"datePublished\":\"2015-04-27T05:00:21+00:00\",\"breadcrumb\":{\"@id\":\"https:\/\/blogg.svenskakyrkan.se\/vandravagen\/2015\/04\/27\/vad-betyder-fralst\/#breadcrumb\"},\"inLanguage\":\"sv-SE\",\"potentialAction\":[{\"@type\":\"ReadAction\",\"target\":[\"https:\/\/blogg.svenskakyrkan.se\/vandravagen\/2015\/04\/27\/vad-betyder-fralst\/\"]}]},{\"@type\":\"ImageObject\",\"inLanguage\":\"sv-SE\",\"@id\":\"https:\/\/blogg.svenskakyrkan.se\/vandravagen\/2015\/04\/27\/vad-betyder-fralst\/#primaryimage\",\"url\":\"http:\/\/blogg.svenskakyrkan.se\/vandravagen\/files\/2015\/04\/IMG_6090.jpg\",\"contentUrl\":\"http:\/\/blogg.svenskakyrkan.se\/vandravagen\/files\/2015\/04\/IMG_6090.jpg\"},{\"@type\":\"BreadcrumbList\",\"@id\":\"https:\/\/blogg.svenskakyrkan.se\/vandravagen\/2015\/04\/27\/vad-betyder-fralst\/#breadcrumb\",\"itemListElement\":[{\"@type\":\"ListItem\",\"position\":1,\"name\":\"Hem\",\"item\":\"https:\/\/blogg.svenskakyrkan.se\/vandravagen\/\"},{\"@type\":\"ListItem\",\"position\":2,\"name\":\"Vad betyder &#8221;fr\u00e4lst&#8221;?\"}]},{\"@type\":\"WebSite\",\"@id\":\"https:\/\/blogg.svenskakyrkan.se\/vandravagen\/#website\",\"url\":\"https:\/\/blogg.svenskakyrkan.se\/vandravagen\/\",\"name\":\"Vandra V\u00e4gen\",\"description\":\"-Mot en tro f\u00f6r hela livet\",\"publisher\":{\"@id\":\"https:\/\/blogg.svenskakyrkan.se\/vandravagen\/#organization\"},\"potentialAction\":[{\"@type\":\"SearchAction\",\"target\":{\"@type\":\"EntryPoint\",\"urlTemplate\":\"https:\/\/blogg.svenskakyrkan.se\/vandravagen\/?s={search_term_string}\"},\"query-input\":{\"@type\":\"PropertyValueSpecification\",\"valueRequired\":true,\"valueName\":\"search_term_string\"}}],\"inLanguage\":\"sv-SE\"},{\"@type\":\"Organization\",\"@id\":\"https:\/\/blogg.svenskakyrkan.se\/vandravagen\/#organization\",\"name\":\"ulricehamns pastorat\",\"alternateName\":\"ulricehamns pastorat\",\"url\":\"https:\/\/blogg.svenskakyrkan.se\/vandravagen\/\",\"logo\":{\"@type\":\"ImageObject\",\"inLanguage\":\"sv-SE\",\"@id\":\"https:\/\/blogg.svenskakyrkan.se\/vandravagen\/#\/schema\/logo\/image\/\",\"url\":\"https:\/\/blogg.svenskakyrkan.se\/vandravagen\/files\/2023\/05\/Ulr_logo_RGB.png\",\"contentUrl\":\"https:\/\/blogg.svenskakyrkan.se\/vandravagen\/files\/2023\/05\/Ulr_logo_RGB.png\",\"width\":205,\"height\":77,\"caption\":\"ulricehamns pastorat\"},\"image\":{\"@id\":\"https:\/\/blogg.svenskakyrkan.se\/vandravagen\/#\/schema\/logo\/image\/\"},\"sameAs\":[\"http:\/\/facebook.com\/vandravagen\",\"https:\/\/x.com\/fadertomas\",\"http:\/\/www.facebook.com\/svenskakyrkaniulricehamn\"]},{\"@type\":\"Person\",\"@id\":\"https:\/\/blogg.svenskakyrkan.se\/vandravagen\/#\/schema\/person\/25da02d4f76b137d04291711e2c9fc16\",\"name\":\"Tomas Jarvid\",\"image\":{\"@type\":\"ImageObject\",\"inLanguage\":\"sv-SE\",\"@id\":\"https:\/\/blogg.svenskakyrkan.se\/vandravagen\/#\/schema\/person\/image\/\",\"url\":\"https:\/\/secure.gravatar.com\/avatar\/7fa71899795e8f540f615a1f5ab25255dc27aa40f05ee7ddd21aac521e01bf50?s=96&d=identicon&r=g\",\"contentUrl\":\"https:\/\/secure.gravatar.com\/avatar\/7fa71899795e8f540f615a1f5ab25255dc27aa40f05ee7ddd21aac521e01bf50?s=96&d=identicon&r=g\",\"caption\":\"Tomas Jarvid\"},\"description\":\"Jag bor i Ulricehamn i V\u00e4sterg\u00f6tland och \u00e4r f\u00f6rsamlingspr\u00e4st i Svenska Kyrkan f\u00f6r Dalstorps f\u00f6rsamling i Kinds pastorat. P\u00e5 den h\u00e4r bloggen skriver jag ner tankar om vandringen som kristen.\",\"sameAs\":[\"http:\/\/www.vandravagen.se\"],\"url\":\"https:\/\/blogg.svenskakyrkan.se\/vandravagen\/author\/vandravagen\/\"}]}<\/script>\n<!-- \/ Yoast SEO plugin. -->","yoast_head_json":{"title":"Vad betyder \"fr\u00e4lst\"? - Vandra V\u00e4gen","robots":{"index":"index","follow":"follow","max-snippet":"max-snippet:-1","max-image-preview":"max-image-preview:large","max-video-preview":"max-video-preview:-1"},"canonical":"https:\/\/blogg.svenskakyrkan.se\/vandravagen\/2015\/04\/27\/vad-betyder-fralst\/","og_locale":"sv_SE","og_type":"article","og_title":"Vad betyder \"fr\u00e4lst\"? - Vandra V\u00e4gen","og_description":"Jag ble v\u00e4ldigt glad n\u00e4r jag fick tag i dessa bilder f\u00f6r de f\u00f6rest\u00e4ller ett f\u00f6rem\u00e5l som faktiskt \u00e4r viktigare \u00e4n man kan tro i den kristna symboliken. Bilderna f\u00f6rest\u00e4ller en slavkrage. P\u00e5 mosaikbilden ovan ser vi en slav med krage om halsen servera vin till sin \u00e4gare. Undertill ser vi mer kanske en mer [&hellip;]","og_url":"https:\/\/blogg.svenskakyrkan.se\/vandravagen\/2015\/04\/27\/vad-betyder-fralst\/","og_site_name":"Vandra V\u00e4gen","article_publisher":"http:\/\/facebook.com\/vandravagen","article_published_time":"2015-04-27T05:00:21+00:00","og_image":[{"url":"http:\/\/blogg.svenskakyrkan.se\/vandravagen\/files\/2015\/04\/IMG_6090.jpg","type":"","width":"","height":""}],"author":"Tomas Jarvid","twitter_card":"summary_large_image","twitter_creator":"@fadertomas","twitter_site":"@fadertomas","twitter_misc":{"Skriven av":"Tomas Jarvid","Ber\u00e4knad l\u00e4stid":"2 minuter"},"schema":{"@context":"https:\/\/schema.org","@graph":[{"@type":"Article","@id":"https:\/\/blogg.svenskakyrkan.se\/vandravagen\/2015\/04\/27\/vad-betyder-fralst\/#article","isPartOf":{"@id":"https:\/\/blogg.svenskakyrkan.se\/vandravagen\/2015\/04\/27\/vad-betyder-fralst\/"},"author":{"name":"Tomas Jarvid","@id":"https:\/\/blogg.svenskakyrkan.se\/vandravagen\/#\/schema\/person\/25da02d4f76b137d04291711e2c9fc16"},"headline":"Vad betyder &#8221;fr\u00e4lst&#8221;?","datePublished":"2015-04-27T05:00:21+00:00","mainEntityOfPage":{"@id":"https:\/\/blogg.svenskakyrkan.se\/vandravagen\/2015\/04\/27\/vad-betyder-fralst\/"},"wordCount":329,"commentCount":21,"publisher":{"@id":"https:\/\/blogg.svenskakyrkan.se\/vandravagen\/#organization"},"image":{"@id":"https:\/\/blogg.svenskakyrkan.se\/vandravagen\/2015\/04\/27\/vad-betyder-fralst\/#primaryimage"},"thumbnailUrl":"http:\/\/blogg.svenskakyrkan.se\/vandravagen\/files\/2015\/04\/IMG_6090.jpg","articleSection":["bibel","Bibeln","bilder","Dagens Kyrka","historia"],"inLanguage":"sv-SE","potentialAction":[{"@type":"CommentAction","name":"Comment","target":["https:\/\/blogg.svenskakyrkan.se\/vandravagen\/2015\/04\/27\/vad-betyder-fralst\/#respond"]}]},{"@type":"WebPage","@id":"https:\/\/blogg.svenskakyrkan.se\/vandravagen\/2015\/04\/27\/vad-betyder-fralst\/","url":"https:\/\/blogg.svenskakyrkan.se\/vandravagen\/2015\/04\/27\/vad-betyder-fralst\/","name":"Vad betyder \"fr\u00e4lst\"? - Vandra V\u00e4gen","isPartOf":{"@id":"https:\/\/blogg.svenskakyrkan.se\/vandravagen\/#website"},"primaryImageOfPage":{"@id":"https:\/\/blogg.svenskakyrkan.se\/vandravagen\/2015\/04\/27\/vad-betyder-fralst\/#primaryimage"},"image":{"@id":"https:\/\/blogg.svenskakyrkan.se\/vandravagen\/2015\/04\/27\/vad-betyder-fralst\/#primaryimage"},"thumbnailUrl":"http:\/\/blogg.svenskakyrkan.se\/vandravagen\/files\/2015\/04\/IMG_6090.jpg","datePublished":"2015-04-27T05:00:21+00:00","breadcrumb":{"@id":"https:\/\/blogg.svenskakyrkan.se\/vandravagen\/2015\/04\/27\/vad-betyder-fralst\/#breadcrumb"},"inLanguage":"sv-SE","potentialAction":[{"@type":"ReadAction","target":["https:\/\/blogg.svenskakyrkan.se\/vandravagen\/2015\/04\/27\/vad-betyder-fralst\/"]}]},{"@type":"ImageObject","inLanguage":"sv-SE","@id":"https:\/\/blogg.svenskakyrkan.se\/vandravagen\/2015\/04\/27\/vad-betyder-fralst\/#primaryimage","url":"http:\/\/blogg.svenskakyrkan.se\/vandravagen\/files\/2015\/04\/IMG_6090.jpg","contentUrl":"http:\/\/blogg.svenskakyrkan.se\/vandravagen\/files\/2015\/04\/IMG_6090.jpg"},{"@type":"BreadcrumbList","@id":"https:\/\/blogg.svenskakyrkan.se\/vandravagen\/2015\/04\/27\/vad-betyder-fralst\/#breadcrumb","itemListElement":[{"@type":"ListItem","position":1,"name":"Hem","item":"https:\/\/blogg.svenskakyrkan.se\/vandravagen\/"},{"@type":"ListItem","position":2,"name":"Vad betyder &#8221;fr\u00e4lst&#8221;?"}]},{"@type":"WebSite","@id":"https:\/\/blogg.svenskakyrkan.se\/vandravagen\/#website","url":"https:\/\/blogg.svenskakyrkan.se\/vandravagen\/","name":"Vandra V\u00e4gen","description":"-Mot en tro f\u00f6r hela livet","publisher":{"@id":"https:\/\/blogg.svenskakyrkan.se\/vandravagen\/#organization"},"potentialAction":[{"@type":"SearchAction","target":{"@type":"EntryPoint","urlTemplate":"https:\/\/blogg.svenskakyrkan.se\/vandravagen\/?s={search_term_string}"},"query-input":{"@type":"PropertyValueSpecification","valueRequired":true,"valueName":"search_term_string"}}],"inLanguage":"sv-SE"},{"@type":"Organization","@id":"https:\/\/blogg.svenskakyrkan.se\/vandravagen\/#organization","name":"ulricehamns pastorat","alternateName":"ulricehamns pastorat","url":"https:\/\/blogg.svenskakyrkan.se\/vandravagen\/","logo":{"@type":"ImageObject","inLanguage":"sv-SE","@id":"https:\/\/blogg.svenskakyrkan.se\/vandravagen\/#\/schema\/logo\/image\/","url":"https:\/\/blogg.svenskakyrkan.se\/vandravagen\/files\/2023\/05\/Ulr_logo_RGB.png","contentUrl":"https:\/\/blogg.svenskakyrkan.se\/vandravagen\/files\/2023\/05\/Ulr_logo_RGB.png","width":205,"height":77,"caption":"ulricehamns pastorat"},"image":{"@id":"https:\/\/blogg.svenskakyrkan.se\/vandravagen\/#\/schema\/logo\/image\/"},"sameAs":["http:\/\/facebook.com\/vandravagen","https:\/\/x.com\/fadertomas","http:\/\/www.facebook.com\/svenskakyrkaniulricehamn"]},{"@type":"Person","@id":"https:\/\/blogg.svenskakyrkan.se\/vandravagen\/#\/schema\/person\/25da02d4f76b137d04291711e2c9fc16","name":"Tomas Jarvid","image":{"@type":"ImageObject","inLanguage":"sv-SE","@id":"https:\/\/blogg.svenskakyrkan.se\/vandravagen\/#\/schema\/person\/image\/","url":"https:\/\/secure.gravatar.com\/avatar\/7fa71899795e8f540f615a1f5ab25255dc27aa40f05ee7ddd21aac521e01bf50?s=96&d=identicon&r=g","contentUrl":"https:\/\/secure.gravatar.com\/avatar\/7fa71899795e8f540f615a1f5ab25255dc27aa40f05ee7ddd21aac521e01bf50?s=96&d=identicon&r=g","caption":"Tomas Jarvid"},"description":"Jag bor i Ulricehamn i V\u00e4sterg\u00f6tland och \u00e4r f\u00f6rsamlingspr\u00e4st i Svenska Kyrkan f\u00f6r Dalstorps f\u00f6rsamling i Kinds pastorat. P\u00e5 den h\u00e4r bloggen skriver jag ner tankar om vandringen som kristen.","sameAs":["http:\/\/www.vandravagen.se"],"url":"https:\/\/blogg.svenskakyrkan.se\/vandravagen\/author\/vandravagen\/"}]}},"author_meta":{"ID":"392","user_nicename":"vandravagen","user_url":"http:\/\/www.vandravagen.se","user_registered":"2014-05-19 05:44:52","display_name":"Tomas Jarvid","first_name":"Tomas","last_name":"Jarvid","avatar":"https:\/\/secure.gravatar.com\/avatar\/7fa71899795e8f540f615a1f5ab25255dc27aa40f05ee7ddd21aac521e01bf50?s=96&d=identicon&r=g"},"featured_image":false,"bloginfo":{"name":"Vandra V\u00e4gen","url":"https:\/\/blogg.svenskakyrkan.se\/vandravagen"},"_links":{"self":[{"href":"https:\/\/blogg.svenskakyrkan.se\/vandravagen\/wp-json\/wp\/v2\/posts\/2997","targetHints":{"allow":["GET"]}}],"collection":[{"href":"https:\/\/blogg.svenskakyrkan.se\/vandravagen\/wp-json\/wp\/v2\/posts"}],"about":[{"href":"https:\/\/blogg.svenskakyrkan.se\/vandravagen\/wp-json\/wp\/v2\/types\/post"}],"author":[{"embeddable":true,"href":"https:\/\/blogg.svenskakyrkan.se\/vandravagen\/wp-json\/wp\/v2\/users\/392"}],"replies":[{"embeddable":true,"href":"https:\/\/blogg.svenskakyrkan.se\/vandravagen\/wp-json\/wp\/v2\/comments?post=2997"}],"version-history":[{"count":1,"href":"https:\/\/blogg.svenskakyrkan.se\/vandravagen\/wp-json\/wp\/v2\/posts\/2997\/revisions"}],"predecessor-version":[{"id":3000,"href":"https:\/\/blogg.svenskakyrkan.se\/vandravagen\/wp-json\/wp\/v2\/posts\/2997\/revisions\/3000"}],"wp:attachment":[{"href":"https:\/\/blogg.svenskakyrkan.se\/vandravagen\/wp-json\/wp\/v2\/media?parent=2997"}],"wp:term":[{"taxonomy":"category","embeddable":true,"href":"https:\/\/blogg.svenskakyrkan.se\/vandravagen\/wp-json\/wp\/v2\/categories?post=2997"},{"taxonomy":"post_tag","embeddable":true,"href":"https:\/\/blogg.svenskakyrkan.se\/vandravagen\/wp-json\/wp\/v2\/tags?post=2997"}],"curies":[{"name":"wp","href":"https:\/\/api.w.org\/{rel}","templated":true}]}}