{"id":3004,"date":"2015-05-02T07:00:06","date_gmt":"2015-05-02T05:00:06","guid":{"rendered":"http:\/\/blogg.svenskakyrkan.se\/vandravagen\/?p=3004"},"modified":"2015-05-01T22:15:07","modified_gmt":"2015-05-01T20:15:07","slug":"goda-herdar-i-bild","status":"publish","type":"post","link":"https:\/\/blogg.svenskakyrkan.se\/vandravagen\/2015\/05\/02\/goda-herdar-i-bild\/","title":{"rendered":"Goda herdar i bild"},"content":{"rendered":"<p><a href=\"http:\/\/blogg.svenskakyrkan.se\/vandravagen\/files\/2015\/04\/IMG_3649.jpg\"><img loading=\"lazy\" decoding=\"async\" class=\"aligncenter size-full wp-image-3020\" src=\"http:\/\/blogg.svenskakyrkan.se\/vandravagen\/files\/2015\/04\/IMG_3649.jpg\" alt=\"IMG_3649\" width=\"950\" height=\"1080\" srcset=\"https:\/\/blogg.svenskakyrkan.se\/vandravagen\/files\/2015\/04\/IMG_3649.jpg 950w, https:\/\/blogg.svenskakyrkan.se\/vandravagen\/files\/2015\/04\/IMG_3649-300x341.jpg 300w, https:\/\/blogg.svenskakyrkan.se\/vandravagen\/files\/2015\/04\/IMG_3649-264x300.jpg 264w\" sizes=\"auto, (max-width: 950px) 100vw, 950px\" \/><\/a><\/p>\n<p>Den h\u00e4r badvakten har jag haft liggande l\u00e4nge och undrat vad man kan illustrera med den. Nu \u00e4r det ju uppenbart att det \u00e4r en god herde han liknar?<\/p>\n<p>Dagens bloggpost \u00e4r en fotobloggpost p\u00e5 tema &#8221;den gode herden&#8221;. Men f\u00f6rst en bild av korsf\u00e4stelsen och n\u00e5gra ord om varf\u00f6r det dr\u00f6jde innan den blev ett popul\u00e4rt motiv:<\/p>\n<div id=\"attachment_3011\" style=\"width: 594px\" class=\"wp-caption aligncenter\"><a href=\"http:\/\/blogg.svenskakyrkan.se\/vandravagen\/files\/2015\/04\/IMG_5987.jpg\"><img loading=\"lazy\" decoding=\"async\" aria-describedby=\"caption-attachment-3011\" class=\"size-large wp-image-3011\" src=\"http:\/\/blogg.svenskakyrkan.se\/vandravagen\/files\/2015\/04\/IMG_5987-1024x909.jpg\" alt=\"Grym verklighet.\" width=\"584\" height=\"518\" srcset=\"https:\/\/blogg.svenskakyrkan.se\/vandravagen\/files\/2015\/04\/IMG_5987.jpg 1024w, https:\/\/blogg.svenskakyrkan.se\/vandravagen\/files\/2015\/04\/IMG_5987-300x266.jpg 300w, https:\/\/blogg.svenskakyrkan.se\/vandravagen\/files\/2015\/04\/IMG_5987-338x300.jpg 338w\" sizes=\"auto, (max-width: 584px) 100vw, 584px\" \/><\/a><p id=\"caption-attachment-3011\" class=\"wp-caption-text\">Grym verklighet.<\/p><\/div>\n<p>Det var faktiskt s\u00e5 att de f\u00f6rsta kristna l\u00e4t bli att avbilda Jesus p\u00e5 korset. Anledningen var helt enkelt att de till skillnad fr\u00e5n oss hade sett korsf\u00e4stelser och visste hur fruktansv\u00e4rda tillst\u00e4llningar de var. Det var helt enkelt alldeles f\u00f6r magstarkt att avbilda Jesus p\u00e5 korset, det v\u00e4ckte f\u00f6r obehagliga minnen. Som jag f\u00f6rst\u00e5tt det var det f\u00f6rst sedan romarna sj\u00e4lva slutat med korsf\u00e4stelser p\u00e5 100talet och det flutit lite vatten under broarna som de kristna b\u00f6rjade avbilda korset. Det tog ett tag innan ett kors var n\u00e5t att ha runt halsen om man s\u00e4ger s\u00e5.<\/p>\n<p><a href=\"http:\/\/blogg.svenskakyrkan.se\/vandravagen\/files\/2015\/04\/IMG_6105.jpg\"><img loading=\"lazy\" decoding=\"async\" class=\"aligncenter size-full wp-image-3012\" src=\"http:\/\/blogg.svenskakyrkan.se\/vandravagen\/files\/2015\/04\/IMG_6105.jpg\" alt=\"IMG_6105\" width=\"353\" height=\"709\" srcset=\"https:\/\/blogg.svenskakyrkan.se\/vandravagen\/files\/2015\/04\/IMG_6105.jpg 353w, https:\/\/blogg.svenskakyrkan.se\/vandravagen\/files\/2015\/04\/IMG_6105-300x603.jpg 300w, https:\/\/blogg.svenskakyrkan.se\/vandravagen\/files\/2015\/04\/IMG_6105-149x300.jpg 149w\" sizes=\"auto, (max-width: 353px) 100vw, 353px\" \/><\/a><\/p>\n<p>Den h\u00e4r herden tycker jag mycket om. Jag vet inte s\u00e5 mycket om den men blicken g\u00e5r l\u00e4tt till f\u00f6tterna som st\u00e5r i blod eller till Jesu ansikte.<\/p>\n<p><a href=\"http:\/\/blogg.svenskakyrkan.se\/vandravagen\/files\/2015\/04\/16-VEIT-GOOD-SHEPHERD-BB.jpg\"><img loading=\"lazy\" decoding=\"async\" class=\"aligncenter size-full wp-image-3013\" src=\"http:\/\/blogg.svenskakyrkan.se\/vandravagen\/files\/2015\/04\/16-VEIT-GOOD-SHEPHERD-BB.jpg\" alt=\"16 VEIT GOOD SHEPHERD BB\" width=\"956\" height=\"643\" srcset=\"https:\/\/blogg.svenskakyrkan.se\/vandravagen\/files\/2015\/04\/16-VEIT-GOOD-SHEPHERD-BB.jpg 956w, https:\/\/blogg.svenskakyrkan.se\/vandravagen\/files\/2015\/04\/16-VEIT-GOOD-SHEPHERD-BB-300x202.jpg 300w, https:\/\/blogg.svenskakyrkan.se\/vandravagen\/files\/2015\/04\/16-VEIT-GOOD-SHEPHERD-BB-446x300.jpg 446w\" sizes=\"auto, (max-width: 956px) 100vw, 956px\" \/><\/a><\/p>\n<p>H\u00e4r \u00e4r en annan, pedagogisk, herdebild. Jesus st\u00e5r och \u00e4r\u00a0<strong>grinden in till f\u00e5rhuset<\/strong>. Det finns ocks\u00e5 skurkar som f\u00f6rs\u00f6ker ta sig in p\u00e5 andra st\u00e4llen men f\u00f6r den r\u00e4tte herden \u00f6ppnar Jesus porten.<\/p>\n<p>&nbsp;<\/p>\n<p><a href=\"http:\/\/blogg.svenskakyrkan.se\/vandravagen\/files\/2015\/04\/05-MOSAIQUE-LE-BON-BERGER-RAVENNE.jpg\"><img loading=\"lazy\" decoding=\"async\" class=\"aligncenter size-full wp-image-3014\" src=\"http:\/\/blogg.svenskakyrkan.se\/vandravagen\/files\/2015\/04\/05-MOSAIQUE-LE-BON-BERGER-RAVENNE.jpg\" alt=\"05 MOSAIQUE LE BON BERGER RAVENNE\" width=\"802\" height=\"600\" srcset=\"https:\/\/blogg.svenskakyrkan.se\/vandravagen\/files\/2015\/04\/05-MOSAIQUE-LE-BON-BERGER-RAVENNE.jpg 802w, https:\/\/blogg.svenskakyrkan.se\/vandravagen\/files\/2015\/04\/05-MOSAIQUE-LE-BON-BERGER-RAVENNE-300x224.jpg 300w, https:\/\/blogg.svenskakyrkan.se\/vandravagen\/files\/2015\/04\/05-MOSAIQUE-LE-BON-BERGER-RAVENNE-401x300.jpg 401w\" sizes=\"auto, (max-width: 802px) 100vw, 802px\" \/><\/a><\/p>\n<p>H\u00e4r \u00e4r en storslagen mosaik fr\u00e5n en kyrka n\u00e5gonstans med Jesus bland f\u00e5ren. Innan man (som sagt ovan) b\u00f6rjade avbilda Jesus p\u00e5 korset s\u00e5 var just herdemotivet ett av de allra vanligaste s\u00e4tten att avbilda Jesus p\u00e5.<\/p>\n<p>&nbsp;<\/p>\n<p><a href=\"http:\/\/blogg.svenskakyrkan.se\/vandravagen\/files\/2015\/04\/05-MOSAIQUE-LE-BON-PASTEUR-RAVENNE-MAUSOLEE-GALLA.jpg\"><img loading=\"lazy\" decoding=\"async\" class=\"aligncenter size-full wp-image-3016\" src=\"http:\/\/blogg.svenskakyrkan.se\/vandravagen\/files\/2015\/04\/05-MOSAIQUE-LE-BON-PASTEUR-RAVENNE-MAUSOLEE-GALLA.jpg\" alt=\"05 MOSAIQUE LE BON PASTEUR RAVENNE MAUSOLEE GALLA\" width=\"782\" height=\"600\" srcset=\"https:\/\/blogg.svenskakyrkan.se\/vandravagen\/files\/2015\/04\/05-MOSAIQUE-LE-BON-PASTEUR-RAVENNE-MAUSOLEE-GALLA.jpg 782w, https:\/\/blogg.svenskakyrkan.se\/vandravagen\/files\/2015\/04\/05-MOSAIQUE-LE-BON-PASTEUR-RAVENNE-MAUSOLEE-GALLA-300x230.jpg 300w, https:\/\/blogg.svenskakyrkan.se\/vandravagen\/files\/2015\/04\/05-MOSAIQUE-LE-BON-PASTEUR-RAVENNE-MAUSOLEE-GALLA-391x300.jpg 391w\" sizes=\"auto, (max-width: 782px) 100vw, 782px\" \/><\/a><\/p>\n<p>H\u00e4r \u00e4r \u00e4nnu en mosaik. Jag vet inte alls hur gammal den \u00e4r men typen av motiv g\u00e5r i alla fall tillbaka p\u00e5 kyrkans allra f\u00f6rsta tid.<\/p>\n<p><a href=\"http:\/\/blogg.svenskakyrkan.se\/vandravagen\/files\/2015\/04\/18-WESLEY-PARABLE-LOST-COIN-LOST-SHEEP.jpg\"><img loading=\"lazy\" decoding=\"async\" class=\"aligncenter size-full wp-image-3017\" src=\"http:\/\/blogg.svenskakyrkan.se\/vandravagen\/files\/2015\/04\/18-WESLEY-PARABLE-LOST-COIN-LOST-SHEEP.jpg\" alt=\"18 WESLEY PARABLE LOST COIN LOST SHEEP\" width=\"452\" height=\"570\" srcset=\"https:\/\/blogg.svenskakyrkan.se\/vandravagen\/files\/2015\/04\/18-WESLEY-PARABLE-LOST-COIN-LOST-SHEEP.jpg 452w, https:\/\/blogg.svenskakyrkan.se\/vandravagen\/files\/2015\/04\/18-WESLEY-PARABLE-LOST-COIN-LOST-SHEEP-300x378.jpg 300w, https:\/\/blogg.svenskakyrkan.se\/vandravagen\/files\/2015\/04\/18-WESLEY-PARABLE-LOST-COIN-LOST-SHEEP-238x300.jpg 238w\" sizes=\"auto, (max-width: 452px) 100vw, 452px\" \/><\/a><\/p>\n<p>\u00c4nnu ett svartvitt tryck. H\u00e4r ser vi herden som hittat sitt hundrade f\u00e5r och b\u00e4r hem det. Hemma i huset hittar vi lustigt nog kvinnan som tappat bort sitt mynt och st\u00e4dar \u00f6verallt f\u00f6r att f\u00f6rs\u00f6ka hitta det. Det \u00e4r liknelser som st\u00e5r bredvid varandra i lukasevangeliet men h\u00e4r kanske de till och med utspelar sig i samma familj?<\/p>\n<p><a href=\"http:\/\/blogg.svenskakyrkan.se\/vandravagen\/files\/2015\/04\/17-CHAMPAIGNE-LE-BON-PASTEUR-MACON.jpg\"><img loading=\"lazy\" decoding=\"async\" class=\"aligncenter size-full wp-image-3018\" src=\"http:\/\/blogg.svenskakyrkan.se\/vandravagen\/files\/2015\/04\/17-CHAMPAIGNE-LE-BON-PASTEUR-MACON.jpg\" alt=\"17 CHAMPAIGNE LE BON PASTEUR MACON\" width=\"425\" height=\"512\" srcset=\"https:\/\/blogg.svenskakyrkan.se\/vandravagen\/files\/2015\/04\/17-CHAMPAIGNE-LE-BON-PASTEUR-MACON.jpg 425w, https:\/\/blogg.svenskakyrkan.se\/vandravagen\/files\/2015\/04\/17-CHAMPAIGNE-LE-BON-PASTEUR-MACON-300x361.jpg 300w, https:\/\/blogg.svenskakyrkan.se\/vandravagen\/files\/2015\/04\/17-CHAMPAIGNE-LE-BON-PASTEUR-MACON-249x300.jpg 249w\" sizes=\"auto, (max-width: 425px) 100vw, 425px\" \/><\/a><\/p>\n<p>Jesus med f\u00e5r p\u00e5 axlarna. Den tycker jag ocks\u00e5 om.<\/p>\n<p><a href=\"http:\/\/blogg.svenskakyrkan.se\/vandravagen\/files\/2015\/04\/21-ICONES-CHRIST-THE-GOOD-SHEPHERD.jpg\"><img loading=\"lazy\" decoding=\"async\" class=\"aligncenter size-full wp-image-3019\" src=\"http:\/\/blogg.svenskakyrkan.se\/vandravagen\/files\/2015\/04\/21-ICONES-CHRIST-THE-GOOD-SHEPHERD.jpg\" alt=\"21 ICONES CHRIST THE GOOD SHEPHERD\" width=\"334\" height=\"415\" srcset=\"https:\/\/blogg.svenskakyrkan.se\/vandravagen\/files\/2015\/04\/21-ICONES-CHRIST-THE-GOOD-SHEPHERD.jpg 334w, https:\/\/blogg.svenskakyrkan.se\/vandravagen\/files\/2015\/04\/21-ICONES-CHRIST-THE-GOOD-SHEPHERD-300x373.jpg 300w, https:\/\/blogg.svenskakyrkan.se\/vandravagen\/files\/2015\/04\/21-ICONES-CHRIST-THE-GOOD-SHEPHERD-241x300.jpg 241w\" sizes=\"auto, (max-width: 334px) 100vw, 334px\" \/><\/a><\/p>\n<p>Och slutligen en ikon av Jesus som herde bland f\u00e5ren. Allt som ser ut som ikoner tycker jag ju extra mycket om \u00e4ven om jag inte vet s\u00e4rskilt mycket om just det h\u00e4r motivet.<\/p>\n<p>S\u00e5d\u00e4r. Vad s\u00e4ger du, har du n\u00e5gon s\u00e4rskild relation till n\u00e5gon bild av Jesus som den gode herden? Skriv en kommentar!<\/p>\n","protected":false},"excerpt":{"rendered":"<p>Den h\u00e4r badvakten har jag haft liggande l\u00e4nge och undrat vad man kan illustrera med den. Nu \u00e4r det ju uppenbart att det \u00e4r en god herde han liknar? Dagens bloggpost \u00e4r en fotobloggpost p\u00e5 tema &#8221;den gode herden&#8221;. Men f\u00f6rst en bild av korsf\u00e4stelsen och n\u00e5gra ord om varf\u00f6r det dr\u00f6jde innan den blev [&hellip;]<\/p>\n","protected":false},"author":392,"featured_media":0,"comment_status":"open","ping_status":"open","sticky":false,"template":"","format":"standard","meta":{"_acf_changed":false,"footnotes":""},"categories":[8298,56,76189,8252],"tags":[],"class_list":["post-3004","post","type-post","status-publish","format-standard","hentry","category-bibeln","category-bilder","category-dagens-kyrka","category-kyrkoaret"],"acf":[],"yoast_head":"<!-- This site is optimized with the Yoast SEO plugin v27.1.1 - https:\/\/yoast.com\/product\/yoast-seo-wordpress\/ -->\n<title>Goda herdar i bild - Vandra V\u00e4gen<\/title>\n<meta name=\"robots\" content=\"index, follow, max-snippet:-1, max-image-preview:large, max-video-preview:-1\" \/>\n<link rel=\"canonical\" href=\"https:\/\/blogg.svenskakyrkan.se\/vandravagen\/2015\/05\/02\/goda-herdar-i-bild\/\" \/>\n<meta property=\"og:locale\" content=\"sv_SE\" \/>\n<meta property=\"og:type\" content=\"article\" \/>\n<meta property=\"og:title\" content=\"Goda herdar i bild - Vandra V\u00e4gen\" \/>\n<meta property=\"og:description\" content=\"Den h\u00e4r badvakten har jag haft liggande l\u00e4nge och undrat vad man kan illustrera med den. Nu \u00e4r det ju uppenbart att det \u00e4r en god herde han liknar? Dagens bloggpost \u00e4r en fotobloggpost p\u00e5 tema &#8221;den gode herden&#8221;. Men f\u00f6rst en bild av korsf\u00e4stelsen och n\u00e5gra ord om varf\u00f6r det dr\u00f6jde innan den blev [&hellip;]\" \/>\n<meta property=\"og:url\" content=\"https:\/\/blogg.svenskakyrkan.se\/vandravagen\/2015\/05\/02\/goda-herdar-i-bild\/\" \/>\n<meta property=\"og:site_name\" content=\"Vandra V\u00e4gen\" \/>\n<meta property=\"article:publisher\" content=\"http:\/\/facebook.com\/vandravagen\" \/>\n<meta property=\"article:published_time\" content=\"2015-05-02T05:00:06+00:00\" \/>\n<meta property=\"og:image\" content=\"http:\/\/blogg.svenskakyrkan.se\/vandravagen\/files\/2015\/04\/IMG_3649.jpg\" \/>\n<meta name=\"author\" content=\"Tomas Jarvid\" \/>\n<meta name=\"twitter:card\" content=\"summary_large_image\" \/>\n<meta name=\"twitter:creator\" content=\"@fadertomas\" \/>\n<meta name=\"twitter:site\" content=\"@fadertomas\" \/>\n<meta name=\"twitter:label1\" content=\"Skriven av\" \/>\n\t<meta name=\"twitter:data1\" content=\"Tomas Jarvid\" \/>\n\t<meta name=\"twitter:label2\" content=\"Ber\u00e4knad l\u00e4stid\" \/>\n\t<meta name=\"twitter:data2\" content=\"2 minuter\" \/>\n<script type=\"application\/ld+json\" class=\"yoast-schema-graph\">{\"@context\":\"https:\/\/schema.org\",\"@graph\":[{\"@type\":\"Article\",\"@id\":\"https:\/\/blogg.svenskakyrkan.se\/vandravagen\/2015\/05\/02\/goda-herdar-i-bild\/#article\",\"isPartOf\":{\"@id\":\"https:\/\/blogg.svenskakyrkan.se\/vandravagen\/2015\/05\/02\/goda-herdar-i-bild\/\"},\"author\":{\"name\":\"Tomas Jarvid\",\"@id\":\"https:\/\/blogg.svenskakyrkan.se\/vandravagen\/#\/schema\/person\/25da02d4f76b137d04291711e2c9fc16\"},\"headline\":\"Goda herdar i bild\",\"datePublished\":\"2015-05-02T05:00:06+00:00\",\"mainEntityOfPage\":{\"@id\":\"https:\/\/blogg.svenskakyrkan.se\/vandravagen\/2015\/05\/02\/goda-herdar-i-bild\/\"},\"wordCount\":486,\"commentCount\":9,\"publisher\":{\"@id\":\"https:\/\/blogg.svenskakyrkan.se\/vandravagen\/#organization\"},\"image\":{\"@id\":\"https:\/\/blogg.svenskakyrkan.se\/vandravagen\/2015\/05\/02\/goda-herdar-i-bild\/#primaryimage\"},\"thumbnailUrl\":\"http:\/\/blogg.svenskakyrkan.se\/vandravagen\/files\/2015\/04\/IMG_3649.jpg\",\"articleSection\":[\"Bibeln\",\"bilder\",\"Dagens Kyrka\",\"kyrko\u00e5ret\"],\"inLanguage\":\"sv-SE\",\"potentialAction\":[{\"@type\":\"CommentAction\",\"name\":\"Comment\",\"target\":[\"https:\/\/blogg.svenskakyrkan.se\/vandravagen\/2015\/05\/02\/goda-herdar-i-bild\/#respond\"]}]},{\"@type\":\"WebPage\",\"@id\":\"https:\/\/blogg.svenskakyrkan.se\/vandravagen\/2015\/05\/02\/goda-herdar-i-bild\/\",\"url\":\"https:\/\/blogg.svenskakyrkan.se\/vandravagen\/2015\/05\/02\/goda-herdar-i-bild\/\",\"name\":\"Goda herdar i bild - Vandra V\u00e4gen\",\"isPartOf\":{\"@id\":\"https:\/\/blogg.svenskakyrkan.se\/vandravagen\/#website\"},\"primaryImageOfPage\":{\"@id\":\"https:\/\/blogg.svenskakyrkan.se\/vandravagen\/2015\/05\/02\/goda-herdar-i-bild\/#primaryimage\"},\"image\":{\"@id\":\"https:\/\/blogg.svenskakyrkan.se\/vandravagen\/2015\/05\/02\/goda-herdar-i-bild\/#primaryimage\"},\"thumbnailUrl\":\"http:\/\/blogg.svenskakyrkan.se\/vandravagen\/files\/2015\/04\/IMG_3649.jpg\",\"datePublished\":\"2015-05-02T05:00:06+00:00\",\"breadcrumb\":{\"@id\":\"https:\/\/blogg.svenskakyrkan.se\/vandravagen\/2015\/05\/02\/goda-herdar-i-bild\/#breadcrumb\"},\"inLanguage\":\"sv-SE\",\"potentialAction\":[{\"@type\":\"ReadAction\",\"target\":[\"https:\/\/blogg.svenskakyrkan.se\/vandravagen\/2015\/05\/02\/goda-herdar-i-bild\/\"]}]},{\"@type\":\"ImageObject\",\"inLanguage\":\"sv-SE\",\"@id\":\"https:\/\/blogg.svenskakyrkan.se\/vandravagen\/2015\/05\/02\/goda-herdar-i-bild\/#primaryimage\",\"url\":\"http:\/\/blogg.svenskakyrkan.se\/vandravagen\/files\/2015\/04\/IMG_3649.jpg\",\"contentUrl\":\"http:\/\/blogg.svenskakyrkan.se\/vandravagen\/files\/2015\/04\/IMG_3649.jpg\"},{\"@type\":\"BreadcrumbList\",\"@id\":\"https:\/\/blogg.svenskakyrkan.se\/vandravagen\/2015\/05\/02\/goda-herdar-i-bild\/#breadcrumb\",\"itemListElement\":[{\"@type\":\"ListItem\",\"position\":1,\"name\":\"Hem\",\"item\":\"https:\/\/blogg.svenskakyrkan.se\/vandravagen\/\"},{\"@type\":\"ListItem\",\"position\":2,\"name\":\"Goda herdar i bild\"}]},{\"@type\":\"WebSite\",\"@id\":\"https:\/\/blogg.svenskakyrkan.se\/vandravagen\/#website\",\"url\":\"https:\/\/blogg.svenskakyrkan.se\/vandravagen\/\",\"name\":\"Vandra V\u00e4gen\",\"description\":\"-Mot en tro f\u00f6r hela livet\",\"publisher\":{\"@id\":\"https:\/\/blogg.svenskakyrkan.se\/vandravagen\/#organization\"},\"potentialAction\":[{\"@type\":\"SearchAction\",\"target\":{\"@type\":\"EntryPoint\",\"urlTemplate\":\"https:\/\/blogg.svenskakyrkan.se\/vandravagen\/?s={search_term_string}\"},\"query-input\":{\"@type\":\"PropertyValueSpecification\",\"valueRequired\":true,\"valueName\":\"search_term_string\"}}],\"inLanguage\":\"sv-SE\"},{\"@type\":\"Organization\",\"@id\":\"https:\/\/blogg.svenskakyrkan.se\/vandravagen\/#organization\",\"name\":\"ulricehamns pastorat\",\"alternateName\":\"ulricehamns pastorat\",\"url\":\"https:\/\/blogg.svenskakyrkan.se\/vandravagen\/\",\"logo\":{\"@type\":\"ImageObject\",\"inLanguage\":\"sv-SE\",\"@id\":\"https:\/\/blogg.svenskakyrkan.se\/vandravagen\/#\/schema\/logo\/image\/\",\"url\":\"https:\/\/blogg.svenskakyrkan.se\/vandravagen\/files\/2023\/05\/Ulr_logo_RGB.png\",\"contentUrl\":\"https:\/\/blogg.svenskakyrkan.se\/vandravagen\/files\/2023\/05\/Ulr_logo_RGB.png\",\"width\":205,\"height\":77,\"caption\":\"ulricehamns pastorat\"},\"image\":{\"@id\":\"https:\/\/blogg.svenskakyrkan.se\/vandravagen\/#\/schema\/logo\/image\/\"},\"sameAs\":[\"http:\/\/facebook.com\/vandravagen\",\"https:\/\/x.com\/fadertomas\",\"http:\/\/www.facebook.com\/svenskakyrkaniulricehamn\"]},{\"@type\":\"Person\",\"@id\":\"https:\/\/blogg.svenskakyrkan.se\/vandravagen\/#\/schema\/person\/25da02d4f76b137d04291711e2c9fc16\",\"name\":\"Tomas Jarvid\",\"image\":{\"@type\":\"ImageObject\",\"inLanguage\":\"sv-SE\",\"@id\":\"https:\/\/blogg.svenskakyrkan.se\/vandravagen\/#\/schema\/person\/image\/\",\"url\":\"https:\/\/secure.gravatar.com\/avatar\/7fa71899795e8f540f615a1f5ab25255dc27aa40f05ee7ddd21aac521e01bf50?s=96&d=identicon&r=g\",\"contentUrl\":\"https:\/\/secure.gravatar.com\/avatar\/7fa71899795e8f540f615a1f5ab25255dc27aa40f05ee7ddd21aac521e01bf50?s=96&d=identicon&r=g\",\"caption\":\"Tomas Jarvid\"},\"description\":\"Jag bor i Ulricehamn i V\u00e4sterg\u00f6tland och \u00e4r f\u00f6rsamlingspr\u00e4st i Svenska Kyrkan f\u00f6r Dalstorps f\u00f6rsamling i Kinds pastorat. P\u00e5 den h\u00e4r bloggen skriver jag ner tankar om vandringen som kristen.\",\"sameAs\":[\"http:\/\/www.vandravagen.se\"],\"url\":\"https:\/\/blogg.svenskakyrkan.se\/vandravagen\/author\/vandravagen\/\"}]}<\/script>\n<!-- \/ Yoast SEO plugin. -->","yoast_head_json":{"title":"Goda herdar i bild - Vandra V\u00e4gen","robots":{"index":"index","follow":"follow","max-snippet":"max-snippet:-1","max-image-preview":"max-image-preview:large","max-video-preview":"max-video-preview:-1"},"canonical":"https:\/\/blogg.svenskakyrkan.se\/vandravagen\/2015\/05\/02\/goda-herdar-i-bild\/","og_locale":"sv_SE","og_type":"article","og_title":"Goda herdar i bild - Vandra V\u00e4gen","og_description":"Den h\u00e4r badvakten har jag haft liggande l\u00e4nge och undrat vad man kan illustrera med den. Nu \u00e4r det ju uppenbart att det \u00e4r en god herde han liknar? Dagens bloggpost \u00e4r en fotobloggpost p\u00e5 tema &#8221;den gode herden&#8221;. Men f\u00f6rst en bild av korsf\u00e4stelsen och n\u00e5gra ord om varf\u00f6r det dr\u00f6jde innan den blev [&hellip;]","og_url":"https:\/\/blogg.svenskakyrkan.se\/vandravagen\/2015\/05\/02\/goda-herdar-i-bild\/","og_site_name":"Vandra V\u00e4gen","article_publisher":"http:\/\/facebook.com\/vandravagen","article_published_time":"2015-05-02T05:00:06+00:00","og_image":[{"url":"http:\/\/blogg.svenskakyrkan.se\/vandravagen\/files\/2015\/04\/IMG_3649.jpg","type":"","width":"","height":""}],"author":"Tomas Jarvid","twitter_card":"summary_large_image","twitter_creator":"@fadertomas","twitter_site":"@fadertomas","twitter_misc":{"Skriven av":"Tomas Jarvid","Ber\u00e4knad l\u00e4stid":"2 minuter"},"schema":{"@context":"https:\/\/schema.org","@graph":[{"@type":"Article","@id":"https:\/\/blogg.svenskakyrkan.se\/vandravagen\/2015\/05\/02\/goda-herdar-i-bild\/#article","isPartOf":{"@id":"https:\/\/blogg.svenskakyrkan.se\/vandravagen\/2015\/05\/02\/goda-herdar-i-bild\/"},"author":{"name":"Tomas Jarvid","@id":"https:\/\/blogg.svenskakyrkan.se\/vandravagen\/#\/schema\/person\/25da02d4f76b137d04291711e2c9fc16"},"headline":"Goda herdar i bild","datePublished":"2015-05-02T05:00:06+00:00","mainEntityOfPage":{"@id":"https:\/\/blogg.svenskakyrkan.se\/vandravagen\/2015\/05\/02\/goda-herdar-i-bild\/"},"wordCount":486,"commentCount":9,"publisher":{"@id":"https:\/\/blogg.svenskakyrkan.se\/vandravagen\/#organization"},"image":{"@id":"https:\/\/blogg.svenskakyrkan.se\/vandravagen\/2015\/05\/02\/goda-herdar-i-bild\/#primaryimage"},"thumbnailUrl":"http:\/\/blogg.svenskakyrkan.se\/vandravagen\/files\/2015\/04\/IMG_3649.jpg","articleSection":["Bibeln","bilder","Dagens Kyrka","kyrko\u00e5ret"],"inLanguage":"sv-SE","potentialAction":[{"@type":"CommentAction","name":"Comment","target":["https:\/\/blogg.svenskakyrkan.se\/vandravagen\/2015\/05\/02\/goda-herdar-i-bild\/#respond"]}]},{"@type":"WebPage","@id":"https:\/\/blogg.svenskakyrkan.se\/vandravagen\/2015\/05\/02\/goda-herdar-i-bild\/","url":"https:\/\/blogg.svenskakyrkan.se\/vandravagen\/2015\/05\/02\/goda-herdar-i-bild\/","name":"Goda herdar i bild - Vandra V\u00e4gen","isPartOf":{"@id":"https:\/\/blogg.svenskakyrkan.se\/vandravagen\/#website"},"primaryImageOfPage":{"@id":"https:\/\/blogg.svenskakyrkan.se\/vandravagen\/2015\/05\/02\/goda-herdar-i-bild\/#primaryimage"},"image":{"@id":"https:\/\/blogg.svenskakyrkan.se\/vandravagen\/2015\/05\/02\/goda-herdar-i-bild\/#primaryimage"},"thumbnailUrl":"http:\/\/blogg.svenskakyrkan.se\/vandravagen\/files\/2015\/04\/IMG_3649.jpg","datePublished":"2015-05-02T05:00:06+00:00","breadcrumb":{"@id":"https:\/\/blogg.svenskakyrkan.se\/vandravagen\/2015\/05\/02\/goda-herdar-i-bild\/#breadcrumb"},"inLanguage":"sv-SE","potentialAction":[{"@type":"ReadAction","target":["https:\/\/blogg.svenskakyrkan.se\/vandravagen\/2015\/05\/02\/goda-herdar-i-bild\/"]}]},{"@type":"ImageObject","inLanguage":"sv-SE","@id":"https:\/\/blogg.svenskakyrkan.se\/vandravagen\/2015\/05\/02\/goda-herdar-i-bild\/#primaryimage","url":"http:\/\/blogg.svenskakyrkan.se\/vandravagen\/files\/2015\/04\/IMG_3649.jpg","contentUrl":"http:\/\/blogg.svenskakyrkan.se\/vandravagen\/files\/2015\/04\/IMG_3649.jpg"},{"@type":"BreadcrumbList","@id":"https:\/\/blogg.svenskakyrkan.se\/vandravagen\/2015\/05\/02\/goda-herdar-i-bild\/#breadcrumb","itemListElement":[{"@type":"ListItem","position":1,"name":"Hem","item":"https:\/\/blogg.svenskakyrkan.se\/vandravagen\/"},{"@type":"ListItem","position":2,"name":"Goda herdar i bild"}]},{"@type":"WebSite","@id":"https:\/\/blogg.svenskakyrkan.se\/vandravagen\/#website","url":"https:\/\/blogg.svenskakyrkan.se\/vandravagen\/","name":"Vandra V\u00e4gen","description":"-Mot en tro f\u00f6r hela livet","publisher":{"@id":"https:\/\/blogg.svenskakyrkan.se\/vandravagen\/#organization"},"potentialAction":[{"@type":"SearchAction","target":{"@type":"EntryPoint","urlTemplate":"https:\/\/blogg.svenskakyrkan.se\/vandravagen\/?s={search_term_string}"},"query-input":{"@type":"PropertyValueSpecification","valueRequired":true,"valueName":"search_term_string"}}],"inLanguage":"sv-SE"},{"@type":"Organization","@id":"https:\/\/blogg.svenskakyrkan.se\/vandravagen\/#organization","name":"ulricehamns pastorat","alternateName":"ulricehamns pastorat","url":"https:\/\/blogg.svenskakyrkan.se\/vandravagen\/","logo":{"@type":"ImageObject","inLanguage":"sv-SE","@id":"https:\/\/blogg.svenskakyrkan.se\/vandravagen\/#\/schema\/logo\/image\/","url":"https:\/\/blogg.svenskakyrkan.se\/vandravagen\/files\/2023\/05\/Ulr_logo_RGB.png","contentUrl":"https:\/\/blogg.svenskakyrkan.se\/vandravagen\/files\/2023\/05\/Ulr_logo_RGB.png","width":205,"height":77,"caption":"ulricehamns pastorat"},"image":{"@id":"https:\/\/blogg.svenskakyrkan.se\/vandravagen\/#\/schema\/logo\/image\/"},"sameAs":["http:\/\/facebook.com\/vandravagen","https:\/\/x.com\/fadertomas","http:\/\/www.facebook.com\/svenskakyrkaniulricehamn"]},{"@type":"Person","@id":"https:\/\/blogg.svenskakyrkan.se\/vandravagen\/#\/schema\/person\/25da02d4f76b137d04291711e2c9fc16","name":"Tomas Jarvid","image":{"@type":"ImageObject","inLanguage":"sv-SE","@id":"https:\/\/blogg.svenskakyrkan.se\/vandravagen\/#\/schema\/person\/image\/","url":"https:\/\/secure.gravatar.com\/avatar\/7fa71899795e8f540f615a1f5ab25255dc27aa40f05ee7ddd21aac521e01bf50?s=96&d=identicon&r=g","contentUrl":"https:\/\/secure.gravatar.com\/avatar\/7fa71899795e8f540f615a1f5ab25255dc27aa40f05ee7ddd21aac521e01bf50?s=96&d=identicon&r=g","caption":"Tomas Jarvid"},"description":"Jag bor i Ulricehamn i V\u00e4sterg\u00f6tland och \u00e4r f\u00f6rsamlingspr\u00e4st i Svenska Kyrkan f\u00f6r Dalstorps f\u00f6rsamling i Kinds pastorat. P\u00e5 den h\u00e4r bloggen skriver jag ner tankar om vandringen som kristen.","sameAs":["http:\/\/www.vandravagen.se"],"url":"https:\/\/blogg.svenskakyrkan.se\/vandravagen\/author\/vandravagen\/"}]}},"author_meta":{"ID":"392","user_nicename":"vandravagen","user_url":"http:\/\/www.vandravagen.se","user_registered":"2014-05-19 05:44:52","display_name":"Tomas Jarvid","first_name":"Tomas","last_name":"Jarvid","avatar":"https:\/\/secure.gravatar.com\/avatar\/7fa71899795e8f540f615a1f5ab25255dc27aa40f05ee7ddd21aac521e01bf50?s=96&d=identicon&r=g"},"featured_image":false,"bloginfo":{"name":"Vandra V\u00e4gen","url":"https:\/\/blogg.svenskakyrkan.se\/vandravagen"},"_links":{"self":[{"href":"https:\/\/blogg.svenskakyrkan.se\/vandravagen\/wp-json\/wp\/v2\/posts\/3004","targetHints":{"allow":["GET"]}}],"collection":[{"href":"https:\/\/blogg.svenskakyrkan.se\/vandravagen\/wp-json\/wp\/v2\/posts"}],"about":[{"href":"https:\/\/blogg.svenskakyrkan.se\/vandravagen\/wp-json\/wp\/v2\/types\/post"}],"author":[{"embeddable":true,"href":"https:\/\/blogg.svenskakyrkan.se\/vandravagen\/wp-json\/wp\/v2\/users\/392"}],"replies":[{"embeddable":true,"href":"https:\/\/blogg.svenskakyrkan.se\/vandravagen\/wp-json\/wp\/v2\/comments?post=3004"}],"version-history":[{"count":3,"href":"https:\/\/blogg.svenskakyrkan.se\/vandravagen\/wp-json\/wp\/v2\/posts\/3004\/revisions"}],"predecessor-version":[{"id":3030,"href":"https:\/\/blogg.svenskakyrkan.se\/vandravagen\/wp-json\/wp\/v2\/posts\/3004\/revisions\/3030"}],"wp:attachment":[{"href":"https:\/\/blogg.svenskakyrkan.se\/vandravagen\/wp-json\/wp\/v2\/media?parent=3004"}],"wp:term":[{"taxonomy":"category","embeddable":true,"href":"https:\/\/blogg.svenskakyrkan.se\/vandravagen\/wp-json\/wp\/v2\/categories?post=3004"},{"taxonomy":"post_tag","embeddable":true,"href":"https:\/\/blogg.svenskakyrkan.se\/vandravagen\/wp-json\/wp\/v2\/tags?post=3004"}],"curies":[{"name":"wp","href":"https:\/\/api.w.org\/{rel}","templated":true}]}}