{"id":3024,"date":"2015-05-01T07:00:31","date_gmt":"2015-05-01T05:00:31","guid":{"rendered":"http:\/\/blogg.svenskakyrkan.se\/vandravagen\/?p=3024"},"modified":"2015-04-30T22:24:22","modified_gmt":"2015-04-30T20:24:22","slug":"vartal-med-mamma-mu","status":"publish","type":"post","link":"https:\/\/blogg.svenskakyrkan.se\/vandravagen\/2015\/05\/01\/vartal-med-mamma-mu\/","title":{"rendered":"V\u00e5rtal med Mamma Mu"},"content":{"rendered":"<div id=\"attachment_3025\" style=\"width: 650px\" class=\"wp-caption aligncenter\"><a href=\"http:\/\/blogg.svenskakyrkan.se\/vandravagen\/files\/2015\/04\/eld1.jpg\"><img loading=\"lazy\" decoding=\"async\" aria-describedby=\"caption-attachment-3025\" class=\"size-full wp-image-3025\" src=\"http:\/\/blogg.svenskakyrkan.se\/vandravagen\/files\/2015\/04\/eld1.jpg\" alt=\"Jag talade vid denna eld. Husaby-Ledsj\u00f6 kyrkok\u00f6r sj\u00f6ng.\" width=\"640\" height=\"480\" srcset=\"https:\/\/blogg.svenskakyrkan.se\/vandravagen\/files\/2015\/04\/eld1.jpg 640w, https:\/\/blogg.svenskakyrkan.se\/vandravagen\/files\/2015\/04\/eld1-300x225.jpg 300w, https:\/\/blogg.svenskakyrkan.se\/vandravagen\/files\/2015\/04\/eld1-400x300.jpg 400w\" sizes=\"auto, (max-width: 640px) 100vw, 640px\" \/><\/a><p id=\"caption-attachment-3025\" class=\"wp-caption-text\">Jag talade vid denna eld. Husaby-Ledsj\u00f6 kyrkok\u00f6r sj\u00f6ng.<\/p><\/div>\n<p>I g\u00e5r p\u00e5 valborgsm\u00e4ssoafton h\u00f6ll jag v\u00e5rtal p\u00e5 &#8221;Sigfridsliden&#8221; i Husaby. Jag fick \u00e4ven g\u00f6ra ett litet g\u00e4stspel i min favoritkyrkok\u00f6r som sj\u00f6ng v\u00e5rs\u00e5ngerna. Jag fick d\u00e4rtill l\u00e4ra mig nya s\u00e4tt att elda v\u00e5reld med traktorhj\u00e4lp och s\u00e5. Jag fick sj\u00e4lv t\u00e4nda med hj\u00e4lp av &#8221;eldkastaren&#8221; p\u00e5 bilden l\u00e4ngre ner. Nog snackat, h\u00e4r \u00e4r v\u00e5rtalet:<\/p>\n<p><b>V\u00e5rtal Husaby 2015<\/b><\/p>\n<p>Tack f\u00f6r det stora f\u00f6rtroendet att vara v\u00e5rtalare h\u00e4r i Husaby i dag. Det \u00e4r ju en speciell plats och historisk mark. Det var <b>h\u00e4r Sankt Sigfrid Led<\/b> st\u00e5r det p\u00e5 skylten h\u00e4r borta, och Olof sk\u00f6t v\u00e4l konungen h\u00e4r n\u00e5gonstans ocks\u00e5. Jag \u00e4r inte riktigt s\u00e4ker p\u00e5 platsen f\u00f6r det f\u00f6r jag \u00e4r s\u00e5 ny h\u00e4r.<\/p>\n<p>Och s\u00e5 st\u00e5r jag h\u00e4r och \u00e4r v\u00e4l snart inte k\u00e4nd som n\u00e5got annat \u00e4n <b>Husabys kortaste pr\u00e4st<\/b> (eftersom jag h\u00e5ller p\u00e5 att avsluta min tid h\u00e4r nu i sommar). S\u00e5 det \u00e4r en stor gl\u00e4dje detta.<\/p>\n<p>Jag \u00e4r i alla fall pr\u00e4st i Husaby ett tag till och det \u00e4r en stor utmaning f\u00f6r mig att st\u00e5 och tala och veta vad jag ska s\u00e4ga om det inte ska vara en predikan. Vi f\u00e5r se vad det blir.<\/p>\n<p>Jag skulle vilja b\u00f6rja med att <b>citera n\u00e5gra ord fr\u00e5n en stor och bra bok som vi l\u00e4ser mycket<\/b> och h\u00e5ller h\u00f6gt hemma i min familj. D\u00e4r st\u00e5r skrivet f\u00f6ljande poetiska ord:<\/p>\n<p>\u201dKnopparna knoppas<\/p>\n<p>Och sipporna hoppas<\/p>\n<p>Man blir glad av blad\u201d<\/p>\n<p>S\u00e5 st\u00e5r det skrivet i boken \u201d<strong>Mamma Mu och kr\u00e5kan st\u00e4dar<\/strong>\u201d. Kanske inte riktigt i niv\u00e5 med bibelpoesi men \u00e4nd\u00e5 fint tycker jag.<\/p>\n<p>Eftersom det h\u00e4r nu inte \u00e4r n\u00e5gon predikan utan ett v\u00e5rtal, och eftersom jag inte riktigt vet hur man g\u00f6r n\u00e4r man inte f\u00e5r tala om n\u00e5gon text s\u00e5 t\u00e4nkte jag g\u00f6ra en textutl\u00e4ggande predi.. F\u00f6rl\u00e5t v\u00e5rtal, av den h\u00e4r fina mamma mudikten. Den har ju till och med tre delar, precis som en pred.. F\u00f6rl\u00e5t, som ett bra v\u00e5rtal ska ha.<\/p>\n<p><b>F\u00f6r det f\u00f6rsta. \u201dKnopparna knoppas\u201d<\/b><\/p>\n<p>I f\u00f6rsta versen h\u00f6r vi om knoppar. Det g\u00f6r ont n\u00e4r knoppar brister, vet vi fr\u00e5n en annan dikt.\u00a0 Varf\u00f6r skulle annars v\u00e5ren tveka. Knopparna knoppas innan de sl\u00e5r ut. Om v\u00e5ren kan det g\u00e5 v\u00e4ldigt fort eller ta l\u00e5ng tid innan knoppar sl\u00e5r ut, det beror s\u00e5 mycket p\u00e5 v\u00e4dret. S\u00e5 \u00e4r det nog ocks\u00e5 i dig och mig.<\/p>\n<p>En del saker kanske f\u00f6rblir knopp i \u00e5rtionden i v\u00e4ntan p\u00e5 att f\u00e5 bli n\u00e5got mer, blomma ut. Men s\u00e5 n\u00e4r tiden \u00e4r inne (f\u00f6rl\u00e5t, inte predika var det), n\u00e4r v\u00e5ren kommer, d\u00e5 kanske nya sidor hos oss kommer i dagen. Jag tror att en m\u00e4nniska rymmer s\u00e5 mycket och att det finns s\u00e5 m\u00e5nga sidor av oss, s\u00e5 m\u00e5nga knoppar, att det kan spricka upp nya livet igenom, men det g\u00f6r ocks\u00e5 ont n\u00e4r knoppar brister s\u00e5 vi kanske g\u00f6r vad vi kan f\u00f6r att h\u00e5lla dem tillbaka.<\/p>\n<div id=\"attachment_3028\" style=\"width: 490px\" class=\"wp-caption aligncenter\"><a href=\"http:\/\/blogg.svenskakyrkan.se\/vandravagen\/files\/2015\/05\/IMG_6157.jpg\"><img loading=\"lazy\" decoding=\"async\" aria-describedby=\"caption-attachment-3028\" class=\"size-full wp-image-3028\" src=\"http:\/\/blogg.svenskakyrkan.se\/vandravagen\/files\/2015\/05\/IMG_6157.jpg\" alt=\"&quot;eldkastaren&quot;.\" width=\"480\" height=\"640\" srcset=\"https:\/\/blogg.svenskakyrkan.se\/vandravagen\/files\/2015\/05\/IMG_6157.jpg 480w, https:\/\/blogg.svenskakyrkan.se\/vandravagen\/files\/2015\/05\/IMG_6157-300x400.jpg 300w, https:\/\/blogg.svenskakyrkan.se\/vandravagen\/files\/2015\/05\/IMG_6157-225x300.jpg 225w\" sizes=\"auto, (max-width: 480px) 100vw, 480px\" \/><\/a><p id=\"caption-attachment-3028\" class=\"wp-caption-text\">&#8221;eldkastaren&#8221;.<\/p><\/div>\n<p>Om detta vill jag s\u00e4ga n\u00e5gra enkla ord, i denna tid d\u00e5 man helst ska vara perfekt f\u00f6r att alls f\u00e5 finnas: Det g\u00f6r ont n\u00e4r knoppar brister men det \u00e4r b\u00e4ttre att \u00f6va sig i att hantera den sm\u00e4rtan \u00e4n att l\u00e5ta bli att blomma ut. Att vi \u00e4r s\u00e5rbara som m\u00e4nniskor kan vi inte komma ur p\u00e5 n\u00e5got bra s\u00e4tt, det m\u00e5ste vi leva med. Vi kan inte v\u00e4nta tills vi \u00e4r perfekta innan vi \u00f6ppnar munnen, visar upp v\u00e5rt hem, har r\u00e4tt vikt f\u00f6r att kunna gifta sig och s\u00e5 vidare. H\u00e5ll inte tillbaka knoppar som vill sl\u00e5 ut. Vi st\u00e5r h\u00e4r p\u00e5 Sigfridsliden som \u00e4r i f\u00e4rd med att utvecklas till en artrik sl\u00e5tter\u00e4ng. Ju fler sorters blommor, ju fler m\u00e4nniskor som blommar ut, desto b\u00e4ttre \u00e4r det, \u00e4ven om de inte \u00e4r varandra lika.<\/p>\n<p>Vilket f\u00f6r oss till den andra punkten, <strong>sipporna hoppas.\u00a0<\/strong><\/p>\n<p>Vad hoppas sippor p\u00e5? Det \u00e4r p\u00e5 ett s\u00e4tt l\u00e4tt att se. De hoppas f\u00e5 nog med vatten, och n\u00e4r solen skiner p\u00e5 dem v\u00e4nder de sig mot den och sl\u00e5r ut. Nu \u00c4R ju inte det h\u00e4r en predikan s\u00e5 jag ska inte alls tala om den som l\u00e5ter sin sol skina \u00f6ver onda och goda. Men vi kan nog vara \u00f6verens om att vi kan likna blommorna p\u00e5 olika s\u00e4tt med v\u00e5ra m\u00e4nskliga behov, om vi f\u00e5r vad vi beh\u00f6ver kan vi blomstra.<\/p>\n<p>Men blommorna hoppas p\u00e5 en sak till. De vill sprida sitt pollen vidare s\u00e5 att deras liv sprider sig och ger liv p\u00e5 annat h\u00e5ll. De tar emot liv och de ger vidare.<\/p>\n<p>I det heliga landet&#8230; F\u00f6rl\u00e5t urs\u00e4kta, i ett varmt land l\u00e5ngt borta finnes tvenne sj\u00f6ar. Den ena myllrar av liv och \u00e4r full med fisk (gennesarets sj\u00f6 \u00e4r detta allts\u00e5) medan den andra \u00e4r fullkomligt livl\u00f6s och d\u00f6d (den heter ocks\u00e5 D\u00d6DA HAVET). Som ni minns fr\u00e5n skolan s\u00e5 beror det p\u00e5 att genesarets sj\u00f6 har ett inlopp och ett utlopp, det friska vattnet str\u00f6mmar vidare genom det, men d\u00f6da havet har inget utlopp. Det \u00e4r jordens l\u00e4gsta punkt, l\u00e5ngt under havsniv\u00e5n. D\u00e4rifr\u00e5n kan vattnet bara dunsta bort. Och s\u00e5 har saltet samlats d\u00e4r och till slut kan inget leva d\u00e4r.<\/p>\n<p>S\u00e5 \u00e4r det ocks\u00e5 med oss. Om vi ser till att vi inte bara tar emot utan ocks\u00e5 ger vidare av det vi f\u00e5tt s\u00e5 kan vi vara fulla av liv, men om vi bara tar men inte ger vidare s\u00e5 blir det inte mycket gl\u00e4dje av det vare sig f\u00f6r oss sj\u00e4lva eller n\u00e5gon annan.<\/p>\n<p>F\u00f6r det tredje.<strong> Man blir glad av blad.<\/strong><\/p>\n<p>Mamma Mu \u00e4r ju en ko s\u00e5 det \u00e4r klart att hon blir glad av blad. Och det blir nog du och jag ocks\u00e5. Det \u00e4r s\u00e5 att gl\u00e4dje \u00e4r en av Andens g\u00e5vor&#8230; F\u00f6rl\u00e5t, inte predika var det ju. Gl\u00e4dje \u00e4r en bra grej. Jag tycker det \u00e4r till hj\u00e4lp f\u00f6r mig att t\u00e4nka att jag ska str\u00e4va mer efter gl\u00e4dje \u00e4n efter lycka. Lycka har vi s\u00e5 m\u00e4rkliga bilder av. Man kan tro att lycka \u00e4r n\u00e5got slags statiskt tillst\u00e5nd man kan uppn\u00e5 n\u00e4r man g\u00e5tt ner i vikt, f\u00e5tt ordning p\u00e5 huset, n\u00e4r det blivit semester men inte regnar eller s\u00e5. Men lycka \u00e4r s\u00e5 flyktigt. Det kommer i korta stunder. Man kan inte h\u00e5lla den kvar utan bara f\u00e5nga den i flykten. Det \u00e4r sv\u00e5rt att uppn\u00e5 lycka. Men gl\u00e4dje kan man k\u00e4nna i stunden. Glad kan man bli av lite blad. Eller en stunds gemenskap. Gl\u00e4djen beh\u00f6ver inte vara en prestation.<\/p>\n<p>S\u00e5 f\u00f6r det f\u00f6rsta g\u00f6r det ont n\u00e4r knoppar brister men v\u00e5ren m\u00e5ste v\u00e5ga. F\u00f6r det andra f\u00e5r vi sm\u00e5 sippor hoppas p\u00e5 att inte vara som d\u00f6da havet utan som Genesarets sj\u00f6 som sjuder av liv F\u00f6r det tredje f\u00e5r vi sl\u00e4ppa lite p\u00e5 dr\u00f6mmarna om det perfekta och gl\u00e4dje oss \u00f6ver det enkla.<\/p>\n<p>Knopparna knoppas och sipporna hoppas, man blir glad av blad.<\/p>\n<p>Amen. Eller jag menar&#8230; ett fyrfaldigt leve f\u00f6r v\u00e5ren!<\/p>\n<p>&nbsp;<\/p>\n","protected":false},"excerpt":{"rendered":"<p>I g\u00e5r p\u00e5 valborgsm\u00e4ssoafton h\u00f6ll jag v\u00e5rtal p\u00e5 &#8221;Sigfridsliden&#8221; i Husaby. Jag fick \u00e4ven g\u00f6ra ett litet g\u00e4stspel i min favoritkyrkok\u00f6r som sj\u00f6ng v\u00e5rs\u00e5ngerna. Jag fick d\u00e4rtill l\u00e4ra mig nya s\u00e4tt att elda v\u00e5reld med traktorhj\u00e4lp och s\u00e5. Jag fick sj\u00e4lv t\u00e4nda med hj\u00e4lp av &#8221;eldkastaren&#8221; p\u00e5 bilden l\u00e4ngre ner. Nog snackat, h\u00e4r \u00e4r v\u00e5rtalet: [&hellip;]<\/p>\n","protected":false},"author":392,"featured_media":0,"comment_status":"open","ping_status":"open","sticky":false,"template":"","format":"standard","meta":{"_acf_changed":false,"footnotes":""},"categories":[76766,76189,80016],"tags":[],"class_list":["post-3024","post","type-post","status-publish","format-standard","hentry","category-blandat","category-dagens-kyrka","category-tal"],"acf":[],"yoast_head":"<!-- This site is optimized with the Yoast SEO plugin v27.1.1 - https:\/\/yoast.com\/product\/yoast-seo-wordpress\/ -->\n<title>V\u00e5rtal med Mamma Mu - Vandra V\u00e4gen<\/title>\n<meta name=\"robots\" content=\"index, follow, max-snippet:-1, max-image-preview:large, max-video-preview:-1\" \/>\n<link rel=\"canonical\" href=\"https:\/\/blogg.svenskakyrkan.se\/vandravagen\/2015\/05\/01\/vartal-med-mamma-mu\/\" \/>\n<meta property=\"og:locale\" content=\"sv_SE\" \/>\n<meta property=\"og:type\" content=\"article\" \/>\n<meta property=\"og:title\" content=\"V\u00e5rtal med Mamma Mu - Vandra V\u00e4gen\" \/>\n<meta property=\"og:description\" content=\"I g\u00e5r p\u00e5 valborgsm\u00e4ssoafton h\u00f6ll jag v\u00e5rtal p\u00e5 &#8221;Sigfridsliden&#8221; i Husaby. Jag fick \u00e4ven g\u00f6ra ett litet g\u00e4stspel i min favoritkyrkok\u00f6r som sj\u00f6ng v\u00e5rs\u00e5ngerna. Jag fick d\u00e4rtill l\u00e4ra mig nya s\u00e4tt att elda v\u00e5reld med traktorhj\u00e4lp och s\u00e5. Jag fick sj\u00e4lv t\u00e4nda med hj\u00e4lp av &#8221;eldkastaren&#8221; p\u00e5 bilden l\u00e4ngre ner. Nog snackat, h\u00e4r \u00e4r v\u00e5rtalet: [&hellip;]\" \/>\n<meta property=\"og:url\" content=\"https:\/\/blogg.svenskakyrkan.se\/vandravagen\/2015\/05\/01\/vartal-med-mamma-mu\/\" \/>\n<meta property=\"og:site_name\" content=\"Vandra V\u00e4gen\" \/>\n<meta property=\"article:publisher\" content=\"http:\/\/facebook.com\/vandravagen\" \/>\n<meta property=\"article:published_time\" content=\"2015-05-01T05:00:31+00:00\" \/>\n<meta property=\"og:image\" content=\"http:\/\/blogg.svenskakyrkan.se\/vandravagen\/files\/2015\/04\/eld1.jpg\" \/>\n<meta name=\"author\" content=\"Tomas Jarvid\" \/>\n<meta name=\"twitter:card\" content=\"summary_large_image\" \/>\n<meta name=\"twitter:creator\" content=\"@fadertomas\" \/>\n<meta name=\"twitter:site\" content=\"@fadertomas\" \/>\n<meta name=\"twitter:label1\" content=\"Skriven av\" \/>\n\t<meta name=\"twitter:data1\" content=\"Tomas Jarvid\" \/>\n\t<meta name=\"twitter:label2\" content=\"Ber\u00e4knad l\u00e4stid\" \/>\n\t<meta name=\"twitter:data2\" content=\"7 minuter\" \/>\n<script type=\"application\/ld+json\" class=\"yoast-schema-graph\">{\"@context\":\"https:\/\/schema.org\",\"@graph\":[{\"@type\":\"Article\",\"@id\":\"https:\/\/blogg.svenskakyrkan.se\/vandravagen\/2015\/05\/01\/vartal-med-mamma-mu\/#article\",\"isPartOf\":{\"@id\":\"https:\/\/blogg.svenskakyrkan.se\/vandravagen\/2015\/05\/01\/vartal-med-mamma-mu\/\"},\"author\":{\"name\":\"Tomas Jarvid\",\"@id\":\"https:\/\/blogg.svenskakyrkan.se\/vandravagen\/#\/schema\/person\/25da02d4f76b137d04291711e2c9fc16\"},\"headline\":\"V\u00e5rtal med Mamma Mu\",\"datePublished\":\"2015-05-01T05:00:31+00:00\",\"mainEntityOfPage\":{\"@id\":\"https:\/\/blogg.svenskakyrkan.se\/vandravagen\/2015\/05\/01\/vartal-med-mamma-mu\/\"},\"wordCount\":1380,\"commentCount\":8,\"publisher\":{\"@id\":\"https:\/\/blogg.svenskakyrkan.se\/vandravagen\/#organization\"},\"image\":{\"@id\":\"https:\/\/blogg.svenskakyrkan.se\/vandravagen\/2015\/05\/01\/vartal-med-mamma-mu\/#primaryimage\"},\"thumbnailUrl\":\"http:\/\/blogg.svenskakyrkan.se\/vandravagen\/files\/2015\/04\/eld1.jpg\",\"articleSection\":[\"blandat\",\"Dagens Kyrka\",\"tal\"],\"inLanguage\":\"sv-SE\",\"potentialAction\":[{\"@type\":\"CommentAction\",\"name\":\"Comment\",\"target\":[\"https:\/\/blogg.svenskakyrkan.se\/vandravagen\/2015\/05\/01\/vartal-med-mamma-mu\/#respond\"]}]},{\"@type\":\"WebPage\",\"@id\":\"https:\/\/blogg.svenskakyrkan.se\/vandravagen\/2015\/05\/01\/vartal-med-mamma-mu\/\",\"url\":\"https:\/\/blogg.svenskakyrkan.se\/vandravagen\/2015\/05\/01\/vartal-med-mamma-mu\/\",\"name\":\"V\u00e5rtal med Mamma Mu - Vandra V\u00e4gen\",\"isPartOf\":{\"@id\":\"https:\/\/blogg.svenskakyrkan.se\/vandravagen\/#website\"},\"primaryImageOfPage\":{\"@id\":\"https:\/\/blogg.svenskakyrkan.se\/vandravagen\/2015\/05\/01\/vartal-med-mamma-mu\/#primaryimage\"},\"image\":{\"@id\":\"https:\/\/blogg.svenskakyrkan.se\/vandravagen\/2015\/05\/01\/vartal-med-mamma-mu\/#primaryimage\"},\"thumbnailUrl\":\"http:\/\/blogg.svenskakyrkan.se\/vandravagen\/files\/2015\/04\/eld1.jpg\",\"datePublished\":\"2015-05-01T05:00:31+00:00\",\"breadcrumb\":{\"@id\":\"https:\/\/blogg.svenskakyrkan.se\/vandravagen\/2015\/05\/01\/vartal-med-mamma-mu\/#breadcrumb\"},\"inLanguage\":\"sv-SE\",\"potentialAction\":[{\"@type\":\"ReadAction\",\"target\":[\"https:\/\/blogg.svenskakyrkan.se\/vandravagen\/2015\/05\/01\/vartal-med-mamma-mu\/\"]}]},{\"@type\":\"ImageObject\",\"inLanguage\":\"sv-SE\",\"@id\":\"https:\/\/blogg.svenskakyrkan.se\/vandravagen\/2015\/05\/01\/vartal-med-mamma-mu\/#primaryimage\",\"url\":\"http:\/\/blogg.svenskakyrkan.se\/vandravagen\/files\/2015\/04\/eld1.jpg\",\"contentUrl\":\"http:\/\/blogg.svenskakyrkan.se\/vandravagen\/files\/2015\/04\/eld1.jpg\"},{\"@type\":\"BreadcrumbList\",\"@id\":\"https:\/\/blogg.svenskakyrkan.se\/vandravagen\/2015\/05\/01\/vartal-med-mamma-mu\/#breadcrumb\",\"itemListElement\":[{\"@type\":\"ListItem\",\"position\":1,\"name\":\"Hem\",\"item\":\"https:\/\/blogg.svenskakyrkan.se\/vandravagen\/\"},{\"@type\":\"ListItem\",\"position\":2,\"name\":\"V\u00e5rtal med Mamma Mu\"}]},{\"@type\":\"WebSite\",\"@id\":\"https:\/\/blogg.svenskakyrkan.se\/vandravagen\/#website\",\"url\":\"https:\/\/blogg.svenskakyrkan.se\/vandravagen\/\",\"name\":\"Vandra V\u00e4gen\",\"description\":\"-Mot en tro f\u00f6r hela livet\",\"publisher\":{\"@id\":\"https:\/\/blogg.svenskakyrkan.se\/vandravagen\/#organization\"},\"potentialAction\":[{\"@type\":\"SearchAction\",\"target\":{\"@type\":\"EntryPoint\",\"urlTemplate\":\"https:\/\/blogg.svenskakyrkan.se\/vandravagen\/?s={search_term_string}\"},\"query-input\":{\"@type\":\"PropertyValueSpecification\",\"valueRequired\":true,\"valueName\":\"search_term_string\"}}],\"inLanguage\":\"sv-SE\"},{\"@type\":\"Organization\",\"@id\":\"https:\/\/blogg.svenskakyrkan.se\/vandravagen\/#organization\",\"name\":\"ulricehamns pastorat\",\"alternateName\":\"ulricehamns pastorat\",\"url\":\"https:\/\/blogg.svenskakyrkan.se\/vandravagen\/\",\"logo\":{\"@type\":\"ImageObject\",\"inLanguage\":\"sv-SE\",\"@id\":\"https:\/\/blogg.svenskakyrkan.se\/vandravagen\/#\/schema\/logo\/image\/\",\"url\":\"https:\/\/blogg.svenskakyrkan.se\/vandravagen\/files\/2023\/05\/Ulr_logo_RGB.png\",\"contentUrl\":\"https:\/\/blogg.svenskakyrkan.se\/vandravagen\/files\/2023\/05\/Ulr_logo_RGB.png\",\"width\":205,\"height\":77,\"caption\":\"ulricehamns pastorat\"},\"image\":{\"@id\":\"https:\/\/blogg.svenskakyrkan.se\/vandravagen\/#\/schema\/logo\/image\/\"},\"sameAs\":[\"http:\/\/facebook.com\/vandravagen\",\"https:\/\/x.com\/fadertomas\",\"http:\/\/www.facebook.com\/svenskakyrkaniulricehamn\"]},{\"@type\":\"Person\",\"@id\":\"https:\/\/blogg.svenskakyrkan.se\/vandravagen\/#\/schema\/person\/25da02d4f76b137d04291711e2c9fc16\",\"name\":\"Tomas Jarvid\",\"image\":{\"@type\":\"ImageObject\",\"inLanguage\":\"sv-SE\",\"@id\":\"https:\/\/blogg.svenskakyrkan.se\/vandravagen\/#\/schema\/person\/image\/\",\"url\":\"https:\/\/secure.gravatar.com\/avatar\/7fa71899795e8f540f615a1f5ab25255dc27aa40f05ee7ddd21aac521e01bf50?s=96&d=identicon&r=g\",\"contentUrl\":\"https:\/\/secure.gravatar.com\/avatar\/7fa71899795e8f540f615a1f5ab25255dc27aa40f05ee7ddd21aac521e01bf50?s=96&d=identicon&r=g\",\"caption\":\"Tomas Jarvid\"},\"description\":\"Jag bor i Ulricehamn i V\u00e4sterg\u00f6tland och \u00e4r f\u00f6rsamlingspr\u00e4st i Svenska Kyrkan f\u00f6r Dalstorps f\u00f6rsamling i Kinds pastorat. P\u00e5 den h\u00e4r bloggen skriver jag ner tankar om vandringen som kristen.\",\"sameAs\":[\"http:\/\/www.vandravagen.se\"],\"url\":\"https:\/\/blogg.svenskakyrkan.se\/vandravagen\/author\/vandravagen\/\"}]}<\/script>\n<!-- \/ Yoast SEO plugin. -->","yoast_head_json":{"title":"V\u00e5rtal med Mamma Mu - Vandra V\u00e4gen","robots":{"index":"index","follow":"follow","max-snippet":"max-snippet:-1","max-image-preview":"max-image-preview:large","max-video-preview":"max-video-preview:-1"},"canonical":"https:\/\/blogg.svenskakyrkan.se\/vandravagen\/2015\/05\/01\/vartal-med-mamma-mu\/","og_locale":"sv_SE","og_type":"article","og_title":"V\u00e5rtal med Mamma Mu - Vandra V\u00e4gen","og_description":"I g\u00e5r p\u00e5 valborgsm\u00e4ssoafton h\u00f6ll jag v\u00e5rtal p\u00e5 &#8221;Sigfridsliden&#8221; i Husaby. Jag fick \u00e4ven g\u00f6ra ett litet g\u00e4stspel i min favoritkyrkok\u00f6r som sj\u00f6ng v\u00e5rs\u00e5ngerna. Jag fick d\u00e4rtill l\u00e4ra mig nya s\u00e4tt att elda v\u00e5reld med traktorhj\u00e4lp och s\u00e5. Jag fick sj\u00e4lv t\u00e4nda med hj\u00e4lp av &#8221;eldkastaren&#8221; p\u00e5 bilden l\u00e4ngre ner. Nog snackat, h\u00e4r \u00e4r v\u00e5rtalet: [&hellip;]","og_url":"https:\/\/blogg.svenskakyrkan.se\/vandravagen\/2015\/05\/01\/vartal-med-mamma-mu\/","og_site_name":"Vandra V\u00e4gen","article_publisher":"http:\/\/facebook.com\/vandravagen","article_published_time":"2015-05-01T05:00:31+00:00","og_image":[{"url":"http:\/\/blogg.svenskakyrkan.se\/vandravagen\/files\/2015\/04\/eld1.jpg","type":"","width":"","height":""}],"author":"Tomas Jarvid","twitter_card":"summary_large_image","twitter_creator":"@fadertomas","twitter_site":"@fadertomas","twitter_misc":{"Skriven av":"Tomas Jarvid","Ber\u00e4knad l\u00e4stid":"7 minuter"},"schema":{"@context":"https:\/\/schema.org","@graph":[{"@type":"Article","@id":"https:\/\/blogg.svenskakyrkan.se\/vandravagen\/2015\/05\/01\/vartal-med-mamma-mu\/#article","isPartOf":{"@id":"https:\/\/blogg.svenskakyrkan.se\/vandravagen\/2015\/05\/01\/vartal-med-mamma-mu\/"},"author":{"name":"Tomas Jarvid","@id":"https:\/\/blogg.svenskakyrkan.se\/vandravagen\/#\/schema\/person\/25da02d4f76b137d04291711e2c9fc16"},"headline":"V\u00e5rtal med Mamma Mu","datePublished":"2015-05-01T05:00:31+00:00","mainEntityOfPage":{"@id":"https:\/\/blogg.svenskakyrkan.se\/vandravagen\/2015\/05\/01\/vartal-med-mamma-mu\/"},"wordCount":1380,"commentCount":8,"publisher":{"@id":"https:\/\/blogg.svenskakyrkan.se\/vandravagen\/#organization"},"image":{"@id":"https:\/\/blogg.svenskakyrkan.se\/vandravagen\/2015\/05\/01\/vartal-med-mamma-mu\/#primaryimage"},"thumbnailUrl":"http:\/\/blogg.svenskakyrkan.se\/vandravagen\/files\/2015\/04\/eld1.jpg","articleSection":["blandat","Dagens Kyrka","tal"],"inLanguage":"sv-SE","potentialAction":[{"@type":"CommentAction","name":"Comment","target":["https:\/\/blogg.svenskakyrkan.se\/vandravagen\/2015\/05\/01\/vartal-med-mamma-mu\/#respond"]}]},{"@type":"WebPage","@id":"https:\/\/blogg.svenskakyrkan.se\/vandravagen\/2015\/05\/01\/vartal-med-mamma-mu\/","url":"https:\/\/blogg.svenskakyrkan.se\/vandravagen\/2015\/05\/01\/vartal-med-mamma-mu\/","name":"V\u00e5rtal med Mamma Mu - Vandra V\u00e4gen","isPartOf":{"@id":"https:\/\/blogg.svenskakyrkan.se\/vandravagen\/#website"},"primaryImageOfPage":{"@id":"https:\/\/blogg.svenskakyrkan.se\/vandravagen\/2015\/05\/01\/vartal-med-mamma-mu\/#primaryimage"},"image":{"@id":"https:\/\/blogg.svenskakyrkan.se\/vandravagen\/2015\/05\/01\/vartal-med-mamma-mu\/#primaryimage"},"thumbnailUrl":"http:\/\/blogg.svenskakyrkan.se\/vandravagen\/files\/2015\/04\/eld1.jpg","datePublished":"2015-05-01T05:00:31+00:00","breadcrumb":{"@id":"https:\/\/blogg.svenskakyrkan.se\/vandravagen\/2015\/05\/01\/vartal-med-mamma-mu\/#breadcrumb"},"inLanguage":"sv-SE","potentialAction":[{"@type":"ReadAction","target":["https:\/\/blogg.svenskakyrkan.se\/vandravagen\/2015\/05\/01\/vartal-med-mamma-mu\/"]}]},{"@type":"ImageObject","inLanguage":"sv-SE","@id":"https:\/\/blogg.svenskakyrkan.se\/vandravagen\/2015\/05\/01\/vartal-med-mamma-mu\/#primaryimage","url":"http:\/\/blogg.svenskakyrkan.se\/vandravagen\/files\/2015\/04\/eld1.jpg","contentUrl":"http:\/\/blogg.svenskakyrkan.se\/vandravagen\/files\/2015\/04\/eld1.jpg"},{"@type":"BreadcrumbList","@id":"https:\/\/blogg.svenskakyrkan.se\/vandravagen\/2015\/05\/01\/vartal-med-mamma-mu\/#breadcrumb","itemListElement":[{"@type":"ListItem","position":1,"name":"Hem","item":"https:\/\/blogg.svenskakyrkan.se\/vandravagen\/"},{"@type":"ListItem","position":2,"name":"V\u00e5rtal med Mamma Mu"}]},{"@type":"WebSite","@id":"https:\/\/blogg.svenskakyrkan.se\/vandravagen\/#website","url":"https:\/\/blogg.svenskakyrkan.se\/vandravagen\/","name":"Vandra V\u00e4gen","description":"-Mot en tro f\u00f6r hela livet","publisher":{"@id":"https:\/\/blogg.svenskakyrkan.se\/vandravagen\/#organization"},"potentialAction":[{"@type":"SearchAction","target":{"@type":"EntryPoint","urlTemplate":"https:\/\/blogg.svenskakyrkan.se\/vandravagen\/?s={search_term_string}"},"query-input":{"@type":"PropertyValueSpecification","valueRequired":true,"valueName":"search_term_string"}}],"inLanguage":"sv-SE"},{"@type":"Organization","@id":"https:\/\/blogg.svenskakyrkan.se\/vandravagen\/#organization","name":"ulricehamns pastorat","alternateName":"ulricehamns pastorat","url":"https:\/\/blogg.svenskakyrkan.se\/vandravagen\/","logo":{"@type":"ImageObject","inLanguage":"sv-SE","@id":"https:\/\/blogg.svenskakyrkan.se\/vandravagen\/#\/schema\/logo\/image\/","url":"https:\/\/blogg.svenskakyrkan.se\/vandravagen\/files\/2023\/05\/Ulr_logo_RGB.png","contentUrl":"https:\/\/blogg.svenskakyrkan.se\/vandravagen\/files\/2023\/05\/Ulr_logo_RGB.png","width":205,"height":77,"caption":"ulricehamns pastorat"},"image":{"@id":"https:\/\/blogg.svenskakyrkan.se\/vandravagen\/#\/schema\/logo\/image\/"},"sameAs":["http:\/\/facebook.com\/vandravagen","https:\/\/x.com\/fadertomas","http:\/\/www.facebook.com\/svenskakyrkaniulricehamn"]},{"@type":"Person","@id":"https:\/\/blogg.svenskakyrkan.se\/vandravagen\/#\/schema\/person\/25da02d4f76b137d04291711e2c9fc16","name":"Tomas Jarvid","image":{"@type":"ImageObject","inLanguage":"sv-SE","@id":"https:\/\/blogg.svenskakyrkan.se\/vandravagen\/#\/schema\/person\/image\/","url":"https:\/\/secure.gravatar.com\/avatar\/7fa71899795e8f540f615a1f5ab25255dc27aa40f05ee7ddd21aac521e01bf50?s=96&d=identicon&r=g","contentUrl":"https:\/\/secure.gravatar.com\/avatar\/7fa71899795e8f540f615a1f5ab25255dc27aa40f05ee7ddd21aac521e01bf50?s=96&d=identicon&r=g","caption":"Tomas Jarvid"},"description":"Jag bor i Ulricehamn i V\u00e4sterg\u00f6tland och \u00e4r f\u00f6rsamlingspr\u00e4st i Svenska Kyrkan f\u00f6r Dalstorps f\u00f6rsamling i Kinds pastorat. P\u00e5 den h\u00e4r bloggen skriver jag ner tankar om vandringen som kristen.","sameAs":["http:\/\/www.vandravagen.se"],"url":"https:\/\/blogg.svenskakyrkan.se\/vandravagen\/author\/vandravagen\/"}]}},"author_meta":{"ID":"392","user_nicename":"vandravagen","user_url":"http:\/\/www.vandravagen.se","user_registered":"2014-05-19 05:44:52","display_name":"Tomas Jarvid","first_name":"Tomas","last_name":"Jarvid","avatar":"https:\/\/secure.gravatar.com\/avatar\/7fa71899795e8f540f615a1f5ab25255dc27aa40f05ee7ddd21aac521e01bf50?s=96&d=identicon&r=g"},"featured_image":false,"bloginfo":{"name":"Vandra V\u00e4gen","url":"https:\/\/blogg.svenskakyrkan.se\/vandravagen"},"_links":{"self":[{"href":"https:\/\/blogg.svenskakyrkan.se\/vandravagen\/wp-json\/wp\/v2\/posts\/3024","targetHints":{"allow":["GET"]}}],"collection":[{"href":"https:\/\/blogg.svenskakyrkan.se\/vandravagen\/wp-json\/wp\/v2\/posts"}],"about":[{"href":"https:\/\/blogg.svenskakyrkan.se\/vandravagen\/wp-json\/wp\/v2\/types\/post"}],"author":[{"embeddable":true,"href":"https:\/\/blogg.svenskakyrkan.se\/vandravagen\/wp-json\/wp\/v2\/users\/392"}],"replies":[{"embeddable":true,"href":"https:\/\/blogg.svenskakyrkan.se\/vandravagen\/wp-json\/wp\/v2\/comments?post=3024"}],"version-history":[{"count":3,"href":"https:\/\/blogg.svenskakyrkan.se\/vandravagen\/wp-json\/wp\/v2\/posts\/3024\/revisions"}],"predecessor-version":[{"id":3029,"href":"https:\/\/blogg.svenskakyrkan.se\/vandravagen\/wp-json\/wp\/v2\/posts\/3024\/revisions\/3029"}],"wp:attachment":[{"href":"https:\/\/blogg.svenskakyrkan.se\/vandravagen\/wp-json\/wp\/v2\/media?parent=3024"}],"wp:term":[{"taxonomy":"category","embeddable":true,"href":"https:\/\/blogg.svenskakyrkan.se\/vandravagen\/wp-json\/wp\/v2\/categories?post=3024"},{"taxonomy":"post_tag","embeddable":true,"href":"https:\/\/blogg.svenskakyrkan.se\/vandravagen\/wp-json\/wp\/v2\/tags?post=3024"}],"curies":[{"name":"wp","href":"https:\/\/api.w.org\/{rel}","templated":true}]}}