{"id":3032,"date":"2015-05-03T07:00:14","date_gmt":"2015-05-03T05:00:14","guid":{"rendered":"http:\/\/blogg.svenskakyrkan.se\/vandravagen\/?p=3032"},"modified":"2015-05-02T22:11:56","modified_gmt":"2015-05-02T20:11:56","slug":"blandade-tankar-pa-sondagen-7","status":"publish","type":"post","link":"https:\/\/blogg.svenskakyrkan.se\/vandravagen\/2015\/05\/03\/blandade-tankar-pa-sondagen-7\/","title":{"rendered":"11 blandade tankar p\u00e5 s\u00f6ndagen"},"content":{"rendered":"<div id=\"attachment_3033\" style=\"width: 710px\" class=\"wp-caption aligncenter\"><a href=\"http:\/\/blogg.svenskakyrkan.se\/vandravagen\/files\/2015\/05\/IMG_6096.jpg\"><img loading=\"lazy\" decoding=\"async\" aria-describedby=\"caption-attachment-3033\" class=\"size-full wp-image-3033\" src=\"http:\/\/blogg.svenskakyrkan.se\/vandravagen\/files\/2015\/05\/IMG_6096.jpg\" alt=\"V\u00e4ldigt blandad bild, men uttrycksfull bild av n\u00e4r det \u00e4r lite k\u00f6rigt?\" width=\"700\" height=\"905\" srcset=\"https:\/\/blogg.svenskakyrkan.se\/vandravagen\/files\/2015\/05\/IMG_6096.jpg 700w, https:\/\/blogg.svenskakyrkan.se\/vandravagen\/files\/2015\/05\/IMG_6096-300x388.jpg 300w, https:\/\/blogg.svenskakyrkan.se\/vandravagen\/files\/2015\/05\/IMG_6096-232x300.jpg 232w\" sizes=\"auto, (max-width: 700px) 100vw, 700px\" \/><\/a><p id=\"caption-attachment-3033\" class=\"wp-caption-text\">V\u00e4ldigt blandad bild, men uttrycksfull bild av n\u00e4r det \u00e4r lite k\u00f6rigt?<\/p><\/div>\n<p>Veckan har f\u00f6rflutit lugnt med v\u00e5rtal och pr\u00e4stledighet p\u00e5 f\u00f6rsta maj. Idag v\u00e4ntar nya utmaningar. Det \u00e4r femte s\u00f6ndagen i p\u00e5sk med tema &#8221;v\u00e4xa i tro&#8221; men idag kommer det knappt m\u00e4rkas i f\u00f6rmiddagsgudstj\u00e4nsten f\u00f6r det \u00e4r annat som kommer m\u00e4rkas desto mer.<\/p>\n<p>Som en del av &#8221;v\u00e5rrundan&#8221;, en konstrunda p\u00e5 Kinnekulle, s\u00e5 ordnar f\u00f6rsamlingen en medeltidsinspirerad gudstj\u00e4nst i Husaby kyrka. Det inneb\u00e4r att vi gr\u00e4vt djupt i de medeltida hymnerna i psalmboken och att vi \u00e4ven i \u00f6vrigt f\u00f6rs\u00f6ker gestalta lite av hur det gick till i gudstj\u00e4nsterna n\u00e4r det begav sig.<\/p>\n<p>Jag tycker det \u00e4r l\u00f6jligt roligt att f\u00f6rdjupa mig i gamla liturgiska seder. \u00c4r v\u00e4l s\u00e5nt man k\u00e4nner igen pr\u00e4ster p\u00e5.<\/p>\n<p>En annan sak som \u00e4r typiskt pr\u00e4ster \u00e4r f\u00f6rresten att vara riktigt d\u00e5lig p\u00e5 att leva som man l\u00e4r. \u00c5 andra sidan &#8221;l\u00e4r&#8221; vi ju ocks\u00e5 mycket mer \u00e4n andra s\u00e5 det \u00e4r mer att leva upp till.<\/p>\n<p>Det \u00e4r m\u00f6jligt att jag \u00e5terkommer till den d\u00e4r medeltidsgudstj\u00e4nsten en annan dag, vid det laget vet vi ocks\u00e5 vi lyckades med alla m\u00e4rkliga inslag.<\/p>\n<p>Dagens evangelietext inneh\u00e5ller annars en riktigt knepig passage d\u00e4r Jesus talar om &#8221;synd, r\u00e4ttf\u00e4rdighet och dom&#8221;. Den t\u00e5l att brottas med. Jag tror de flesta uppfattar samtliga av de orden fel. G\u00f6r du?<\/p>\n<p>En annan sak som h\u00e4nt \u00e4r att vi har n\u00e5gonstans att bo i framtiden efter flytten s\u00f6derut. Det \u00e4r verkligen en l\u00e4ttnad.<\/p>\n<p>\u00c4nnu en sak som h\u00e4nt \u00e4r att vi kom in i \u00d6sterplana kyrka ig\u00e5r. Den ligger mitt p\u00e5 Kinnekulle och \u00e4r annars alltid st\u00e4ngd men nu var den \u00f6ppen i samband med v\u00e5rrundan. Det var roligt att komma in men luftkvaliten sade mig att den nog inte l\u00e4r \u00f6ppnas s\u00e5 mycket i framtiden heller, det k\u00e4ndes inte direkt h\u00e4lsosamt att andas d\u00e4r ens en kort stund.<\/p>\n<p>Jag har unders\u00f6kt vidare och kommit p\u00e5 att det \u00e4r ganska m\u00e5nga fler \u00e4n den d\u00e4r stackars ensamma ryssen som l\u00e4ser bloggen. Det tycker jag var roligt. S\u00e4rskilt kul att just du l\u00e4ser f\u00f6rst\u00e5s!<\/p>\n<p>Ig\u00e5r talade jag med konfirmanderna om k\u00e4rlek och parrelationer. Det \u00e4r riktigt knepigt \u00e4mne men jag m\u00e4rker att jag blir modigare f\u00f6r varje g\u00e5ng. Det \u00e4r verkligen ett omr\u00e5de d\u00e4r jag tror vi m\u00e5ste jobba h\u00e5rt p\u00e5 att vara en motr\u00f6st till mycket.<\/p>\n<p>Och till dig som misstolkar den f\u00f6rra punkten s\u00e5 \u00e4r jag inte alls religi\u00f6s stolle eller s\u00e5 som vill tvinga p\u00e5 andra min agenda. Eh, jag vill bara ber\u00e4tta lite om b\u00e4ttre s\u00e4tt att t\u00e4nka. Eh, eller s\u00e5.<\/p>\n<p>Det f\u00e5r vara allt f\u00f6r idag. Jag \u00f6nskar dig en sk\u00f6n s\u00f6ndag. Skriv g\u00e4rna en rad om hur din dag ser ut i kommentarsf\u00e4ltet. Det vore trevligt!<\/p>\n<p>&nbsp;<\/p>\n<p>&nbsp;<\/p>\n","protected":false},"excerpt":{"rendered":"<p>Veckan har f\u00f6rflutit lugnt med v\u00e5rtal och pr\u00e4stledighet p\u00e5 f\u00f6rsta maj. Idag v\u00e4ntar nya utmaningar. Det \u00e4r femte s\u00f6ndagen i p\u00e5sk med tema &#8221;v\u00e4xa i tro&#8221; men idag kommer det knappt m\u00e4rkas i f\u00f6rmiddagsgudstj\u00e4nsten f\u00f6r det \u00e4r annat som kommer m\u00e4rkas desto mer. Som en del av &#8221;v\u00e5rrundan&#8221;, en konstrunda p\u00e5 Kinnekulle, s\u00e5 ordnar f\u00f6rsamlingen [&hellip;]<\/p>\n","protected":false},"author":392,"featured_media":0,"comment_status":"open","ping_status":"open","sticky":false,"template":"","format":"standard","meta":{"_acf_changed":false,"footnotes":""},"categories":[76766,76189],"tags":[],"class_list":["post-3032","post","type-post","status-publish","format-standard","hentry","category-blandat","category-dagens-kyrka"],"acf":[],"yoast_head":"<!-- This site is optimized with the Yoast SEO plugin v27.1.1 - https:\/\/yoast.com\/product\/yoast-seo-wordpress\/ -->\n<title>11 blandade tankar p\u00e5 s\u00f6ndagen - Vandra V\u00e4gen<\/title>\n<meta name=\"robots\" content=\"index, follow, max-snippet:-1, max-image-preview:large, max-video-preview:-1\" \/>\n<link rel=\"canonical\" href=\"https:\/\/blogg.svenskakyrkan.se\/vandravagen\/2015\/05\/03\/blandade-tankar-pa-sondagen-7\/\" \/>\n<meta property=\"og:locale\" content=\"sv_SE\" \/>\n<meta property=\"og:type\" content=\"article\" \/>\n<meta property=\"og:title\" content=\"11 blandade tankar p\u00e5 s\u00f6ndagen - Vandra V\u00e4gen\" \/>\n<meta property=\"og:description\" content=\"Veckan har f\u00f6rflutit lugnt med v\u00e5rtal och pr\u00e4stledighet p\u00e5 f\u00f6rsta maj. Idag v\u00e4ntar nya utmaningar. Det \u00e4r femte s\u00f6ndagen i p\u00e5sk med tema &#8221;v\u00e4xa i tro&#8221; men idag kommer det knappt m\u00e4rkas i f\u00f6rmiddagsgudstj\u00e4nsten f\u00f6r det \u00e4r annat som kommer m\u00e4rkas desto mer. Som en del av &#8221;v\u00e5rrundan&#8221;, en konstrunda p\u00e5 Kinnekulle, s\u00e5 ordnar f\u00f6rsamlingen [&hellip;]\" \/>\n<meta property=\"og:url\" content=\"https:\/\/blogg.svenskakyrkan.se\/vandravagen\/2015\/05\/03\/blandade-tankar-pa-sondagen-7\/\" \/>\n<meta property=\"og:site_name\" content=\"Vandra V\u00e4gen\" \/>\n<meta property=\"article:publisher\" content=\"http:\/\/facebook.com\/vandravagen\" \/>\n<meta property=\"article:published_time\" content=\"2015-05-03T05:00:14+00:00\" \/>\n<meta property=\"og:image\" content=\"http:\/\/blogg.svenskakyrkan.se\/vandravagen\/files\/2015\/05\/IMG_6096.jpg\" \/>\n<meta name=\"author\" content=\"Tomas Jarvid\" \/>\n<meta name=\"twitter:card\" content=\"summary_large_image\" \/>\n<meta name=\"twitter:creator\" content=\"@fadertomas\" \/>\n<meta name=\"twitter:site\" content=\"@fadertomas\" \/>\n<meta name=\"twitter:label1\" content=\"Skriven av\" \/>\n\t<meta name=\"twitter:data1\" content=\"Tomas Jarvid\" \/>\n\t<meta name=\"twitter:label2\" content=\"Ber\u00e4knad l\u00e4stid\" \/>\n\t<meta name=\"twitter:data2\" content=\"3 minuter\" \/>\n<script type=\"application\/ld+json\" class=\"yoast-schema-graph\">{\"@context\":\"https:\/\/schema.org\",\"@graph\":[{\"@type\":\"Article\",\"@id\":\"https:\/\/blogg.svenskakyrkan.se\/vandravagen\/2015\/05\/03\/blandade-tankar-pa-sondagen-7\/#article\",\"isPartOf\":{\"@id\":\"https:\/\/blogg.svenskakyrkan.se\/vandravagen\/2015\/05\/03\/blandade-tankar-pa-sondagen-7\/\"},\"author\":{\"name\":\"Tomas Jarvid\",\"@id\":\"https:\/\/blogg.svenskakyrkan.se\/vandravagen\/#\/schema\/person\/25da02d4f76b137d04291711e2c9fc16\"},\"headline\":\"11 blandade tankar p\u00e5 s\u00f6ndagen\",\"datePublished\":\"2015-05-03T05:00:14+00:00\",\"mainEntityOfPage\":{\"@id\":\"https:\/\/blogg.svenskakyrkan.se\/vandravagen\/2015\/05\/03\/blandade-tankar-pa-sondagen-7\/\"},\"wordCount\":553,\"commentCount\":2,\"publisher\":{\"@id\":\"https:\/\/blogg.svenskakyrkan.se\/vandravagen\/#organization\"},\"image\":{\"@id\":\"https:\/\/blogg.svenskakyrkan.se\/vandravagen\/2015\/05\/03\/blandade-tankar-pa-sondagen-7\/#primaryimage\"},\"thumbnailUrl\":\"http:\/\/blogg.svenskakyrkan.se\/vandravagen\/files\/2015\/05\/IMG_6096.jpg\",\"articleSection\":[\"blandat\",\"Dagens Kyrka\"],\"inLanguage\":\"sv-SE\",\"potentialAction\":[{\"@type\":\"CommentAction\",\"name\":\"Comment\",\"target\":[\"https:\/\/blogg.svenskakyrkan.se\/vandravagen\/2015\/05\/03\/blandade-tankar-pa-sondagen-7\/#respond\"]}]},{\"@type\":\"WebPage\",\"@id\":\"https:\/\/blogg.svenskakyrkan.se\/vandravagen\/2015\/05\/03\/blandade-tankar-pa-sondagen-7\/\",\"url\":\"https:\/\/blogg.svenskakyrkan.se\/vandravagen\/2015\/05\/03\/blandade-tankar-pa-sondagen-7\/\",\"name\":\"11 blandade tankar p\u00e5 s\u00f6ndagen - Vandra V\u00e4gen\",\"isPartOf\":{\"@id\":\"https:\/\/blogg.svenskakyrkan.se\/vandravagen\/#website\"},\"primaryImageOfPage\":{\"@id\":\"https:\/\/blogg.svenskakyrkan.se\/vandravagen\/2015\/05\/03\/blandade-tankar-pa-sondagen-7\/#primaryimage\"},\"image\":{\"@id\":\"https:\/\/blogg.svenskakyrkan.se\/vandravagen\/2015\/05\/03\/blandade-tankar-pa-sondagen-7\/#primaryimage\"},\"thumbnailUrl\":\"http:\/\/blogg.svenskakyrkan.se\/vandravagen\/files\/2015\/05\/IMG_6096.jpg\",\"datePublished\":\"2015-05-03T05:00:14+00:00\",\"breadcrumb\":{\"@id\":\"https:\/\/blogg.svenskakyrkan.se\/vandravagen\/2015\/05\/03\/blandade-tankar-pa-sondagen-7\/#breadcrumb\"},\"inLanguage\":\"sv-SE\",\"potentialAction\":[{\"@type\":\"ReadAction\",\"target\":[\"https:\/\/blogg.svenskakyrkan.se\/vandravagen\/2015\/05\/03\/blandade-tankar-pa-sondagen-7\/\"]}]},{\"@type\":\"ImageObject\",\"inLanguage\":\"sv-SE\",\"@id\":\"https:\/\/blogg.svenskakyrkan.se\/vandravagen\/2015\/05\/03\/blandade-tankar-pa-sondagen-7\/#primaryimage\",\"url\":\"http:\/\/blogg.svenskakyrkan.se\/vandravagen\/files\/2015\/05\/IMG_6096.jpg\",\"contentUrl\":\"http:\/\/blogg.svenskakyrkan.se\/vandravagen\/files\/2015\/05\/IMG_6096.jpg\"},{\"@type\":\"BreadcrumbList\",\"@id\":\"https:\/\/blogg.svenskakyrkan.se\/vandravagen\/2015\/05\/03\/blandade-tankar-pa-sondagen-7\/#breadcrumb\",\"itemListElement\":[{\"@type\":\"ListItem\",\"position\":1,\"name\":\"Hem\",\"item\":\"https:\/\/blogg.svenskakyrkan.se\/vandravagen\/\"},{\"@type\":\"ListItem\",\"position\":2,\"name\":\"11 blandade tankar p\u00e5 s\u00f6ndagen\"}]},{\"@type\":\"WebSite\",\"@id\":\"https:\/\/blogg.svenskakyrkan.se\/vandravagen\/#website\",\"url\":\"https:\/\/blogg.svenskakyrkan.se\/vandravagen\/\",\"name\":\"Vandra V\u00e4gen\",\"description\":\"-Mot en tro f\u00f6r hela livet\",\"publisher\":{\"@id\":\"https:\/\/blogg.svenskakyrkan.se\/vandravagen\/#organization\"},\"potentialAction\":[{\"@type\":\"SearchAction\",\"target\":{\"@type\":\"EntryPoint\",\"urlTemplate\":\"https:\/\/blogg.svenskakyrkan.se\/vandravagen\/?s={search_term_string}\"},\"query-input\":{\"@type\":\"PropertyValueSpecification\",\"valueRequired\":true,\"valueName\":\"search_term_string\"}}],\"inLanguage\":\"sv-SE\"},{\"@type\":\"Organization\",\"@id\":\"https:\/\/blogg.svenskakyrkan.se\/vandravagen\/#organization\",\"name\":\"ulricehamns pastorat\",\"alternateName\":\"ulricehamns pastorat\",\"url\":\"https:\/\/blogg.svenskakyrkan.se\/vandravagen\/\",\"logo\":{\"@type\":\"ImageObject\",\"inLanguage\":\"sv-SE\",\"@id\":\"https:\/\/blogg.svenskakyrkan.se\/vandravagen\/#\/schema\/logo\/image\/\",\"url\":\"https:\/\/blogg.svenskakyrkan.se\/vandravagen\/files\/2023\/05\/Ulr_logo_RGB.png\",\"contentUrl\":\"https:\/\/blogg.svenskakyrkan.se\/vandravagen\/files\/2023\/05\/Ulr_logo_RGB.png\",\"width\":205,\"height\":77,\"caption\":\"ulricehamns pastorat\"},\"image\":{\"@id\":\"https:\/\/blogg.svenskakyrkan.se\/vandravagen\/#\/schema\/logo\/image\/\"},\"sameAs\":[\"http:\/\/facebook.com\/vandravagen\",\"https:\/\/x.com\/fadertomas\",\"http:\/\/www.facebook.com\/svenskakyrkaniulricehamn\"]},{\"@type\":\"Person\",\"@id\":\"https:\/\/blogg.svenskakyrkan.se\/vandravagen\/#\/schema\/person\/25da02d4f76b137d04291711e2c9fc16\",\"name\":\"Tomas Jarvid\",\"image\":{\"@type\":\"ImageObject\",\"inLanguage\":\"sv-SE\",\"@id\":\"https:\/\/blogg.svenskakyrkan.se\/vandravagen\/#\/schema\/person\/image\/\",\"url\":\"https:\/\/secure.gravatar.com\/avatar\/7fa71899795e8f540f615a1f5ab25255dc27aa40f05ee7ddd21aac521e01bf50?s=96&d=identicon&r=g\",\"contentUrl\":\"https:\/\/secure.gravatar.com\/avatar\/7fa71899795e8f540f615a1f5ab25255dc27aa40f05ee7ddd21aac521e01bf50?s=96&d=identicon&r=g\",\"caption\":\"Tomas Jarvid\"},\"description\":\"Jag bor i Ulricehamn i V\u00e4sterg\u00f6tland och \u00e4r f\u00f6rsamlingspr\u00e4st i Svenska Kyrkan f\u00f6r Dalstorps f\u00f6rsamling i Kinds pastorat. P\u00e5 den h\u00e4r bloggen skriver jag ner tankar om vandringen som kristen.\",\"sameAs\":[\"http:\/\/www.vandravagen.se\"],\"url\":\"https:\/\/blogg.svenskakyrkan.se\/vandravagen\/author\/vandravagen\/\"}]}<\/script>\n<!-- \/ Yoast SEO plugin. -->","yoast_head_json":{"title":"11 blandade tankar p\u00e5 s\u00f6ndagen - Vandra V\u00e4gen","robots":{"index":"index","follow":"follow","max-snippet":"max-snippet:-1","max-image-preview":"max-image-preview:large","max-video-preview":"max-video-preview:-1"},"canonical":"https:\/\/blogg.svenskakyrkan.se\/vandravagen\/2015\/05\/03\/blandade-tankar-pa-sondagen-7\/","og_locale":"sv_SE","og_type":"article","og_title":"11 blandade tankar p\u00e5 s\u00f6ndagen - Vandra V\u00e4gen","og_description":"Veckan har f\u00f6rflutit lugnt med v\u00e5rtal och pr\u00e4stledighet p\u00e5 f\u00f6rsta maj. Idag v\u00e4ntar nya utmaningar. Det \u00e4r femte s\u00f6ndagen i p\u00e5sk med tema &#8221;v\u00e4xa i tro&#8221; men idag kommer det knappt m\u00e4rkas i f\u00f6rmiddagsgudstj\u00e4nsten f\u00f6r det \u00e4r annat som kommer m\u00e4rkas desto mer. Som en del av &#8221;v\u00e5rrundan&#8221;, en konstrunda p\u00e5 Kinnekulle, s\u00e5 ordnar f\u00f6rsamlingen [&hellip;]","og_url":"https:\/\/blogg.svenskakyrkan.se\/vandravagen\/2015\/05\/03\/blandade-tankar-pa-sondagen-7\/","og_site_name":"Vandra V\u00e4gen","article_publisher":"http:\/\/facebook.com\/vandravagen","article_published_time":"2015-05-03T05:00:14+00:00","og_image":[{"url":"http:\/\/blogg.svenskakyrkan.se\/vandravagen\/files\/2015\/05\/IMG_6096.jpg","type":"","width":"","height":""}],"author":"Tomas Jarvid","twitter_card":"summary_large_image","twitter_creator":"@fadertomas","twitter_site":"@fadertomas","twitter_misc":{"Skriven av":"Tomas Jarvid","Ber\u00e4knad l\u00e4stid":"3 minuter"},"schema":{"@context":"https:\/\/schema.org","@graph":[{"@type":"Article","@id":"https:\/\/blogg.svenskakyrkan.se\/vandravagen\/2015\/05\/03\/blandade-tankar-pa-sondagen-7\/#article","isPartOf":{"@id":"https:\/\/blogg.svenskakyrkan.se\/vandravagen\/2015\/05\/03\/blandade-tankar-pa-sondagen-7\/"},"author":{"name":"Tomas Jarvid","@id":"https:\/\/blogg.svenskakyrkan.se\/vandravagen\/#\/schema\/person\/25da02d4f76b137d04291711e2c9fc16"},"headline":"11 blandade tankar p\u00e5 s\u00f6ndagen","datePublished":"2015-05-03T05:00:14+00:00","mainEntityOfPage":{"@id":"https:\/\/blogg.svenskakyrkan.se\/vandravagen\/2015\/05\/03\/blandade-tankar-pa-sondagen-7\/"},"wordCount":553,"commentCount":2,"publisher":{"@id":"https:\/\/blogg.svenskakyrkan.se\/vandravagen\/#organization"},"image":{"@id":"https:\/\/blogg.svenskakyrkan.se\/vandravagen\/2015\/05\/03\/blandade-tankar-pa-sondagen-7\/#primaryimage"},"thumbnailUrl":"http:\/\/blogg.svenskakyrkan.se\/vandravagen\/files\/2015\/05\/IMG_6096.jpg","articleSection":["blandat","Dagens Kyrka"],"inLanguage":"sv-SE","potentialAction":[{"@type":"CommentAction","name":"Comment","target":["https:\/\/blogg.svenskakyrkan.se\/vandravagen\/2015\/05\/03\/blandade-tankar-pa-sondagen-7\/#respond"]}]},{"@type":"WebPage","@id":"https:\/\/blogg.svenskakyrkan.se\/vandravagen\/2015\/05\/03\/blandade-tankar-pa-sondagen-7\/","url":"https:\/\/blogg.svenskakyrkan.se\/vandravagen\/2015\/05\/03\/blandade-tankar-pa-sondagen-7\/","name":"11 blandade tankar p\u00e5 s\u00f6ndagen - Vandra V\u00e4gen","isPartOf":{"@id":"https:\/\/blogg.svenskakyrkan.se\/vandravagen\/#website"},"primaryImageOfPage":{"@id":"https:\/\/blogg.svenskakyrkan.se\/vandravagen\/2015\/05\/03\/blandade-tankar-pa-sondagen-7\/#primaryimage"},"image":{"@id":"https:\/\/blogg.svenskakyrkan.se\/vandravagen\/2015\/05\/03\/blandade-tankar-pa-sondagen-7\/#primaryimage"},"thumbnailUrl":"http:\/\/blogg.svenskakyrkan.se\/vandravagen\/files\/2015\/05\/IMG_6096.jpg","datePublished":"2015-05-03T05:00:14+00:00","breadcrumb":{"@id":"https:\/\/blogg.svenskakyrkan.se\/vandravagen\/2015\/05\/03\/blandade-tankar-pa-sondagen-7\/#breadcrumb"},"inLanguage":"sv-SE","potentialAction":[{"@type":"ReadAction","target":["https:\/\/blogg.svenskakyrkan.se\/vandravagen\/2015\/05\/03\/blandade-tankar-pa-sondagen-7\/"]}]},{"@type":"ImageObject","inLanguage":"sv-SE","@id":"https:\/\/blogg.svenskakyrkan.se\/vandravagen\/2015\/05\/03\/blandade-tankar-pa-sondagen-7\/#primaryimage","url":"http:\/\/blogg.svenskakyrkan.se\/vandravagen\/files\/2015\/05\/IMG_6096.jpg","contentUrl":"http:\/\/blogg.svenskakyrkan.se\/vandravagen\/files\/2015\/05\/IMG_6096.jpg"},{"@type":"BreadcrumbList","@id":"https:\/\/blogg.svenskakyrkan.se\/vandravagen\/2015\/05\/03\/blandade-tankar-pa-sondagen-7\/#breadcrumb","itemListElement":[{"@type":"ListItem","position":1,"name":"Hem","item":"https:\/\/blogg.svenskakyrkan.se\/vandravagen\/"},{"@type":"ListItem","position":2,"name":"11 blandade tankar p\u00e5 s\u00f6ndagen"}]},{"@type":"WebSite","@id":"https:\/\/blogg.svenskakyrkan.se\/vandravagen\/#website","url":"https:\/\/blogg.svenskakyrkan.se\/vandravagen\/","name":"Vandra V\u00e4gen","description":"-Mot en tro f\u00f6r hela livet","publisher":{"@id":"https:\/\/blogg.svenskakyrkan.se\/vandravagen\/#organization"},"potentialAction":[{"@type":"SearchAction","target":{"@type":"EntryPoint","urlTemplate":"https:\/\/blogg.svenskakyrkan.se\/vandravagen\/?s={search_term_string}"},"query-input":{"@type":"PropertyValueSpecification","valueRequired":true,"valueName":"search_term_string"}}],"inLanguage":"sv-SE"},{"@type":"Organization","@id":"https:\/\/blogg.svenskakyrkan.se\/vandravagen\/#organization","name":"ulricehamns pastorat","alternateName":"ulricehamns pastorat","url":"https:\/\/blogg.svenskakyrkan.se\/vandravagen\/","logo":{"@type":"ImageObject","inLanguage":"sv-SE","@id":"https:\/\/blogg.svenskakyrkan.se\/vandravagen\/#\/schema\/logo\/image\/","url":"https:\/\/blogg.svenskakyrkan.se\/vandravagen\/files\/2023\/05\/Ulr_logo_RGB.png","contentUrl":"https:\/\/blogg.svenskakyrkan.se\/vandravagen\/files\/2023\/05\/Ulr_logo_RGB.png","width":205,"height":77,"caption":"ulricehamns pastorat"},"image":{"@id":"https:\/\/blogg.svenskakyrkan.se\/vandravagen\/#\/schema\/logo\/image\/"},"sameAs":["http:\/\/facebook.com\/vandravagen","https:\/\/x.com\/fadertomas","http:\/\/www.facebook.com\/svenskakyrkaniulricehamn"]},{"@type":"Person","@id":"https:\/\/blogg.svenskakyrkan.se\/vandravagen\/#\/schema\/person\/25da02d4f76b137d04291711e2c9fc16","name":"Tomas Jarvid","image":{"@type":"ImageObject","inLanguage":"sv-SE","@id":"https:\/\/blogg.svenskakyrkan.se\/vandravagen\/#\/schema\/person\/image\/","url":"https:\/\/secure.gravatar.com\/avatar\/7fa71899795e8f540f615a1f5ab25255dc27aa40f05ee7ddd21aac521e01bf50?s=96&d=identicon&r=g","contentUrl":"https:\/\/secure.gravatar.com\/avatar\/7fa71899795e8f540f615a1f5ab25255dc27aa40f05ee7ddd21aac521e01bf50?s=96&d=identicon&r=g","caption":"Tomas Jarvid"},"description":"Jag bor i Ulricehamn i V\u00e4sterg\u00f6tland och \u00e4r f\u00f6rsamlingspr\u00e4st i Svenska Kyrkan f\u00f6r Dalstorps f\u00f6rsamling i Kinds pastorat. P\u00e5 den h\u00e4r bloggen skriver jag ner tankar om vandringen som kristen.","sameAs":["http:\/\/www.vandravagen.se"],"url":"https:\/\/blogg.svenskakyrkan.se\/vandravagen\/author\/vandravagen\/"}]}},"author_meta":{"ID":"392","user_nicename":"vandravagen","user_url":"http:\/\/www.vandravagen.se","user_registered":"2014-05-19 05:44:52","display_name":"Tomas Jarvid","first_name":"Tomas","last_name":"Jarvid","avatar":"https:\/\/secure.gravatar.com\/avatar\/7fa71899795e8f540f615a1f5ab25255dc27aa40f05ee7ddd21aac521e01bf50?s=96&d=identicon&r=g"},"featured_image":false,"bloginfo":{"name":"Vandra V\u00e4gen","url":"https:\/\/blogg.svenskakyrkan.se\/vandravagen"},"_links":{"self":[{"href":"https:\/\/blogg.svenskakyrkan.se\/vandravagen\/wp-json\/wp\/v2\/posts\/3032","targetHints":{"allow":["GET"]}}],"collection":[{"href":"https:\/\/blogg.svenskakyrkan.se\/vandravagen\/wp-json\/wp\/v2\/posts"}],"about":[{"href":"https:\/\/blogg.svenskakyrkan.se\/vandravagen\/wp-json\/wp\/v2\/types\/post"}],"author":[{"embeddable":true,"href":"https:\/\/blogg.svenskakyrkan.se\/vandravagen\/wp-json\/wp\/v2\/users\/392"}],"replies":[{"embeddable":true,"href":"https:\/\/blogg.svenskakyrkan.se\/vandravagen\/wp-json\/wp\/v2\/comments?post=3032"}],"version-history":[{"count":2,"href":"https:\/\/blogg.svenskakyrkan.se\/vandravagen\/wp-json\/wp\/v2\/posts\/3032\/revisions"}],"predecessor-version":[{"id":3035,"href":"https:\/\/blogg.svenskakyrkan.se\/vandravagen\/wp-json\/wp\/v2\/posts\/3032\/revisions\/3035"}],"wp:attachment":[{"href":"https:\/\/blogg.svenskakyrkan.se\/vandravagen\/wp-json\/wp\/v2\/media?parent=3032"}],"wp:term":[{"taxonomy":"category","embeddable":true,"href":"https:\/\/blogg.svenskakyrkan.se\/vandravagen\/wp-json\/wp\/v2\/categories?post=3032"},{"taxonomy":"post_tag","embeddable":true,"href":"https:\/\/blogg.svenskakyrkan.se\/vandravagen\/wp-json\/wp\/v2\/tags?post=3032"}],"curies":[{"name":"wp","href":"https:\/\/api.w.org\/{rel}","templated":true}]}}