{"id":3039,"date":"2015-05-09T07:00:55","date_gmt":"2015-05-09T05:00:55","guid":{"rendered":"http:\/\/blogg.svenskakyrkan.se\/vandravagen\/?p=3039"},"modified":"2015-05-08T13:36:14","modified_gmt":"2015-05-08T11:36:14","slug":"har-alla-en-kallelse","status":"publish","type":"post","link":"https:\/\/blogg.svenskakyrkan.se\/vandravagen\/2015\/05\/09\/har-alla-en-kallelse\/","title":{"rendered":"Har alla en kallelse?"},"content":{"rendered":"<p>&nbsp;<\/p>\n<div id=\"attachment_3053\" style=\"width: 465px\" class=\"wp-caption aligncenter\"><a href=\"http:\/\/blogg.svenskakyrkan.se\/vandravagen\/files\/2015\/05\/IMG_6093.jpg\"><img loading=\"lazy\" decoding=\"async\" aria-describedby=\"caption-attachment-3053\" class=\"size-full wp-image-3053\" src=\"http:\/\/blogg.svenskakyrkan.se\/vandravagen\/files\/2015\/05\/IMG_6093.jpg\" alt=\"En valkyria fr\u00e5n n\u00e5gon Wagneropera. F\u00f6rmodligen bunden av ett of\u00f6r\u00e4nderligt \u00f6de. Men s\u00e5 beh\u00f6ver vi inte se det!\" width=\"455\" height=\"619\" srcset=\"https:\/\/blogg.svenskakyrkan.se\/vandravagen\/files\/2015\/05\/IMG_6093.jpg 455w, https:\/\/blogg.svenskakyrkan.se\/vandravagen\/files\/2015\/05\/IMG_6093-300x408.jpg 300w, https:\/\/blogg.svenskakyrkan.se\/vandravagen\/files\/2015\/05\/IMG_6093-221x300.jpg 221w\" sizes=\"auto, (max-width: 455px) 100vw, 455px\" \/><\/a><p id=\"caption-attachment-3053\" class=\"wp-caption-text\">En valkyria fr\u00e5n n\u00e5gon Wagneropera. F\u00f6rmodligen bunden av ett of\u00f6r\u00e4nderligt \u00f6de. Men s\u00e5 beh\u00f6ver vi inte se det!<\/p><\/div>\n<p>Jag skrev h\u00e4romdagen om <a href=\"http:\/\/blogg.svenskakyrkan.se\/vandravagen\/2015\/05\/04\/nagra-tankar-om-nyfikenhet\/\">n\u00e5gra tankar om nyfikenhet <\/a>som v\u00e4cktes n\u00e4r jag fick lyssna p\u00e5 Patricia Tudor Sandahl p\u00e5 sk\u00e4rtorsdagen. Jag har faktiskt en till tanke fr\u00e5n samma tillf\u00e4lle s\u00e5 den t\u00e4nkte jag dela med dig nu.<\/p>\n<p>Patricia Tudor Sandahl talade om olika s\u00e4tt att se p\u00e5 uppgifter. Hon verkar vara f\u00f6rtjust i ords betydelse s\u00e5 hon b\u00f6rjade med att bena ut skillnaden mellan &#8221;jobb&#8221; (fr\u00e5n b\u00f6rjan avses en r\u00e4tt simpel avgr\u00e4nsad uppgift), &#8221;arbete&#8221; (n\u00e5got som mer \u00e4r riktat mot ett m\u00e5l man vill uppn\u00e5),\u00a0kanske ytterligare n\u00e5gon punkt emellan och sedan talade hon allts\u00e5 om &#8221;kallelse&#8221; (f\u00f6r l\u00e4nge sedan skrev jag h\u00e4r om &#8221;<a href=\"http:\/\/blogg.svenskakyrkan.se\/vandravagen\/2013\/03\/26\/x-men-kallelsen-och-guds-folk\/\">X-men, kallelsen och Guds folk&#8221;<\/a>, l\u00e4s g\u00e4rna det).<\/p>\n<p>Man kan tycka att &#8221;kallelse&#8221; \u00e4r ett ord som bara anv\u00e4nds om kyrkliga tj\u00e4nster som pr\u00e4st eller diakon men f\u00f6rr talade man oftare om (en del) yrken som &#8221;kall&#8221;. Sjuksk\u00f6terska eller l\u00e4rarinna till exempel.<\/p>\n<p>Som Patricia s\u00e5g det, och som jag ser det, s\u00e5 \u00e4r det betydligt mer \u00e4n s\u00e5 i ordet. Alla m\u00e4nniskor har en kallelse. Det har inte fr\u00e4mst att g\u00f6ra med yrkesval utan mer med vilka vi i grunden \u00e4r.<\/p>\n<p>Som kristen t\u00e4nker jag att Gud lagt ner olika f\u00f6rm\u00e5gor i olika m\u00e4nniskor. N\u00e4r vi r\u00f6r oss mot att vara de vi \u00e4r skapade till att vara och lever ut v\u00e5ra g\u00e5vor i den konkreta situation vi lever i kan man s\u00e4ga att vi g\u00f6r det vi \u00e4r kallade till. Att unders\u00f6ka sin kallelse h\u00e4nger d\u00e5 samman med att unders\u00f6ka vem jag \u00e4r som Guds barn. Och det g\u00e4ller ju alla.<\/p>\n<p>Kristen tro handlar s\u00e5 att s\u00e4ga inte bara om vad vi ska g\u00f6ra utan om att uppt\u00e4cka vem vi \u00e4r som skapade av Gud och f\u00f6rdjupas i den identiteten. I detta ing\u00e5r f\u00f6rst\u00e5s att leva ut den i v\u00e5ra liv.<\/p>\n<p>Det h\u00e4r \u00e4r ett perspektiv jag ser varstans i bibeln. Det \u00e4r s\u00e4llan vi f\u00e5r s\u00e4rskilt tydliga besked om hur man ska handla i olika situationer, d\u00e4remot handlar det mycket om hur andra som handlar utifr\u00e5n sin gemenskap med Gud handlar. Vi m\u00e5ste p\u00e5 n\u00e5got s\u00e4tt bli en s\u00e5dan som \u00e4lskar Gud och v\u00e5r n\u00e4sta, vad vi sedan g\u00f6r har vi stor frihet i.<\/p>\n<p>Vi kan vara till hj\u00e4lp f\u00f6r andra till att leva ut sin kallelse, eller s\u00e5 kan vi g\u00f6ra det sv\u00e5rare. I v\u00e5rt moderna yrkesliv vill man g\u00e4rna likrikta hur alla arbetsuppgifter utf\u00f6rs och det g\u00f6r det rimligen sv\u00e5rare att ha med sig sj\u00e4lv i det man g\u00f6r. Vi kan ocks\u00e5 g\u00f6ra det l\u00e4tt f\u00f6r andra genom att g\u00e5 med p\u00e5 att de har en annan v\u00e4g \u00e4n jag sj\u00e4lv. Vi m\u00e5ste inte vara lika.<\/p>\n<p>\u00c4r det bra att t\u00e4nka sig att det finns en f\u00e4rdig v\u00e4g f\u00f6r varje m\u00e4nniska? Det \u00e4r en ber\u00e4ttigad fr\u00e5ga. <strong>S\u00e4ger kristen tro att vi har ett &#8221;\u00f6de&#8221;<\/strong> vi m\u00e5ste finna oss i?<\/p>\n<div id=\"attachment_3058\" style=\"width: 650px\" class=\"wp-caption aligncenter\"><a href=\"http:\/\/blogg.svenskakyrkan.se\/vandravagen\/files\/2015\/05\/patricia.jpg\"><img loading=\"lazy\" decoding=\"async\" aria-describedby=\"caption-attachment-3058\" class=\"size-full wp-image-3058\" src=\"http:\/\/blogg.svenskakyrkan.se\/vandravagen\/files\/2015\/05\/patricia.jpg\" alt=\"Patricia Tudor Sandahl\" width=\"640\" height=\"356\" srcset=\"https:\/\/blogg.svenskakyrkan.se\/vandravagen\/files\/2015\/05\/patricia.jpg 640w, https:\/\/blogg.svenskakyrkan.se\/vandravagen\/files\/2015\/05\/patricia-300x167.jpg 300w, https:\/\/blogg.svenskakyrkan.se\/vandravagen\/files\/2015\/05\/patricia-500x278.jpg 500w\" sizes=\"auto, (max-width: 640px) 100vw, 640px\" \/><\/a><p id=\"caption-attachment-3058\" class=\"wp-caption-text\">Patricia Tudor Sandahl<\/p><\/div>\n<p>Patricia Tudor Sandahl gr\u00e4vde \u00e4n en g\u00e5ng i orden och skilde mellan de engelska orden &#8221;fate&#8221; (som fr\u00e5n b\u00f6rjan handlar om s\u00e5nt siare s\u00e4ger om ens \u00f6de) och &#8221;destiny&#8221; (vilket f\u00f6rst\u00e5s har med destination och m\u00e5l att g\u00f6ra&#8221;.<\/p>\n<p>Man kan s\u00e4tta in dem i en mening av typen:<\/p>\n<div>\n<blockquote>\n<p>&#8221;Han var f\u00f6rutbest\u00e4md (destiny) till att x men hans \u00f6de (fate) blev y.&#8221;<\/p>\n<\/blockquote>\n<p>Kristen tro m\u00e4rkte tidigt ut sig genom att bryta med den ganska skoningsl\u00f6sa \u00f6destron. D\u00e4remot \u00e4r det n\u00e5got helt annat att det finns ett m\u00e5l med livet. <strong>M\u00e5l och mening<\/strong> h\u00f6r ju ihop. Livet blir d\u00e5 mer som en skatts\u00f6karf\u00e4rd \u00e4n som en f\u00e4rdig film och det blir m\u00f6jligt att f\u00e5 ihop livet som det \u00e4r med det faktum att Gud har goda avsikter f\u00f6r v\u00e5ra liv.<\/p>\n<p>Vad tror du om det h\u00e4r resonemanget? St\u00e4mmer det med ditt s\u00e4tt att se p\u00e5 livsv\u00e4gen? Skriv en kommentar!<\/p>\n<\/div>\n","protected":false},"excerpt":{"rendered":"<p>&nbsp; Jag skrev h\u00e4romdagen om n\u00e5gra tankar om nyfikenhet som v\u00e4cktes n\u00e4r jag fick lyssna p\u00e5 Patricia Tudor Sandahl p\u00e5 sk\u00e4rtorsdagen. Jag har faktiskt en till tanke fr\u00e5n samma tillf\u00e4lle s\u00e5 den t\u00e4nkte jag dela med dig nu. Patricia Tudor Sandahl talade om olika s\u00e4tt att se p\u00e5 uppgifter. Hon verkar vara f\u00f6rtjust i ords [&hellip;]<\/p>\n","protected":false},"author":392,"featured_media":0,"comment_status":"open","ping_status":"open","sticky":false,"template":"","format":"standard","meta":{"_acf_changed":false,"footnotes":""},"categories":[75887,76189,45265,117],"tags":[],"class_list":["post-3039","post","type-post","status-publish","format-standard","hentry","category-andlighet","category-dagens-kyrka","category-ord","category-teologi"],"acf":[],"yoast_head":"<!-- This site is optimized with the Yoast SEO plugin v27.1.1 - https:\/\/yoast.com\/product\/yoast-seo-wordpress\/ -->\n<title>Har alla en kallelse? - Vandra V\u00e4gen<\/title>\n<meta name=\"robots\" content=\"index, follow, max-snippet:-1, max-image-preview:large, max-video-preview:-1\" \/>\n<link rel=\"canonical\" href=\"https:\/\/blogg.svenskakyrkan.se\/vandravagen\/2015\/05\/09\/har-alla-en-kallelse\/\" \/>\n<meta property=\"og:locale\" content=\"sv_SE\" \/>\n<meta property=\"og:type\" content=\"article\" \/>\n<meta property=\"og:title\" content=\"Har alla en kallelse? - Vandra V\u00e4gen\" \/>\n<meta property=\"og:description\" content=\"&nbsp; Jag skrev h\u00e4romdagen om n\u00e5gra tankar om nyfikenhet som v\u00e4cktes n\u00e4r jag fick lyssna p\u00e5 Patricia Tudor Sandahl p\u00e5 sk\u00e4rtorsdagen. Jag har faktiskt en till tanke fr\u00e5n samma tillf\u00e4lle s\u00e5 den t\u00e4nkte jag dela med dig nu. Patricia Tudor Sandahl talade om olika s\u00e4tt att se p\u00e5 uppgifter. Hon verkar vara f\u00f6rtjust i ords [&hellip;]\" \/>\n<meta property=\"og:url\" content=\"https:\/\/blogg.svenskakyrkan.se\/vandravagen\/2015\/05\/09\/har-alla-en-kallelse\/\" \/>\n<meta property=\"og:site_name\" content=\"Vandra V\u00e4gen\" \/>\n<meta property=\"article:publisher\" content=\"http:\/\/facebook.com\/vandravagen\" \/>\n<meta property=\"article:published_time\" content=\"2015-05-09T05:00:55+00:00\" \/>\n<meta property=\"og:image\" content=\"http:\/\/blogg.svenskakyrkan.se\/vandravagen\/files\/2015\/05\/IMG_6093.jpg\" \/>\n<meta name=\"author\" content=\"Tomas Jarvid\" \/>\n<meta name=\"twitter:card\" content=\"summary_large_image\" \/>\n<meta name=\"twitter:creator\" content=\"@fadertomas\" \/>\n<meta name=\"twitter:site\" content=\"@fadertomas\" \/>\n<meta name=\"twitter:label1\" content=\"Skriven av\" \/>\n\t<meta name=\"twitter:data1\" content=\"Tomas Jarvid\" \/>\n\t<meta name=\"twitter:label2\" content=\"Ber\u00e4knad l\u00e4stid\" \/>\n\t<meta name=\"twitter:data2\" content=\"4 minuter\" \/>\n<script type=\"application\/ld+json\" class=\"yoast-schema-graph\">{\"@context\":\"https:\/\/schema.org\",\"@graph\":[{\"@type\":\"Article\",\"@id\":\"https:\/\/blogg.svenskakyrkan.se\/vandravagen\/2015\/05\/09\/har-alla-en-kallelse\/#article\",\"isPartOf\":{\"@id\":\"https:\/\/blogg.svenskakyrkan.se\/vandravagen\/2015\/05\/09\/har-alla-en-kallelse\/\"},\"author\":{\"name\":\"Tomas Jarvid\",\"@id\":\"https:\/\/blogg.svenskakyrkan.se\/vandravagen\/#\/schema\/person\/25da02d4f76b137d04291711e2c9fc16\"},\"headline\":\"Har alla en kallelse?\",\"datePublished\":\"2015-05-09T05:00:55+00:00\",\"mainEntityOfPage\":{\"@id\":\"https:\/\/blogg.svenskakyrkan.se\/vandravagen\/2015\/05\/09\/har-alla-en-kallelse\/\"},\"wordCount\":784,\"commentCount\":8,\"publisher\":{\"@id\":\"https:\/\/blogg.svenskakyrkan.se\/vandravagen\/#organization\"},\"image\":{\"@id\":\"https:\/\/blogg.svenskakyrkan.se\/vandravagen\/2015\/05\/09\/har-alla-en-kallelse\/#primaryimage\"},\"thumbnailUrl\":\"http:\/\/blogg.svenskakyrkan.se\/vandravagen\/files\/2015\/05\/IMG_6093.jpg\",\"articleSection\":[\"andlighet\",\"Dagens Kyrka\",\"ord\",\"Teologi\"],\"inLanguage\":\"sv-SE\",\"potentialAction\":[{\"@type\":\"CommentAction\",\"name\":\"Comment\",\"target\":[\"https:\/\/blogg.svenskakyrkan.se\/vandravagen\/2015\/05\/09\/har-alla-en-kallelse\/#respond\"]}]},{\"@type\":\"WebPage\",\"@id\":\"https:\/\/blogg.svenskakyrkan.se\/vandravagen\/2015\/05\/09\/har-alla-en-kallelse\/\",\"url\":\"https:\/\/blogg.svenskakyrkan.se\/vandravagen\/2015\/05\/09\/har-alla-en-kallelse\/\",\"name\":\"Har alla en kallelse? - Vandra V\u00e4gen\",\"isPartOf\":{\"@id\":\"https:\/\/blogg.svenskakyrkan.se\/vandravagen\/#website\"},\"primaryImageOfPage\":{\"@id\":\"https:\/\/blogg.svenskakyrkan.se\/vandravagen\/2015\/05\/09\/har-alla-en-kallelse\/#primaryimage\"},\"image\":{\"@id\":\"https:\/\/blogg.svenskakyrkan.se\/vandravagen\/2015\/05\/09\/har-alla-en-kallelse\/#primaryimage\"},\"thumbnailUrl\":\"http:\/\/blogg.svenskakyrkan.se\/vandravagen\/files\/2015\/05\/IMG_6093.jpg\",\"datePublished\":\"2015-05-09T05:00:55+00:00\",\"breadcrumb\":{\"@id\":\"https:\/\/blogg.svenskakyrkan.se\/vandravagen\/2015\/05\/09\/har-alla-en-kallelse\/#breadcrumb\"},\"inLanguage\":\"sv-SE\",\"potentialAction\":[{\"@type\":\"ReadAction\",\"target\":[\"https:\/\/blogg.svenskakyrkan.se\/vandravagen\/2015\/05\/09\/har-alla-en-kallelse\/\"]}]},{\"@type\":\"ImageObject\",\"inLanguage\":\"sv-SE\",\"@id\":\"https:\/\/blogg.svenskakyrkan.se\/vandravagen\/2015\/05\/09\/har-alla-en-kallelse\/#primaryimage\",\"url\":\"http:\/\/blogg.svenskakyrkan.se\/vandravagen\/files\/2015\/05\/IMG_6093.jpg\",\"contentUrl\":\"http:\/\/blogg.svenskakyrkan.se\/vandravagen\/files\/2015\/05\/IMG_6093.jpg\"},{\"@type\":\"BreadcrumbList\",\"@id\":\"https:\/\/blogg.svenskakyrkan.se\/vandravagen\/2015\/05\/09\/har-alla-en-kallelse\/#breadcrumb\",\"itemListElement\":[{\"@type\":\"ListItem\",\"position\":1,\"name\":\"Hem\",\"item\":\"https:\/\/blogg.svenskakyrkan.se\/vandravagen\/\"},{\"@type\":\"ListItem\",\"position\":2,\"name\":\"Har alla en kallelse?\"}]},{\"@type\":\"WebSite\",\"@id\":\"https:\/\/blogg.svenskakyrkan.se\/vandravagen\/#website\",\"url\":\"https:\/\/blogg.svenskakyrkan.se\/vandravagen\/\",\"name\":\"Vandra V\u00e4gen\",\"description\":\"-Mot en tro f\u00f6r hela livet\",\"publisher\":{\"@id\":\"https:\/\/blogg.svenskakyrkan.se\/vandravagen\/#organization\"},\"potentialAction\":[{\"@type\":\"SearchAction\",\"target\":{\"@type\":\"EntryPoint\",\"urlTemplate\":\"https:\/\/blogg.svenskakyrkan.se\/vandravagen\/?s={search_term_string}\"},\"query-input\":{\"@type\":\"PropertyValueSpecification\",\"valueRequired\":true,\"valueName\":\"search_term_string\"}}],\"inLanguage\":\"sv-SE\"},{\"@type\":\"Organization\",\"@id\":\"https:\/\/blogg.svenskakyrkan.se\/vandravagen\/#organization\",\"name\":\"ulricehamns pastorat\",\"alternateName\":\"ulricehamns pastorat\",\"url\":\"https:\/\/blogg.svenskakyrkan.se\/vandravagen\/\",\"logo\":{\"@type\":\"ImageObject\",\"inLanguage\":\"sv-SE\",\"@id\":\"https:\/\/blogg.svenskakyrkan.se\/vandravagen\/#\/schema\/logo\/image\/\",\"url\":\"https:\/\/blogg.svenskakyrkan.se\/vandravagen\/files\/2023\/05\/Ulr_logo_RGB.png\",\"contentUrl\":\"https:\/\/blogg.svenskakyrkan.se\/vandravagen\/files\/2023\/05\/Ulr_logo_RGB.png\",\"width\":205,\"height\":77,\"caption\":\"ulricehamns pastorat\"},\"image\":{\"@id\":\"https:\/\/blogg.svenskakyrkan.se\/vandravagen\/#\/schema\/logo\/image\/\"},\"sameAs\":[\"http:\/\/facebook.com\/vandravagen\",\"https:\/\/x.com\/fadertomas\",\"http:\/\/www.facebook.com\/svenskakyrkaniulricehamn\"]},{\"@type\":\"Person\",\"@id\":\"https:\/\/blogg.svenskakyrkan.se\/vandravagen\/#\/schema\/person\/25da02d4f76b137d04291711e2c9fc16\",\"name\":\"Tomas Jarvid\",\"image\":{\"@type\":\"ImageObject\",\"inLanguage\":\"sv-SE\",\"@id\":\"https:\/\/blogg.svenskakyrkan.se\/vandravagen\/#\/schema\/person\/image\/\",\"url\":\"https:\/\/secure.gravatar.com\/avatar\/7fa71899795e8f540f615a1f5ab25255dc27aa40f05ee7ddd21aac521e01bf50?s=96&d=identicon&r=g\",\"contentUrl\":\"https:\/\/secure.gravatar.com\/avatar\/7fa71899795e8f540f615a1f5ab25255dc27aa40f05ee7ddd21aac521e01bf50?s=96&d=identicon&r=g\",\"caption\":\"Tomas Jarvid\"},\"description\":\"Jag bor i Ulricehamn i V\u00e4sterg\u00f6tland och \u00e4r f\u00f6rsamlingspr\u00e4st i Svenska Kyrkan f\u00f6r Dalstorps f\u00f6rsamling i Kinds pastorat. P\u00e5 den h\u00e4r bloggen skriver jag ner tankar om vandringen som kristen.\",\"sameAs\":[\"http:\/\/www.vandravagen.se\"],\"url\":\"https:\/\/blogg.svenskakyrkan.se\/vandravagen\/author\/vandravagen\/\"}]}<\/script>\n<!-- \/ Yoast SEO plugin. -->","yoast_head_json":{"title":"Har alla en kallelse? - Vandra V\u00e4gen","robots":{"index":"index","follow":"follow","max-snippet":"max-snippet:-1","max-image-preview":"max-image-preview:large","max-video-preview":"max-video-preview:-1"},"canonical":"https:\/\/blogg.svenskakyrkan.se\/vandravagen\/2015\/05\/09\/har-alla-en-kallelse\/","og_locale":"sv_SE","og_type":"article","og_title":"Har alla en kallelse? - Vandra V\u00e4gen","og_description":"&nbsp; Jag skrev h\u00e4romdagen om n\u00e5gra tankar om nyfikenhet som v\u00e4cktes n\u00e4r jag fick lyssna p\u00e5 Patricia Tudor Sandahl p\u00e5 sk\u00e4rtorsdagen. Jag har faktiskt en till tanke fr\u00e5n samma tillf\u00e4lle s\u00e5 den t\u00e4nkte jag dela med dig nu. Patricia Tudor Sandahl talade om olika s\u00e4tt att se p\u00e5 uppgifter. Hon verkar vara f\u00f6rtjust i ords [&hellip;]","og_url":"https:\/\/blogg.svenskakyrkan.se\/vandravagen\/2015\/05\/09\/har-alla-en-kallelse\/","og_site_name":"Vandra V\u00e4gen","article_publisher":"http:\/\/facebook.com\/vandravagen","article_published_time":"2015-05-09T05:00:55+00:00","og_image":[{"url":"http:\/\/blogg.svenskakyrkan.se\/vandravagen\/files\/2015\/05\/IMG_6093.jpg","type":"","width":"","height":""}],"author":"Tomas Jarvid","twitter_card":"summary_large_image","twitter_creator":"@fadertomas","twitter_site":"@fadertomas","twitter_misc":{"Skriven av":"Tomas Jarvid","Ber\u00e4knad l\u00e4stid":"4 minuter"},"schema":{"@context":"https:\/\/schema.org","@graph":[{"@type":"Article","@id":"https:\/\/blogg.svenskakyrkan.se\/vandravagen\/2015\/05\/09\/har-alla-en-kallelse\/#article","isPartOf":{"@id":"https:\/\/blogg.svenskakyrkan.se\/vandravagen\/2015\/05\/09\/har-alla-en-kallelse\/"},"author":{"name":"Tomas Jarvid","@id":"https:\/\/blogg.svenskakyrkan.se\/vandravagen\/#\/schema\/person\/25da02d4f76b137d04291711e2c9fc16"},"headline":"Har alla en kallelse?","datePublished":"2015-05-09T05:00:55+00:00","mainEntityOfPage":{"@id":"https:\/\/blogg.svenskakyrkan.se\/vandravagen\/2015\/05\/09\/har-alla-en-kallelse\/"},"wordCount":784,"commentCount":8,"publisher":{"@id":"https:\/\/blogg.svenskakyrkan.se\/vandravagen\/#organization"},"image":{"@id":"https:\/\/blogg.svenskakyrkan.se\/vandravagen\/2015\/05\/09\/har-alla-en-kallelse\/#primaryimage"},"thumbnailUrl":"http:\/\/blogg.svenskakyrkan.se\/vandravagen\/files\/2015\/05\/IMG_6093.jpg","articleSection":["andlighet","Dagens Kyrka","ord","Teologi"],"inLanguage":"sv-SE","potentialAction":[{"@type":"CommentAction","name":"Comment","target":["https:\/\/blogg.svenskakyrkan.se\/vandravagen\/2015\/05\/09\/har-alla-en-kallelse\/#respond"]}]},{"@type":"WebPage","@id":"https:\/\/blogg.svenskakyrkan.se\/vandravagen\/2015\/05\/09\/har-alla-en-kallelse\/","url":"https:\/\/blogg.svenskakyrkan.se\/vandravagen\/2015\/05\/09\/har-alla-en-kallelse\/","name":"Har alla en kallelse? - Vandra V\u00e4gen","isPartOf":{"@id":"https:\/\/blogg.svenskakyrkan.se\/vandravagen\/#website"},"primaryImageOfPage":{"@id":"https:\/\/blogg.svenskakyrkan.se\/vandravagen\/2015\/05\/09\/har-alla-en-kallelse\/#primaryimage"},"image":{"@id":"https:\/\/blogg.svenskakyrkan.se\/vandravagen\/2015\/05\/09\/har-alla-en-kallelse\/#primaryimage"},"thumbnailUrl":"http:\/\/blogg.svenskakyrkan.se\/vandravagen\/files\/2015\/05\/IMG_6093.jpg","datePublished":"2015-05-09T05:00:55+00:00","breadcrumb":{"@id":"https:\/\/blogg.svenskakyrkan.se\/vandravagen\/2015\/05\/09\/har-alla-en-kallelse\/#breadcrumb"},"inLanguage":"sv-SE","potentialAction":[{"@type":"ReadAction","target":["https:\/\/blogg.svenskakyrkan.se\/vandravagen\/2015\/05\/09\/har-alla-en-kallelse\/"]}]},{"@type":"ImageObject","inLanguage":"sv-SE","@id":"https:\/\/blogg.svenskakyrkan.se\/vandravagen\/2015\/05\/09\/har-alla-en-kallelse\/#primaryimage","url":"http:\/\/blogg.svenskakyrkan.se\/vandravagen\/files\/2015\/05\/IMG_6093.jpg","contentUrl":"http:\/\/blogg.svenskakyrkan.se\/vandravagen\/files\/2015\/05\/IMG_6093.jpg"},{"@type":"BreadcrumbList","@id":"https:\/\/blogg.svenskakyrkan.se\/vandravagen\/2015\/05\/09\/har-alla-en-kallelse\/#breadcrumb","itemListElement":[{"@type":"ListItem","position":1,"name":"Hem","item":"https:\/\/blogg.svenskakyrkan.se\/vandravagen\/"},{"@type":"ListItem","position":2,"name":"Har alla en kallelse?"}]},{"@type":"WebSite","@id":"https:\/\/blogg.svenskakyrkan.se\/vandravagen\/#website","url":"https:\/\/blogg.svenskakyrkan.se\/vandravagen\/","name":"Vandra V\u00e4gen","description":"-Mot en tro f\u00f6r hela livet","publisher":{"@id":"https:\/\/blogg.svenskakyrkan.se\/vandravagen\/#organization"},"potentialAction":[{"@type":"SearchAction","target":{"@type":"EntryPoint","urlTemplate":"https:\/\/blogg.svenskakyrkan.se\/vandravagen\/?s={search_term_string}"},"query-input":{"@type":"PropertyValueSpecification","valueRequired":true,"valueName":"search_term_string"}}],"inLanguage":"sv-SE"},{"@type":"Organization","@id":"https:\/\/blogg.svenskakyrkan.se\/vandravagen\/#organization","name":"ulricehamns pastorat","alternateName":"ulricehamns pastorat","url":"https:\/\/blogg.svenskakyrkan.se\/vandravagen\/","logo":{"@type":"ImageObject","inLanguage":"sv-SE","@id":"https:\/\/blogg.svenskakyrkan.se\/vandravagen\/#\/schema\/logo\/image\/","url":"https:\/\/blogg.svenskakyrkan.se\/vandravagen\/files\/2023\/05\/Ulr_logo_RGB.png","contentUrl":"https:\/\/blogg.svenskakyrkan.se\/vandravagen\/files\/2023\/05\/Ulr_logo_RGB.png","width":205,"height":77,"caption":"ulricehamns pastorat"},"image":{"@id":"https:\/\/blogg.svenskakyrkan.se\/vandravagen\/#\/schema\/logo\/image\/"},"sameAs":["http:\/\/facebook.com\/vandravagen","https:\/\/x.com\/fadertomas","http:\/\/www.facebook.com\/svenskakyrkaniulricehamn"]},{"@type":"Person","@id":"https:\/\/blogg.svenskakyrkan.se\/vandravagen\/#\/schema\/person\/25da02d4f76b137d04291711e2c9fc16","name":"Tomas Jarvid","image":{"@type":"ImageObject","inLanguage":"sv-SE","@id":"https:\/\/blogg.svenskakyrkan.se\/vandravagen\/#\/schema\/person\/image\/","url":"https:\/\/secure.gravatar.com\/avatar\/7fa71899795e8f540f615a1f5ab25255dc27aa40f05ee7ddd21aac521e01bf50?s=96&d=identicon&r=g","contentUrl":"https:\/\/secure.gravatar.com\/avatar\/7fa71899795e8f540f615a1f5ab25255dc27aa40f05ee7ddd21aac521e01bf50?s=96&d=identicon&r=g","caption":"Tomas Jarvid"},"description":"Jag bor i Ulricehamn i V\u00e4sterg\u00f6tland och \u00e4r f\u00f6rsamlingspr\u00e4st i Svenska Kyrkan f\u00f6r Dalstorps f\u00f6rsamling i Kinds pastorat. P\u00e5 den h\u00e4r bloggen skriver jag ner tankar om vandringen som kristen.","sameAs":["http:\/\/www.vandravagen.se"],"url":"https:\/\/blogg.svenskakyrkan.se\/vandravagen\/author\/vandravagen\/"}]}},"author_meta":{"ID":"392","user_nicename":"vandravagen","user_url":"http:\/\/www.vandravagen.se","user_registered":"2014-05-19 05:44:52","display_name":"Tomas Jarvid","first_name":"Tomas","last_name":"Jarvid","avatar":"https:\/\/secure.gravatar.com\/avatar\/7fa71899795e8f540f615a1f5ab25255dc27aa40f05ee7ddd21aac521e01bf50?s=96&d=identicon&r=g"},"featured_image":false,"bloginfo":{"name":"Vandra V\u00e4gen","url":"https:\/\/blogg.svenskakyrkan.se\/vandravagen"},"_links":{"self":[{"href":"https:\/\/blogg.svenskakyrkan.se\/vandravagen\/wp-json\/wp\/v2\/posts\/3039","targetHints":{"allow":["GET"]}}],"collection":[{"href":"https:\/\/blogg.svenskakyrkan.se\/vandravagen\/wp-json\/wp\/v2\/posts"}],"about":[{"href":"https:\/\/blogg.svenskakyrkan.se\/vandravagen\/wp-json\/wp\/v2\/types\/post"}],"author":[{"embeddable":true,"href":"https:\/\/blogg.svenskakyrkan.se\/vandravagen\/wp-json\/wp\/v2\/users\/392"}],"replies":[{"embeddable":true,"href":"https:\/\/blogg.svenskakyrkan.se\/vandravagen\/wp-json\/wp\/v2\/comments?post=3039"}],"version-history":[{"count":3,"href":"https:\/\/blogg.svenskakyrkan.se\/vandravagen\/wp-json\/wp\/v2\/posts\/3039\/revisions"}],"predecessor-version":[{"id":3059,"href":"https:\/\/blogg.svenskakyrkan.se\/vandravagen\/wp-json\/wp\/v2\/posts\/3039\/revisions\/3059"}],"wp:attachment":[{"href":"https:\/\/blogg.svenskakyrkan.se\/vandravagen\/wp-json\/wp\/v2\/media?parent=3039"}],"wp:term":[{"taxonomy":"category","embeddable":true,"href":"https:\/\/blogg.svenskakyrkan.se\/vandravagen\/wp-json\/wp\/v2\/categories?post=3039"},{"taxonomy":"post_tag","embeddable":true,"href":"https:\/\/blogg.svenskakyrkan.se\/vandravagen\/wp-json\/wp\/v2\/tags?post=3039"}],"curies":[{"name":"wp","href":"https:\/\/api.w.org\/{rel}","templated":true}]}}