{"id":3041,"date":"2015-05-06T07:00:41","date_gmt":"2015-05-06T05:00:41","guid":{"rendered":"http:\/\/blogg.svenskakyrkan.se\/vandravagen\/?p=3041"},"modified":"2015-05-05T09:12:03","modified_gmt":"2015-05-05T07:12:03","slug":"gud-talar-i-min-hjarna","status":"publish","type":"post","link":"https:\/\/blogg.svenskakyrkan.se\/vandravagen\/2015\/05\/06\/gud-talar-i-min-hjarna\/","title":{"rendered":"Gud talar i min hj\u00e4rna"},"content":{"rendered":"<div id=\"attachment_3048\" style=\"width: 594px\" class=\"wp-caption aligncenter\"><a href=\"http:\/\/blogg.svenskakyrkan.se\/vandravagen\/files\/2015\/05\/IMG_6113.jpg\"><img loading=\"lazy\" decoding=\"async\" aria-describedby=\"caption-attachment-3048\" class=\"size-large wp-image-3048\" src=\"http:\/\/blogg.svenskakyrkan.se\/vandravagen\/files\/2015\/05\/IMG_6113-1024x678.jpg\" alt=\"F\u00f6rsta g\u00e5ngen de h\u00f6r p\u00e5 en radios\u00e4ndning. Obegripligt f\u00f6r dem hur det fungerar?\" width=\"584\" height=\"387\" srcset=\"https:\/\/blogg.svenskakyrkan.se\/vandravagen\/files\/2015\/05\/IMG_6113.jpg 1024w, https:\/\/blogg.svenskakyrkan.se\/vandravagen\/files\/2015\/05\/IMG_6113-300x199.jpg 300w, https:\/\/blogg.svenskakyrkan.se\/vandravagen\/files\/2015\/05\/IMG_6113-453x300.jpg 453w\" sizes=\"auto, (max-width: 584px) 100vw, 584px\" \/><\/a><p id=\"caption-attachment-3048\" class=\"wp-caption-text\">F\u00f6rsta g\u00e5ngen de h\u00f6r p\u00e5 en radios\u00e4ndning. Obegripligt f\u00f6r dem hur det fungerar?<\/p><\/div>\n<p>&nbsp;<\/p>\n<p>Dagens rubrik \u00e4r minst sagt m\u00e4rklig men kanske \u00e4r det sant? H\u00e4ng med i f\u00f6ljande:<\/p>\n<p>F\u00f6r ett bra tag sedan l\u00e4ste jag i <a href=\"http:\/\/blogg.svenskakyrkan.se\/vandravagen\/2014\/10\/22\/modern-skapelseteologi\/\">den h\u00e4r boken om skapelseteologi<\/a>\u00a0d\u00e4r det stod om ett teologiskt f\u00f6rs\u00f6k att f\u00f6rklara hur Gud kan handla i skapelsen utan att bryta mot naturlagarna.<\/p>\n<p>Tanken var att om man <strong>g\u00e5r ner p\u00e5 tillr\u00e4ckligt basal niv\u00e5<\/strong> i partiklarnas och str\u00e5lningens v\u00e4rld s\u00e5 ser till slut allt kaotiskt ut. Allt som h\u00e4nder ter sig slumpartat men summan av alla dessa sm\u00e5, sm\u00e5 h\u00e4ndelser \u00e4r \u00e4nd\u00e5 grunden till det som syns h\u00f6gre upp i kemiska processer och fysiska lagar. Nu har jag gl\u00f6mt vad teologen som t\u00e4nkt ut det hette men po\u00e4ngen var i alla fall att om man bara t\u00e4nker sig att Gud \u00e4r s\u00e5 o\u00e4ndlig (och h\u00e4r n\u00e5r min hj\u00e4rna definitivt gr\u00e4nsen f\u00f6r vad som g\u00e5r att fatta f\u00f6r det \u00e4r vansinnigt komplext) att Gud i varje stund kan f\u00f6rutse vad summan av dessa sm\u00e5 kaotiska h\u00e4ndelser skulle leda till i l\u00e5nga loppet s\u00e5 <strong>skulle Gud kunna agera &#8221;under radarn&#8221;<\/strong> och styra h\u00e4ndelsef\u00f6rlopp utan att det ens \u00e4r m\u00f6jligt att iaktta att n\u00e5gon g\u00f6r n\u00e5got.<\/p>\n<p>Jag har nyligen l\u00e4st Johan Norbergs bok &#8221;hj\u00e4rnrevolutionen&#8221; och h\u00e4pnat \u00f6ver de r\u00e5dande r\u00f6nen kring hur hj\u00e4rnan fungerar. D\u00e4r\u00a0l\u00e4ste jag om att hj\u00e4rnan ocks\u00e5 \u00e4r ett oerh\u00f6rt komplext system. Miljarder kopplingar och synapser och allt vad det \u00e4r samverkar i \u00f6gonblicket f\u00f6r att avg\u00f6ra vilka signaler som ska &#8221;g\u00e5 fram&#8221; till medvetandet och vilka som inte \u00e4r v\u00e4rda att notera. Ofta \u00e4r det hela tiden sm\u00e5 \u00f6vervikter i vad som verkar vara ett kaotiskt fl\u00f6de av impulser som avg\u00f6r slutresultatet. D\u00e5 t\u00e4nkte jag att det liknade tankarna fr\u00e5n boken om skapelseteologi.<\/p>\n<p>Hj\u00e4rnan \u00e4r p\u00e5 samma s\u00e4tt som den fysiska v\u00e4rlden ett obegripligt komplext system och p\u00e5 samma s\u00e4tt finns det en basal niv\u00e5 d\u00e4r allt ter sig kaotiskt.<\/p>\n<p>N\u00e4r vi t\u00e4nker oss att Gud kan tala till m\u00e4nniskor och leda oss p\u00e5 olika s\u00e4tt, kanske plantera tankar i v\u00e5ra huvuden s\u00e5 ligger det f\u00f6rmodligen f\u00f6r alltid bortom vad man kan bevisa eller avvisa med naturvetenskapens hj\u00e4lp. \u00c4nd\u00e5 kanske vi kan se en m\u00f6jlighet att f\u00f6rklara det p\u00e5 motsvarande s\u00e4tt som skapelseteologen gjorde. Om Gud bara vet precis hur allt h\u00e4nger ihop skulle det kunna r\u00e4cka med oerh\u00f6rt sm\u00e5 puffar i r\u00e4tt riktning i hj\u00e4rnan f\u00f6r att tankebanorna ska ta helt nya riktningar och nya tankar f\u00f6das.<\/p>\n<p>Jag vet inte om det \u00e4r viktigt att f\u00f6rankra kristen tro i hj\u00e4rnforskningen s\u00e5h\u00e4r men jag tycker i alla fall att det \u00e4r en sp\u00e4nnande tanke. Vad tycker du? Skriv en kommentar!<\/p>\n","protected":false},"excerpt":{"rendered":"<p>&nbsp; Dagens rubrik \u00e4r minst sagt m\u00e4rklig men kanske \u00e4r det sant? H\u00e4ng med i f\u00f6ljande: F\u00f6r ett bra tag sedan l\u00e4ste jag i den h\u00e4r boken om skapelseteologi\u00a0d\u00e4r det stod om ett teologiskt f\u00f6rs\u00f6k att f\u00f6rklara hur Gud kan handla i skapelsen utan att bryta mot naturlagarna. Tanken var att om man g\u00e5r ner [&hellip;]<\/p>\n","protected":false},"author":392,"featured_media":0,"comment_status":"open","ping_status":"open","sticky":false,"template":"","format":"standard","meta":{"_acf_changed":false,"footnotes":""},"categories":[75887,76189,81117],"tags":[],"class_list":["post-3041","post","type-post","status-publish","format-standard","hentry","category-andlighet","category-dagens-kyrka","category-skapelseteologi"],"acf":[],"yoast_head":"<!-- This site is optimized with the Yoast SEO plugin v27.1.1 - https:\/\/yoast.com\/product\/yoast-seo-wordpress\/ -->\n<title>Gud talar i min hj\u00e4rna - Vandra V\u00e4gen<\/title>\n<meta name=\"robots\" content=\"index, follow, max-snippet:-1, max-image-preview:large, max-video-preview:-1\" \/>\n<link rel=\"canonical\" href=\"https:\/\/blogg.svenskakyrkan.se\/vandravagen\/2015\/05\/06\/gud-talar-i-min-hjarna\/\" \/>\n<meta property=\"og:locale\" content=\"sv_SE\" \/>\n<meta property=\"og:type\" content=\"article\" \/>\n<meta property=\"og:title\" content=\"Gud talar i min hj\u00e4rna - Vandra V\u00e4gen\" \/>\n<meta property=\"og:description\" content=\"&nbsp; Dagens rubrik \u00e4r minst sagt m\u00e4rklig men kanske \u00e4r det sant? H\u00e4ng med i f\u00f6ljande: F\u00f6r ett bra tag sedan l\u00e4ste jag i den h\u00e4r boken om skapelseteologi\u00a0d\u00e4r det stod om ett teologiskt f\u00f6rs\u00f6k att f\u00f6rklara hur Gud kan handla i skapelsen utan att bryta mot naturlagarna. Tanken var att om man g\u00e5r ner [&hellip;]\" \/>\n<meta property=\"og:url\" content=\"https:\/\/blogg.svenskakyrkan.se\/vandravagen\/2015\/05\/06\/gud-talar-i-min-hjarna\/\" \/>\n<meta property=\"og:site_name\" content=\"Vandra V\u00e4gen\" \/>\n<meta property=\"article:publisher\" content=\"http:\/\/facebook.com\/vandravagen\" \/>\n<meta property=\"article:published_time\" content=\"2015-05-06T05:00:41+00:00\" \/>\n<meta property=\"og:image\" content=\"http:\/\/blogg.svenskakyrkan.se\/vandravagen\/files\/2015\/05\/IMG_6113-1024x678.jpg\" \/>\n<meta name=\"author\" content=\"Tomas Jarvid\" \/>\n<meta name=\"twitter:card\" content=\"summary_large_image\" \/>\n<meta name=\"twitter:creator\" content=\"@fadertomas\" \/>\n<meta name=\"twitter:site\" content=\"@fadertomas\" \/>\n<meta name=\"twitter:label1\" content=\"Skriven av\" \/>\n\t<meta name=\"twitter:data1\" content=\"Tomas Jarvid\" \/>\n\t<meta name=\"twitter:label2\" content=\"Ber\u00e4knad l\u00e4stid\" \/>\n\t<meta name=\"twitter:data2\" content=\"3 minuter\" \/>\n<script type=\"application\/ld+json\" class=\"yoast-schema-graph\">{\"@context\":\"https:\/\/schema.org\",\"@graph\":[{\"@type\":\"Article\",\"@id\":\"https:\/\/blogg.svenskakyrkan.se\/vandravagen\/2015\/05\/06\/gud-talar-i-min-hjarna\/#article\",\"isPartOf\":{\"@id\":\"https:\/\/blogg.svenskakyrkan.se\/vandravagen\/2015\/05\/06\/gud-talar-i-min-hjarna\/\"},\"author\":{\"name\":\"Tomas Jarvid\",\"@id\":\"https:\/\/blogg.svenskakyrkan.se\/vandravagen\/#\/schema\/person\/25da02d4f76b137d04291711e2c9fc16\"},\"headline\":\"Gud talar i min hj\u00e4rna\",\"datePublished\":\"2015-05-06T05:00:41+00:00\",\"mainEntityOfPage\":{\"@id\":\"https:\/\/blogg.svenskakyrkan.se\/vandravagen\/2015\/05\/06\/gud-talar-i-min-hjarna\/\"},\"wordCount\":542,\"commentCount\":15,\"publisher\":{\"@id\":\"https:\/\/blogg.svenskakyrkan.se\/vandravagen\/#organization\"},\"image\":{\"@id\":\"https:\/\/blogg.svenskakyrkan.se\/vandravagen\/2015\/05\/06\/gud-talar-i-min-hjarna\/#primaryimage\"},\"thumbnailUrl\":\"http:\/\/blogg.svenskakyrkan.se\/vandravagen\/files\/2015\/05\/IMG_6113-1024x678.jpg\",\"articleSection\":[\"andlighet\",\"Dagens Kyrka\",\"skapelseteologi\"],\"inLanguage\":\"sv-SE\",\"potentialAction\":[{\"@type\":\"CommentAction\",\"name\":\"Comment\",\"target\":[\"https:\/\/blogg.svenskakyrkan.se\/vandravagen\/2015\/05\/06\/gud-talar-i-min-hjarna\/#respond\"]}]},{\"@type\":\"WebPage\",\"@id\":\"https:\/\/blogg.svenskakyrkan.se\/vandravagen\/2015\/05\/06\/gud-talar-i-min-hjarna\/\",\"url\":\"https:\/\/blogg.svenskakyrkan.se\/vandravagen\/2015\/05\/06\/gud-talar-i-min-hjarna\/\",\"name\":\"Gud talar i min hj\u00e4rna - Vandra V\u00e4gen\",\"isPartOf\":{\"@id\":\"https:\/\/blogg.svenskakyrkan.se\/vandravagen\/#website\"},\"primaryImageOfPage\":{\"@id\":\"https:\/\/blogg.svenskakyrkan.se\/vandravagen\/2015\/05\/06\/gud-talar-i-min-hjarna\/#primaryimage\"},\"image\":{\"@id\":\"https:\/\/blogg.svenskakyrkan.se\/vandravagen\/2015\/05\/06\/gud-talar-i-min-hjarna\/#primaryimage\"},\"thumbnailUrl\":\"http:\/\/blogg.svenskakyrkan.se\/vandravagen\/files\/2015\/05\/IMG_6113-1024x678.jpg\",\"datePublished\":\"2015-05-06T05:00:41+00:00\",\"breadcrumb\":{\"@id\":\"https:\/\/blogg.svenskakyrkan.se\/vandravagen\/2015\/05\/06\/gud-talar-i-min-hjarna\/#breadcrumb\"},\"inLanguage\":\"sv-SE\",\"potentialAction\":[{\"@type\":\"ReadAction\",\"target\":[\"https:\/\/blogg.svenskakyrkan.se\/vandravagen\/2015\/05\/06\/gud-talar-i-min-hjarna\/\"]}]},{\"@type\":\"ImageObject\",\"inLanguage\":\"sv-SE\",\"@id\":\"https:\/\/blogg.svenskakyrkan.se\/vandravagen\/2015\/05\/06\/gud-talar-i-min-hjarna\/#primaryimage\",\"url\":\"http:\/\/blogg.svenskakyrkan.se\/vandravagen\/files\/2015\/05\/IMG_6113-1024x678.jpg\",\"contentUrl\":\"http:\/\/blogg.svenskakyrkan.se\/vandravagen\/files\/2015\/05\/IMG_6113-1024x678.jpg\"},{\"@type\":\"BreadcrumbList\",\"@id\":\"https:\/\/blogg.svenskakyrkan.se\/vandravagen\/2015\/05\/06\/gud-talar-i-min-hjarna\/#breadcrumb\",\"itemListElement\":[{\"@type\":\"ListItem\",\"position\":1,\"name\":\"Hem\",\"item\":\"https:\/\/blogg.svenskakyrkan.se\/vandravagen\/\"},{\"@type\":\"ListItem\",\"position\":2,\"name\":\"Gud talar i min hj\u00e4rna\"}]},{\"@type\":\"WebSite\",\"@id\":\"https:\/\/blogg.svenskakyrkan.se\/vandravagen\/#website\",\"url\":\"https:\/\/blogg.svenskakyrkan.se\/vandravagen\/\",\"name\":\"Vandra V\u00e4gen\",\"description\":\"-Mot en tro f\u00f6r hela livet\",\"publisher\":{\"@id\":\"https:\/\/blogg.svenskakyrkan.se\/vandravagen\/#organization\"},\"potentialAction\":[{\"@type\":\"SearchAction\",\"target\":{\"@type\":\"EntryPoint\",\"urlTemplate\":\"https:\/\/blogg.svenskakyrkan.se\/vandravagen\/?s={search_term_string}\"},\"query-input\":{\"@type\":\"PropertyValueSpecification\",\"valueRequired\":true,\"valueName\":\"search_term_string\"}}],\"inLanguage\":\"sv-SE\"},{\"@type\":\"Organization\",\"@id\":\"https:\/\/blogg.svenskakyrkan.se\/vandravagen\/#organization\",\"name\":\"ulricehamns pastorat\",\"alternateName\":\"ulricehamns pastorat\",\"url\":\"https:\/\/blogg.svenskakyrkan.se\/vandravagen\/\",\"logo\":{\"@type\":\"ImageObject\",\"inLanguage\":\"sv-SE\",\"@id\":\"https:\/\/blogg.svenskakyrkan.se\/vandravagen\/#\/schema\/logo\/image\/\",\"url\":\"https:\/\/blogg.svenskakyrkan.se\/vandravagen\/files\/2023\/05\/Ulr_logo_RGB.png\",\"contentUrl\":\"https:\/\/blogg.svenskakyrkan.se\/vandravagen\/files\/2023\/05\/Ulr_logo_RGB.png\",\"width\":205,\"height\":77,\"caption\":\"ulricehamns pastorat\"},\"image\":{\"@id\":\"https:\/\/blogg.svenskakyrkan.se\/vandravagen\/#\/schema\/logo\/image\/\"},\"sameAs\":[\"http:\/\/facebook.com\/vandravagen\",\"https:\/\/x.com\/fadertomas\",\"http:\/\/www.facebook.com\/svenskakyrkaniulricehamn\"]},{\"@type\":\"Person\",\"@id\":\"https:\/\/blogg.svenskakyrkan.se\/vandravagen\/#\/schema\/person\/25da02d4f76b137d04291711e2c9fc16\",\"name\":\"Tomas Jarvid\",\"image\":{\"@type\":\"ImageObject\",\"inLanguage\":\"sv-SE\",\"@id\":\"https:\/\/blogg.svenskakyrkan.se\/vandravagen\/#\/schema\/person\/image\/\",\"url\":\"https:\/\/secure.gravatar.com\/avatar\/7fa71899795e8f540f615a1f5ab25255dc27aa40f05ee7ddd21aac521e01bf50?s=96&d=identicon&r=g\",\"contentUrl\":\"https:\/\/secure.gravatar.com\/avatar\/7fa71899795e8f540f615a1f5ab25255dc27aa40f05ee7ddd21aac521e01bf50?s=96&d=identicon&r=g\",\"caption\":\"Tomas Jarvid\"},\"description\":\"Jag bor i Ulricehamn i V\u00e4sterg\u00f6tland och \u00e4r f\u00f6rsamlingspr\u00e4st i Svenska Kyrkan f\u00f6r Dalstorps f\u00f6rsamling i Kinds pastorat. P\u00e5 den h\u00e4r bloggen skriver jag ner tankar om vandringen som kristen.\",\"sameAs\":[\"http:\/\/www.vandravagen.se\"],\"url\":\"https:\/\/blogg.svenskakyrkan.se\/vandravagen\/author\/vandravagen\/\"}]}<\/script>\n<!-- \/ Yoast SEO plugin. -->","yoast_head_json":{"title":"Gud talar i min hj\u00e4rna - Vandra V\u00e4gen","robots":{"index":"index","follow":"follow","max-snippet":"max-snippet:-1","max-image-preview":"max-image-preview:large","max-video-preview":"max-video-preview:-1"},"canonical":"https:\/\/blogg.svenskakyrkan.se\/vandravagen\/2015\/05\/06\/gud-talar-i-min-hjarna\/","og_locale":"sv_SE","og_type":"article","og_title":"Gud talar i min hj\u00e4rna - Vandra V\u00e4gen","og_description":"&nbsp; Dagens rubrik \u00e4r minst sagt m\u00e4rklig men kanske \u00e4r det sant? H\u00e4ng med i f\u00f6ljande: F\u00f6r ett bra tag sedan l\u00e4ste jag i den h\u00e4r boken om skapelseteologi\u00a0d\u00e4r det stod om ett teologiskt f\u00f6rs\u00f6k att f\u00f6rklara hur Gud kan handla i skapelsen utan att bryta mot naturlagarna. Tanken var att om man g\u00e5r ner [&hellip;]","og_url":"https:\/\/blogg.svenskakyrkan.se\/vandravagen\/2015\/05\/06\/gud-talar-i-min-hjarna\/","og_site_name":"Vandra V\u00e4gen","article_publisher":"http:\/\/facebook.com\/vandravagen","article_published_time":"2015-05-06T05:00:41+00:00","og_image":[{"url":"http:\/\/blogg.svenskakyrkan.se\/vandravagen\/files\/2015\/05\/IMG_6113-1024x678.jpg","type":"","width":"","height":""}],"author":"Tomas Jarvid","twitter_card":"summary_large_image","twitter_creator":"@fadertomas","twitter_site":"@fadertomas","twitter_misc":{"Skriven av":"Tomas Jarvid","Ber\u00e4knad l\u00e4stid":"3 minuter"},"schema":{"@context":"https:\/\/schema.org","@graph":[{"@type":"Article","@id":"https:\/\/blogg.svenskakyrkan.se\/vandravagen\/2015\/05\/06\/gud-talar-i-min-hjarna\/#article","isPartOf":{"@id":"https:\/\/blogg.svenskakyrkan.se\/vandravagen\/2015\/05\/06\/gud-talar-i-min-hjarna\/"},"author":{"name":"Tomas Jarvid","@id":"https:\/\/blogg.svenskakyrkan.se\/vandravagen\/#\/schema\/person\/25da02d4f76b137d04291711e2c9fc16"},"headline":"Gud talar i min hj\u00e4rna","datePublished":"2015-05-06T05:00:41+00:00","mainEntityOfPage":{"@id":"https:\/\/blogg.svenskakyrkan.se\/vandravagen\/2015\/05\/06\/gud-talar-i-min-hjarna\/"},"wordCount":542,"commentCount":15,"publisher":{"@id":"https:\/\/blogg.svenskakyrkan.se\/vandravagen\/#organization"},"image":{"@id":"https:\/\/blogg.svenskakyrkan.se\/vandravagen\/2015\/05\/06\/gud-talar-i-min-hjarna\/#primaryimage"},"thumbnailUrl":"http:\/\/blogg.svenskakyrkan.se\/vandravagen\/files\/2015\/05\/IMG_6113-1024x678.jpg","articleSection":["andlighet","Dagens Kyrka","skapelseteologi"],"inLanguage":"sv-SE","potentialAction":[{"@type":"CommentAction","name":"Comment","target":["https:\/\/blogg.svenskakyrkan.se\/vandravagen\/2015\/05\/06\/gud-talar-i-min-hjarna\/#respond"]}]},{"@type":"WebPage","@id":"https:\/\/blogg.svenskakyrkan.se\/vandravagen\/2015\/05\/06\/gud-talar-i-min-hjarna\/","url":"https:\/\/blogg.svenskakyrkan.se\/vandravagen\/2015\/05\/06\/gud-talar-i-min-hjarna\/","name":"Gud talar i min hj\u00e4rna - Vandra V\u00e4gen","isPartOf":{"@id":"https:\/\/blogg.svenskakyrkan.se\/vandravagen\/#website"},"primaryImageOfPage":{"@id":"https:\/\/blogg.svenskakyrkan.se\/vandravagen\/2015\/05\/06\/gud-talar-i-min-hjarna\/#primaryimage"},"image":{"@id":"https:\/\/blogg.svenskakyrkan.se\/vandravagen\/2015\/05\/06\/gud-talar-i-min-hjarna\/#primaryimage"},"thumbnailUrl":"http:\/\/blogg.svenskakyrkan.se\/vandravagen\/files\/2015\/05\/IMG_6113-1024x678.jpg","datePublished":"2015-05-06T05:00:41+00:00","breadcrumb":{"@id":"https:\/\/blogg.svenskakyrkan.se\/vandravagen\/2015\/05\/06\/gud-talar-i-min-hjarna\/#breadcrumb"},"inLanguage":"sv-SE","potentialAction":[{"@type":"ReadAction","target":["https:\/\/blogg.svenskakyrkan.se\/vandravagen\/2015\/05\/06\/gud-talar-i-min-hjarna\/"]}]},{"@type":"ImageObject","inLanguage":"sv-SE","@id":"https:\/\/blogg.svenskakyrkan.se\/vandravagen\/2015\/05\/06\/gud-talar-i-min-hjarna\/#primaryimage","url":"http:\/\/blogg.svenskakyrkan.se\/vandravagen\/files\/2015\/05\/IMG_6113-1024x678.jpg","contentUrl":"http:\/\/blogg.svenskakyrkan.se\/vandravagen\/files\/2015\/05\/IMG_6113-1024x678.jpg"},{"@type":"BreadcrumbList","@id":"https:\/\/blogg.svenskakyrkan.se\/vandravagen\/2015\/05\/06\/gud-talar-i-min-hjarna\/#breadcrumb","itemListElement":[{"@type":"ListItem","position":1,"name":"Hem","item":"https:\/\/blogg.svenskakyrkan.se\/vandravagen\/"},{"@type":"ListItem","position":2,"name":"Gud talar i min hj\u00e4rna"}]},{"@type":"WebSite","@id":"https:\/\/blogg.svenskakyrkan.se\/vandravagen\/#website","url":"https:\/\/blogg.svenskakyrkan.se\/vandravagen\/","name":"Vandra V\u00e4gen","description":"-Mot en tro f\u00f6r hela livet","publisher":{"@id":"https:\/\/blogg.svenskakyrkan.se\/vandravagen\/#organization"},"potentialAction":[{"@type":"SearchAction","target":{"@type":"EntryPoint","urlTemplate":"https:\/\/blogg.svenskakyrkan.se\/vandravagen\/?s={search_term_string}"},"query-input":{"@type":"PropertyValueSpecification","valueRequired":true,"valueName":"search_term_string"}}],"inLanguage":"sv-SE"},{"@type":"Organization","@id":"https:\/\/blogg.svenskakyrkan.se\/vandravagen\/#organization","name":"ulricehamns pastorat","alternateName":"ulricehamns pastorat","url":"https:\/\/blogg.svenskakyrkan.se\/vandravagen\/","logo":{"@type":"ImageObject","inLanguage":"sv-SE","@id":"https:\/\/blogg.svenskakyrkan.se\/vandravagen\/#\/schema\/logo\/image\/","url":"https:\/\/blogg.svenskakyrkan.se\/vandravagen\/files\/2023\/05\/Ulr_logo_RGB.png","contentUrl":"https:\/\/blogg.svenskakyrkan.se\/vandravagen\/files\/2023\/05\/Ulr_logo_RGB.png","width":205,"height":77,"caption":"ulricehamns pastorat"},"image":{"@id":"https:\/\/blogg.svenskakyrkan.se\/vandravagen\/#\/schema\/logo\/image\/"},"sameAs":["http:\/\/facebook.com\/vandravagen","https:\/\/x.com\/fadertomas","http:\/\/www.facebook.com\/svenskakyrkaniulricehamn"]},{"@type":"Person","@id":"https:\/\/blogg.svenskakyrkan.se\/vandravagen\/#\/schema\/person\/25da02d4f76b137d04291711e2c9fc16","name":"Tomas Jarvid","image":{"@type":"ImageObject","inLanguage":"sv-SE","@id":"https:\/\/blogg.svenskakyrkan.se\/vandravagen\/#\/schema\/person\/image\/","url":"https:\/\/secure.gravatar.com\/avatar\/7fa71899795e8f540f615a1f5ab25255dc27aa40f05ee7ddd21aac521e01bf50?s=96&d=identicon&r=g","contentUrl":"https:\/\/secure.gravatar.com\/avatar\/7fa71899795e8f540f615a1f5ab25255dc27aa40f05ee7ddd21aac521e01bf50?s=96&d=identicon&r=g","caption":"Tomas Jarvid"},"description":"Jag bor i Ulricehamn i V\u00e4sterg\u00f6tland och \u00e4r f\u00f6rsamlingspr\u00e4st i Svenska Kyrkan f\u00f6r Dalstorps f\u00f6rsamling i Kinds pastorat. P\u00e5 den h\u00e4r bloggen skriver jag ner tankar om vandringen som kristen.","sameAs":["http:\/\/www.vandravagen.se"],"url":"https:\/\/blogg.svenskakyrkan.se\/vandravagen\/author\/vandravagen\/"}]}},"author_meta":{"ID":"392","user_nicename":"vandravagen","user_url":"http:\/\/www.vandravagen.se","user_registered":"2014-05-19 05:44:52","display_name":"Tomas Jarvid","first_name":"Tomas","last_name":"Jarvid","avatar":"https:\/\/secure.gravatar.com\/avatar\/7fa71899795e8f540f615a1f5ab25255dc27aa40f05ee7ddd21aac521e01bf50?s=96&d=identicon&r=g"},"featured_image":false,"bloginfo":{"name":"Vandra V\u00e4gen","url":"https:\/\/blogg.svenskakyrkan.se\/vandravagen"},"_links":{"self":[{"href":"https:\/\/blogg.svenskakyrkan.se\/vandravagen\/wp-json\/wp\/v2\/posts\/3041","targetHints":{"allow":["GET"]}}],"collection":[{"href":"https:\/\/blogg.svenskakyrkan.se\/vandravagen\/wp-json\/wp\/v2\/posts"}],"about":[{"href":"https:\/\/blogg.svenskakyrkan.se\/vandravagen\/wp-json\/wp\/v2\/types\/post"}],"author":[{"embeddable":true,"href":"https:\/\/blogg.svenskakyrkan.se\/vandravagen\/wp-json\/wp\/v2\/users\/392"}],"replies":[{"embeddable":true,"href":"https:\/\/blogg.svenskakyrkan.se\/vandravagen\/wp-json\/wp\/v2\/comments?post=3041"}],"version-history":[{"count":2,"href":"https:\/\/blogg.svenskakyrkan.se\/vandravagen\/wp-json\/wp\/v2\/posts\/3041\/revisions"}],"predecessor-version":[{"id":3049,"href":"https:\/\/blogg.svenskakyrkan.se\/vandravagen\/wp-json\/wp\/v2\/posts\/3041\/revisions\/3049"}],"wp:attachment":[{"href":"https:\/\/blogg.svenskakyrkan.se\/vandravagen\/wp-json\/wp\/v2\/media?parent=3041"}],"wp:term":[{"taxonomy":"category","embeddable":true,"href":"https:\/\/blogg.svenskakyrkan.se\/vandravagen\/wp-json\/wp\/v2\/categories?post=3041"},{"taxonomy":"post_tag","embeddable":true,"href":"https:\/\/blogg.svenskakyrkan.se\/vandravagen\/wp-json\/wp\/v2\/tags?post=3041"}],"curies":[{"name":"wp","href":"https:\/\/api.w.org\/{rel}","templated":true}]}}