{"id":305,"date":"2013-10-22T07:20:00","date_gmt":"2013-10-22T05:20:00","guid":{"rendered":"http:\/\/blogg.svenskakyrkan.se\/vandravagen\/2013\/10\/22\/far-man-ta-kort-pa-gudstjanster\/"},"modified":"2013-10-22T07:20:00","modified_gmt":"2013-10-22T05:20:00","slug":"far-man-ta-kort-pa-gudstjanster","status":"publish","type":"post","link":"https:\/\/blogg.svenskakyrkan.se\/vandravagen\/2013\/10\/22\/far-man-ta-kort-pa-gudstjanster\/","title":{"rendered":"F\u00e5r man ta kort p\u00e5 gudstj\u00e4nster?"},"content":{"rendered":"<table align=\"center\" cellpadding=\"0\" cellspacing=\"0\">\n<tbody>\n<tr>\n<td><a href=\"http:\/\/1.bp.blogspot.com\/-d1r1hMN8Ms0\/UmYKyR9R53I\/AAAAAAAAFwg\/fqqXi6fvI4w\/s1600\/IMG_2964.jpg\"><img loading=\"lazy\" decoding=\"async\" border=\"0\" height=\"400\" src=\"http:\/\/1.bp.blogspot.com\/-d1r1hMN8Ms0\/UmYKyR9R53I\/AAAAAAAAFwg\/fqqXi6fvI4w\/s400\/IMG_2964.jpg\" width=\"331\"><\/a><\/td>\n<\/tr>\n<tr>\n<td>Fotad p\u00e5 gudstj\u00e4nst, ser lite st\u00f6rd ut?<\/td>\n<\/tr>\n<\/tbody>\n<\/table>\n<p>Det fotograferas mycket p\u00e5 gudstj\u00e4nster nu f\u00f6r tiden. D\u00e5 t\u00e4nker jag inte p\u00e5 att folk vill ha samlarbilder p\u00e5 pr\u00e4sten (det har inte blivit n\u00e5got stort problem f\u00f6r mig \u00e4n i alla fall?) utan framf\u00f6rallt fotgrafering p\u00e5 dop och br\u00f6llop.<\/p>\n<p>Jag brukar f\u00f6rs\u00f6ka s\u00e4ga till i b\u00f6rjan p\u00e5 dop eller vigselgudstj\u00e4nst om att l\u00e5ta bli kameran under de centrala delarna av gudstj\u00e4nsten (sj\u00e4lva dopet eller vigselns fr\u00e5gor\/l\u00f6ften). Det g\u00f6r jag inte fr\u00e4mst f\u00f6r att jag \u00e4r en grinig typ som tycker att det alltid ska vara stelt och tyst i kyrkan. Inte heller f\u00f6r att jag inte f\u00f6rst\u00e5r vitsen med s\u00e5dana kort. Det \u00e4r klart att alla vill minnas stora \u00f6gonblick i livet!<\/p>\n<p>Nej, anledningen \u00e4r att fotografering p\u00e5verkar r\u00e4tt mycket av det som h\u00e4nder i rummet under gudstj\u00e4nsten. Det p\u00e5verkar fotografen sj\u00e4lv som, medvetet eller omedvetet, st\u00e4ller sig p\u00e5 distans och blir \u00e5sk\u00e5dare till det som sker genom s\u00f6karen p\u00e5 kameran.<\/p>\n<p>Det p\u00e5verkar de som st\u00e5r d\u00e4r framme i allas \u00e5syn mitt i en av livets heligaste stunder av att ge l\u00f6ften till varandra. Det f\u00f6rs\u00e4mrar deras chans att vara n\u00e4rvarande i det som sker.<\/p>\n<p>Det p\u00e5verkar mig som pr\u00e4st och mitt f\u00f6rh\u00e5llande till gudstj\u00e4nstfirarna i b\u00e4nkarna. Koret blir en estrad, folket i b\u00e4nkarna \u00e5sk\u00e5dare. Jag blir en som producerar andlighet ist\u00e4llet f\u00f6r att det \u00e4r en gudstj\u00e4nst vi firar gemensamt.<\/p>\n<p>Jag tror att i v\u00e5r tid d\u00e5 kameran alltid finns med oss i mobilen och p\u00e5 andra s\u00e4tt m\u00e5ste vi fundera lite mer p\u00e5 n\u00e4r det \u00e4r l\u00e4mpligt att fotografera och n\u00e4r det \u00e4r l\u00e4mpligt att l\u00e5ta bli. Gudstj\u00e4nsten \u00e4r t\u00e4nkt att vara ett heligt m\u00f6te men om vi \u00e4r f\u00f6r upptagna med annat uteblir m\u00f6tet i v\u00e4rsta fall p\u00e5 grund av det.<\/p>\n<p>S\u00e5 svaret p\u00e5 fr\u00e5gan i rubriken \u00e4r&#8230; nja. F\u00e5r f\u00e5r man kanske men \u00e4r det alltid en bra id\u00e9?<\/p>\n","protected":false},"excerpt":{"rendered":"<p>Fotad p\u00e5 gudstj\u00e4nst, ser lite st\u00f6rd ut? Det fotograferas mycket p\u00e5 gudstj\u00e4nster nu f\u00f6r tiden. D\u00e5 t\u00e4nker jag inte p\u00e5 att folk vill ha samlarbilder p\u00e5 pr\u00e4sten (det har inte blivit n\u00e5got stort problem f\u00f6r mig \u00e4n i alla fall?) utan framf\u00f6rallt fotgrafering p\u00e5 dop och br\u00f6llop. Jag brukar f\u00f6rs\u00f6ka s\u00e4ga till i b\u00f6rjan p\u00e5 [&hellip;]<\/p>\n","protected":false},"author":392,"featured_media":0,"comment_status":"open","ping_status":"open","sticky":false,"template":"","format":"standard","meta":{"_acf_changed":false,"footnotes":""},"categories":[76189,8265],"tags":[],"class_list":["post-305","post","type-post","status-publish","format-standard","hentry","category-dagens-kyrka","category-gudstjanst"],"acf":[],"yoast_head":"<!-- This site is optimized with the Yoast SEO plugin v27.1.1 - https:\/\/yoast.com\/product\/yoast-seo-wordpress\/ -->\n<title>F\u00e5r man ta kort p\u00e5 gudstj\u00e4nster? - Vandra V\u00e4gen<\/title>\n<meta name=\"robots\" content=\"index, follow, max-snippet:-1, max-image-preview:large, max-video-preview:-1\" \/>\n<link rel=\"canonical\" href=\"https:\/\/blogg.svenskakyrkan.se\/vandravagen\/2013\/10\/22\/far-man-ta-kort-pa-gudstjanster\/\" \/>\n<meta property=\"og:locale\" content=\"sv_SE\" \/>\n<meta property=\"og:type\" content=\"article\" \/>\n<meta property=\"og:title\" content=\"F\u00e5r man ta kort p\u00e5 gudstj\u00e4nster? - Vandra V\u00e4gen\" \/>\n<meta property=\"og:description\" content=\"Fotad p\u00e5 gudstj\u00e4nst, ser lite st\u00f6rd ut? Det fotograferas mycket p\u00e5 gudstj\u00e4nster nu f\u00f6r tiden. D\u00e5 t\u00e4nker jag inte p\u00e5 att folk vill ha samlarbilder p\u00e5 pr\u00e4sten (det har inte blivit n\u00e5got stort problem f\u00f6r mig \u00e4n i alla fall?) utan framf\u00f6rallt fotgrafering p\u00e5 dop och br\u00f6llop. Jag brukar f\u00f6rs\u00f6ka s\u00e4ga till i b\u00f6rjan p\u00e5 [&hellip;]\" \/>\n<meta property=\"og:url\" content=\"https:\/\/blogg.svenskakyrkan.se\/vandravagen\/2013\/10\/22\/far-man-ta-kort-pa-gudstjanster\/\" \/>\n<meta property=\"og:site_name\" content=\"Vandra V\u00e4gen\" \/>\n<meta property=\"article:publisher\" content=\"http:\/\/facebook.com\/vandravagen\" \/>\n<meta property=\"article:published_time\" content=\"2013-10-22T05:20:00+00:00\" \/>\n<meta property=\"og:image\" content=\"http:\/\/1.bp.blogspot.com\/-d1r1hMN8Ms0\/UmYKyR9R53I\/AAAAAAAAFwg\/fqqXi6fvI4w\/s400\/IMG_2964.jpg\" \/>\n<meta name=\"author\" content=\"Tomas Jarvid\" \/>\n<meta name=\"twitter:card\" content=\"summary_large_image\" \/>\n<meta name=\"twitter:creator\" content=\"@fadertomas\" \/>\n<meta name=\"twitter:site\" content=\"@fadertomas\" \/>\n<meta name=\"twitter:label1\" content=\"Skriven av\" \/>\n\t<meta name=\"twitter:data1\" content=\"Tomas Jarvid\" \/>\n\t<meta name=\"twitter:label2\" content=\"Ber\u00e4knad l\u00e4stid\" \/>\n\t<meta name=\"twitter:data2\" content=\"2 minuter\" \/>\n<script type=\"application\/ld+json\" class=\"yoast-schema-graph\">{\"@context\":\"https:\/\/schema.org\",\"@graph\":[{\"@type\":\"Article\",\"@id\":\"https:\/\/blogg.svenskakyrkan.se\/vandravagen\/2013\/10\/22\/far-man-ta-kort-pa-gudstjanster\/#article\",\"isPartOf\":{\"@id\":\"https:\/\/blogg.svenskakyrkan.se\/vandravagen\/2013\/10\/22\/far-man-ta-kort-pa-gudstjanster\/\"},\"author\":{\"name\":\"Tomas Jarvid\",\"@id\":\"https:\/\/blogg.svenskakyrkan.se\/vandravagen\/#\/schema\/person\/25da02d4f76b137d04291711e2c9fc16\"},\"headline\":\"F\u00e5r man ta kort p\u00e5 gudstj\u00e4nster?\",\"datePublished\":\"2013-10-22T05:20:00+00:00\",\"mainEntityOfPage\":{\"@id\":\"https:\/\/blogg.svenskakyrkan.se\/vandravagen\/2013\/10\/22\/far-man-ta-kort-pa-gudstjanster\/\"},\"wordCount\":391,\"commentCount\":6,\"publisher\":{\"@id\":\"https:\/\/blogg.svenskakyrkan.se\/vandravagen\/#organization\"},\"image\":{\"@id\":\"https:\/\/blogg.svenskakyrkan.se\/vandravagen\/2013\/10\/22\/far-man-ta-kort-pa-gudstjanster\/#primaryimage\"},\"thumbnailUrl\":\"http:\/\/1.bp.blogspot.com\/-d1r1hMN8Ms0\/UmYKyR9R53I\/AAAAAAAAFwg\/fqqXi6fvI4w\/s400\/IMG_2964.jpg\",\"articleSection\":[\"Dagens Kyrka\",\"Gudstj\u00e4nst\"],\"inLanguage\":\"sv-SE\",\"potentialAction\":[{\"@type\":\"CommentAction\",\"name\":\"Comment\",\"target\":[\"https:\/\/blogg.svenskakyrkan.se\/vandravagen\/2013\/10\/22\/far-man-ta-kort-pa-gudstjanster\/#respond\"]}]},{\"@type\":\"WebPage\",\"@id\":\"https:\/\/blogg.svenskakyrkan.se\/vandravagen\/2013\/10\/22\/far-man-ta-kort-pa-gudstjanster\/\",\"url\":\"https:\/\/blogg.svenskakyrkan.se\/vandravagen\/2013\/10\/22\/far-man-ta-kort-pa-gudstjanster\/\",\"name\":\"F\u00e5r man ta kort p\u00e5 gudstj\u00e4nster? - Vandra V\u00e4gen\",\"isPartOf\":{\"@id\":\"https:\/\/blogg.svenskakyrkan.se\/vandravagen\/#website\"},\"primaryImageOfPage\":{\"@id\":\"https:\/\/blogg.svenskakyrkan.se\/vandravagen\/2013\/10\/22\/far-man-ta-kort-pa-gudstjanster\/#primaryimage\"},\"image\":{\"@id\":\"https:\/\/blogg.svenskakyrkan.se\/vandravagen\/2013\/10\/22\/far-man-ta-kort-pa-gudstjanster\/#primaryimage\"},\"thumbnailUrl\":\"http:\/\/1.bp.blogspot.com\/-d1r1hMN8Ms0\/UmYKyR9R53I\/AAAAAAAAFwg\/fqqXi6fvI4w\/s400\/IMG_2964.jpg\",\"datePublished\":\"2013-10-22T05:20:00+00:00\",\"breadcrumb\":{\"@id\":\"https:\/\/blogg.svenskakyrkan.se\/vandravagen\/2013\/10\/22\/far-man-ta-kort-pa-gudstjanster\/#breadcrumb\"},\"inLanguage\":\"sv-SE\",\"potentialAction\":[{\"@type\":\"ReadAction\",\"target\":[\"https:\/\/blogg.svenskakyrkan.se\/vandravagen\/2013\/10\/22\/far-man-ta-kort-pa-gudstjanster\/\"]}]},{\"@type\":\"ImageObject\",\"inLanguage\":\"sv-SE\",\"@id\":\"https:\/\/blogg.svenskakyrkan.se\/vandravagen\/2013\/10\/22\/far-man-ta-kort-pa-gudstjanster\/#primaryimage\",\"url\":\"http:\/\/1.bp.blogspot.com\/-d1r1hMN8Ms0\/UmYKyR9R53I\/AAAAAAAAFwg\/fqqXi6fvI4w\/s400\/IMG_2964.jpg\",\"contentUrl\":\"http:\/\/1.bp.blogspot.com\/-d1r1hMN8Ms0\/UmYKyR9R53I\/AAAAAAAAFwg\/fqqXi6fvI4w\/s400\/IMG_2964.jpg\"},{\"@type\":\"BreadcrumbList\",\"@id\":\"https:\/\/blogg.svenskakyrkan.se\/vandravagen\/2013\/10\/22\/far-man-ta-kort-pa-gudstjanster\/#breadcrumb\",\"itemListElement\":[{\"@type\":\"ListItem\",\"position\":1,\"name\":\"Hem\",\"item\":\"https:\/\/blogg.svenskakyrkan.se\/vandravagen\/\"},{\"@type\":\"ListItem\",\"position\":2,\"name\":\"F\u00e5r man ta kort p\u00e5 gudstj\u00e4nster?\"}]},{\"@type\":\"WebSite\",\"@id\":\"https:\/\/blogg.svenskakyrkan.se\/vandravagen\/#website\",\"url\":\"https:\/\/blogg.svenskakyrkan.se\/vandravagen\/\",\"name\":\"Vandra V\u00e4gen\",\"description\":\"-Mot en tro f\u00f6r hela livet\",\"publisher\":{\"@id\":\"https:\/\/blogg.svenskakyrkan.se\/vandravagen\/#organization\"},\"potentialAction\":[{\"@type\":\"SearchAction\",\"target\":{\"@type\":\"EntryPoint\",\"urlTemplate\":\"https:\/\/blogg.svenskakyrkan.se\/vandravagen\/?s={search_term_string}\"},\"query-input\":{\"@type\":\"PropertyValueSpecification\",\"valueRequired\":true,\"valueName\":\"search_term_string\"}}],\"inLanguage\":\"sv-SE\"},{\"@type\":\"Organization\",\"@id\":\"https:\/\/blogg.svenskakyrkan.se\/vandravagen\/#organization\",\"name\":\"ulricehamns pastorat\",\"alternateName\":\"ulricehamns pastorat\",\"url\":\"https:\/\/blogg.svenskakyrkan.se\/vandravagen\/\",\"logo\":{\"@type\":\"ImageObject\",\"inLanguage\":\"sv-SE\",\"@id\":\"https:\/\/blogg.svenskakyrkan.se\/vandravagen\/#\/schema\/logo\/image\/\",\"url\":\"https:\/\/blogg.svenskakyrkan.se\/vandravagen\/files\/2023\/05\/Ulr_logo_RGB.png\",\"contentUrl\":\"https:\/\/blogg.svenskakyrkan.se\/vandravagen\/files\/2023\/05\/Ulr_logo_RGB.png\",\"width\":205,\"height\":77,\"caption\":\"ulricehamns pastorat\"},\"image\":{\"@id\":\"https:\/\/blogg.svenskakyrkan.se\/vandravagen\/#\/schema\/logo\/image\/\"},\"sameAs\":[\"http:\/\/facebook.com\/vandravagen\",\"https:\/\/x.com\/fadertomas\",\"http:\/\/www.facebook.com\/svenskakyrkaniulricehamn\"]},{\"@type\":\"Person\",\"@id\":\"https:\/\/blogg.svenskakyrkan.se\/vandravagen\/#\/schema\/person\/25da02d4f76b137d04291711e2c9fc16\",\"name\":\"Tomas Jarvid\",\"image\":{\"@type\":\"ImageObject\",\"inLanguage\":\"sv-SE\",\"@id\":\"https:\/\/blogg.svenskakyrkan.se\/vandravagen\/#\/schema\/person\/image\/\",\"url\":\"https:\/\/secure.gravatar.com\/avatar\/7fa71899795e8f540f615a1f5ab25255dc27aa40f05ee7ddd21aac521e01bf50?s=96&d=identicon&r=g\",\"contentUrl\":\"https:\/\/secure.gravatar.com\/avatar\/7fa71899795e8f540f615a1f5ab25255dc27aa40f05ee7ddd21aac521e01bf50?s=96&d=identicon&r=g\",\"caption\":\"Tomas Jarvid\"},\"description\":\"Jag bor i Ulricehamn i V\u00e4sterg\u00f6tland och \u00e4r f\u00f6rsamlingspr\u00e4st i Svenska Kyrkan f\u00f6r Dalstorps f\u00f6rsamling i Kinds pastorat. P\u00e5 den h\u00e4r bloggen skriver jag ner tankar om vandringen som kristen.\",\"sameAs\":[\"http:\/\/www.vandravagen.se\"],\"url\":\"https:\/\/blogg.svenskakyrkan.se\/vandravagen\/author\/vandravagen\/\"}]}<\/script>\n<!-- \/ Yoast SEO plugin. -->","yoast_head_json":{"title":"F\u00e5r man ta kort p\u00e5 gudstj\u00e4nster? - Vandra V\u00e4gen","robots":{"index":"index","follow":"follow","max-snippet":"max-snippet:-1","max-image-preview":"max-image-preview:large","max-video-preview":"max-video-preview:-1"},"canonical":"https:\/\/blogg.svenskakyrkan.se\/vandravagen\/2013\/10\/22\/far-man-ta-kort-pa-gudstjanster\/","og_locale":"sv_SE","og_type":"article","og_title":"F\u00e5r man ta kort p\u00e5 gudstj\u00e4nster? - Vandra V\u00e4gen","og_description":"Fotad p\u00e5 gudstj\u00e4nst, ser lite st\u00f6rd ut? Det fotograferas mycket p\u00e5 gudstj\u00e4nster nu f\u00f6r tiden. D\u00e5 t\u00e4nker jag inte p\u00e5 att folk vill ha samlarbilder p\u00e5 pr\u00e4sten (det har inte blivit n\u00e5got stort problem f\u00f6r mig \u00e4n i alla fall?) utan framf\u00f6rallt fotgrafering p\u00e5 dop och br\u00f6llop. Jag brukar f\u00f6rs\u00f6ka s\u00e4ga till i b\u00f6rjan p\u00e5 [&hellip;]","og_url":"https:\/\/blogg.svenskakyrkan.se\/vandravagen\/2013\/10\/22\/far-man-ta-kort-pa-gudstjanster\/","og_site_name":"Vandra V\u00e4gen","article_publisher":"http:\/\/facebook.com\/vandravagen","article_published_time":"2013-10-22T05:20:00+00:00","og_image":[{"url":"http:\/\/1.bp.blogspot.com\/-d1r1hMN8Ms0\/UmYKyR9R53I\/AAAAAAAAFwg\/fqqXi6fvI4w\/s400\/IMG_2964.jpg","type":"","width":"","height":""}],"author":"Tomas Jarvid","twitter_card":"summary_large_image","twitter_creator":"@fadertomas","twitter_site":"@fadertomas","twitter_misc":{"Skriven av":"Tomas Jarvid","Ber\u00e4knad l\u00e4stid":"2 minuter"},"schema":{"@context":"https:\/\/schema.org","@graph":[{"@type":"Article","@id":"https:\/\/blogg.svenskakyrkan.se\/vandravagen\/2013\/10\/22\/far-man-ta-kort-pa-gudstjanster\/#article","isPartOf":{"@id":"https:\/\/blogg.svenskakyrkan.se\/vandravagen\/2013\/10\/22\/far-man-ta-kort-pa-gudstjanster\/"},"author":{"name":"Tomas Jarvid","@id":"https:\/\/blogg.svenskakyrkan.se\/vandravagen\/#\/schema\/person\/25da02d4f76b137d04291711e2c9fc16"},"headline":"F\u00e5r man ta kort p\u00e5 gudstj\u00e4nster?","datePublished":"2013-10-22T05:20:00+00:00","mainEntityOfPage":{"@id":"https:\/\/blogg.svenskakyrkan.se\/vandravagen\/2013\/10\/22\/far-man-ta-kort-pa-gudstjanster\/"},"wordCount":391,"commentCount":6,"publisher":{"@id":"https:\/\/blogg.svenskakyrkan.se\/vandravagen\/#organization"},"image":{"@id":"https:\/\/blogg.svenskakyrkan.se\/vandravagen\/2013\/10\/22\/far-man-ta-kort-pa-gudstjanster\/#primaryimage"},"thumbnailUrl":"http:\/\/1.bp.blogspot.com\/-d1r1hMN8Ms0\/UmYKyR9R53I\/AAAAAAAAFwg\/fqqXi6fvI4w\/s400\/IMG_2964.jpg","articleSection":["Dagens Kyrka","Gudstj\u00e4nst"],"inLanguage":"sv-SE","potentialAction":[{"@type":"CommentAction","name":"Comment","target":["https:\/\/blogg.svenskakyrkan.se\/vandravagen\/2013\/10\/22\/far-man-ta-kort-pa-gudstjanster\/#respond"]}]},{"@type":"WebPage","@id":"https:\/\/blogg.svenskakyrkan.se\/vandravagen\/2013\/10\/22\/far-man-ta-kort-pa-gudstjanster\/","url":"https:\/\/blogg.svenskakyrkan.se\/vandravagen\/2013\/10\/22\/far-man-ta-kort-pa-gudstjanster\/","name":"F\u00e5r man ta kort p\u00e5 gudstj\u00e4nster? - Vandra V\u00e4gen","isPartOf":{"@id":"https:\/\/blogg.svenskakyrkan.se\/vandravagen\/#website"},"primaryImageOfPage":{"@id":"https:\/\/blogg.svenskakyrkan.se\/vandravagen\/2013\/10\/22\/far-man-ta-kort-pa-gudstjanster\/#primaryimage"},"image":{"@id":"https:\/\/blogg.svenskakyrkan.se\/vandravagen\/2013\/10\/22\/far-man-ta-kort-pa-gudstjanster\/#primaryimage"},"thumbnailUrl":"http:\/\/1.bp.blogspot.com\/-d1r1hMN8Ms0\/UmYKyR9R53I\/AAAAAAAAFwg\/fqqXi6fvI4w\/s400\/IMG_2964.jpg","datePublished":"2013-10-22T05:20:00+00:00","breadcrumb":{"@id":"https:\/\/blogg.svenskakyrkan.se\/vandravagen\/2013\/10\/22\/far-man-ta-kort-pa-gudstjanster\/#breadcrumb"},"inLanguage":"sv-SE","potentialAction":[{"@type":"ReadAction","target":["https:\/\/blogg.svenskakyrkan.se\/vandravagen\/2013\/10\/22\/far-man-ta-kort-pa-gudstjanster\/"]}]},{"@type":"ImageObject","inLanguage":"sv-SE","@id":"https:\/\/blogg.svenskakyrkan.se\/vandravagen\/2013\/10\/22\/far-man-ta-kort-pa-gudstjanster\/#primaryimage","url":"http:\/\/1.bp.blogspot.com\/-d1r1hMN8Ms0\/UmYKyR9R53I\/AAAAAAAAFwg\/fqqXi6fvI4w\/s400\/IMG_2964.jpg","contentUrl":"http:\/\/1.bp.blogspot.com\/-d1r1hMN8Ms0\/UmYKyR9R53I\/AAAAAAAAFwg\/fqqXi6fvI4w\/s400\/IMG_2964.jpg"},{"@type":"BreadcrumbList","@id":"https:\/\/blogg.svenskakyrkan.se\/vandravagen\/2013\/10\/22\/far-man-ta-kort-pa-gudstjanster\/#breadcrumb","itemListElement":[{"@type":"ListItem","position":1,"name":"Hem","item":"https:\/\/blogg.svenskakyrkan.se\/vandravagen\/"},{"@type":"ListItem","position":2,"name":"F\u00e5r man ta kort p\u00e5 gudstj\u00e4nster?"}]},{"@type":"WebSite","@id":"https:\/\/blogg.svenskakyrkan.se\/vandravagen\/#website","url":"https:\/\/blogg.svenskakyrkan.se\/vandravagen\/","name":"Vandra V\u00e4gen","description":"-Mot en tro f\u00f6r hela livet","publisher":{"@id":"https:\/\/blogg.svenskakyrkan.se\/vandravagen\/#organization"},"potentialAction":[{"@type":"SearchAction","target":{"@type":"EntryPoint","urlTemplate":"https:\/\/blogg.svenskakyrkan.se\/vandravagen\/?s={search_term_string}"},"query-input":{"@type":"PropertyValueSpecification","valueRequired":true,"valueName":"search_term_string"}}],"inLanguage":"sv-SE"},{"@type":"Organization","@id":"https:\/\/blogg.svenskakyrkan.se\/vandravagen\/#organization","name":"ulricehamns pastorat","alternateName":"ulricehamns pastorat","url":"https:\/\/blogg.svenskakyrkan.se\/vandravagen\/","logo":{"@type":"ImageObject","inLanguage":"sv-SE","@id":"https:\/\/blogg.svenskakyrkan.se\/vandravagen\/#\/schema\/logo\/image\/","url":"https:\/\/blogg.svenskakyrkan.se\/vandravagen\/files\/2023\/05\/Ulr_logo_RGB.png","contentUrl":"https:\/\/blogg.svenskakyrkan.se\/vandravagen\/files\/2023\/05\/Ulr_logo_RGB.png","width":205,"height":77,"caption":"ulricehamns pastorat"},"image":{"@id":"https:\/\/blogg.svenskakyrkan.se\/vandravagen\/#\/schema\/logo\/image\/"},"sameAs":["http:\/\/facebook.com\/vandravagen","https:\/\/x.com\/fadertomas","http:\/\/www.facebook.com\/svenskakyrkaniulricehamn"]},{"@type":"Person","@id":"https:\/\/blogg.svenskakyrkan.se\/vandravagen\/#\/schema\/person\/25da02d4f76b137d04291711e2c9fc16","name":"Tomas Jarvid","image":{"@type":"ImageObject","inLanguage":"sv-SE","@id":"https:\/\/blogg.svenskakyrkan.se\/vandravagen\/#\/schema\/person\/image\/","url":"https:\/\/secure.gravatar.com\/avatar\/7fa71899795e8f540f615a1f5ab25255dc27aa40f05ee7ddd21aac521e01bf50?s=96&d=identicon&r=g","contentUrl":"https:\/\/secure.gravatar.com\/avatar\/7fa71899795e8f540f615a1f5ab25255dc27aa40f05ee7ddd21aac521e01bf50?s=96&d=identicon&r=g","caption":"Tomas Jarvid"},"description":"Jag bor i Ulricehamn i V\u00e4sterg\u00f6tland och \u00e4r f\u00f6rsamlingspr\u00e4st i Svenska Kyrkan f\u00f6r Dalstorps f\u00f6rsamling i Kinds pastorat. P\u00e5 den h\u00e4r bloggen skriver jag ner tankar om vandringen som kristen.","sameAs":["http:\/\/www.vandravagen.se"],"url":"https:\/\/blogg.svenskakyrkan.se\/vandravagen\/author\/vandravagen\/"}]}},"author_meta":{"ID":"392","user_nicename":"vandravagen","user_url":"http:\/\/www.vandravagen.se","user_registered":"2014-05-19 05:44:52","display_name":"Tomas Jarvid","first_name":"Tomas","last_name":"Jarvid","avatar":"https:\/\/secure.gravatar.com\/avatar\/7fa71899795e8f540f615a1f5ab25255dc27aa40f05ee7ddd21aac521e01bf50?s=96&d=identicon&r=g"},"featured_image":false,"bloginfo":{"name":"Vandra V\u00e4gen","url":"https:\/\/blogg.svenskakyrkan.se\/vandravagen"},"_links":{"self":[{"href":"https:\/\/blogg.svenskakyrkan.se\/vandravagen\/wp-json\/wp\/v2\/posts\/305","targetHints":{"allow":["GET"]}}],"collection":[{"href":"https:\/\/blogg.svenskakyrkan.se\/vandravagen\/wp-json\/wp\/v2\/posts"}],"about":[{"href":"https:\/\/blogg.svenskakyrkan.se\/vandravagen\/wp-json\/wp\/v2\/types\/post"}],"author":[{"embeddable":true,"href":"https:\/\/blogg.svenskakyrkan.se\/vandravagen\/wp-json\/wp\/v2\/users\/392"}],"replies":[{"embeddable":true,"href":"https:\/\/blogg.svenskakyrkan.se\/vandravagen\/wp-json\/wp\/v2\/comments?post=305"}],"version-history":[{"count":0,"href":"https:\/\/blogg.svenskakyrkan.se\/vandravagen\/wp-json\/wp\/v2\/posts\/305\/revisions"}],"wp:attachment":[{"href":"https:\/\/blogg.svenskakyrkan.se\/vandravagen\/wp-json\/wp\/v2\/media?parent=305"}],"wp:term":[{"taxonomy":"category","embeddable":true,"href":"https:\/\/blogg.svenskakyrkan.se\/vandravagen\/wp-json\/wp\/v2\/categories?post=305"},{"taxonomy":"post_tag","embeddable":true,"href":"https:\/\/blogg.svenskakyrkan.se\/vandravagen\/wp-json\/wp\/v2\/tags?post=305"}],"curies":[{"name":"wp","href":"https:\/\/api.w.org\/{rel}","templated":true}]}}