{"id":306,"date":"2013-10-21T10:36:00","date_gmt":"2013-10-21T08:36:00","guid":{"rendered":"http:\/\/blogg.svenskakyrkan.se\/vandravagen\/2013\/10\/21\/elvis-sackaios-och-jesus\/"},"modified":"2013-10-21T10:36:00","modified_gmt":"2013-10-21T08:36:00","slug":"elvis-sackaios-och-jesus","status":"publish","type":"post","link":"https:\/\/blogg.svenskakyrkan.se\/vandravagen\/2013\/10\/21\/elvis-sackaios-och-jesus\/","title":{"rendered":"Elvis, Sackaios och Jesus"},"content":{"rendered":"<table align=\"center\" cellpadding=\"0\" cellspacing=\"0\">\n<tbody>\n<tr>\n<td><a href=\"https:\/\/encrypted-tbn3.gstatic.com\/images?q=tbn:ANd9GcRm2Cjril-ksAZSWRmDX-bFcpQ_OD-Rr19vcDxi8WnHE_PKfL7nLg\"><img loading=\"lazy\" decoding=\"async\" border=\"0\" height=\"400\" src=\"https:\/\/encrypted-tbn3.gstatic.com\/images?q=tbn:ANd9GcRm2Cjril-ksAZSWRmDX-bFcpQ_OD-Rr19vcDxi8WnHE_PKfL7nLg\" width=\"310\"><\/a><\/td>\n<\/tr>\n<tr>\n<td>The King<\/td>\n<\/tr>\n<\/tbody>\n<\/table>\n<div><\/div>\n<p>I g\u00e5r hade vi en mycket lyckad musikgudstj\u00e4nst i Kinne-Kleva kyrka. F\u00f6rsamlingens k\u00f6r Cantabile och bandet Graceland fr\u00e5n Mariestad spelade och sj\u00f6ng olika l\u00e5tar med anknytning till Elvis. Mot slutet sade jag ocks\u00e5 n\u00e5gra ord d\u00e4r jag pratade om Elvis och Sackaios (han som kl\u00e4ttrade i tr\u00e4d f\u00f6r att se Jesus) och Jesus. Jag hann ocks\u00e5 s\u00e4ga n\u00e5gra ord om &#8221;O store Gud&#8221;, den svenska s\u00e5ng som Elvis fick en grammy f\u00f6r.<\/p>\n<p>H\u00e4r \u00e4r vad jag sade:<\/p>\n<p>Vi har sjungit \u201dO store Gud\u201d, Sveriges genom tiderna st\u00f6rsta musikexport. Kanske \u00e4r det s\u00e5. Den skrevs av Boberg nere i Sm\u00e5land och det finns ett museum i M\u00f6nster\u00e5s om den psalmen! P\u00e5 m\u00e4rkliga v\u00e4gar gick den genom v\u00e4rlden. I Estland blev den \u00f6versatt till tyska, fr\u00e5n tyska blev den \u00f6versatt till ryska, i Ukraina var det en mission\u00e4r som kom \u00f6ver den och anv\u00e4nde den och \u00f6versatte till engelska och s\u00e5 sj\u00f6ngs den pl\u00f6tsligt i England p\u00e5 40-talet. Sedan tog det fart \u00e4nnu mer n\u00e4r Billy Graham reste runt med sina stora \u201dkorst\u00e5g\u201d och d\u00e5 sj\u00f6ngs s\u00e5ngen, till slut spelade Elvis in den 1967 och fick grammys f\u00f6r den. N\u00e5gon ska ha ber\u00e4ttat f\u00f6r Elvis att den kom fr\u00e5n Sverige och d\u00e5 ska han ha sagt att \u201dt\u00e4nk att en s\u00e5dan stor s\u00e5ng kan komma fr\u00e5n ett s\u00e5 litet land\u201d. Som jag f\u00f6rst\u00e5tt det var det liksom med omv\u00e4gen runt jorden s\u00e5 h\u00e4r som den s\u00e5 sm\u00e5ningom blev popul\u00e4r hemma i Sverige ocks\u00e5. Mycket m\u00e4rkligt.  <\/p>\n<p>Vad som \u00e4r stort och vad som \u00e4r litet \u00e4r inte alltid s\u00e5 l\u00e4tt att se. Livet har m\u00e5nga s\u00e5na h\u00e4r underliga v\u00e4ndningar, vem kunde tro att en s\u00e5ng skulle g\u00e5 fr\u00e5n \u00f6vers\u00e4ttning till \u00f6vers\u00e4ttning genom hela stora ryssland, \u00f6ver till USA, f\u00f6r att sedan hitta hem till Sverige och till m\u00e4nniskors hj\u00e4rtan h\u00e4r? Vem kan veta vad det blir av det vi g\u00f6r om Gud r\u00f6r vid det?<\/p>\n<p>Elvis \u00e4r en person som fascinerar otroligt m\u00e5nga m\u00e4nniskor. \u201dthe king\u201d, en som verkligen uppn\u00e5tt h\u00f6gsta h\u00f6jden av ber\u00f6mmelse, rikedom och framg\u00e5ng.   Hur \u00e4r det att leva det livet, kanske \u00e4r det det vi undrar n\u00e4r vi l\u00e4r oss mer och mer om stj\u00e4rnor av olika slag. Vi \u00e4r ju betydligt fler som inte blir ber\u00f6mda och som kan t\u00e4nka att vi passerar r\u00e4tt obem\u00e4rkt f\u00f6rbi h\u00e4r i v\u00e4rlden. Men det d\u00e4r med vem som \u00e4r stor och vem som \u00e4r liten kanske inte \u00e4r som det ser ut att vara? <\/p>\n<p>Denna s\u00f6ndag l\u00e4ser vi i kyrkan om en man som kanske p\u00e5 ett s\u00e4tt \u00e4r Elvis motsats. Han var inte popul\u00e4r f\u00f6r fem \u00f6re, han var inte stilig och charmig heller s\u00e5 vitt vi vet. F\u00f6rmodligen var han en r\u00e4tt elak person. Men han ville g\u00e4rna bli stor, vara n\u00e5gon.  Han ville bli rik och vinna m\u00e4nniskors respekt, om inte annat s\u00e5 genom att ha makt och bli \u00e5tlydd. <\/p>\n<blockquote>\n<p>Han (Jesus) kom in i Jeriko och gick genom staden. 2D\u00e4r fanns en man som hette Sackaios, och han hade hand om tullen och han var rik. 3Han ville g\u00e4rna se vem denne Jesus var men kunde inte f\u00f6r folkmassan, f\u00f6r han var liten till v\u00e4xten. 4Han sprang i f\u00f6rv\u00e4g och kl\u00e4ttrade upp i en sykomor f\u00f6r att kunna se honom, eftersom han skulle g\u00e5 f\u00f6rbi d\u00e4r. 5N\u00e4r Jesus kom dit s\u00e5g han upp mot honom och sade: &#8221;Skynda dig ner, Sackaios, i dag skall jag g\u00e4sta ditt hem.&#8221;<br \/>6Sackaios skyndade sig ner och tog emot honom med gl\u00e4dje. 7Alla som s\u00e5g det mumlade f\u00f6rargat: &#8221;Han har tagit in hos en syndare.&#8221; 8Men Sackaios st\u00e4llde sig upp och sade till Herren: &#8221;H\u00e4lften av vad jag \u00e4ger, herre, skall jag ge \u00e5t de fattiga. Och har jag pressat ut pengar av n\u00e5gon skall jag betala igen det fyrdubbelt.&#8221; 9Jesus sade till honom: &#8221;I dag har r\u00e4ddningen n\u00e5tt detta hus &#8211; han \u00e4r ocks\u00e5 en son till Abraham, 10och M\u00e4nniskosonen har kommit f\u00f6r att s\u00f6ka efter det som var f\u00f6rlorat och r\u00e4dda det.&#8221; (Luk 19:1-10, bibel 2000)<\/p>\n<\/blockquote>\n<p>Jesus m\u00f6ter Sackaios och s\u00e4ger att han vill vara med honom (det kanske inte m\u00e5nga andra ville), men d\u00e5 kr\u00e4vs det en sak f\u00f6r att de ska kunna m\u00f6tas. <\/p>\n<p>Sackaios m\u00e5ste bli mycket b\u00e4ttre och mer imponerande och omtyckt av alla f\u00f6rst. <\/p>\n<p>Nej, s\u00e5 st\u00e5r det ju inte! Nej, det enda som kr\u00e4vs \u00e4r att Sackaios m\u00e5ste komma ner fr\u00e5n tr\u00e4det d\u00e4r han sitter f\u00f6r Jesus sj\u00e4lv finns d\u00e4r nere p\u00e5 markplan. S\u00e5 \u00e4r det konkret men ocks\u00e5 bildligt.  <\/p>\n<p>Jesus \u00e4r en som s\u00e4tter fr\u00e5gan om vem som \u00e4r stor p\u00e5 sin spets. Han gick n\u00e4mligen helt motsatt v\u00e4g. Fr\u00e5n h\u00f6ga h\u00f6jder, ner till att f\u00f6das i ett stall, v\u00e4lja att leva med fattiga och enkla och till sist, l\u00e4gst av alla, d\u00f6 p\u00e5 korset. <\/p>\n<p>Jesus vill m\u00f6ta alla men det \u00e4r inte alla som \u00e4r lika l\u00e4tta f\u00f6r honom att komma till tals med. Det \u00e4r sv\u00e5rt f\u00f6r honom att m\u00f6ta miljon\u00e4rer, stj\u00e4rnor, generaldirekt\u00f6rer, k\u00e4ndisar, den snyggaste i klassen, den som hatar mycket, den med den coolaste imagen, det \u00e4r sv\u00e5rt f\u00f6r honom. Han har v\u00e4l sina v\u00e4gar \u00e4nd\u00e5, han n\u00e5r ju Sackaios. Det \u00e4r sv\u00e5rt om de \u00e4r f\u00f6r h\u00f6gt upp p\u00e5 sina stegar, f\u00f6r fast i sina roller, sin status. Sin jakt p\u00e5 status. Jesus kan bara m\u00f6ta oss som m\u00e4nniskor. Vi m\u00e5ste l\u00e4mna, komma ner fr\u00e5n s\u00e5nt om vi ska m\u00f6ta honom. Och det \u00e4r s\u00e5 vi vill ha det, egentligen. Vi vill inte bli beundrade, g\u00f6ra intryck, bli fruktade, inget s\u00e5dant om vi ist\u00e4llet kan bli \u00e4lskade. \u00c4lskad kan man bara bli om man k\u00e4nns vid sin egen litenhet. Vi m\u00e5ste kliva ner. <\/p>\n<p>S\u00e5 vad skulle Jesus s\u00e4ga till Elvis? Jag vill vara med dig. Det s\u00e4ger han till oss alla. Men jag \u00e4r inte s\u00e5 intresserad av superstj\u00e4rnan, jag \u00e4r intresserad av dig. S\u00e5 \u00e4r det med dig och mig ocks\u00e5. Jag \u00e4r inte s\u00e5 intresserad av dina meriter eller din status, jag \u00e4r intresserad av dig. Gud \u00e4r en s\u00e5 stor gud att vi \u00e4nd\u00e5 \u00e4r sm\u00e5 bredvid honom, det vi har att visa upp \u00e4r i n\u00e5gon mening s\u00e5dant vi f\u00e5tt som g\u00e5va fr\u00e5n honom. Vi f\u00e5r se till att inte vara s\u00e5 upptagna med att vara stora att vi inte h\u00f6r hans r\u00f6st. <\/p>\n<p>F\u00f6rsta g\u00e5ngen jag talat om Elvis och Sackaios i samma predikan. Kanske inte sista? Vad s\u00e4ger du, skriv en kommentar!<\/p>\n","protected":false},"excerpt":{"rendered":"<p>The King I g\u00e5r hade vi en mycket lyckad musikgudstj\u00e4nst i Kinne-Kleva kyrka. F\u00f6rsamlingens k\u00f6r Cantabile och bandet Graceland fr\u00e5n Mariestad spelade och sj\u00f6ng olika l\u00e5tar med anknytning till Elvis. Mot slutet sade jag ocks\u00e5 n\u00e5gra ord d\u00e4r jag pratade om Elvis och Sackaios (han som kl\u00e4ttrade i tr\u00e4d f\u00f6r att se Jesus) och Jesus. [&hellip;]<\/p>\n","protected":false},"author":392,"featured_media":0,"comment_status":"open","ping_status":"open","sticky":false,"template":"","format":"standard","meta":{"_acf_changed":false,"footnotes":""},"categories":[76189,114,117],"tags":[],"class_list":["post-306","post","type-post","status-publish","format-standard","hentry","category-dagens-kyrka","category-predikan","category-teologi"],"acf":[],"yoast_head":"<!-- This site is optimized with the Yoast SEO plugin v27.1.1 - https:\/\/yoast.com\/product\/yoast-seo-wordpress\/ -->\n<title>Elvis, Sackaios och Jesus - Vandra V\u00e4gen<\/title>\n<meta name=\"robots\" content=\"index, follow, max-snippet:-1, max-image-preview:large, max-video-preview:-1\" \/>\n<link rel=\"canonical\" href=\"https:\/\/blogg.svenskakyrkan.se\/vandravagen\/2013\/10\/21\/elvis-sackaios-och-jesus\/\" \/>\n<meta property=\"og:locale\" content=\"sv_SE\" \/>\n<meta property=\"og:type\" content=\"article\" \/>\n<meta property=\"og:title\" content=\"Elvis, Sackaios och Jesus - Vandra V\u00e4gen\" \/>\n<meta property=\"og:description\" content=\"The King I g\u00e5r hade vi en mycket lyckad musikgudstj\u00e4nst i Kinne-Kleva kyrka. F\u00f6rsamlingens k\u00f6r Cantabile och bandet Graceland fr\u00e5n Mariestad spelade och sj\u00f6ng olika l\u00e5tar med anknytning till Elvis. Mot slutet sade jag ocks\u00e5 n\u00e5gra ord d\u00e4r jag pratade om Elvis och Sackaios (han som kl\u00e4ttrade i tr\u00e4d f\u00f6r att se Jesus) och Jesus. [&hellip;]\" \/>\n<meta property=\"og:url\" content=\"https:\/\/blogg.svenskakyrkan.se\/vandravagen\/2013\/10\/21\/elvis-sackaios-och-jesus\/\" \/>\n<meta property=\"og:site_name\" content=\"Vandra V\u00e4gen\" \/>\n<meta property=\"article:publisher\" content=\"http:\/\/facebook.com\/vandravagen\" \/>\n<meta property=\"article:published_time\" content=\"2013-10-21T08:36:00+00:00\" \/>\n<meta property=\"og:image\" content=\"https:\/\/encrypted-tbn3.gstatic.com\/images?q=tbn:ANd9GcRm2Cjril-ksAZSWRmDX-bFcpQ_OD-Rr19vcDxi8WnHE_PKfL7nLg\" \/>\n<meta name=\"author\" content=\"Tomas Jarvid\" \/>\n<meta name=\"twitter:card\" content=\"summary_large_image\" \/>\n<meta name=\"twitter:creator\" content=\"@fadertomas\" \/>\n<meta name=\"twitter:site\" content=\"@fadertomas\" \/>\n<meta name=\"twitter:label1\" content=\"Skriven av\" \/>\n\t<meta name=\"twitter:data1\" content=\"Tomas Jarvid\" \/>\n\t<meta name=\"twitter:label2\" content=\"Ber\u00e4knad l\u00e4stid\" \/>\n\t<meta name=\"twitter:data2\" content=\"6 minuter\" \/>\n<script type=\"application\/ld+json\" class=\"yoast-schema-graph\">{\"@context\":\"https:\/\/schema.org\",\"@graph\":[{\"@type\":\"Article\",\"@id\":\"https:\/\/blogg.svenskakyrkan.se\/vandravagen\/2013\/10\/21\/elvis-sackaios-och-jesus\/#article\",\"isPartOf\":{\"@id\":\"https:\/\/blogg.svenskakyrkan.se\/vandravagen\/2013\/10\/21\/elvis-sackaios-och-jesus\/\"},\"author\":{\"name\":\"Tomas Jarvid\",\"@id\":\"https:\/\/blogg.svenskakyrkan.se\/vandravagen\/#\/schema\/person\/25da02d4f76b137d04291711e2c9fc16\"},\"headline\":\"Elvis, Sackaios och Jesus\",\"datePublished\":\"2013-10-21T08:36:00+00:00\",\"mainEntityOfPage\":{\"@id\":\"https:\/\/blogg.svenskakyrkan.se\/vandravagen\/2013\/10\/21\/elvis-sackaios-och-jesus\/\"},\"wordCount\":1245,\"commentCount\":1,\"publisher\":{\"@id\":\"https:\/\/blogg.svenskakyrkan.se\/vandravagen\/#organization\"},\"image\":{\"@id\":\"https:\/\/blogg.svenskakyrkan.se\/vandravagen\/2013\/10\/21\/elvis-sackaios-och-jesus\/#primaryimage\"},\"thumbnailUrl\":\"https:\/\/encrypted-tbn3.gstatic.com\/images?q=tbn:ANd9GcRm2Cjril-ksAZSWRmDX-bFcpQ_OD-Rr19vcDxi8WnHE_PKfL7nLg\",\"articleSection\":[\"Dagens Kyrka\",\"predikan\",\"Teologi\"],\"inLanguage\":\"sv-SE\",\"potentialAction\":[{\"@type\":\"CommentAction\",\"name\":\"Comment\",\"target\":[\"https:\/\/blogg.svenskakyrkan.se\/vandravagen\/2013\/10\/21\/elvis-sackaios-och-jesus\/#respond\"]}]},{\"@type\":\"WebPage\",\"@id\":\"https:\/\/blogg.svenskakyrkan.se\/vandravagen\/2013\/10\/21\/elvis-sackaios-och-jesus\/\",\"url\":\"https:\/\/blogg.svenskakyrkan.se\/vandravagen\/2013\/10\/21\/elvis-sackaios-och-jesus\/\",\"name\":\"Elvis, Sackaios och Jesus - Vandra V\u00e4gen\",\"isPartOf\":{\"@id\":\"https:\/\/blogg.svenskakyrkan.se\/vandravagen\/#website\"},\"primaryImageOfPage\":{\"@id\":\"https:\/\/blogg.svenskakyrkan.se\/vandravagen\/2013\/10\/21\/elvis-sackaios-och-jesus\/#primaryimage\"},\"image\":{\"@id\":\"https:\/\/blogg.svenskakyrkan.se\/vandravagen\/2013\/10\/21\/elvis-sackaios-och-jesus\/#primaryimage\"},\"thumbnailUrl\":\"https:\/\/encrypted-tbn3.gstatic.com\/images?q=tbn:ANd9GcRm2Cjril-ksAZSWRmDX-bFcpQ_OD-Rr19vcDxi8WnHE_PKfL7nLg\",\"datePublished\":\"2013-10-21T08:36:00+00:00\",\"breadcrumb\":{\"@id\":\"https:\/\/blogg.svenskakyrkan.se\/vandravagen\/2013\/10\/21\/elvis-sackaios-och-jesus\/#breadcrumb\"},\"inLanguage\":\"sv-SE\",\"potentialAction\":[{\"@type\":\"ReadAction\",\"target\":[\"https:\/\/blogg.svenskakyrkan.se\/vandravagen\/2013\/10\/21\/elvis-sackaios-och-jesus\/\"]}]},{\"@type\":\"ImageObject\",\"inLanguage\":\"sv-SE\",\"@id\":\"https:\/\/blogg.svenskakyrkan.se\/vandravagen\/2013\/10\/21\/elvis-sackaios-och-jesus\/#primaryimage\",\"url\":\"https:\/\/encrypted-tbn3.gstatic.com\/images?q=tbn:ANd9GcRm2Cjril-ksAZSWRmDX-bFcpQ_OD-Rr19vcDxi8WnHE_PKfL7nLg\",\"contentUrl\":\"https:\/\/encrypted-tbn3.gstatic.com\/images?q=tbn:ANd9GcRm2Cjril-ksAZSWRmDX-bFcpQ_OD-Rr19vcDxi8WnHE_PKfL7nLg\"},{\"@type\":\"BreadcrumbList\",\"@id\":\"https:\/\/blogg.svenskakyrkan.se\/vandravagen\/2013\/10\/21\/elvis-sackaios-och-jesus\/#breadcrumb\",\"itemListElement\":[{\"@type\":\"ListItem\",\"position\":1,\"name\":\"Hem\",\"item\":\"https:\/\/blogg.svenskakyrkan.se\/vandravagen\/\"},{\"@type\":\"ListItem\",\"position\":2,\"name\":\"Elvis, Sackaios och Jesus\"}]},{\"@type\":\"WebSite\",\"@id\":\"https:\/\/blogg.svenskakyrkan.se\/vandravagen\/#website\",\"url\":\"https:\/\/blogg.svenskakyrkan.se\/vandravagen\/\",\"name\":\"Vandra V\u00e4gen\",\"description\":\"-Mot en tro f\u00f6r hela livet\",\"publisher\":{\"@id\":\"https:\/\/blogg.svenskakyrkan.se\/vandravagen\/#organization\"},\"potentialAction\":[{\"@type\":\"SearchAction\",\"target\":{\"@type\":\"EntryPoint\",\"urlTemplate\":\"https:\/\/blogg.svenskakyrkan.se\/vandravagen\/?s={search_term_string}\"},\"query-input\":{\"@type\":\"PropertyValueSpecification\",\"valueRequired\":true,\"valueName\":\"search_term_string\"}}],\"inLanguage\":\"sv-SE\"},{\"@type\":\"Organization\",\"@id\":\"https:\/\/blogg.svenskakyrkan.se\/vandravagen\/#organization\",\"name\":\"ulricehamns pastorat\",\"alternateName\":\"ulricehamns pastorat\",\"url\":\"https:\/\/blogg.svenskakyrkan.se\/vandravagen\/\",\"logo\":{\"@type\":\"ImageObject\",\"inLanguage\":\"sv-SE\",\"@id\":\"https:\/\/blogg.svenskakyrkan.se\/vandravagen\/#\/schema\/logo\/image\/\",\"url\":\"https:\/\/blogg.svenskakyrkan.se\/vandravagen\/files\/2023\/05\/Ulr_logo_RGB.png\",\"contentUrl\":\"https:\/\/blogg.svenskakyrkan.se\/vandravagen\/files\/2023\/05\/Ulr_logo_RGB.png\",\"width\":205,\"height\":77,\"caption\":\"ulricehamns pastorat\"},\"image\":{\"@id\":\"https:\/\/blogg.svenskakyrkan.se\/vandravagen\/#\/schema\/logo\/image\/\"},\"sameAs\":[\"http:\/\/facebook.com\/vandravagen\",\"https:\/\/x.com\/fadertomas\",\"http:\/\/www.facebook.com\/svenskakyrkaniulricehamn\"]},{\"@type\":\"Person\",\"@id\":\"https:\/\/blogg.svenskakyrkan.se\/vandravagen\/#\/schema\/person\/25da02d4f76b137d04291711e2c9fc16\",\"name\":\"Tomas Jarvid\",\"image\":{\"@type\":\"ImageObject\",\"inLanguage\":\"sv-SE\",\"@id\":\"https:\/\/blogg.svenskakyrkan.se\/vandravagen\/#\/schema\/person\/image\/\",\"url\":\"https:\/\/secure.gravatar.com\/avatar\/7fa71899795e8f540f615a1f5ab25255dc27aa40f05ee7ddd21aac521e01bf50?s=96&d=identicon&r=g\",\"contentUrl\":\"https:\/\/secure.gravatar.com\/avatar\/7fa71899795e8f540f615a1f5ab25255dc27aa40f05ee7ddd21aac521e01bf50?s=96&d=identicon&r=g\",\"caption\":\"Tomas Jarvid\"},\"description\":\"Jag bor i Ulricehamn i V\u00e4sterg\u00f6tland och \u00e4r f\u00f6rsamlingspr\u00e4st i Svenska Kyrkan f\u00f6r Dalstorps f\u00f6rsamling i Kinds pastorat. P\u00e5 den h\u00e4r bloggen skriver jag ner tankar om vandringen som kristen.\",\"sameAs\":[\"http:\/\/www.vandravagen.se\"],\"url\":\"https:\/\/blogg.svenskakyrkan.se\/vandravagen\/author\/vandravagen\/\"}]}<\/script>\n<!-- \/ Yoast SEO plugin. -->","yoast_head_json":{"title":"Elvis, Sackaios och Jesus - Vandra V\u00e4gen","robots":{"index":"index","follow":"follow","max-snippet":"max-snippet:-1","max-image-preview":"max-image-preview:large","max-video-preview":"max-video-preview:-1"},"canonical":"https:\/\/blogg.svenskakyrkan.se\/vandravagen\/2013\/10\/21\/elvis-sackaios-och-jesus\/","og_locale":"sv_SE","og_type":"article","og_title":"Elvis, Sackaios och Jesus - Vandra V\u00e4gen","og_description":"The King I g\u00e5r hade vi en mycket lyckad musikgudstj\u00e4nst i Kinne-Kleva kyrka. F\u00f6rsamlingens k\u00f6r Cantabile och bandet Graceland fr\u00e5n Mariestad spelade och sj\u00f6ng olika l\u00e5tar med anknytning till Elvis. Mot slutet sade jag ocks\u00e5 n\u00e5gra ord d\u00e4r jag pratade om Elvis och Sackaios (han som kl\u00e4ttrade i tr\u00e4d f\u00f6r att se Jesus) och Jesus. [&hellip;]","og_url":"https:\/\/blogg.svenskakyrkan.se\/vandravagen\/2013\/10\/21\/elvis-sackaios-och-jesus\/","og_site_name":"Vandra V\u00e4gen","article_publisher":"http:\/\/facebook.com\/vandravagen","article_published_time":"2013-10-21T08:36:00+00:00","og_image":[{"url":"https:\/\/encrypted-tbn3.gstatic.com\/images?q=tbn:ANd9GcRm2Cjril-ksAZSWRmDX-bFcpQ_OD-Rr19vcDxi8WnHE_PKfL7nLg","type":"","width":"","height":""}],"author":"Tomas Jarvid","twitter_card":"summary_large_image","twitter_creator":"@fadertomas","twitter_site":"@fadertomas","twitter_misc":{"Skriven av":"Tomas Jarvid","Ber\u00e4knad l\u00e4stid":"6 minuter"},"schema":{"@context":"https:\/\/schema.org","@graph":[{"@type":"Article","@id":"https:\/\/blogg.svenskakyrkan.se\/vandravagen\/2013\/10\/21\/elvis-sackaios-och-jesus\/#article","isPartOf":{"@id":"https:\/\/blogg.svenskakyrkan.se\/vandravagen\/2013\/10\/21\/elvis-sackaios-och-jesus\/"},"author":{"name":"Tomas Jarvid","@id":"https:\/\/blogg.svenskakyrkan.se\/vandravagen\/#\/schema\/person\/25da02d4f76b137d04291711e2c9fc16"},"headline":"Elvis, Sackaios och Jesus","datePublished":"2013-10-21T08:36:00+00:00","mainEntityOfPage":{"@id":"https:\/\/blogg.svenskakyrkan.se\/vandravagen\/2013\/10\/21\/elvis-sackaios-och-jesus\/"},"wordCount":1245,"commentCount":1,"publisher":{"@id":"https:\/\/blogg.svenskakyrkan.se\/vandravagen\/#organization"},"image":{"@id":"https:\/\/blogg.svenskakyrkan.se\/vandravagen\/2013\/10\/21\/elvis-sackaios-och-jesus\/#primaryimage"},"thumbnailUrl":"https:\/\/encrypted-tbn3.gstatic.com\/images?q=tbn:ANd9GcRm2Cjril-ksAZSWRmDX-bFcpQ_OD-Rr19vcDxi8WnHE_PKfL7nLg","articleSection":["Dagens Kyrka","predikan","Teologi"],"inLanguage":"sv-SE","potentialAction":[{"@type":"CommentAction","name":"Comment","target":["https:\/\/blogg.svenskakyrkan.se\/vandravagen\/2013\/10\/21\/elvis-sackaios-och-jesus\/#respond"]}]},{"@type":"WebPage","@id":"https:\/\/blogg.svenskakyrkan.se\/vandravagen\/2013\/10\/21\/elvis-sackaios-och-jesus\/","url":"https:\/\/blogg.svenskakyrkan.se\/vandravagen\/2013\/10\/21\/elvis-sackaios-och-jesus\/","name":"Elvis, Sackaios och Jesus - Vandra V\u00e4gen","isPartOf":{"@id":"https:\/\/blogg.svenskakyrkan.se\/vandravagen\/#website"},"primaryImageOfPage":{"@id":"https:\/\/blogg.svenskakyrkan.se\/vandravagen\/2013\/10\/21\/elvis-sackaios-och-jesus\/#primaryimage"},"image":{"@id":"https:\/\/blogg.svenskakyrkan.se\/vandravagen\/2013\/10\/21\/elvis-sackaios-och-jesus\/#primaryimage"},"thumbnailUrl":"https:\/\/encrypted-tbn3.gstatic.com\/images?q=tbn:ANd9GcRm2Cjril-ksAZSWRmDX-bFcpQ_OD-Rr19vcDxi8WnHE_PKfL7nLg","datePublished":"2013-10-21T08:36:00+00:00","breadcrumb":{"@id":"https:\/\/blogg.svenskakyrkan.se\/vandravagen\/2013\/10\/21\/elvis-sackaios-och-jesus\/#breadcrumb"},"inLanguage":"sv-SE","potentialAction":[{"@type":"ReadAction","target":["https:\/\/blogg.svenskakyrkan.se\/vandravagen\/2013\/10\/21\/elvis-sackaios-och-jesus\/"]}]},{"@type":"ImageObject","inLanguage":"sv-SE","@id":"https:\/\/blogg.svenskakyrkan.se\/vandravagen\/2013\/10\/21\/elvis-sackaios-och-jesus\/#primaryimage","url":"https:\/\/encrypted-tbn3.gstatic.com\/images?q=tbn:ANd9GcRm2Cjril-ksAZSWRmDX-bFcpQ_OD-Rr19vcDxi8WnHE_PKfL7nLg","contentUrl":"https:\/\/encrypted-tbn3.gstatic.com\/images?q=tbn:ANd9GcRm2Cjril-ksAZSWRmDX-bFcpQ_OD-Rr19vcDxi8WnHE_PKfL7nLg"},{"@type":"BreadcrumbList","@id":"https:\/\/blogg.svenskakyrkan.se\/vandravagen\/2013\/10\/21\/elvis-sackaios-och-jesus\/#breadcrumb","itemListElement":[{"@type":"ListItem","position":1,"name":"Hem","item":"https:\/\/blogg.svenskakyrkan.se\/vandravagen\/"},{"@type":"ListItem","position":2,"name":"Elvis, Sackaios och Jesus"}]},{"@type":"WebSite","@id":"https:\/\/blogg.svenskakyrkan.se\/vandravagen\/#website","url":"https:\/\/blogg.svenskakyrkan.se\/vandravagen\/","name":"Vandra V\u00e4gen","description":"-Mot en tro f\u00f6r hela livet","publisher":{"@id":"https:\/\/blogg.svenskakyrkan.se\/vandravagen\/#organization"},"potentialAction":[{"@type":"SearchAction","target":{"@type":"EntryPoint","urlTemplate":"https:\/\/blogg.svenskakyrkan.se\/vandravagen\/?s={search_term_string}"},"query-input":{"@type":"PropertyValueSpecification","valueRequired":true,"valueName":"search_term_string"}}],"inLanguage":"sv-SE"},{"@type":"Organization","@id":"https:\/\/blogg.svenskakyrkan.se\/vandravagen\/#organization","name":"ulricehamns pastorat","alternateName":"ulricehamns pastorat","url":"https:\/\/blogg.svenskakyrkan.se\/vandravagen\/","logo":{"@type":"ImageObject","inLanguage":"sv-SE","@id":"https:\/\/blogg.svenskakyrkan.se\/vandravagen\/#\/schema\/logo\/image\/","url":"https:\/\/blogg.svenskakyrkan.se\/vandravagen\/files\/2023\/05\/Ulr_logo_RGB.png","contentUrl":"https:\/\/blogg.svenskakyrkan.se\/vandravagen\/files\/2023\/05\/Ulr_logo_RGB.png","width":205,"height":77,"caption":"ulricehamns pastorat"},"image":{"@id":"https:\/\/blogg.svenskakyrkan.se\/vandravagen\/#\/schema\/logo\/image\/"},"sameAs":["http:\/\/facebook.com\/vandravagen","https:\/\/x.com\/fadertomas","http:\/\/www.facebook.com\/svenskakyrkaniulricehamn"]},{"@type":"Person","@id":"https:\/\/blogg.svenskakyrkan.se\/vandravagen\/#\/schema\/person\/25da02d4f76b137d04291711e2c9fc16","name":"Tomas Jarvid","image":{"@type":"ImageObject","inLanguage":"sv-SE","@id":"https:\/\/blogg.svenskakyrkan.se\/vandravagen\/#\/schema\/person\/image\/","url":"https:\/\/secure.gravatar.com\/avatar\/7fa71899795e8f540f615a1f5ab25255dc27aa40f05ee7ddd21aac521e01bf50?s=96&d=identicon&r=g","contentUrl":"https:\/\/secure.gravatar.com\/avatar\/7fa71899795e8f540f615a1f5ab25255dc27aa40f05ee7ddd21aac521e01bf50?s=96&d=identicon&r=g","caption":"Tomas Jarvid"},"description":"Jag bor i Ulricehamn i V\u00e4sterg\u00f6tland och \u00e4r f\u00f6rsamlingspr\u00e4st i Svenska Kyrkan f\u00f6r Dalstorps f\u00f6rsamling i Kinds pastorat. P\u00e5 den h\u00e4r bloggen skriver jag ner tankar om vandringen som kristen.","sameAs":["http:\/\/www.vandravagen.se"],"url":"https:\/\/blogg.svenskakyrkan.se\/vandravagen\/author\/vandravagen\/"}]}},"author_meta":{"ID":"392","user_nicename":"vandravagen","user_url":"http:\/\/www.vandravagen.se","user_registered":"2014-05-19 05:44:52","display_name":"Tomas Jarvid","first_name":"Tomas","last_name":"Jarvid","avatar":"https:\/\/secure.gravatar.com\/avatar\/7fa71899795e8f540f615a1f5ab25255dc27aa40f05ee7ddd21aac521e01bf50?s=96&d=identicon&r=g"},"featured_image":false,"bloginfo":{"name":"Vandra V\u00e4gen","url":"https:\/\/blogg.svenskakyrkan.se\/vandravagen"},"_links":{"self":[{"href":"https:\/\/blogg.svenskakyrkan.se\/vandravagen\/wp-json\/wp\/v2\/posts\/306","targetHints":{"allow":["GET"]}}],"collection":[{"href":"https:\/\/blogg.svenskakyrkan.se\/vandravagen\/wp-json\/wp\/v2\/posts"}],"about":[{"href":"https:\/\/blogg.svenskakyrkan.se\/vandravagen\/wp-json\/wp\/v2\/types\/post"}],"author":[{"embeddable":true,"href":"https:\/\/blogg.svenskakyrkan.se\/vandravagen\/wp-json\/wp\/v2\/users\/392"}],"replies":[{"embeddable":true,"href":"https:\/\/blogg.svenskakyrkan.se\/vandravagen\/wp-json\/wp\/v2\/comments?post=306"}],"version-history":[{"count":0,"href":"https:\/\/blogg.svenskakyrkan.se\/vandravagen\/wp-json\/wp\/v2\/posts\/306\/revisions"}],"wp:attachment":[{"href":"https:\/\/blogg.svenskakyrkan.se\/vandravagen\/wp-json\/wp\/v2\/media?parent=306"}],"wp:term":[{"taxonomy":"category","embeddable":true,"href":"https:\/\/blogg.svenskakyrkan.se\/vandravagen\/wp-json\/wp\/v2\/categories?post=306"},{"taxonomy":"post_tag","embeddable":true,"href":"https:\/\/blogg.svenskakyrkan.se\/vandravagen\/wp-json\/wp\/v2\/tags?post=306"}],"curies":[{"name":"wp","href":"https:\/\/api.w.org\/{rel}","templated":true}]}}