{"id":3060,"date":"2015-05-11T08:44:18","date_gmt":"2015-05-11T06:44:18","guid":{"rendered":"http:\/\/blogg.svenskakyrkan.se\/vandravagen\/?p=3060"},"modified":"2015-05-11T08:44:18","modified_gmt":"2015-05-11T06:44:18","slug":"min-gammelmosters-konfirmandbok","status":"publish","type":"post","link":"https:\/\/blogg.svenskakyrkan.se\/vandravagen\/2015\/05\/11\/min-gammelmosters-konfirmandbok\/","title":{"rendered":"Min gammelmosters konfirmandbok"},"content":{"rendered":"<p><a href=\"http:\/\/blogg.svenskakyrkan.se\/vandravagen\/files\/2015\/05\/DSC_0607.jpg\"><img loading=\"lazy\" decoding=\"async\" class=\"aligncenter size-full wp-image-3061\" src=\"http:\/\/blogg.svenskakyrkan.se\/vandravagen\/files\/2015\/05\/DSC_0607.jpg\" alt=\"DSC_0607\" width=\"640\" height=\"426\" srcset=\"https:\/\/blogg.svenskakyrkan.se\/vandravagen\/files\/2015\/05\/DSC_0607.jpg 640w, https:\/\/blogg.svenskakyrkan.se\/vandravagen\/files\/2015\/05\/DSC_0607-300x200.jpg 300w, https:\/\/blogg.svenskakyrkan.se\/vandravagen\/files\/2015\/05\/DSC_0607-451x300.jpg 451w\" sizes=\"auto, (max-width: 640px) 100vw, 640px\" \/><\/a><\/p>\n<p>Jag har allts\u00e5 varit p\u00e5 konfirmandl\u00e4ger hela helgen. Konfirmandarbetet \u00e4r en s\u00e5dan del av kyrkans liv som \u00e4ndrats v\u00e4ldigt mycket p\u00e5 senare \u00e5r. Nuf\u00f6rtiden str\u00e4var vi f\u00f6rst\u00e5s efter att konfirmanderna ska bli som engagerade som m\u00f6jligt i att sj\u00e4lva t\u00e4nka kring och uppt\u00e4cka trons inneh\u00e5ll.<\/p>\n<p>Riktigt HUR mycket som h\u00e4nt genom tiderna blev tydligt f\u00f6r mig n\u00e4r jag fick h\u00e4nderna p\u00e5 min mormors syster Lillys konfirmandbok. Som du ser p\u00e5 bilden ovan \u00e4r den p\u00e5b\u00f6rjade 14 augusti 1930.<\/p>\n<p>Man kan vidare l\u00e4sa att &#8221;v\u00e5r \u00e4rkebiskop heter Nathan S\u00f6derblom&#8221; och annat som g\u00f6r det tydligt att det flutit en del vatten under broarna sedan dess.<\/p>\n<p>Hela boken best\u00e5r av s\u00e5dant pr\u00e4sten \u00e5tergett och som konfirmanderna f\u00e5tt skriva av ord f\u00f6r ord. Det m\u00e5ste vara sj\u00e4lva definitionen av &#8221;f\u00f6rmedlingspedagogiik&#8221;. P\u00e5 ett s\u00e4tt kan man s\u00e4ga att inneh\u00e5llet \u00e4r v\u00e4ldigt avancerat j\u00e4mf\u00f6rt med vad vi l\u00e4r v\u00e5ra konfirmander idag. Inneh\u00e5llet handlar till exempel om kyrko\u00e5ret, gudstj\u00e4nstordningen, bibeln, &#8221;m\u00e4rkesm\u00e4n i kyrkans historia&#8221;, &#8221;B\u00f6nen&#8221;, &#8221;Dopet&#8221;, en rej\u00e4l genomg\u00e5ng av de olika delarna i trosbek\u00e4nnelsen och slutligen en rej\u00e4l genomg\u00e5ng av &#8221;n\u00e5dens ordning&#8221;.<\/p>\n<p>Jag h\u00e5ller inte f\u00f6r otroligt att m\u00e5nga av konfirmanderna \u00e4nd\u00e5 kunde tillgodog\u00f6ra sig det mesta. De levde i ett mindre sekulariserat samh\u00e4lle \u00e4n v\u00e5rt, de hade kristendom i skolan, kanske husandakter hemma och t\u00e4tare gudstj\u00e4nstbes\u00f6k. M\u00e5nga av de gamla pr\u00e4sterna var s\u00e4kert ocks\u00e5 mycket goda pedagoger. Det \u00e4r bara det att hela v\u00e5r nutida id\u00e9 om att f\u00f6rs\u00f6ka l\u00e5ta konfirmandernas egna fr\u00e5gor och tankar om livet komma till tals fattas. Kristen tro framst\u00e5r som n\u00e5got man bara ska ta emot och f\u00f6rst\u00e5.<\/p>\n<p>Det d\u00e4r med att skriva av \u00e4r f\u00f6rresten egentligen en medeltida pedagogisk metod fr\u00e5n tiden med ont om b\u00f6cker. Ordet &#8221;f\u00f6rel\u00e4sning&#8221; kommer av det att en &#8221;l\u00e4ste f\u00f6re&#8221; och de andra skrev av. Man skulle inte t\u00e4nka nytt utan vara trogen mot det traditionen gett oss.<\/p>\n<p><a href=\"http:\/\/blogg.svenskakyrkan.se\/vandravagen\/files\/2015\/05\/DSC_0608.jpg\"><img loading=\"lazy\" decoding=\"async\" class=\"aligncenter size-large wp-image-3062\" src=\"http:\/\/blogg.svenskakyrkan.se\/vandravagen\/files\/2015\/05\/DSC_0608.jpg\" alt=\"DSC_0608\" width=\"584\" height=\"389\" srcset=\"https:\/\/blogg.svenskakyrkan.se\/vandravagen\/files\/2015\/05\/DSC_0608.jpg 640w, https:\/\/blogg.svenskakyrkan.se\/vandravagen\/files\/2015\/05\/DSC_0608-300x200.jpg 300w, https:\/\/blogg.svenskakyrkan.se\/vandravagen\/files\/2015\/05\/DSC_0608-451x300.jpg 451w\" sizes=\"auto, (max-width: 584px) 100vw, 584px\" \/><\/a><\/p>\n<p>Mot slutet av boken kan man se tv\u00e5 s\u00e5dana h\u00e4r uppslag. D\u00e4r ser man precis vilka psalmverser konfirmanderna skulle memorera. Och det var verkligen inte f\u00e5! Om jag r\u00e4knar r\u00e4tt s\u00e5 var det 219 psalmverser som gammelmoster Lilly skulle l\u00e4ra sig utantill!<\/p>\n<p>Och spr\u00e5ket i de verserna var nog inte heller direkt samtida eftersom psalmboken som var i bruk 1930 var den fr\u00e5n 1819 (det kom sedan en ny 1937). Jag har tyv\u00e4rr ingen s\u00e5dan &#8221;Wallinpsalmbok&#8221; hemma, annars hade jag g\u00e4rna \u00e5tergett n\u00e5gon vers. Utantilllinl\u00e4rning \u00e4r f\u00f6rst\u00e5s verkligen ett s\u00e4tt att bara \u00e5terge given kunskap det med.<\/p>\n<p>Det \u00e4r l\u00e4tt att vara kritisk mot d\u00e5tiden men i den tidens samh\u00e4lle var det h\u00e4r s\u00e4kert inte alls konstigt. Den lilla svarta konfirmandanteckningsboken ger en inblick i ett samh\u00e4lle som bara \u00e4r 85 \u00e5r bort men som \u00e4nd\u00e5 k\u00e4nns s\u00e5 v\u00e4ldigt avl\u00e4gset.<\/p>\n","protected":false},"excerpt":{"rendered":"<p>Jag har allts\u00e5 varit p\u00e5 konfirmandl\u00e4ger hela helgen. Konfirmandarbetet \u00e4r en s\u00e5dan del av kyrkans liv som \u00e4ndrats v\u00e4ldigt mycket p\u00e5 senare \u00e5r. Nuf\u00f6rtiden str\u00e4var vi f\u00f6rst\u00e5s efter att konfirmanderna ska bli som engagerade som m\u00f6jligt i att sj\u00e4lva t\u00e4nka kring och uppt\u00e4cka trons inneh\u00e5ll. Riktigt HUR mycket som h\u00e4nt genom tiderna blev tydligt f\u00f6r [&hellip;]<\/p>\n","protected":false},"author":392,"featured_media":0,"comment_status":"open","ping_status":"open","sticky":false,"template":"","format":"standard","meta":{"_acf_changed":false,"footnotes":""},"categories":[9],"tags":[],"class_list":["post-3060","post","type-post","status-publish","format-standard","hentry","category-okategoriserade"],"acf":[],"yoast_head":"<!-- This site is optimized with the Yoast SEO plugin v27.1.1 - https:\/\/yoast.com\/product\/yoast-seo-wordpress\/ -->\n<title>Min gammelmosters konfirmandbok - Vandra V\u00e4gen<\/title>\n<meta name=\"robots\" content=\"index, follow, max-snippet:-1, max-image-preview:large, max-video-preview:-1\" \/>\n<link rel=\"canonical\" href=\"https:\/\/blogg.svenskakyrkan.se\/vandravagen\/2015\/05\/11\/min-gammelmosters-konfirmandbok\/\" \/>\n<meta property=\"og:locale\" content=\"sv_SE\" \/>\n<meta property=\"og:type\" content=\"article\" \/>\n<meta property=\"og:title\" content=\"Min gammelmosters konfirmandbok - Vandra V\u00e4gen\" \/>\n<meta property=\"og:description\" content=\"Jag har allts\u00e5 varit p\u00e5 konfirmandl\u00e4ger hela helgen. Konfirmandarbetet \u00e4r en s\u00e5dan del av kyrkans liv som \u00e4ndrats v\u00e4ldigt mycket p\u00e5 senare \u00e5r. Nuf\u00f6rtiden str\u00e4var vi f\u00f6rst\u00e5s efter att konfirmanderna ska bli som engagerade som m\u00f6jligt i att sj\u00e4lva t\u00e4nka kring och uppt\u00e4cka trons inneh\u00e5ll. Riktigt HUR mycket som h\u00e4nt genom tiderna blev tydligt f\u00f6r [&hellip;]\" \/>\n<meta property=\"og:url\" content=\"https:\/\/blogg.svenskakyrkan.se\/vandravagen\/2015\/05\/11\/min-gammelmosters-konfirmandbok\/\" \/>\n<meta property=\"og:site_name\" content=\"Vandra V\u00e4gen\" \/>\n<meta property=\"article:publisher\" content=\"http:\/\/facebook.com\/vandravagen\" \/>\n<meta property=\"article:published_time\" content=\"2015-05-11T06:44:18+00:00\" \/>\n<meta property=\"og:image\" content=\"http:\/\/blogg.svenskakyrkan.se\/vandravagen\/files\/2015\/05\/DSC_0607.jpg\" \/>\n<meta name=\"author\" content=\"Tomas Jarvid\" \/>\n<meta name=\"twitter:card\" content=\"summary_large_image\" \/>\n<meta name=\"twitter:creator\" content=\"@fadertomas\" \/>\n<meta name=\"twitter:site\" content=\"@fadertomas\" \/>\n<meta name=\"twitter:label1\" content=\"Skriven av\" \/>\n\t<meta name=\"twitter:data1\" content=\"Tomas Jarvid\" \/>\n\t<meta name=\"twitter:label2\" content=\"Ber\u00e4knad l\u00e4stid\" \/>\n\t<meta name=\"twitter:data2\" content=\"3 minuter\" \/>\n<script type=\"application\/ld+json\" class=\"yoast-schema-graph\">{\"@context\":\"https:\/\/schema.org\",\"@graph\":[{\"@type\":\"Article\",\"@id\":\"https:\/\/blogg.svenskakyrkan.se\/vandravagen\/2015\/05\/11\/min-gammelmosters-konfirmandbok\/#article\",\"isPartOf\":{\"@id\":\"https:\/\/blogg.svenskakyrkan.se\/vandravagen\/2015\/05\/11\/min-gammelmosters-konfirmandbok\/\"},\"author\":{\"name\":\"Tomas Jarvid\",\"@id\":\"https:\/\/blogg.svenskakyrkan.se\/vandravagen\/#\/schema\/person\/25da02d4f76b137d04291711e2c9fc16\"},\"headline\":\"Min gammelmosters konfirmandbok\",\"datePublished\":\"2015-05-11T06:44:18+00:00\",\"mainEntityOfPage\":{\"@id\":\"https:\/\/blogg.svenskakyrkan.se\/vandravagen\/2015\/05\/11\/min-gammelmosters-konfirmandbok\/\"},\"wordCount\":545,\"commentCount\":4,\"publisher\":{\"@id\":\"https:\/\/blogg.svenskakyrkan.se\/vandravagen\/#organization\"},\"image\":{\"@id\":\"https:\/\/blogg.svenskakyrkan.se\/vandravagen\/2015\/05\/11\/min-gammelmosters-konfirmandbok\/#primaryimage\"},\"thumbnailUrl\":\"http:\/\/blogg.svenskakyrkan.se\/vandravagen\/files\/2015\/05\/DSC_0607.jpg\",\"inLanguage\":\"sv-SE\",\"potentialAction\":[{\"@type\":\"CommentAction\",\"name\":\"Comment\",\"target\":[\"https:\/\/blogg.svenskakyrkan.se\/vandravagen\/2015\/05\/11\/min-gammelmosters-konfirmandbok\/#respond\"]}]},{\"@type\":\"WebPage\",\"@id\":\"https:\/\/blogg.svenskakyrkan.se\/vandravagen\/2015\/05\/11\/min-gammelmosters-konfirmandbok\/\",\"url\":\"https:\/\/blogg.svenskakyrkan.se\/vandravagen\/2015\/05\/11\/min-gammelmosters-konfirmandbok\/\",\"name\":\"Min gammelmosters konfirmandbok - Vandra V\u00e4gen\",\"isPartOf\":{\"@id\":\"https:\/\/blogg.svenskakyrkan.se\/vandravagen\/#website\"},\"primaryImageOfPage\":{\"@id\":\"https:\/\/blogg.svenskakyrkan.se\/vandravagen\/2015\/05\/11\/min-gammelmosters-konfirmandbok\/#primaryimage\"},\"image\":{\"@id\":\"https:\/\/blogg.svenskakyrkan.se\/vandravagen\/2015\/05\/11\/min-gammelmosters-konfirmandbok\/#primaryimage\"},\"thumbnailUrl\":\"http:\/\/blogg.svenskakyrkan.se\/vandravagen\/files\/2015\/05\/DSC_0607.jpg\",\"datePublished\":\"2015-05-11T06:44:18+00:00\",\"breadcrumb\":{\"@id\":\"https:\/\/blogg.svenskakyrkan.se\/vandravagen\/2015\/05\/11\/min-gammelmosters-konfirmandbok\/#breadcrumb\"},\"inLanguage\":\"sv-SE\",\"potentialAction\":[{\"@type\":\"ReadAction\",\"target\":[\"https:\/\/blogg.svenskakyrkan.se\/vandravagen\/2015\/05\/11\/min-gammelmosters-konfirmandbok\/\"]}]},{\"@type\":\"ImageObject\",\"inLanguage\":\"sv-SE\",\"@id\":\"https:\/\/blogg.svenskakyrkan.se\/vandravagen\/2015\/05\/11\/min-gammelmosters-konfirmandbok\/#primaryimage\",\"url\":\"http:\/\/blogg.svenskakyrkan.se\/vandravagen\/files\/2015\/05\/DSC_0607.jpg\",\"contentUrl\":\"http:\/\/blogg.svenskakyrkan.se\/vandravagen\/files\/2015\/05\/DSC_0607.jpg\"},{\"@type\":\"BreadcrumbList\",\"@id\":\"https:\/\/blogg.svenskakyrkan.se\/vandravagen\/2015\/05\/11\/min-gammelmosters-konfirmandbok\/#breadcrumb\",\"itemListElement\":[{\"@type\":\"ListItem\",\"position\":1,\"name\":\"Hem\",\"item\":\"https:\/\/blogg.svenskakyrkan.se\/vandravagen\/\"},{\"@type\":\"ListItem\",\"position\":2,\"name\":\"Min gammelmosters konfirmandbok\"}]},{\"@type\":\"WebSite\",\"@id\":\"https:\/\/blogg.svenskakyrkan.se\/vandravagen\/#website\",\"url\":\"https:\/\/blogg.svenskakyrkan.se\/vandravagen\/\",\"name\":\"Vandra V\u00e4gen\",\"description\":\"-Mot en tro f\u00f6r hela livet\",\"publisher\":{\"@id\":\"https:\/\/blogg.svenskakyrkan.se\/vandravagen\/#organization\"},\"potentialAction\":[{\"@type\":\"SearchAction\",\"target\":{\"@type\":\"EntryPoint\",\"urlTemplate\":\"https:\/\/blogg.svenskakyrkan.se\/vandravagen\/?s={search_term_string}\"},\"query-input\":{\"@type\":\"PropertyValueSpecification\",\"valueRequired\":true,\"valueName\":\"search_term_string\"}}],\"inLanguage\":\"sv-SE\"},{\"@type\":\"Organization\",\"@id\":\"https:\/\/blogg.svenskakyrkan.se\/vandravagen\/#organization\",\"name\":\"ulricehamns pastorat\",\"alternateName\":\"ulricehamns pastorat\",\"url\":\"https:\/\/blogg.svenskakyrkan.se\/vandravagen\/\",\"logo\":{\"@type\":\"ImageObject\",\"inLanguage\":\"sv-SE\",\"@id\":\"https:\/\/blogg.svenskakyrkan.se\/vandravagen\/#\/schema\/logo\/image\/\",\"url\":\"https:\/\/blogg.svenskakyrkan.se\/vandravagen\/files\/2023\/05\/Ulr_logo_RGB.png\",\"contentUrl\":\"https:\/\/blogg.svenskakyrkan.se\/vandravagen\/files\/2023\/05\/Ulr_logo_RGB.png\",\"width\":205,\"height\":77,\"caption\":\"ulricehamns pastorat\"},\"image\":{\"@id\":\"https:\/\/blogg.svenskakyrkan.se\/vandravagen\/#\/schema\/logo\/image\/\"},\"sameAs\":[\"http:\/\/facebook.com\/vandravagen\",\"https:\/\/x.com\/fadertomas\",\"http:\/\/www.facebook.com\/svenskakyrkaniulricehamn\"]},{\"@type\":\"Person\",\"@id\":\"https:\/\/blogg.svenskakyrkan.se\/vandravagen\/#\/schema\/person\/25da02d4f76b137d04291711e2c9fc16\",\"name\":\"Tomas Jarvid\",\"image\":{\"@type\":\"ImageObject\",\"inLanguage\":\"sv-SE\",\"@id\":\"https:\/\/blogg.svenskakyrkan.se\/vandravagen\/#\/schema\/person\/image\/\",\"url\":\"https:\/\/secure.gravatar.com\/avatar\/7fa71899795e8f540f615a1f5ab25255dc27aa40f05ee7ddd21aac521e01bf50?s=96&d=identicon&r=g\",\"contentUrl\":\"https:\/\/secure.gravatar.com\/avatar\/7fa71899795e8f540f615a1f5ab25255dc27aa40f05ee7ddd21aac521e01bf50?s=96&d=identicon&r=g\",\"caption\":\"Tomas Jarvid\"},\"description\":\"Jag bor i Ulricehamn i V\u00e4sterg\u00f6tland och \u00e4r f\u00f6rsamlingspr\u00e4st i Svenska Kyrkan f\u00f6r Dalstorps f\u00f6rsamling i Kinds pastorat. P\u00e5 den h\u00e4r bloggen skriver jag ner tankar om vandringen som kristen.\",\"sameAs\":[\"http:\/\/www.vandravagen.se\"],\"url\":\"https:\/\/blogg.svenskakyrkan.se\/vandravagen\/author\/vandravagen\/\"}]}<\/script>\n<!-- \/ Yoast SEO plugin. -->","yoast_head_json":{"title":"Min gammelmosters konfirmandbok - Vandra V\u00e4gen","robots":{"index":"index","follow":"follow","max-snippet":"max-snippet:-1","max-image-preview":"max-image-preview:large","max-video-preview":"max-video-preview:-1"},"canonical":"https:\/\/blogg.svenskakyrkan.se\/vandravagen\/2015\/05\/11\/min-gammelmosters-konfirmandbok\/","og_locale":"sv_SE","og_type":"article","og_title":"Min gammelmosters konfirmandbok - Vandra V\u00e4gen","og_description":"Jag har allts\u00e5 varit p\u00e5 konfirmandl\u00e4ger hela helgen. Konfirmandarbetet \u00e4r en s\u00e5dan del av kyrkans liv som \u00e4ndrats v\u00e4ldigt mycket p\u00e5 senare \u00e5r. Nuf\u00f6rtiden str\u00e4var vi f\u00f6rst\u00e5s efter att konfirmanderna ska bli som engagerade som m\u00f6jligt i att sj\u00e4lva t\u00e4nka kring och uppt\u00e4cka trons inneh\u00e5ll. Riktigt HUR mycket som h\u00e4nt genom tiderna blev tydligt f\u00f6r [&hellip;]","og_url":"https:\/\/blogg.svenskakyrkan.se\/vandravagen\/2015\/05\/11\/min-gammelmosters-konfirmandbok\/","og_site_name":"Vandra V\u00e4gen","article_publisher":"http:\/\/facebook.com\/vandravagen","article_published_time":"2015-05-11T06:44:18+00:00","og_image":[{"url":"http:\/\/blogg.svenskakyrkan.se\/vandravagen\/files\/2015\/05\/DSC_0607.jpg","type":"","width":"","height":""}],"author":"Tomas Jarvid","twitter_card":"summary_large_image","twitter_creator":"@fadertomas","twitter_site":"@fadertomas","twitter_misc":{"Skriven av":"Tomas Jarvid","Ber\u00e4knad l\u00e4stid":"3 minuter"},"schema":{"@context":"https:\/\/schema.org","@graph":[{"@type":"Article","@id":"https:\/\/blogg.svenskakyrkan.se\/vandravagen\/2015\/05\/11\/min-gammelmosters-konfirmandbok\/#article","isPartOf":{"@id":"https:\/\/blogg.svenskakyrkan.se\/vandravagen\/2015\/05\/11\/min-gammelmosters-konfirmandbok\/"},"author":{"name":"Tomas Jarvid","@id":"https:\/\/blogg.svenskakyrkan.se\/vandravagen\/#\/schema\/person\/25da02d4f76b137d04291711e2c9fc16"},"headline":"Min gammelmosters konfirmandbok","datePublished":"2015-05-11T06:44:18+00:00","mainEntityOfPage":{"@id":"https:\/\/blogg.svenskakyrkan.se\/vandravagen\/2015\/05\/11\/min-gammelmosters-konfirmandbok\/"},"wordCount":545,"commentCount":4,"publisher":{"@id":"https:\/\/blogg.svenskakyrkan.se\/vandravagen\/#organization"},"image":{"@id":"https:\/\/blogg.svenskakyrkan.se\/vandravagen\/2015\/05\/11\/min-gammelmosters-konfirmandbok\/#primaryimage"},"thumbnailUrl":"http:\/\/blogg.svenskakyrkan.se\/vandravagen\/files\/2015\/05\/DSC_0607.jpg","inLanguage":"sv-SE","potentialAction":[{"@type":"CommentAction","name":"Comment","target":["https:\/\/blogg.svenskakyrkan.se\/vandravagen\/2015\/05\/11\/min-gammelmosters-konfirmandbok\/#respond"]}]},{"@type":"WebPage","@id":"https:\/\/blogg.svenskakyrkan.se\/vandravagen\/2015\/05\/11\/min-gammelmosters-konfirmandbok\/","url":"https:\/\/blogg.svenskakyrkan.se\/vandravagen\/2015\/05\/11\/min-gammelmosters-konfirmandbok\/","name":"Min gammelmosters konfirmandbok - Vandra V\u00e4gen","isPartOf":{"@id":"https:\/\/blogg.svenskakyrkan.se\/vandravagen\/#website"},"primaryImageOfPage":{"@id":"https:\/\/blogg.svenskakyrkan.se\/vandravagen\/2015\/05\/11\/min-gammelmosters-konfirmandbok\/#primaryimage"},"image":{"@id":"https:\/\/blogg.svenskakyrkan.se\/vandravagen\/2015\/05\/11\/min-gammelmosters-konfirmandbok\/#primaryimage"},"thumbnailUrl":"http:\/\/blogg.svenskakyrkan.se\/vandravagen\/files\/2015\/05\/DSC_0607.jpg","datePublished":"2015-05-11T06:44:18+00:00","breadcrumb":{"@id":"https:\/\/blogg.svenskakyrkan.se\/vandravagen\/2015\/05\/11\/min-gammelmosters-konfirmandbok\/#breadcrumb"},"inLanguage":"sv-SE","potentialAction":[{"@type":"ReadAction","target":["https:\/\/blogg.svenskakyrkan.se\/vandravagen\/2015\/05\/11\/min-gammelmosters-konfirmandbok\/"]}]},{"@type":"ImageObject","inLanguage":"sv-SE","@id":"https:\/\/blogg.svenskakyrkan.se\/vandravagen\/2015\/05\/11\/min-gammelmosters-konfirmandbok\/#primaryimage","url":"http:\/\/blogg.svenskakyrkan.se\/vandravagen\/files\/2015\/05\/DSC_0607.jpg","contentUrl":"http:\/\/blogg.svenskakyrkan.se\/vandravagen\/files\/2015\/05\/DSC_0607.jpg"},{"@type":"BreadcrumbList","@id":"https:\/\/blogg.svenskakyrkan.se\/vandravagen\/2015\/05\/11\/min-gammelmosters-konfirmandbok\/#breadcrumb","itemListElement":[{"@type":"ListItem","position":1,"name":"Hem","item":"https:\/\/blogg.svenskakyrkan.se\/vandravagen\/"},{"@type":"ListItem","position":2,"name":"Min gammelmosters konfirmandbok"}]},{"@type":"WebSite","@id":"https:\/\/blogg.svenskakyrkan.se\/vandravagen\/#website","url":"https:\/\/blogg.svenskakyrkan.se\/vandravagen\/","name":"Vandra V\u00e4gen","description":"-Mot en tro f\u00f6r hela livet","publisher":{"@id":"https:\/\/blogg.svenskakyrkan.se\/vandravagen\/#organization"},"potentialAction":[{"@type":"SearchAction","target":{"@type":"EntryPoint","urlTemplate":"https:\/\/blogg.svenskakyrkan.se\/vandravagen\/?s={search_term_string}"},"query-input":{"@type":"PropertyValueSpecification","valueRequired":true,"valueName":"search_term_string"}}],"inLanguage":"sv-SE"},{"@type":"Organization","@id":"https:\/\/blogg.svenskakyrkan.se\/vandravagen\/#organization","name":"ulricehamns pastorat","alternateName":"ulricehamns pastorat","url":"https:\/\/blogg.svenskakyrkan.se\/vandravagen\/","logo":{"@type":"ImageObject","inLanguage":"sv-SE","@id":"https:\/\/blogg.svenskakyrkan.se\/vandravagen\/#\/schema\/logo\/image\/","url":"https:\/\/blogg.svenskakyrkan.se\/vandravagen\/files\/2023\/05\/Ulr_logo_RGB.png","contentUrl":"https:\/\/blogg.svenskakyrkan.se\/vandravagen\/files\/2023\/05\/Ulr_logo_RGB.png","width":205,"height":77,"caption":"ulricehamns pastorat"},"image":{"@id":"https:\/\/blogg.svenskakyrkan.se\/vandravagen\/#\/schema\/logo\/image\/"},"sameAs":["http:\/\/facebook.com\/vandravagen","https:\/\/x.com\/fadertomas","http:\/\/www.facebook.com\/svenskakyrkaniulricehamn"]},{"@type":"Person","@id":"https:\/\/blogg.svenskakyrkan.se\/vandravagen\/#\/schema\/person\/25da02d4f76b137d04291711e2c9fc16","name":"Tomas Jarvid","image":{"@type":"ImageObject","inLanguage":"sv-SE","@id":"https:\/\/blogg.svenskakyrkan.se\/vandravagen\/#\/schema\/person\/image\/","url":"https:\/\/secure.gravatar.com\/avatar\/7fa71899795e8f540f615a1f5ab25255dc27aa40f05ee7ddd21aac521e01bf50?s=96&d=identicon&r=g","contentUrl":"https:\/\/secure.gravatar.com\/avatar\/7fa71899795e8f540f615a1f5ab25255dc27aa40f05ee7ddd21aac521e01bf50?s=96&d=identicon&r=g","caption":"Tomas Jarvid"},"description":"Jag bor i Ulricehamn i V\u00e4sterg\u00f6tland och \u00e4r f\u00f6rsamlingspr\u00e4st i Svenska Kyrkan f\u00f6r Dalstorps f\u00f6rsamling i Kinds pastorat. P\u00e5 den h\u00e4r bloggen skriver jag ner tankar om vandringen som kristen.","sameAs":["http:\/\/www.vandravagen.se"],"url":"https:\/\/blogg.svenskakyrkan.se\/vandravagen\/author\/vandravagen\/"}]}},"author_meta":{"ID":"392","user_nicename":"vandravagen","user_url":"http:\/\/www.vandravagen.se","user_registered":"2014-05-19 05:44:52","display_name":"Tomas Jarvid","first_name":"Tomas","last_name":"Jarvid","avatar":"https:\/\/secure.gravatar.com\/avatar\/7fa71899795e8f540f615a1f5ab25255dc27aa40f05ee7ddd21aac521e01bf50?s=96&d=identicon&r=g"},"featured_image":false,"bloginfo":{"name":"Vandra V\u00e4gen","url":"https:\/\/blogg.svenskakyrkan.se\/vandravagen"},"_links":{"self":[{"href":"https:\/\/blogg.svenskakyrkan.se\/vandravagen\/wp-json\/wp\/v2\/posts\/3060","targetHints":{"allow":["GET"]}}],"collection":[{"href":"https:\/\/blogg.svenskakyrkan.se\/vandravagen\/wp-json\/wp\/v2\/posts"}],"about":[{"href":"https:\/\/blogg.svenskakyrkan.se\/vandravagen\/wp-json\/wp\/v2\/types\/post"}],"author":[{"embeddable":true,"href":"https:\/\/blogg.svenskakyrkan.se\/vandravagen\/wp-json\/wp\/v2\/users\/392"}],"replies":[{"embeddable":true,"href":"https:\/\/blogg.svenskakyrkan.se\/vandravagen\/wp-json\/wp\/v2\/comments?post=3060"}],"version-history":[{"count":3,"href":"https:\/\/blogg.svenskakyrkan.se\/vandravagen\/wp-json\/wp\/v2\/posts\/3060\/revisions"}],"predecessor-version":[{"id":3075,"href":"https:\/\/blogg.svenskakyrkan.se\/vandravagen\/wp-json\/wp\/v2\/posts\/3060\/revisions\/3075"}],"wp:attachment":[{"href":"https:\/\/blogg.svenskakyrkan.se\/vandravagen\/wp-json\/wp\/v2\/media?parent=3060"}],"wp:term":[{"taxonomy":"category","embeddable":true,"href":"https:\/\/blogg.svenskakyrkan.se\/vandravagen\/wp-json\/wp\/v2\/categories?post=3060"},{"taxonomy":"post_tag","embeddable":true,"href":"https:\/\/blogg.svenskakyrkan.se\/vandravagen\/wp-json\/wp\/v2\/tags?post=3060"}],"curies":[{"name":"wp","href":"https:\/\/api.w.org\/{rel}","templated":true}]}}