{"id":3067,"date":"2015-05-12T07:00:06","date_gmt":"2015-05-12T05:00:06","guid":{"rendered":"http:\/\/blogg.svenskakyrkan.se\/vandravagen\/?p=3067"},"modified":"2015-05-11T22:14:03","modified_gmt":"2015-05-11T20:14:03","slug":"broder-roger-100-ar","status":"publish","type":"post","link":"https:\/\/blogg.svenskakyrkan.se\/vandravagen\/2015\/05\/12\/broder-roger-100-ar\/","title":{"rendered":"Broder Roger 100 \u00e5r"},"content":{"rendered":"<div id=\"attachment_3077\" style=\"width: 594px\" class=\"wp-caption aligncenter\"><a href=\"http:\/\/blogg.svenskakyrkan.se\/vandravagen\/files\/2015\/05\/DSC01362.jpg\"><img loading=\"lazy\" decoding=\"async\" aria-describedby=\"caption-attachment-3077\" class=\"size-large wp-image-3077\" src=\"http:\/\/blogg.svenskakyrkan.se\/vandravagen\/files\/2015\/05\/DSC01362-1024x768.jpg\" alt=\"B\u00f6n i kyrkan i Taiz\u00e9\" width=\"584\" height=\"438\" srcset=\"https:\/\/blogg.svenskakyrkan.se\/vandravagen\/files\/2015\/05\/DSC01362-1024x768.jpg 1024w, https:\/\/blogg.svenskakyrkan.se\/vandravagen\/files\/2015\/05\/DSC01362-300x225.jpg 300w, https:\/\/blogg.svenskakyrkan.se\/vandravagen\/files\/2015\/05\/DSC01362-400x300.jpg 400w\" sizes=\"auto, (max-width: 584px) 100vw, 584px\" \/><\/a><p id=\"caption-attachment-3077\" class=\"wp-caption-text\">B\u00f6n i kyrkan i Taiz\u00e9<\/p><\/div>\n<p>Idag \u00e4r det hundra \u00e5r sedan broder Roger av Taiz\u00e9 f\u00f6ddes. Roger Schultz grundade klostret i Taiz\u00e9 som en ekumenisk kommunitet och klostret \u00e4r sedan m\u00e5nga \u00e5r k\u00e4nt som en plats stora m\u00e4ngder ungdomar reser till och lever i en kort eller l\u00e4ngre tid.<\/p>\n<p>Br\u00f6dernas egen beskrivning av en resa till Taiz\u00e9 \u00e4r att det \u00e4r &#8221;en pilgrimsf\u00e4rd f\u00f6r fred p\u00e5 jorden&#8221;. D\u00e4rf\u00f6r kanske jag egentligen borde skrivit om Taiz\u00e9 vid n\u00e5got tidigare tillf\u00e4lle h\u00e4r p\u00e5 pilgrimsbloggen. Jag har i alla fall delat n\u00e5gra taiz\u00e9s\u00e5nger h\u00e4r genom \u00e5ren.<\/p>\n<p>Jag har bes\u00f6kt Taiz\u00e9 vid n\u00e5gra tillf\u00e4llen och f\u00e5r som m\u00e5nga andra vittna om att broder Roger gjorde ett starkt intryck. Han var i ganska d\u00e5lig form men han hade en m\u00e4ktig utstr\u00e5lning som gjorde att man fick k\u00e4nslan av att <strong>se ett levande helgon<\/strong> (nej han l\u00e4r aldrig bli helgonf\u00f6rklarad eftersom han inte tillh\u00f6rde n\u00e5got samfund som praktiserar s\u00e5dant).<\/p>\n<div id=\"attachment_3078\" style=\"width: 594px\" class=\"wp-caption aligncenter\"><a href=\"http:\/\/blogg.svenskakyrkan.se\/vandravagen\/files\/2015\/05\/DSC01367.jpg\"><img loading=\"lazy\" decoding=\"async\" aria-describedby=\"caption-attachment-3078\" class=\"size-large wp-image-3078\" src=\"http:\/\/blogg.svenskakyrkan.se\/vandravagen\/files\/2015\/05\/DSC01367-1024x768.jpg\" alt=\"Glasf\u00f6nster f\u00f6rest\u00e4llande Jesus p\u00e5 f\u00f6rklaringsberget\" width=\"584\" height=\"438\" srcset=\"https:\/\/blogg.svenskakyrkan.se\/vandravagen\/files\/2015\/05\/DSC01367-1024x768.jpg 1024w, https:\/\/blogg.svenskakyrkan.se\/vandravagen\/files\/2015\/05\/DSC01367-300x225.jpg 300w, https:\/\/blogg.svenskakyrkan.se\/vandravagen\/files\/2015\/05\/DSC01367-400x300.jpg 400w\" sizes=\"auto, (max-width: 584px) 100vw, 584px\" \/><\/a><p id=\"caption-attachment-3078\" class=\"wp-caption-text\">Glasf\u00f6nster f\u00f6rest\u00e4llande Jesus p\u00e5 f\u00f6rklaringsberget<\/p><\/div>\n<p>En rolig sak jag t\u00e4nker p\u00e5 ibland \u00e4r att broder Roger brukade v\u00e4lsigna den som ville vid en del gudstj\u00e4nster och \u00e4ven jag tog chansen att f\u00e5 en s\u00e5dan v\u00e4lsignelse. D\u00e5 sade\u00a0Roger n\u00e5got till en broder bredvid som talade engelska och som sedan bj\u00f6d in mig till att \u00e4ta lunch med br\u00f6derna dagen d\u00e4rp\u00e5. Jag f\u00f6rstod senare att det var n\u00e5got han gjorde med folk som s\u00e5g ut som potentiella munkar. Jag har f\u00e5tt luncha med br\u00f6derna tv\u00e5 g\u00e5nger s\u00e5 <strong>jag s\u00e5g v\u00e4l v\u00e4ldigt munkig ut<\/strong>. Det hela var v\u00e4ldigt trevligt men jag f\u00f6rstod inte mycket som sades s\u00e5 \u00e4ven om jag tagit br Roger i hand och s\u00e5 vet jag inte vad som sades.<\/p>\n<p>Idag samlas i alla fall m\u00e4nniskor \u00f6ver hela v\u00e4rlden f\u00f6r att be i taiz\u00e9s anda p\u00e5 br Rogers f\u00f6delsedag. H\u00e4r \u00e4r en karta fr\u00e5n deras hemsida som ger begrepp om hur stort n\u00e4tverket i sj\u00e4lva verket \u00e4r:<\/p>\n<div id=\"attachment_3076\" style=\"width: 666px\" class=\"wp-caption aligncenter\"><a href=\"http:\/\/blogg.svenskakyrkan.se\/vandravagen\/files\/2015\/05\/Sk\u00e4rmavbild-2015-05-07-kl.-12.28.33.png\"><img loading=\"lazy\" decoding=\"async\" aria-describedby=\"caption-attachment-3076\" class=\"size-full wp-image-3076\" src=\"http:\/\/blogg.svenskakyrkan.se\/vandravagen\/files\/2015\/05\/Sk\u00e4rmavbild-2015-05-07-kl.-12.28.33.png\" alt=\"H\u00e4r h\u00e5lls taiz\u00e9b\u00f6n idag.\" width=\"656\" height=\"417\" srcset=\"https:\/\/blogg.svenskakyrkan.se\/vandravagen\/files\/2015\/05\/Sk\u00e4rmavbild-2015-05-07-kl.-12.28.33.png 656w, https:\/\/blogg.svenskakyrkan.se\/vandravagen\/files\/2015\/05\/Sk\u00e4rmavbild-2015-05-07-kl.-12.28.33-300x191.png 300w, https:\/\/blogg.svenskakyrkan.se\/vandravagen\/files\/2015\/05\/Sk\u00e4rmavbild-2015-05-07-kl.-12.28.33-472x300.png 472w\" sizes=\"auto, (max-width: 656px) 100vw, 656px\" \/><\/a><p id=\"caption-attachment-3076\" class=\"wp-caption-text\">H\u00e4r h\u00e5lls taiz\u00e9b\u00f6n idag.<\/p><\/div>\n<p>Vi som h\u00e4nger p\u00e5 Vandra V\u00e4gen ska f\u00f6rst\u00e5s vara med vi ocks\u00e5. Eller hur? Be g\u00e4rna f\u00f6r br\u00f6dernas arbete jorden runt och f\u00f6r alla de kommer i kontakt med. Och s\u00e5 kan vi st\u00e4mma in i s\u00e5ngen &#8221;Kom heliga Ande&#8221; (Veni Sankte Spiritus):<\/p>\n<p><iframe loading=\"lazy\" title=\"Taize&#039; song - Holy Spirit come to us\" width=\"500\" height=\"375\" src=\"https:\/\/www.youtube.com\/embed\/zasyz-tJkOg?feature=oembed\" frameborder=\"0\" allow=\"accelerometer; autoplay; clipboard-write; encrypted-media; gyroscope; picture-in-picture; web-share\" referrerpolicy=\"strict-origin-when-cross-origin\" allowfullscreen><\/iframe><\/p>\n","protected":false},"excerpt":{"rendered":"<p>Idag \u00e4r det hundra \u00e5r sedan broder Roger av Taiz\u00e9 f\u00f6ddes. Roger Schultz grundade klostret i Taiz\u00e9 som en ekumenisk kommunitet och klostret \u00e4r sedan m\u00e5nga \u00e5r k\u00e4nt som en plats stora m\u00e4ngder ungdomar reser till och lever i en kort eller l\u00e4ngre tid. Br\u00f6dernas egen beskrivning av en resa till Taiz\u00e9 \u00e4r att det [&hellip;]<\/p>\n","protected":false},"author":392,"featured_media":0,"comment_status":"open","ping_status":"open","sticky":false,"template":"","format":"standard","meta":{"_acf_changed":false,"footnotes":""},"categories":[9],"tags":[],"class_list":["post-3067","post","type-post","status-publish","format-standard","hentry","category-okategoriserade"],"acf":[],"yoast_head":"<!-- This site is optimized with the Yoast SEO plugin v27.1.1 - https:\/\/yoast.com\/product\/yoast-seo-wordpress\/ -->\n<title>Broder Roger 100 \u00e5r - Vandra V\u00e4gen<\/title>\n<meta name=\"robots\" content=\"index, follow, max-snippet:-1, max-image-preview:large, max-video-preview:-1\" \/>\n<link rel=\"canonical\" href=\"https:\/\/blogg.svenskakyrkan.se\/vandravagen\/2015\/05\/12\/broder-roger-100-ar\/\" \/>\n<meta property=\"og:locale\" content=\"sv_SE\" \/>\n<meta property=\"og:type\" content=\"article\" \/>\n<meta property=\"og:title\" content=\"Broder Roger 100 \u00e5r - Vandra V\u00e4gen\" \/>\n<meta property=\"og:description\" content=\"Idag \u00e4r det hundra \u00e5r sedan broder Roger av Taiz\u00e9 f\u00f6ddes. Roger Schultz grundade klostret i Taiz\u00e9 som en ekumenisk kommunitet och klostret \u00e4r sedan m\u00e5nga \u00e5r k\u00e4nt som en plats stora m\u00e4ngder ungdomar reser till och lever i en kort eller l\u00e4ngre tid. Br\u00f6dernas egen beskrivning av en resa till Taiz\u00e9 \u00e4r att det [&hellip;]\" \/>\n<meta property=\"og:url\" content=\"https:\/\/blogg.svenskakyrkan.se\/vandravagen\/2015\/05\/12\/broder-roger-100-ar\/\" \/>\n<meta property=\"og:site_name\" content=\"Vandra V\u00e4gen\" \/>\n<meta property=\"article:publisher\" content=\"http:\/\/facebook.com\/vandravagen\" \/>\n<meta property=\"article:published_time\" content=\"2015-05-12T05:00:06+00:00\" \/>\n<meta property=\"og:image\" content=\"http:\/\/blogg.svenskakyrkan.se\/vandravagen\/files\/2015\/05\/DSC01362-1024x768.jpg\" \/>\n<meta name=\"author\" content=\"Tomas Jarvid\" \/>\n<meta name=\"twitter:card\" content=\"summary_large_image\" \/>\n<meta name=\"twitter:creator\" content=\"@fadertomas\" \/>\n<meta name=\"twitter:site\" content=\"@fadertomas\" \/>\n<meta name=\"twitter:label1\" content=\"Skriven av\" \/>\n\t<meta name=\"twitter:data1\" content=\"Tomas Jarvid\" \/>\n\t<meta name=\"twitter:label2\" content=\"Ber\u00e4knad l\u00e4stid\" \/>\n\t<meta name=\"twitter:data2\" content=\"2 minuter\" \/>\n<script type=\"application\/ld+json\" class=\"yoast-schema-graph\">{\"@context\":\"https:\/\/schema.org\",\"@graph\":[{\"@type\":\"Article\",\"@id\":\"https:\/\/blogg.svenskakyrkan.se\/vandravagen\/2015\/05\/12\/broder-roger-100-ar\/#article\",\"isPartOf\":{\"@id\":\"https:\/\/blogg.svenskakyrkan.se\/vandravagen\/2015\/05\/12\/broder-roger-100-ar\/\"},\"author\":{\"name\":\"Tomas Jarvid\",\"@id\":\"https:\/\/blogg.svenskakyrkan.se\/vandravagen\/#\/schema\/person\/25da02d4f76b137d04291711e2c9fc16\"},\"headline\":\"Broder Roger 100 \u00e5r\",\"datePublished\":\"2015-05-12T05:00:06+00:00\",\"mainEntityOfPage\":{\"@id\":\"https:\/\/blogg.svenskakyrkan.se\/vandravagen\/2015\/05\/12\/broder-roger-100-ar\/\"},\"wordCount\":470,\"commentCount\":4,\"publisher\":{\"@id\":\"https:\/\/blogg.svenskakyrkan.se\/vandravagen\/#organization\"},\"image\":{\"@id\":\"https:\/\/blogg.svenskakyrkan.se\/vandravagen\/2015\/05\/12\/broder-roger-100-ar\/#primaryimage\"},\"thumbnailUrl\":\"http:\/\/blogg.svenskakyrkan.se\/vandravagen\/files\/2015\/05\/DSC01362-1024x768.jpg\",\"inLanguage\":\"sv-SE\",\"potentialAction\":[{\"@type\":\"CommentAction\",\"name\":\"Comment\",\"target\":[\"https:\/\/blogg.svenskakyrkan.se\/vandravagen\/2015\/05\/12\/broder-roger-100-ar\/#respond\"]}]},{\"@type\":\"WebPage\",\"@id\":\"https:\/\/blogg.svenskakyrkan.se\/vandravagen\/2015\/05\/12\/broder-roger-100-ar\/\",\"url\":\"https:\/\/blogg.svenskakyrkan.se\/vandravagen\/2015\/05\/12\/broder-roger-100-ar\/\",\"name\":\"Broder Roger 100 \u00e5r - Vandra V\u00e4gen\",\"isPartOf\":{\"@id\":\"https:\/\/blogg.svenskakyrkan.se\/vandravagen\/#website\"},\"primaryImageOfPage\":{\"@id\":\"https:\/\/blogg.svenskakyrkan.se\/vandravagen\/2015\/05\/12\/broder-roger-100-ar\/#primaryimage\"},\"image\":{\"@id\":\"https:\/\/blogg.svenskakyrkan.se\/vandravagen\/2015\/05\/12\/broder-roger-100-ar\/#primaryimage\"},\"thumbnailUrl\":\"http:\/\/blogg.svenskakyrkan.se\/vandravagen\/files\/2015\/05\/DSC01362-1024x768.jpg\",\"datePublished\":\"2015-05-12T05:00:06+00:00\",\"breadcrumb\":{\"@id\":\"https:\/\/blogg.svenskakyrkan.se\/vandravagen\/2015\/05\/12\/broder-roger-100-ar\/#breadcrumb\"},\"inLanguage\":\"sv-SE\",\"potentialAction\":[{\"@type\":\"ReadAction\",\"target\":[\"https:\/\/blogg.svenskakyrkan.se\/vandravagen\/2015\/05\/12\/broder-roger-100-ar\/\"]}]},{\"@type\":\"ImageObject\",\"inLanguage\":\"sv-SE\",\"@id\":\"https:\/\/blogg.svenskakyrkan.se\/vandravagen\/2015\/05\/12\/broder-roger-100-ar\/#primaryimage\",\"url\":\"http:\/\/blogg.svenskakyrkan.se\/vandravagen\/files\/2015\/05\/DSC01362-1024x768.jpg\",\"contentUrl\":\"http:\/\/blogg.svenskakyrkan.se\/vandravagen\/files\/2015\/05\/DSC01362-1024x768.jpg\"},{\"@type\":\"BreadcrumbList\",\"@id\":\"https:\/\/blogg.svenskakyrkan.se\/vandravagen\/2015\/05\/12\/broder-roger-100-ar\/#breadcrumb\",\"itemListElement\":[{\"@type\":\"ListItem\",\"position\":1,\"name\":\"Hem\",\"item\":\"https:\/\/blogg.svenskakyrkan.se\/vandravagen\/\"},{\"@type\":\"ListItem\",\"position\":2,\"name\":\"Broder Roger 100 \u00e5r\"}]},{\"@type\":\"WebSite\",\"@id\":\"https:\/\/blogg.svenskakyrkan.se\/vandravagen\/#website\",\"url\":\"https:\/\/blogg.svenskakyrkan.se\/vandravagen\/\",\"name\":\"Vandra V\u00e4gen\",\"description\":\"-Mot en tro f\u00f6r hela livet\",\"publisher\":{\"@id\":\"https:\/\/blogg.svenskakyrkan.se\/vandravagen\/#organization\"},\"potentialAction\":[{\"@type\":\"SearchAction\",\"target\":{\"@type\":\"EntryPoint\",\"urlTemplate\":\"https:\/\/blogg.svenskakyrkan.se\/vandravagen\/?s={search_term_string}\"},\"query-input\":{\"@type\":\"PropertyValueSpecification\",\"valueRequired\":true,\"valueName\":\"search_term_string\"}}],\"inLanguage\":\"sv-SE\"},{\"@type\":\"Organization\",\"@id\":\"https:\/\/blogg.svenskakyrkan.se\/vandravagen\/#organization\",\"name\":\"ulricehamns pastorat\",\"alternateName\":\"ulricehamns pastorat\",\"url\":\"https:\/\/blogg.svenskakyrkan.se\/vandravagen\/\",\"logo\":{\"@type\":\"ImageObject\",\"inLanguage\":\"sv-SE\",\"@id\":\"https:\/\/blogg.svenskakyrkan.se\/vandravagen\/#\/schema\/logo\/image\/\",\"url\":\"https:\/\/blogg.svenskakyrkan.se\/vandravagen\/files\/2023\/05\/Ulr_logo_RGB.png\",\"contentUrl\":\"https:\/\/blogg.svenskakyrkan.se\/vandravagen\/files\/2023\/05\/Ulr_logo_RGB.png\",\"width\":205,\"height\":77,\"caption\":\"ulricehamns pastorat\"},\"image\":{\"@id\":\"https:\/\/blogg.svenskakyrkan.se\/vandravagen\/#\/schema\/logo\/image\/\"},\"sameAs\":[\"http:\/\/facebook.com\/vandravagen\",\"https:\/\/x.com\/fadertomas\",\"http:\/\/www.facebook.com\/svenskakyrkaniulricehamn\"]},{\"@type\":\"Person\",\"@id\":\"https:\/\/blogg.svenskakyrkan.se\/vandravagen\/#\/schema\/person\/25da02d4f76b137d04291711e2c9fc16\",\"name\":\"Tomas Jarvid\",\"image\":{\"@type\":\"ImageObject\",\"inLanguage\":\"sv-SE\",\"@id\":\"https:\/\/blogg.svenskakyrkan.se\/vandravagen\/#\/schema\/person\/image\/\",\"url\":\"https:\/\/secure.gravatar.com\/avatar\/7fa71899795e8f540f615a1f5ab25255dc27aa40f05ee7ddd21aac521e01bf50?s=96&d=identicon&r=g\",\"contentUrl\":\"https:\/\/secure.gravatar.com\/avatar\/7fa71899795e8f540f615a1f5ab25255dc27aa40f05ee7ddd21aac521e01bf50?s=96&d=identicon&r=g\",\"caption\":\"Tomas Jarvid\"},\"description\":\"Jag bor i Ulricehamn i V\u00e4sterg\u00f6tland och \u00e4r f\u00f6rsamlingspr\u00e4st i Svenska Kyrkan f\u00f6r Dalstorps f\u00f6rsamling i Kinds pastorat. P\u00e5 den h\u00e4r bloggen skriver jag ner tankar om vandringen som kristen.\",\"sameAs\":[\"http:\/\/www.vandravagen.se\"],\"url\":\"https:\/\/blogg.svenskakyrkan.se\/vandravagen\/author\/vandravagen\/\"}]}<\/script>\n<!-- \/ Yoast SEO plugin. -->","yoast_head_json":{"title":"Broder Roger 100 \u00e5r - Vandra V\u00e4gen","robots":{"index":"index","follow":"follow","max-snippet":"max-snippet:-1","max-image-preview":"max-image-preview:large","max-video-preview":"max-video-preview:-1"},"canonical":"https:\/\/blogg.svenskakyrkan.se\/vandravagen\/2015\/05\/12\/broder-roger-100-ar\/","og_locale":"sv_SE","og_type":"article","og_title":"Broder Roger 100 \u00e5r - Vandra V\u00e4gen","og_description":"Idag \u00e4r det hundra \u00e5r sedan broder Roger av Taiz\u00e9 f\u00f6ddes. Roger Schultz grundade klostret i Taiz\u00e9 som en ekumenisk kommunitet och klostret \u00e4r sedan m\u00e5nga \u00e5r k\u00e4nt som en plats stora m\u00e4ngder ungdomar reser till och lever i en kort eller l\u00e4ngre tid. Br\u00f6dernas egen beskrivning av en resa till Taiz\u00e9 \u00e4r att det [&hellip;]","og_url":"https:\/\/blogg.svenskakyrkan.se\/vandravagen\/2015\/05\/12\/broder-roger-100-ar\/","og_site_name":"Vandra V\u00e4gen","article_publisher":"http:\/\/facebook.com\/vandravagen","article_published_time":"2015-05-12T05:00:06+00:00","og_image":[{"url":"http:\/\/blogg.svenskakyrkan.se\/vandravagen\/files\/2015\/05\/DSC01362-1024x768.jpg","type":"","width":"","height":""}],"author":"Tomas Jarvid","twitter_card":"summary_large_image","twitter_creator":"@fadertomas","twitter_site":"@fadertomas","twitter_misc":{"Skriven av":"Tomas Jarvid","Ber\u00e4knad l\u00e4stid":"2 minuter"},"schema":{"@context":"https:\/\/schema.org","@graph":[{"@type":"Article","@id":"https:\/\/blogg.svenskakyrkan.se\/vandravagen\/2015\/05\/12\/broder-roger-100-ar\/#article","isPartOf":{"@id":"https:\/\/blogg.svenskakyrkan.se\/vandravagen\/2015\/05\/12\/broder-roger-100-ar\/"},"author":{"name":"Tomas Jarvid","@id":"https:\/\/blogg.svenskakyrkan.se\/vandravagen\/#\/schema\/person\/25da02d4f76b137d04291711e2c9fc16"},"headline":"Broder Roger 100 \u00e5r","datePublished":"2015-05-12T05:00:06+00:00","mainEntityOfPage":{"@id":"https:\/\/blogg.svenskakyrkan.se\/vandravagen\/2015\/05\/12\/broder-roger-100-ar\/"},"wordCount":470,"commentCount":4,"publisher":{"@id":"https:\/\/blogg.svenskakyrkan.se\/vandravagen\/#organization"},"image":{"@id":"https:\/\/blogg.svenskakyrkan.se\/vandravagen\/2015\/05\/12\/broder-roger-100-ar\/#primaryimage"},"thumbnailUrl":"http:\/\/blogg.svenskakyrkan.se\/vandravagen\/files\/2015\/05\/DSC01362-1024x768.jpg","inLanguage":"sv-SE","potentialAction":[{"@type":"CommentAction","name":"Comment","target":["https:\/\/blogg.svenskakyrkan.se\/vandravagen\/2015\/05\/12\/broder-roger-100-ar\/#respond"]}]},{"@type":"WebPage","@id":"https:\/\/blogg.svenskakyrkan.se\/vandravagen\/2015\/05\/12\/broder-roger-100-ar\/","url":"https:\/\/blogg.svenskakyrkan.se\/vandravagen\/2015\/05\/12\/broder-roger-100-ar\/","name":"Broder Roger 100 \u00e5r - Vandra V\u00e4gen","isPartOf":{"@id":"https:\/\/blogg.svenskakyrkan.se\/vandravagen\/#website"},"primaryImageOfPage":{"@id":"https:\/\/blogg.svenskakyrkan.se\/vandravagen\/2015\/05\/12\/broder-roger-100-ar\/#primaryimage"},"image":{"@id":"https:\/\/blogg.svenskakyrkan.se\/vandravagen\/2015\/05\/12\/broder-roger-100-ar\/#primaryimage"},"thumbnailUrl":"http:\/\/blogg.svenskakyrkan.se\/vandravagen\/files\/2015\/05\/DSC01362-1024x768.jpg","datePublished":"2015-05-12T05:00:06+00:00","breadcrumb":{"@id":"https:\/\/blogg.svenskakyrkan.se\/vandravagen\/2015\/05\/12\/broder-roger-100-ar\/#breadcrumb"},"inLanguage":"sv-SE","potentialAction":[{"@type":"ReadAction","target":["https:\/\/blogg.svenskakyrkan.se\/vandravagen\/2015\/05\/12\/broder-roger-100-ar\/"]}]},{"@type":"ImageObject","inLanguage":"sv-SE","@id":"https:\/\/blogg.svenskakyrkan.se\/vandravagen\/2015\/05\/12\/broder-roger-100-ar\/#primaryimage","url":"http:\/\/blogg.svenskakyrkan.se\/vandravagen\/files\/2015\/05\/DSC01362-1024x768.jpg","contentUrl":"http:\/\/blogg.svenskakyrkan.se\/vandravagen\/files\/2015\/05\/DSC01362-1024x768.jpg"},{"@type":"BreadcrumbList","@id":"https:\/\/blogg.svenskakyrkan.se\/vandravagen\/2015\/05\/12\/broder-roger-100-ar\/#breadcrumb","itemListElement":[{"@type":"ListItem","position":1,"name":"Hem","item":"https:\/\/blogg.svenskakyrkan.se\/vandravagen\/"},{"@type":"ListItem","position":2,"name":"Broder Roger 100 \u00e5r"}]},{"@type":"WebSite","@id":"https:\/\/blogg.svenskakyrkan.se\/vandravagen\/#website","url":"https:\/\/blogg.svenskakyrkan.se\/vandravagen\/","name":"Vandra V\u00e4gen","description":"-Mot en tro f\u00f6r hela livet","publisher":{"@id":"https:\/\/blogg.svenskakyrkan.se\/vandravagen\/#organization"},"potentialAction":[{"@type":"SearchAction","target":{"@type":"EntryPoint","urlTemplate":"https:\/\/blogg.svenskakyrkan.se\/vandravagen\/?s={search_term_string}"},"query-input":{"@type":"PropertyValueSpecification","valueRequired":true,"valueName":"search_term_string"}}],"inLanguage":"sv-SE"},{"@type":"Organization","@id":"https:\/\/blogg.svenskakyrkan.se\/vandravagen\/#organization","name":"ulricehamns pastorat","alternateName":"ulricehamns pastorat","url":"https:\/\/blogg.svenskakyrkan.se\/vandravagen\/","logo":{"@type":"ImageObject","inLanguage":"sv-SE","@id":"https:\/\/blogg.svenskakyrkan.se\/vandravagen\/#\/schema\/logo\/image\/","url":"https:\/\/blogg.svenskakyrkan.se\/vandravagen\/files\/2023\/05\/Ulr_logo_RGB.png","contentUrl":"https:\/\/blogg.svenskakyrkan.se\/vandravagen\/files\/2023\/05\/Ulr_logo_RGB.png","width":205,"height":77,"caption":"ulricehamns pastorat"},"image":{"@id":"https:\/\/blogg.svenskakyrkan.se\/vandravagen\/#\/schema\/logo\/image\/"},"sameAs":["http:\/\/facebook.com\/vandravagen","https:\/\/x.com\/fadertomas","http:\/\/www.facebook.com\/svenskakyrkaniulricehamn"]},{"@type":"Person","@id":"https:\/\/blogg.svenskakyrkan.se\/vandravagen\/#\/schema\/person\/25da02d4f76b137d04291711e2c9fc16","name":"Tomas Jarvid","image":{"@type":"ImageObject","inLanguage":"sv-SE","@id":"https:\/\/blogg.svenskakyrkan.se\/vandravagen\/#\/schema\/person\/image\/","url":"https:\/\/secure.gravatar.com\/avatar\/7fa71899795e8f540f615a1f5ab25255dc27aa40f05ee7ddd21aac521e01bf50?s=96&d=identicon&r=g","contentUrl":"https:\/\/secure.gravatar.com\/avatar\/7fa71899795e8f540f615a1f5ab25255dc27aa40f05ee7ddd21aac521e01bf50?s=96&d=identicon&r=g","caption":"Tomas Jarvid"},"description":"Jag bor i Ulricehamn i V\u00e4sterg\u00f6tland och \u00e4r f\u00f6rsamlingspr\u00e4st i Svenska Kyrkan f\u00f6r Dalstorps f\u00f6rsamling i Kinds pastorat. P\u00e5 den h\u00e4r bloggen skriver jag ner tankar om vandringen som kristen.","sameAs":["http:\/\/www.vandravagen.se"],"url":"https:\/\/blogg.svenskakyrkan.se\/vandravagen\/author\/vandravagen\/"}]}},"author_meta":{"ID":"392","user_nicename":"vandravagen","user_url":"http:\/\/www.vandravagen.se","user_registered":"2014-05-19 05:44:52","display_name":"Tomas Jarvid","first_name":"Tomas","last_name":"Jarvid","avatar":"https:\/\/secure.gravatar.com\/avatar\/7fa71899795e8f540f615a1f5ab25255dc27aa40f05ee7ddd21aac521e01bf50?s=96&d=identicon&r=g"},"featured_image":false,"bloginfo":{"name":"Vandra V\u00e4gen","url":"https:\/\/blogg.svenskakyrkan.se\/vandravagen"},"_links":{"self":[{"href":"https:\/\/blogg.svenskakyrkan.se\/vandravagen\/wp-json\/wp\/v2\/posts\/3067","targetHints":{"allow":["GET"]}}],"collection":[{"href":"https:\/\/blogg.svenskakyrkan.se\/vandravagen\/wp-json\/wp\/v2\/posts"}],"about":[{"href":"https:\/\/blogg.svenskakyrkan.se\/vandravagen\/wp-json\/wp\/v2\/types\/post"}],"author":[{"embeddable":true,"href":"https:\/\/blogg.svenskakyrkan.se\/vandravagen\/wp-json\/wp\/v2\/users\/392"}],"replies":[{"embeddable":true,"href":"https:\/\/blogg.svenskakyrkan.se\/vandravagen\/wp-json\/wp\/v2\/comments?post=3067"}],"version-history":[{"count":2,"href":"https:\/\/blogg.svenskakyrkan.se\/vandravagen\/wp-json\/wp\/v2\/posts\/3067\/revisions"}],"predecessor-version":[{"id":3079,"href":"https:\/\/blogg.svenskakyrkan.se\/vandravagen\/wp-json\/wp\/v2\/posts\/3067\/revisions\/3079"}],"wp:attachment":[{"href":"https:\/\/blogg.svenskakyrkan.se\/vandravagen\/wp-json\/wp\/v2\/media?parent=3067"}],"wp:term":[{"taxonomy":"category","embeddable":true,"href":"https:\/\/blogg.svenskakyrkan.se\/vandravagen\/wp-json\/wp\/v2\/categories?post=3067"},{"taxonomy":"post_tag","embeddable":true,"href":"https:\/\/blogg.svenskakyrkan.se\/vandravagen\/wp-json\/wp\/v2\/tags?post=3067"}],"curies":[{"name":"wp","href":"https:\/\/api.w.org\/{rel}","templated":true}]}}