{"id":3101,"date":"2015-05-19T07:00:33","date_gmt":"2015-05-19T05:00:33","guid":{"rendered":"http:\/\/blogg.svenskakyrkan.se\/vandravagen\/?p=3101"},"modified":"2015-05-18T21:47:27","modified_gmt":"2015-05-18T19:47:27","slug":"pilgrimens-framtid-i-sverige","status":"publish","type":"post","link":"https:\/\/blogg.svenskakyrkan.se\/vandravagen\/2015\/05\/19\/pilgrimens-framtid-i-sverige\/","title":{"rendered":"Pilgrimens framtid i Sverige"},"content":{"rendered":"<div id=\"attachment_3118\" style=\"width: 436px\" class=\"wp-caption aligncenter\"><a href=\"http:\/\/blogg.svenskakyrkan.se\/vandravagen\/files\/2015\/05\/DSC_0605.jpg\"><img loading=\"lazy\" decoding=\"async\" aria-describedby=\"caption-attachment-3118\" class=\"size-full wp-image-3118\" src=\"http:\/\/blogg.svenskakyrkan.se\/vandravagen\/files\/2015\/05\/DSC_0605.jpg\" alt=\"Vid Skara domkyrka\" width=\"426\" height=\"640\" srcset=\"https:\/\/blogg.svenskakyrkan.se\/vandravagen\/files\/2015\/05\/DSC_0605.jpg 426w, https:\/\/blogg.svenskakyrkan.se\/vandravagen\/files\/2015\/05\/DSC_0605-300x451.jpg 300w, https:\/\/blogg.svenskakyrkan.se\/vandravagen\/files\/2015\/05\/DSC_0605-200x300.jpg 200w\" sizes=\"auto, (max-width: 426px) 100vw, 426px\" \/><\/a><p id=\"caption-attachment-3118\" class=\"wp-caption-text\">Vid Skara domkyrka<\/p><\/div>\n<p>P\u00e5 uppdrag av pastoratsbladet fick jag anledning att intervjua Maria Nordstr\u00f6m p\u00e5 Skara kommun. Maria har arbetat l\u00e4nge med pilgrimsfr\u00e5gor, f\u00f6rst i Trondheim och nu h\u00e4r i Sverige.<\/p>\n<p>Det var ett samtal jag l\u00e4rde mig v\u00e4ldigt mycket av och det gick f\u00f6r det mesta l\u00e5ngt utanf\u00f6r vad jag skrivit om f\u00f6r tidningen. Vi pratade en hel del om pilgrimsr\u00f6relsens framtid i Sverige. Maria, som g\u00e4rna vandrar sj\u00e4lv men av naturliga sk\u00e4l oftare finns bakom kulisserna och arrangerar saker, \u00e4r bergs\u00e4ker p\u00e5 att det beh\u00f6ver h\u00e4nda mycket kring underh\u00e5ll och infrastruktur kring pilgrimslederna. Intresset \u00e4r stort men det \u00e4r ofta b\u00f6kigt att ta sig till lederna, hitta n\u00e5gon att vandra med (de flesta vill vandra i grupp men vandrar \u00e4nd\u00e5 till slut ensamma), f\u00e5 tag i mat, logi och vatten och s\u00e5 vidare vilket g\u00f6r att det \u00e4r sv\u00e5rt f\u00f6r l\u00e5ngv\u00e4ga pilgrimer att s\u00f6ka sig hit f\u00f6r sina vandringar.<\/p>\n<p>Som jag f\u00f6rst\u00e5tt det arbetar man just nu p\u00e5 n\u00e5gon slags \u00f6verenskommelse mellan olika samh\u00e4llsakt\u00f6rer (och stift och s\u00e5nt) om underh\u00e5ll och informationsspridning kring lederna. Det som \u00e5terst\u00e5r f\u00f6r lokala f\u00f6rsamlingar att g\u00f6ra \u00e4r d\u00e5 just det vi g\u00f6r helst och b\u00e4st. Bara att leda vandringar och ta emot g\u00e4ster p\u00e5 genomresa. I mina \u00f6ron l\u00e5ter det v\u00e4ldigt bra.<\/p>\n<p>Hon ber\u00e4ttade ocks\u00e5 att det troligen kommer h\u00e4nda mycket fram\u00f6ver med digitala hj\u00e4lpmedel f\u00f6r vandrare. Lantm\u00e4teriet har sl\u00e4ppt sina kartor fria digitalt och det ger nya m\u00f6jligheter f\u00f6r appar och annat som underl\u00e4ttar logistiken f\u00f6r pilgrimer. Ocks\u00e5 det \u00e4r mycket v\u00e4lkommet (\u00e4ven om det kanske st\u00e4ller krav p\u00e5 en hel del nya st\u00e4llen d\u00e4r elektronik kan laddas utefter lederna p\u00e5 sikt?).<\/p>\n<p>Jag fick ocks\u00e5 veta att 90% av pilgrimerna vandrar lokalt och ca 10% \u00f6vernattar vid vandringslederna. Den genomsnittlige pilgrimen i Sverige \u00e4r \u00e4n s\u00e5 l\u00e4nge en v\u00e4lbest\u00e4lld medel\u00e5lders kvinna men p\u00e5 kontinenten \u00e4r det snarare en ung man i 25-\u00e5rs\u00e5ldern.<\/p>\n<p>Slutligen sammanfattade hon vackert varf\u00f6r pilgrimsvandringar \u00e4r viktiga f\u00f6r nutidens m\u00e4nniskor: <strong>&#8221;Man tar ett steg i taget&#8221;.<\/strong><\/p>\n<p>Kommentera g\u00e4rna och fundera vidare p\u00e5 det h\u00e4r med pilgrimernas nutid och framtid i Sverige!<\/p>\n","protected":false},"excerpt":{"rendered":"<p>P\u00e5 uppdrag av pastoratsbladet fick jag anledning att intervjua Maria Nordstr\u00f6m p\u00e5 Skara kommun. Maria har arbetat l\u00e4nge med pilgrimsfr\u00e5gor, f\u00f6rst i Trondheim och nu h\u00e4r i Sverige. Det var ett samtal jag l\u00e4rde mig v\u00e4ldigt mycket av och det gick f\u00f6r det mesta l\u00e5ngt utanf\u00f6r vad jag skrivit om f\u00f6r tidningen. Vi pratade en [&hellip;]<\/p>\n","protected":false},"author":392,"featured_media":0,"comment_status":"open","ping_status":"open","sticky":false,"template":"","format":"standard","meta":{"_acf_changed":false,"footnotes":""},"categories":[76189,8331],"tags":[],"class_list":["post-3101","post","type-post","status-publish","format-standard","hentry","category-dagens-kyrka","category-pilgrim"],"acf":[],"yoast_head":"<!-- This site is optimized with the Yoast SEO plugin v27.1.1 - https:\/\/yoast.com\/product\/yoast-seo-wordpress\/ -->\n<title>Pilgrimens framtid i Sverige - Vandra V\u00e4gen<\/title>\n<meta name=\"robots\" content=\"index, follow, max-snippet:-1, max-image-preview:large, max-video-preview:-1\" \/>\n<link rel=\"canonical\" href=\"https:\/\/blogg.svenskakyrkan.se\/vandravagen\/2015\/05\/19\/pilgrimens-framtid-i-sverige\/\" \/>\n<meta property=\"og:locale\" content=\"sv_SE\" \/>\n<meta property=\"og:type\" content=\"article\" \/>\n<meta property=\"og:title\" content=\"Pilgrimens framtid i Sverige - Vandra V\u00e4gen\" \/>\n<meta property=\"og:description\" content=\"P\u00e5 uppdrag av pastoratsbladet fick jag anledning att intervjua Maria Nordstr\u00f6m p\u00e5 Skara kommun. Maria har arbetat l\u00e4nge med pilgrimsfr\u00e5gor, f\u00f6rst i Trondheim och nu h\u00e4r i Sverige. Det var ett samtal jag l\u00e4rde mig v\u00e4ldigt mycket av och det gick f\u00f6r det mesta l\u00e5ngt utanf\u00f6r vad jag skrivit om f\u00f6r tidningen. Vi pratade en [&hellip;]\" \/>\n<meta property=\"og:url\" content=\"https:\/\/blogg.svenskakyrkan.se\/vandravagen\/2015\/05\/19\/pilgrimens-framtid-i-sverige\/\" \/>\n<meta property=\"og:site_name\" content=\"Vandra V\u00e4gen\" \/>\n<meta property=\"article:publisher\" content=\"http:\/\/facebook.com\/vandravagen\" \/>\n<meta property=\"article:published_time\" content=\"2015-05-19T05:00:33+00:00\" \/>\n<meta property=\"og:image\" content=\"http:\/\/blogg.svenskakyrkan.se\/vandravagen\/files\/2015\/05\/DSC_0605.jpg\" \/>\n<meta name=\"author\" content=\"Tomas Jarvid\" \/>\n<meta name=\"twitter:card\" content=\"summary_large_image\" \/>\n<meta name=\"twitter:creator\" content=\"@fadertomas\" \/>\n<meta name=\"twitter:site\" content=\"@fadertomas\" \/>\n<meta name=\"twitter:label1\" content=\"Skriven av\" \/>\n\t<meta name=\"twitter:data1\" content=\"Tomas Jarvid\" \/>\n\t<meta name=\"twitter:label2\" content=\"Ber\u00e4knad l\u00e4stid\" \/>\n\t<meta name=\"twitter:data2\" content=\"2 minuter\" \/>\n<script type=\"application\/ld+json\" class=\"yoast-schema-graph\">{\"@context\":\"https:\/\/schema.org\",\"@graph\":[{\"@type\":\"Article\",\"@id\":\"https:\/\/blogg.svenskakyrkan.se\/vandravagen\/2015\/05\/19\/pilgrimens-framtid-i-sverige\/#article\",\"isPartOf\":{\"@id\":\"https:\/\/blogg.svenskakyrkan.se\/vandravagen\/2015\/05\/19\/pilgrimens-framtid-i-sverige\/\"},\"author\":{\"name\":\"Tomas Jarvid\",\"@id\":\"https:\/\/blogg.svenskakyrkan.se\/vandravagen\/#\/schema\/person\/25da02d4f76b137d04291711e2c9fc16\"},\"headline\":\"Pilgrimens framtid i Sverige\",\"datePublished\":\"2015-05-19T05:00:33+00:00\",\"mainEntityOfPage\":{\"@id\":\"https:\/\/blogg.svenskakyrkan.se\/vandravagen\/2015\/05\/19\/pilgrimens-framtid-i-sverige\/\"},\"wordCount\":422,\"commentCount\":3,\"publisher\":{\"@id\":\"https:\/\/blogg.svenskakyrkan.se\/vandravagen\/#organization\"},\"image\":{\"@id\":\"https:\/\/blogg.svenskakyrkan.se\/vandravagen\/2015\/05\/19\/pilgrimens-framtid-i-sverige\/#primaryimage\"},\"thumbnailUrl\":\"http:\/\/blogg.svenskakyrkan.se\/vandravagen\/files\/2015\/05\/DSC_0605.jpg\",\"articleSection\":[\"Dagens Kyrka\",\"pilgrim\"],\"inLanguage\":\"sv-SE\",\"potentialAction\":[{\"@type\":\"CommentAction\",\"name\":\"Comment\",\"target\":[\"https:\/\/blogg.svenskakyrkan.se\/vandravagen\/2015\/05\/19\/pilgrimens-framtid-i-sverige\/#respond\"]}]},{\"@type\":\"WebPage\",\"@id\":\"https:\/\/blogg.svenskakyrkan.se\/vandravagen\/2015\/05\/19\/pilgrimens-framtid-i-sverige\/\",\"url\":\"https:\/\/blogg.svenskakyrkan.se\/vandravagen\/2015\/05\/19\/pilgrimens-framtid-i-sverige\/\",\"name\":\"Pilgrimens framtid i Sverige - Vandra V\u00e4gen\",\"isPartOf\":{\"@id\":\"https:\/\/blogg.svenskakyrkan.se\/vandravagen\/#website\"},\"primaryImageOfPage\":{\"@id\":\"https:\/\/blogg.svenskakyrkan.se\/vandravagen\/2015\/05\/19\/pilgrimens-framtid-i-sverige\/#primaryimage\"},\"image\":{\"@id\":\"https:\/\/blogg.svenskakyrkan.se\/vandravagen\/2015\/05\/19\/pilgrimens-framtid-i-sverige\/#primaryimage\"},\"thumbnailUrl\":\"http:\/\/blogg.svenskakyrkan.se\/vandravagen\/files\/2015\/05\/DSC_0605.jpg\",\"datePublished\":\"2015-05-19T05:00:33+00:00\",\"breadcrumb\":{\"@id\":\"https:\/\/blogg.svenskakyrkan.se\/vandravagen\/2015\/05\/19\/pilgrimens-framtid-i-sverige\/#breadcrumb\"},\"inLanguage\":\"sv-SE\",\"potentialAction\":[{\"@type\":\"ReadAction\",\"target\":[\"https:\/\/blogg.svenskakyrkan.se\/vandravagen\/2015\/05\/19\/pilgrimens-framtid-i-sverige\/\"]}]},{\"@type\":\"ImageObject\",\"inLanguage\":\"sv-SE\",\"@id\":\"https:\/\/blogg.svenskakyrkan.se\/vandravagen\/2015\/05\/19\/pilgrimens-framtid-i-sverige\/#primaryimage\",\"url\":\"http:\/\/blogg.svenskakyrkan.se\/vandravagen\/files\/2015\/05\/DSC_0605.jpg\",\"contentUrl\":\"http:\/\/blogg.svenskakyrkan.se\/vandravagen\/files\/2015\/05\/DSC_0605.jpg\"},{\"@type\":\"BreadcrumbList\",\"@id\":\"https:\/\/blogg.svenskakyrkan.se\/vandravagen\/2015\/05\/19\/pilgrimens-framtid-i-sverige\/#breadcrumb\",\"itemListElement\":[{\"@type\":\"ListItem\",\"position\":1,\"name\":\"Hem\",\"item\":\"https:\/\/blogg.svenskakyrkan.se\/vandravagen\/\"},{\"@type\":\"ListItem\",\"position\":2,\"name\":\"Pilgrimens framtid i Sverige\"}]},{\"@type\":\"WebSite\",\"@id\":\"https:\/\/blogg.svenskakyrkan.se\/vandravagen\/#website\",\"url\":\"https:\/\/blogg.svenskakyrkan.se\/vandravagen\/\",\"name\":\"Vandra V\u00e4gen\",\"description\":\"-Mot en tro f\u00f6r hela livet\",\"publisher\":{\"@id\":\"https:\/\/blogg.svenskakyrkan.se\/vandravagen\/#organization\"},\"potentialAction\":[{\"@type\":\"SearchAction\",\"target\":{\"@type\":\"EntryPoint\",\"urlTemplate\":\"https:\/\/blogg.svenskakyrkan.se\/vandravagen\/?s={search_term_string}\"},\"query-input\":{\"@type\":\"PropertyValueSpecification\",\"valueRequired\":true,\"valueName\":\"search_term_string\"}}],\"inLanguage\":\"sv-SE\"},{\"@type\":\"Organization\",\"@id\":\"https:\/\/blogg.svenskakyrkan.se\/vandravagen\/#organization\",\"name\":\"ulricehamns pastorat\",\"alternateName\":\"ulricehamns pastorat\",\"url\":\"https:\/\/blogg.svenskakyrkan.se\/vandravagen\/\",\"logo\":{\"@type\":\"ImageObject\",\"inLanguage\":\"sv-SE\",\"@id\":\"https:\/\/blogg.svenskakyrkan.se\/vandravagen\/#\/schema\/logo\/image\/\",\"url\":\"https:\/\/blogg.svenskakyrkan.se\/vandravagen\/files\/2023\/05\/Ulr_logo_RGB.png\",\"contentUrl\":\"https:\/\/blogg.svenskakyrkan.se\/vandravagen\/files\/2023\/05\/Ulr_logo_RGB.png\",\"width\":205,\"height\":77,\"caption\":\"ulricehamns pastorat\"},\"image\":{\"@id\":\"https:\/\/blogg.svenskakyrkan.se\/vandravagen\/#\/schema\/logo\/image\/\"},\"sameAs\":[\"http:\/\/facebook.com\/vandravagen\",\"https:\/\/x.com\/fadertomas\",\"http:\/\/www.facebook.com\/svenskakyrkaniulricehamn\"]},{\"@type\":\"Person\",\"@id\":\"https:\/\/blogg.svenskakyrkan.se\/vandravagen\/#\/schema\/person\/25da02d4f76b137d04291711e2c9fc16\",\"name\":\"Tomas Jarvid\",\"image\":{\"@type\":\"ImageObject\",\"inLanguage\":\"sv-SE\",\"@id\":\"https:\/\/blogg.svenskakyrkan.se\/vandravagen\/#\/schema\/person\/image\/\",\"url\":\"https:\/\/secure.gravatar.com\/avatar\/7fa71899795e8f540f615a1f5ab25255dc27aa40f05ee7ddd21aac521e01bf50?s=96&d=identicon&r=g\",\"contentUrl\":\"https:\/\/secure.gravatar.com\/avatar\/7fa71899795e8f540f615a1f5ab25255dc27aa40f05ee7ddd21aac521e01bf50?s=96&d=identicon&r=g\",\"caption\":\"Tomas Jarvid\"},\"description\":\"Jag bor i Ulricehamn i V\u00e4sterg\u00f6tland och \u00e4r f\u00f6rsamlingspr\u00e4st i Svenska Kyrkan f\u00f6r Dalstorps f\u00f6rsamling i Kinds pastorat. P\u00e5 den h\u00e4r bloggen skriver jag ner tankar om vandringen som kristen.\",\"sameAs\":[\"http:\/\/www.vandravagen.se\"],\"url\":\"https:\/\/blogg.svenskakyrkan.se\/vandravagen\/author\/vandravagen\/\"}]}<\/script>\n<!-- \/ Yoast SEO plugin. -->","yoast_head_json":{"title":"Pilgrimens framtid i Sverige - Vandra V\u00e4gen","robots":{"index":"index","follow":"follow","max-snippet":"max-snippet:-1","max-image-preview":"max-image-preview:large","max-video-preview":"max-video-preview:-1"},"canonical":"https:\/\/blogg.svenskakyrkan.se\/vandravagen\/2015\/05\/19\/pilgrimens-framtid-i-sverige\/","og_locale":"sv_SE","og_type":"article","og_title":"Pilgrimens framtid i Sverige - Vandra V\u00e4gen","og_description":"P\u00e5 uppdrag av pastoratsbladet fick jag anledning att intervjua Maria Nordstr\u00f6m p\u00e5 Skara kommun. Maria har arbetat l\u00e4nge med pilgrimsfr\u00e5gor, f\u00f6rst i Trondheim och nu h\u00e4r i Sverige. Det var ett samtal jag l\u00e4rde mig v\u00e4ldigt mycket av och det gick f\u00f6r det mesta l\u00e5ngt utanf\u00f6r vad jag skrivit om f\u00f6r tidningen. Vi pratade en [&hellip;]","og_url":"https:\/\/blogg.svenskakyrkan.se\/vandravagen\/2015\/05\/19\/pilgrimens-framtid-i-sverige\/","og_site_name":"Vandra V\u00e4gen","article_publisher":"http:\/\/facebook.com\/vandravagen","article_published_time":"2015-05-19T05:00:33+00:00","og_image":[{"url":"http:\/\/blogg.svenskakyrkan.se\/vandravagen\/files\/2015\/05\/DSC_0605.jpg","type":"","width":"","height":""}],"author":"Tomas Jarvid","twitter_card":"summary_large_image","twitter_creator":"@fadertomas","twitter_site":"@fadertomas","twitter_misc":{"Skriven av":"Tomas Jarvid","Ber\u00e4knad l\u00e4stid":"2 minuter"},"schema":{"@context":"https:\/\/schema.org","@graph":[{"@type":"Article","@id":"https:\/\/blogg.svenskakyrkan.se\/vandravagen\/2015\/05\/19\/pilgrimens-framtid-i-sverige\/#article","isPartOf":{"@id":"https:\/\/blogg.svenskakyrkan.se\/vandravagen\/2015\/05\/19\/pilgrimens-framtid-i-sverige\/"},"author":{"name":"Tomas Jarvid","@id":"https:\/\/blogg.svenskakyrkan.se\/vandravagen\/#\/schema\/person\/25da02d4f76b137d04291711e2c9fc16"},"headline":"Pilgrimens framtid i Sverige","datePublished":"2015-05-19T05:00:33+00:00","mainEntityOfPage":{"@id":"https:\/\/blogg.svenskakyrkan.se\/vandravagen\/2015\/05\/19\/pilgrimens-framtid-i-sverige\/"},"wordCount":422,"commentCount":3,"publisher":{"@id":"https:\/\/blogg.svenskakyrkan.se\/vandravagen\/#organization"},"image":{"@id":"https:\/\/blogg.svenskakyrkan.se\/vandravagen\/2015\/05\/19\/pilgrimens-framtid-i-sverige\/#primaryimage"},"thumbnailUrl":"http:\/\/blogg.svenskakyrkan.se\/vandravagen\/files\/2015\/05\/DSC_0605.jpg","articleSection":["Dagens Kyrka","pilgrim"],"inLanguage":"sv-SE","potentialAction":[{"@type":"CommentAction","name":"Comment","target":["https:\/\/blogg.svenskakyrkan.se\/vandravagen\/2015\/05\/19\/pilgrimens-framtid-i-sverige\/#respond"]}]},{"@type":"WebPage","@id":"https:\/\/blogg.svenskakyrkan.se\/vandravagen\/2015\/05\/19\/pilgrimens-framtid-i-sverige\/","url":"https:\/\/blogg.svenskakyrkan.se\/vandravagen\/2015\/05\/19\/pilgrimens-framtid-i-sverige\/","name":"Pilgrimens framtid i Sverige - Vandra V\u00e4gen","isPartOf":{"@id":"https:\/\/blogg.svenskakyrkan.se\/vandravagen\/#website"},"primaryImageOfPage":{"@id":"https:\/\/blogg.svenskakyrkan.se\/vandravagen\/2015\/05\/19\/pilgrimens-framtid-i-sverige\/#primaryimage"},"image":{"@id":"https:\/\/blogg.svenskakyrkan.se\/vandravagen\/2015\/05\/19\/pilgrimens-framtid-i-sverige\/#primaryimage"},"thumbnailUrl":"http:\/\/blogg.svenskakyrkan.se\/vandravagen\/files\/2015\/05\/DSC_0605.jpg","datePublished":"2015-05-19T05:00:33+00:00","breadcrumb":{"@id":"https:\/\/blogg.svenskakyrkan.se\/vandravagen\/2015\/05\/19\/pilgrimens-framtid-i-sverige\/#breadcrumb"},"inLanguage":"sv-SE","potentialAction":[{"@type":"ReadAction","target":["https:\/\/blogg.svenskakyrkan.se\/vandravagen\/2015\/05\/19\/pilgrimens-framtid-i-sverige\/"]}]},{"@type":"ImageObject","inLanguage":"sv-SE","@id":"https:\/\/blogg.svenskakyrkan.se\/vandravagen\/2015\/05\/19\/pilgrimens-framtid-i-sverige\/#primaryimage","url":"http:\/\/blogg.svenskakyrkan.se\/vandravagen\/files\/2015\/05\/DSC_0605.jpg","contentUrl":"http:\/\/blogg.svenskakyrkan.se\/vandravagen\/files\/2015\/05\/DSC_0605.jpg"},{"@type":"BreadcrumbList","@id":"https:\/\/blogg.svenskakyrkan.se\/vandravagen\/2015\/05\/19\/pilgrimens-framtid-i-sverige\/#breadcrumb","itemListElement":[{"@type":"ListItem","position":1,"name":"Hem","item":"https:\/\/blogg.svenskakyrkan.se\/vandravagen\/"},{"@type":"ListItem","position":2,"name":"Pilgrimens framtid i Sverige"}]},{"@type":"WebSite","@id":"https:\/\/blogg.svenskakyrkan.se\/vandravagen\/#website","url":"https:\/\/blogg.svenskakyrkan.se\/vandravagen\/","name":"Vandra V\u00e4gen","description":"-Mot en tro f\u00f6r hela livet","publisher":{"@id":"https:\/\/blogg.svenskakyrkan.se\/vandravagen\/#organization"},"potentialAction":[{"@type":"SearchAction","target":{"@type":"EntryPoint","urlTemplate":"https:\/\/blogg.svenskakyrkan.se\/vandravagen\/?s={search_term_string}"},"query-input":{"@type":"PropertyValueSpecification","valueRequired":true,"valueName":"search_term_string"}}],"inLanguage":"sv-SE"},{"@type":"Organization","@id":"https:\/\/blogg.svenskakyrkan.se\/vandravagen\/#organization","name":"ulricehamns pastorat","alternateName":"ulricehamns pastorat","url":"https:\/\/blogg.svenskakyrkan.se\/vandravagen\/","logo":{"@type":"ImageObject","inLanguage":"sv-SE","@id":"https:\/\/blogg.svenskakyrkan.se\/vandravagen\/#\/schema\/logo\/image\/","url":"https:\/\/blogg.svenskakyrkan.se\/vandravagen\/files\/2023\/05\/Ulr_logo_RGB.png","contentUrl":"https:\/\/blogg.svenskakyrkan.se\/vandravagen\/files\/2023\/05\/Ulr_logo_RGB.png","width":205,"height":77,"caption":"ulricehamns pastorat"},"image":{"@id":"https:\/\/blogg.svenskakyrkan.se\/vandravagen\/#\/schema\/logo\/image\/"},"sameAs":["http:\/\/facebook.com\/vandravagen","https:\/\/x.com\/fadertomas","http:\/\/www.facebook.com\/svenskakyrkaniulricehamn"]},{"@type":"Person","@id":"https:\/\/blogg.svenskakyrkan.se\/vandravagen\/#\/schema\/person\/25da02d4f76b137d04291711e2c9fc16","name":"Tomas Jarvid","image":{"@type":"ImageObject","inLanguage":"sv-SE","@id":"https:\/\/blogg.svenskakyrkan.se\/vandravagen\/#\/schema\/person\/image\/","url":"https:\/\/secure.gravatar.com\/avatar\/7fa71899795e8f540f615a1f5ab25255dc27aa40f05ee7ddd21aac521e01bf50?s=96&d=identicon&r=g","contentUrl":"https:\/\/secure.gravatar.com\/avatar\/7fa71899795e8f540f615a1f5ab25255dc27aa40f05ee7ddd21aac521e01bf50?s=96&d=identicon&r=g","caption":"Tomas Jarvid"},"description":"Jag bor i Ulricehamn i V\u00e4sterg\u00f6tland och \u00e4r f\u00f6rsamlingspr\u00e4st i Svenska Kyrkan f\u00f6r Dalstorps f\u00f6rsamling i Kinds pastorat. P\u00e5 den h\u00e4r bloggen skriver jag ner tankar om vandringen som kristen.","sameAs":["http:\/\/www.vandravagen.se"],"url":"https:\/\/blogg.svenskakyrkan.se\/vandravagen\/author\/vandravagen\/"}]}},"author_meta":{"ID":"392","user_nicename":"vandravagen","user_url":"http:\/\/www.vandravagen.se","user_registered":"2014-05-19 05:44:52","display_name":"Tomas Jarvid","first_name":"Tomas","last_name":"Jarvid","avatar":"https:\/\/secure.gravatar.com\/avatar\/7fa71899795e8f540f615a1f5ab25255dc27aa40f05ee7ddd21aac521e01bf50?s=96&d=identicon&r=g"},"featured_image":false,"bloginfo":{"name":"Vandra V\u00e4gen","url":"https:\/\/blogg.svenskakyrkan.se\/vandravagen"},"_links":{"self":[{"href":"https:\/\/blogg.svenskakyrkan.se\/vandravagen\/wp-json\/wp\/v2\/posts\/3101","targetHints":{"allow":["GET"]}}],"collection":[{"href":"https:\/\/blogg.svenskakyrkan.se\/vandravagen\/wp-json\/wp\/v2\/posts"}],"about":[{"href":"https:\/\/blogg.svenskakyrkan.se\/vandravagen\/wp-json\/wp\/v2\/types\/post"}],"author":[{"embeddable":true,"href":"https:\/\/blogg.svenskakyrkan.se\/vandravagen\/wp-json\/wp\/v2\/users\/392"}],"replies":[{"embeddable":true,"href":"https:\/\/blogg.svenskakyrkan.se\/vandravagen\/wp-json\/wp\/v2\/comments?post=3101"}],"version-history":[{"count":2,"href":"https:\/\/blogg.svenskakyrkan.se\/vandravagen\/wp-json\/wp\/v2\/posts\/3101\/revisions"}],"predecessor-version":[{"id":3119,"href":"https:\/\/blogg.svenskakyrkan.se\/vandravagen\/wp-json\/wp\/v2\/posts\/3101\/revisions\/3119"}],"wp:attachment":[{"href":"https:\/\/blogg.svenskakyrkan.se\/vandravagen\/wp-json\/wp\/v2\/media?parent=3101"}],"wp:term":[{"taxonomy":"category","embeddable":true,"href":"https:\/\/blogg.svenskakyrkan.se\/vandravagen\/wp-json\/wp\/v2\/categories?post=3101"},{"taxonomy":"post_tag","embeddable":true,"href":"https:\/\/blogg.svenskakyrkan.se\/vandravagen\/wp-json\/wp\/v2\/tags?post=3101"}],"curies":[{"name":"wp","href":"https:\/\/api.w.org\/{rel}","templated":true}]}}