{"id":311,"date":"2013-10-16T19:07:00","date_gmt":"2013-10-16T17:07:00","guid":{"rendered":"http:\/\/blogg.svenskakyrkan.se\/vandravagen\/2013\/10\/16\/8x-bra-lasning-fran-annat-hall\/"},"modified":"2013-10-16T19:07:00","modified_gmt":"2013-10-16T17:07:00","slug":"8x-bra-lasning-fran-annat-hall","status":"publish","type":"post","link":"https:\/\/blogg.svenskakyrkan.se\/vandravagen\/2013\/10\/16\/8x-bra-lasning-fran-annat-hall\/","title":{"rendered":"8X bra l\u00e4sning fr\u00e5n annat h\u00e5ll"},"content":{"rendered":"<table align=\"center\" cellpadding=\"0\" cellspacing=\"0\">\n<tbody>\n<tr>\n<td><a href=\"http:\/\/1.bp.blogspot.com\/-L7dMSvbafkA\/UlzfwtzOItI\/AAAAAAAAFtg\/8aA8vko6IqQ\/s1600\/IMG_4067.JPG\"><img loading=\"lazy\" decoding=\"async\" border=\"0\" height=\"484\" src=\"http:\/\/1.bp.blogspot.com\/-L7dMSvbafkA\/UlzfwtzOItI\/AAAAAAAAFtg\/8aA8vko6IqQ\/s640\/IMG_4067.JPG\" width=\"640\"><\/a><\/td>\n<\/tr>\n<tr>\n<td>P\u00e5 annat h\u00e5ll kanske n\u00e5gon just nu blir lyft i huvudet av en elefant?<\/td>\n<\/tr>\n<\/tbody>\n<\/table>\n<p>D\u00e5 och d\u00e5 h\u00e5ller jag snattran till f\u00f6rm\u00e5n f\u00f6r andra, det f\u00f6rekommer ocks\u00e5 p\u00e5 bloggen. H\u00e4r \u00e4r l\u00e4nkar till kloka och intressanta tankar p\u00e5 annat h\u00e5ll. Jag tycker de alla \u00e4r v\u00e4rda ett klick!<\/p>\n<p><b>J\u00e4mf\u00f6relses v\u00e5nda<\/b><br \/>Emelie skriver om <a href=\"http:\/\/emelieshorna.blogspot.se\/2013\/10\/skammen-och-avundsjukan.html\">avundsjukan n\u00e4r n\u00e5gon kan det hon kan fast b\u00e4ttre<\/a>. Och skammen \u00f6ver det.<\/p>\n<p><b>PR-tips till kyrkan<\/b><br \/>Jag st\u00f6tte p\u00e5 dessa <a href=\"http:\/\/renewmag.se\/2013\/04\/trendspaning-och-pr-tips-till-svenska-kyrkan\/\">pr-tips till svenska kyrkan om hur man ska n\u00e5 ut b\u00e4ttre<\/a>. Flera av dem f\u00f6rs\u00f6ker jag till\u00e4mpa, andra vill jag inte till\u00e4mpa, andra kan man fundera p\u00e5. Se vad du tycker!<\/p>\n<p><b>Tung teolog i intervju<\/b><br \/><a href=\"http:\/\/www.thirdwaymagazine.co.uk\/editions\/jun-2012\/high-profile\/look-forward!.aspx\">Tysken J\u00fcrgen Moltmann ber\u00e4ttar fascinerande<\/a> om hur hans teologi formats av uppv\u00e4xten i hitlertyskland, som barnsoldat i Hamburg och s\u00e5 vidare!<\/p>\n<p><b>Baka nattvardsbr\u00f6d<\/b><br \/>P\u00e5 denna bagarblogg kan man <a href=\"http:\/\/www.bagerskan.se\/2011\/03\/nattvardsbrod.html\">l\u00e4sa om nattvardsbr\u00f6dets historia och f\u00e5 ett recept<\/a>. Bra grejer!<\/p>\n<p><b>Vem tror p\u00e5 himlen<\/b><br \/>numera? Mirjam W Klefbeck bloggar <a href=\"http:\/\/blogg.tidskriftenevangelium.se\/vart-hjarta-har-en-himmel\/\">om n\u00e4r det jordiska f\u00e5r fylla himlens plats<\/a>. Mycket intressant, speciellt slutkl\u00e4mmen om vad vilken tyngd v\u00e5ra m\u00e4nskliga relationer f\u00e5r f\u00f6rs\u00f6ka b\u00e4ra upp!<\/p>\n<p><b>Ensamhet \u00e4r fult<\/b><br \/>D\u00e4rf\u00f6r <a href=\"http:\/\/andetag.blogg.hbl.fi\/2013\/09\/29\/ensamhet\/\">s\u00e4ger vi helst inte att vi \u00e4r ensamma \u00e4ven om vi \u00e4r det.<\/a> Sofia Mirjamsdotter skriver v\u00e4ldigt rakt och \u00e4rligt om det h\u00e4r p\u00e5 ett s\u00e4tt som b\u00e5de g\u00f6r mig sorgsen och l\u00e4ttad av igenk\u00e4nnandet.<br \/>Mymlan om ensamhet<\/p>\n<p><b>\u00d6dsligt<\/b><br \/>Jag brukar ju fota kyrkor p\u00e5 Vandra V\u00e4gen men h\u00e4r \u00e4r <a href=\"http:\/\/www.huffingtonpost.com\/2013\/09\/22\/abandoned-churches_n_3954972.html?ncid=edlinkusaolp00000003\">en samling fantastiska kort p\u00e5 \u00f6vergivna och f\u00f6rfallna kyrkor<\/a>. Sorgligt men vackert.<\/p>\n<p><b>Trams<\/b><br \/>Det kan aldrig skada med lite avkoppling, h\u00e4r \u00e4r <a href=\"http:\/\/www.pica-pic.com\/\">de klassiska Game &amp; Watch-spelen<\/a> (vi hade fallsk\u00e4rmsspelet och bl\u00e4ckfisken) snyggt omgjorda f\u00f6r datask\u00e4rmen!<\/p>\n","protected":false},"excerpt":{"rendered":"<p>P\u00e5 annat h\u00e5ll kanske n\u00e5gon just nu blir lyft i huvudet av en elefant? D\u00e5 och d\u00e5 h\u00e5ller jag snattran till f\u00f6rm\u00e5n f\u00f6r andra, det f\u00f6rekommer ocks\u00e5 p\u00e5 bloggen. H\u00e4r \u00e4r l\u00e4nkar till kloka och intressanta tankar p\u00e5 annat h\u00e5ll. Jag tycker de alla \u00e4r v\u00e4rda ett klick! J\u00e4mf\u00f6relses v\u00e5ndaEmelie skriver om avundsjukan n\u00e4r n\u00e5gon [&hellip;]<\/p>\n","protected":false},"author":392,"featured_media":0,"comment_status":"open","ping_status":"open","sticky":false,"template":"","format":"standard","meta":{"_acf_changed":false,"footnotes":""},"categories":[76766,76189,8313],"tags":[],"class_list":["post-311","post","type-post","status-publish","format-standard","hentry","category-blandat","category-dagens-kyrka","category-lankar"],"acf":[],"yoast_head":"<!-- This site is optimized with the Yoast SEO plugin v27.1.1 - https:\/\/yoast.com\/product\/yoast-seo-wordpress\/ -->\n<title>8X bra l\u00e4sning fr\u00e5n annat h\u00e5ll - Vandra V\u00e4gen<\/title>\n<meta name=\"robots\" content=\"index, follow, max-snippet:-1, max-image-preview:large, max-video-preview:-1\" \/>\n<link rel=\"canonical\" href=\"https:\/\/blogg.svenskakyrkan.se\/vandravagen\/2013\/10\/16\/8x-bra-lasning-fran-annat-hall\/\" \/>\n<meta property=\"og:locale\" content=\"sv_SE\" \/>\n<meta property=\"og:type\" content=\"article\" \/>\n<meta property=\"og:title\" content=\"8X bra l\u00e4sning fr\u00e5n annat h\u00e5ll - Vandra V\u00e4gen\" \/>\n<meta property=\"og:description\" content=\"P\u00e5 annat h\u00e5ll kanske n\u00e5gon just nu blir lyft i huvudet av en elefant? D\u00e5 och d\u00e5 h\u00e5ller jag snattran till f\u00f6rm\u00e5n f\u00f6r andra, det f\u00f6rekommer ocks\u00e5 p\u00e5 bloggen. H\u00e4r \u00e4r l\u00e4nkar till kloka och intressanta tankar p\u00e5 annat h\u00e5ll. Jag tycker de alla \u00e4r v\u00e4rda ett klick! J\u00e4mf\u00f6relses v\u00e5ndaEmelie skriver om avundsjukan n\u00e4r n\u00e5gon [&hellip;]\" \/>\n<meta property=\"og:url\" content=\"https:\/\/blogg.svenskakyrkan.se\/vandravagen\/2013\/10\/16\/8x-bra-lasning-fran-annat-hall\/\" \/>\n<meta property=\"og:site_name\" content=\"Vandra V\u00e4gen\" \/>\n<meta property=\"article:publisher\" content=\"http:\/\/facebook.com\/vandravagen\" \/>\n<meta property=\"article:published_time\" content=\"2013-10-16T17:07:00+00:00\" \/>\n<meta property=\"og:image\" content=\"http:\/\/1.bp.blogspot.com\/-L7dMSvbafkA\/UlzfwtzOItI\/AAAAAAAAFtg\/8aA8vko6IqQ\/s640\/IMG_4067.JPG\" \/>\n<meta name=\"author\" content=\"Tomas Jarvid\" \/>\n<meta name=\"twitter:card\" content=\"summary_large_image\" \/>\n<meta name=\"twitter:creator\" content=\"@fadertomas\" \/>\n<meta name=\"twitter:site\" content=\"@fadertomas\" \/>\n<meta name=\"twitter:label1\" content=\"Skriven av\" \/>\n\t<meta name=\"twitter:data1\" content=\"Tomas Jarvid\" \/>\n\t<meta name=\"twitter:label2\" content=\"Ber\u00e4knad l\u00e4stid\" \/>\n\t<meta name=\"twitter:data2\" content=\"2 minuter\" \/>\n<script type=\"application\/ld+json\" class=\"yoast-schema-graph\">{\"@context\":\"https:\/\/schema.org\",\"@graph\":[{\"@type\":\"Article\",\"@id\":\"https:\/\/blogg.svenskakyrkan.se\/vandravagen\/2013\/10\/16\/8x-bra-lasning-fran-annat-hall\/#article\",\"isPartOf\":{\"@id\":\"https:\/\/blogg.svenskakyrkan.se\/vandravagen\/2013\/10\/16\/8x-bra-lasning-fran-annat-hall\/\"},\"author\":{\"name\":\"Tomas Jarvid\",\"@id\":\"https:\/\/blogg.svenskakyrkan.se\/vandravagen\/#\/schema\/person\/25da02d4f76b137d04291711e2c9fc16\"},\"headline\":\"8X bra l\u00e4sning fr\u00e5n annat h\u00e5ll\",\"datePublished\":\"2013-10-16T17:07:00+00:00\",\"mainEntityOfPage\":{\"@id\":\"https:\/\/blogg.svenskakyrkan.se\/vandravagen\/2013\/10\/16\/8x-bra-lasning-fran-annat-hall\/\"},\"wordCount\":333,\"commentCount\":1,\"publisher\":{\"@id\":\"https:\/\/blogg.svenskakyrkan.se\/vandravagen\/#organization\"},\"image\":{\"@id\":\"https:\/\/blogg.svenskakyrkan.se\/vandravagen\/2013\/10\/16\/8x-bra-lasning-fran-annat-hall\/#primaryimage\"},\"thumbnailUrl\":\"http:\/\/1.bp.blogspot.com\/-L7dMSvbafkA\/UlzfwtzOItI\/AAAAAAAAFtg\/8aA8vko6IqQ\/s640\/IMG_4067.JPG\",\"articleSection\":[\"blandat\",\"Dagens Kyrka\",\"l\u00e4nkar\"],\"inLanguage\":\"sv-SE\",\"potentialAction\":[{\"@type\":\"CommentAction\",\"name\":\"Comment\",\"target\":[\"https:\/\/blogg.svenskakyrkan.se\/vandravagen\/2013\/10\/16\/8x-bra-lasning-fran-annat-hall\/#respond\"]}]},{\"@type\":\"WebPage\",\"@id\":\"https:\/\/blogg.svenskakyrkan.se\/vandravagen\/2013\/10\/16\/8x-bra-lasning-fran-annat-hall\/\",\"url\":\"https:\/\/blogg.svenskakyrkan.se\/vandravagen\/2013\/10\/16\/8x-bra-lasning-fran-annat-hall\/\",\"name\":\"8X bra l\u00e4sning fr\u00e5n annat h\u00e5ll - Vandra V\u00e4gen\",\"isPartOf\":{\"@id\":\"https:\/\/blogg.svenskakyrkan.se\/vandravagen\/#website\"},\"primaryImageOfPage\":{\"@id\":\"https:\/\/blogg.svenskakyrkan.se\/vandravagen\/2013\/10\/16\/8x-bra-lasning-fran-annat-hall\/#primaryimage\"},\"image\":{\"@id\":\"https:\/\/blogg.svenskakyrkan.se\/vandravagen\/2013\/10\/16\/8x-bra-lasning-fran-annat-hall\/#primaryimage\"},\"thumbnailUrl\":\"http:\/\/1.bp.blogspot.com\/-L7dMSvbafkA\/UlzfwtzOItI\/AAAAAAAAFtg\/8aA8vko6IqQ\/s640\/IMG_4067.JPG\",\"datePublished\":\"2013-10-16T17:07:00+00:00\",\"breadcrumb\":{\"@id\":\"https:\/\/blogg.svenskakyrkan.se\/vandravagen\/2013\/10\/16\/8x-bra-lasning-fran-annat-hall\/#breadcrumb\"},\"inLanguage\":\"sv-SE\",\"potentialAction\":[{\"@type\":\"ReadAction\",\"target\":[\"https:\/\/blogg.svenskakyrkan.se\/vandravagen\/2013\/10\/16\/8x-bra-lasning-fran-annat-hall\/\"]}]},{\"@type\":\"ImageObject\",\"inLanguage\":\"sv-SE\",\"@id\":\"https:\/\/blogg.svenskakyrkan.se\/vandravagen\/2013\/10\/16\/8x-bra-lasning-fran-annat-hall\/#primaryimage\",\"url\":\"http:\/\/1.bp.blogspot.com\/-L7dMSvbafkA\/UlzfwtzOItI\/AAAAAAAAFtg\/8aA8vko6IqQ\/s640\/IMG_4067.JPG\",\"contentUrl\":\"http:\/\/1.bp.blogspot.com\/-L7dMSvbafkA\/UlzfwtzOItI\/AAAAAAAAFtg\/8aA8vko6IqQ\/s640\/IMG_4067.JPG\"},{\"@type\":\"BreadcrumbList\",\"@id\":\"https:\/\/blogg.svenskakyrkan.se\/vandravagen\/2013\/10\/16\/8x-bra-lasning-fran-annat-hall\/#breadcrumb\",\"itemListElement\":[{\"@type\":\"ListItem\",\"position\":1,\"name\":\"Hem\",\"item\":\"https:\/\/blogg.svenskakyrkan.se\/vandravagen\/\"},{\"@type\":\"ListItem\",\"position\":2,\"name\":\"8X bra l\u00e4sning fr\u00e5n annat h\u00e5ll\"}]},{\"@type\":\"WebSite\",\"@id\":\"https:\/\/blogg.svenskakyrkan.se\/vandravagen\/#website\",\"url\":\"https:\/\/blogg.svenskakyrkan.se\/vandravagen\/\",\"name\":\"Vandra V\u00e4gen\",\"description\":\"-Mot en tro f\u00f6r hela livet\",\"publisher\":{\"@id\":\"https:\/\/blogg.svenskakyrkan.se\/vandravagen\/#organization\"},\"potentialAction\":[{\"@type\":\"SearchAction\",\"target\":{\"@type\":\"EntryPoint\",\"urlTemplate\":\"https:\/\/blogg.svenskakyrkan.se\/vandravagen\/?s={search_term_string}\"},\"query-input\":{\"@type\":\"PropertyValueSpecification\",\"valueRequired\":true,\"valueName\":\"search_term_string\"}}],\"inLanguage\":\"sv-SE\"},{\"@type\":\"Organization\",\"@id\":\"https:\/\/blogg.svenskakyrkan.se\/vandravagen\/#organization\",\"name\":\"ulricehamns pastorat\",\"alternateName\":\"ulricehamns pastorat\",\"url\":\"https:\/\/blogg.svenskakyrkan.se\/vandravagen\/\",\"logo\":{\"@type\":\"ImageObject\",\"inLanguage\":\"sv-SE\",\"@id\":\"https:\/\/blogg.svenskakyrkan.se\/vandravagen\/#\/schema\/logo\/image\/\",\"url\":\"https:\/\/blogg.svenskakyrkan.se\/vandravagen\/files\/2023\/05\/Ulr_logo_RGB.png\",\"contentUrl\":\"https:\/\/blogg.svenskakyrkan.se\/vandravagen\/files\/2023\/05\/Ulr_logo_RGB.png\",\"width\":205,\"height\":77,\"caption\":\"ulricehamns pastorat\"},\"image\":{\"@id\":\"https:\/\/blogg.svenskakyrkan.se\/vandravagen\/#\/schema\/logo\/image\/\"},\"sameAs\":[\"http:\/\/facebook.com\/vandravagen\",\"https:\/\/x.com\/fadertomas\",\"http:\/\/www.facebook.com\/svenskakyrkaniulricehamn\"]},{\"@type\":\"Person\",\"@id\":\"https:\/\/blogg.svenskakyrkan.se\/vandravagen\/#\/schema\/person\/25da02d4f76b137d04291711e2c9fc16\",\"name\":\"Tomas Jarvid\",\"image\":{\"@type\":\"ImageObject\",\"inLanguage\":\"sv-SE\",\"@id\":\"https:\/\/blogg.svenskakyrkan.se\/vandravagen\/#\/schema\/person\/image\/\",\"url\":\"https:\/\/secure.gravatar.com\/avatar\/7fa71899795e8f540f615a1f5ab25255dc27aa40f05ee7ddd21aac521e01bf50?s=96&d=identicon&r=g\",\"contentUrl\":\"https:\/\/secure.gravatar.com\/avatar\/7fa71899795e8f540f615a1f5ab25255dc27aa40f05ee7ddd21aac521e01bf50?s=96&d=identicon&r=g\",\"caption\":\"Tomas Jarvid\"},\"description\":\"Jag bor i Ulricehamn i V\u00e4sterg\u00f6tland och \u00e4r f\u00f6rsamlingspr\u00e4st i Svenska Kyrkan f\u00f6r Dalstorps f\u00f6rsamling i Kinds pastorat. P\u00e5 den h\u00e4r bloggen skriver jag ner tankar om vandringen som kristen.\",\"sameAs\":[\"http:\/\/www.vandravagen.se\"],\"url\":\"https:\/\/blogg.svenskakyrkan.se\/vandravagen\/author\/vandravagen\/\"}]}<\/script>\n<!-- \/ Yoast SEO plugin. -->","yoast_head_json":{"title":"8X bra l\u00e4sning fr\u00e5n annat h\u00e5ll - Vandra V\u00e4gen","robots":{"index":"index","follow":"follow","max-snippet":"max-snippet:-1","max-image-preview":"max-image-preview:large","max-video-preview":"max-video-preview:-1"},"canonical":"https:\/\/blogg.svenskakyrkan.se\/vandravagen\/2013\/10\/16\/8x-bra-lasning-fran-annat-hall\/","og_locale":"sv_SE","og_type":"article","og_title":"8X bra l\u00e4sning fr\u00e5n annat h\u00e5ll - Vandra V\u00e4gen","og_description":"P\u00e5 annat h\u00e5ll kanske n\u00e5gon just nu blir lyft i huvudet av en elefant? D\u00e5 och d\u00e5 h\u00e5ller jag snattran till f\u00f6rm\u00e5n f\u00f6r andra, det f\u00f6rekommer ocks\u00e5 p\u00e5 bloggen. H\u00e4r \u00e4r l\u00e4nkar till kloka och intressanta tankar p\u00e5 annat h\u00e5ll. Jag tycker de alla \u00e4r v\u00e4rda ett klick! J\u00e4mf\u00f6relses v\u00e5ndaEmelie skriver om avundsjukan n\u00e4r n\u00e5gon [&hellip;]","og_url":"https:\/\/blogg.svenskakyrkan.se\/vandravagen\/2013\/10\/16\/8x-bra-lasning-fran-annat-hall\/","og_site_name":"Vandra V\u00e4gen","article_publisher":"http:\/\/facebook.com\/vandravagen","article_published_time":"2013-10-16T17:07:00+00:00","og_image":[{"url":"http:\/\/1.bp.blogspot.com\/-L7dMSvbafkA\/UlzfwtzOItI\/AAAAAAAAFtg\/8aA8vko6IqQ\/s640\/IMG_4067.JPG","type":"","width":"","height":""}],"author":"Tomas Jarvid","twitter_card":"summary_large_image","twitter_creator":"@fadertomas","twitter_site":"@fadertomas","twitter_misc":{"Skriven av":"Tomas Jarvid","Ber\u00e4knad l\u00e4stid":"2 minuter"},"schema":{"@context":"https:\/\/schema.org","@graph":[{"@type":"Article","@id":"https:\/\/blogg.svenskakyrkan.se\/vandravagen\/2013\/10\/16\/8x-bra-lasning-fran-annat-hall\/#article","isPartOf":{"@id":"https:\/\/blogg.svenskakyrkan.se\/vandravagen\/2013\/10\/16\/8x-bra-lasning-fran-annat-hall\/"},"author":{"name":"Tomas Jarvid","@id":"https:\/\/blogg.svenskakyrkan.se\/vandravagen\/#\/schema\/person\/25da02d4f76b137d04291711e2c9fc16"},"headline":"8X bra l\u00e4sning fr\u00e5n annat h\u00e5ll","datePublished":"2013-10-16T17:07:00+00:00","mainEntityOfPage":{"@id":"https:\/\/blogg.svenskakyrkan.se\/vandravagen\/2013\/10\/16\/8x-bra-lasning-fran-annat-hall\/"},"wordCount":333,"commentCount":1,"publisher":{"@id":"https:\/\/blogg.svenskakyrkan.se\/vandravagen\/#organization"},"image":{"@id":"https:\/\/blogg.svenskakyrkan.se\/vandravagen\/2013\/10\/16\/8x-bra-lasning-fran-annat-hall\/#primaryimage"},"thumbnailUrl":"http:\/\/1.bp.blogspot.com\/-L7dMSvbafkA\/UlzfwtzOItI\/AAAAAAAAFtg\/8aA8vko6IqQ\/s640\/IMG_4067.JPG","articleSection":["blandat","Dagens Kyrka","l\u00e4nkar"],"inLanguage":"sv-SE","potentialAction":[{"@type":"CommentAction","name":"Comment","target":["https:\/\/blogg.svenskakyrkan.se\/vandravagen\/2013\/10\/16\/8x-bra-lasning-fran-annat-hall\/#respond"]}]},{"@type":"WebPage","@id":"https:\/\/blogg.svenskakyrkan.se\/vandravagen\/2013\/10\/16\/8x-bra-lasning-fran-annat-hall\/","url":"https:\/\/blogg.svenskakyrkan.se\/vandravagen\/2013\/10\/16\/8x-bra-lasning-fran-annat-hall\/","name":"8X bra l\u00e4sning fr\u00e5n annat h\u00e5ll - Vandra V\u00e4gen","isPartOf":{"@id":"https:\/\/blogg.svenskakyrkan.se\/vandravagen\/#website"},"primaryImageOfPage":{"@id":"https:\/\/blogg.svenskakyrkan.se\/vandravagen\/2013\/10\/16\/8x-bra-lasning-fran-annat-hall\/#primaryimage"},"image":{"@id":"https:\/\/blogg.svenskakyrkan.se\/vandravagen\/2013\/10\/16\/8x-bra-lasning-fran-annat-hall\/#primaryimage"},"thumbnailUrl":"http:\/\/1.bp.blogspot.com\/-L7dMSvbafkA\/UlzfwtzOItI\/AAAAAAAAFtg\/8aA8vko6IqQ\/s640\/IMG_4067.JPG","datePublished":"2013-10-16T17:07:00+00:00","breadcrumb":{"@id":"https:\/\/blogg.svenskakyrkan.se\/vandravagen\/2013\/10\/16\/8x-bra-lasning-fran-annat-hall\/#breadcrumb"},"inLanguage":"sv-SE","potentialAction":[{"@type":"ReadAction","target":["https:\/\/blogg.svenskakyrkan.se\/vandravagen\/2013\/10\/16\/8x-bra-lasning-fran-annat-hall\/"]}]},{"@type":"ImageObject","inLanguage":"sv-SE","@id":"https:\/\/blogg.svenskakyrkan.se\/vandravagen\/2013\/10\/16\/8x-bra-lasning-fran-annat-hall\/#primaryimage","url":"http:\/\/1.bp.blogspot.com\/-L7dMSvbafkA\/UlzfwtzOItI\/AAAAAAAAFtg\/8aA8vko6IqQ\/s640\/IMG_4067.JPG","contentUrl":"http:\/\/1.bp.blogspot.com\/-L7dMSvbafkA\/UlzfwtzOItI\/AAAAAAAAFtg\/8aA8vko6IqQ\/s640\/IMG_4067.JPG"},{"@type":"BreadcrumbList","@id":"https:\/\/blogg.svenskakyrkan.se\/vandravagen\/2013\/10\/16\/8x-bra-lasning-fran-annat-hall\/#breadcrumb","itemListElement":[{"@type":"ListItem","position":1,"name":"Hem","item":"https:\/\/blogg.svenskakyrkan.se\/vandravagen\/"},{"@type":"ListItem","position":2,"name":"8X bra l\u00e4sning fr\u00e5n annat h\u00e5ll"}]},{"@type":"WebSite","@id":"https:\/\/blogg.svenskakyrkan.se\/vandravagen\/#website","url":"https:\/\/blogg.svenskakyrkan.se\/vandravagen\/","name":"Vandra V\u00e4gen","description":"-Mot en tro f\u00f6r hela livet","publisher":{"@id":"https:\/\/blogg.svenskakyrkan.se\/vandravagen\/#organization"},"potentialAction":[{"@type":"SearchAction","target":{"@type":"EntryPoint","urlTemplate":"https:\/\/blogg.svenskakyrkan.se\/vandravagen\/?s={search_term_string}"},"query-input":{"@type":"PropertyValueSpecification","valueRequired":true,"valueName":"search_term_string"}}],"inLanguage":"sv-SE"},{"@type":"Organization","@id":"https:\/\/blogg.svenskakyrkan.se\/vandravagen\/#organization","name":"ulricehamns pastorat","alternateName":"ulricehamns pastorat","url":"https:\/\/blogg.svenskakyrkan.se\/vandravagen\/","logo":{"@type":"ImageObject","inLanguage":"sv-SE","@id":"https:\/\/blogg.svenskakyrkan.se\/vandravagen\/#\/schema\/logo\/image\/","url":"https:\/\/blogg.svenskakyrkan.se\/vandravagen\/files\/2023\/05\/Ulr_logo_RGB.png","contentUrl":"https:\/\/blogg.svenskakyrkan.se\/vandravagen\/files\/2023\/05\/Ulr_logo_RGB.png","width":205,"height":77,"caption":"ulricehamns pastorat"},"image":{"@id":"https:\/\/blogg.svenskakyrkan.se\/vandravagen\/#\/schema\/logo\/image\/"},"sameAs":["http:\/\/facebook.com\/vandravagen","https:\/\/x.com\/fadertomas","http:\/\/www.facebook.com\/svenskakyrkaniulricehamn"]},{"@type":"Person","@id":"https:\/\/blogg.svenskakyrkan.se\/vandravagen\/#\/schema\/person\/25da02d4f76b137d04291711e2c9fc16","name":"Tomas Jarvid","image":{"@type":"ImageObject","inLanguage":"sv-SE","@id":"https:\/\/blogg.svenskakyrkan.se\/vandravagen\/#\/schema\/person\/image\/","url":"https:\/\/secure.gravatar.com\/avatar\/7fa71899795e8f540f615a1f5ab25255dc27aa40f05ee7ddd21aac521e01bf50?s=96&d=identicon&r=g","contentUrl":"https:\/\/secure.gravatar.com\/avatar\/7fa71899795e8f540f615a1f5ab25255dc27aa40f05ee7ddd21aac521e01bf50?s=96&d=identicon&r=g","caption":"Tomas Jarvid"},"description":"Jag bor i Ulricehamn i V\u00e4sterg\u00f6tland och \u00e4r f\u00f6rsamlingspr\u00e4st i Svenska Kyrkan f\u00f6r Dalstorps f\u00f6rsamling i Kinds pastorat. P\u00e5 den h\u00e4r bloggen skriver jag ner tankar om vandringen som kristen.","sameAs":["http:\/\/www.vandravagen.se"],"url":"https:\/\/blogg.svenskakyrkan.se\/vandravagen\/author\/vandravagen\/"}]}},"author_meta":{"ID":"392","user_nicename":"vandravagen","user_url":"http:\/\/www.vandravagen.se","user_registered":"2014-05-19 05:44:52","display_name":"Tomas Jarvid","first_name":"Tomas","last_name":"Jarvid","avatar":"https:\/\/secure.gravatar.com\/avatar\/7fa71899795e8f540f615a1f5ab25255dc27aa40f05ee7ddd21aac521e01bf50?s=96&d=identicon&r=g"},"featured_image":false,"bloginfo":{"name":"Vandra V\u00e4gen","url":"https:\/\/blogg.svenskakyrkan.se\/vandravagen"},"_links":{"self":[{"href":"https:\/\/blogg.svenskakyrkan.se\/vandravagen\/wp-json\/wp\/v2\/posts\/311","targetHints":{"allow":["GET"]}}],"collection":[{"href":"https:\/\/blogg.svenskakyrkan.se\/vandravagen\/wp-json\/wp\/v2\/posts"}],"about":[{"href":"https:\/\/blogg.svenskakyrkan.se\/vandravagen\/wp-json\/wp\/v2\/types\/post"}],"author":[{"embeddable":true,"href":"https:\/\/blogg.svenskakyrkan.se\/vandravagen\/wp-json\/wp\/v2\/users\/392"}],"replies":[{"embeddable":true,"href":"https:\/\/blogg.svenskakyrkan.se\/vandravagen\/wp-json\/wp\/v2\/comments?post=311"}],"version-history":[{"count":0,"href":"https:\/\/blogg.svenskakyrkan.se\/vandravagen\/wp-json\/wp\/v2\/posts\/311\/revisions"}],"wp:attachment":[{"href":"https:\/\/blogg.svenskakyrkan.se\/vandravagen\/wp-json\/wp\/v2\/media?parent=311"}],"wp:term":[{"taxonomy":"category","embeddable":true,"href":"https:\/\/blogg.svenskakyrkan.se\/vandravagen\/wp-json\/wp\/v2\/categories?post=311"},{"taxonomy":"post_tag","embeddable":true,"href":"https:\/\/blogg.svenskakyrkan.se\/vandravagen\/wp-json\/wp\/v2\/tags?post=311"}],"curies":[{"name":"wp","href":"https:\/\/api.w.org\/{rel}","templated":true}]}}