{"id":3123,"date":"2015-05-21T10:28:30","date_gmt":"2015-05-21T08:28:30","guid":{"rendered":"http:\/\/blogg.svenskakyrkan.se\/vandravagen\/?p=3123"},"modified":"2015-05-21T10:28:30","modified_gmt":"2015-05-21T08:28:30","slug":"jesus-ar-svaret-har-ar-fragan","status":"publish","type":"post","link":"https:\/\/blogg.svenskakyrkan.se\/vandravagen\/2015\/05\/21\/jesus-ar-svaret-har-ar-fragan\/","title":{"rendered":"Jesus \u00e4r svaret &#8211; h\u00e4r \u00e4r fr\u00e5gan"},"content":{"rendered":"<p>&nbsp;<\/p>\n<div id=\"attachment_3125\" style=\"width: 594px\" class=\"wp-caption aligncenter\"><a href=\"http:\/\/blogg.svenskakyrkan.se\/vandravagen\/files\/2015\/05\/IMG_6161.jpg\"><img loading=\"lazy\" decoding=\"async\" aria-describedby=\"caption-attachment-3125\" class=\"size-large wp-image-3125\" src=\"http:\/\/blogg.svenskakyrkan.se\/vandravagen\/files\/2015\/05\/IMG_6161-1024x1497.jpg\" alt=\"Mao \u00e4r inte svaret.\" width=\"584\" height=\"854\" srcset=\"https:\/\/blogg.svenskakyrkan.se\/vandravagen\/files\/2015\/05\/IMG_6161.jpg 1024w, https:\/\/blogg.svenskakyrkan.se\/vandravagen\/files\/2015\/05\/IMG_6161-300x439.jpg 300w, https:\/\/blogg.svenskakyrkan.se\/vandravagen\/files\/2015\/05\/IMG_6161-205x300.jpg 205w\" sizes=\"auto, (max-width: 584px) 100vw, 584px\" \/><\/a><p id=\"caption-attachment-3125\" class=\"wp-caption-text\">Mao \u00e4r inte svaret.<\/p><\/div>\n<p>Jag fick en utmaning fr\u00e5n min v\u00e4n Franciskus (inte p\u00e5ven allts\u00e5) p\u00e5 Facebook att skriva n\u00e5got om en fras han t\u00e4nker mycket p\u00e5:<\/p>\n<p><strong> &#8221;Jesus \u00e4r svaret. Men vad \u00e4r fr\u00e5gan?&#8221;<\/strong><\/p>\n<p>Jag tror Jonas Gardell n\u00e4mnt orden i sitt podsamtal med \u00e4rkebiskop Antje Jackel\u00e9n.<\/p>\n<p>&#8221;Jesus \u00e4r svaret&#8221; \u00e4r s\u00e5vitt jag f\u00f6rst\u00e5tt det ett uttryck fr\u00e5n n\u00e5gon av v\u00e4ckelser\u00f6relserna. Och sedan har orden bitit sig fast. Det \u00e4r bara det att tiderna f\u00f6r\u00e4ndras, och de fr\u00e5gor vi brottas med och beh\u00f6ver svar p\u00e5 likas\u00e5. Franciskus egen fundering kretsade kring att\u00a0det kanske \u00e4r bibeln som \u00e4r fr\u00e5gan. I bibeln ryms hela m\u00e4nniskolivet. D\u00e4r presenteras problemen i v\u00e5r existentiella situation. Och p\u00e5 n\u00e5got s\u00e4tt \u00e4r det Jesus som \u00e4r l\u00f6sningen enligt nya testamentet. Men hur?<\/p>\n<p>Jag ska ge f\u00f6rs\u00f6k till egna svar till vad det \u00e4r f\u00f6r fr\u00e5gor Jesus \u00e4r svaret p\u00e5 men du f\u00e5r samtidigt fundera fr\u00e5n din horisont. Vad \u00e4r det f\u00f6r fr\u00e5gor som vi k\u00e4mpar med idag och p\u00e5 vilket s\u00e4tt \u00e4r Jesus svaret p\u00e5 dem? Jag har h\u00e4r f\u00f6rs\u00f6kt hitta fr\u00e5gor som inte m\u00e4rker ut som med utpr\u00e4glat religi\u00f6st spr\u00e5k eller s\u00e5 utan som borde kunna vara aktuella f\u00f6r m\u00e5nga.<\/p>\n<p>F\u00f6r det f\u00f6rsta kanske Jesus \u00e4r svaret p\u00e5 den h\u00e4r fr\u00e5gan:<\/p>\n<p><strong>&#8221;Hur ska jag leva mitt liv p\u00e5 b\u00e4sta s\u00e4tt? Vilken f\u00f6rh\u00e5llningss\u00e4tt ska jag ha?&#8221;<\/strong><\/p>\n<p>Paulus skriver &#8221;L\u00e5t det sinnelag r\u00e5da hos er som finns hos Kristus Jesus&#8221;. Jag har skrivit p\u00e5 annat h\u00e5ll om att <a href=\"http:\/\/blogg.svenskakyrkan.se\/vandravagen\/2015\/04\/13\/svardsprinsessan-amaltea-och-guds-logos\/\">Jesus visar oss Guds logik<\/a>. Som jag ser det visar Jesus konkret hur ett liv i k\u00e4rlek till sin n\u00e4sta ser ut.<\/p>\n<p>F\u00f6r det andra kanske Jesus \u00e4r svaret p\u00e5 den h\u00e4r fr\u00e5gan:<\/p>\n<p><strong>&#8221;Hur ska jag kunna veta att Gud \u00e4r k\u00e4rleksfull och vill oss v\u00e4l?&#8221;<\/strong><\/p>\n<p>D\u00e5 \u00e4r det kristna svaret \u00e5terigen Jesus. Vi f\u00e5r se p\u00e5 Jesus och\u00a0tro att s\u00e5dan Jesus \u00e4r, s\u00e5dan \u00e4r Gud. Gud \u00e4r engagerad i oss. Han r\u00e4knar varje h\u00e5rstr\u00e5 och \u00e4r beredd att d\u00f6 p\u00e5 korset f\u00f6r att r\u00e4dda oss till sig.<\/p>\n<p><strong>&#8221;Vem kan ge mig allt det jag verkligen beh\u00f6ver f\u00f6r att leva fullt ut&#8221;?<\/strong><\/p>\n<p>Vi v\u00e4nder oss till alla m\u00f6jliga saker f\u00f6r att fylla v\u00e5ra liv med mening och gl\u00e4dje. Risken \u00e4r att vi f\u00f6rv\u00e4ntar f\u00f6r mycket av i och f\u00f6r sig goda saker som parrelation, v\u00e4nner, \u00e4godelar, ideologier eller vad det \u00e4n kan vara s\u00e5 att vi till slut krossar dem eller oss sj\u00e4lva under tyngden av v\u00e5ra f\u00f6rv\u00e4ntningar p\u00e5 vad de borde kunna ge oss. Gud \u00e4r den ende som \u00e4r stor nog att b\u00e4ra tyngden av v\u00e5r inre l\u00e4ngtan fullt ut. Jesus visar oss det.<\/p>\n<p>Vad s\u00e4ger du sj\u00e4lv. Nu vill jag v\u00e4ldigt g\u00e4rna ha f\u00f6rslag p\u00e5 fler fr\u00e5gor i kommentarsf\u00e4ltet nedan. Speciellt fr\u00e5n just dig!<\/p>\n<p>&nbsp;<\/p>\n","protected":false},"excerpt":{"rendered":"<p>&nbsp; Jag fick en utmaning fr\u00e5n min v\u00e4n Franciskus (inte p\u00e5ven allts\u00e5) p\u00e5 Facebook att skriva n\u00e5got om en fras han t\u00e4nker mycket p\u00e5: &#8221;Jesus \u00e4r svaret. Men vad \u00e4r fr\u00e5gan?&#8221; Jag tror Jonas Gardell n\u00e4mnt orden i sitt podsamtal med \u00e4rkebiskop Antje Jackel\u00e9n. &#8221;Jesus \u00e4r svaret&#8221; \u00e4r s\u00e5vitt jag f\u00f6rst\u00e5tt det ett uttryck fr\u00e5n [&hellip;]<\/p>\n","protected":false},"author":392,"featured_media":0,"comment_status":"open","ping_status":"open","sticky":false,"template":"","format":"standard","meta":{"_acf_changed":false,"footnotes":""},"categories":[76766,76189,117],"tags":[],"class_list":["post-3123","post","type-post","status-publish","format-standard","hentry","category-blandat","category-dagens-kyrka","category-teologi"],"acf":[],"yoast_head":"<!-- This site is optimized with the Yoast SEO plugin v27.1.1 - https:\/\/yoast.com\/product\/yoast-seo-wordpress\/ -->\n<title>Jesus \u00e4r svaret - h\u00e4r \u00e4r fr\u00e5gan - Vandra V\u00e4gen<\/title>\n<meta name=\"robots\" content=\"index, follow, max-snippet:-1, max-image-preview:large, max-video-preview:-1\" \/>\n<link rel=\"canonical\" href=\"https:\/\/blogg.svenskakyrkan.se\/vandravagen\/2015\/05\/21\/jesus-ar-svaret-har-ar-fragan\/\" \/>\n<meta property=\"og:locale\" content=\"sv_SE\" \/>\n<meta property=\"og:type\" content=\"article\" \/>\n<meta property=\"og:title\" content=\"Jesus \u00e4r svaret - h\u00e4r \u00e4r fr\u00e5gan - Vandra V\u00e4gen\" \/>\n<meta property=\"og:description\" content=\"&nbsp; Jag fick en utmaning fr\u00e5n min v\u00e4n Franciskus (inte p\u00e5ven allts\u00e5) p\u00e5 Facebook att skriva n\u00e5got om en fras han t\u00e4nker mycket p\u00e5: &#8221;Jesus \u00e4r svaret. Men vad \u00e4r fr\u00e5gan?&#8221; Jag tror Jonas Gardell n\u00e4mnt orden i sitt podsamtal med \u00e4rkebiskop Antje Jackel\u00e9n. &#8221;Jesus \u00e4r svaret&#8221; \u00e4r s\u00e5vitt jag f\u00f6rst\u00e5tt det ett uttryck fr\u00e5n [&hellip;]\" \/>\n<meta property=\"og:url\" content=\"https:\/\/blogg.svenskakyrkan.se\/vandravagen\/2015\/05\/21\/jesus-ar-svaret-har-ar-fragan\/\" \/>\n<meta property=\"og:site_name\" content=\"Vandra V\u00e4gen\" \/>\n<meta property=\"article:publisher\" content=\"http:\/\/facebook.com\/vandravagen\" \/>\n<meta property=\"article:published_time\" content=\"2015-05-21T08:28:30+00:00\" \/>\n<meta property=\"og:image\" content=\"http:\/\/blogg.svenskakyrkan.se\/vandravagen\/files\/2015\/05\/IMG_6161-1024x1497.jpg\" \/>\n<meta name=\"author\" content=\"Tomas Jarvid\" \/>\n<meta name=\"twitter:card\" content=\"summary_large_image\" \/>\n<meta name=\"twitter:creator\" content=\"@fadertomas\" \/>\n<meta name=\"twitter:site\" content=\"@fadertomas\" \/>\n<meta name=\"twitter:label1\" content=\"Skriven av\" \/>\n\t<meta name=\"twitter:data1\" content=\"Tomas Jarvid\" \/>\n\t<meta name=\"twitter:label2\" content=\"Ber\u00e4knad l\u00e4stid\" \/>\n\t<meta name=\"twitter:data2\" content=\"3 minuter\" \/>\n<script type=\"application\/ld+json\" class=\"yoast-schema-graph\">{\"@context\":\"https:\/\/schema.org\",\"@graph\":[{\"@type\":\"Article\",\"@id\":\"https:\/\/blogg.svenskakyrkan.se\/vandravagen\/2015\/05\/21\/jesus-ar-svaret-har-ar-fragan\/#article\",\"isPartOf\":{\"@id\":\"https:\/\/blogg.svenskakyrkan.se\/vandravagen\/2015\/05\/21\/jesus-ar-svaret-har-ar-fragan\/\"},\"author\":{\"name\":\"Tomas Jarvid\",\"@id\":\"https:\/\/blogg.svenskakyrkan.se\/vandravagen\/#\/schema\/person\/25da02d4f76b137d04291711e2c9fc16\"},\"headline\":\"Jesus \u00e4r svaret &#8211; h\u00e4r \u00e4r fr\u00e5gan\",\"datePublished\":\"2015-05-21T08:28:30+00:00\",\"mainEntityOfPage\":{\"@id\":\"https:\/\/blogg.svenskakyrkan.se\/vandravagen\/2015\/05\/21\/jesus-ar-svaret-har-ar-fragan\/\"},\"wordCount\":566,\"commentCount\":12,\"publisher\":{\"@id\":\"https:\/\/blogg.svenskakyrkan.se\/vandravagen\/#organization\"},\"image\":{\"@id\":\"https:\/\/blogg.svenskakyrkan.se\/vandravagen\/2015\/05\/21\/jesus-ar-svaret-har-ar-fragan\/#primaryimage\"},\"thumbnailUrl\":\"http:\/\/blogg.svenskakyrkan.se\/vandravagen\/files\/2015\/05\/IMG_6161-1024x1497.jpg\",\"articleSection\":[\"blandat\",\"Dagens Kyrka\",\"Teologi\"],\"inLanguage\":\"sv-SE\",\"potentialAction\":[{\"@type\":\"CommentAction\",\"name\":\"Comment\",\"target\":[\"https:\/\/blogg.svenskakyrkan.se\/vandravagen\/2015\/05\/21\/jesus-ar-svaret-har-ar-fragan\/#respond\"]}]},{\"@type\":\"WebPage\",\"@id\":\"https:\/\/blogg.svenskakyrkan.se\/vandravagen\/2015\/05\/21\/jesus-ar-svaret-har-ar-fragan\/\",\"url\":\"https:\/\/blogg.svenskakyrkan.se\/vandravagen\/2015\/05\/21\/jesus-ar-svaret-har-ar-fragan\/\",\"name\":\"Jesus \u00e4r svaret - h\u00e4r \u00e4r fr\u00e5gan - Vandra V\u00e4gen\",\"isPartOf\":{\"@id\":\"https:\/\/blogg.svenskakyrkan.se\/vandravagen\/#website\"},\"primaryImageOfPage\":{\"@id\":\"https:\/\/blogg.svenskakyrkan.se\/vandravagen\/2015\/05\/21\/jesus-ar-svaret-har-ar-fragan\/#primaryimage\"},\"image\":{\"@id\":\"https:\/\/blogg.svenskakyrkan.se\/vandravagen\/2015\/05\/21\/jesus-ar-svaret-har-ar-fragan\/#primaryimage\"},\"thumbnailUrl\":\"http:\/\/blogg.svenskakyrkan.se\/vandravagen\/files\/2015\/05\/IMG_6161-1024x1497.jpg\",\"datePublished\":\"2015-05-21T08:28:30+00:00\",\"breadcrumb\":{\"@id\":\"https:\/\/blogg.svenskakyrkan.se\/vandravagen\/2015\/05\/21\/jesus-ar-svaret-har-ar-fragan\/#breadcrumb\"},\"inLanguage\":\"sv-SE\",\"potentialAction\":[{\"@type\":\"ReadAction\",\"target\":[\"https:\/\/blogg.svenskakyrkan.se\/vandravagen\/2015\/05\/21\/jesus-ar-svaret-har-ar-fragan\/\"]}]},{\"@type\":\"ImageObject\",\"inLanguage\":\"sv-SE\",\"@id\":\"https:\/\/blogg.svenskakyrkan.se\/vandravagen\/2015\/05\/21\/jesus-ar-svaret-har-ar-fragan\/#primaryimage\",\"url\":\"http:\/\/blogg.svenskakyrkan.se\/vandravagen\/files\/2015\/05\/IMG_6161-1024x1497.jpg\",\"contentUrl\":\"http:\/\/blogg.svenskakyrkan.se\/vandravagen\/files\/2015\/05\/IMG_6161-1024x1497.jpg\"},{\"@type\":\"BreadcrumbList\",\"@id\":\"https:\/\/blogg.svenskakyrkan.se\/vandravagen\/2015\/05\/21\/jesus-ar-svaret-har-ar-fragan\/#breadcrumb\",\"itemListElement\":[{\"@type\":\"ListItem\",\"position\":1,\"name\":\"Hem\",\"item\":\"https:\/\/blogg.svenskakyrkan.se\/vandravagen\/\"},{\"@type\":\"ListItem\",\"position\":2,\"name\":\"Jesus \u00e4r svaret &#8211; h\u00e4r \u00e4r fr\u00e5gan\"}]},{\"@type\":\"WebSite\",\"@id\":\"https:\/\/blogg.svenskakyrkan.se\/vandravagen\/#website\",\"url\":\"https:\/\/blogg.svenskakyrkan.se\/vandravagen\/\",\"name\":\"Vandra V\u00e4gen\",\"description\":\"-Mot en tro f\u00f6r hela livet\",\"publisher\":{\"@id\":\"https:\/\/blogg.svenskakyrkan.se\/vandravagen\/#organization\"},\"potentialAction\":[{\"@type\":\"SearchAction\",\"target\":{\"@type\":\"EntryPoint\",\"urlTemplate\":\"https:\/\/blogg.svenskakyrkan.se\/vandravagen\/?s={search_term_string}\"},\"query-input\":{\"@type\":\"PropertyValueSpecification\",\"valueRequired\":true,\"valueName\":\"search_term_string\"}}],\"inLanguage\":\"sv-SE\"},{\"@type\":\"Organization\",\"@id\":\"https:\/\/blogg.svenskakyrkan.se\/vandravagen\/#organization\",\"name\":\"ulricehamns pastorat\",\"alternateName\":\"ulricehamns pastorat\",\"url\":\"https:\/\/blogg.svenskakyrkan.se\/vandravagen\/\",\"logo\":{\"@type\":\"ImageObject\",\"inLanguage\":\"sv-SE\",\"@id\":\"https:\/\/blogg.svenskakyrkan.se\/vandravagen\/#\/schema\/logo\/image\/\",\"url\":\"https:\/\/blogg.svenskakyrkan.se\/vandravagen\/files\/2023\/05\/Ulr_logo_RGB.png\",\"contentUrl\":\"https:\/\/blogg.svenskakyrkan.se\/vandravagen\/files\/2023\/05\/Ulr_logo_RGB.png\",\"width\":205,\"height\":77,\"caption\":\"ulricehamns pastorat\"},\"image\":{\"@id\":\"https:\/\/blogg.svenskakyrkan.se\/vandravagen\/#\/schema\/logo\/image\/\"},\"sameAs\":[\"http:\/\/facebook.com\/vandravagen\",\"https:\/\/x.com\/fadertomas\",\"http:\/\/www.facebook.com\/svenskakyrkaniulricehamn\"]},{\"@type\":\"Person\",\"@id\":\"https:\/\/blogg.svenskakyrkan.se\/vandravagen\/#\/schema\/person\/25da02d4f76b137d04291711e2c9fc16\",\"name\":\"Tomas Jarvid\",\"image\":{\"@type\":\"ImageObject\",\"inLanguage\":\"sv-SE\",\"@id\":\"https:\/\/blogg.svenskakyrkan.se\/vandravagen\/#\/schema\/person\/image\/\",\"url\":\"https:\/\/secure.gravatar.com\/avatar\/7fa71899795e8f540f615a1f5ab25255dc27aa40f05ee7ddd21aac521e01bf50?s=96&d=identicon&r=g\",\"contentUrl\":\"https:\/\/secure.gravatar.com\/avatar\/7fa71899795e8f540f615a1f5ab25255dc27aa40f05ee7ddd21aac521e01bf50?s=96&d=identicon&r=g\",\"caption\":\"Tomas Jarvid\"},\"description\":\"Jag bor i Ulricehamn i V\u00e4sterg\u00f6tland och \u00e4r f\u00f6rsamlingspr\u00e4st i Svenska Kyrkan f\u00f6r Dalstorps f\u00f6rsamling i Kinds pastorat. P\u00e5 den h\u00e4r bloggen skriver jag ner tankar om vandringen som kristen.\",\"sameAs\":[\"http:\/\/www.vandravagen.se\"],\"url\":\"https:\/\/blogg.svenskakyrkan.se\/vandravagen\/author\/vandravagen\/\"}]}<\/script>\n<!-- \/ Yoast SEO plugin. -->","yoast_head_json":{"title":"Jesus \u00e4r svaret - h\u00e4r \u00e4r fr\u00e5gan - Vandra V\u00e4gen","robots":{"index":"index","follow":"follow","max-snippet":"max-snippet:-1","max-image-preview":"max-image-preview:large","max-video-preview":"max-video-preview:-1"},"canonical":"https:\/\/blogg.svenskakyrkan.se\/vandravagen\/2015\/05\/21\/jesus-ar-svaret-har-ar-fragan\/","og_locale":"sv_SE","og_type":"article","og_title":"Jesus \u00e4r svaret - h\u00e4r \u00e4r fr\u00e5gan - Vandra V\u00e4gen","og_description":"&nbsp; Jag fick en utmaning fr\u00e5n min v\u00e4n Franciskus (inte p\u00e5ven allts\u00e5) p\u00e5 Facebook att skriva n\u00e5got om en fras han t\u00e4nker mycket p\u00e5: &#8221;Jesus \u00e4r svaret. Men vad \u00e4r fr\u00e5gan?&#8221; Jag tror Jonas Gardell n\u00e4mnt orden i sitt podsamtal med \u00e4rkebiskop Antje Jackel\u00e9n. &#8221;Jesus \u00e4r svaret&#8221; \u00e4r s\u00e5vitt jag f\u00f6rst\u00e5tt det ett uttryck fr\u00e5n [&hellip;]","og_url":"https:\/\/blogg.svenskakyrkan.se\/vandravagen\/2015\/05\/21\/jesus-ar-svaret-har-ar-fragan\/","og_site_name":"Vandra V\u00e4gen","article_publisher":"http:\/\/facebook.com\/vandravagen","article_published_time":"2015-05-21T08:28:30+00:00","og_image":[{"url":"http:\/\/blogg.svenskakyrkan.se\/vandravagen\/files\/2015\/05\/IMG_6161-1024x1497.jpg","type":"","width":"","height":""}],"author":"Tomas Jarvid","twitter_card":"summary_large_image","twitter_creator":"@fadertomas","twitter_site":"@fadertomas","twitter_misc":{"Skriven av":"Tomas Jarvid","Ber\u00e4knad l\u00e4stid":"3 minuter"},"schema":{"@context":"https:\/\/schema.org","@graph":[{"@type":"Article","@id":"https:\/\/blogg.svenskakyrkan.se\/vandravagen\/2015\/05\/21\/jesus-ar-svaret-har-ar-fragan\/#article","isPartOf":{"@id":"https:\/\/blogg.svenskakyrkan.se\/vandravagen\/2015\/05\/21\/jesus-ar-svaret-har-ar-fragan\/"},"author":{"name":"Tomas Jarvid","@id":"https:\/\/blogg.svenskakyrkan.se\/vandravagen\/#\/schema\/person\/25da02d4f76b137d04291711e2c9fc16"},"headline":"Jesus \u00e4r svaret &#8211; h\u00e4r \u00e4r fr\u00e5gan","datePublished":"2015-05-21T08:28:30+00:00","mainEntityOfPage":{"@id":"https:\/\/blogg.svenskakyrkan.se\/vandravagen\/2015\/05\/21\/jesus-ar-svaret-har-ar-fragan\/"},"wordCount":566,"commentCount":12,"publisher":{"@id":"https:\/\/blogg.svenskakyrkan.se\/vandravagen\/#organization"},"image":{"@id":"https:\/\/blogg.svenskakyrkan.se\/vandravagen\/2015\/05\/21\/jesus-ar-svaret-har-ar-fragan\/#primaryimage"},"thumbnailUrl":"http:\/\/blogg.svenskakyrkan.se\/vandravagen\/files\/2015\/05\/IMG_6161-1024x1497.jpg","articleSection":["blandat","Dagens Kyrka","Teologi"],"inLanguage":"sv-SE","potentialAction":[{"@type":"CommentAction","name":"Comment","target":["https:\/\/blogg.svenskakyrkan.se\/vandravagen\/2015\/05\/21\/jesus-ar-svaret-har-ar-fragan\/#respond"]}]},{"@type":"WebPage","@id":"https:\/\/blogg.svenskakyrkan.se\/vandravagen\/2015\/05\/21\/jesus-ar-svaret-har-ar-fragan\/","url":"https:\/\/blogg.svenskakyrkan.se\/vandravagen\/2015\/05\/21\/jesus-ar-svaret-har-ar-fragan\/","name":"Jesus \u00e4r svaret - h\u00e4r \u00e4r fr\u00e5gan - Vandra V\u00e4gen","isPartOf":{"@id":"https:\/\/blogg.svenskakyrkan.se\/vandravagen\/#website"},"primaryImageOfPage":{"@id":"https:\/\/blogg.svenskakyrkan.se\/vandravagen\/2015\/05\/21\/jesus-ar-svaret-har-ar-fragan\/#primaryimage"},"image":{"@id":"https:\/\/blogg.svenskakyrkan.se\/vandravagen\/2015\/05\/21\/jesus-ar-svaret-har-ar-fragan\/#primaryimage"},"thumbnailUrl":"http:\/\/blogg.svenskakyrkan.se\/vandravagen\/files\/2015\/05\/IMG_6161-1024x1497.jpg","datePublished":"2015-05-21T08:28:30+00:00","breadcrumb":{"@id":"https:\/\/blogg.svenskakyrkan.se\/vandravagen\/2015\/05\/21\/jesus-ar-svaret-har-ar-fragan\/#breadcrumb"},"inLanguage":"sv-SE","potentialAction":[{"@type":"ReadAction","target":["https:\/\/blogg.svenskakyrkan.se\/vandravagen\/2015\/05\/21\/jesus-ar-svaret-har-ar-fragan\/"]}]},{"@type":"ImageObject","inLanguage":"sv-SE","@id":"https:\/\/blogg.svenskakyrkan.se\/vandravagen\/2015\/05\/21\/jesus-ar-svaret-har-ar-fragan\/#primaryimage","url":"http:\/\/blogg.svenskakyrkan.se\/vandravagen\/files\/2015\/05\/IMG_6161-1024x1497.jpg","contentUrl":"http:\/\/blogg.svenskakyrkan.se\/vandravagen\/files\/2015\/05\/IMG_6161-1024x1497.jpg"},{"@type":"BreadcrumbList","@id":"https:\/\/blogg.svenskakyrkan.se\/vandravagen\/2015\/05\/21\/jesus-ar-svaret-har-ar-fragan\/#breadcrumb","itemListElement":[{"@type":"ListItem","position":1,"name":"Hem","item":"https:\/\/blogg.svenskakyrkan.se\/vandravagen\/"},{"@type":"ListItem","position":2,"name":"Jesus \u00e4r svaret &#8211; h\u00e4r \u00e4r fr\u00e5gan"}]},{"@type":"WebSite","@id":"https:\/\/blogg.svenskakyrkan.se\/vandravagen\/#website","url":"https:\/\/blogg.svenskakyrkan.se\/vandravagen\/","name":"Vandra V\u00e4gen","description":"-Mot en tro f\u00f6r hela livet","publisher":{"@id":"https:\/\/blogg.svenskakyrkan.se\/vandravagen\/#organization"},"potentialAction":[{"@type":"SearchAction","target":{"@type":"EntryPoint","urlTemplate":"https:\/\/blogg.svenskakyrkan.se\/vandravagen\/?s={search_term_string}"},"query-input":{"@type":"PropertyValueSpecification","valueRequired":true,"valueName":"search_term_string"}}],"inLanguage":"sv-SE"},{"@type":"Organization","@id":"https:\/\/blogg.svenskakyrkan.se\/vandravagen\/#organization","name":"ulricehamns pastorat","alternateName":"ulricehamns pastorat","url":"https:\/\/blogg.svenskakyrkan.se\/vandravagen\/","logo":{"@type":"ImageObject","inLanguage":"sv-SE","@id":"https:\/\/blogg.svenskakyrkan.se\/vandravagen\/#\/schema\/logo\/image\/","url":"https:\/\/blogg.svenskakyrkan.se\/vandravagen\/files\/2023\/05\/Ulr_logo_RGB.png","contentUrl":"https:\/\/blogg.svenskakyrkan.se\/vandravagen\/files\/2023\/05\/Ulr_logo_RGB.png","width":205,"height":77,"caption":"ulricehamns pastorat"},"image":{"@id":"https:\/\/blogg.svenskakyrkan.se\/vandravagen\/#\/schema\/logo\/image\/"},"sameAs":["http:\/\/facebook.com\/vandravagen","https:\/\/x.com\/fadertomas","http:\/\/www.facebook.com\/svenskakyrkaniulricehamn"]},{"@type":"Person","@id":"https:\/\/blogg.svenskakyrkan.se\/vandravagen\/#\/schema\/person\/25da02d4f76b137d04291711e2c9fc16","name":"Tomas Jarvid","image":{"@type":"ImageObject","inLanguage":"sv-SE","@id":"https:\/\/blogg.svenskakyrkan.se\/vandravagen\/#\/schema\/person\/image\/","url":"https:\/\/secure.gravatar.com\/avatar\/7fa71899795e8f540f615a1f5ab25255dc27aa40f05ee7ddd21aac521e01bf50?s=96&d=identicon&r=g","contentUrl":"https:\/\/secure.gravatar.com\/avatar\/7fa71899795e8f540f615a1f5ab25255dc27aa40f05ee7ddd21aac521e01bf50?s=96&d=identicon&r=g","caption":"Tomas Jarvid"},"description":"Jag bor i Ulricehamn i V\u00e4sterg\u00f6tland och \u00e4r f\u00f6rsamlingspr\u00e4st i Svenska Kyrkan f\u00f6r Dalstorps f\u00f6rsamling i Kinds pastorat. P\u00e5 den h\u00e4r bloggen skriver jag ner tankar om vandringen som kristen.","sameAs":["http:\/\/www.vandravagen.se"],"url":"https:\/\/blogg.svenskakyrkan.se\/vandravagen\/author\/vandravagen\/"}]}},"author_meta":{"ID":"392","user_nicename":"vandravagen","user_url":"http:\/\/www.vandravagen.se","user_registered":"2014-05-19 05:44:52","display_name":"Tomas Jarvid","first_name":"Tomas","last_name":"Jarvid","avatar":"https:\/\/secure.gravatar.com\/avatar\/7fa71899795e8f540f615a1f5ab25255dc27aa40f05ee7ddd21aac521e01bf50?s=96&d=identicon&r=g"},"featured_image":false,"bloginfo":{"name":"Vandra V\u00e4gen","url":"https:\/\/blogg.svenskakyrkan.se\/vandravagen"},"_links":{"self":[{"href":"https:\/\/blogg.svenskakyrkan.se\/vandravagen\/wp-json\/wp\/v2\/posts\/3123","targetHints":{"allow":["GET"]}}],"collection":[{"href":"https:\/\/blogg.svenskakyrkan.se\/vandravagen\/wp-json\/wp\/v2\/posts"}],"about":[{"href":"https:\/\/blogg.svenskakyrkan.se\/vandravagen\/wp-json\/wp\/v2\/types\/post"}],"author":[{"embeddable":true,"href":"https:\/\/blogg.svenskakyrkan.se\/vandravagen\/wp-json\/wp\/v2\/users\/392"}],"replies":[{"embeddable":true,"href":"https:\/\/blogg.svenskakyrkan.se\/vandravagen\/wp-json\/wp\/v2\/comments?post=3123"}],"version-history":[{"count":2,"href":"https:\/\/blogg.svenskakyrkan.se\/vandravagen\/wp-json\/wp\/v2\/posts\/3123\/revisions"}],"predecessor-version":[{"id":3126,"href":"https:\/\/blogg.svenskakyrkan.se\/vandravagen\/wp-json\/wp\/v2\/posts\/3123\/revisions\/3126"}],"wp:attachment":[{"href":"https:\/\/blogg.svenskakyrkan.se\/vandravagen\/wp-json\/wp\/v2\/media?parent=3123"}],"wp:term":[{"taxonomy":"category","embeddable":true,"href":"https:\/\/blogg.svenskakyrkan.se\/vandravagen\/wp-json\/wp\/v2\/categories?post=3123"},{"taxonomy":"post_tag","embeddable":true,"href":"https:\/\/blogg.svenskakyrkan.se\/vandravagen\/wp-json\/wp\/v2\/tags?post=3123"}],"curies":[{"name":"wp","href":"https:\/\/api.w.org\/{rel}","templated":true}]}}