{"id":313,"date":"2013-10-15T08:14:00","date_gmt":"2013-10-15T06:14:00","guid":{"rendered":"http:\/\/blogg.svenskakyrkan.se\/vandravagen\/2013\/10\/15\/svindlande-tankar-vid-ett-fossil-i-husaby\/"},"modified":"2013-10-15T08:14:00","modified_gmt":"2013-10-15T06:14:00","slug":"svindlande-tankar-vid-ett-fossil-i-husaby","status":"publish","type":"post","link":"https:\/\/blogg.svenskakyrkan.se\/vandravagen\/2013\/10\/15\/svindlande-tankar-vid-ett-fossil-i-husaby\/","title":{"rendered":"Svindlande tankar vid ett fossil i Husaby"},"content":{"rendered":"<table align=\"center\" cellpadding=\"0\" cellspacing=\"0\">\n<tbody>\n<tr>\n<td><a href=\"http:\/\/4.bp.blogspot.com\/-iEFXege1KPU\/UluowPJNLAI\/AAAAAAAAFtM\/PU_iyXt3ewo\/s1600\/altare+husaby+kyrka+2.jpg\"><img loading=\"lazy\" decoding=\"async\" border=\"0\" height=\"426\" src=\"http:\/\/4.bp.blogspot.com\/-iEFXege1KPU\/UluowPJNLAI\/AAAAAAAAFtM\/PU_iyXt3ewo\/s640\/altare+husaby+kyrka+2.jpg\" width=\"640\"><\/a><\/td>\n<\/tr>\n<tr>\n<td>Altaret i Husaby kyrka<\/td>\n<\/tr>\n<\/tbody>\n<\/table>\n<p>Det h\u00e4r \u00e4r n\u00e5got jag t\u00e4nker p\u00e5 ibland n\u00e4r jag st\u00e5r vid altaret i Husaby eller Ledsj\u00f6. Tittar man noga p\u00e5 stenen s\u00e5 ser man tydligt avlagringen av ett fossil, en ortoceratit. I Husaby ser det ut s\u00e5 h\u00e4r:<\/p>\n<table align=\"center\" cellpadding=\"0\" cellspacing=\"0\">\n<tbody>\n<tr>\n<td><a href=\"http:\/\/3.bp.blogspot.com\/-KBG6IQine84\/Uluovz0cnlI\/AAAAAAAAFtI\/bmuer8p8Glo\/s1600\/altare+husaby+kyrka.jpg\"><img loading=\"lazy\" decoding=\"async\" border=\"0\" height=\"426\" src=\"http:\/\/3.bp.blogspot.com\/-KBG6IQine84\/Uluovz0cnlI\/AAAAAAAAFtI\/bmuer8p8Glo\/s640\/altare+husaby+kyrka.jpg\" width=\"640\"><\/a><\/td>\n<\/tr>\n<tr>\n<td>Ortoceratit i altaret i Husaby<\/td>\n<\/tr>\n<\/tbody>\n<\/table>\n<p>Den levde f\u00f6r kanske 3-400 miljoner \u00e5r sedan, det vet jag inte s\u00e5 noga. Bara att det var v\u00e4ldigt l\u00e4nge sedan de simmade i haven h\u00e4r.<\/p>\n<div><\/div>\n<div>Det \u00e4r f\u00f6rst\u00e5s ingen m\u00e4nniska som ens varit i n\u00e4rheten av att se en levande ortoceratit, de var borta l\u00e5ngt innan vi kom in p\u00e5 scenen. \u00c4nd\u00e5 m\u00e5ste det vara s\u00e5 att om Gud \u00e4r Skaparen s\u00e5 \u00e4r han ocks\u00e5 ortoceratiternas skapare. \u00c4ven detta djur \u00e4r skapat och \u00e4lskat av Gud och b\u00e4r n\u00e5got av hans signatur.<\/div>\n<div><\/div>\n<div>S\u00e5 gick hundratals miljoner \u00e5r innan skapelsen blev medveten om sig sj\u00e4lv och v\u00e4nde sig till sin skapare. Byggde altaren, s\u00e5 sm\u00e5ningom ocks\u00e5 i Husaby. Gud har funnits d\u00e4r hela tiden men v\u00e4rlden var bra annorlunda d\u00e5 \u00e4n nu. V\u00e5r tid \u00e4r bara en kort blinkning, precis som den stund detta djur levde p\u00e5 jorden (fast det \u00f6gonblicket blev bevarat f\u00f6r oss att t\u00e4nka p\u00e5). Det g\u00f6r inte v\u00e5r tid mindre viktig, inte om det finns en Gud som vill att vi finns.<\/div>\n<div><\/div>\n<div>Vad t\u00e4nker du utifr\u00e5n detta fossil?<\/p>\n<\/div>\n","protected":false},"excerpt":{"rendered":"<p>Altaret i Husaby kyrka Det h\u00e4r \u00e4r n\u00e5got jag t\u00e4nker p\u00e5 ibland n\u00e4r jag st\u00e5r vid altaret i Husaby eller Ledsj\u00f6. Tittar man noga p\u00e5 stenen s\u00e5 ser man tydligt avlagringen av ett fossil, en ortoceratit. I Husaby ser det ut s\u00e5 h\u00e4r: Ortoceratit i altaret i Husaby Den levde f\u00f6r kanske 3-400 miljoner \u00e5r [&hellip;]<\/p>\n","protected":false},"author":392,"featured_media":0,"comment_status":"open","ping_status":"open","sticky":false,"template":"","format":"standard","meta":{"_acf_changed":false,"footnotes":""},"categories":[76189,117],"tags":[],"class_list":["post-313","post","type-post","status-publish","format-standard","hentry","category-dagens-kyrka","category-teologi"],"acf":[],"yoast_head":"<!-- This site is optimized with the Yoast SEO plugin v27.1.1 - https:\/\/yoast.com\/product\/yoast-seo-wordpress\/ -->\n<title>Svindlande tankar vid ett fossil i Husaby - Vandra V\u00e4gen<\/title>\n<meta name=\"robots\" content=\"index, follow, max-snippet:-1, max-image-preview:large, max-video-preview:-1\" \/>\n<link rel=\"canonical\" href=\"https:\/\/blogg.svenskakyrkan.se\/vandravagen\/2013\/10\/15\/svindlande-tankar-vid-ett-fossil-i-husaby\/\" \/>\n<meta property=\"og:locale\" content=\"sv_SE\" \/>\n<meta property=\"og:type\" content=\"article\" \/>\n<meta property=\"og:title\" content=\"Svindlande tankar vid ett fossil i Husaby - Vandra V\u00e4gen\" \/>\n<meta property=\"og:description\" content=\"Altaret i Husaby kyrka Det h\u00e4r \u00e4r n\u00e5got jag t\u00e4nker p\u00e5 ibland n\u00e4r jag st\u00e5r vid altaret i Husaby eller Ledsj\u00f6. Tittar man noga p\u00e5 stenen s\u00e5 ser man tydligt avlagringen av ett fossil, en ortoceratit. I Husaby ser det ut s\u00e5 h\u00e4r: Ortoceratit i altaret i Husaby Den levde f\u00f6r kanske 3-400 miljoner \u00e5r [&hellip;]\" \/>\n<meta property=\"og:url\" content=\"https:\/\/blogg.svenskakyrkan.se\/vandravagen\/2013\/10\/15\/svindlande-tankar-vid-ett-fossil-i-husaby\/\" \/>\n<meta property=\"og:site_name\" content=\"Vandra V\u00e4gen\" \/>\n<meta property=\"article:publisher\" content=\"http:\/\/facebook.com\/vandravagen\" \/>\n<meta property=\"article:published_time\" content=\"2013-10-15T06:14:00+00:00\" \/>\n<meta property=\"og:image\" content=\"http:\/\/4.bp.blogspot.com\/-iEFXege1KPU\/UluowPJNLAI\/AAAAAAAAFtM\/PU_iyXt3ewo\/s640\/altare+husaby+kyrka+2.jpg\" \/>\n<meta name=\"author\" content=\"Tomas Jarvid\" \/>\n<meta name=\"twitter:card\" content=\"summary_large_image\" \/>\n<meta name=\"twitter:creator\" content=\"@fadertomas\" \/>\n<meta name=\"twitter:site\" content=\"@fadertomas\" \/>\n<meta name=\"twitter:label1\" content=\"Skriven av\" \/>\n\t<meta name=\"twitter:data1\" content=\"Tomas Jarvid\" \/>\n\t<meta name=\"twitter:label2\" content=\"Ber\u00e4knad l\u00e4stid\" \/>\n\t<meta name=\"twitter:data2\" content=\"1 minut\" \/>\n<script type=\"application\/ld+json\" class=\"yoast-schema-graph\">{\"@context\":\"https:\/\/schema.org\",\"@graph\":[{\"@type\":\"Article\",\"@id\":\"https:\/\/blogg.svenskakyrkan.se\/vandravagen\/2013\/10\/15\/svindlande-tankar-vid-ett-fossil-i-husaby\/#article\",\"isPartOf\":{\"@id\":\"https:\/\/blogg.svenskakyrkan.se\/vandravagen\/2013\/10\/15\/svindlande-tankar-vid-ett-fossil-i-husaby\/\"},\"author\":{\"name\":\"Tomas Jarvid\",\"@id\":\"https:\/\/blogg.svenskakyrkan.se\/vandravagen\/#\/schema\/person\/25da02d4f76b137d04291711e2c9fc16\"},\"headline\":\"Svindlande tankar vid ett fossil i Husaby\",\"datePublished\":\"2013-10-15T06:14:00+00:00\",\"mainEntityOfPage\":{\"@id\":\"https:\/\/blogg.svenskakyrkan.se\/vandravagen\/2013\/10\/15\/svindlande-tankar-vid-ett-fossil-i-husaby\/\"},\"wordCount\":257,\"commentCount\":0,\"publisher\":{\"@id\":\"https:\/\/blogg.svenskakyrkan.se\/vandravagen\/#organization\"},\"image\":{\"@id\":\"https:\/\/blogg.svenskakyrkan.se\/vandravagen\/2013\/10\/15\/svindlande-tankar-vid-ett-fossil-i-husaby\/#primaryimage\"},\"thumbnailUrl\":\"http:\/\/4.bp.blogspot.com\/-iEFXege1KPU\/UluowPJNLAI\/AAAAAAAAFtM\/PU_iyXt3ewo\/s640\/altare+husaby+kyrka+2.jpg\",\"articleSection\":[\"Dagens Kyrka\",\"Teologi\"],\"inLanguage\":\"sv-SE\",\"potentialAction\":[{\"@type\":\"CommentAction\",\"name\":\"Comment\",\"target\":[\"https:\/\/blogg.svenskakyrkan.se\/vandravagen\/2013\/10\/15\/svindlande-tankar-vid-ett-fossil-i-husaby\/#respond\"]}]},{\"@type\":\"WebPage\",\"@id\":\"https:\/\/blogg.svenskakyrkan.se\/vandravagen\/2013\/10\/15\/svindlande-tankar-vid-ett-fossil-i-husaby\/\",\"url\":\"https:\/\/blogg.svenskakyrkan.se\/vandravagen\/2013\/10\/15\/svindlande-tankar-vid-ett-fossil-i-husaby\/\",\"name\":\"Svindlande tankar vid ett fossil i Husaby - Vandra V\u00e4gen\",\"isPartOf\":{\"@id\":\"https:\/\/blogg.svenskakyrkan.se\/vandravagen\/#website\"},\"primaryImageOfPage\":{\"@id\":\"https:\/\/blogg.svenskakyrkan.se\/vandravagen\/2013\/10\/15\/svindlande-tankar-vid-ett-fossil-i-husaby\/#primaryimage\"},\"image\":{\"@id\":\"https:\/\/blogg.svenskakyrkan.se\/vandravagen\/2013\/10\/15\/svindlande-tankar-vid-ett-fossil-i-husaby\/#primaryimage\"},\"thumbnailUrl\":\"http:\/\/4.bp.blogspot.com\/-iEFXege1KPU\/UluowPJNLAI\/AAAAAAAAFtM\/PU_iyXt3ewo\/s640\/altare+husaby+kyrka+2.jpg\",\"datePublished\":\"2013-10-15T06:14:00+00:00\",\"breadcrumb\":{\"@id\":\"https:\/\/blogg.svenskakyrkan.se\/vandravagen\/2013\/10\/15\/svindlande-tankar-vid-ett-fossil-i-husaby\/#breadcrumb\"},\"inLanguage\":\"sv-SE\",\"potentialAction\":[{\"@type\":\"ReadAction\",\"target\":[\"https:\/\/blogg.svenskakyrkan.se\/vandravagen\/2013\/10\/15\/svindlande-tankar-vid-ett-fossil-i-husaby\/\"]}]},{\"@type\":\"ImageObject\",\"inLanguage\":\"sv-SE\",\"@id\":\"https:\/\/blogg.svenskakyrkan.se\/vandravagen\/2013\/10\/15\/svindlande-tankar-vid-ett-fossil-i-husaby\/#primaryimage\",\"url\":\"http:\/\/4.bp.blogspot.com\/-iEFXege1KPU\/UluowPJNLAI\/AAAAAAAAFtM\/PU_iyXt3ewo\/s640\/altare+husaby+kyrka+2.jpg\",\"contentUrl\":\"http:\/\/4.bp.blogspot.com\/-iEFXege1KPU\/UluowPJNLAI\/AAAAAAAAFtM\/PU_iyXt3ewo\/s640\/altare+husaby+kyrka+2.jpg\"},{\"@type\":\"BreadcrumbList\",\"@id\":\"https:\/\/blogg.svenskakyrkan.se\/vandravagen\/2013\/10\/15\/svindlande-tankar-vid-ett-fossil-i-husaby\/#breadcrumb\",\"itemListElement\":[{\"@type\":\"ListItem\",\"position\":1,\"name\":\"Hem\",\"item\":\"https:\/\/blogg.svenskakyrkan.se\/vandravagen\/\"},{\"@type\":\"ListItem\",\"position\":2,\"name\":\"Svindlande tankar vid ett fossil i Husaby\"}]},{\"@type\":\"WebSite\",\"@id\":\"https:\/\/blogg.svenskakyrkan.se\/vandravagen\/#website\",\"url\":\"https:\/\/blogg.svenskakyrkan.se\/vandravagen\/\",\"name\":\"Vandra V\u00e4gen\",\"description\":\"-Mot en tro f\u00f6r hela livet\",\"publisher\":{\"@id\":\"https:\/\/blogg.svenskakyrkan.se\/vandravagen\/#organization\"},\"potentialAction\":[{\"@type\":\"SearchAction\",\"target\":{\"@type\":\"EntryPoint\",\"urlTemplate\":\"https:\/\/blogg.svenskakyrkan.se\/vandravagen\/?s={search_term_string}\"},\"query-input\":{\"@type\":\"PropertyValueSpecification\",\"valueRequired\":true,\"valueName\":\"search_term_string\"}}],\"inLanguage\":\"sv-SE\"},{\"@type\":\"Organization\",\"@id\":\"https:\/\/blogg.svenskakyrkan.se\/vandravagen\/#organization\",\"name\":\"ulricehamns pastorat\",\"alternateName\":\"ulricehamns pastorat\",\"url\":\"https:\/\/blogg.svenskakyrkan.se\/vandravagen\/\",\"logo\":{\"@type\":\"ImageObject\",\"inLanguage\":\"sv-SE\",\"@id\":\"https:\/\/blogg.svenskakyrkan.se\/vandravagen\/#\/schema\/logo\/image\/\",\"url\":\"https:\/\/blogg.svenskakyrkan.se\/vandravagen\/files\/2023\/05\/Ulr_logo_RGB.png\",\"contentUrl\":\"https:\/\/blogg.svenskakyrkan.se\/vandravagen\/files\/2023\/05\/Ulr_logo_RGB.png\",\"width\":205,\"height\":77,\"caption\":\"ulricehamns pastorat\"},\"image\":{\"@id\":\"https:\/\/blogg.svenskakyrkan.se\/vandravagen\/#\/schema\/logo\/image\/\"},\"sameAs\":[\"http:\/\/facebook.com\/vandravagen\",\"https:\/\/x.com\/fadertomas\",\"http:\/\/www.facebook.com\/svenskakyrkaniulricehamn\"]},{\"@type\":\"Person\",\"@id\":\"https:\/\/blogg.svenskakyrkan.se\/vandravagen\/#\/schema\/person\/25da02d4f76b137d04291711e2c9fc16\",\"name\":\"Tomas Jarvid\",\"image\":{\"@type\":\"ImageObject\",\"inLanguage\":\"sv-SE\",\"@id\":\"https:\/\/blogg.svenskakyrkan.se\/vandravagen\/#\/schema\/person\/image\/\",\"url\":\"https:\/\/secure.gravatar.com\/avatar\/7fa71899795e8f540f615a1f5ab25255dc27aa40f05ee7ddd21aac521e01bf50?s=96&d=identicon&r=g\",\"contentUrl\":\"https:\/\/secure.gravatar.com\/avatar\/7fa71899795e8f540f615a1f5ab25255dc27aa40f05ee7ddd21aac521e01bf50?s=96&d=identicon&r=g\",\"caption\":\"Tomas Jarvid\"},\"description\":\"Jag bor i Ulricehamn i V\u00e4sterg\u00f6tland och \u00e4r f\u00f6rsamlingspr\u00e4st i Svenska Kyrkan f\u00f6r Dalstorps f\u00f6rsamling i Kinds pastorat. P\u00e5 den h\u00e4r bloggen skriver jag ner tankar om vandringen som kristen.\",\"sameAs\":[\"http:\/\/www.vandravagen.se\"],\"url\":\"https:\/\/blogg.svenskakyrkan.se\/vandravagen\/author\/vandravagen\/\"}]}<\/script>\n<!-- \/ Yoast SEO plugin. -->","yoast_head_json":{"title":"Svindlande tankar vid ett fossil i Husaby - Vandra V\u00e4gen","robots":{"index":"index","follow":"follow","max-snippet":"max-snippet:-1","max-image-preview":"max-image-preview:large","max-video-preview":"max-video-preview:-1"},"canonical":"https:\/\/blogg.svenskakyrkan.se\/vandravagen\/2013\/10\/15\/svindlande-tankar-vid-ett-fossil-i-husaby\/","og_locale":"sv_SE","og_type":"article","og_title":"Svindlande tankar vid ett fossil i Husaby - Vandra V\u00e4gen","og_description":"Altaret i Husaby kyrka Det h\u00e4r \u00e4r n\u00e5got jag t\u00e4nker p\u00e5 ibland n\u00e4r jag st\u00e5r vid altaret i Husaby eller Ledsj\u00f6. Tittar man noga p\u00e5 stenen s\u00e5 ser man tydligt avlagringen av ett fossil, en ortoceratit. I Husaby ser det ut s\u00e5 h\u00e4r: Ortoceratit i altaret i Husaby Den levde f\u00f6r kanske 3-400 miljoner \u00e5r [&hellip;]","og_url":"https:\/\/blogg.svenskakyrkan.se\/vandravagen\/2013\/10\/15\/svindlande-tankar-vid-ett-fossil-i-husaby\/","og_site_name":"Vandra V\u00e4gen","article_publisher":"http:\/\/facebook.com\/vandravagen","article_published_time":"2013-10-15T06:14:00+00:00","og_image":[{"url":"http:\/\/4.bp.blogspot.com\/-iEFXege1KPU\/UluowPJNLAI\/AAAAAAAAFtM\/PU_iyXt3ewo\/s640\/altare+husaby+kyrka+2.jpg","type":"","width":"","height":""}],"author":"Tomas Jarvid","twitter_card":"summary_large_image","twitter_creator":"@fadertomas","twitter_site":"@fadertomas","twitter_misc":{"Skriven av":"Tomas Jarvid","Ber\u00e4knad l\u00e4stid":"1 minut"},"schema":{"@context":"https:\/\/schema.org","@graph":[{"@type":"Article","@id":"https:\/\/blogg.svenskakyrkan.se\/vandravagen\/2013\/10\/15\/svindlande-tankar-vid-ett-fossil-i-husaby\/#article","isPartOf":{"@id":"https:\/\/blogg.svenskakyrkan.se\/vandravagen\/2013\/10\/15\/svindlande-tankar-vid-ett-fossil-i-husaby\/"},"author":{"name":"Tomas Jarvid","@id":"https:\/\/blogg.svenskakyrkan.se\/vandravagen\/#\/schema\/person\/25da02d4f76b137d04291711e2c9fc16"},"headline":"Svindlande tankar vid ett fossil i Husaby","datePublished":"2013-10-15T06:14:00+00:00","mainEntityOfPage":{"@id":"https:\/\/blogg.svenskakyrkan.se\/vandravagen\/2013\/10\/15\/svindlande-tankar-vid-ett-fossil-i-husaby\/"},"wordCount":257,"commentCount":0,"publisher":{"@id":"https:\/\/blogg.svenskakyrkan.se\/vandravagen\/#organization"},"image":{"@id":"https:\/\/blogg.svenskakyrkan.se\/vandravagen\/2013\/10\/15\/svindlande-tankar-vid-ett-fossil-i-husaby\/#primaryimage"},"thumbnailUrl":"http:\/\/4.bp.blogspot.com\/-iEFXege1KPU\/UluowPJNLAI\/AAAAAAAAFtM\/PU_iyXt3ewo\/s640\/altare+husaby+kyrka+2.jpg","articleSection":["Dagens Kyrka","Teologi"],"inLanguage":"sv-SE","potentialAction":[{"@type":"CommentAction","name":"Comment","target":["https:\/\/blogg.svenskakyrkan.se\/vandravagen\/2013\/10\/15\/svindlande-tankar-vid-ett-fossil-i-husaby\/#respond"]}]},{"@type":"WebPage","@id":"https:\/\/blogg.svenskakyrkan.se\/vandravagen\/2013\/10\/15\/svindlande-tankar-vid-ett-fossil-i-husaby\/","url":"https:\/\/blogg.svenskakyrkan.se\/vandravagen\/2013\/10\/15\/svindlande-tankar-vid-ett-fossil-i-husaby\/","name":"Svindlande tankar vid ett fossil i Husaby - Vandra V\u00e4gen","isPartOf":{"@id":"https:\/\/blogg.svenskakyrkan.se\/vandravagen\/#website"},"primaryImageOfPage":{"@id":"https:\/\/blogg.svenskakyrkan.se\/vandravagen\/2013\/10\/15\/svindlande-tankar-vid-ett-fossil-i-husaby\/#primaryimage"},"image":{"@id":"https:\/\/blogg.svenskakyrkan.se\/vandravagen\/2013\/10\/15\/svindlande-tankar-vid-ett-fossil-i-husaby\/#primaryimage"},"thumbnailUrl":"http:\/\/4.bp.blogspot.com\/-iEFXege1KPU\/UluowPJNLAI\/AAAAAAAAFtM\/PU_iyXt3ewo\/s640\/altare+husaby+kyrka+2.jpg","datePublished":"2013-10-15T06:14:00+00:00","breadcrumb":{"@id":"https:\/\/blogg.svenskakyrkan.se\/vandravagen\/2013\/10\/15\/svindlande-tankar-vid-ett-fossil-i-husaby\/#breadcrumb"},"inLanguage":"sv-SE","potentialAction":[{"@type":"ReadAction","target":["https:\/\/blogg.svenskakyrkan.se\/vandravagen\/2013\/10\/15\/svindlande-tankar-vid-ett-fossil-i-husaby\/"]}]},{"@type":"ImageObject","inLanguage":"sv-SE","@id":"https:\/\/blogg.svenskakyrkan.se\/vandravagen\/2013\/10\/15\/svindlande-tankar-vid-ett-fossil-i-husaby\/#primaryimage","url":"http:\/\/4.bp.blogspot.com\/-iEFXege1KPU\/UluowPJNLAI\/AAAAAAAAFtM\/PU_iyXt3ewo\/s640\/altare+husaby+kyrka+2.jpg","contentUrl":"http:\/\/4.bp.blogspot.com\/-iEFXege1KPU\/UluowPJNLAI\/AAAAAAAAFtM\/PU_iyXt3ewo\/s640\/altare+husaby+kyrka+2.jpg"},{"@type":"BreadcrumbList","@id":"https:\/\/blogg.svenskakyrkan.se\/vandravagen\/2013\/10\/15\/svindlande-tankar-vid-ett-fossil-i-husaby\/#breadcrumb","itemListElement":[{"@type":"ListItem","position":1,"name":"Hem","item":"https:\/\/blogg.svenskakyrkan.se\/vandravagen\/"},{"@type":"ListItem","position":2,"name":"Svindlande tankar vid ett fossil i Husaby"}]},{"@type":"WebSite","@id":"https:\/\/blogg.svenskakyrkan.se\/vandravagen\/#website","url":"https:\/\/blogg.svenskakyrkan.se\/vandravagen\/","name":"Vandra V\u00e4gen","description":"-Mot en tro f\u00f6r hela livet","publisher":{"@id":"https:\/\/blogg.svenskakyrkan.se\/vandravagen\/#organization"},"potentialAction":[{"@type":"SearchAction","target":{"@type":"EntryPoint","urlTemplate":"https:\/\/blogg.svenskakyrkan.se\/vandravagen\/?s={search_term_string}"},"query-input":{"@type":"PropertyValueSpecification","valueRequired":true,"valueName":"search_term_string"}}],"inLanguage":"sv-SE"},{"@type":"Organization","@id":"https:\/\/blogg.svenskakyrkan.se\/vandravagen\/#organization","name":"ulricehamns pastorat","alternateName":"ulricehamns pastorat","url":"https:\/\/blogg.svenskakyrkan.se\/vandravagen\/","logo":{"@type":"ImageObject","inLanguage":"sv-SE","@id":"https:\/\/blogg.svenskakyrkan.se\/vandravagen\/#\/schema\/logo\/image\/","url":"https:\/\/blogg.svenskakyrkan.se\/vandravagen\/files\/2023\/05\/Ulr_logo_RGB.png","contentUrl":"https:\/\/blogg.svenskakyrkan.se\/vandravagen\/files\/2023\/05\/Ulr_logo_RGB.png","width":205,"height":77,"caption":"ulricehamns pastorat"},"image":{"@id":"https:\/\/blogg.svenskakyrkan.se\/vandravagen\/#\/schema\/logo\/image\/"},"sameAs":["http:\/\/facebook.com\/vandravagen","https:\/\/x.com\/fadertomas","http:\/\/www.facebook.com\/svenskakyrkaniulricehamn"]},{"@type":"Person","@id":"https:\/\/blogg.svenskakyrkan.se\/vandravagen\/#\/schema\/person\/25da02d4f76b137d04291711e2c9fc16","name":"Tomas Jarvid","image":{"@type":"ImageObject","inLanguage":"sv-SE","@id":"https:\/\/blogg.svenskakyrkan.se\/vandravagen\/#\/schema\/person\/image\/","url":"https:\/\/secure.gravatar.com\/avatar\/7fa71899795e8f540f615a1f5ab25255dc27aa40f05ee7ddd21aac521e01bf50?s=96&d=identicon&r=g","contentUrl":"https:\/\/secure.gravatar.com\/avatar\/7fa71899795e8f540f615a1f5ab25255dc27aa40f05ee7ddd21aac521e01bf50?s=96&d=identicon&r=g","caption":"Tomas Jarvid"},"description":"Jag bor i Ulricehamn i V\u00e4sterg\u00f6tland och \u00e4r f\u00f6rsamlingspr\u00e4st i Svenska Kyrkan f\u00f6r Dalstorps f\u00f6rsamling i Kinds pastorat. P\u00e5 den h\u00e4r bloggen skriver jag ner tankar om vandringen som kristen.","sameAs":["http:\/\/www.vandravagen.se"],"url":"https:\/\/blogg.svenskakyrkan.se\/vandravagen\/author\/vandravagen\/"}]}},"author_meta":{"ID":"392","user_nicename":"vandravagen","user_url":"http:\/\/www.vandravagen.se","user_registered":"2014-05-19 05:44:52","display_name":"Tomas Jarvid","first_name":"Tomas","last_name":"Jarvid","avatar":"https:\/\/secure.gravatar.com\/avatar\/7fa71899795e8f540f615a1f5ab25255dc27aa40f05ee7ddd21aac521e01bf50?s=96&d=identicon&r=g"},"featured_image":false,"bloginfo":{"name":"Vandra V\u00e4gen","url":"https:\/\/blogg.svenskakyrkan.se\/vandravagen"},"_links":{"self":[{"href":"https:\/\/blogg.svenskakyrkan.se\/vandravagen\/wp-json\/wp\/v2\/posts\/313","targetHints":{"allow":["GET"]}}],"collection":[{"href":"https:\/\/blogg.svenskakyrkan.se\/vandravagen\/wp-json\/wp\/v2\/posts"}],"about":[{"href":"https:\/\/blogg.svenskakyrkan.se\/vandravagen\/wp-json\/wp\/v2\/types\/post"}],"author":[{"embeddable":true,"href":"https:\/\/blogg.svenskakyrkan.se\/vandravagen\/wp-json\/wp\/v2\/users\/392"}],"replies":[{"embeddable":true,"href":"https:\/\/blogg.svenskakyrkan.se\/vandravagen\/wp-json\/wp\/v2\/comments?post=313"}],"version-history":[{"count":0,"href":"https:\/\/blogg.svenskakyrkan.se\/vandravagen\/wp-json\/wp\/v2\/posts\/313\/revisions"}],"wp:attachment":[{"href":"https:\/\/blogg.svenskakyrkan.se\/vandravagen\/wp-json\/wp\/v2\/media?parent=313"}],"wp:term":[{"taxonomy":"category","embeddable":true,"href":"https:\/\/blogg.svenskakyrkan.se\/vandravagen\/wp-json\/wp\/v2\/categories?post=313"},{"taxonomy":"post_tag","embeddable":true,"href":"https:\/\/blogg.svenskakyrkan.se\/vandravagen\/wp-json\/wp\/v2\/tags?post=313"}],"curies":[{"name":"wp","href":"https:\/\/api.w.org\/{rel}","templated":true}]}}