{"id":3130,"date":"2015-05-22T07:00:12","date_gmt":"2015-05-22T05:00:12","guid":{"rendered":"http:\/\/blogg.svenskakyrkan.se\/vandravagen\/?p=3130"},"modified":"2015-05-21T20:54:12","modified_gmt":"2015-05-21T18:54:12","slug":"en-nara-doden-upplevelse-i-bibeln","status":"publish","type":"post","link":"https:\/\/blogg.svenskakyrkan.se\/vandravagen\/2015\/05\/22\/en-nara-doden-upplevelse-i-bibeln\/","title":{"rendered":"En n\u00e4ra-d\u00f6den-upplevelse i bibeln"},"content":{"rendered":"<div id=\"attachment_3132\" style=\"width: 446px\" class=\"wp-caption aligncenter\"><a href=\"http:\/\/blogg.svenskakyrkan.se\/vandravagen\/files\/2015\/05\/17-CORTONA-THE-STONING-OF-STEPHEN.jpg\"><img loading=\"lazy\" decoding=\"async\" aria-describedby=\"caption-attachment-3132\" class=\"size-full wp-image-3132\" src=\"http:\/\/blogg.svenskakyrkan.se\/vandravagen\/files\/2015\/05\/17-CORTONA-THE-STONING-OF-STEPHEN.jpg\" alt=\"Himlen \u00e4r \u00f6ppen \u00f6ver Stefanus\" width=\"436\" height=\"800\" srcset=\"https:\/\/blogg.svenskakyrkan.se\/vandravagen\/files\/2015\/05\/17-CORTONA-THE-STONING-OF-STEPHEN.jpg 436w, https:\/\/blogg.svenskakyrkan.se\/vandravagen\/files\/2015\/05\/17-CORTONA-THE-STONING-OF-STEPHEN-300x550.jpg 300w, https:\/\/blogg.svenskakyrkan.se\/vandravagen\/files\/2015\/05\/17-CORTONA-THE-STONING-OF-STEPHEN-164x300.jpg 164w\" sizes=\"auto, (max-width: 436px) 100vw, 436px\" \/><\/a><p id=\"caption-attachment-3132\" class=\"wp-caption-text\">Himlen \u00e4r \u00f6ppen \u00f6ver Stefanus<\/p><\/div>\n<p>F\u00f6r n\u00e5gra \u00e5r sedan orsakade neurokirurgen Eben Alexander v\u00e4rldsrubriker genom att h\u00e4vda att himlen fanns p\u00e5 riktigt. Han hade levt hela sitt liv\u00a0med\u00a0en strikt materialistisk syn p\u00e5 v\u00e4rlden men s\u00e5 hamnade han i koma och hade en &#8221;n\u00e4ra-d\u00f6den-upplevelse&#8221;. N\u00e4r han vaknade upp igen gjorde han det med ett helt annat s\u00e4tt att se p\u00e5 tillvaron. Han hade f\u00e5tt erfara det han kallar &#8221;himlen&#8221;. En tillvaro st\u00f6rre och bortom det vi ser.<\/p>\n<div id=\"attachment_3131\" style=\"width: 436px\" class=\"wp-caption aligncenter\"><a href=\"http:\/\/blogg.svenskakyrkan.se\/vandravagen\/files\/2015\/05\/DSC_0609.jpg\"><img loading=\"lazy\" decoding=\"async\" aria-describedby=\"caption-attachment-3131\" class=\"size-full wp-image-3131\" src=\"http:\/\/blogg.svenskakyrkan.se\/vandravagen\/files\/2015\/05\/DSC_0609.jpg\" alt=\"V\u00e4gvisare till himlen\" width=\"426\" height=\"640\" srcset=\"https:\/\/blogg.svenskakyrkan.se\/vandravagen\/files\/2015\/05\/DSC_0609.jpg 426w, https:\/\/blogg.svenskakyrkan.se\/vandravagen\/files\/2015\/05\/DSC_0609-300x451.jpg 300w, https:\/\/blogg.svenskakyrkan.se\/vandravagen\/files\/2015\/05\/DSC_0609-200x300.jpg 200w\" sizes=\"auto, (max-width: 426px) 100vw, 426px\" \/><\/a><p id=\"caption-attachment-3131\" class=\"wp-caption-text\">V\u00e4gvisare till himlen<\/p><\/div>\n<p>Jag har l\u00e4st hans andra bok &#8221;v\u00e4gvisare till himlen&#8221; d\u00e4r han \u00e5terger de ber\u00e4ttelser andra som k\u00e4nt igen sig i hans egen ber\u00e4ttelse ber\u00e4ttat f\u00f6r honom i tro att han kunde f\u00f6rst\u00e5 dem.<\/p>\n<p>Det \u00e4r en mycket intressant bok. Ibland lite utmanande f\u00f6r mig som kristen men som jag f\u00f6rst\u00e5r det \u00e4r det mesta han skriver ganska l\u00e4tt att f\u00f6rena med kristen tro. Det \u00e4r hur som helst v\u00e4l dokumenterat att m\u00e4ngder av m\u00e4nniskor haft n\u00e4ra-d\u00f6denupplevelser eller andra erfarenheter av att st\u00e5 inf\u00f6r en djupare verklighet.<\/p>\n<p>Jag har funderat en del och kommit att t\u00e4nka p\u00e5 en del bibelst\u00e4llen som \u00e4r intressanta i sammanhanget. Framf\u00f6rallt t\u00e4nker jag p\u00e5 vad som kan tolkas som en n\u00e4ra-d\u00f6denupplevelse i nya testamentet:<\/p>\n<blockquote>\n<p>N\u00e4r de h\u00f6rde detta blev de s\u00e5 ursinniga p\u00e5 Stefanos att de skar t\u00e4nder.\u00a0\u00a0Men fylld av helig ande riktade han blicken mot himlen och s\u00e5g Guds h\u00e4rlighet och Jesus som stod p\u00e5 Guds h\u00f6gra sida,\u00a0och han sade: <strong>\u201dJag ser himlen \u00f6ppen och M\u00e4nniskosonen st\u00e5 p\u00e5 Guds h\u00f6gra sida.<\/strong>\u201d\u00a0\u00a0D\u00e5 ropade de h\u00f6gt och h\u00f6ll f\u00f6r \u00f6ronen, och alla st\u00f6rtade sig \u00f6ver honom p\u00e5 en g\u00e5ng\u00a0\u00a0och sl\u00e4pade ut honom ur staden f\u00f6r att stena honom. Vittnena lade sina mantlar framf\u00f6r f\u00f6tterna p\u00e5 en ung man som hette Saul.\u00a0\u00a0<span class=\"selection\">S\u00e5 stenade de Stefanos, som \u00e5kallade Herren och sade: \u201dHerre Jesus, ta emot min ande.\u201d Apg 7:54-59<\/span><\/p>\n<\/blockquote>\n<p>Det \u00e4r diakonen Stefanos som \u00e4r i d\u00f6dsfara efter att ha vittnat om Jesu uppst\u00e5ndelse som ser himlen \u00f6ppen innan han blir d\u00f6dad.<\/p>\n<p>Jag t\u00e4nker ocks\u00e5 p\u00e5 andra tillf\u00e4llen d\u00e5 &#8221;himlen \u00e4r \u00f6ppen&#8221;. Som n\u00e4r Paulus m\u00f6ter Jesus p\u00e5 v\u00e4gen till Damaskus, eller i den h\u00e4r m\u00e4rkliga passagen fr\u00e5n 2 Kor\u00a012:<\/p>\n<blockquote>\n<p>Jag vet en man som lever i Kristus och som f\u00f6r fjorton \u00e5r sedan \u2013 om det nu var med kroppen eller utan den vet jag inte, men Gud vet det \u2013 <strong>han blev i alla fall uppryckt till den tredje himlen.\u00a0\u00a0Och jag vet att den mannen \u2013 om med kroppen eller utan, det vet bara Gud \u2013\u00a0\u00a0blev uppryckt till paradiset och fick h\u00f6ra ord som ingen m\u00e4nniska kan eller f\u00e5r uttala.<\/strong>\u00a0Den mannen vill jag skryta med; med mig sj\u00e4lv vill jag inte skryta, bara med min svaghet. (2 kor 12:2-5)<\/p>\n<\/blockquote>\n<p>H\u00e4r finns ganska stora likheter med de ber\u00e4ttelser Eben Alexander delar. Som jag f\u00f6rst\u00e5tt det s\u00e5 skriver Paulus, trots att han l\u00e5tsas motsatsen, nog \u00e4nd\u00e5 om sig sj\u00e4lv fast han f\u00f6rs\u00f6ker l\u00e5ta bli att skryta med sina erfarenheter.<\/p>\n<p>Andliga erfarenheter f\u00f6rekommer visst oftare \u00e4n man anar och hos de mest skilda m\u00e4nniskor. Och det finns f\u00f6rst\u00e5s m\u00f6nster i upplevelserna, de liknar varandra. Som teolog f\u00e5r man helt enkelt ta det som ett fakta men ocks\u00e5 p\u00e5minna om att hur vi sedan tolkar v\u00e5ra upplevelser beror mycket p\u00e5 v\u00e5r v\u00e4rldsbild i stort.<\/p>\n<p>Vad t\u00e4nker du om n\u00e4ra-d\u00f6denupplevelser och andra liknande fenomen? Skriv en kommentar!<\/p>\n","protected":false},"excerpt":{"rendered":"<p>F\u00f6r n\u00e5gra \u00e5r sedan orsakade neurokirurgen Eben Alexander v\u00e4rldsrubriker genom att h\u00e4vda att himlen fanns p\u00e5 riktigt. Han hade levt hela sitt liv\u00a0med\u00a0en strikt materialistisk syn p\u00e5 v\u00e4rlden men s\u00e5 hamnade han i koma och hade en &#8221;n\u00e4ra-d\u00f6den-upplevelse&#8221;. N\u00e4r han vaknade upp igen gjorde han det med ett helt annat s\u00e4tt att se p\u00e5 tillvaron. [&hellip;]<\/p>\n","protected":false},"author":392,"featured_media":0,"comment_status":"open","ping_status":"open","sticky":false,"template":"","format":"standard","meta":{"_acf_changed":false,"footnotes":""},"categories":[75887,8298,76189],"tags":[],"class_list":["post-3130","post","type-post","status-publish","format-standard","hentry","category-andlighet","category-bibeln","category-dagens-kyrka"],"acf":[],"yoast_head":"<!-- This site is optimized with the Yoast SEO plugin v27.1.1 - https:\/\/yoast.com\/product\/yoast-seo-wordpress\/ -->\n<title>En n\u00e4ra-d\u00f6den-upplevelse i bibeln - Vandra V\u00e4gen<\/title>\n<meta name=\"robots\" content=\"index, follow, max-snippet:-1, max-image-preview:large, max-video-preview:-1\" \/>\n<link rel=\"canonical\" href=\"https:\/\/blogg.svenskakyrkan.se\/vandravagen\/2015\/05\/22\/en-nara-doden-upplevelse-i-bibeln\/\" \/>\n<meta property=\"og:locale\" content=\"sv_SE\" \/>\n<meta property=\"og:type\" content=\"article\" \/>\n<meta property=\"og:title\" content=\"En n\u00e4ra-d\u00f6den-upplevelse i bibeln - Vandra V\u00e4gen\" \/>\n<meta property=\"og:description\" content=\"F\u00f6r n\u00e5gra \u00e5r sedan orsakade neurokirurgen Eben Alexander v\u00e4rldsrubriker genom att h\u00e4vda att himlen fanns p\u00e5 riktigt. Han hade levt hela sitt liv\u00a0med\u00a0en strikt materialistisk syn p\u00e5 v\u00e4rlden men s\u00e5 hamnade han i koma och hade en &#8221;n\u00e4ra-d\u00f6den-upplevelse&#8221;. N\u00e4r han vaknade upp igen gjorde han det med ett helt annat s\u00e4tt att se p\u00e5 tillvaron. [&hellip;]\" \/>\n<meta property=\"og:url\" content=\"https:\/\/blogg.svenskakyrkan.se\/vandravagen\/2015\/05\/22\/en-nara-doden-upplevelse-i-bibeln\/\" \/>\n<meta property=\"og:site_name\" content=\"Vandra V\u00e4gen\" \/>\n<meta property=\"article:publisher\" content=\"http:\/\/facebook.com\/vandravagen\" \/>\n<meta property=\"article:published_time\" content=\"2015-05-22T05:00:12+00:00\" \/>\n<meta property=\"og:image\" content=\"http:\/\/blogg.svenskakyrkan.se\/vandravagen\/files\/2015\/05\/17-CORTONA-THE-STONING-OF-STEPHEN.jpg\" \/>\n<meta name=\"author\" content=\"Tomas Jarvid\" \/>\n<meta name=\"twitter:card\" content=\"summary_large_image\" \/>\n<meta name=\"twitter:creator\" content=\"@fadertomas\" \/>\n<meta name=\"twitter:site\" content=\"@fadertomas\" \/>\n<meta name=\"twitter:label1\" content=\"Skriven av\" \/>\n\t<meta name=\"twitter:data1\" content=\"Tomas Jarvid\" \/>\n\t<meta name=\"twitter:label2\" content=\"Ber\u00e4knad l\u00e4stid\" \/>\n\t<meta name=\"twitter:data2\" content=\"3 minuter\" \/>\n<script type=\"application\/ld+json\" class=\"yoast-schema-graph\">{\"@context\":\"https:\/\/schema.org\",\"@graph\":[{\"@type\":\"Article\",\"@id\":\"https:\/\/blogg.svenskakyrkan.se\/vandravagen\/2015\/05\/22\/en-nara-doden-upplevelse-i-bibeln\/#article\",\"isPartOf\":{\"@id\":\"https:\/\/blogg.svenskakyrkan.se\/vandravagen\/2015\/05\/22\/en-nara-doden-upplevelse-i-bibeln\/\"},\"author\":{\"name\":\"Tomas Jarvid\",\"@id\":\"https:\/\/blogg.svenskakyrkan.se\/vandravagen\/#\/schema\/person\/25da02d4f76b137d04291711e2c9fc16\"},\"headline\":\"En n\u00e4ra-d\u00f6den-upplevelse i bibeln\",\"datePublished\":\"2015-05-22T05:00:12+00:00\",\"mainEntityOfPage\":{\"@id\":\"https:\/\/blogg.svenskakyrkan.se\/vandravagen\/2015\/05\/22\/en-nara-doden-upplevelse-i-bibeln\/\"},\"wordCount\":661,\"commentCount\":19,\"publisher\":{\"@id\":\"https:\/\/blogg.svenskakyrkan.se\/vandravagen\/#organization\"},\"image\":{\"@id\":\"https:\/\/blogg.svenskakyrkan.se\/vandravagen\/2015\/05\/22\/en-nara-doden-upplevelse-i-bibeln\/#primaryimage\"},\"thumbnailUrl\":\"http:\/\/blogg.svenskakyrkan.se\/vandravagen\/files\/2015\/05\/17-CORTONA-THE-STONING-OF-STEPHEN.jpg\",\"articleSection\":[\"andlighet\",\"Bibeln\",\"Dagens Kyrka\"],\"inLanguage\":\"sv-SE\",\"potentialAction\":[{\"@type\":\"CommentAction\",\"name\":\"Comment\",\"target\":[\"https:\/\/blogg.svenskakyrkan.se\/vandravagen\/2015\/05\/22\/en-nara-doden-upplevelse-i-bibeln\/#respond\"]}]},{\"@type\":\"WebPage\",\"@id\":\"https:\/\/blogg.svenskakyrkan.se\/vandravagen\/2015\/05\/22\/en-nara-doden-upplevelse-i-bibeln\/\",\"url\":\"https:\/\/blogg.svenskakyrkan.se\/vandravagen\/2015\/05\/22\/en-nara-doden-upplevelse-i-bibeln\/\",\"name\":\"En n\u00e4ra-d\u00f6den-upplevelse i bibeln - Vandra V\u00e4gen\",\"isPartOf\":{\"@id\":\"https:\/\/blogg.svenskakyrkan.se\/vandravagen\/#website\"},\"primaryImageOfPage\":{\"@id\":\"https:\/\/blogg.svenskakyrkan.se\/vandravagen\/2015\/05\/22\/en-nara-doden-upplevelse-i-bibeln\/#primaryimage\"},\"image\":{\"@id\":\"https:\/\/blogg.svenskakyrkan.se\/vandravagen\/2015\/05\/22\/en-nara-doden-upplevelse-i-bibeln\/#primaryimage\"},\"thumbnailUrl\":\"http:\/\/blogg.svenskakyrkan.se\/vandravagen\/files\/2015\/05\/17-CORTONA-THE-STONING-OF-STEPHEN.jpg\",\"datePublished\":\"2015-05-22T05:00:12+00:00\",\"breadcrumb\":{\"@id\":\"https:\/\/blogg.svenskakyrkan.se\/vandravagen\/2015\/05\/22\/en-nara-doden-upplevelse-i-bibeln\/#breadcrumb\"},\"inLanguage\":\"sv-SE\",\"potentialAction\":[{\"@type\":\"ReadAction\",\"target\":[\"https:\/\/blogg.svenskakyrkan.se\/vandravagen\/2015\/05\/22\/en-nara-doden-upplevelse-i-bibeln\/\"]}]},{\"@type\":\"ImageObject\",\"inLanguage\":\"sv-SE\",\"@id\":\"https:\/\/blogg.svenskakyrkan.se\/vandravagen\/2015\/05\/22\/en-nara-doden-upplevelse-i-bibeln\/#primaryimage\",\"url\":\"http:\/\/blogg.svenskakyrkan.se\/vandravagen\/files\/2015\/05\/17-CORTONA-THE-STONING-OF-STEPHEN.jpg\",\"contentUrl\":\"http:\/\/blogg.svenskakyrkan.se\/vandravagen\/files\/2015\/05\/17-CORTONA-THE-STONING-OF-STEPHEN.jpg\"},{\"@type\":\"BreadcrumbList\",\"@id\":\"https:\/\/blogg.svenskakyrkan.se\/vandravagen\/2015\/05\/22\/en-nara-doden-upplevelse-i-bibeln\/#breadcrumb\",\"itemListElement\":[{\"@type\":\"ListItem\",\"position\":1,\"name\":\"Hem\",\"item\":\"https:\/\/blogg.svenskakyrkan.se\/vandravagen\/\"},{\"@type\":\"ListItem\",\"position\":2,\"name\":\"En n\u00e4ra-d\u00f6den-upplevelse i bibeln\"}]},{\"@type\":\"WebSite\",\"@id\":\"https:\/\/blogg.svenskakyrkan.se\/vandravagen\/#website\",\"url\":\"https:\/\/blogg.svenskakyrkan.se\/vandravagen\/\",\"name\":\"Vandra V\u00e4gen\",\"description\":\"-Mot en tro f\u00f6r hela livet\",\"publisher\":{\"@id\":\"https:\/\/blogg.svenskakyrkan.se\/vandravagen\/#organization\"},\"potentialAction\":[{\"@type\":\"SearchAction\",\"target\":{\"@type\":\"EntryPoint\",\"urlTemplate\":\"https:\/\/blogg.svenskakyrkan.se\/vandravagen\/?s={search_term_string}\"},\"query-input\":{\"@type\":\"PropertyValueSpecification\",\"valueRequired\":true,\"valueName\":\"search_term_string\"}}],\"inLanguage\":\"sv-SE\"},{\"@type\":\"Organization\",\"@id\":\"https:\/\/blogg.svenskakyrkan.se\/vandravagen\/#organization\",\"name\":\"ulricehamns pastorat\",\"alternateName\":\"ulricehamns pastorat\",\"url\":\"https:\/\/blogg.svenskakyrkan.se\/vandravagen\/\",\"logo\":{\"@type\":\"ImageObject\",\"inLanguage\":\"sv-SE\",\"@id\":\"https:\/\/blogg.svenskakyrkan.se\/vandravagen\/#\/schema\/logo\/image\/\",\"url\":\"https:\/\/blogg.svenskakyrkan.se\/vandravagen\/files\/2023\/05\/Ulr_logo_RGB.png\",\"contentUrl\":\"https:\/\/blogg.svenskakyrkan.se\/vandravagen\/files\/2023\/05\/Ulr_logo_RGB.png\",\"width\":205,\"height\":77,\"caption\":\"ulricehamns pastorat\"},\"image\":{\"@id\":\"https:\/\/blogg.svenskakyrkan.se\/vandravagen\/#\/schema\/logo\/image\/\"},\"sameAs\":[\"http:\/\/facebook.com\/vandravagen\",\"https:\/\/x.com\/fadertomas\",\"http:\/\/www.facebook.com\/svenskakyrkaniulricehamn\"]},{\"@type\":\"Person\",\"@id\":\"https:\/\/blogg.svenskakyrkan.se\/vandravagen\/#\/schema\/person\/25da02d4f76b137d04291711e2c9fc16\",\"name\":\"Tomas Jarvid\",\"image\":{\"@type\":\"ImageObject\",\"inLanguage\":\"sv-SE\",\"@id\":\"https:\/\/blogg.svenskakyrkan.se\/vandravagen\/#\/schema\/person\/image\/\",\"url\":\"https:\/\/secure.gravatar.com\/avatar\/7fa71899795e8f540f615a1f5ab25255dc27aa40f05ee7ddd21aac521e01bf50?s=96&d=identicon&r=g\",\"contentUrl\":\"https:\/\/secure.gravatar.com\/avatar\/7fa71899795e8f540f615a1f5ab25255dc27aa40f05ee7ddd21aac521e01bf50?s=96&d=identicon&r=g\",\"caption\":\"Tomas Jarvid\"},\"description\":\"Jag bor i Ulricehamn i V\u00e4sterg\u00f6tland och \u00e4r f\u00f6rsamlingspr\u00e4st i Svenska Kyrkan f\u00f6r Dalstorps f\u00f6rsamling i Kinds pastorat. P\u00e5 den h\u00e4r bloggen skriver jag ner tankar om vandringen som kristen.\",\"sameAs\":[\"http:\/\/www.vandravagen.se\"],\"url\":\"https:\/\/blogg.svenskakyrkan.se\/vandravagen\/author\/vandravagen\/\"}]}<\/script>\n<!-- \/ Yoast SEO plugin. -->","yoast_head_json":{"title":"En n\u00e4ra-d\u00f6den-upplevelse i bibeln - Vandra V\u00e4gen","robots":{"index":"index","follow":"follow","max-snippet":"max-snippet:-1","max-image-preview":"max-image-preview:large","max-video-preview":"max-video-preview:-1"},"canonical":"https:\/\/blogg.svenskakyrkan.se\/vandravagen\/2015\/05\/22\/en-nara-doden-upplevelse-i-bibeln\/","og_locale":"sv_SE","og_type":"article","og_title":"En n\u00e4ra-d\u00f6den-upplevelse i bibeln - Vandra V\u00e4gen","og_description":"F\u00f6r n\u00e5gra \u00e5r sedan orsakade neurokirurgen Eben Alexander v\u00e4rldsrubriker genom att h\u00e4vda att himlen fanns p\u00e5 riktigt. Han hade levt hela sitt liv\u00a0med\u00a0en strikt materialistisk syn p\u00e5 v\u00e4rlden men s\u00e5 hamnade han i koma och hade en &#8221;n\u00e4ra-d\u00f6den-upplevelse&#8221;. N\u00e4r han vaknade upp igen gjorde han det med ett helt annat s\u00e4tt att se p\u00e5 tillvaron. [&hellip;]","og_url":"https:\/\/blogg.svenskakyrkan.se\/vandravagen\/2015\/05\/22\/en-nara-doden-upplevelse-i-bibeln\/","og_site_name":"Vandra V\u00e4gen","article_publisher":"http:\/\/facebook.com\/vandravagen","article_published_time":"2015-05-22T05:00:12+00:00","og_image":[{"url":"http:\/\/blogg.svenskakyrkan.se\/vandravagen\/files\/2015\/05\/17-CORTONA-THE-STONING-OF-STEPHEN.jpg","type":"","width":"","height":""}],"author":"Tomas Jarvid","twitter_card":"summary_large_image","twitter_creator":"@fadertomas","twitter_site":"@fadertomas","twitter_misc":{"Skriven av":"Tomas Jarvid","Ber\u00e4knad l\u00e4stid":"3 minuter"},"schema":{"@context":"https:\/\/schema.org","@graph":[{"@type":"Article","@id":"https:\/\/blogg.svenskakyrkan.se\/vandravagen\/2015\/05\/22\/en-nara-doden-upplevelse-i-bibeln\/#article","isPartOf":{"@id":"https:\/\/blogg.svenskakyrkan.se\/vandravagen\/2015\/05\/22\/en-nara-doden-upplevelse-i-bibeln\/"},"author":{"name":"Tomas Jarvid","@id":"https:\/\/blogg.svenskakyrkan.se\/vandravagen\/#\/schema\/person\/25da02d4f76b137d04291711e2c9fc16"},"headline":"En n\u00e4ra-d\u00f6den-upplevelse i bibeln","datePublished":"2015-05-22T05:00:12+00:00","mainEntityOfPage":{"@id":"https:\/\/blogg.svenskakyrkan.se\/vandravagen\/2015\/05\/22\/en-nara-doden-upplevelse-i-bibeln\/"},"wordCount":661,"commentCount":19,"publisher":{"@id":"https:\/\/blogg.svenskakyrkan.se\/vandravagen\/#organization"},"image":{"@id":"https:\/\/blogg.svenskakyrkan.se\/vandravagen\/2015\/05\/22\/en-nara-doden-upplevelse-i-bibeln\/#primaryimage"},"thumbnailUrl":"http:\/\/blogg.svenskakyrkan.se\/vandravagen\/files\/2015\/05\/17-CORTONA-THE-STONING-OF-STEPHEN.jpg","articleSection":["andlighet","Bibeln","Dagens Kyrka"],"inLanguage":"sv-SE","potentialAction":[{"@type":"CommentAction","name":"Comment","target":["https:\/\/blogg.svenskakyrkan.se\/vandravagen\/2015\/05\/22\/en-nara-doden-upplevelse-i-bibeln\/#respond"]}]},{"@type":"WebPage","@id":"https:\/\/blogg.svenskakyrkan.se\/vandravagen\/2015\/05\/22\/en-nara-doden-upplevelse-i-bibeln\/","url":"https:\/\/blogg.svenskakyrkan.se\/vandravagen\/2015\/05\/22\/en-nara-doden-upplevelse-i-bibeln\/","name":"En n\u00e4ra-d\u00f6den-upplevelse i bibeln - Vandra V\u00e4gen","isPartOf":{"@id":"https:\/\/blogg.svenskakyrkan.se\/vandravagen\/#website"},"primaryImageOfPage":{"@id":"https:\/\/blogg.svenskakyrkan.se\/vandravagen\/2015\/05\/22\/en-nara-doden-upplevelse-i-bibeln\/#primaryimage"},"image":{"@id":"https:\/\/blogg.svenskakyrkan.se\/vandravagen\/2015\/05\/22\/en-nara-doden-upplevelse-i-bibeln\/#primaryimage"},"thumbnailUrl":"http:\/\/blogg.svenskakyrkan.se\/vandravagen\/files\/2015\/05\/17-CORTONA-THE-STONING-OF-STEPHEN.jpg","datePublished":"2015-05-22T05:00:12+00:00","breadcrumb":{"@id":"https:\/\/blogg.svenskakyrkan.se\/vandravagen\/2015\/05\/22\/en-nara-doden-upplevelse-i-bibeln\/#breadcrumb"},"inLanguage":"sv-SE","potentialAction":[{"@type":"ReadAction","target":["https:\/\/blogg.svenskakyrkan.se\/vandravagen\/2015\/05\/22\/en-nara-doden-upplevelse-i-bibeln\/"]}]},{"@type":"ImageObject","inLanguage":"sv-SE","@id":"https:\/\/blogg.svenskakyrkan.se\/vandravagen\/2015\/05\/22\/en-nara-doden-upplevelse-i-bibeln\/#primaryimage","url":"http:\/\/blogg.svenskakyrkan.se\/vandravagen\/files\/2015\/05\/17-CORTONA-THE-STONING-OF-STEPHEN.jpg","contentUrl":"http:\/\/blogg.svenskakyrkan.se\/vandravagen\/files\/2015\/05\/17-CORTONA-THE-STONING-OF-STEPHEN.jpg"},{"@type":"BreadcrumbList","@id":"https:\/\/blogg.svenskakyrkan.se\/vandravagen\/2015\/05\/22\/en-nara-doden-upplevelse-i-bibeln\/#breadcrumb","itemListElement":[{"@type":"ListItem","position":1,"name":"Hem","item":"https:\/\/blogg.svenskakyrkan.se\/vandravagen\/"},{"@type":"ListItem","position":2,"name":"En n\u00e4ra-d\u00f6den-upplevelse i bibeln"}]},{"@type":"WebSite","@id":"https:\/\/blogg.svenskakyrkan.se\/vandravagen\/#website","url":"https:\/\/blogg.svenskakyrkan.se\/vandravagen\/","name":"Vandra V\u00e4gen","description":"-Mot en tro f\u00f6r hela livet","publisher":{"@id":"https:\/\/blogg.svenskakyrkan.se\/vandravagen\/#organization"},"potentialAction":[{"@type":"SearchAction","target":{"@type":"EntryPoint","urlTemplate":"https:\/\/blogg.svenskakyrkan.se\/vandravagen\/?s={search_term_string}"},"query-input":{"@type":"PropertyValueSpecification","valueRequired":true,"valueName":"search_term_string"}}],"inLanguage":"sv-SE"},{"@type":"Organization","@id":"https:\/\/blogg.svenskakyrkan.se\/vandravagen\/#organization","name":"ulricehamns pastorat","alternateName":"ulricehamns pastorat","url":"https:\/\/blogg.svenskakyrkan.se\/vandravagen\/","logo":{"@type":"ImageObject","inLanguage":"sv-SE","@id":"https:\/\/blogg.svenskakyrkan.se\/vandravagen\/#\/schema\/logo\/image\/","url":"https:\/\/blogg.svenskakyrkan.se\/vandravagen\/files\/2023\/05\/Ulr_logo_RGB.png","contentUrl":"https:\/\/blogg.svenskakyrkan.se\/vandravagen\/files\/2023\/05\/Ulr_logo_RGB.png","width":205,"height":77,"caption":"ulricehamns pastorat"},"image":{"@id":"https:\/\/blogg.svenskakyrkan.se\/vandravagen\/#\/schema\/logo\/image\/"},"sameAs":["http:\/\/facebook.com\/vandravagen","https:\/\/x.com\/fadertomas","http:\/\/www.facebook.com\/svenskakyrkaniulricehamn"]},{"@type":"Person","@id":"https:\/\/blogg.svenskakyrkan.se\/vandravagen\/#\/schema\/person\/25da02d4f76b137d04291711e2c9fc16","name":"Tomas Jarvid","image":{"@type":"ImageObject","inLanguage":"sv-SE","@id":"https:\/\/blogg.svenskakyrkan.se\/vandravagen\/#\/schema\/person\/image\/","url":"https:\/\/secure.gravatar.com\/avatar\/7fa71899795e8f540f615a1f5ab25255dc27aa40f05ee7ddd21aac521e01bf50?s=96&d=identicon&r=g","contentUrl":"https:\/\/secure.gravatar.com\/avatar\/7fa71899795e8f540f615a1f5ab25255dc27aa40f05ee7ddd21aac521e01bf50?s=96&d=identicon&r=g","caption":"Tomas Jarvid"},"description":"Jag bor i Ulricehamn i V\u00e4sterg\u00f6tland och \u00e4r f\u00f6rsamlingspr\u00e4st i Svenska Kyrkan f\u00f6r Dalstorps f\u00f6rsamling i Kinds pastorat. P\u00e5 den h\u00e4r bloggen skriver jag ner tankar om vandringen som kristen.","sameAs":["http:\/\/www.vandravagen.se"],"url":"https:\/\/blogg.svenskakyrkan.se\/vandravagen\/author\/vandravagen\/"}]}},"author_meta":{"ID":"392","user_nicename":"vandravagen","user_url":"http:\/\/www.vandravagen.se","user_registered":"2014-05-19 05:44:52","display_name":"Tomas Jarvid","first_name":"Tomas","last_name":"Jarvid","avatar":"https:\/\/secure.gravatar.com\/avatar\/7fa71899795e8f540f615a1f5ab25255dc27aa40f05ee7ddd21aac521e01bf50?s=96&d=identicon&r=g"},"featured_image":false,"bloginfo":{"name":"Vandra V\u00e4gen","url":"https:\/\/blogg.svenskakyrkan.se\/vandravagen"},"_links":{"self":[{"href":"https:\/\/blogg.svenskakyrkan.se\/vandravagen\/wp-json\/wp\/v2\/posts\/3130","targetHints":{"allow":["GET"]}}],"collection":[{"href":"https:\/\/blogg.svenskakyrkan.se\/vandravagen\/wp-json\/wp\/v2\/posts"}],"about":[{"href":"https:\/\/blogg.svenskakyrkan.se\/vandravagen\/wp-json\/wp\/v2\/types\/post"}],"author":[{"embeddable":true,"href":"https:\/\/blogg.svenskakyrkan.se\/vandravagen\/wp-json\/wp\/v2\/users\/392"}],"replies":[{"embeddable":true,"href":"https:\/\/blogg.svenskakyrkan.se\/vandravagen\/wp-json\/wp\/v2\/comments?post=3130"}],"version-history":[{"count":2,"href":"https:\/\/blogg.svenskakyrkan.se\/vandravagen\/wp-json\/wp\/v2\/posts\/3130\/revisions"}],"predecessor-version":[{"id":3134,"href":"https:\/\/blogg.svenskakyrkan.se\/vandravagen\/wp-json\/wp\/v2\/posts\/3130\/revisions\/3134"}],"wp:attachment":[{"href":"https:\/\/blogg.svenskakyrkan.se\/vandravagen\/wp-json\/wp\/v2\/media?parent=3130"}],"wp:term":[{"taxonomy":"category","embeddable":true,"href":"https:\/\/blogg.svenskakyrkan.se\/vandravagen\/wp-json\/wp\/v2\/categories?post=3130"},{"taxonomy":"post_tag","embeddable":true,"href":"https:\/\/blogg.svenskakyrkan.se\/vandravagen\/wp-json\/wp\/v2\/tags?post=3130"}],"curies":[{"name":"wp","href":"https:\/\/api.w.org\/{rel}","templated":true}]}}