{"id":3139,"date":"2015-05-24T07:00:48","date_gmt":"2015-05-24T05:00:48","guid":{"rendered":"http:\/\/blogg.svenskakyrkan.se\/vandravagen\/?p=3139"},"modified":"2015-05-23T20:47:02","modified_gmt":"2015-05-23T18:47:02","slug":"8-blandade-tankar-pa-pingstdagen","status":"publish","type":"post","link":"https:\/\/blogg.svenskakyrkan.se\/vandravagen\/2015\/05\/24\/8-blandade-tankar-pa-pingstdagen\/","title":{"rendered":"8 blandade tankar p\u00e5 pingstdagen"},"content":{"rendered":"<div id=\"attachment_3140\" style=\"width: 437px\" class=\"wp-caption aligncenter\"><a href=\"http:\/\/blogg.svenskakyrkan.se\/vandravagen\/files\/2015\/05\/IMG_5934.jpg\"><img loading=\"lazy\" decoding=\"async\" aria-describedby=\"caption-attachment-3140\" class=\"size-full wp-image-3140\" src=\"http:\/\/blogg.svenskakyrkan.se\/vandravagen\/files\/2015\/05\/IMG_5934.jpg\" alt=\"\u00c4ndrar f\u00f6r nya vindar? Anden har ofta med vind att g\u00f6ra i bibeln.\" width=\"427\" height=\"600\" srcset=\"https:\/\/blogg.svenskakyrkan.se\/vandravagen\/files\/2015\/05\/IMG_5934.jpg 427w, https:\/\/blogg.svenskakyrkan.se\/vandravagen\/files\/2015\/05\/IMG_5934-300x422.jpg 300w, https:\/\/blogg.svenskakyrkan.se\/vandravagen\/files\/2015\/05\/IMG_5934-214x300.jpg 214w\" sizes=\"auto, (max-width: 427px) 100vw, 427px\" \/><\/a><p id=\"caption-attachment-3140\" class=\"wp-caption-text\">\u00c4ndrar f\u00f6r nya vindar? Anden har ofta med vind att g\u00f6ra i bibeln.<\/p><\/div>\n<p>&#8221;De komma fr\u00e5n \u00f6st och v\u00e4st, de komma fr\u00e5n syd och nord, att sitta till bords hos Jesus en g\u00e5ng och h\u00f6ra hans v\u00e4lkomstord&#8221; -s\u00e5 \u00e4r texten till en gammal l\u00e4sarpsalm. Och s\u00e5 \u00e4r det n\u00e5got som faktiskt sker idag i Husaby. Pilgrimer kommer vandrande fr\u00e5n de fyra v\u00e4derstrecken och m\u00f6ts i Husaby d\u00e4r pastoratets enda gudstj\u00e4nst f\u00f6r dagen firas klockan 15.<\/p>\n<p>Det \u00e4r oklart in i det sista om jag kommer hinna fram i tillr\u00e4ckligt god tid om jag \u00e4r med och vandrar. Det \u00e4r ju en del att f\u00f6rbereda p\u00e5 plats i Husaby ocks\u00e5.<\/p>\n<p>Det \u00e4r dagen jag f\u00e5r leda hela &#8221;Husabym\u00e4ssan&#8221; f\u00f6r f\u00f6rsta g\u00e5ngen. Och s\u00e5 \u00e4r det dagen f\u00f6r min avskedspredikan.<\/p>\n<p>Jag \u00e4r egentligen kvar h\u00e4r till sista juli men det vore dumt att f\u00f6rs\u00f6ka dra ihop n\u00e5got slags s\u00e5nt h\u00e4r tillf\u00e4lle mitt i sommaren. Jag ska villigt erk\u00e4nna att jag \u00e4r r\u00e4tt sp\u00e4nd inf\u00f6r dagen men sj\u00e4lva predikan \u00e4r jag inte s\u00e5 orolig f\u00f6r. Mer d\u00e5 en massa saker runtomkring.<\/p>\n<p>Pingsten \u00e4r en s\u00e5n d\u00e4r helg som \u00e4r otroligt stor och viktig i det kristna kyrko\u00e5ret och som h\u00e4ndelse i nya testamentet men som har v\u00e4ldigt oklar inneb\u00f6rd f\u00f6r gemene man. Nu sedan annandag pingst f\u00f6rsvunnit som helgdag \u00e4r det inte ens s\u00e4kert att alla m\u00e4rker att det \u00e4r pingst \u00f6ver huvud taget.<\/p>\n<p>Jag f\u00e5r v\u00e4l ta och l\u00e4gga upp den d\u00e4r avskedspredikan i morgon s\u00e5 f\u00e5r vi se om det blir klarare med inneb\u00f6rden.<\/p>\n<p>N\u00e4r jag s\u00f6ker lite p\u00e5 bloggen om vad jag skrivit om tidigare om pingst s\u00e5 inser jag att jag h\u00e5llit p\u00e5 ett tag nu. Det \u00e4r mycket som redan \u00e4r sagt om man s\u00e4ger s\u00e5.<\/p>\n<p>Jag har f\u00f6rresten smugit ig\u00e5ng lite med att ha statistik till bloggen igen. Det verkar som att ni finns d\u00e4r ute och l\u00e4ser det jag skriver. Det gl\u00e4der mig mycket.<\/p>\n<p>Vad g\u00f6r du idag? Skriv en kommentar!<\/p>\n","protected":false},"excerpt":{"rendered":"<p>&#8221;De komma fr\u00e5n \u00f6st och v\u00e4st, de komma fr\u00e5n syd och nord, att sitta till bords hos Jesus en g\u00e5ng och h\u00f6ra hans v\u00e4lkomstord&#8221; -s\u00e5 \u00e4r texten till en gammal l\u00e4sarpsalm. Och s\u00e5 \u00e4r det n\u00e5got som faktiskt sker idag i Husaby. Pilgrimer kommer vandrande fr\u00e5n de fyra v\u00e4derstrecken och m\u00f6ts i Husaby d\u00e4r pastoratets [&hellip;]<\/p>\n","protected":false},"author":392,"featured_media":0,"comment_status":"open","ping_status":"open","sticky":false,"template":"","format":"standard","meta":{"_acf_changed":false,"footnotes":""},"categories":[76766,76189],"tags":[],"class_list":["post-3139","post","type-post","status-publish","format-standard","hentry","category-blandat","category-dagens-kyrka"],"acf":[],"yoast_head":"<!-- This site is optimized with the Yoast SEO plugin v27.1.1 - https:\/\/yoast.com\/product\/yoast-seo-wordpress\/ -->\n<title>8 blandade tankar p\u00e5 pingstdagen - Vandra V\u00e4gen<\/title>\n<meta name=\"robots\" content=\"index, follow, max-snippet:-1, max-image-preview:large, max-video-preview:-1\" \/>\n<link rel=\"canonical\" href=\"https:\/\/blogg.svenskakyrkan.se\/vandravagen\/2015\/05\/24\/8-blandade-tankar-pa-pingstdagen\/\" \/>\n<meta property=\"og:locale\" content=\"sv_SE\" \/>\n<meta property=\"og:type\" content=\"article\" \/>\n<meta property=\"og:title\" content=\"8 blandade tankar p\u00e5 pingstdagen - Vandra V\u00e4gen\" \/>\n<meta property=\"og:description\" content=\"&#8221;De komma fr\u00e5n \u00f6st och v\u00e4st, de komma fr\u00e5n syd och nord, att sitta till bords hos Jesus en g\u00e5ng och h\u00f6ra hans v\u00e4lkomstord&#8221; -s\u00e5 \u00e4r texten till en gammal l\u00e4sarpsalm. Och s\u00e5 \u00e4r det n\u00e5got som faktiskt sker idag i Husaby. Pilgrimer kommer vandrande fr\u00e5n de fyra v\u00e4derstrecken och m\u00f6ts i Husaby d\u00e4r pastoratets [&hellip;]\" \/>\n<meta property=\"og:url\" content=\"https:\/\/blogg.svenskakyrkan.se\/vandravagen\/2015\/05\/24\/8-blandade-tankar-pa-pingstdagen\/\" \/>\n<meta property=\"og:site_name\" content=\"Vandra V\u00e4gen\" \/>\n<meta property=\"article:publisher\" content=\"http:\/\/facebook.com\/vandravagen\" \/>\n<meta property=\"article:published_time\" content=\"2015-05-24T05:00:48+00:00\" \/>\n<meta property=\"og:image\" content=\"http:\/\/blogg.svenskakyrkan.se\/vandravagen\/files\/2015\/05\/IMG_5934.jpg\" \/>\n<meta name=\"author\" content=\"Tomas Jarvid\" \/>\n<meta name=\"twitter:card\" content=\"summary_large_image\" \/>\n<meta name=\"twitter:creator\" content=\"@fadertomas\" \/>\n<meta name=\"twitter:site\" content=\"@fadertomas\" \/>\n<meta name=\"twitter:label1\" content=\"Skriven av\" \/>\n\t<meta name=\"twitter:data1\" content=\"Tomas Jarvid\" \/>\n\t<meta name=\"twitter:label2\" content=\"Ber\u00e4knad l\u00e4stid\" \/>\n\t<meta name=\"twitter:data2\" content=\"2 minuter\" \/>\n<script type=\"application\/ld+json\" class=\"yoast-schema-graph\">{\"@context\":\"https:\/\/schema.org\",\"@graph\":[{\"@type\":\"Article\",\"@id\":\"https:\/\/blogg.svenskakyrkan.se\/vandravagen\/2015\/05\/24\/8-blandade-tankar-pa-pingstdagen\/#article\",\"isPartOf\":{\"@id\":\"https:\/\/blogg.svenskakyrkan.se\/vandravagen\/2015\/05\/24\/8-blandade-tankar-pa-pingstdagen\/\"},\"author\":{\"name\":\"Tomas Jarvid\",\"@id\":\"https:\/\/blogg.svenskakyrkan.se\/vandravagen\/#\/schema\/person\/25da02d4f76b137d04291711e2c9fc16\"},\"headline\":\"8 blandade tankar p\u00e5 pingstdagen\",\"datePublished\":\"2015-05-24T05:00:48+00:00\",\"mainEntityOfPage\":{\"@id\":\"https:\/\/blogg.svenskakyrkan.se\/vandravagen\/2015\/05\/24\/8-blandade-tankar-pa-pingstdagen\/\"},\"wordCount\":398,\"commentCount\":8,\"publisher\":{\"@id\":\"https:\/\/blogg.svenskakyrkan.se\/vandravagen\/#organization\"},\"image\":{\"@id\":\"https:\/\/blogg.svenskakyrkan.se\/vandravagen\/2015\/05\/24\/8-blandade-tankar-pa-pingstdagen\/#primaryimage\"},\"thumbnailUrl\":\"http:\/\/blogg.svenskakyrkan.se\/vandravagen\/files\/2015\/05\/IMG_5934.jpg\",\"articleSection\":[\"blandat\",\"Dagens Kyrka\"],\"inLanguage\":\"sv-SE\",\"potentialAction\":[{\"@type\":\"CommentAction\",\"name\":\"Comment\",\"target\":[\"https:\/\/blogg.svenskakyrkan.se\/vandravagen\/2015\/05\/24\/8-blandade-tankar-pa-pingstdagen\/#respond\"]}]},{\"@type\":\"WebPage\",\"@id\":\"https:\/\/blogg.svenskakyrkan.se\/vandravagen\/2015\/05\/24\/8-blandade-tankar-pa-pingstdagen\/\",\"url\":\"https:\/\/blogg.svenskakyrkan.se\/vandravagen\/2015\/05\/24\/8-blandade-tankar-pa-pingstdagen\/\",\"name\":\"8 blandade tankar p\u00e5 pingstdagen - Vandra V\u00e4gen\",\"isPartOf\":{\"@id\":\"https:\/\/blogg.svenskakyrkan.se\/vandravagen\/#website\"},\"primaryImageOfPage\":{\"@id\":\"https:\/\/blogg.svenskakyrkan.se\/vandravagen\/2015\/05\/24\/8-blandade-tankar-pa-pingstdagen\/#primaryimage\"},\"image\":{\"@id\":\"https:\/\/blogg.svenskakyrkan.se\/vandravagen\/2015\/05\/24\/8-blandade-tankar-pa-pingstdagen\/#primaryimage\"},\"thumbnailUrl\":\"http:\/\/blogg.svenskakyrkan.se\/vandravagen\/files\/2015\/05\/IMG_5934.jpg\",\"datePublished\":\"2015-05-24T05:00:48+00:00\",\"breadcrumb\":{\"@id\":\"https:\/\/blogg.svenskakyrkan.se\/vandravagen\/2015\/05\/24\/8-blandade-tankar-pa-pingstdagen\/#breadcrumb\"},\"inLanguage\":\"sv-SE\",\"potentialAction\":[{\"@type\":\"ReadAction\",\"target\":[\"https:\/\/blogg.svenskakyrkan.se\/vandravagen\/2015\/05\/24\/8-blandade-tankar-pa-pingstdagen\/\"]}]},{\"@type\":\"ImageObject\",\"inLanguage\":\"sv-SE\",\"@id\":\"https:\/\/blogg.svenskakyrkan.se\/vandravagen\/2015\/05\/24\/8-blandade-tankar-pa-pingstdagen\/#primaryimage\",\"url\":\"http:\/\/blogg.svenskakyrkan.se\/vandravagen\/files\/2015\/05\/IMG_5934.jpg\",\"contentUrl\":\"http:\/\/blogg.svenskakyrkan.se\/vandravagen\/files\/2015\/05\/IMG_5934.jpg\"},{\"@type\":\"BreadcrumbList\",\"@id\":\"https:\/\/blogg.svenskakyrkan.se\/vandravagen\/2015\/05\/24\/8-blandade-tankar-pa-pingstdagen\/#breadcrumb\",\"itemListElement\":[{\"@type\":\"ListItem\",\"position\":1,\"name\":\"Hem\",\"item\":\"https:\/\/blogg.svenskakyrkan.se\/vandravagen\/\"},{\"@type\":\"ListItem\",\"position\":2,\"name\":\"8 blandade tankar p\u00e5 pingstdagen\"}]},{\"@type\":\"WebSite\",\"@id\":\"https:\/\/blogg.svenskakyrkan.se\/vandravagen\/#website\",\"url\":\"https:\/\/blogg.svenskakyrkan.se\/vandravagen\/\",\"name\":\"Vandra V\u00e4gen\",\"description\":\"-Mot en tro f\u00f6r hela livet\",\"publisher\":{\"@id\":\"https:\/\/blogg.svenskakyrkan.se\/vandravagen\/#organization\"},\"potentialAction\":[{\"@type\":\"SearchAction\",\"target\":{\"@type\":\"EntryPoint\",\"urlTemplate\":\"https:\/\/blogg.svenskakyrkan.se\/vandravagen\/?s={search_term_string}\"},\"query-input\":{\"@type\":\"PropertyValueSpecification\",\"valueRequired\":true,\"valueName\":\"search_term_string\"}}],\"inLanguage\":\"sv-SE\"},{\"@type\":\"Organization\",\"@id\":\"https:\/\/blogg.svenskakyrkan.se\/vandravagen\/#organization\",\"name\":\"ulricehamns pastorat\",\"alternateName\":\"ulricehamns pastorat\",\"url\":\"https:\/\/blogg.svenskakyrkan.se\/vandravagen\/\",\"logo\":{\"@type\":\"ImageObject\",\"inLanguage\":\"sv-SE\",\"@id\":\"https:\/\/blogg.svenskakyrkan.se\/vandravagen\/#\/schema\/logo\/image\/\",\"url\":\"https:\/\/blogg.svenskakyrkan.se\/vandravagen\/files\/2023\/05\/Ulr_logo_RGB.png\",\"contentUrl\":\"https:\/\/blogg.svenskakyrkan.se\/vandravagen\/files\/2023\/05\/Ulr_logo_RGB.png\",\"width\":205,\"height\":77,\"caption\":\"ulricehamns pastorat\"},\"image\":{\"@id\":\"https:\/\/blogg.svenskakyrkan.se\/vandravagen\/#\/schema\/logo\/image\/\"},\"sameAs\":[\"http:\/\/facebook.com\/vandravagen\",\"https:\/\/x.com\/fadertomas\",\"http:\/\/www.facebook.com\/svenskakyrkaniulricehamn\"]},{\"@type\":\"Person\",\"@id\":\"https:\/\/blogg.svenskakyrkan.se\/vandravagen\/#\/schema\/person\/25da02d4f76b137d04291711e2c9fc16\",\"name\":\"Tomas Jarvid\",\"image\":{\"@type\":\"ImageObject\",\"inLanguage\":\"sv-SE\",\"@id\":\"https:\/\/blogg.svenskakyrkan.se\/vandravagen\/#\/schema\/person\/image\/\",\"url\":\"https:\/\/secure.gravatar.com\/avatar\/7fa71899795e8f540f615a1f5ab25255dc27aa40f05ee7ddd21aac521e01bf50?s=96&d=identicon&r=g\",\"contentUrl\":\"https:\/\/secure.gravatar.com\/avatar\/7fa71899795e8f540f615a1f5ab25255dc27aa40f05ee7ddd21aac521e01bf50?s=96&d=identicon&r=g\",\"caption\":\"Tomas Jarvid\"},\"description\":\"Jag bor i Ulricehamn i V\u00e4sterg\u00f6tland och \u00e4r f\u00f6rsamlingspr\u00e4st i Svenska Kyrkan f\u00f6r Dalstorps f\u00f6rsamling i Kinds pastorat. P\u00e5 den h\u00e4r bloggen skriver jag ner tankar om vandringen som kristen.\",\"sameAs\":[\"http:\/\/www.vandravagen.se\"],\"url\":\"https:\/\/blogg.svenskakyrkan.se\/vandravagen\/author\/vandravagen\/\"}]}<\/script>\n<!-- \/ Yoast SEO plugin. -->","yoast_head_json":{"title":"8 blandade tankar p\u00e5 pingstdagen - Vandra V\u00e4gen","robots":{"index":"index","follow":"follow","max-snippet":"max-snippet:-1","max-image-preview":"max-image-preview:large","max-video-preview":"max-video-preview:-1"},"canonical":"https:\/\/blogg.svenskakyrkan.se\/vandravagen\/2015\/05\/24\/8-blandade-tankar-pa-pingstdagen\/","og_locale":"sv_SE","og_type":"article","og_title":"8 blandade tankar p\u00e5 pingstdagen - Vandra V\u00e4gen","og_description":"&#8221;De komma fr\u00e5n \u00f6st och v\u00e4st, de komma fr\u00e5n syd och nord, att sitta till bords hos Jesus en g\u00e5ng och h\u00f6ra hans v\u00e4lkomstord&#8221; -s\u00e5 \u00e4r texten till en gammal l\u00e4sarpsalm. Och s\u00e5 \u00e4r det n\u00e5got som faktiskt sker idag i Husaby. Pilgrimer kommer vandrande fr\u00e5n de fyra v\u00e4derstrecken och m\u00f6ts i Husaby d\u00e4r pastoratets [&hellip;]","og_url":"https:\/\/blogg.svenskakyrkan.se\/vandravagen\/2015\/05\/24\/8-blandade-tankar-pa-pingstdagen\/","og_site_name":"Vandra V\u00e4gen","article_publisher":"http:\/\/facebook.com\/vandravagen","article_published_time":"2015-05-24T05:00:48+00:00","og_image":[{"url":"http:\/\/blogg.svenskakyrkan.se\/vandravagen\/files\/2015\/05\/IMG_5934.jpg","type":"","width":"","height":""}],"author":"Tomas Jarvid","twitter_card":"summary_large_image","twitter_creator":"@fadertomas","twitter_site":"@fadertomas","twitter_misc":{"Skriven av":"Tomas Jarvid","Ber\u00e4knad l\u00e4stid":"2 minuter"},"schema":{"@context":"https:\/\/schema.org","@graph":[{"@type":"Article","@id":"https:\/\/blogg.svenskakyrkan.se\/vandravagen\/2015\/05\/24\/8-blandade-tankar-pa-pingstdagen\/#article","isPartOf":{"@id":"https:\/\/blogg.svenskakyrkan.se\/vandravagen\/2015\/05\/24\/8-blandade-tankar-pa-pingstdagen\/"},"author":{"name":"Tomas Jarvid","@id":"https:\/\/blogg.svenskakyrkan.se\/vandravagen\/#\/schema\/person\/25da02d4f76b137d04291711e2c9fc16"},"headline":"8 blandade tankar p\u00e5 pingstdagen","datePublished":"2015-05-24T05:00:48+00:00","mainEntityOfPage":{"@id":"https:\/\/blogg.svenskakyrkan.se\/vandravagen\/2015\/05\/24\/8-blandade-tankar-pa-pingstdagen\/"},"wordCount":398,"commentCount":8,"publisher":{"@id":"https:\/\/blogg.svenskakyrkan.se\/vandravagen\/#organization"},"image":{"@id":"https:\/\/blogg.svenskakyrkan.se\/vandravagen\/2015\/05\/24\/8-blandade-tankar-pa-pingstdagen\/#primaryimage"},"thumbnailUrl":"http:\/\/blogg.svenskakyrkan.se\/vandravagen\/files\/2015\/05\/IMG_5934.jpg","articleSection":["blandat","Dagens Kyrka"],"inLanguage":"sv-SE","potentialAction":[{"@type":"CommentAction","name":"Comment","target":["https:\/\/blogg.svenskakyrkan.se\/vandravagen\/2015\/05\/24\/8-blandade-tankar-pa-pingstdagen\/#respond"]}]},{"@type":"WebPage","@id":"https:\/\/blogg.svenskakyrkan.se\/vandravagen\/2015\/05\/24\/8-blandade-tankar-pa-pingstdagen\/","url":"https:\/\/blogg.svenskakyrkan.se\/vandravagen\/2015\/05\/24\/8-blandade-tankar-pa-pingstdagen\/","name":"8 blandade tankar p\u00e5 pingstdagen - Vandra V\u00e4gen","isPartOf":{"@id":"https:\/\/blogg.svenskakyrkan.se\/vandravagen\/#website"},"primaryImageOfPage":{"@id":"https:\/\/blogg.svenskakyrkan.se\/vandravagen\/2015\/05\/24\/8-blandade-tankar-pa-pingstdagen\/#primaryimage"},"image":{"@id":"https:\/\/blogg.svenskakyrkan.se\/vandravagen\/2015\/05\/24\/8-blandade-tankar-pa-pingstdagen\/#primaryimage"},"thumbnailUrl":"http:\/\/blogg.svenskakyrkan.se\/vandravagen\/files\/2015\/05\/IMG_5934.jpg","datePublished":"2015-05-24T05:00:48+00:00","breadcrumb":{"@id":"https:\/\/blogg.svenskakyrkan.se\/vandravagen\/2015\/05\/24\/8-blandade-tankar-pa-pingstdagen\/#breadcrumb"},"inLanguage":"sv-SE","potentialAction":[{"@type":"ReadAction","target":["https:\/\/blogg.svenskakyrkan.se\/vandravagen\/2015\/05\/24\/8-blandade-tankar-pa-pingstdagen\/"]}]},{"@type":"ImageObject","inLanguage":"sv-SE","@id":"https:\/\/blogg.svenskakyrkan.se\/vandravagen\/2015\/05\/24\/8-blandade-tankar-pa-pingstdagen\/#primaryimage","url":"http:\/\/blogg.svenskakyrkan.se\/vandravagen\/files\/2015\/05\/IMG_5934.jpg","contentUrl":"http:\/\/blogg.svenskakyrkan.se\/vandravagen\/files\/2015\/05\/IMG_5934.jpg"},{"@type":"BreadcrumbList","@id":"https:\/\/blogg.svenskakyrkan.se\/vandravagen\/2015\/05\/24\/8-blandade-tankar-pa-pingstdagen\/#breadcrumb","itemListElement":[{"@type":"ListItem","position":1,"name":"Hem","item":"https:\/\/blogg.svenskakyrkan.se\/vandravagen\/"},{"@type":"ListItem","position":2,"name":"8 blandade tankar p\u00e5 pingstdagen"}]},{"@type":"WebSite","@id":"https:\/\/blogg.svenskakyrkan.se\/vandravagen\/#website","url":"https:\/\/blogg.svenskakyrkan.se\/vandravagen\/","name":"Vandra V\u00e4gen","description":"-Mot en tro f\u00f6r hela livet","publisher":{"@id":"https:\/\/blogg.svenskakyrkan.se\/vandravagen\/#organization"},"potentialAction":[{"@type":"SearchAction","target":{"@type":"EntryPoint","urlTemplate":"https:\/\/blogg.svenskakyrkan.se\/vandravagen\/?s={search_term_string}"},"query-input":{"@type":"PropertyValueSpecification","valueRequired":true,"valueName":"search_term_string"}}],"inLanguage":"sv-SE"},{"@type":"Organization","@id":"https:\/\/blogg.svenskakyrkan.se\/vandravagen\/#organization","name":"ulricehamns pastorat","alternateName":"ulricehamns pastorat","url":"https:\/\/blogg.svenskakyrkan.se\/vandravagen\/","logo":{"@type":"ImageObject","inLanguage":"sv-SE","@id":"https:\/\/blogg.svenskakyrkan.se\/vandravagen\/#\/schema\/logo\/image\/","url":"https:\/\/blogg.svenskakyrkan.se\/vandravagen\/files\/2023\/05\/Ulr_logo_RGB.png","contentUrl":"https:\/\/blogg.svenskakyrkan.se\/vandravagen\/files\/2023\/05\/Ulr_logo_RGB.png","width":205,"height":77,"caption":"ulricehamns pastorat"},"image":{"@id":"https:\/\/blogg.svenskakyrkan.se\/vandravagen\/#\/schema\/logo\/image\/"},"sameAs":["http:\/\/facebook.com\/vandravagen","https:\/\/x.com\/fadertomas","http:\/\/www.facebook.com\/svenskakyrkaniulricehamn"]},{"@type":"Person","@id":"https:\/\/blogg.svenskakyrkan.se\/vandravagen\/#\/schema\/person\/25da02d4f76b137d04291711e2c9fc16","name":"Tomas Jarvid","image":{"@type":"ImageObject","inLanguage":"sv-SE","@id":"https:\/\/blogg.svenskakyrkan.se\/vandravagen\/#\/schema\/person\/image\/","url":"https:\/\/secure.gravatar.com\/avatar\/7fa71899795e8f540f615a1f5ab25255dc27aa40f05ee7ddd21aac521e01bf50?s=96&d=identicon&r=g","contentUrl":"https:\/\/secure.gravatar.com\/avatar\/7fa71899795e8f540f615a1f5ab25255dc27aa40f05ee7ddd21aac521e01bf50?s=96&d=identicon&r=g","caption":"Tomas Jarvid"},"description":"Jag bor i Ulricehamn i V\u00e4sterg\u00f6tland och \u00e4r f\u00f6rsamlingspr\u00e4st i Svenska Kyrkan f\u00f6r Dalstorps f\u00f6rsamling i Kinds pastorat. P\u00e5 den h\u00e4r bloggen skriver jag ner tankar om vandringen som kristen.","sameAs":["http:\/\/www.vandravagen.se"],"url":"https:\/\/blogg.svenskakyrkan.se\/vandravagen\/author\/vandravagen\/"}]}},"author_meta":{"ID":"392","user_nicename":"vandravagen","user_url":"http:\/\/www.vandravagen.se","user_registered":"2014-05-19 05:44:52","display_name":"Tomas Jarvid","first_name":"Tomas","last_name":"Jarvid","avatar":"https:\/\/secure.gravatar.com\/avatar\/7fa71899795e8f540f615a1f5ab25255dc27aa40f05ee7ddd21aac521e01bf50?s=96&d=identicon&r=g"},"featured_image":false,"bloginfo":{"name":"Vandra V\u00e4gen","url":"https:\/\/blogg.svenskakyrkan.se\/vandravagen"},"_links":{"self":[{"href":"https:\/\/blogg.svenskakyrkan.se\/vandravagen\/wp-json\/wp\/v2\/posts\/3139","targetHints":{"allow":["GET"]}}],"collection":[{"href":"https:\/\/blogg.svenskakyrkan.se\/vandravagen\/wp-json\/wp\/v2\/posts"}],"about":[{"href":"https:\/\/blogg.svenskakyrkan.se\/vandravagen\/wp-json\/wp\/v2\/types\/post"}],"author":[{"embeddable":true,"href":"https:\/\/blogg.svenskakyrkan.se\/vandravagen\/wp-json\/wp\/v2\/users\/392"}],"replies":[{"embeddable":true,"href":"https:\/\/blogg.svenskakyrkan.se\/vandravagen\/wp-json\/wp\/v2\/comments?post=3139"}],"version-history":[{"count":1,"href":"https:\/\/blogg.svenskakyrkan.se\/vandravagen\/wp-json\/wp\/v2\/posts\/3139\/revisions"}],"predecessor-version":[{"id":3141,"href":"https:\/\/blogg.svenskakyrkan.se\/vandravagen\/wp-json\/wp\/v2\/posts\/3139\/revisions\/3141"}],"wp:attachment":[{"href":"https:\/\/blogg.svenskakyrkan.se\/vandravagen\/wp-json\/wp\/v2\/media?parent=3139"}],"wp:term":[{"taxonomy":"category","embeddable":true,"href":"https:\/\/blogg.svenskakyrkan.se\/vandravagen\/wp-json\/wp\/v2\/categories?post=3139"},{"taxonomy":"post_tag","embeddable":true,"href":"https:\/\/blogg.svenskakyrkan.se\/vandravagen\/wp-json\/wp\/v2\/tags?post=3139"}],"curies":[{"name":"wp","href":"https:\/\/api.w.org\/{rel}","templated":true}]}}