{"id":3142,"date":"2015-06-02T07:00:00","date_gmt":"2015-06-02T05:00:00","guid":{"rendered":"http:\/\/blogg.svenskakyrkan.se\/vandravagen\/?p=3142"},"modified":"2015-06-01T21:50:17","modified_gmt":"2015-06-01T19:50:17","slug":"joda-jesus-har-funnits-pa-riktigt","status":"publish","type":"post","link":"https:\/\/blogg.svenskakyrkan.se\/vandravagen\/2015\/06\/02\/joda-jesus-har-funnits-pa-riktigt\/","title":{"rendered":"Jod\u00e5, Jesus har funnits p\u00e5 riktigt"},"content":{"rendered":"<div id=\"attachment_3191\" style=\"width: 594px\" class=\"wp-caption aligncenter\"><a href=\"http:\/\/blogg.svenskakyrkan.se\/vandravagen\/files\/2015\/06\/IMG_5851.jpg\"><img loading=\"lazy\" decoding=\"async\" aria-describedby=\"caption-attachment-3191\" class=\"size-large wp-image-3191\" src=\"http:\/\/blogg.svenskakyrkan.se\/vandravagen\/files\/2015\/06\/IMG_5851-1024x1024.jpg\" alt=\"Jesus och dj\u00e4vulen p\u00e5 ett surrealistiskt berg. Berget finns nog inte men Jesus d\u00e4remot.\" width=\"584\" height=\"584\" srcset=\"https:\/\/blogg.svenskakyrkan.se\/vandravagen\/files\/2015\/06\/IMG_5851.jpg 1024w, https:\/\/blogg.svenskakyrkan.se\/vandravagen\/files\/2015\/06\/IMG_5851-150x150.jpg 150w, https:\/\/blogg.svenskakyrkan.se\/vandravagen\/files\/2015\/06\/IMG_5851-300x300.jpg 300w\" sizes=\"auto, (max-width: 584px) 100vw, 584px\" \/><\/a><p id=\"caption-attachment-3191\" class=\"wp-caption-text\">Jesus och dj\u00e4vulen p\u00e5 ett surrealistiskt berg. Berget finns nog inte men Jesus d\u00e4remot.<\/p><\/div>\n<p>Om n\u00e5gon pratar om ifall Jesus &#8221;har funnits&#8221; s\u00e5 \u00e4r min f\u00f6rsta inv\u00e4ndning som kristen snarare att som vi ser det \u00e4r svaret<\/p>\n<blockquote>\n<p>&#8221;inte nog med det, han finns fortfarande eftersom han \u00e4r uppst\u00e5nden&#8221; (kristet svar)<\/p>\n<\/blockquote>\n<p>F\u00f6r ett tag sedan blev jag uppm\u00e4rksammad p\u00e5 att svaret tydligen inte \u00e4r lika sj\u00e4lvklart f\u00f6r alla. Jag vill fr\u00e5n f\u00f6rsta b\u00f6rjan betona att det <strong>f\u00f6rmodligen inte finns en enda historiker idag som betvivlar att Jesus funnits<\/strong>. Huruvida han finns idag \u00e4r alla f\u00f6rst\u00e5s v\u00e4ldigt oense om men Jesu historicitet \u00e4r b\u00e4ttre belagd \u00e4n n\u00e4stan alla andra historiska personer i antiken.<\/p>\n<p>Jag testade att googla lite och det r\u00e4ckte att skriva &#8221;fanns&#8221; f\u00f6r att f\u00e5 upp Jesus som f\u00f6rsta s\u00f6kalternativ:<\/p>\n<p><a href=\"http:\/\/blogg.svenskakyrkan.se\/vandravagen\/files\/2015\/05\/Sk\u00e4rmavbild-2015-05-26-kl.-12.58.31.png\"><img loading=\"lazy\" decoding=\"async\" class=\"aligncenter size-full wp-image-3189\" src=\"http:\/\/blogg.svenskakyrkan.se\/vandravagen\/files\/2015\/05\/Sk\u00e4rmavbild-2015-05-26-kl.-12.58.31.png\" alt=\"Sk\u00e4rmavbild 2015-05-26 kl. 12.58.31\" width=\"212\" height=\"148\" \/><\/a><\/p>\n<p>Och om man s\u00f6ker p\u00e5 &#8221;har Jesus&#8230;&#8221; s\u00e5 dominerade ocks\u00e5 Jesus existens s\u00f6kf\u00f6rslagen:<\/p>\n<p><a href=\"http:\/\/blogg.svenskakyrkan.se\/vandravagen\/files\/2015\/05\/Sk\u00e4rmavbild-2015-05-26-kl.-12.58.20.png\"><img loading=\"lazy\" decoding=\"async\" class=\"aligncenter size-full wp-image-3190\" src=\"http:\/\/blogg.svenskakyrkan.se\/vandravagen\/files\/2015\/05\/Sk\u00e4rmavbild-2015-05-26-kl.-12.58.20.png\" alt=\"Sk\u00e4rmavbild 2015-05-26 kl. 12.58.20\" width=\"343\" height=\"171\" srcset=\"https:\/\/blogg.svenskakyrkan.se\/vandravagen\/files\/2015\/05\/Sk\u00e4rmavbild-2015-05-26-kl.-12.58.20.png 343w, https:\/\/blogg.svenskakyrkan.se\/vandravagen\/files\/2015\/05\/Sk\u00e4rmavbild-2015-05-26-kl.-12.58.20-300x150.png 300w\" sizes=\"auto, (max-width: 343px) 100vw, 343px\" \/><\/a><\/p>\n<p>Nu vet jag ju att om man \u00e4r konspiratoriskt lagd s\u00e5 tycker man inte mina ord \u00e4r n\u00e5got v\u00e4rda i den h\u00e4r fr\u00e5gan utan t\u00e4nker att jag ju som pr\u00e4st \u00e4r del i den stora konspirationen med att lura i folk en massa dumheter f\u00f6r v\u00e5ra egna dunkla syften. Men jag rekommenderar i s\u00e5 fall att man tar en titt p\u00e5 n\u00e5got skrivet av en riktig historiker och inte tror p\u00e5 allt som st\u00e5r p\u00e5 internet. L\u00e4s till exempel <a href=\"https:\/\/www.adlibris.com\/se\/bok\/the-historical-figure-of-jesus-9780140144994\">den h\u00e4r torra och tr\u00e5kiga boken av E.P. Sanders<\/a>. Han har en r\u00e4tt minimalistisk inst\u00e4llning till vad vi kan veta om Jesu liv men det skulle \u00e4nd\u00e5 aldrig falla honom in att bestrida Jesu existens.<\/p>\n<p>S\u00e5. Nu har jag kanske varit dagens \u00e5sna och slagit in \u00f6ppna d\u00f6rrar f\u00f6r alla mina vanliga l\u00e4sare och \u00e4nd\u00e5 inte \u00f6vertygat n\u00e5gon verkligt skeptisk. Men det \u00e4r \u00e4nd\u00e5 b\u00e4ttre \u00e4n att h\u00e5lla tyst. Jag minns ett tv-program f\u00f6r l\u00e4nge sedan d\u00e4r n\u00e5gon som hade skrivit en bok om att Jesus inte funnits blev v\u00e4ldigt vagt bem\u00f6tt av pr\u00e4sten som man kunde f\u00f6rv\u00e4nta skulle ge svar p\u00e5 tal. Om den kristna ber\u00e4ttelsen om Jesus inte har n\u00e5gon historisk k\u00e4rna i sig inneb\u00e4r det i min f\u00f6rst\u00e5else att dess sanningsanspr\u00e5k ocks\u00e5 blir helt orimliga.<\/p>\n","protected":false},"excerpt":{"rendered":"<p>Om n\u00e5gon pratar om ifall Jesus &#8221;har funnits&#8221; s\u00e5 \u00e4r min f\u00f6rsta inv\u00e4ndning som kristen snarare att som vi ser det \u00e4r svaret &#8221;inte nog med det, han finns fortfarande eftersom han \u00e4r uppst\u00e5nden&#8221; (kristet svar) F\u00f6r ett tag sedan blev jag uppm\u00e4rksammad p\u00e5 att svaret tydligen inte \u00e4r lika sj\u00e4lvklart f\u00f6r alla. Jag vill [&hellip;]<\/p>\n","protected":false},"author":392,"featured_media":0,"comment_status":"open","ping_status":"open","sticky":false,"template":"","format":"standard","meta":{"_acf_changed":false,"footnotes":""},"categories":[76766,76189],"tags":[],"class_list":["post-3142","post","type-post","status-publish","format-standard","hentry","category-blandat","category-dagens-kyrka"],"acf":[],"yoast_head":"<!-- This site is optimized with the Yoast SEO plugin v27.1.1 - https:\/\/yoast.com\/product\/yoast-seo-wordpress\/ -->\n<title>Jod\u00e5, Jesus har funnits p\u00e5 riktigt - Vandra V\u00e4gen<\/title>\n<meta name=\"robots\" content=\"index, follow, max-snippet:-1, max-image-preview:large, max-video-preview:-1\" \/>\n<link rel=\"canonical\" href=\"https:\/\/blogg.svenskakyrkan.se\/vandravagen\/2015\/06\/02\/joda-jesus-har-funnits-pa-riktigt\/\" \/>\n<meta property=\"og:locale\" content=\"sv_SE\" \/>\n<meta property=\"og:type\" content=\"article\" \/>\n<meta property=\"og:title\" content=\"Jod\u00e5, Jesus har funnits p\u00e5 riktigt - Vandra V\u00e4gen\" \/>\n<meta property=\"og:description\" content=\"Om n\u00e5gon pratar om ifall Jesus &#8221;har funnits&#8221; s\u00e5 \u00e4r min f\u00f6rsta inv\u00e4ndning som kristen snarare att som vi ser det \u00e4r svaret &#8221;inte nog med det, han finns fortfarande eftersom han \u00e4r uppst\u00e5nden&#8221; (kristet svar) F\u00f6r ett tag sedan blev jag uppm\u00e4rksammad p\u00e5 att svaret tydligen inte \u00e4r lika sj\u00e4lvklart f\u00f6r alla. Jag vill [&hellip;]\" \/>\n<meta property=\"og:url\" content=\"https:\/\/blogg.svenskakyrkan.se\/vandravagen\/2015\/06\/02\/joda-jesus-har-funnits-pa-riktigt\/\" \/>\n<meta property=\"og:site_name\" content=\"Vandra V\u00e4gen\" \/>\n<meta property=\"article:publisher\" content=\"http:\/\/facebook.com\/vandravagen\" \/>\n<meta property=\"article:published_time\" content=\"2015-06-02T05:00:00+00:00\" \/>\n<meta property=\"og:image\" content=\"http:\/\/blogg.svenskakyrkan.se\/vandravagen\/files\/2015\/06\/IMG_5851-1024x1024.jpg\" \/>\n<meta name=\"author\" content=\"Tomas Jarvid\" \/>\n<meta name=\"twitter:card\" content=\"summary_large_image\" \/>\n<meta name=\"twitter:creator\" content=\"@fadertomas\" \/>\n<meta name=\"twitter:site\" content=\"@fadertomas\" \/>\n<meta name=\"twitter:label1\" content=\"Skriven av\" \/>\n\t<meta name=\"twitter:data1\" content=\"Tomas Jarvid\" \/>\n\t<meta name=\"twitter:label2\" content=\"Ber\u00e4knad l\u00e4stid\" \/>\n\t<meta name=\"twitter:data2\" content=\"2 minuter\" \/>\n<script type=\"application\/ld+json\" class=\"yoast-schema-graph\">{\"@context\":\"https:\/\/schema.org\",\"@graph\":[{\"@type\":\"Article\",\"@id\":\"https:\/\/blogg.svenskakyrkan.se\/vandravagen\/2015\/06\/02\/joda-jesus-har-funnits-pa-riktigt\/#article\",\"isPartOf\":{\"@id\":\"https:\/\/blogg.svenskakyrkan.se\/vandravagen\/2015\/06\/02\/joda-jesus-har-funnits-pa-riktigt\/\"},\"author\":{\"name\":\"Tomas Jarvid\",\"@id\":\"https:\/\/blogg.svenskakyrkan.se\/vandravagen\/#\/schema\/person\/25da02d4f76b137d04291711e2c9fc16\"},\"headline\":\"Jod\u00e5, Jesus har funnits p\u00e5 riktigt\",\"datePublished\":\"2015-06-02T05:00:00+00:00\",\"mainEntityOfPage\":{\"@id\":\"https:\/\/blogg.svenskakyrkan.se\/vandravagen\/2015\/06\/02\/joda-jesus-har-funnits-pa-riktigt\/\"},\"wordCount\":427,\"commentCount\":18,\"publisher\":{\"@id\":\"https:\/\/blogg.svenskakyrkan.se\/vandravagen\/#organization\"},\"image\":{\"@id\":\"https:\/\/blogg.svenskakyrkan.se\/vandravagen\/2015\/06\/02\/joda-jesus-har-funnits-pa-riktigt\/#primaryimage\"},\"thumbnailUrl\":\"http:\/\/blogg.svenskakyrkan.se\/vandravagen\/files\/2015\/06\/IMG_5851-1024x1024.jpg\",\"articleSection\":[\"blandat\",\"Dagens Kyrka\"],\"inLanguage\":\"sv-SE\",\"potentialAction\":[{\"@type\":\"CommentAction\",\"name\":\"Comment\",\"target\":[\"https:\/\/blogg.svenskakyrkan.se\/vandravagen\/2015\/06\/02\/joda-jesus-har-funnits-pa-riktigt\/#respond\"]}]},{\"@type\":\"WebPage\",\"@id\":\"https:\/\/blogg.svenskakyrkan.se\/vandravagen\/2015\/06\/02\/joda-jesus-har-funnits-pa-riktigt\/\",\"url\":\"https:\/\/blogg.svenskakyrkan.se\/vandravagen\/2015\/06\/02\/joda-jesus-har-funnits-pa-riktigt\/\",\"name\":\"Jod\u00e5, Jesus har funnits p\u00e5 riktigt - Vandra V\u00e4gen\",\"isPartOf\":{\"@id\":\"https:\/\/blogg.svenskakyrkan.se\/vandravagen\/#website\"},\"primaryImageOfPage\":{\"@id\":\"https:\/\/blogg.svenskakyrkan.se\/vandravagen\/2015\/06\/02\/joda-jesus-har-funnits-pa-riktigt\/#primaryimage\"},\"image\":{\"@id\":\"https:\/\/blogg.svenskakyrkan.se\/vandravagen\/2015\/06\/02\/joda-jesus-har-funnits-pa-riktigt\/#primaryimage\"},\"thumbnailUrl\":\"http:\/\/blogg.svenskakyrkan.se\/vandravagen\/files\/2015\/06\/IMG_5851-1024x1024.jpg\",\"datePublished\":\"2015-06-02T05:00:00+00:00\",\"breadcrumb\":{\"@id\":\"https:\/\/blogg.svenskakyrkan.se\/vandravagen\/2015\/06\/02\/joda-jesus-har-funnits-pa-riktigt\/#breadcrumb\"},\"inLanguage\":\"sv-SE\",\"potentialAction\":[{\"@type\":\"ReadAction\",\"target\":[\"https:\/\/blogg.svenskakyrkan.se\/vandravagen\/2015\/06\/02\/joda-jesus-har-funnits-pa-riktigt\/\"]}]},{\"@type\":\"ImageObject\",\"inLanguage\":\"sv-SE\",\"@id\":\"https:\/\/blogg.svenskakyrkan.se\/vandravagen\/2015\/06\/02\/joda-jesus-har-funnits-pa-riktigt\/#primaryimage\",\"url\":\"http:\/\/blogg.svenskakyrkan.se\/vandravagen\/files\/2015\/06\/IMG_5851-1024x1024.jpg\",\"contentUrl\":\"http:\/\/blogg.svenskakyrkan.se\/vandravagen\/files\/2015\/06\/IMG_5851-1024x1024.jpg\"},{\"@type\":\"BreadcrumbList\",\"@id\":\"https:\/\/blogg.svenskakyrkan.se\/vandravagen\/2015\/06\/02\/joda-jesus-har-funnits-pa-riktigt\/#breadcrumb\",\"itemListElement\":[{\"@type\":\"ListItem\",\"position\":1,\"name\":\"Hem\",\"item\":\"https:\/\/blogg.svenskakyrkan.se\/vandravagen\/\"},{\"@type\":\"ListItem\",\"position\":2,\"name\":\"Jod\u00e5, Jesus har funnits p\u00e5 riktigt\"}]},{\"@type\":\"WebSite\",\"@id\":\"https:\/\/blogg.svenskakyrkan.se\/vandravagen\/#website\",\"url\":\"https:\/\/blogg.svenskakyrkan.se\/vandravagen\/\",\"name\":\"Vandra V\u00e4gen\",\"description\":\"-Mot en tro f\u00f6r hela livet\",\"publisher\":{\"@id\":\"https:\/\/blogg.svenskakyrkan.se\/vandravagen\/#organization\"},\"potentialAction\":[{\"@type\":\"SearchAction\",\"target\":{\"@type\":\"EntryPoint\",\"urlTemplate\":\"https:\/\/blogg.svenskakyrkan.se\/vandravagen\/?s={search_term_string}\"},\"query-input\":{\"@type\":\"PropertyValueSpecification\",\"valueRequired\":true,\"valueName\":\"search_term_string\"}}],\"inLanguage\":\"sv-SE\"},{\"@type\":\"Organization\",\"@id\":\"https:\/\/blogg.svenskakyrkan.se\/vandravagen\/#organization\",\"name\":\"ulricehamns pastorat\",\"alternateName\":\"ulricehamns pastorat\",\"url\":\"https:\/\/blogg.svenskakyrkan.se\/vandravagen\/\",\"logo\":{\"@type\":\"ImageObject\",\"inLanguage\":\"sv-SE\",\"@id\":\"https:\/\/blogg.svenskakyrkan.se\/vandravagen\/#\/schema\/logo\/image\/\",\"url\":\"https:\/\/blogg.svenskakyrkan.se\/vandravagen\/files\/2023\/05\/Ulr_logo_RGB.png\",\"contentUrl\":\"https:\/\/blogg.svenskakyrkan.se\/vandravagen\/files\/2023\/05\/Ulr_logo_RGB.png\",\"width\":205,\"height\":77,\"caption\":\"ulricehamns pastorat\"},\"image\":{\"@id\":\"https:\/\/blogg.svenskakyrkan.se\/vandravagen\/#\/schema\/logo\/image\/\"},\"sameAs\":[\"http:\/\/facebook.com\/vandravagen\",\"https:\/\/x.com\/fadertomas\",\"http:\/\/www.facebook.com\/svenskakyrkaniulricehamn\"]},{\"@type\":\"Person\",\"@id\":\"https:\/\/blogg.svenskakyrkan.se\/vandravagen\/#\/schema\/person\/25da02d4f76b137d04291711e2c9fc16\",\"name\":\"Tomas Jarvid\",\"image\":{\"@type\":\"ImageObject\",\"inLanguage\":\"sv-SE\",\"@id\":\"https:\/\/blogg.svenskakyrkan.se\/vandravagen\/#\/schema\/person\/image\/\",\"url\":\"https:\/\/secure.gravatar.com\/avatar\/7fa71899795e8f540f615a1f5ab25255dc27aa40f05ee7ddd21aac521e01bf50?s=96&d=identicon&r=g\",\"contentUrl\":\"https:\/\/secure.gravatar.com\/avatar\/7fa71899795e8f540f615a1f5ab25255dc27aa40f05ee7ddd21aac521e01bf50?s=96&d=identicon&r=g\",\"caption\":\"Tomas Jarvid\"},\"description\":\"Jag bor i Ulricehamn i V\u00e4sterg\u00f6tland och \u00e4r f\u00f6rsamlingspr\u00e4st i Svenska Kyrkan f\u00f6r Dalstorps f\u00f6rsamling i Kinds pastorat. P\u00e5 den h\u00e4r bloggen skriver jag ner tankar om vandringen som kristen.\",\"sameAs\":[\"http:\/\/www.vandravagen.se\"],\"url\":\"https:\/\/blogg.svenskakyrkan.se\/vandravagen\/author\/vandravagen\/\"}]}<\/script>\n<!-- \/ Yoast SEO plugin. -->","yoast_head_json":{"title":"Jod\u00e5, Jesus har funnits p\u00e5 riktigt - Vandra V\u00e4gen","robots":{"index":"index","follow":"follow","max-snippet":"max-snippet:-1","max-image-preview":"max-image-preview:large","max-video-preview":"max-video-preview:-1"},"canonical":"https:\/\/blogg.svenskakyrkan.se\/vandravagen\/2015\/06\/02\/joda-jesus-har-funnits-pa-riktigt\/","og_locale":"sv_SE","og_type":"article","og_title":"Jod\u00e5, Jesus har funnits p\u00e5 riktigt - Vandra V\u00e4gen","og_description":"Om n\u00e5gon pratar om ifall Jesus &#8221;har funnits&#8221; s\u00e5 \u00e4r min f\u00f6rsta inv\u00e4ndning som kristen snarare att som vi ser det \u00e4r svaret &#8221;inte nog med det, han finns fortfarande eftersom han \u00e4r uppst\u00e5nden&#8221; (kristet svar) F\u00f6r ett tag sedan blev jag uppm\u00e4rksammad p\u00e5 att svaret tydligen inte \u00e4r lika sj\u00e4lvklart f\u00f6r alla. Jag vill [&hellip;]","og_url":"https:\/\/blogg.svenskakyrkan.se\/vandravagen\/2015\/06\/02\/joda-jesus-har-funnits-pa-riktigt\/","og_site_name":"Vandra V\u00e4gen","article_publisher":"http:\/\/facebook.com\/vandravagen","article_published_time":"2015-06-02T05:00:00+00:00","og_image":[{"url":"http:\/\/blogg.svenskakyrkan.se\/vandravagen\/files\/2015\/06\/IMG_5851-1024x1024.jpg","type":"","width":"","height":""}],"author":"Tomas Jarvid","twitter_card":"summary_large_image","twitter_creator":"@fadertomas","twitter_site":"@fadertomas","twitter_misc":{"Skriven av":"Tomas Jarvid","Ber\u00e4knad l\u00e4stid":"2 minuter"},"schema":{"@context":"https:\/\/schema.org","@graph":[{"@type":"Article","@id":"https:\/\/blogg.svenskakyrkan.se\/vandravagen\/2015\/06\/02\/joda-jesus-har-funnits-pa-riktigt\/#article","isPartOf":{"@id":"https:\/\/blogg.svenskakyrkan.se\/vandravagen\/2015\/06\/02\/joda-jesus-har-funnits-pa-riktigt\/"},"author":{"name":"Tomas Jarvid","@id":"https:\/\/blogg.svenskakyrkan.se\/vandravagen\/#\/schema\/person\/25da02d4f76b137d04291711e2c9fc16"},"headline":"Jod\u00e5, Jesus har funnits p\u00e5 riktigt","datePublished":"2015-06-02T05:00:00+00:00","mainEntityOfPage":{"@id":"https:\/\/blogg.svenskakyrkan.se\/vandravagen\/2015\/06\/02\/joda-jesus-har-funnits-pa-riktigt\/"},"wordCount":427,"commentCount":18,"publisher":{"@id":"https:\/\/blogg.svenskakyrkan.se\/vandravagen\/#organization"},"image":{"@id":"https:\/\/blogg.svenskakyrkan.se\/vandravagen\/2015\/06\/02\/joda-jesus-har-funnits-pa-riktigt\/#primaryimage"},"thumbnailUrl":"http:\/\/blogg.svenskakyrkan.se\/vandravagen\/files\/2015\/06\/IMG_5851-1024x1024.jpg","articleSection":["blandat","Dagens Kyrka"],"inLanguage":"sv-SE","potentialAction":[{"@type":"CommentAction","name":"Comment","target":["https:\/\/blogg.svenskakyrkan.se\/vandravagen\/2015\/06\/02\/joda-jesus-har-funnits-pa-riktigt\/#respond"]}]},{"@type":"WebPage","@id":"https:\/\/blogg.svenskakyrkan.se\/vandravagen\/2015\/06\/02\/joda-jesus-har-funnits-pa-riktigt\/","url":"https:\/\/blogg.svenskakyrkan.se\/vandravagen\/2015\/06\/02\/joda-jesus-har-funnits-pa-riktigt\/","name":"Jod\u00e5, Jesus har funnits p\u00e5 riktigt - Vandra V\u00e4gen","isPartOf":{"@id":"https:\/\/blogg.svenskakyrkan.se\/vandravagen\/#website"},"primaryImageOfPage":{"@id":"https:\/\/blogg.svenskakyrkan.se\/vandravagen\/2015\/06\/02\/joda-jesus-har-funnits-pa-riktigt\/#primaryimage"},"image":{"@id":"https:\/\/blogg.svenskakyrkan.se\/vandravagen\/2015\/06\/02\/joda-jesus-har-funnits-pa-riktigt\/#primaryimage"},"thumbnailUrl":"http:\/\/blogg.svenskakyrkan.se\/vandravagen\/files\/2015\/06\/IMG_5851-1024x1024.jpg","datePublished":"2015-06-02T05:00:00+00:00","breadcrumb":{"@id":"https:\/\/blogg.svenskakyrkan.se\/vandravagen\/2015\/06\/02\/joda-jesus-har-funnits-pa-riktigt\/#breadcrumb"},"inLanguage":"sv-SE","potentialAction":[{"@type":"ReadAction","target":["https:\/\/blogg.svenskakyrkan.se\/vandravagen\/2015\/06\/02\/joda-jesus-har-funnits-pa-riktigt\/"]}]},{"@type":"ImageObject","inLanguage":"sv-SE","@id":"https:\/\/blogg.svenskakyrkan.se\/vandravagen\/2015\/06\/02\/joda-jesus-har-funnits-pa-riktigt\/#primaryimage","url":"http:\/\/blogg.svenskakyrkan.se\/vandravagen\/files\/2015\/06\/IMG_5851-1024x1024.jpg","contentUrl":"http:\/\/blogg.svenskakyrkan.se\/vandravagen\/files\/2015\/06\/IMG_5851-1024x1024.jpg"},{"@type":"BreadcrumbList","@id":"https:\/\/blogg.svenskakyrkan.se\/vandravagen\/2015\/06\/02\/joda-jesus-har-funnits-pa-riktigt\/#breadcrumb","itemListElement":[{"@type":"ListItem","position":1,"name":"Hem","item":"https:\/\/blogg.svenskakyrkan.se\/vandravagen\/"},{"@type":"ListItem","position":2,"name":"Jod\u00e5, Jesus har funnits p\u00e5 riktigt"}]},{"@type":"WebSite","@id":"https:\/\/blogg.svenskakyrkan.se\/vandravagen\/#website","url":"https:\/\/blogg.svenskakyrkan.se\/vandravagen\/","name":"Vandra V\u00e4gen","description":"-Mot en tro f\u00f6r hela livet","publisher":{"@id":"https:\/\/blogg.svenskakyrkan.se\/vandravagen\/#organization"},"potentialAction":[{"@type":"SearchAction","target":{"@type":"EntryPoint","urlTemplate":"https:\/\/blogg.svenskakyrkan.se\/vandravagen\/?s={search_term_string}"},"query-input":{"@type":"PropertyValueSpecification","valueRequired":true,"valueName":"search_term_string"}}],"inLanguage":"sv-SE"},{"@type":"Organization","@id":"https:\/\/blogg.svenskakyrkan.se\/vandravagen\/#organization","name":"ulricehamns pastorat","alternateName":"ulricehamns pastorat","url":"https:\/\/blogg.svenskakyrkan.se\/vandravagen\/","logo":{"@type":"ImageObject","inLanguage":"sv-SE","@id":"https:\/\/blogg.svenskakyrkan.se\/vandravagen\/#\/schema\/logo\/image\/","url":"https:\/\/blogg.svenskakyrkan.se\/vandravagen\/files\/2023\/05\/Ulr_logo_RGB.png","contentUrl":"https:\/\/blogg.svenskakyrkan.se\/vandravagen\/files\/2023\/05\/Ulr_logo_RGB.png","width":205,"height":77,"caption":"ulricehamns pastorat"},"image":{"@id":"https:\/\/blogg.svenskakyrkan.se\/vandravagen\/#\/schema\/logo\/image\/"},"sameAs":["http:\/\/facebook.com\/vandravagen","https:\/\/x.com\/fadertomas","http:\/\/www.facebook.com\/svenskakyrkaniulricehamn"]},{"@type":"Person","@id":"https:\/\/blogg.svenskakyrkan.se\/vandravagen\/#\/schema\/person\/25da02d4f76b137d04291711e2c9fc16","name":"Tomas Jarvid","image":{"@type":"ImageObject","inLanguage":"sv-SE","@id":"https:\/\/blogg.svenskakyrkan.se\/vandravagen\/#\/schema\/person\/image\/","url":"https:\/\/secure.gravatar.com\/avatar\/7fa71899795e8f540f615a1f5ab25255dc27aa40f05ee7ddd21aac521e01bf50?s=96&d=identicon&r=g","contentUrl":"https:\/\/secure.gravatar.com\/avatar\/7fa71899795e8f540f615a1f5ab25255dc27aa40f05ee7ddd21aac521e01bf50?s=96&d=identicon&r=g","caption":"Tomas Jarvid"},"description":"Jag bor i Ulricehamn i V\u00e4sterg\u00f6tland och \u00e4r f\u00f6rsamlingspr\u00e4st i Svenska Kyrkan f\u00f6r Dalstorps f\u00f6rsamling i Kinds pastorat. P\u00e5 den h\u00e4r bloggen skriver jag ner tankar om vandringen som kristen.","sameAs":["http:\/\/www.vandravagen.se"],"url":"https:\/\/blogg.svenskakyrkan.se\/vandravagen\/author\/vandravagen\/"}]}},"author_meta":{"ID":"392","user_nicename":"vandravagen","user_url":"http:\/\/www.vandravagen.se","user_registered":"2014-05-19 05:44:52","display_name":"Tomas Jarvid","first_name":"Tomas","last_name":"Jarvid","avatar":"https:\/\/secure.gravatar.com\/avatar\/7fa71899795e8f540f615a1f5ab25255dc27aa40f05ee7ddd21aac521e01bf50?s=96&d=identicon&r=g"},"featured_image":false,"bloginfo":{"name":"Vandra V\u00e4gen","url":"https:\/\/blogg.svenskakyrkan.se\/vandravagen"},"_links":{"self":[{"href":"https:\/\/blogg.svenskakyrkan.se\/vandravagen\/wp-json\/wp\/v2\/posts\/3142","targetHints":{"allow":["GET"]}}],"collection":[{"href":"https:\/\/blogg.svenskakyrkan.se\/vandravagen\/wp-json\/wp\/v2\/posts"}],"about":[{"href":"https:\/\/blogg.svenskakyrkan.se\/vandravagen\/wp-json\/wp\/v2\/types\/post"}],"author":[{"embeddable":true,"href":"https:\/\/blogg.svenskakyrkan.se\/vandravagen\/wp-json\/wp\/v2\/users\/392"}],"replies":[{"embeddable":true,"href":"https:\/\/blogg.svenskakyrkan.se\/vandravagen\/wp-json\/wp\/v2\/comments?post=3142"}],"version-history":[{"count":2,"href":"https:\/\/blogg.svenskakyrkan.se\/vandravagen\/wp-json\/wp\/v2\/posts\/3142\/revisions"}],"predecessor-version":[{"id":3192,"href":"https:\/\/blogg.svenskakyrkan.se\/vandravagen\/wp-json\/wp\/v2\/posts\/3142\/revisions\/3192"}],"wp:attachment":[{"href":"https:\/\/blogg.svenskakyrkan.se\/vandravagen\/wp-json\/wp\/v2\/media?parent=3142"}],"wp:term":[{"taxonomy":"category","embeddable":true,"href":"https:\/\/blogg.svenskakyrkan.se\/vandravagen\/wp-json\/wp\/v2\/categories?post=3142"},{"taxonomy":"post_tag","embeddable":true,"href":"https:\/\/blogg.svenskakyrkan.se\/vandravagen\/wp-json\/wp\/v2\/tags?post=3142"}],"curies":[{"name":"wp","href":"https:\/\/api.w.org\/{rel}","templated":true}]}}