{"id":3144,"date":"2015-05-28T07:00:42","date_gmt":"2015-05-28T05:00:42","guid":{"rendered":"http:\/\/blogg.svenskakyrkan.se\/vandravagen\/?p=3144"},"modified":"2015-05-27T11:30:49","modified_gmt":"2015-05-27T09:30:49","slug":"nar-de-kristna-svek-judarna-forsta-gangen","status":"publish","type":"post","link":"https:\/\/blogg.svenskakyrkan.se\/vandravagen\/2015\/05\/28\/nar-de-kristna-svek-judarna-forsta-gangen\/","title":{"rendered":"N\u00e4r de kristna svek judarna f\u00f6rsta g\u00e5ngen"},"content":{"rendered":"<div id=\"attachment_3160\" style=\"width: 594px\" class=\"wp-caption aligncenter\"><a href=\"http:\/\/blogg.svenskakyrkan.se\/vandravagen\/files\/2015\/05\/IMG_5539.jpg\"><img loading=\"lazy\" decoding=\"async\" aria-describedby=\"caption-attachment-3160\" class=\"size-large wp-image-3160\" src=\"http:\/\/blogg.svenskakyrkan.se\/vandravagen\/files\/2015\/05\/IMG_5539-1024x843.jpg\" alt=\"P\u00e5 denna gamla kyrkm\u00e5lning st\u00e4ller man det nya f\u00f6rbundet i stark kontrast mot det gamla p\u00e5 &quot;lagens tid&quot;. M\u00e4nniskan i mitten b\u00f6r v\u00e4lja den ljusa framtiden genom kristus.\" width=\"584\" height=\"481\" srcset=\"https:\/\/blogg.svenskakyrkan.se\/vandravagen\/files\/2015\/05\/IMG_5539.jpg 1024w, https:\/\/blogg.svenskakyrkan.se\/vandravagen\/files\/2015\/05\/IMG_5539-300x247.jpg 300w, https:\/\/blogg.svenskakyrkan.se\/vandravagen\/files\/2015\/05\/IMG_5539-364x300.jpg 364w\" sizes=\"auto, (max-width: 584px) 100vw, 584px\" \/><\/a><p id=\"caption-attachment-3160\" class=\"wp-caption-text\">P\u00e5 denna gamla kyrkm\u00e5lning st\u00e4ller man det nya f\u00f6rbundet i stark kontrast mot det gamla p\u00e5 &#8221;lagens tid&#8221; med syndafall och d\u00f6d. M\u00e4nniskan i mitten b\u00f6r enligt m\u00e5laren v\u00e4lja den ljusa framtiden genom kristus.<\/p><\/div>\n<p>Jag forts\u00e4tter skriva om relationen mellan judar och kristna (jag b\u00f6rjade h\u00e4romdagen: <a href=\"http:\/\/blogg.svenskakyrkan.se\/vandravagen\/2015\/05\/26\/guds-bada-folk\/\">&#8221;Guds b\u00e5da\u00a0folk?&#8221;<\/a>). Jag lyssnade f\u00f6r en tid sedan p\u00e5 v\u00e5r stiftsteolog\u00a0Kamilla Skarstr\u00f6m\u00a0Hinojosa och fick l\u00e4ra mig nya saker om hur det gick till n\u00e4r relationen mellan judar och kristna f\u00f6rst gick \u00e5t skogen. I korta drag var det som f\u00f6ljer.<\/p>\n<p><strong>Den tidiga kyrkan ans\u00e5gs i romarriket vara ett slags judar<\/strong>, vilket ju inte var s\u00e5 konstigt eftersom de var det. Med tiden s\u00e5 var det alltfler kristna som kom fr\u00e5n hednisk bakgrund men de r\u00e4knades \u00e4nd\u00e5 som judar eftersom de inte p\u00e5 n\u00e5got s\u00e4tt brutit med den judiska tron. De var monoteister med skilde ut sig genom att tro att\u00a0Jesus var messias. De skilde ocks\u00e5 ut sig genom att de hednakristna inte levde efter alla budord.<\/p>\n<p>Att r\u00e4knas som judar var ibland jobbigt eftersom romarna ofta hyste en hel del f\u00f6rakt f\u00f6r judar men<strong> oftast var det v\u00e4ldigt bra<\/strong>. Judarna hade n\u00e4mligen ocks\u00e5 en del viktiga privilegier. Eftersom de v\u00e4grade erk\u00e4nna andra gudar \u00e4n den ende guden s\u00e5 var de befriade fr\u00e5n kravet p\u00e5 att tillbe andra gudar, till exempel att tillbe kejsaren om gud. M\u00e5nga romare beundrade ocks\u00e5 judarna och en stadig skara &#8221;<strong>proselyter<\/strong>&#8221; (se d\u00e4r, ett ord fr\u00e5n den knepiga pingstdagstexten!) valde att ansluta sig till judendomen.<\/p>\n<p>Vatttendelaren kom i samband med det &#8221;judiska kriget&#8221; \u00e5r 70 d\u00e5 judarna reste sig mot rom, blev krossade milit\u00e4rt, skingrades och fick templet f\u00f6rst\u00f6rt. I samband med det blossade mycket judehat upp \u00e4ven runtom i resten av v\u00e4rlden d\u00e4r judarna levde utspridda p\u00e5 olika orter.<\/p>\n<p><strong>De kristna st\u00e4lldes inf\u00f6r ett problem och en frestande m\u00f6jlighet<\/strong>. Nu n\u00e4r det inte var lika f\u00f6rdelaktigt att r\u00e4knas som judar l\u00e4ngre valde de att fj\u00e4rma sig fr\u00e5n den judiska identiteten. De betonade kraftigt skillnaderna mellan sig sj\u00e4lva och judarna och samtidigt k\u00e4mpade de f\u00f6r att f\u00e5 beh\u00e5lla privilegierna som tillkommit judarna. F\u00f6r att g\u00f6ra det uppfann de vad vi nu k\u00e4nner som &#8221;ers\u00e4ttningsteologin&#8221;. Judarna har ersatts av de kristna som nu \u00e4r det sanna Guds folk. De kristna st\u00e5r f\u00f6r den r\u00e4tta uttolkningen av bibelns skrifter.<\/p>\n<p>M\u00e5nga kyrkof\u00e4der (som jag annars \u00e4r van att h\u00e5lla h\u00f6gt) \u00e4gnade sig \u00e5t det h\u00e4r projektet, s\u00e5som Tertullianus, Chrysostomos (som i \u00e5tta bevarade predikningar framh\u00f6ll hat mot judarna som en kristen plikt), Marcion, Origenes och s\u00e5 vidare. Augustinus ans\u00e5g att judarna skulle tvingas leva i slaveri eftersom de d\u00f6dat fr\u00e4lsaren Jesus.<\/p>\n<p>D\u00e4r b\u00f6rjade en l\u00e5ng, l\u00e5ng kristen tradition av antisemitism. Jag antar att n\u00e4r v\u00e4l bollen var i rullning s\u00e5 var den sv\u00e5r att stoppa. M\u00e5nga g\u00e5nger \u00e4r det s\u00e5 att vi inte handlar illa mot n\u00e5gon f\u00f6r att vi tycker illa om dem, ist\u00e4llet \u00f6vertalar vi oss sj\u00e4lva att vi tycker illa om de vi behandlar illa (f\u00f6r att undvika k\u00e4nslan av kognitiv dissonans, att vi handlar ologiskt). Behandlar vi n\u00e5gon illa vill vi r\u00e4ttf\u00e4rdiga med att de f\u00f6rtj\u00e4nar det.<\/p>\n<p>I v\u00e5ra dagar har svenska kyrkan (och m\u00e5nga andra kyrkor) tagit fullst\u00e4ndigt avst\u00e5nd fr\u00e5n all sorts antisemitism, <a href=\"https:\/\/www.svenskakyrkan.se\/km-2001\/skrivelser\/2001-5\/KsSkr2001-5bil1.shtml\">l\u00e4s g\u00e4rna dokumentet &#8221;Guds v\u00e4gar&#8221; <\/a>d\u00e4r det h\u00e4r reds ut. I praktiken \u00e4r det f\u00f6rst\u00e5s s\u00e5 att m\u00e5nga mindre lyckade tankem\u00f6nster lever kvar oreflekterat. Det f\u00e5r vi nog h\u00e5lla p\u00e5 med ett bra tag med att f\u00f6rb\u00e4ttra.<\/p>\n<p>Det d\u00e4r var den historiska bakgrunden till mycket el\u00e4nde och f\u00f6rf\u00f6ljelse f\u00f6r det judiska folket och en utarmning av den kristna teologin genom att man gl\u00f6mde bort alltf\u00f6r mycket av sitt judiska arv. Nu g\u00e4ller det att vi lyckas laga mycket som g\u00e5tt s\u00f6nder och hitta b\u00e4ttre tankem\u00f6nster i framtiden,<\/p>\n","protected":false},"excerpt":{"rendered":"<p>Jag forts\u00e4tter skriva om relationen mellan judar och kristna (jag b\u00f6rjade h\u00e4romdagen: &#8221;Guds b\u00e5da\u00a0folk?&#8221;). Jag lyssnade f\u00f6r en tid sedan p\u00e5 v\u00e5r stiftsteolog\u00a0Kamilla Skarstr\u00f6m\u00a0Hinojosa och fick l\u00e4ra mig nya saker om hur det gick till n\u00e4r relationen mellan judar och kristna f\u00f6rst gick \u00e5t skogen. I korta drag var det som f\u00f6ljer. Den tidiga kyrkan [&hellip;]<\/p>\n","protected":false},"author":392,"featured_media":0,"comment_status":"open","ping_status":"open","sticky":false,"template":"","format":"standard","meta":{"_acf_changed":false,"footnotes":""},"categories":[76189,8337,117],"tags":[],"class_list":["post-3144","post","type-post","status-publish","format-standard","hentry","category-dagens-kyrka","category-historia","category-teologi"],"acf":[],"yoast_head":"<!-- This site is optimized with the Yoast SEO plugin v27.1.1 - https:\/\/yoast.com\/product\/yoast-seo-wordpress\/ -->\n<title>N\u00e4r de kristna svek judarna f\u00f6rsta g\u00e5ngen - Vandra V\u00e4gen<\/title>\n<meta name=\"robots\" content=\"index, follow, max-snippet:-1, max-image-preview:large, max-video-preview:-1\" \/>\n<link rel=\"canonical\" href=\"https:\/\/blogg.svenskakyrkan.se\/vandravagen\/2015\/05\/28\/nar-de-kristna-svek-judarna-forsta-gangen\/\" \/>\n<meta property=\"og:locale\" content=\"sv_SE\" \/>\n<meta property=\"og:type\" content=\"article\" \/>\n<meta property=\"og:title\" content=\"N\u00e4r de kristna svek judarna f\u00f6rsta g\u00e5ngen - Vandra V\u00e4gen\" \/>\n<meta property=\"og:description\" content=\"Jag forts\u00e4tter skriva om relationen mellan judar och kristna (jag b\u00f6rjade h\u00e4romdagen: &#8221;Guds b\u00e5da\u00a0folk?&#8221;). Jag lyssnade f\u00f6r en tid sedan p\u00e5 v\u00e5r stiftsteolog\u00a0Kamilla Skarstr\u00f6m\u00a0Hinojosa och fick l\u00e4ra mig nya saker om hur det gick till n\u00e4r relationen mellan judar och kristna f\u00f6rst gick \u00e5t skogen. I korta drag var det som f\u00f6ljer. Den tidiga kyrkan [&hellip;]\" \/>\n<meta property=\"og:url\" content=\"https:\/\/blogg.svenskakyrkan.se\/vandravagen\/2015\/05\/28\/nar-de-kristna-svek-judarna-forsta-gangen\/\" \/>\n<meta property=\"og:site_name\" content=\"Vandra V\u00e4gen\" \/>\n<meta property=\"article:publisher\" content=\"http:\/\/facebook.com\/vandravagen\" \/>\n<meta property=\"article:published_time\" content=\"2015-05-28T05:00:42+00:00\" \/>\n<meta property=\"og:image\" content=\"http:\/\/blogg.svenskakyrkan.se\/vandravagen\/files\/2015\/05\/IMG_5539-1024x843.jpg\" \/>\n<meta name=\"author\" content=\"Tomas Jarvid\" \/>\n<meta name=\"twitter:card\" content=\"summary_large_image\" \/>\n<meta name=\"twitter:creator\" content=\"@fadertomas\" \/>\n<meta name=\"twitter:site\" content=\"@fadertomas\" \/>\n<meta name=\"twitter:label1\" content=\"Skriven av\" \/>\n\t<meta name=\"twitter:data1\" content=\"Tomas Jarvid\" \/>\n\t<meta name=\"twitter:label2\" content=\"Ber\u00e4knad l\u00e4stid\" \/>\n\t<meta name=\"twitter:data2\" content=\"4 minuter\" \/>\n<script type=\"application\/ld+json\" class=\"yoast-schema-graph\">{\"@context\":\"https:\/\/schema.org\",\"@graph\":[{\"@type\":\"Article\",\"@id\":\"https:\/\/blogg.svenskakyrkan.se\/vandravagen\/2015\/05\/28\/nar-de-kristna-svek-judarna-forsta-gangen\/#article\",\"isPartOf\":{\"@id\":\"https:\/\/blogg.svenskakyrkan.se\/vandravagen\/2015\/05\/28\/nar-de-kristna-svek-judarna-forsta-gangen\/\"},\"author\":{\"name\":\"Tomas Jarvid\",\"@id\":\"https:\/\/blogg.svenskakyrkan.se\/vandravagen\/#\/schema\/person\/25da02d4f76b137d04291711e2c9fc16\"},\"headline\":\"N\u00e4r de kristna svek judarna f\u00f6rsta g\u00e5ngen\",\"datePublished\":\"2015-05-28T05:00:42+00:00\",\"mainEntityOfPage\":{\"@id\":\"https:\/\/blogg.svenskakyrkan.se\/vandravagen\/2015\/05\/28\/nar-de-kristna-svek-judarna-forsta-gangen\/\"},\"wordCount\":752,\"commentCount\":22,\"publisher\":{\"@id\":\"https:\/\/blogg.svenskakyrkan.se\/vandravagen\/#organization\"},\"image\":{\"@id\":\"https:\/\/blogg.svenskakyrkan.se\/vandravagen\/2015\/05\/28\/nar-de-kristna-svek-judarna-forsta-gangen\/#primaryimage\"},\"thumbnailUrl\":\"http:\/\/blogg.svenskakyrkan.se\/vandravagen\/files\/2015\/05\/IMG_5539-1024x843.jpg\",\"articleSection\":[\"Dagens Kyrka\",\"historia\",\"Teologi\"],\"inLanguage\":\"sv-SE\",\"potentialAction\":[{\"@type\":\"CommentAction\",\"name\":\"Comment\",\"target\":[\"https:\/\/blogg.svenskakyrkan.se\/vandravagen\/2015\/05\/28\/nar-de-kristna-svek-judarna-forsta-gangen\/#respond\"]}]},{\"@type\":\"WebPage\",\"@id\":\"https:\/\/blogg.svenskakyrkan.se\/vandravagen\/2015\/05\/28\/nar-de-kristna-svek-judarna-forsta-gangen\/\",\"url\":\"https:\/\/blogg.svenskakyrkan.se\/vandravagen\/2015\/05\/28\/nar-de-kristna-svek-judarna-forsta-gangen\/\",\"name\":\"N\u00e4r de kristna svek judarna f\u00f6rsta g\u00e5ngen - Vandra V\u00e4gen\",\"isPartOf\":{\"@id\":\"https:\/\/blogg.svenskakyrkan.se\/vandravagen\/#website\"},\"primaryImageOfPage\":{\"@id\":\"https:\/\/blogg.svenskakyrkan.se\/vandravagen\/2015\/05\/28\/nar-de-kristna-svek-judarna-forsta-gangen\/#primaryimage\"},\"image\":{\"@id\":\"https:\/\/blogg.svenskakyrkan.se\/vandravagen\/2015\/05\/28\/nar-de-kristna-svek-judarna-forsta-gangen\/#primaryimage\"},\"thumbnailUrl\":\"http:\/\/blogg.svenskakyrkan.se\/vandravagen\/files\/2015\/05\/IMG_5539-1024x843.jpg\",\"datePublished\":\"2015-05-28T05:00:42+00:00\",\"breadcrumb\":{\"@id\":\"https:\/\/blogg.svenskakyrkan.se\/vandravagen\/2015\/05\/28\/nar-de-kristna-svek-judarna-forsta-gangen\/#breadcrumb\"},\"inLanguage\":\"sv-SE\",\"potentialAction\":[{\"@type\":\"ReadAction\",\"target\":[\"https:\/\/blogg.svenskakyrkan.se\/vandravagen\/2015\/05\/28\/nar-de-kristna-svek-judarna-forsta-gangen\/\"]}]},{\"@type\":\"ImageObject\",\"inLanguage\":\"sv-SE\",\"@id\":\"https:\/\/blogg.svenskakyrkan.se\/vandravagen\/2015\/05\/28\/nar-de-kristna-svek-judarna-forsta-gangen\/#primaryimage\",\"url\":\"http:\/\/blogg.svenskakyrkan.se\/vandravagen\/files\/2015\/05\/IMG_5539-1024x843.jpg\",\"contentUrl\":\"http:\/\/blogg.svenskakyrkan.se\/vandravagen\/files\/2015\/05\/IMG_5539-1024x843.jpg\"},{\"@type\":\"BreadcrumbList\",\"@id\":\"https:\/\/blogg.svenskakyrkan.se\/vandravagen\/2015\/05\/28\/nar-de-kristna-svek-judarna-forsta-gangen\/#breadcrumb\",\"itemListElement\":[{\"@type\":\"ListItem\",\"position\":1,\"name\":\"Hem\",\"item\":\"https:\/\/blogg.svenskakyrkan.se\/vandravagen\/\"},{\"@type\":\"ListItem\",\"position\":2,\"name\":\"N\u00e4r de kristna svek judarna f\u00f6rsta g\u00e5ngen\"}]},{\"@type\":\"WebSite\",\"@id\":\"https:\/\/blogg.svenskakyrkan.se\/vandravagen\/#website\",\"url\":\"https:\/\/blogg.svenskakyrkan.se\/vandravagen\/\",\"name\":\"Vandra V\u00e4gen\",\"description\":\"-Mot en tro f\u00f6r hela livet\",\"publisher\":{\"@id\":\"https:\/\/blogg.svenskakyrkan.se\/vandravagen\/#organization\"},\"potentialAction\":[{\"@type\":\"SearchAction\",\"target\":{\"@type\":\"EntryPoint\",\"urlTemplate\":\"https:\/\/blogg.svenskakyrkan.se\/vandravagen\/?s={search_term_string}\"},\"query-input\":{\"@type\":\"PropertyValueSpecification\",\"valueRequired\":true,\"valueName\":\"search_term_string\"}}],\"inLanguage\":\"sv-SE\"},{\"@type\":\"Organization\",\"@id\":\"https:\/\/blogg.svenskakyrkan.se\/vandravagen\/#organization\",\"name\":\"ulricehamns pastorat\",\"alternateName\":\"ulricehamns pastorat\",\"url\":\"https:\/\/blogg.svenskakyrkan.se\/vandravagen\/\",\"logo\":{\"@type\":\"ImageObject\",\"inLanguage\":\"sv-SE\",\"@id\":\"https:\/\/blogg.svenskakyrkan.se\/vandravagen\/#\/schema\/logo\/image\/\",\"url\":\"https:\/\/blogg.svenskakyrkan.se\/vandravagen\/files\/2023\/05\/Ulr_logo_RGB.png\",\"contentUrl\":\"https:\/\/blogg.svenskakyrkan.se\/vandravagen\/files\/2023\/05\/Ulr_logo_RGB.png\",\"width\":205,\"height\":77,\"caption\":\"ulricehamns pastorat\"},\"image\":{\"@id\":\"https:\/\/blogg.svenskakyrkan.se\/vandravagen\/#\/schema\/logo\/image\/\"},\"sameAs\":[\"http:\/\/facebook.com\/vandravagen\",\"https:\/\/x.com\/fadertomas\",\"http:\/\/www.facebook.com\/svenskakyrkaniulricehamn\"]},{\"@type\":\"Person\",\"@id\":\"https:\/\/blogg.svenskakyrkan.se\/vandravagen\/#\/schema\/person\/25da02d4f76b137d04291711e2c9fc16\",\"name\":\"Tomas Jarvid\",\"image\":{\"@type\":\"ImageObject\",\"inLanguage\":\"sv-SE\",\"@id\":\"https:\/\/blogg.svenskakyrkan.se\/vandravagen\/#\/schema\/person\/image\/\",\"url\":\"https:\/\/secure.gravatar.com\/avatar\/7fa71899795e8f540f615a1f5ab25255dc27aa40f05ee7ddd21aac521e01bf50?s=96&d=identicon&r=g\",\"contentUrl\":\"https:\/\/secure.gravatar.com\/avatar\/7fa71899795e8f540f615a1f5ab25255dc27aa40f05ee7ddd21aac521e01bf50?s=96&d=identicon&r=g\",\"caption\":\"Tomas Jarvid\"},\"description\":\"Jag bor i Ulricehamn i V\u00e4sterg\u00f6tland och \u00e4r f\u00f6rsamlingspr\u00e4st i Svenska Kyrkan f\u00f6r Dalstorps f\u00f6rsamling i Kinds pastorat. P\u00e5 den h\u00e4r bloggen skriver jag ner tankar om vandringen som kristen.\",\"sameAs\":[\"http:\/\/www.vandravagen.se\"],\"url\":\"https:\/\/blogg.svenskakyrkan.se\/vandravagen\/author\/vandravagen\/\"}]}<\/script>\n<!-- \/ Yoast SEO plugin. -->","yoast_head_json":{"title":"N\u00e4r de kristna svek judarna f\u00f6rsta g\u00e5ngen - Vandra V\u00e4gen","robots":{"index":"index","follow":"follow","max-snippet":"max-snippet:-1","max-image-preview":"max-image-preview:large","max-video-preview":"max-video-preview:-1"},"canonical":"https:\/\/blogg.svenskakyrkan.se\/vandravagen\/2015\/05\/28\/nar-de-kristna-svek-judarna-forsta-gangen\/","og_locale":"sv_SE","og_type":"article","og_title":"N\u00e4r de kristna svek judarna f\u00f6rsta g\u00e5ngen - Vandra V\u00e4gen","og_description":"Jag forts\u00e4tter skriva om relationen mellan judar och kristna (jag b\u00f6rjade h\u00e4romdagen: &#8221;Guds b\u00e5da\u00a0folk?&#8221;). Jag lyssnade f\u00f6r en tid sedan p\u00e5 v\u00e5r stiftsteolog\u00a0Kamilla Skarstr\u00f6m\u00a0Hinojosa och fick l\u00e4ra mig nya saker om hur det gick till n\u00e4r relationen mellan judar och kristna f\u00f6rst gick \u00e5t skogen. I korta drag var det som f\u00f6ljer. Den tidiga kyrkan [&hellip;]","og_url":"https:\/\/blogg.svenskakyrkan.se\/vandravagen\/2015\/05\/28\/nar-de-kristna-svek-judarna-forsta-gangen\/","og_site_name":"Vandra V\u00e4gen","article_publisher":"http:\/\/facebook.com\/vandravagen","article_published_time":"2015-05-28T05:00:42+00:00","og_image":[{"url":"http:\/\/blogg.svenskakyrkan.se\/vandravagen\/files\/2015\/05\/IMG_5539-1024x843.jpg","type":"","width":"","height":""}],"author":"Tomas Jarvid","twitter_card":"summary_large_image","twitter_creator":"@fadertomas","twitter_site":"@fadertomas","twitter_misc":{"Skriven av":"Tomas Jarvid","Ber\u00e4knad l\u00e4stid":"4 minuter"},"schema":{"@context":"https:\/\/schema.org","@graph":[{"@type":"Article","@id":"https:\/\/blogg.svenskakyrkan.se\/vandravagen\/2015\/05\/28\/nar-de-kristna-svek-judarna-forsta-gangen\/#article","isPartOf":{"@id":"https:\/\/blogg.svenskakyrkan.se\/vandravagen\/2015\/05\/28\/nar-de-kristna-svek-judarna-forsta-gangen\/"},"author":{"name":"Tomas Jarvid","@id":"https:\/\/blogg.svenskakyrkan.se\/vandravagen\/#\/schema\/person\/25da02d4f76b137d04291711e2c9fc16"},"headline":"N\u00e4r de kristna svek judarna f\u00f6rsta g\u00e5ngen","datePublished":"2015-05-28T05:00:42+00:00","mainEntityOfPage":{"@id":"https:\/\/blogg.svenskakyrkan.se\/vandravagen\/2015\/05\/28\/nar-de-kristna-svek-judarna-forsta-gangen\/"},"wordCount":752,"commentCount":22,"publisher":{"@id":"https:\/\/blogg.svenskakyrkan.se\/vandravagen\/#organization"},"image":{"@id":"https:\/\/blogg.svenskakyrkan.se\/vandravagen\/2015\/05\/28\/nar-de-kristna-svek-judarna-forsta-gangen\/#primaryimage"},"thumbnailUrl":"http:\/\/blogg.svenskakyrkan.se\/vandravagen\/files\/2015\/05\/IMG_5539-1024x843.jpg","articleSection":["Dagens Kyrka","historia","Teologi"],"inLanguage":"sv-SE","potentialAction":[{"@type":"CommentAction","name":"Comment","target":["https:\/\/blogg.svenskakyrkan.se\/vandravagen\/2015\/05\/28\/nar-de-kristna-svek-judarna-forsta-gangen\/#respond"]}]},{"@type":"WebPage","@id":"https:\/\/blogg.svenskakyrkan.se\/vandravagen\/2015\/05\/28\/nar-de-kristna-svek-judarna-forsta-gangen\/","url":"https:\/\/blogg.svenskakyrkan.se\/vandravagen\/2015\/05\/28\/nar-de-kristna-svek-judarna-forsta-gangen\/","name":"N\u00e4r de kristna svek judarna f\u00f6rsta g\u00e5ngen - Vandra V\u00e4gen","isPartOf":{"@id":"https:\/\/blogg.svenskakyrkan.se\/vandravagen\/#website"},"primaryImageOfPage":{"@id":"https:\/\/blogg.svenskakyrkan.se\/vandravagen\/2015\/05\/28\/nar-de-kristna-svek-judarna-forsta-gangen\/#primaryimage"},"image":{"@id":"https:\/\/blogg.svenskakyrkan.se\/vandravagen\/2015\/05\/28\/nar-de-kristna-svek-judarna-forsta-gangen\/#primaryimage"},"thumbnailUrl":"http:\/\/blogg.svenskakyrkan.se\/vandravagen\/files\/2015\/05\/IMG_5539-1024x843.jpg","datePublished":"2015-05-28T05:00:42+00:00","breadcrumb":{"@id":"https:\/\/blogg.svenskakyrkan.se\/vandravagen\/2015\/05\/28\/nar-de-kristna-svek-judarna-forsta-gangen\/#breadcrumb"},"inLanguage":"sv-SE","potentialAction":[{"@type":"ReadAction","target":["https:\/\/blogg.svenskakyrkan.se\/vandravagen\/2015\/05\/28\/nar-de-kristna-svek-judarna-forsta-gangen\/"]}]},{"@type":"ImageObject","inLanguage":"sv-SE","@id":"https:\/\/blogg.svenskakyrkan.se\/vandravagen\/2015\/05\/28\/nar-de-kristna-svek-judarna-forsta-gangen\/#primaryimage","url":"http:\/\/blogg.svenskakyrkan.se\/vandravagen\/files\/2015\/05\/IMG_5539-1024x843.jpg","contentUrl":"http:\/\/blogg.svenskakyrkan.se\/vandravagen\/files\/2015\/05\/IMG_5539-1024x843.jpg"},{"@type":"BreadcrumbList","@id":"https:\/\/blogg.svenskakyrkan.se\/vandravagen\/2015\/05\/28\/nar-de-kristna-svek-judarna-forsta-gangen\/#breadcrumb","itemListElement":[{"@type":"ListItem","position":1,"name":"Hem","item":"https:\/\/blogg.svenskakyrkan.se\/vandravagen\/"},{"@type":"ListItem","position":2,"name":"N\u00e4r de kristna svek judarna f\u00f6rsta g\u00e5ngen"}]},{"@type":"WebSite","@id":"https:\/\/blogg.svenskakyrkan.se\/vandravagen\/#website","url":"https:\/\/blogg.svenskakyrkan.se\/vandravagen\/","name":"Vandra V\u00e4gen","description":"-Mot en tro f\u00f6r hela livet","publisher":{"@id":"https:\/\/blogg.svenskakyrkan.se\/vandravagen\/#organization"},"potentialAction":[{"@type":"SearchAction","target":{"@type":"EntryPoint","urlTemplate":"https:\/\/blogg.svenskakyrkan.se\/vandravagen\/?s={search_term_string}"},"query-input":{"@type":"PropertyValueSpecification","valueRequired":true,"valueName":"search_term_string"}}],"inLanguage":"sv-SE"},{"@type":"Organization","@id":"https:\/\/blogg.svenskakyrkan.se\/vandravagen\/#organization","name":"ulricehamns pastorat","alternateName":"ulricehamns pastorat","url":"https:\/\/blogg.svenskakyrkan.se\/vandravagen\/","logo":{"@type":"ImageObject","inLanguage":"sv-SE","@id":"https:\/\/blogg.svenskakyrkan.se\/vandravagen\/#\/schema\/logo\/image\/","url":"https:\/\/blogg.svenskakyrkan.se\/vandravagen\/files\/2023\/05\/Ulr_logo_RGB.png","contentUrl":"https:\/\/blogg.svenskakyrkan.se\/vandravagen\/files\/2023\/05\/Ulr_logo_RGB.png","width":205,"height":77,"caption":"ulricehamns pastorat"},"image":{"@id":"https:\/\/blogg.svenskakyrkan.se\/vandravagen\/#\/schema\/logo\/image\/"},"sameAs":["http:\/\/facebook.com\/vandravagen","https:\/\/x.com\/fadertomas","http:\/\/www.facebook.com\/svenskakyrkaniulricehamn"]},{"@type":"Person","@id":"https:\/\/blogg.svenskakyrkan.se\/vandravagen\/#\/schema\/person\/25da02d4f76b137d04291711e2c9fc16","name":"Tomas Jarvid","image":{"@type":"ImageObject","inLanguage":"sv-SE","@id":"https:\/\/blogg.svenskakyrkan.se\/vandravagen\/#\/schema\/person\/image\/","url":"https:\/\/secure.gravatar.com\/avatar\/7fa71899795e8f540f615a1f5ab25255dc27aa40f05ee7ddd21aac521e01bf50?s=96&d=identicon&r=g","contentUrl":"https:\/\/secure.gravatar.com\/avatar\/7fa71899795e8f540f615a1f5ab25255dc27aa40f05ee7ddd21aac521e01bf50?s=96&d=identicon&r=g","caption":"Tomas Jarvid"},"description":"Jag bor i Ulricehamn i V\u00e4sterg\u00f6tland och \u00e4r f\u00f6rsamlingspr\u00e4st i Svenska Kyrkan f\u00f6r Dalstorps f\u00f6rsamling i Kinds pastorat. P\u00e5 den h\u00e4r bloggen skriver jag ner tankar om vandringen som kristen.","sameAs":["http:\/\/www.vandravagen.se"],"url":"https:\/\/blogg.svenskakyrkan.se\/vandravagen\/author\/vandravagen\/"}]}},"author_meta":{"ID":"392","user_nicename":"vandravagen","user_url":"http:\/\/www.vandravagen.se","user_registered":"2014-05-19 05:44:52","display_name":"Tomas Jarvid","first_name":"Tomas","last_name":"Jarvid","avatar":"https:\/\/secure.gravatar.com\/avatar\/7fa71899795e8f540f615a1f5ab25255dc27aa40f05ee7ddd21aac521e01bf50?s=96&d=identicon&r=g"},"featured_image":false,"bloginfo":{"name":"Vandra V\u00e4gen","url":"https:\/\/blogg.svenskakyrkan.se\/vandravagen"},"_links":{"self":[{"href":"https:\/\/blogg.svenskakyrkan.se\/vandravagen\/wp-json\/wp\/v2\/posts\/3144","targetHints":{"allow":["GET"]}}],"collection":[{"href":"https:\/\/blogg.svenskakyrkan.se\/vandravagen\/wp-json\/wp\/v2\/posts"}],"about":[{"href":"https:\/\/blogg.svenskakyrkan.se\/vandravagen\/wp-json\/wp\/v2\/types\/post"}],"author":[{"embeddable":true,"href":"https:\/\/blogg.svenskakyrkan.se\/vandravagen\/wp-json\/wp\/v2\/users\/392"}],"replies":[{"embeddable":true,"href":"https:\/\/blogg.svenskakyrkan.se\/vandravagen\/wp-json\/wp\/v2\/comments?post=3144"}],"version-history":[{"count":2,"href":"https:\/\/blogg.svenskakyrkan.se\/vandravagen\/wp-json\/wp\/v2\/posts\/3144\/revisions"}],"predecessor-version":[{"id":3161,"href":"https:\/\/blogg.svenskakyrkan.se\/vandravagen\/wp-json\/wp\/v2\/posts\/3144\/revisions\/3161"}],"wp:attachment":[{"href":"https:\/\/blogg.svenskakyrkan.se\/vandravagen\/wp-json\/wp\/v2\/media?parent=3144"}],"wp:term":[{"taxonomy":"category","embeddable":true,"href":"https:\/\/blogg.svenskakyrkan.se\/vandravagen\/wp-json\/wp\/v2\/categories?post=3144"},{"taxonomy":"post_tag","embeddable":true,"href":"https:\/\/blogg.svenskakyrkan.se\/vandravagen\/wp-json\/wp\/v2\/tags?post=3144"}],"curies":[{"name":"wp","href":"https:\/\/api.w.org\/{rel}","templated":true}]}}