{"id":3170,"date":"2015-06-03T07:25:42","date_gmt":"2015-06-03T05:25:42","guid":{"rendered":"http:\/\/blogg.svenskakyrkan.se\/vandravagen\/?p=3170"},"modified":"2015-06-03T07:25:42","modified_gmt":"2015-06-03T05:25:42","slug":"jesus-och-den-forsta-kvinnliga-studenten","status":"publish","type":"post","link":"https:\/\/blogg.svenskakyrkan.se\/vandravagen\/2015\/06\/03\/jesus-och-den-forsta-kvinnliga-studenten\/","title":{"rendered":"Jesus och den f\u00f6rsta kvinnliga studenten?"},"content":{"rendered":"<p>&nbsp;<\/p>\n<div id=\"attachment_3171\" style=\"width: 594px\" class=\"wp-caption aligncenter\"><a href=\"http:\/\/blogg.svenskakyrkan.se\/vandravagen\/files\/2015\/05\/IMG_6103-1.jpg\"><img loading=\"lazy\" decoding=\"async\" aria-describedby=\"caption-attachment-3171\" class=\"size-large wp-image-3171\" src=\"http:\/\/blogg.svenskakyrkan.se\/vandravagen\/files\/2015\/05\/IMG_6103-1-1024x602.jpg\" alt=\"Martha st\u00e5r och jobbar. Maria studerar.\" width=\"584\" height=\"343\" srcset=\"https:\/\/blogg.svenskakyrkan.se\/vandravagen\/files\/2015\/05\/IMG_6103-1.jpg 1024w, https:\/\/blogg.svenskakyrkan.se\/vandravagen\/files\/2015\/05\/IMG_6103-1-300x176.jpg 300w, https:\/\/blogg.svenskakyrkan.se\/vandravagen\/files\/2015\/05\/IMG_6103-1-500x294.jpg 500w\" sizes=\"auto, (max-width: 584px) 100vw, 584px\" \/><\/a><p id=\"caption-attachment-3171\" class=\"wp-caption-text\">Martha st\u00e5r och jobbar. Maria studerar.<\/p><\/div>\n<p>Jag \u00e4r inne i en serie bloggposter om Jesus i sitt judiska sammanhang och det beror mycket p\u00e5 att jag nyligen varit p\u00e5 en fantastisk pr\u00e4stfortbildning med det som tema. F\u00f6rutom biskop \u00c5ke Bonnier g\u00e4stades vi av <strong>Mikael Winninge<\/strong> fr\u00e5n svenska bibels\u00e4llskapet och av <strong>Morton och Judith Narrowe<\/strong>. Morton var tidigare \u00f6verrabbin i Stockholms synagoga och Judith \u00e4r antropolog. Tillsammans bj\u00f6d de p\u00e5 en massa intressanta fakta som spred nytt ljus \u00f6ver nya testamentet. Nu vill jag ber\u00e4tta om n\u00e5got jag fick upp \u00f6gonen f\u00f6r genom Judiths f\u00f6redrag. Jag tror n\u00e4mligen att det s\u00e4ger oss n\u00e5got om n\u00e4r Jesus var hemma hos <strong>Martha och Maria!<\/strong><\/p>\n<p>F\u00f6redraget var <strong>ett studium av s\u00e5ngen till &#8221;den goda hustrun&#8221;<\/strong> i ordspr\u00e5ksboken (31:10-31). Vi fick h\u00f6ra att dessa ord ska l\u00e4sas av den \u00e4kta mannen i familjen som en hyllning till hustrun n\u00e4r sabbatsljusen t\u00e4nts p\u00e5 fredagskv\u00e4llen men i Narrowes hem hade detta aldrig skett eftersom Judith v\u00e4grat. S\u00e5 h\u00e4r st\u00e5r det i alla fall om den idealiska hustrun:<\/p>\n<blockquote>\n<div class=\"line\">Att finna en driftig hustru, vem f\u00f6runnas det &#8211;<\/div>\n<div class=\"line2\">l\u00e5ngt mer \u00e4n p\u00e4rlor \u00e4r hon v\u00e4rd.<\/div>\n<div class=\"line\">Blint litar hennes man p\u00e5 henne,<\/div>\n<div class=\"line2\">och vinsten uteblir inte.<\/div>\n<div class=\"line\">Dagligen \u00e4r hon honom till nytta,<\/div>\n<div class=\"line2\">aldrig till skada.<\/div>\n<div class=\"line\">Efter att ha skaffat ull och lin<\/div>\n<div class=\"line2\"><strong>arbetar hon med flinka h\u00e4nder.<\/strong><\/div>\n<div class=\"line\"><strong>Fr\u00e5n avl\u00e4gsna trakter h\u00e4mtar hon f\u00f6rr\u00e5d,<\/strong><\/div>\n<div class=\"line2\">hon \u00e4r som k\u00f6pmannens skepp.<\/div>\n<div class=\"line\">Gryningen \u00e4r inte inne n\u00e4r hon stiger upp,<\/div>\n<div class=\"line2\">s\u00e4tter fram mat \u00e5t familjen<\/div>\n<div class=\"line2\">och ger pigorna deras portioner.<\/div>\n<div class=\"line\"><strong>Hon ser ut en \u00e5ker och k\u00f6per den,<\/strong><\/div>\n<div class=\"line2\"><strong>planterar en ving\u00e5rd f\u00f6r det hon sj\u00e4lv har tj\u00e4nat.<\/strong><\/div>\n<div class=\"line\">Ivrigt g\u00e5r hon till verket<\/div>\n<div class=\"line2\">och <strong>hugger i<\/strong> med starka armar.<\/div>\n<div class=\"line\">Kan hon m\u00e4rka att aff\u00e4rerna g\u00e5r bra<\/div>\n<div class=\"line2\">f\u00e5r hennes lampa brinna hela natten.<\/div>\n<div class=\"line\">L\u00e4tt hanterar hon sl\u00e4ndtrissan<\/div>\n<div class=\"line2\">och h\u00e5ller sl\u00e4ndan i handen.<\/div>\n<div class=\"line\">Mot de svaga r\u00e4cker hon ut handen,<\/div>\n<div class=\"line2\"><strong>hon \u00f6ppnar sin famn<\/strong> f\u00f6r de fattiga.<\/div>\n<div class=\"line\">N\u00e4r sn\u00f6n kommer \u00e4ngslas hon inte:<\/div>\n<div class=\"line2\">hela familjen har kl\u00e4der av ylle.<\/div>\n<div class=\"line\">Ocks\u00e5 t\u00e4cken v\u00e4ver hon sj\u00e4lv,<\/div>\n<div class=\"line2\">hon \u00e4r kl\u00e4dd i linne och purpur.<\/div>\n<div class=\"line\"><strong>P\u00e5 hennes man ser alla med aktning,<\/strong><\/div>\n<div class=\"line2\"><strong>d\u00e4r han sitter bland de \u00e4ldste i porten.<\/strong><\/div>\n<div class=\"line\">Rockar av linne syr hon och s\u00e4ljer,<\/div>\n<\/blockquote>\n<div class=\"line\">\n<blockquote>\n<div class=\"line2\">handlaren f\u00f6rser hon med b\u00e4lten.<\/div>\n<div class=\"line\">Styrka och v\u00e4rdighet utstr\u00e5lar hon<\/div>\n<div class=\"line2\">och ser leende framtiden an.<\/div>\n<div class=\"line\">Talar g\u00f6r hon med klokhet,<\/div>\n<div class=\"line2\">v\u00e4nliga f\u00f6rmaningar delar hon ut.<\/div>\n<div class=\"line\">Uppm\u00e4rksamt f\u00f6ljer hon allt i huset,<\/div>\n<div class=\"line2\"><strong>aldrig \u00e4ter hon l\u00e4ttjans br\u00f6d.<\/strong><\/div>\n<div class=\"line\">V\u00e4lsignad blir hon av sina barn,<\/div>\n<div class=\"line2\">och hennes man lovprisar henne:<\/div>\n<div class=\"line\">\u00c5tskilliga duktiga kvinnor har jag sett,<\/div>\n<div class=\"line2\">men du \u00f6vertr\u00e4ffar dem alla! &#8211;<\/div>\n<div class=\"line\">\u00c4lsklighet kan bedra, sk\u00f6nhet f\u00f6rg\u00e5r,<\/div>\n<div class=\"line2\">f\u00f6r sin gudsfruktan skall en hustru prisas.<\/div>\n<div class=\"line\">\u00d6verl\u00e4mna \u00e5t henne hennes m\u00f6das l\u00f6n,<\/div>\n<div class=\"line2\">m\u00e5 hon prisas i portarna f\u00f6r sina verk.<\/div>\n<\/blockquote>\n<div class=\"line2\"><\/div>\n<div class=\"line2\">Det \u00e4r inte l\u00e4tt att leva upp till det idealet, det f\u00f6rst\u00e5r man. Hon ska b\u00e5de sk\u00f6ta hush\u00e5llet och \u00e5krarna och en hel del handel. Lite ov\u00e4ntat st\u00e5r det v\u00e4ldigt lite om att hon skulle sk\u00f6ta barnen, det kanske var alltf\u00f6r sj\u00e4lvklart? Sen tycker jag det \u00e4r intressant att hennes utseende inte alls \u00e4r p\u00e5 tal. D\u00e4r ligger ju v\u00e4ldigt mycket av v\u00e5r tids krav p\u00e5 kvinnor? Det \u00e4r en m\u00e5ngtydig bild av kvinnors liv som framtr\u00e4der. \u00c5 ena sidan\u00a0en stark och sj\u00e4lvst\u00e4ndig kvinna som faktiskt f\u00f6rv\u00e4ntas agera p\u00e5 eget initiativ och ha stora f\u00f6rm\u00e5gor. \u00c5 andra sidan finns det \u00e4nd\u00e5 gr\u00e4nser f\u00f6r vad som f\u00f6rv\u00e4ntas vara m\u00e4nnens omr\u00e5de.<\/div>\n<div class=\"line2\"><\/div>\n<div class=\"line2\">\n<div id=\"attachment_3193\" style=\"width: 594px\" class=\"wp-caption aligncenter\"><a href=\"http:\/\/blogg.svenskakyrkan.se\/vandravagen\/files\/2015\/06\/IMG_3622.jpg\"><img loading=\"lazy\" decoding=\"async\" aria-describedby=\"caption-attachment-3193\" class=\"size-large wp-image-3193\" src=\"http:\/\/blogg.svenskakyrkan.se\/vandravagen\/files\/2015\/06\/IMG_3622-1024x768.jpg\" alt=\"Morton Narrowe\" width=\"584\" height=\"438\" srcset=\"https:\/\/blogg.svenskakyrkan.se\/vandravagen\/files\/2015\/06\/IMG_3622-1024x768.jpg 1024w, https:\/\/blogg.svenskakyrkan.se\/vandravagen\/files\/2015\/06\/IMG_3622-300x225.jpg 300w, https:\/\/blogg.svenskakyrkan.se\/vandravagen\/files\/2015\/06\/IMG_3622-400x300.jpg 400w, https:\/\/blogg.svenskakyrkan.se\/vandravagen\/files\/2015\/06\/IMG_3622.jpg 1280w\" sizes=\"auto, (max-width: 584px) 100vw, 584px\" \/><\/a><p id=\"caption-attachment-3193\" class=\"wp-caption-text\">Morton Narrowe<\/p><\/div>\n<\/div>\n<div class=\"line2\">Det enda den h\u00e4r kvinnan INTE g\u00f6r verkar vara det hennes man g\u00f6r; han sitter i stadsporten och diskuterar med de andra l\u00e4rda m\u00e4nnen. Studier har i l\u00e5nga tider varit h\u00f6gt v\u00e4rdesatt bland judiska m\u00e4n. Nu till<strong> Marta och Maria.<\/strong><\/div>\n<div class=\"line2\"><\/div>\n<div class=\"line2\">Jesus kommer till Lasaros och hans systrar Marta och Maria. Maria s\u00e4tter sig vid Jesu f\u00f6tter och lyssnar p\u00e5 varje ord (tillsammans med Lasaros och s\u00e4kert en massa andra m\u00e4n). Marta d\u00e4remot jobbar med maten och klagar f\u00f6r Jesus att inte Maria hj\u00e4lper henne. D\u00e5 f\u00f6rsvarar Jesus Maria och s\u00e4ger att hon valt n\u00e5got gott och att det inte ska tas ifr\u00e5n henne.<\/div>\n<div class=\"line2\"><\/div>\n<div class=\"line2\">Om vi har med oss &#8221;den goda hustrun&#8221; i bakhuvudet kanske vi ser en ny po\u00e4ng i det h\u00e4r. Som vi sett<strong> ingick det inte i kvinnans roll att studera<\/strong>, det var mannens omr\u00e5de. Maria g\u00f6r det \u00e4nd\u00e5, hon bryter normen, och Jesus f\u00f6rsvarar henne. \u00d6ppnar Jesus upp f\u00f6r kvinnor att f\u00e5 studera och f\u00f6rdjupa sig? Det kanske \u00e4r just det han g\u00f6r! I ett samh\u00e4lle d\u00e4r det inte alls f\u00f6rekom!<\/div>\n<div class=\"line2\"><\/div>\n<div class=\"line2\">Margareta Melin skriver retfullt\u00a0om detta ungef\u00e4r att &#8221;Maria f\u00f6ljde sin l\u00e4ngtan \u00e4ven om det innebar att g\u00e5 sina egna v\u00e4gar. Hon br\u00f6t med de invanda k\u00f6nsrollerna. <strong>Problemet var att inga av m\u00e4nnen p\u00e5 plats\u00a0br\u00f6t mot k\u00f6nsnormerna<\/strong> och hj\u00e4lpte till i hennes st\u00e4lle s\u00e5 Martha blev ensam med disken&#8221;<\/div>\n<div class=\"line2\"><\/div>\n<div class=\"line2\">Den h\u00e4r j\u00e4mf\u00f6relsen med &#8221;den goda hustrun&#8221; (som visade sig vara mycket mer central i det judiska livet \u00e4n jag hade anat) \u00f6ppnade f\u00f6r en hel del nya tankar om nya testamentet. S\u00e5dant tycker jag \u00e4r v\u00e4ldigt roligt. Vad t\u00e4nker du efter att ha l\u00e4st det h\u00e4r? Skriv en kommentar!<\/div>\n<\/div>\n","protected":false},"excerpt":{"rendered":"<p>&nbsp; Jag \u00e4r inne i en serie bloggposter om Jesus i sitt judiska sammanhang och det beror mycket p\u00e5 att jag nyligen varit p\u00e5 en fantastisk pr\u00e4stfortbildning med det som tema. F\u00f6rutom biskop \u00c5ke Bonnier g\u00e4stades vi av Mikael Winninge fr\u00e5n svenska bibels\u00e4llskapet och av Morton och Judith Narrowe. Morton var tidigare \u00f6verrabbin i Stockholms [&hellip;]<\/p>\n","protected":false},"author":392,"featured_media":0,"comment_status":"open","ping_status":"open","sticky":false,"template":"","format":"standard","meta":{"_acf_changed":false,"footnotes":""},"categories":[8298,76189,77164],"tags":[],"class_list":["post-3170","post","type-post","status-publish","format-standard","hentry","category-bibeln","category-dagens-kyrka","category-man-och-kvinna"],"acf":[],"yoast_head":"<!-- This site is optimized with the Yoast SEO plugin v27.1.1 - https:\/\/yoast.com\/product\/yoast-seo-wordpress\/ -->\n<title>Jesus och den f\u00f6rsta kvinnliga studenten? - Vandra V\u00e4gen<\/title>\n<meta name=\"robots\" content=\"index, follow, max-snippet:-1, max-image-preview:large, max-video-preview:-1\" \/>\n<link rel=\"canonical\" href=\"https:\/\/blogg.svenskakyrkan.se\/vandravagen\/2015\/06\/03\/jesus-och-den-forsta-kvinnliga-studenten\/\" \/>\n<meta property=\"og:locale\" content=\"sv_SE\" \/>\n<meta property=\"og:type\" content=\"article\" \/>\n<meta property=\"og:title\" content=\"Jesus och den f\u00f6rsta kvinnliga studenten? - Vandra V\u00e4gen\" \/>\n<meta property=\"og:description\" content=\"&nbsp; Jag \u00e4r inne i en serie bloggposter om Jesus i sitt judiska sammanhang och det beror mycket p\u00e5 att jag nyligen varit p\u00e5 en fantastisk pr\u00e4stfortbildning med det som tema. F\u00f6rutom biskop \u00c5ke Bonnier g\u00e4stades vi av Mikael Winninge fr\u00e5n svenska bibels\u00e4llskapet och av Morton och Judith Narrowe. Morton var tidigare \u00f6verrabbin i Stockholms [&hellip;]\" \/>\n<meta property=\"og:url\" content=\"https:\/\/blogg.svenskakyrkan.se\/vandravagen\/2015\/06\/03\/jesus-och-den-forsta-kvinnliga-studenten\/\" \/>\n<meta property=\"og:site_name\" content=\"Vandra V\u00e4gen\" \/>\n<meta property=\"article:publisher\" content=\"http:\/\/facebook.com\/vandravagen\" \/>\n<meta property=\"article:published_time\" content=\"2015-06-03T05:25:42+00:00\" \/>\n<meta property=\"og:image\" content=\"http:\/\/blogg.svenskakyrkan.se\/vandravagen\/files\/2015\/05\/IMG_6103-1-1024x602.jpg\" \/>\n<meta name=\"author\" content=\"Tomas Jarvid\" \/>\n<meta name=\"twitter:card\" content=\"summary_large_image\" \/>\n<meta name=\"twitter:creator\" content=\"@fadertomas\" \/>\n<meta name=\"twitter:site\" content=\"@fadertomas\" \/>\n<meta name=\"twitter:label1\" content=\"Skriven av\" \/>\n\t<meta name=\"twitter:data1\" content=\"Tomas Jarvid\" \/>\n\t<meta name=\"twitter:label2\" content=\"Ber\u00e4knad l\u00e4stid\" \/>\n\t<meta name=\"twitter:data2\" content=\"5 minuter\" \/>\n<script type=\"application\/ld+json\" class=\"yoast-schema-graph\">{\"@context\":\"https:\/\/schema.org\",\"@graph\":[{\"@type\":\"Article\",\"@id\":\"https:\/\/blogg.svenskakyrkan.se\/vandravagen\/2015\/06\/03\/jesus-och-den-forsta-kvinnliga-studenten\/#article\",\"isPartOf\":{\"@id\":\"https:\/\/blogg.svenskakyrkan.se\/vandravagen\/2015\/06\/03\/jesus-och-den-forsta-kvinnliga-studenten\/\"},\"author\":{\"name\":\"Tomas Jarvid\",\"@id\":\"https:\/\/blogg.svenskakyrkan.se\/vandravagen\/#\/schema\/person\/25da02d4f76b137d04291711e2c9fc16\"},\"headline\":\"Jesus och den f\u00f6rsta kvinnliga studenten?\",\"datePublished\":\"2015-06-03T05:25:42+00:00\",\"mainEntityOfPage\":{\"@id\":\"https:\/\/blogg.svenskakyrkan.se\/vandravagen\/2015\/06\/03\/jesus-och-den-forsta-kvinnliga-studenten\/\"},\"wordCount\":1012,\"commentCount\":3,\"publisher\":{\"@id\":\"https:\/\/blogg.svenskakyrkan.se\/vandravagen\/#organization\"},\"image\":{\"@id\":\"https:\/\/blogg.svenskakyrkan.se\/vandravagen\/2015\/06\/03\/jesus-och-den-forsta-kvinnliga-studenten\/#primaryimage\"},\"thumbnailUrl\":\"http:\/\/blogg.svenskakyrkan.se\/vandravagen\/files\/2015\/05\/IMG_6103-1-1024x602.jpg\",\"articleSection\":[\"Bibeln\",\"Dagens Kyrka\",\"man och kvinna\"],\"inLanguage\":\"sv-SE\",\"potentialAction\":[{\"@type\":\"CommentAction\",\"name\":\"Comment\",\"target\":[\"https:\/\/blogg.svenskakyrkan.se\/vandravagen\/2015\/06\/03\/jesus-och-den-forsta-kvinnliga-studenten\/#respond\"]}]},{\"@type\":\"WebPage\",\"@id\":\"https:\/\/blogg.svenskakyrkan.se\/vandravagen\/2015\/06\/03\/jesus-och-den-forsta-kvinnliga-studenten\/\",\"url\":\"https:\/\/blogg.svenskakyrkan.se\/vandravagen\/2015\/06\/03\/jesus-och-den-forsta-kvinnliga-studenten\/\",\"name\":\"Jesus och den f\u00f6rsta kvinnliga studenten? - Vandra V\u00e4gen\",\"isPartOf\":{\"@id\":\"https:\/\/blogg.svenskakyrkan.se\/vandravagen\/#website\"},\"primaryImageOfPage\":{\"@id\":\"https:\/\/blogg.svenskakyrkan.se\/vandravagen\/2015\/06\/03\/jesus-och-den-forsta-kvinnliga-studenten\/#primaryimage\"},\"image\":{\"@id\":\"https:\/\/blogg.svenskakyrkan.se\/vandravagen\/2015\/06\/03\/jesus-och-den-forsta-kvinnliga-studenten\/#primaryimage\"},\"thumbnailUrl\":\"http:\/\/blogg.svenskakyrkan.se\/vandravagen\/files\/2015\/05\/IMG_6103-1-1024x602.jpg\",\"datePublished\":\"2015-06-03T05:25:42+00:00\",\"breadcrumb\":{\"@id\":\"https:\/\/blogg.svenskakyrkan.se\/vandravagen\/2015\/06\/03\/jesus-och-den-forsta-kvinnliga-studenten\/#breadcrumb\"},\"inLanguage\":\"sv-SE\",\"potentialAction\":[{\"@type\":\"ReadAction\",\"target\":[\"https:\/\/blogg.svenskakyrkan.se\/vandravagen\/2015\/06\/03\/jesus-och-den-forsta-kvinnliga-studenten\/\"]}]},{\"@type\":\"ImageObject\",\"inLanguage\":\"sv-SE\",\"@id\":\"https:\/\/blogg.svenskakyrkan.se\/vandravagen\/2015\/06\/03\/jesus-och-den-forsta-kvinnliga-studenten\/#primaryimage\",\"url\":\"http:\/\/blogg.svenskakyrkan.se\/vandravagen\/files\/2015\/05\/IMG_6103-1-1024x602.jpg\",\"contentUrl\":\"http:\/\/blogg.svenskakyrkan.se\/vandravagen\/files\/2015\/05\/IMG_6103-1-1024x602.jpg\"},{\"@type\":\"BreadcrumbList\",\"@id\":\"https:\/\/blogg.svenskakyrkan.se\/vandravagen\/2015\/06\/03\/jesus-och-den-forsta-kvinnliga-studenten\/#breadcrumb\",\"itemListElement\":[{\"@type\":\"ListItem\",\"position\":1,\"name\":\"Hem\",\"item\":\"https:\/\/blogg.svenskakyrkan.se\/vandravagen\/\"},{\"@type\":\"ListItem\",\"position\":2,\"name\":\"Jesus och den f\u00f6rsta kvinnliga studenten?\"}]},{\"@type\":\"WebSite\",\"@id\":\"https:\/\/blogg.svenskakyrkan.se\/vandravagen\/#website\",\"url\":\"https:\/\/blogg.svenskakyrkan.se\/vandravagen\/\",\"name\":\"Vandra V\u00e4gen\",\"description\":\"-Mot en tro f\u00f6r hela livet\",\"publisher\":{\"@id\":\"https:\/\/blogg.svenskakyrkan.se\/vandravagen\/#organization\"},\"potentialAction\":[{\"@type\":\"SearchAction\",\"target\":{\"@type\":\"EntryPoint\",\"urlTemplate\":\"https:\/\/blogg.svenskakyrkan.se\/vandravagen\/?s={search_term_string}\"},\"query-input\":{\"@type\":\"PropertyValueSpecification\",\"valueRequired\":true,\"valueName\":\"search_term_string\"}}],\"inLanguage\":\"sv-SE\"},{\"@type\":\"Organization\",\"@id\":\"https:\/\/blogg.svenskakyrkan.se\/vandravagen\/#organization\",\"name\":\"ulricehamns pastorat\",\"alternateName\":\"ulricehamns pastorat\",\"url\":\"https:\/\/blogg.svenskakyrkan.se\/vandravagen\/\",\"logo\":{\"@type\":\"ImageObject\",\"inLanguage\":\"sv-SE\",\"@id\":\"https:\/\/blogg.svenskakyrkan.se\/vandravagen\/#\/schema\/logo\/image\/\",\"url\":\"https:\/\/blogg.svenskakyrkan.se\/vandravagen\/files\/2023\/05\/Ulr_logo_RGB.png\",\"contentUrl\":\"https:\/\/blogg.svenskakyrkan.se\/vandravagen\/files\/2023\/05\/Ulr_logo_RGB.png\",\"width\":205,\"height\":77,\"caption\":\"ulricehamns pastorat\"},\"image\":{\"@id\":\"https:\/\/blogg.svenskakyrkan.se\/vandravagen\/#\/schema\/logo\/image\/\"},\"sameAs\":[\"http:\/\/facebook.com\/vandravagen\",\"https:\/\/x.com\/fadertomas\",\"http:\/\/www.facebook.com\/svenskakyrkaniulricehamn\"]},{\"@type\":\"Person\",\"@id\":\"https:\/\/blogg.svenskakyrkan.se\/vandravagen\/#\/schema\/person\/25da02d4f76b137d04291711e2c9fc16\",\"name\":\"Tomas Jarvid\",\"image\":{\"@type\":\"ImageObject\",\"inLanguage\":\"sv-SE\",\"@id\":\"https:\/\/blogg.svenskakyrkan.se\/vandravagen\/#\/schema\/person\/image\/\",\"url\":\"https:\/\/secure.gravatar.com\/avatar\/7fa71899795e8f540f615a1f5ab25255dc27aa40f05ee7ddd21aac521e01bf50?s=96&d=identicon&r=g\",\"contentUrl\":\"https:\/\/secure.gravatar.com\/avatar\/7fa71899795e8f540f615a1f5ab25255dc27aa40f05ee7ddd21aac521e01bf50?s=96&d=identicon&r=g\",\"caption\":\"Tomas Jarvid\"},\"description\":\"Jag bor i Ulricehamn i V\u00e4sterg\u00f6tland och \u00e4r f\u00f6rsamlingspr\u00e4st i Svenska Kyrkan f\u00f6r Dalstorps f\u00f6rsamling i Kinds pastorat. P\u00e5 den h\u00e4r bloggen skriver jag ner tankar om vandringen som kristen.\",\"sameAs\":[\"http:\/\/www.vandravagen.se\"],\"url\":\"https:\/\/blogg.svenskakyrkan.se\/vandravagen\/author\/vandravagen\/\"}]}<\/script>\n<!-- \/ Yoast SEO plugin. -->","yoast_head_json":{"title":"Jesus och den f\u00f6rsta kvinnliga studenten? - Vandra V\u00e4gen","robots":{"index":"index","follow":"follow","max-snippet":"max-snippet:-1","max-image-preview":"max-image-preview:large","max-video-preview":"max-video-preview:-1"},"canonical":"https:\/\/blogg.svenskakyrkan.se\/vandravagen\/2015\/06\/03\/jesus-och-den-forsta-kvinnliga-studenten\/","og_locale":"sv_SE","og_type":"article","og_title":"Jesus och den f\u00f6rsta kvinnliga studenten? - Vandra V\u00e4gen","og_description":"&nbsp; Jag \u00e4r inne i en serie bloggposter om Jesus i sitt judiska sammanhang och det beror mycket p\u00e5 att jag nyligen varit p\u00e5 en fantastisk pr\u00e4stfortbildning med det som tema. F\u00f6rutom biskop \u00c5ke Bonnier g\u00e4stades vi av Mikael Winninge fr\u00e5n svenska bibels\u00e4llskapet och av Morton och Judith Narrowe. Morton var tidigare \u00f6verrabbin i Stockholms [&hellip;]","og_url":"https:\/\/blogg.svenskakyrkan.se\/vandravagen\/2015\/06\/03\/jesus-och-den-forsta-kvinnliga-studenten\/","og_site_name":"Vandra V\u00e4gen","article_publisher":"http:\/\/facebook.com\/vandravagen","article_published_time":"2015-06-03T05:25:42+00:00","og_image":[{"url":"http:\/\/blogg.svenskakyrkan.se\/vandravagen\/files\/2015\/05\/IMG_6103-1-1024x602.jpg","type":"","width":"","height":""}],"author":"Tomas Jarvid","twitter_card":"summary_large_image","twitter_creator":"@fadertomas","twitter_site":"@fadertomas","twitter_misc":{"Skriven av":"Tomas Jarvid","Ber\u00e4knad l\u00e4stid":"5 minuter"},"schema":{"@context":"https:\/\/schema.org","@graph":[{"@type":"Article","@id":"https:\/\/blogg.svenskakyrkan.se\/vandravagen\/2015\/06\/03\/jesus-och-den-forsta-kvinnliga-studenten\/#article","isPartOf":{"@id":"https:\/\/blogg.svenskakyrkan.se\/vandravagen\/2015\/06\/03\/jesus-och-den-forsta-kvinnliga-studenten\/"},"author":{"name":"Tomas Jarvid","@id":"https:\/\/blogg.svenskakyrkan.se\/vandravagen\/#\/schema\/person\/25da02d4f76b137d04291711e2c9fc16"},"headline":"Jesus och den f\u00f6rsta kvinnliga studenten?","datePublished":"2015-06-03T05:25:42+00:00","mainEntityOfPage":{"@id":"https:\/\/blogg.svenskakyrkan.se\/vandravagen\/2015\/06\/03\/jesus-och-den-forsta-kvinnliga-studenten\/"},"wordCount":1012,"commentCount":3,"publisher":{"@id":"https:\/\/blogg.svenskakyrkan.se\/vandravagen\/#organization"},"image":{"@id":"https:\/\/blogg.svenskakyrkan.se\/vandravagen\/2015\/06\/03\/jesus-och-den-forsta-kvinnliga-studenten\/#primaryimage"},"thumbnailUrl":"http:\/\/blogg.svenskakyrkan.se\/vandravagen\/files\/2015\/05\/IMG_6103-1-1024x602.jpg","articleSection":["Bibeln","Dagens Kyrka","man och kvinna"],"inLanguage":"sv-SE","potentialAction":[{"@type":"CommentAction","name":"Comment","target":["https:\/\/blogg.svenskakyrkan.se\/vandravagen\/2015\/06\/03\/jesus-och-den-forsta-kvinnliga-studenten\/#respond"]}]},{"@type":"WebPage","@id":"https:\/\/blogg.svenskakyrkan.se\/vandravagen\/2015\/06\/03\/jesus-och-den-forsta-kvinnliga-studenten\/","url":"https:\/\/blogg.svenskakyrkan.se\/vandravagen\/2015\/06\/03\/jesus-och-den-forsta-kvinnliga-studenten\/","name":"Jesus och den f\u00f6rsta kvinnliga studenten? - Vandra V\u00e4gen","isPartOf":{"@id":"https:\/\/blogg.svenskakyrkan.se\/vandravagen\/#website"},"primaryImageOfPage":{"@id":"https:\/\/blogg.svenskakyrkan.se\/vandravagen\/2015\/06\/03\/jesus-och-den-forsta-kvinnliga-studenten\/#primaryimage"},"image":{"@id":"https:\/\/blogg.svenskakyrkan.se\/vandravagen\/2015\/06\/03\/jesus-och-den-forsta-kvinnliga-studenten\/#primaryimage"},"thumbnailUrl":"http:\/\/blogg.svenskakyrkan.se\/vandravagen\/files\/2015\/05\/IMG_6103-1-1024x602.jpg","datePublished":"2015-06-03T05:25:42+00:00","breadcrumb":{"@id":"https:\/\/blogg.svenskakyrkan.se\/vandravagen\/2015\/06\/03\/jesus-och-den-forsta-kvinnliga-studenten\/#breadcrumb"},"inLanguage":"sv-SE","potentialAction":[{"@type":"ReadAction","target":["https:\/\/blogg.svenskakyrkan.se\/vandravagen\/2015\/06\/03\/jesus-och-den-forsta-kvinnliga-studenten\/"]}]},{"@type":"ImageObject","inLanguage":"sv-SE","@id":"https:\/\/blogg.svenskakyrkan.se\/vandravagen\/2015\/06\/03\/jesus-och-den-forsta-kvinnliga-studenten\/#primaryimage","url":"http:\/\/blogg.svenskakyrkan.se\/vandravagen\/files\/2015\/05\/IMG_6103-1-1024x602.jpg","contentUrl":"http:\/\/blogg.svenskakyrkan.se\/vandravagen\/files\/2015\/05\/IMG_6103-1-1024x602.jpg"},{"@type":"BreadcrumbList","@id":"https:\/\/blogg.svenskakyrkan.se\/vandravagen\/2015\/06\/03\/jesus-och-den-forsta-kvinnliga-studenten\/#breadcrumb","itemListElement":[{"@type":"ListItem","position":1,"name":"Hem","item":"https:\/\/blogg.svenskakyrkan.se\/vandravagen\/"},{"@type":"ListItem","position":2,"name":"Jesus och den f\u00f6rsta kvinnliga studenten?"}]},{"@type":"WebSite","@id":"https:\/\/blogg.svenskakyrkan.se\/vandravagen\/#website","url":"https:\/\/blogg.svenskakyrkan.se\/vandravagen\/","name":"Vandra V\u00e4gen","description":"-Mot en tro f\u00f6r hela livet","publisher":{"@id":"https:\/\/blogg.svenskakyrkan.se\/vandravagen\/#organization"},"potentialAction":[{"@type":"SearchAction","target":{"@type":"EntryPoint","urlTemplate":"https:\/\/blogg.svenskakyrkan.se\/vandravagen\/?s={search_term_string}"},"query-input":{"@type":"PropertyValueSpecification","valueRequired":true,"valueName":"search_term_string"}}],"inLanguage":"sv-SE"},{"@type":"Organization","@id":"https:\/\/blogg.svenskakyrkan.se\/vandravagen\/#organization","name":"ulricehamns pastorat","alternateName":"ulricehamns pastorat","url":"https:\/\/blogg.svenskakyrkan.se\/vandravagen\/","logo":{"@type":"ImageObject","inLanguage":"sv-SE","@id":"https:\/\/blogg.svenskakyrkan.se\/vandravagen\/#\/schema\/logo\/image\/","url":"https:\/\/blogg.svenskakyrkan.se\/vandravagen\/files\/2023\/05\/Ulr_logo_RGB.png","contentUrl":"https:\/\/blogg.svenskakyrkan.se\/vandravagen\/files\/2023\/05\/Ulr_logo_RGB.png","width":205,"height":77,"caption":"ulricehamns pastorat"},"image":{"@id":"https:\/\/blogg.svenskakyrkan.se\/vandravagen\/#\/schema\/logo\/image\/"},"sameAs":["http:\/\/facebook.com\/vandravagen","https:\/\/x.com\/fadertomas","http:\/\/www.facebook.com\/svenskakyrkaniulricehamn"]},{"@type":"Person","@id":"https:\/\/blogg.svenskakyrkan.se\/vandravagen\/#\/schema\/person\/25da02d4f76b137d04291711e2c9fc16","name":"Tomas Jarvid","image":{"@type":"ImageObject","inLanguage":"sv-SE","@id":"https:\/\/blogg.svenskakyrkan.se\/vandravagen\/#\/schema\/person\/image\/","url":"https:\/\/secure.gravatar.com\/avatar\/7fa71899795e8f540f615a1f5ab25255dc27aa40f05ee7ddd21aac521e01bf50?s=96&d=identicon&r=g","contentUrl":"https:\/\/secure.gravatar.com\/avatar\/7fa71899795e8f540f615a1f5ab25255dc27aa40f05ee7ddd21aac521e01bf50?s=96&d=identicon&r=g","caption":"Tomas Jarvid"},"description":"Jag bor i Ulricehamn i V\u00e4sterg\u00f6tland och \u00e4r f\u00f6rsamlingspr\u00e4st i Svenska Kyrkan f\u00f6r Dalstorps f\u00f6rsamling i Kinds pastorat. P\u00e5 den h\u00e4r bloggen skriver jag ner tankar om vandringen som kristen.","sameAs":["http:\/\/www.vandravagen.se"],"url":"https:\/\/blogg.svenskakyrkan.se\/vandravagen\/author\/vandravagen\/"}]}},"author_meta":{"ID":"392","user_nicename":"vandravagen","user_url":"http:\/\/www.vandravagen.se","user_registered":"2014-05-19 05:44:52","display_name":"Tomas Jarvid","first_name":"Tomas","last_name":"Jarvid","avatar":"https:\/\/secure.gravatar.com\/avatar\/7fa71899795e8f540f615a1f5ab25255dc27aa40f05ee7ddd21aac521e01bf50?s=96&d=identicon&r=g"},"featured_image":false,"bloginfo":{"name":"Vandra V\u00e4gen","url":"https:\/\/blogg.svenskakyrkan.se\/vandravagen"},"_links":{"self":[{"href":"https:\/\/blogg.svenskakyrkan.se\/vandravagen\/wp-json\/wp\/v2\/posts\/3170","targetHints":{"allow":["GET"]}}],"collection":[{"href":"https:\/\/blogg.svenskakyrkan.se\/vandravagen\/wp-json\/wp\/v2\/posts"}],"about":[{"href":"https:\/\/blogg.svenskakyrkan.se\/vandravagen\/wp-json\/wp\/v2\/types\/post"}],"author":[{"embeddable":true,"href":"https:\/\/blogg.svenskakyrkan.se\/vandravagen\/wp-json\/wp\/v2\/users\/392"}],"replies":[{"embeddable":true,"href":"https:\/\/blogg.svenskakyrkan.se\/vandravagen\/wp-json\/wp\/v2\/comments?post=3170"}],"version-history":[{"count":2,"href":"https:\/\/blogg.svenskakyrkan.se\/vandravagen\/wp-json\/wp\/v2\/posts\/3170\/revisions"}],"predecessor-version":[{"id":3194,"href":"https:\/\/blogg.svenskakyrkan.se\/vandravagen\/wp-json\/wp\/v2\/posts\/3170\/revisions\/3194"}],"wp:attachment":[{"href":"https:\/\/blogg.svenskakyrkan.se\/vandravagen\/wp-json\/wp\/v2\/media?parent=3170"}],"wp:term":[{"taxonomy":"category","embeddable":true,"href":"https:\/\/blogg.svenskakyrkan.se\/vandravagen\/wp-json\/wp\/v2\/categories?post=3170"},{"taxonomy":"post_tag","embeddable":true,"href":"https:\/\/blogg.svenskakyrkan.se\/vandravagen\/wp-json\/wp\/v2\/tags?post=3170"}],"curies":[{"name":"wp","href":"https:\/\/api.w.org\/{rel}","templated":true}]}}