{"id":3177,"date":"2015-06-01T10:20:18","date_gmt":"2015-06-01T08:20:18","guid":{"rendered":"http:\/\/blogg.svenskakyrkan.se\/vandravagen\/?p=3177"},"modified":"2015-06-01T10:20:18","modified_gmt":"2015-06-01T08:20:18","slug":"fotobloggpost-fran-kestad-kyrka","status":"publish","type":"post","link":"https:\/\/blogg.svenskakyrkan.se\/vandravagen\/2015\/06\/01\/fotobloggpost-fran-kestad-kyrka\/","title":{"rendered":"Fotobloggpost fr\u00e5n Kestad kyrka"},"content":{"rendered":"<div id=\"attachment_3178\" style=\"width: 436px\" class=\"wp-caption aligncenter\"><a href=\"http:\/\/blogg.svenskakyrkan.se\/vandravagen\/files\/2015\/06\/DSC_0613.jpg\"><img loading=\"lazy\" decoding=\"async\" aria-describedby=\"caption-attachment-3178\" class=\"size-full wp-image-3178\" src=\"http:\/\/blogg.svenskakyrkan.se\/vandravagen\/files\/2015\/06\/DSC_0613.jpg\" alt=\"En liten, liten kyrka i Kestad.\" width=\"426\" height=\"640\" srcset=\"https:\/\/blogg.svenskakyrkan.se\/vandravagen\/files\/2015\/06\/DSC_0613.jpg 426w, https:\/\/blogg.svenskakyrkan.se\/vandravagen\/files\/2015\/06\/DSC_0613-300x451.jpg 300w, https:\/\/blogg.svenskakyrkan.se\/vandravagen\/files\/2015\/06\/DSC_0613-200x300.jpg 200w\" sizes=\"auto, (max-width: 426px) 100vw, 426px\" \/><\/a><p id=\"caption-attachment-3178\" class=\"wp-caption-text\">En liten, liten kyrka i Kestad.<\/p><\/div>\n<p>H\u00e4romveckan var jag och d\u00f6pte ett barn i den lilla kyrkan i Kestad vid Kinnekulles fot. D\u00e5 passade jag p\u00e5 att ta lite bilder ocks\u00e5. Jag har ju gjort en hel del s\u00e5na fotobloggposter h\u00e4r p\u00e5 Vandra V\u00e4gen (bland annat f\u00f6r <a href=\"http:\/\/blogg.svenskakyrkan.se\/vandravagen\/2014\/12\/27\/fotobloggpost-fran-tidavads-kyrka\/\">Tidavads kyrka<\/a> som jag bes\u00f6kte igen ig\u00e5r, dock nu i sommarskrud).<\/p>\n<p><a href=\"http:\/\/blogg.svenskakyrkan.se\/vandravagen\/files\/2015\/06\/DSC_0600.jpg\"><img loading=\"lazy\" decoding=\"async\" class=\"aligncenter size-full wp-image-3186\" src=\"http:\/\/blogg.svenskakyrkan.se\/vandravagen\/files\/2015\/06\/DSC_0600.jpg\" alt=\"DSC_0600\" width=\"640\" height=\"426\" srcset=\"https:\/\/blogg.svenskakyrkan.se\/vandravagen\/files\/2015\/06\/DSC_0600.jpg 640w, https:\/\/blogg.svenskakyrkan.se\/vandravagen\/files\/2015\/06\/DSC_0600-300x200.jpg 300w, https:\/\/blogg.svenskakyrkan.se\/vandravagen\/files\/2015\/06\/DSC_0600-451x300.jpg 451w\" sizes=\"auto, (max-width: 640px) 100vw, 640px\" \/><\/a><\/p>\n<p>&nbsp;<\/p>\n<p>Kyrkan i Kastad \u00e4r verkligen inte stor men det \u00e4r ju f\u00f6r det allra mesta en f\u00f6rdel nuf\u00f6rtiden. Kyrkan har tydligen ocks\u00e5 vuxit och krympt med \u00e5ren. Nu \u00e4r den kanske ungef\u00e4r s\u00e5 stor som den var n\u00e4r den byggdes p\u00e5 medeltiden men ett tag var den n\u00e4stan dubbelt s\u00e5 stor fram\u00e5t. Lustigt hur det kan vara. P\u00e5 bilden ser man ocks\u00e5 kyrkvaktm\u00e4staren som g\u00e5r och samlar ihop psalmb\u00f6cker efter dopet.<\/p>\n<p><a href=\"http:\/\/blogg.svenskakyrkan.se\/vandravagen\/files\/2015\/06\/DSC_0605.jpg\"><img loading=\"lazy\" decoding=\"async\" class=\"aligncenter size-full wp-image-3182\" src=\"http:\/\/blogg.svenskakyrkan.se\/vandravagen\/files\/2015\/06\/DSC_0605.jpg\" alt=\"DSC_0605\" width=\"426\" height=\"640\" srcset=\"https:\/\/blogg.svenskakyrkan.se\/vandravagen\/files\/2015\/06\/DSC_0605.jpg 426w, https:\/\/blogg.svenskakyrkan.se\/vandravagen\/files\/2015\/06\/DSC_0605-300x451.jpg 300w, https:\/\/blogg.svenskakyrkan.se\/vandravagen\/files\/2015\/06\/DSC_0605-200x300.jpg 200w\" sizes=\"auto, (max-width: 426px) 100vw, 426px\" \/><\/a><\/p>\n<p>&nbsp;<\/p>\n<p>Den h\u00e4r \u00e4ngeln med timglas och d\u00f6dskalle och n\u00e5got stirrig blick st\u00e5r p\u00e5 predikstolen och \u00e4r i mitt tycke den roligaste detaljen i kyrkans utsmyckning. \u00c4ngelns kl\u00e4der \u00e4r ocks\u00e5 lite m\u00e4rkliga. Inte s\u00e4rskilt skylande egentligen?<\/p>\n<p><a href=\"http:\/\/blogg.svenskakyrkan.se\/vandravagen\/files\/2015\/06\/DSC_0604.jpg\"><img loading=\"lazy\" decoding=\"async\" class=\"aligncenter size-full wp-image-3179\" src=\"http:\/\/blogg.svenskakyrkan.se\/vandravagen\/files\/2015\/06\/DSC_0604.jpg\" alt=\"DSC_0604\" width=\"640\" height=\"426\" srcset=\"https:\/\/blogg.svenskakyrkan.se\/vandravagen\/files\/2015\/06\/DSC_0604.jpg 640w, https:\/\/blogg.svenskakyrkan.se\/vandravagen\/files\/2015\/06\/DSC_0604-300x200.jpg 300w, https:\/\/blogg.svenskakyrkan.se\/vandravagen\/files\/2015\/06\/DSC_0604-451x300.jpg 451w\" sizes=\"auto, (max-width: 640px) 100vw, 640px\" \/><\/a><\/p>\n<p>&nbsp;<\/p>\n<p>I dopfuntens sk\u00e5l ser vi Jesus som <a href=\"http:\/\/blogg.svenskakyrkan.se\/vandravagen\/2015\/04\/23\/den-gode-lararen\/\">den gode herden<\/a> som tar hand om sina f\u00e5r. Mycket vackert n\u00e4r solens str\u00e5lar skiner p\u00e5 honom.<\/p>\n<p>&nbsp;<\/p>\n<p><a href=\"http:\/\/blogg.svenskakyrkan.se\/vandravagen\/files\/2015\/06\/DSC_0607.jpg\"><img loading=\"lazy\" decoding=\"async\" class=\"aligncenter size-full wp-image-3184\" src=\"http:\/\/blogg.svenskakyrkan.se\/vandravagen\/files\/2015\/06\/DSC_0607.jpg\" alt=\"DSC_0607\" width=\"640\" height=\"480\" srcset=\"https:\/\/blogg.svenskakyrkan.se\/vandravagen\/files\/2015\/06\/DSC_0607.jpg 640w, https:\/\/blogg.svenskakyrkan.se\/vandravagen\/files\/2015\/06\/DSC_0607-300x225.jpg 300w, https:\/\/blogg.svenskakyrkan.se\/vandravagen\/files\/2015\/06\/DSC_0607-400x300.jpg 400w\" sizes=\"auto, (max-width: 640px) 100vw, 640px\" \/><\/a><\/p>\n<p>Dopfunten har v\u00e4ldigt fina bilder inhuggna p\u00e5 sig. Bland annat kan man se denne pr\u00e4st med bok, oblat och kalk i f\u00e4rd med att celebrera m\u00e4ssan. Min f\u00f6reg\u00e5ngare p\u00e5 platsen kanske?<\/p>\n<p><a href=\"http:\/\/blogg.svenskakyrkan.se\/vandravagen\/files\/2015\/06\/DSC_0609.jpg\"><img loading=\"lazy\" decoding=\"async\" class=\"aligncenter size-full wp-image-3181\" src=\"http:\/\/blogg.svenskakyrkan.se\/vandravagen\/files\/2015\/06\/DSC_0609.jpg\" alt=\"DSC_0609\" width=\"640\" height=\"426\" srcset=\"https:\/\/blogg.svenskakyrkan.se\/vandravagen\/files\/2015\/06\/DSC_0609.jpg 640w, https:\/\/blogg.svenskakyrkan.se\/vandravagen\/files\/2015\/06\/DSC_0609-300x200.jpg 300w, https:\/\/blogg.svenskakyrkan.se\/vandravagen\/files\/2015\/06\/DSC_0609-451x300.jpg 451w\" sizes=\"auto, (max-width: 640px) 100vw, 640px\" \/><\/a><\/p>\n<p>P\u00e5 v\u00e4gen fram mot koret ser man (som s\u00e5 ofta i medeltida kyrkor) ett krucifix med Johannes och Maria vid korsets fot. H\u00e4r fanns s\u00e4kert ett korskrank precis som i Husaby.<\/p>\n<p>&nbsp;<\/p>\n<p><a href=\"http:\/\/blogg.svenskakyrkan.se\/vandravagen\/files\/2015\/06\/DSC_0601.jpg\"><img loading=\"lazy\" decoding=\"async\" class=\"aligncenter size-full wp-image-3185\" src=\"http:\/\/blogg.svenskakyrkan.se\/vandravagen\/files\/2015\/06\/DSC_0601.jpg\" alt=\"DSC_0601\" width=\"640\" height=\"426\" srcset=\"https:\/\/blogg.svenskakyrkan.se\/vandravagen\/files\/2015\/06\/DSC_0601.jpg 640w, https:\/\/blogg.svenskakyrkan.se\/vandravagen\/files\/2015\/06\/DSC_0601-300x200.jpg 300w, https:\/\/blogg.svenskakyrkan.se\/vandravagen\/files\/2015\/06\/DSC_0601-451x300.jpg 451w\" sizes=\"auto, (max-width: 640px) 100vw, 640px\" \/><\/a><\/p>\n<p>&nbsp;<\/p>\n<p>Framme i koret finns flera fina och lite roliga figurer. Som den h\u00e4r \u00e4ngeln som best\u00e5r av huvud och vingar.<\/p>\n<p><a href=\"http:\/\/blogg.svenskakyrkan.se\/vandravagen\/files\/2015\/06\/DSC_0610.jpg\"><img loading=\"lazy\" decoding=\"async\" class=\"aligncenter size-full wp-image-3180\" src=\"http:\/\/blogg.svenskakyrkan.se\/vandravagen\/files\/2015\/06\/DSC_0610.jpg\" alt=\"DSC_0610\" width=\"640\" height=\"456\" srcset=\"https:\/\/blogg.svenskakyrkan.se\/vandravagen\/files\/2015\/06\/DSC_0610.jpg 640w, https:\/\/blogg.svenskakyrkan.se\/vandravagen\/files\/2015\/06\/DSC_0610-300x214.jpg 300w, https:\/\/blogg.svenskakyrkan.se\/vandravagen\/files\/2015\/06\/DSC_0610-421x300.jpg 421w\" sizes=\"auto, (max-width: 640px) 100vw, 640px\" \/><\/a>Och den h\u00e4r figuren som ligger lite sl\u00f6tt och st\u00f6der sig p\u00e5 sidan och tar det lugnt.<\/p>\n<p>&nbsp;<\/p>\n<p><a href=\"http:\/\/blogg.svenskakyrkan.se\/vandravagen\/files\/2015\/06\/DSC_0611.jpg\"><img loading=\"lazy\" decoding=\"async\" class=\"aligncenter size-full wp-image-3183\" src=\"http:\/\/blogg.svenskakyrkan.se\/vandravagen\/files\/2015\/06\/DSC_0611.jpg\" alt=\"DSC_0611\" width=\"588\" height=\"640\" srcset=\"https:\/\/blogg.svenskakyrkan.se\/vandravagen\/files\/2015\/06\/DSC_0611.jpg 588w, https:\/\/blogg.svenskakyrkan.se\/vandravagen\/files\/2015\/06\/DSC_0611-300x327.jpg 300w, https:\/\/blogg.svenskakyrkan.se\/vandravagen\/files\/2015\/06\/DSC_0611-276x300.jpg 276w\" sizes=\"auto, (max-width: 588px) 100vw, 588px\" \/><\/a><\/p>\n<p>Slutligen tyckte jag att det h\u00e4r bockhuvudet \u00f6ver altarbilden &#8221;ecce homo&#8221; k\u00e4nns r\u00e4tt ovanlig. Det \u00e4r ju inte direkt n\u00e5got lamm. N\u00e5n som vet hur det ska tolkas?<\/p>\n<p>&nbsp;<\/p>\n","protected":false},"excerpt":{"rendered":"<p>H\u00e4romveckan var jag och d\u00f6pte ett barn i den lilla kyrkan i Kestad vid Kinnekulles fot. D\u00e5 passade jag p\u00e5 att ta lite bilder ocks\u00e5. Jag har ju gjort en hel del s\u00e5na fotobloggposter h\u00e4r p\u00e5 Vandra V\u00e4gen (bland annat f\u00f6r Tidavads kyrka som jag bes\u00f6kte igen ig\u00e5r, dock nu i sommarskrud). &nbsp; Kyrkan i [&hellip;]<\/p>\n","protected":false},"author":392,"featured_media":0,"comment_status":"open","ping_status":"open","sticky":false,"template":"","format":"standard","meta":{"_acf_changed":false,"footnotes":""},"categories":[56,76189],"tags":[],"class_list":["post-3177","post","type-post","status-publish","format-standard","hentry","category-bilder","category-dagens-kyrka"],"acf":[],"yoast_head":"<!-- This site is optimized with the Yoast SEO plugin v27.1.1 - https:\/\/yoast.com\/product\/yoast-seo-wordpress\/ -->\n<title>Fotobloggpost fr\u00e5n Kestad kyrka - Vandra V\u00e4gen<\/title>\n<meta name=\"robots\" content=\"index, follow, max-snippet:-1, max-image-preview:large, max-video-preview:-1\" \/>\n<link rel=\"canonical\" href=\"https:\/\/blogg.svenskakyrkan.se\/vandravagen\/2015\/06\/01\/fotobloggpost-fran-kestad-kyrka\/\" \/>\n<meta property=\"og:locale\" content=\"sv_SE\" \/>\n<meta property=\"og:type\" content=\"article\" \/>\n<meta property=\"og:title\" content=\"Fotobloggpost fr\u00e5n Kestad kyrka - Vandra V\u00e4gen\" \/>\n<meta property=\"og:description\" content=\"H\u00e4romveckan var jag och d\u00f6pte ett barn i den lilla kyrkan i Kestad vid Kinnekulles fot. D\u00e5 passade jag p\u00e5 att ta lite bilder ocks\u00e5. Jag har ju gjort en hel del s\u00e5na fotobloggposter h\u00e4r p\u00e5 Vandra V\u00e4gen (bland annat f\u00f6r Tidavads kyrka som jag bes\u00f6kte igen ig\u00e5r, dock nu i sommarskrud). &nbsp; Kyrkan i [&hellip;]\" \/>\n<meta property=\"og:url\" content=\"https:\/\/blogg.svenskakyrkan.se\/vandravagen\/2015\/06\/01\/fotobloggpost-fran-kestad-kyrka\/\" \/>\n<meta property=\"og:site_name\" content=\"Vandra V\u00e4gen\" \/>\n<meta property=\"article:publisher\" content=\"http:\/\/facebook.com\/vandravagen\" \/>\n<meta property=\"article:published_time\" content=\"2015-06-01T08:20:18+00:00\" \/>\n<meta property=\"og:image\" content=\"http:\/\/blogg.svenskakyrkan.se\/vandravagen\/files\/2015\/06\/DSC_0613.jpg\" \/>\n<meta name=\"author\" content=\"Tomas Jarvid\" \/>\n<meta name=\"twitter:card\" content=\"summary_large_image\" \/>\n<meta name=\"twitter:creator\" content=\"@fadertomas\" \/>\n<meta name=\"twitter:site\" content=\"@fadertomas\" \/>\n<meta name=\"twitter:label1\" content=\"Skriven av\" \/>\n\t<meta name=\"twitter:data1\" content=\"Tomas Jarvid\" \/>\n\t<meta name=\"twitter:label2\" content=\"Ber\u00e4knad l\u00e4stid\" \/>\n\t<meta name=\"twitter:data2\" content=\"2 minuter\" \/>\n<script type=\"application\/ld+json\" class=\"yoast-schema-graph\">{\"@context\":\"https:\/\/schema.org\",\"@graph\":[{\"@type\":\"Article\",\"@id\":\"https:\/\/blogg.svenskakyrkan.se\/vandravagen\/2015\/06\/01\/fotobloggpost-fran-kestad-kyrka\/#article\",\"isPartOf\":{\"@id\":\"https:\/\/blogg.svenskakyrkan.se\/vandravagen\/2015\/06\/01\/fotobloggpost-fran-kestad-kyrka\/\"},\"author\":{\"name\":\"Tomas Jarvid\",\"@id\":\"https:\/\/blogg.svenskakyrkan.se\/vandravagen\/#\/schema\/person\/25da02d4f76b137d04291711e2c9fc16\"},\"headline\":\"Fotobloggpost fr\u00e5n Kestad kyrka\",\"datePublished\":\"2015-06-01T08:20:18+00:00\",\"mainEntityOfPage\":{\"@id\":\"https:\/\/blogg.svenskakyrkan.se\/vandravagen\/2015\/06\/01\/fotobloggpost-fran-kestad-kyrka\/\"},\"wordCount\":383,\"commentCount\":4,\"publisher\":{\"@id\":\"https:\/\/blogg.svenskakyrkan.se\/vandravagen\/#organization\"},\"image\":{\"@id\":\"https:\/\/blogg.svenskakyrkan.se\/vandravagen\/2015\/06\/01\/fotobloggpost-fran-kestad-kyrka\/#primaryimage\"},\"thumbnailUrl\":\"http:\/\/blogg.svenskakyrkan.se\/vandravagen\/files\/2015\/06\/DSC_0613.jpg\",\"articleSection\":[\"bilder\",\"Dagens Kyrka\"],\"inLanguage\":\"sv-SE\",\"potentialAction\":[{\"@type\":\"CommentAction\",\"name\":\"Comment\",\"target\":[\"https:\/\/blogg.svenskakyrkan.se\/vandravagen\/2015\/06\/01\/fotobloggpost-fran-kestad-kyrka\/#respond\"]}]},{\"@type\":\"WebPage\",\"@id\":\"https:\/\/blogg.svenskakyrkan.se\/vandravagen\/2015\/06\/01\/fotobloggpost-fran-kestad-kyrka\/\",\"url\":\"https:\/\/blogg.svenskakyrkan.se\/vandravagen\/2015\/06\/01\/fotobloggpost-fran-kestad-kyrka\/\",\"name\":\"Fotobloggpost fr\u00e5n Kestad kyrka - Vandra V\u00e4gen\",\"isPartOf\":{\"@id\":\"https:\/\/blogg.svenskakyrkan.se\/vandravagen\/#website\"},\"primaryImageOfPage\":{\"@id\":\"https:\/\/blogg.svenskakyrkan.se\/vandravagen\/2015\/06\/01\/fotobloggpost-fran-kestad-kyrka\/#primaryimage\"},\"image\":{\"@id\":\"https:\/\/blogg.svenskakyrkan.se\/vandravagen\/2015\/06\/01\/fotobloggpost-fran-kestad-kyrka\/#primaryimage\"},\"thumbnailUrl\":\"http:\/\/blogg.svenskakyrkan.se\/vandravagen\/files\/2015\/06\/DSC_0613.jpg\",\"datePublished\":\"2015-06-01T08:20:18+00:00\",\"breadcrumb\":{\"@id\":\"https:\/\/blogg.svenskakyrkan.se\/vandravagen\/2015\/06\/01\/fotobloggpost-fran-kestad-kyrka\/#breadcrumb\"},\"inLanguage\":\"sv-SE\",\"potentialAction\":[{\"@type\":\"ReadAction\",\"target\":[\"https:\/\/blogg.svenskakyrkan.se\/vandravagen\/2015\/06\/01\/fotobloggpost-fran-kestad-kyrka\/\"]}]},{\"@type\":\"ImageObject\",\"inLanguage\":\"sv-SE\",\"@id\":\"https:\/\/blogg.svenskakyrkan.se\/vandravagen\/2015\/06\/01\/fotobloggpost-fran-kestad-kyrka\/#primaryimage\",\"url\":\"http:\/\/blogg.svenskakyrkan.se\/vandravagen\/files\/2015\/06\/DSC_0613.jpg\",\"contentUrl\":\"http:\/\/blogg.svenskakyrkan.se\/vandravagen\/files\/2015\/06\/DSC_0613.jpg\"},{\"@type\":\"BreadcrumbList\",\"@id\":\"https:\/\/blogg.svenskakyrkan.se\/vandravagen\/2015\/06\/01\/fotobloggpost-fran-kestad-kyrka\/#breadcrumb\",\"itemListElement\":[{\"@type\":\"ListItem\",\"position\":1,\"name\":\"Hem\",\"item\":\"https:\/\/blogg.svenskakyrkan.se\/vandravagen\/\"},{\"@type\":\"ListItem\",\"position\":2,\"name\":\"Fotobloggpost fr\u00e5n Kestad kyrka\"}]},{\"@type\":\"WebSite\",\"@id\":\"https:\/\/blogg.svenskakyrkan.se\/vandravagen\/#website\",\"url\":\"https:\/\/blogg.svenskakyrkan.se\/vandravagen\/\",\"name\":\"Vandra V\u00e4gen\",\"description\":\"-Mot en tro f\u00f6r hela livet\",\"publisher\":{\"@id\":\"https:\/\/blogg.svenskakyrkan.se\/vandravagen\/#organization\"},\"potentialAction\":[{\"@type\":\"SearchAction\",\"target\":{\"@type\":\"EntryPoint\",\"urlTemplate\":\"https:\/\/blogg.svenskakyrkan.se\/vandravagen\/?s={search_term_string}\"},\"query-input\":{\"@type\":\"PropertyValueSpecification\",\"valueRequired\":true,\"valueName\":\"search_term_string\"}}],\"inLanguage\":\"sv-SE\"},{\"@type\":\"Organization\",\"@id\":\"https:\/\/blogg.svenskakyrkan.se\/vandravagen\/#organization\",\"name\":\"ulricehamns pastorat\",\"alternateName\":\"ulricehamns pastorat\",\"url\":\"https:\/\/blogg.svenskakyrkan.se\/vandravagen\/\",\"logo\":{\"@type\":\"ImageObject\",\"inLanguage\":\"sv-SE\",\"@id\":\"https:\/\/blogg.svenskakyrkan.se\/vandravagen\/#\/schema\/logo\/image\/\",\"url\":\"https:\/\/blogg.svenskakyrkan.se\/vandravagen\/files\/2023\/05\/Ulr_logo_RGB.png\",\"contentUrl\":\"https:\/\/blogg.svenskakyrkan.se\/vandravagen\/files\/2023\/05\/Ulr_logo_RGB.png\",\"width\":205,\"height\":77,\"caption\":\"ulricehamns pastorat\"},\"image\":{\"@id\":\"https:\/\/blogg.svenskakyrkan.se\/vandravagen\/#\/schema\/logo\/image\/\"},\"sameAs\":[\"http:\/\/facebook.com\/vandravagen\",\"https:\/\/x.com\/fadertomas\",\"http:\/\/www.facebook.com\/svenskakyrkaniulricehamn\"]},{\"@type\":\"Person\",\"@id\":\"https:\/\/blogg.svenskakyrkan.se\/vandravagen\/#\/schema\/person\/25da02d4f76b137d04291711e2c9fc16\",\"name\":\"Tomas Jarvid\",\"image\":{\"@type\":\"ImageObject\",\"inLanguage\":\"sv-SE\",\"@id\":\"https:\/\/blogg.svenskakyrkan.se\/vandravagen\/#\/schema\/person\/image\/\",\"url\":\"https:\/\/secure.gravatar.com\/avatar\/7fa71899795e8f540f615a1f5ab25255dc27aa40f05ee7ddd21aac521e01bf50?s=96&d=identicon&r=g\",\"contentUrl\":\"https:\/\/secure.gravatar.com\/avatar\/7fa71899795e8f540f615a1f5ab25255dc27aa40f05ee7ddd21aac521e01bf50?s=96&d=identicon&r=g\",\"caption\":\"Tomas Jarvid\"},\"description\":\"Jag bor i Ulricehamn i V\u00e4sterg\u00f6tland och \u00e4r f\u00f6rsamlingspr\u00e4st i Svenska Kyrkan f\u00f6r Dalstorps f\u00f6rsamling i Kinds pastorat. P\u00e5 den h\u00e4r bloggen skriver jag ner tankar om vandringen som kristen.\",\"sameAs\":[\"http:\/\/www.vandravagen.se\"],\"url\":\"https:\/\/blogg.svenskakyrkan.se\/vandravagen\/author\/vandravagen\/\"}]}<\/script>\n<!-- \/ Yoast SEO plugin. -->","yoast_head_json":{"title":"Fotobloggpost fr\u00e5n Kestad kyrka - Vandra V\u00e4gen","robots":{"index":"index","follow":"follow","max-snippet":"max-snippet:-1","max-image-preview":"max-image-preview:large","max-video-preview":"max-video-preview:-1"},"canonical":"https:\/\/blogg.svenskakyrkan.se\/vandravagen\/2015\/06\/01\/fotobloggpost-fran-kestad-kyrka\/","og_locale":"sv_SE","og_type":"article","og_title":"Fotobloggpost fr\u00e5n Kestad kyrka - Vandra V\u00e4gen","og_description":"H\u00e4romveckan var jag och d\u00f6pte ett barn i den lilla kyrkan i Kestad vid Kinnekulles fot. D\u00e5 passade jag p\u00e5 att ta lite bilder ocks\u00e5. Jag har ju gjort en hel del s\u00e5na fotobloggposter h\u00e4r p\u00e5 Vandra V\u00e4gen (bland annat f\u00f6r Tidavads kyrka som jag bes\u00f6kte igen ig\u00e5r, dock nu i sommarskrud). &nbsp; Kyrkan i [&hellip;]","og_url":"https:\/\/blogg.svenskakyrkan.se\/vandravagen\/2015\/06\/01\/fotobloggpost-fran-kestad-kyrka\/","og_site_name":"Vandra V\u00e4gen","article_publisher":"http:\/\/facebook.com\/vandravagen","article_published_time":"2015-06-01T08:20:18+00:00","og_image":[{"url":"http:\/\/blogg.svenskakyrkan.se\/vandravagen\/files\/2015\/06\/DSC_0613.jpg","type":"","width":"","height":""}],"author":"Tomas Jarvid","twitter_card":"summary_large_image","twitter_creator":"@fadertomas","twitter_site":"@fadertomas","twitter_misc":{"Skriven av":"Tomas Jarvid","Ber\u00e4knad l\u00e4stid":"2 minuter"},"schema":{"@context":"https:\/\/schema.org","@graph":[{"@type":"Article","@id":"https:\/\/blogg.svenskakyrkan.se\/vandravagen\/2015\/06\/01\/fotobloggpost-fran-kestad-kyrka\/#article","isPartOf":{"@id":"https:\/\/blogg.svenskakyrkan.se\/vandravagen\/2015\/06\/01\/fotobloggpost-fran-kestad-kyrka\/"},"author":{"name":"Tomas Jarvid","@id":"https:\/\/blogg.svenskakyrkan.se\/vandravagen\/#\/schema\/person\/25da02d4f76b137d04291711e2c9fc16"},"headline":"Fotobloggpost fr\u00e5n Kestad kyrka","datePublished":"2015-06-01T08:20:18+00:00","mainEntityOfPage":{"@id":"https:\/\/blogg.svenskakyrkan.se\/vandravagen\/2015\/06\/01\/fotobloggpost-fran-kestad-kyrka\/"},"wordCount":383,"commentCount":4,"publisher":{"@id":"https:\/\/blogg.svenskakyrkan.se\/vandravagen\/#organization"},"image":{"@id":"https:\/\/blogg.svenskakyrkan.se\/vandravagen\/2015\/06\/01\/fotobloggpost-fran-kestad-kyrka\/#primaryimage"},"thumbnailUrl":"http:\/\/blogg.svenskakyrkan.se\/vandravagen\/files\/2015\/06\/DSC_0613.jpg","articleSection":["bilder","Dagens Kyrka"],"inLanguage":"sv-SE","potentialAction":[{"@type":"CommentAction","name":"Comment","target":["https:\/\/blogg.svenskakyrkan.se\/vandravagen\/2015\/06\/01\/fotobloggpost-fran-kestad-kyrka\/#respond"]}]},{"@type":"WebPage","@id":"https:\/\/blogg.svenskakyrkan.se\/vandravagen\/2015\/06\/01\/fotobloggpost-fran-kestad-kyrka\/","url":"https:\/\/blogg.svenskakyrkan.se\/vandravagen\/2015\/06\/01\/fotobloggpost-fran-kestad-kyrka\/","name":"Fotobloggpost fr\u00e5n Kestad kyrka - Vandra V\u00e4gen","isPartOf":{"@id":"https:\/\/blogg.svenskakyrkan.se\/vandravagen\/#website"},"primaryImageOfPage":{"@id":"https:\/\/blogg.svenskakyrkan.se\/vandravagen\/2015\/06\/01\/fotobloggpost-fran-kestad-kyrka\/#primaryimage"},"image":{"@id":"https:\/\/blogg.svenskakyrkan.se\/vandravagen\/2015\/06\/01\/fotobloggpost-fran-kestad-kyrka\/#primaryimage"},"thumbnailUrl":"http:\/\/blogg.svenskakyrkan.se\/vandravagen\/files\/2015\/06\/DSC_0613.jpg","datePublished":"2015-06-01T08:20:18+00:00","breadcrumb":{"@id":"https:\/\/blogg.svenskakyrkan.se\/vandravagen\/2015\/06\/01\/fotobloggpost-fran-kestad-kyrka\/#breadcrumb"},"inLanguage":"sv-SE","potentialAction":[{"@type":"ReadAction","target":["https:\/\/blogg.svenskakyrkan.se\/vandravagen\/2015\/06\/01\/fotobloggpost-fran-kestad-kyrka\/"]}]},{"@type":"ImageObject","inLanguage":"sv-SE","@id":"https:\/\/blogg.svenskakyrkan.se\/vandravagen\/2015\/06\/01\/fotobloggpost-fran-kestad-kyrka\/#primaryimage","url":"http:\/\/blogg.svenskakyrkan.se\/vandravagen\/files\/2015\/06\/DSC_0613.jpg","contentUrl":"http:\/\/blogg.svenskakyrkan.se\/vandravagen\/files\/2015\/06\/DSC_0613.jpg"},{"@type":"BreadcrumbList","@id":"https:\/\/blogg.svenskakyrkan.se\/vandravagen\/2015\/06\/01\/fotobloggpost-fran-kestad-kyrka\/#breadcrumb","itemListElement":[{"@type":"ListItem","position":1,"name":"Hem","item":"https:\/\/blogg.svenskakyrkan.se\/vandravagen\/"},{"@type":"ListItem","position":2,"name":"Fotobloggpost fr\u00e5n Kestad kyrka"}]},{"@type":"WebSite","@id":"https:\/\/blogg.svenskakyrkan.se\/vandravagen\/#website","url":"https:\/\/blogg.svenskakyrkan.se\/vandravagen\/","name":"Vandra V\u00e4gen","description":"-Mot en tro f\u00f6r hela livet","publisher":{"@id":"https:\/\/blogg.svenskakyrkan.se\/vandravagen\/#organization"},"potentialAction":[{"@type":"SearchAction","target":{"@type":"EntryPoint","urlTemplate":"https:\/\/blogg.svenskakyrkan.se\/vandravagen\/?s={search_term_string}"},"query-input":{"@type":"PropertyValueSpecification","valueRequired":true,"valueName":"search_term_string"}}],"inLanguage":"sv-SE"},{"@type":"Organization","@id":"https:\/\/blogg.svenskakyrkan.se\/vandravagen\/#organization","name":"ulricehamns pastorat","alternateName":"ulricehamns pastorat","url":"https:\/\/blogg.svenskakyrkan.se\/vandravagen\/","logo":{"@type":"ImageObject","inLanguage":"sv-SE","@id":"https:\/\/blogg.svenskakyrkan.se\/vandravagen\/#\/schema\/logo\/image\/","url":"https:\/\/blogg.svenskakyrkan.se\/vandravagen\/files\/2023\/05\/Ulr_logo_RGB.png","contentUrl":"https:\/\/blogg.svenskakyrkan.se\/vandravagen\/files\/2023\/05\/Ulr_logo_RGB.png","width":205,"height":77,"caption":"ulricehamns pastorat"},"image":{"@id":"https:\/\/blogg.svenskakyrkan.se\/vandravagen\/#\/schema\/logo\/image\/"},"sameAs":["http:\/\/facebook.com\/vandravagen","https:\/\/x.com\/fadertomas","http:\/\/www.facebook.com\/svenskakyrkaniulricehamn"]},{"@type":"Person","@id":"https:\/\/blogg.svenskakyrkan.se\/vandravagen\/#\/schema\/person\/25da02d4f76b137d04291711e2c9fc16","name":"Tomas Jarvid","image":{"@type":"ImageObject","inLanguage":"sv-SE","@id":"https:\/\/blogg.svenskakyrkan.se\/vandravagen\/#\/schema\/person\/image\/","url":"https:\/\/secure.gravatar.com\/avatar\/7fa71899795e8f540f615a1f5ab25255dc27aa40f05ee7ddd21aac521e01bf50?s=96&d=identicon&r=g","contentUrl":"https:\/\/secure.gravatar.com\/avatar\/7fa71899795e8f540f615a1f5ab25255dc27aa40f05ee7ddd21aac521e01bf50?s=96&d=identicon&r=g","caption":"Tomas Jarvid"},"description":"Jag bor i Ulricehamn i V\u00e4sterg\u00f6tland och \u00e4r f\u00f6rsamlingspr\u00e4st i Svenska Kyrkan f\u00f6r Dalstorps f\u00f6rsamling i Kinds pastorat. P\u00e5 den h\u00e4r bloggen skriver jag ner tankar om vandringen som kristen.","sameAs":["http:\/\/www.vandravagen.se"],"url":"https:\/\/blogg.svenskakyrkan.se\/vandravagen\/author\/vandravagen\/"}]}},"author_meta":{"ID":"392","user_nicename":"vandravagen","user_url":"http:\/\/www.vandravagen.se","user_registered":"2014-05-19 05:44:52","display_name":"Tomas Jarvid","first_name":"Tomas","last_name":"Jarvid","avatar":"https:\/\/secure.gravatar.com\/avatar\/7fa71899795e8f540f615a1f5ab25255dc27aa40f05ee7ddd21aac521e01bf50?s=96&d=identicon&r=g"},"featured_image":false,"bloginfo":{"name":"Vandra V\u00e4gen","url":"https:\/\/blogg.svenskakyrkan.se\/vandravagen"},"_links":{"self":[{"href":"https:\/\/blogg.svenskakyrkan.se\/vandravagen\/wp-json\/wp\/v2\/posts\/3177","targetHints":{"allow":["GET"]}}],"collection":[{"href":"https:\/\/blogg.svenskakyrkan.se\/vandravagen\/wp-json\/wp\/v2\/posts"}],"about":[{"href":"https:\/\/blogg.svenskakyrkan.se\/vandravagen\/wp-json\/wp\/v2\/types\/post"}],"author":[{"embeddable":true,"href":"https:\/\/blogg.svenskakyrkan.se\/vandravagen\/wp-json\/wp\/v2\/users\/392"}],"replies":[{"embeddable":true,"href":"https:\/\/blogg.svenskakyrkan.se\/vandravagen\/wp-json\/wp\/v2\/comments?post=3177"}],"version-history":[{"count":2,"href":"https:\/\/blogg.svenskakyrkan.se\/vandravagen\/wp-json\/wp\/v2\/posts\/3177\/revisions"}],"predecessor-version":[{"id":3188,"href":"https:\/\/blogg.svenskakyrkan.se\/vandravagen\/wp-json\/wp\/v2\/posts\/3177\/revisions\/3188"}],"wp:attachment":[{"href":"https:\/\/blogg.svenskakyrkan.se\/vandravagen\/wp-json\/wp\/v2\/media?parent=3177"}],"wp:term":[{"taxonomy":"category","embeddable":true,"href":"https:\/\/blogg.svenskakyrkan.se\/vandravagen\/wp-json\/wp\/v2\/categories?post=3177"},{"taxonomy":"post_tag","embeddable":true,"href":"https:\/\/blogg.svenskakyrkan.se\/vandravagen\/wp-json\/wp\/v2\/tags?post=3177"}],"curies":[{"name":"wp","href":"https:\/\/api.w.org\/{rel}","templated":true}]}}