{"id":318,"date":"2013-10-12T08:41:00","date_gmt":"2013-10-12T06:41:00","guid":{"rendered":"http:\/\/blogg.svenskakyrkan.se\/vandravagen\/2013\/10\/12\/slutstenen-hemligheter-i-gotene-kyrka-del-ii\/"},"modified":"2013-10-12T08:41:00","modified_gmt":"2013-10-12T06:41:00","slug":"slutstenen-hemligheter-i-gotene-kyrka-del-ii","status":"publish","type":"post","link":"https:\/\/blogg.svenskakyrkan.se\/vandravagen\/2013\/10\/12\/slutstenen-hemligheter-i-gotene-kyrka-del-ii\/","title":{"rendered":"Slutstenen, hemligheter i G\u00f6tene kyrka del II"},"content":{"rendered":"<table align=\"center\" cellpadding=\"0\" cellspacing=\"0\">\n<tbody>\n<tr>\n<td><a href=\"http:\/\/3.bp.blogspot.com\/-rEYgJhHPNt4\/UlOodDWi9ZI\/AAAAAAAAFm8\/-7tKJi5KxCM\/s1600\/ros+i+kyrvalv.jpg\"><img loading=\"lazy\" decoding=\"async\" border=\"0\" height=\"426\" src=\"http:\/\/3.bp.blogspot.com\/-rEYgJhHPNt4\/UlOodDWi9ZI\/AAAAAAAAFm8\/-7tKJi5KxCM\/s640\/ros+i+kyrvalv.jpg\" width=\"640\"><\/a><\/td>\n<\/tr>\n<tr>\n<td>Ros framme d\u00e4r korets valvb\u00e5gar m\u00f6ts i G\u00f6tene kyrka<\/td>\n<\/tr>\n<\/tbody>\n<\/table>\n<p><span><br \/><\/span>Jag skrev i f\u00f6rrg\u00e5r om hur m\u00e5lningarna i G\u00f6tene kyrka l\u00e4r oss att <a href=\"http:\/\/www.vandravagen.se\/2013\/10\/gotene-kyrkas-vaggar-predikar.html\">vi l\u00e4r k\u00e4nna Fadern genom Jesus<\/a>. Jag vill faktiskt dela en till hemlighet som kyrkobyggnaden f\u00f6rvaltar.<\/p>\n<p>Framme i korets tak g\u00e5r n\u00e5gra valv ihop i ett kryss och mitt i krysset finns en blomma, en ros. Den skulle kunna syfta p\u00e5 Maria eller p\u00e5 tystnadsplikt hos det som s\u00e4gs &#8221;under rosen&#8221; f\u00f6r den som biktar sig i kyrkan men Sven-Erik Pernler tror snarare att det \u00e4r en symbol f\u00f6r Kristus sj\u00e4lv.<\/p>\n<p>I Efesierbrevet skriver Paulus att Gud<\/p>\n<blockquote>\n<p>&#8221;har yppat sin viljas hemlighet f\u00f6r oss, det beslut om Kristus som han hade fattat fr\u00e5n b\u00f6rjan och som skulle genomf\u00f6ras n\u00e4r tiden var inne: att sammanfatta allting i Kristus, allt i himlen och p\u00e5 jorden.&#8221;(Ef 1:9-10)<\/p>\n<\/blockquote>\n<p>Jesu verk \u00e4r slutstenen i Guds r\u00e4ddningsverk f\u00f6r hela skapelsen. Det st\u00e5r ocks\u00e5 l\u00e4ngre fram i samma brev att:<\/p>\n<blockquote>\n<p>&#8221;Ni har fogats in i den byggnad som har apostlarna och profeterna till grund och Kristus Jesus sj\u00e4lv till h\u00f6rnsten. Genom honom h\u00e5lls hela byggnaden ihop och v\u00e4xer upp till ett heligt tempel i Herren; 22genom honom fogas ocks\u00e5 ni samman till en andlig boning \u00e5t Gud.&#8221; (Ef 2:20-21)<\/p>\n<\/blockquote>\n<p>D\u00e4r st\u00e5r det visserligen &#8221;h\u00f6rnstenen&#8221; men det kanske hellre skulle \u00f6vers\u00e4ttas som &#8221;slutsten&#8221;, den som sitter h\u00f6gst uppe i ett valv och h\u00e5ller ihop alltihop s\u00e5 det inte rasar. Fin bild, och kanske mer talande \u00e4n att t\u00e4nka sig en h\u00f6rnsten i botten av ett bygge (d\u00e5 beh\u00f6vs det ju fler h\u00f6rnstenar?).<br \/>Har du sett rosor i andra kyrktak?<\/p>\n","protected":false},"excerpt":{"rendered":"<p>Ros framme d\u00e4r korets valvb\u00e5gar m\u00f6ts i G\u00f6tene kyrka Jag skrev i f\u00f6rrg\u00e5r om hur m\u00e5lningarna i G\u00f6tene kyrka l\u00e4r oss att vi l\u00e4r k\u00e4nna Fadern genom Jesus. Jag vill faktiskt dela en till hemlighet som kyrkobyggnaden f\u00f6rvaltar. Framme i korets tak g\u00e5r n\u00e5gra valv ihop i ett kryss och mitt i krysset finns en [&hellip;]<\/p>\n","protected":false},"author":392,"featured_media":0,"comment_status":"open","ping_status":"open","sticky":false,"template":"","format":"standard","meta":{"_acf_changed":false,"footnotes":""},"categories":[8298,56,76189,33574,117],"tags":[],"class_list":["post-318","post","type-post","status-publish","format-standard","hentry","category-bibeln","category-bilder","category-dagens-kyrka","category-kyrkan","category-teologi"],"acf":[],"yoast_head":"<!-- This site is optimized with the Yoast SEO plugin v27.1.1 - https:\/\/yoast.com\/product\/yoast-seo-wordpress\/ -->\n<title>Slutstenen, hemligheter i G\u00f6tene kyrka del II - Vandra V\u00e4gen<\/title>\n<meta name=\"robots\" content=\"index, follow, max-snippet:-1, max-image-preview:large, max-video-preview:-1\" \/>\n<link rel=\"canonical\" href=\"https:\/\/blogg.svenskakyrkan.se\/vandravagen\/2013\/10\/12\/slutstenen-hemligheter-i-gotene-kyrka-del-ii\/\" \/>\n<meta property=\"og:locale\" content=\"sv_SE\" \/>\n<meta property=\"og:type\" content=\"article\" \/>\n<meta property=\"og:title\" content=\"Slutstenen, hemligheter i G\u00f6tene kyrka del II - Vandra V\u00e4gen\" \/>\n<meta property=\"og:description\" content=\"Ros framme d\u00e4r korets valvb\u00e5gar m\u00f6ts i G\u00f6tene kyrka Jag skrev i f\u00f6rrg\u00e5r om hur m\u00e5lningarna i G\u00f6tene kyrka l\u00e4r oss att vi l\u00e4r k\u00e4nna Fadern genom Jesus. Jag vill faktiskt dela en till hemlighet som kyrkobyggnaden f\u00f6rvaltar. Framme i korets tak g\u00e5r n\u00e5gra valv ihop i ett kryss och mitt i krysset finns en [&hellip;]\" \/>\n<meta property=\"og:url\" content=\"https:\/\/blogg.svenskakyrkan.se\/vandravagen\/2013\/10\/12\/slutstenen-hemligheter-i-gotene-kyrka-del-ii\/\" \/>\n<meta property=\"og:site_name\" content=\"Vandra V\u00e4gen\" \/>\n<meta property=\"article:publisher\" content=\"http:\/\/facebook.com\/vandravagen\" \/>\n<meta property=\"article:published_time\" content=\"2013-10-12T06:41:00+00:00\" \/>\n<meta property=\"og:image\" content=\"http:\/\/3.bp.blogspot.com\/-rEYgJhHPNt4\/UlOodDWi9ZI\/AAAAAAAAFm8\/-7tKJi5KxCM\/s640\/ros+i+kyrvalv.jpg\" \/>\n<meta name=\"author\" content=\"Tomas Jarvid\" \/>\n<meta name=\"twitter:card\" content=\"summary_large_image\" \/>\n<meta name=\"twitter:creator\" content=\"@fadertomas\" \/>\n<meta name=\"twitter:site\" content=\"@fadertomas\" \/>\n<meta name=\"twitter:label1\" content=\"Skriven av\" \/>\n\t<meta name=\"twitter:data1\" content=\"Tomas Jarvid\" \/>\n\t<meta name=\"twitter:label2\" content=\"Ber\u00e4knad l\u00e4stid\" \/>\n\t<meta name=\"twitter:data2\" content=\"2 minuter\" \/>\n<script type=\"application\/ld+json\" class=\"yoast-schema-graph\">{\"@context\":\"https:\/\/schema.org\",\"@graph\":[{\"@type\":\"Article\",\"@id\":\"https:\/\/blogg.svenskakyrkan.se\/vandravagen\/2013\/10\/12\/slutstenen-hemligheter-i-gotene-kyrka-del-ii\/#article\",\"isPartOf\":{\"@id\":\"https:\/\/blogg.svenskakyrkan.se\/vandravagen\/2013\/10\/12\/slutstenen-hemligheter-i-gotene-kyrka-del-ii\/\"},\"author\":{\"name\":\"Tomas Jarvid\",\"@id\":\"https:\/\/blogg.svenskakyrkan.se\/vandravagen\/#\/schema\/person\/25da02d4f76b137d04291711e2c9fc16\"},\"headline\":\"Slutstenen, hemligheter i G\u00f6tene kyrka del II\",\"datePublished\":\"2013-10-12T06:41:00+00:00\",\"mainEntityOfPage\":{\"@id\":\"https:\/\/blogg.svenskakyrkan.se\/vandravagen\/2013\/10\/12\/slutstenen-hemligheter-i-gotene-kyrka-del-ii\/\"},\"wordCount\":313,\"commentCount\":4,\"publisher\":{\"@id\":\"https:\/\/blogg.svenskakyrkan.se\/vandravagen\/#organization\"},\"image\":{\"@id\":\"https:\/\/blogg.svenskakyrkan.se\/vandravagen\/2013\/10\/12\/slutstenen-hemligheter-i-gotene-kyrka-del-ii\/#primaryimage\"},\"thumbnailUrl\":\"http:\/\/3.bp.blogspot.com\/-rEYgJhHPNt4\/UlOodDWi9ZI\/AAAAAAAAFm8\/-7tKJi5KxCM\/s640\/ros+i+kyrvalv.jpg\",\"articleSection\":[\"Bibeln\",\"bilder\",\"Dagens Kyrka\",\"kyrkan\",\"Teologi\"],\"inLanguage\":\"sv-SE\",\"potentialAction\":[{\"@type\":\"CommentAction\",\"name\":\"Comment\",\"target\":[\"https:\/\/blogg.svenskakyrkan.se\/vandravagen\/2013\/10\/12\/slutstenen-hemligheter-i-gotene-kyrka-del-ii\/#respond\"]}]},{\"@type\":\"WebPage\",\"@id\":\"https:\/\/blogg.svenskakyrkan.se\/vandravagen\/2013\/10\/12\/slutstenen-hemligheter-i-gotene-kyrka-del-ii\/\",\"url\":\"https:\/\/blogg.svenskakyrkan.se\/vandravagen\/2013\/10\/12\/slutstenen-hemligheter-i-gotene-kyrka-del-ii\/\",\"name\":\"Slutstenen, hemligheter i G\u00f6tene kyrka del II - Vandra V\u00e4gen\",\"isPartOf\":{\"@id\":\"https:\/\/blogg.svenskakyrkan.se\/vandravagen\/#website\"},\"primaryImageOfPage\":{\"@id\":\"https:\/\/blogg.svenskakyrkan.se\/vandravagen\/2013\/10\/12\/slutstenen-hemligheter-i-gotene-kyrka-del-ii\/#primaryimage\"},\"image\":{\"@id\":\"https:\/\/blogg.svenskakyrkan.se\/vandravagen\/2013\/10\/12\/slutstenen-hemligheter-i-gotene-kyrka-del-ii\/#primaryimage\"},\"thumbnailUrl\":\"http:\/\/3.bp.blogspot.com\/-rEYgJhHPNt4\/UlOodDWi9ZI\/AAAAAAAAFm8\/-7tKJi5KxCM\/s640\/ros+i+kyrvalv.jpg\",\"datePublished\":\"2013-10-12T06:41:00+00:00\",\"breadcrumb\":{\"@id\":\"https:\/\/blogg.svenskakyrkan.se\/vandravagen\/2013\/10\/12\/slutstenen-hemligheter-i-gotene-kyrka-del-ii\/#breadcrumb\"},\"inLanguage\":\"sv-SE\",\"potentialAction\":[{\"@type\":\"ReadAction\",\"target\":[\"https:\/\/blogg.svenskakyrkan.se\/vandravagen\/2013\/10\/12\/slutstenen-hemligheter-i-gotene-kyrka-del-ii\/\"]}]},{\"@type\":\"ImageObject\",\"inLanguage\":\"sv-SE\",\"@id\":\"https:\/\/blogg.svenskakyrkan.se\/vandravagen\/2013\/10\/12\/slutstenen-hemligheter-i-gotene-kyrka-del-ii\/#primaryimage\",\"url\":\"http:\/\/3.bp.blogspot.com\/-rEYgJhHPNt4\/UlOodDWi9ZI\/AAAAAAAAFm8\/-7tKJi5KxCM\/s640\/ros+i+kyrvalv.jpg\",\"contentUrl\":\"http:\/\/3.bp.blogspot.com\/-rEYgJhHPNt4\/UlOodDWi9ZI\/AAAAAAAAFm8\/-7tKJi5KxCM\/s640\/ros+i+kyrvalv.jpg\"},{\"@type\":\"BreadcrumbList\",\"@id\":\"https:\/\/blogg.svenskakyrkan.se\/vandravagen\/2013\/10\/12\/slutstenen-hemligheter-i-gotene-kyrka-del-ii\/#breadcrumb\",\"itemListElement\":[{\"@type\":\"ListItem\",\"position\":1,\"name\":\"Hem\",\"item\":\"https:\/\/blogg.svenskakyrkan.se\/vandravagen\/\"},{\"@type\":\"ListItem\",\"position\":2,\"name\":\"Slutstenen, hemligheter i G\u00f6tene kyrka del II\"}]},{\"@type\":\"WebSite\",\"@id\":\"https:\/\/blogg.svenskakyrkan.se\/vandravagen\/#website\",\"url\":\"https:\/\/blogg.svenskakyrkan.se\/vandravagen\/\",\"name\":\"Vandra V\u00e4gen\",\"description\":\"-Mot en tro f\u00f6r hela livet\",\"publisher\":{\"@id\":\"https:\/\/blogg.svenskakyrkan.se\/vandravagen\/#organization\"},\"potentialAction\":[{\"@type\":\"SearchAction\",\"target\":{\"@type\":\"EntryPoint\",\"urlTemplate\":\"https:\/\/blogg.svenskakyrkan.se\/vandravagen\/?s={search_term_string}\"},\"query-input\":{\"@type\":\"PropertyValueSpecification\",\"valueRequired\":true,\"valueName\":\"search_term_string\"}}],\"inLanguage\":\"sv-SE\"},{\"@type\":\"Organization\",\"@id\":\"https:\/\/blogg.svenskakyrkan.se\/vandravagen\/#organization\",\"name\":\"ulricehamns pastorat\",\"alternateName\":\"ulricehamns pastorat\",\"url\":\"https:\/\/blogg.svenskakyrkan.se\/vandravagen\/\",\"logo\":{\"@type\":\"ImageObject\",\"inLanguage\":\"sv-SE\",\"@id\":\"https:\/\/blogg.svenskakyrkan.se\/vandravagen\/#\/schema\/logo\/image\/\",\"url\":\"https:\/\/blogg.svenskakyrkan.se\/vandravagen\/files\/2023\/05\/Ulr_logo_RGB.png\",\"contentUrl\":\"https:\/\/blogg.svenskakyrkan.se\/vandravagen\/files\/2023\/05\/Ulr_logo_RGB.png\",\"width\":205,\"height\":77,\"caption\":\"ulricehamns pastorat\"},\"image\":{\"@id\":\"https:\/\/blogg.svenskakyrkan.se\/vandravagen\/#\/schema\/logo\/image\/\"},\"sameAs\":[\"http:\/\/facebook.com\/vandravagen\",\"https:\/\/x.com\/fadertomas\",\"http:\/\/www.facebook.com\/svenskakyrkaniulricehamn\"]},{\"@type\":\"Person\",\"@id\":\"https:\/\/blogg.svenskakyrkan.se\/vandravagen\/#\/schema\/person\/25da02d4f76b137d04291711e2c9fc16\",\"name\":\"Tomas Jarvid\",\"image\":{\"@type\":\"ImageObject\",\"inLanguage\":\"sv-SE\",\"@id\":\"https:\/\/blogg.svenskakyrkan.se\/vandravagen\/#\/schema\/person\/image\/\",\"url\":\"https:\/\/secure.gravatar.com\/avatar\/7fa71899795e8f540f615a1f5ab25255dc27aa40f05ee7ddd21aac521e01bf50?s=96&d=identicon&r=g\",\"contentUrl\":\"https:\/\/secure.gravatar.com\/avatar\/7fa71899795e8f540f615a1f5ab25255dc27aa40f05ee7ddd21aac521e01bf50?s=96&d=identicon&r=g\",\"caption\":\"Tomas Jarvid\"},\"description\":\"Jag bor i Ulricehamn i V\u00e4sterg\u00f6tland och \u00e4r f\u00f6rsamlingspr\u00e4st i Svenska Kyrkan f\u00f6r Dalstorps f\u00f6rsamling i Kinds pastorat. P\u00e5 den h\u00e4r bloggen skriver jag ner tankar om vandringen som kristen.\",\"sameAs\":[\"http:\/\/www.vandravagen.se\"],\"url\":\"https:\/\/blogg.svenskakyrkan.se\/vandravagen\/author\/vandravagen\/\"}]}<\/script>\n<!-- \/ Yoast SEO plugin. -->","yoast_head_json":{"title":"Slutstenen, hemligheter i G\u00f6tene kyrka del II - Vandra V\u00e4gen","robots":{"index":"index","follow":"follow","max-snippet":"max-snippet:-1","max-image-preview":"max-image-preview:large","max-video-preview":"max-video-preview:-1"},"canonical":"https:\/\/blogg.svenskakyrkan.se\/vandravagen\/2013\/10\/12\/slutstenen-hemligheter-i-gotene-kyrka-del-ii\/","og_locale":"sv_SE","og_type":"article","og_title":"Slutstenen, hemligheter i G\u00f6tene kyrka del II - Vandra V\u00e4gen","og_description":"Ros framme d\u00e4r korets valvb\u00e5gar m\u00f6ts i G\u00f6tene kyrka Jag skrev i f\u00f6rrg\u00e5r om hur m\u00e5lningarna i G\u00f6tene kyrka l\u00e4r oss att vi l\u00e4r k\u00e4nna Fadern genom Jesus. Jag vill faktiskt dela en till hemlighet som kyrkobyggnaden f\u00f6rvaltar. Framme i korets tak g\u00e5r n\u00e5gra valv ihop i ett kryss och mitt i krysset finns en [&hellip;]","og_url":"https:\/\/blogg.svenskakyrkan.se\/vandravagen\/2013\/10\/12\/slutstenen-hemligheter-i-gotene-kyrka-del-ii\/","og_site_name":"Vandra V\u00e4gen","article_publisher":"http:\/\/facebook.com\/vandravagen","article_published_time":"2013-10-12T06:41:00+00:00","og_image":[{"url":"http:\/\/3.bp.blogspot.com\/-rEYgJhHPNt4\/UlOodDWi9ZI\/AAAAAAAAFm8\/-7tKJi5KxCM\/s640\/ros+i+kyrvalv.jpg","type":"","width":"","height":""}],"author":"Tomas Jarvid","twitter_card":"summary_large_image","twitter_creator":"@fadertomas","twitter_site":"@fadertomas","twitter_misc":{"Skriven av":"Tomas Jarvid","Ber\u00e4knad l\u00e4stid":"2 minuter"},"schema":{"@context":"https:\/\/schema.org","@graph":[{"@type":"Article","@id":"https:\/\/blogg.svenskakyrkan.se\/vandravagen\/2013\/10\/12\/slutstenen-hemligheter-i-gotene-kyrka-del-ii\/#article","isPartOf":{"@id":"https:\/\/blogg.svenskakyrkan.se\/vandravagen\/2013\/10\/12\/slutstenen-hemligheter-i-gotene-kyrka-del-ii\/"},"author":{"name":"Tomas Jarvid","@id":"https:\/\/blogg.svenskakyrkan.se\/vandravagen\/#\/schema\/person\/25da02d4f76b137d04291711e2c9fc16"},"headline":"Slutstenen, hemligheter i G\u00f6tene kyrka del II","datePublished":"2013-10-12T06:41:00+00:00","mainEntityOfPage":{"@id":"https:\/\/blogg.svenskakyrkan.se\/vandravagen\/2013\/10\/12\/slutstenen-hemligheter-i-gotene-kyrka-del-ii\/"},"wordCount":313,"commentCount":4,"publisher":{"@id":"https:\/\/blogg.svenskakyrkan.se\/vandravagen\/#organization"},"image":{"@id":"https:\/\/blogg.svenskakyrkan.se\/vandravagen\/2013\/10\/12\/slutstenen-hemligheter-i-gotene-kyrka-del-ii\/#primaryimage"},"thumbnailUrl":"http:\/\/3.bp.blogspot.com\/-rEYgJhHPNt4\/UlOodDWi9ZI\/AAAAAAAAFm8\/-7tKJi5KxCM\/s640\/ros+i+kyrvalv.jpg","articleSection":["Bibeln","bilder","Dagens Kyrka","kyrkan","Teologi"],"inLanguage":"sv-SE","potentialAction":[{"@type":"CommentAction","name":"Comment","target":["https:\/\/blogg.svenskakyrkan.se\/vandravagen\/2013\/10\/12\/slutstenen-hemligheter-i-gotene-kyrka-del-ii\/#respond"]}]},{"@type":"WebPage","@id":"https:\/\/blogg.svenskakyrkan.se\/vandravagen\/2013\/10\/12\/slutstenen-hemligheter-i-gotene-kyrka-del-ii\/","url":"https:\/\/blogg.svenskakyrkan.se\/vandravagen\/2013\/10\/12\/slutstenen-hemligheter-i-gotene-kyrka-del-ii\/","name":"Slutstenen, hemligheter i G\u00f6tene kyrka del II - Vandra V\u00e4gen","isPartOf":{"@id":"https:\/\/blogg.svenskakyrkan.se\/vandravagen\/#website"},"primaryImageOfPage":{"@id":"https:\/\/blogg.svenskakyrkan.se\/vandravagen\/2013\/10\/12\/slutstenen-hemligheter-i-gotene-kyrka-del-ii\/#primaryimage"},"image":{"@id":"https:\/\/blogg.svenskakyrkan.se\/vandravagen\/2013\/10\/12\/slutstenen-hemligheter-i-gotene-kyrka-del-ii\/#primaryimage"},"thumbnailUrl":"http:\/\/3.bp.blogspot.com\/-rEYgJhHPNt4\/UlOodDWi9ZI\/AAAAAAAAFm8\/-7tKJi5KxCM\/s640\/ros+i+kyrvalv.jpg","datePublished":"2013-10-12T06:41:00+00:00","breadcrumb":{"@id":"https:\/\/blogg.svenskakyrkan.se\/vandravagen\/2013\/10\/12\/slutstenen-hemligheter-i-gotene-kyrka-del-ii\/#breadcrumb"},"inLanguage":"sv-SE","potentialAction":[{"@type":"ReadAction","target":["https:\/\/blogg.svenskakyrkan.se\/vandravagen\/2013\/10\/12\/slutstenen-hemligheter-i-gotene-kyrka-del-ii\/"]}]},{"@type":"ImageObject","inLanguage":"sv-SE","@id":"https:\/\/blogg.svenskakyrkan.se\/vandravagen\/2013\/10\/12\/slutstenen-hemligheter-i-gotene-kyrka-del-ii\/#primaryimage","url":"http:\/\/3.bp.blogspot.com\/-rEYgJhHPNt4\/UlOodDWi9ZI\/AAAAAAAAFm8\/-7tKJi5KxCM\/s640\/ros+i+kyrvalv.jpg","contentUrl":"http:\/\/3.bp.blogspot.com\/-rEYgJhHPNt4\/UlOodDWi9ZI\/AAAAAAAAFm8\/-7tKJi5KxCM\/s640\/ros+i+kyrvalv.jpg"},{"@type":"BreadcrumbList","@id":"https:\/\/blogg.svenskakyrkan.se\/vandravagen\/2013\/10\/12\/slutstenen-hemligheter-i-gotene-kyrka-del-ii\/#breadcrumb","itemListElement":[{"@type":"ListItem","position":1,"name":"Hem","item":"https:\/\/blogg.svenskakyrkan.se\/vandravagen\/"},{"@type":"ListItem","position":2,"name":"Slutstenen, hemligheter i G\u00f6tene kyrka del II"}]},{"@type":"WebSite","@id":"https:\/\/blogg.svenskakyrkan.se\/vandravagen\/#website","url":"https:\/\/blogg.svenskakyrkan.se\/vandravagen\/","name":"Vandra V\u00e4gen","description":"-Mot en tro f\u00f6r hela livet","publisher":{"@id":"https:\/\/blogg.svenskakyrkan.se\/vandravagen\/#organization"},"potentialAction":[{"@type":"SearchAction","target":{"@type":"EntryPoint","urlTemplate":"https:\/\/blogg.svenskakyrkan.se\/vandravagen\/?s={search_term_string}"},"query-input":{"@type":"PropertyValueSpecification","valueRequired":true,"valueName":"search_term_string"}}],"inLanguage":"sv-SE"},{"@type":"Organization","@id":"https:\/\/blogg.svenskakyrkan.se\/vandravagen\/#organization","name":"ulricehamns pastorat","alternateName":"ulricehamns pastorat","url":"https:\/\/blogg.svenskakyrkan.se\/vandravagen\/","logo":{"@type":"ImageObject","inLanguage":"sv-SE","@id":"https:\/\/blogg.svenskakyrkan.se\/vandravagen\/#\/schema\/logo\/image\/","url":"https:\/\/blogg.svenskakyrkan.se\/vandravagen\/files\/2023\/05\/Ulr_logo_RGB.png","contentUrl":"https:\/\/blogg.svenskakyrkan.se\/vandravagen\/files\/2023\/05\/Ulr_logo_RGB.png","width":205,"height":77,"caption":"ulricehamns pastorat"},"image":{"@id":"https:\/\/blogg.svenskakyrkan.se\/vandravagen\/#\/schema\/logo\/image\/"},"sameAs":["http:\/\/facebook.com\/vandravagen","https:\/\/x.com\/fadertomas","http:\/\/www.facebook.com\/svenskakyrkaniulricehamn"]},{"@type":"Person","@id":"https:\/\/blogg.svenskakyrkan.se\/vandravagen\/#\/schema\/person\/25da02d4f76b137d04291711e2c9fc16","name":"Tomas Jarvid","image":{"@type":"ImageObject","inLanguage":"sv-SE","@id":"https:\/\/blogg.svenskakyrkan.se\/vandravagen\/#\/schema\/person\/image\/","url":"https:\/\/secure.gravatar.com\/avatar\/7fa71899795e8f540f615a1f5ab25255dc27aa40f05ee7ddd21aac521e01bf50?s=96&d=identicon&r=g","contentUrl":"https:\/\/secure.gravatar.com\/avatar\/7fa71899795e8f540f615a1f5ab25255dc27aa40f05ee7ddd21aac521e01bf50?s=96&d=identicon&r=g","caption":"Tomas Jarvid"},"description":"Jag bor i Ulricehamn i V\u00e4sterg\u00f6tland och \u00e4r f\u00f6rsamlingspr\u00e4st i Svenska Kyrkan f\u00f6r Dalstorps f\u00f6rsamling i Kinds pastorat. P\u00e5 den h\u00e4r bloggen skriver jag ner tankar om vandringen som kristen.","sameAs":["http:\/\/www.vandravagen.se"],"url":"https:\/\/blogg.svenskakyrkan.se\/vandravagen\/author\/vandravagen\/"}]}},"author_meta":{"ID":"392","user_nicename":"vandravagen","user_url":"http:\/\/www.vandravagen.se","user_registered":"2014-05-19 05:44:52","display_name":"Tomas Jarvid","first_name":"Tomas","last_name":"Jarvid","avatar":"https:\/\/secure.gravatar.com\/avatar\/7fa71899795e8f540f615a1f5ab25255dc27aa40f05ee7ddd21aac521e01bf50?s=96&d=identicon&r=g"},"featured_image":false,"bloginfo":{"name":"Vandra V\u00e4gen","url":"https:\/\/blogg.svenskakyrkan.se\/vandravagen"},"_links":{"self":[{"href":"https:\/\/blogg.svenskakyrkan.se\/vandravagen\/wp-json\/wp\/v2\/posts\/318","targetHints":{"allow":["GET"]}}],"collection":[{"href":"https:\/\/blogg.svenskakyrkan.se\/vandravagen\/wp-json\/wp\/v2\/posts"}],"about":[{"href":"https:\/\/blogg.svenskakyrkan.se\/vandravagen\/wp-json\/wp\/v2\/types\/post"}],"author":[{"embeddable":true,"href":"https:\/\/blogg.svenskakyrkan.se\/vandravagen\/wp-json\/wp\/v2\/users\/392"}],"replies":[{"embeddable":true,"href":"https:\/\/blogg.svenskakyrkan.se\/vandravagen\/wp-json\/wp\/v2\/comments?post=318"}],"version-history":[{"count":0,"href":"https:\/\/blogg.svenskakyrkan.se\/vandravagen\/wp-json\/wp\/v2\/posts\/318\/revisions"}],"wp:attachment":[{"href":"https:\/\/blogg.svenskakyrkan.se\/vandravagen\/wp-json\/wp\/v2\/media?parent=318"}],"wp:term":[{"taxonomy":"category","embeddable":true,"href":"https:\/\/blogg.svenskakyrkan.se\/vandravagen\/wp-json\/wp\/v2\/categories?post=318"},{"taxonomy":"post_tag","embeddable":true,"href":"https:\/\/blogg.svenskakyrkan.se\/vandravagen\/wp-json\/wp\/v2\/tags?post=318"}],"curies":[{"name":"wp","href":"https:\/\/api.w.org\/{rel}","templated":true}]}}