{"id":3203,"date":"2015-06-05T07:00:33","date_gmt":"2015-06-05T05:00:33","guid":{"rendered":"http:\/\/blogg.svenskakyrkan.se\/vandravagen\/?p=3203"},"modified":"2015-06-04T09:38:37","modified_gmt":"2015-06-04T07:38:37","slug":"bon-om-perspektiv-pa-livets-korthet","status":"publish","type":"post","link":"https:\/\/blogg.svenskakyrkan.se\/vandravagen\/2015\/06\/05\/bon-om-perspektiv-pa-livets-korthet\/","title":{"rendered":"B\u00f6n om perspektiv p\u00e5 livets korthet"},"content":{"rendered":"<div id=\"attachment_3204\" style=\"width: 425px\" class=\"wp-caption aligncenter\"><a href=\"http:\/\/blogg.svenskakyrkan.se\/vandravagen\/files\/2015\/06\/20-DALI-49-VANITAS-VANITATUM.JPG.jpg\"><img loading=\"lazy\" decoding=\"async\" aria-describedby=\"caption-attachment-3204\" class=\"size-full wp-image-3204\" src=\"http:\/\/blogg.svenskakyrkan.se\/vandravagen\/files\/2015\/06\/20-DALI-49-VANITAS-VANITATUM.JPG.jpg\" alt=\"Predikaren. Den vise kungen som pl\u00e5gas av alltings f\u00e5f\u00e4nglighet, h\u00e4r enligt Salvador Dali.\" width=\"415\" height=\"600\" srcset=\"https:\/\/blogg.svenskakyrkan.se\/vandravagen\/files\/2015\/06\/20-DALI-49-VANITAS-VANITATUM.JPG.jpg 415w, https:\/\/blogg.svenskakyrkan.se\/vandravagen\/files\/2015\/06\/20-DALI-49-VANITAS-VANITATUM.JPG-300x434.jpg 300w, https:\/\/blogg.svenskakyrkan.se\/vandravagen\/files\/2015\/06\/20-DALI-49-VANITAS-VANITATUM.JPG-208x300.jpg 208w\" sizes=\"auto, (max-width: 415px) 100vw, 415px\" \/><\/a><p id=\"caption-attachment-3204\" class=\"wp-caption-text\">Predikaren. Den vise kungen som pl\u00e5gas av alltings f\u00e5f\u00e4nglighet, h\u00e4r enligt Salvador Dali.<\/p><\/div>\n<p>Jag har kommit \u00f6ver en ny gammal b\u00f6nbok och h\u00e4mtar dagens fredagsb\u00f6n fr\u00e5n den. Den pr\u00e4glas av ganska \u00e5lderdomligt spr\u00e5k men framf\u00f6rallt av stycken fr\u00e5n bibeln. H\u00e4r finns ett g\u00f6mt citat fr\u00e5n psaltaren 90:12 och orden om &#8221;f\u00e5f\u00e4nglighet&#8221; och det br\u00e4ckliga i allt m\u00e4nskligt \u00e4r h\u00e4mtade fr\u00e5n boken&#8221;predikaren&#8221; i gamla testamentet som jag varmt rekommenderar f\u00f6r l\u00e4sning. P\u00e5 bilden ovan ser vi hur Salvador Dali avbildat &#8221;predikaren&#8221;, av tradition brukar man s\u00e4ga att det \u00e4r kung Salomo som skrivit predikaren p\u00e5 \u00e5lderns h\u00f6st sedan han m\u00e4ttnat p\u00e5 allt livet lovar men sedan inte h\u00e5ller.<\/p>\n<p>L\u00e5t oss be:<\/p>\n<blockquote>\n<p>Herre, l\u00e4r mig bet\u00e4nka att jag m\u00e5ste f\u00e5 en \u00e4nde,<\/p>\n<p>och vad som \u00e4r mina dagars m\u00e5tt,<\/p>\n<p>s\u00e5 att jag f\u00f6rst\u00e5r hur f\u00f6rg\u00e4nglig jag \u00e4r.<\/p>\n<p>Se, s\u00e5som en handsbredd har du gjort mina dagars m\u00e5tt, och min livsl\u00e4ngd \u00e4r s\u00e5som intet f\u00f6r dig,<\/p>\n<p>f\u00e5f\u00e4nglighet allenast \u00e4ro alla m\u00e4nniskor,<\/p>\n<p>huru s\u00e4kra de \u00e4n st\u00e5.<\/p>\n<p>S\u00e5som en dr\u00f6mbild allenast g\u00e5 de fram,<\/p>\n<p>f\u00e5f\u00e4nglighet allenast \u00e4r deras \u00e4vlan.<\/p>\n<p>Amen<\/p>\n<\/blockquote>\n","protected":false},"excerpt":{"rendered":"<p>Jag har kommit \u00f6ver en ny gammal b\u00f6nbok och h\u00e4mtar dagens fredagsb\u00f6n fr\u00e5n den. Den pr\u00e4glas av ganska \u00e5lderdomligt spr\u00e5k men framf\u00f6rallt av stycken fr\u00e5n bibeln. H\u00e4r finns ett g\u00f6mt citat fr\u00e5n psaltaren 90:12 och orden om &#8221;f\u00e5f\u00e4nglighet&#8221; och det br\u00e4ckliga i allt m\u00e4nskligt \u00e4r h\u00e4mtade fr\u00e5n boken&#8221;predikaren&#8221; i gamla testamentet som jag varmt rekommenderar [&hellip;]<\/p>\n","protected":false},"author":392,"featured_media":0,"comment_status":"open","ping_status":"open","sticky":false,"template":"","format":"standard","meta":{"_acf_changed":false,"footnotes":""},"categories":[35,76189],"tags":[],"class_list":["post-3203","post","type-post","status-publish","format-standard","hentry","category-bon","category-dagens-kyrka"],"acf":[],"yoast_head":"<!-- This site is optimized with the Yoast SEO plugin v27.1.1 - https:\/\/yoast.com\/product\/yoast-seo-wordpress\/ -->\n<title>B\u00f6n om perspektiv p\u00e5 livets korthet - Vandra V\u00e4gen<\/title>\n<meta name=\"robots\" content=\"index, follow, max-snippet:-1, max-image-preview:large, max-video-preview:-1\" \/>\n<link rel=\"canonical\" href=\"https:\/\/blogg.svenskakyrkan.se\/vandravagen\/2015\/06\/05\/bon-om-perspektiv-pa-livets-korthet\/\" \/>\n<meta property=\"og:locale\" content=\"sv_SE\" \/>\n<meta property=\"og:type\" content=\"article\" \/>\n<meta property=\"og:title\" content=\"B\u00f6n om perspektiv p\u00e5 livets korthet - Vandra V\u00e4gen\" \/>\n<meta property=\"og:description\" content=\"Jag har kommit \u00f6ver en ny gammal b\u00f6nbok och h\u00e4mtar dagens fredagsb\u00f6n fr\u00e5n den. Den pr\u00e4glas av ganska \u00e5lderdomligt spr\u00e5k men framf\u00f6rallt av stycken fr\u00e5n bibeln. H\u00e4r finns ett g\u00f6mt citat fr\u00e5n psaltaren 90:12 och orden om &#8221;f\u00e5f\u00e4nglighet&#8221; och det br\u00e4ckliga i allt m\u00e4nskligt \u00e4r h\u00e4mtade fr\u00e5n boken&#8221;predikaren&#8221; i gamla testamentet som jag varmt rekommenderar [&hellip;]\" \/>\n<meta property=\"og:url\" content=\"https:\/\/blogg.svenskakyrkan.se\/vandravagen\/2015\/06\/05\/bon-om-perspektiv-pa-livets-korthet\/\" \/>\n<meta property=\"og:site_name\" content=\"Vandra V\u00e4gen\" \/>\n<meta property=\"article:publisher\" content=\"http:\/\/facebook.com\/vandravagen\" \/>\n<meta property=\"article:published_time\" content=\"2015-06-05T05:00:33+00:00\" \/>\n<meta property=\"og:image\" content=\"http:\/\/blogg.svenskakyrkan.se\/vandravagen\/files\/2015\/06\/20-DALI-49-VANITAS-VANITATUM.JPG.jpg\" \/>\n<meta name=\"author\" content=\"Tomas Jarvid\" \/>\n<meta name=\"twitter:card\" content=\"summary_large_image\" \/>\n<meta name=\"twitter:creator\" content=\"@fadertomas\" \/>\n<meta name=\"twitter:site\" content=\"@fadertomas\" \/>\n<meta name=\"twitter:label1\" content=\"Skriven av\" \/>\n\t<meta name=\"twitter:data1\" content=\"Tomas Jarvid\" \/>\n\t<meta name=\"twitter:label2\" content=\"Ber\u00e4knad l\u00e4stid\" \/>\n\t<meta name=\"twitter:data2\" content=\"1 minut\" \/>\n<script type=\"application\/ld+json\" class=\"yoast-schema-graph\">{\"@context\":\"https:\/\/schema.org\",\"@graph\":[{\"@type\":\"Article\",\"@id\":\"https:\/\/blogg.svenskakyrkan.se\/vandravagen\/2015\/06\/05\/bon-om-perspektiv-pa-livets-korthet\/#article\",\"isPartOf\":{\"@id\":\"https:\/\/blogg.svenskakyrkan.se\/vandravagen\/2015\/06\/05\/bon-om-perspektiv-pa-livets-korthet\/\"},\"author\":{\"name\":\"Tomas Jarvid\",\"@id\":\"https:\/\/blogg.svenskakyrkan.se\/vandravagen\/#\/schema\/person\/25da02d4f76b137d04291711e2c9fc16\"},\"headline\":\"B\u00f6n om perspektiv p\u00e5 livets korthet\",\"datePublished\":\"2015-06-05T05:00:33+00:00\",\"mainEntityOfPage\":{\"@id\":\"https:\/\/blogg.svenskakyrkan.se\/vandravagen\/2015\/06\/05\/bon-om-perspektiv-pa-livets-korthet\/\"},\"wordCount\":239,\"commentCount\":1,\"publisher\":{\"@id\":\"https:\/\/blogg.svenskakyrkan.se\/vandravagen\/#organization\"},\"image\":{\"@id\":\"https:\/\/blogg.svenskakyrkan.se\/vandravagen\/2015\/06\/05\/bon-om-perspektiv-pa-livets-korthet\/#primaryimage\"},\"thumbnailUrl\":\"http:\/\/blogg.svenskakyrkan.se\/vandravagen\/files\/2015\/06\/20-DALI-49-VANITAS-VANITATUM.JPG.jpg\",\"articleSection\":[\"b\u00f6n\",\"Dagens Kyrka\"],\"inLanguage\":\"sv-SE\",\"potentialAction\":[{\"@type\":\"CommentAction\",\"name\":\"Comment\",\"target\":[\"https:\/\/blogg.svenskakyrkan.se\/vandravagen\/2015\/06\/05\/bon-om-perspektiv-pa-livets-korthet\/#respond\"]}]},{\"@type\":\"WebPage\",\"@id\":\"https:\/\/blogg.svenskakyrkan.se\/vandravagen\/2015\/06\/05\/bon-om-perspektiv-pa-livets-korthet\/\",\"url\":\"https:\/\/blogg.svenskakyrkan.se\/vandravagen\/2015\/06\/05\/bon-om-perspektiv-pa-livets-korthet\/\",\"name\":\"B\u00f6n om perspektiv p\u00e5 livets korthet - Vandra V\u00e4gen\",\"isPartOf\":{\"@id\":\"https:\/\/blogg.svenskakyrkan.se\/vandravagen\/#website\"},\"primaryImageOfPage\":{\"@id\":\"https:\/\/blogg.svenskakyrkan.se\/vandravagen\/2015\/06\/05\/bon-om-perspektiv-pa-livets-korthet\/#primaryimage\"},\"image\":{\"@id\":\"https:\/\/blogg.svenskakyrkan.se\/vandravagen\/2015\/06\/05\/bon-om-perspektiv-pa-livets-korthet\/#primaryimage\"},\"thumbnailUrl\":\"http:\/\/blogg.svenskakyrkan.se\/vandravagen\/files\/2015\/06\/20-DALI-49-VANITAS-VANITATUM.JPG.jpg\",\"datePublished\":\"2015-06-05T05:00:33+00:00\",\"breadcrumb\":{\"@id\":\"https:\/\/blogg.svenskakyrkan.se\/vandravagen\/2015\/06\/05\/bon-om-perspektiv-pa-livets-korthet\/#breadcrumb\"},\"inLanguage\":\"sv-SE\",\"potentialAction\":[{\"@type\":\"ReadAction\",\"target\":[\"https:\/\/blogg.svenskakyrkan.se\/vandravagen\/2015\/06\/05\/bon-om-perspektiv-pa-livets-korthet\/\"]}]},{\"@type\":\"ImageObject\",\"inLanguage\":\"sv-SE\",\"@id\":\"https:\/\/blogg.svenskakyrkan.se\/vandravagen\/2015\/06\/05\/bon-om-perspektiv-pa-livets-korthet\/#primaryimage\",\"url\":\"http:\/\/blogg.svenskakyrkan.se\/vandravagen\/files\/2015\/06\/20-DALI-49-VANITAS-VANITATUM.JPG.jpg\",\"contentUrl\":\"http:\/\/blogg.svenskakyrkan.se\/vandravagen\/files\/2015\/06\/20-DALI-49-VANITAS-VANITATUM.JPG.jpg\"},{\"@type\":\"BreadcrumbList\",\"@id\":\"https:\/\/blogg.svenskakyrkan.se\/vandravagen\/2015\/06\/05\/bon-om-perspektiv-pa-livets-korthet\/#breadcrumb\",\"itemListElement\":[{\"@type\":\"ListItem\",\"position\":1,\"name\":\"Hem\",\"item\":\"https:\/\/blogg.svenskakyrkan.se\/vandravagen\/\"},{\"@type\":\"ListItem\",\"position\":2,\"name\":\"B\u00f6n om perspektiv p\u00e5 livets korthet\"}]},{\"@type\":\"WebSite\",\"@id\":\"https:\/\/blogg.svenskakyrkan.se\/vandravagen\/#website\",\"url\":\"https:\/\/blogg.svenskakyrkan.se\/vandravagen\/\",\"name\":\"Vandra V\u00e4gen\",\"description\":\"-Mot en tro f\u00f6r hela livet\",\"publisher\":{\"@id\":\"https:\/\/blogg.svenskakyrkan.se\/vandravagen\/#organization\"},\"potentialAction\":[{\"@type\":\"SearchAction\",\"target\":{\"@type\":\"EntryPoint\",\"urlTemplate\":\"https:\/\/blogg.svenskakyrkan.se\/vandravagen\/?s={search_term_string}\"},\"query-input\":{\"@type\":\"PropertyValueSpecification\",\"valueRequired\":true,\"valueName\":\"search_term_string\"}}],\"inLanguage\":\"sv-SE\"},{\"@type\":\"Organization\",\"@id\":\"https:\/\/blogg.svenskakyrkan.se\/vandravagen\/#organization\",\"name\":\"ulricehamns pastorat\",\"alternateName\":\"ulricehamns pastorat\",\"url\":\"https:\/\/blogg.svenskakyrkan.se\/vandravagen\/\",\"logo\":{\"@type\":\"ImageObject\",\"inLanguage\":\"sv-SE\",\"@id\":\"https:\/\/blogg.svenskakyrkan.se\/vandravagen\/#\/schema\/logo\/image\/\",\"url\":\"https:\/\/blogg.svenskakyrkan.se\/vandravagen\/files\/2023\/05\/Ulr_logo_RGB.png\",\"contentUrl\":\"https:\/\/blogg.svenskakyrkan.se\/vandravagen\/files\/2023\/05\/Ulr_logo_RGB.png\",\"width\":205,\"height\":77,\"caption\":\"ulricehamns pastorat\"},\"image\":{\"@id\":\"https:\/\/blogg.svenskakyrkan.se\/vandravagen\/#\/schema\/logo\/image\/\"},\"sameAs\":[\"http:\/\/facebook.com\/vandravagen\",\"https:\/\/x.com\/fadertomas\",\"http:\/\/www.facebook.com\/svenskakyrkaniulricehamn\"]},{\"@type\":\"Person\",\"@id\":\"https:\/\/blogg.svenskakyrkan.se\/vandravagen\/#\/schema\/person\/25da02d4f76b137d04291711e2c9fc16\",\"name\":\"Tomas Jarvid\",\"image\":{\"@type\":\"ImageObject\",\"inLanguage\":\"sv-SE\",\"@id\":\"https:\/\/blogg.svenskakyrkan.se\/vandravagen\/#\/schema\/person\/image\/\",\"url\":\"https:\/\/secure.gravatar.com\/avatar\/7fa71899795e8f540f615a1f5ab25255dc27aa40f05ee7ddd21aac521e01bf50?s=96&d=identicon&r=g\",\"contentUrl\":\"https:\/\/secure.gravatar.com\/avatar\/7fa71899795e8f540f615a1f5ab25255dc27aa40f05ee7ddd21aac521e01bf50?s=96&d=identicon&r=g\",\"caption\":\"Tomas Jarvid\"},\"description\":\"Jag bor i Ulricehamn i V\u00e4sterg\u00f6tland och \u00e4r f\u00f6rsamlingspr\u00e4st i Svenska Kyrkan f\u00f6r Dalstorps f\u00f6rsamling i Kinds pastorat. P\u00e5 den h\u00e4r bloggen skriver jag ner tankar om vandringen som kristen.\",\"sameAs\":[\"http:\/\/www.vandravagen.se\"],\"url\":\"https:\/\/blogg.svenskakyrkan.se\/vandravagen\/author\/vandravagen\/\"}]}<\/script>\n<!-- \/ Yoast SEO plugin. -->","yoast_head_json":{"title":"B\u00f6n om perspektiv p\u00e5 livets korthet - Vandra V\u00e4gen","robots":{"index":"index","follow":"follow","max-snippet":"max-snippet:-1","max-image-preview":"max-image-preview:large","max-video-preview":"max-video-preview:-1"},"canonical":"https:\/\/blogg.svenskakyrkan.se\/vandravagen\/2015\/06\/05\/bon-om-perspektiv-pa-livets-korthet\/","og_locale":"sv_SE","og_type":"article","og_title":"B\u00f6n om perspektiv p\u00e5 livets korthet - Vandra V\u00e4gen","og_description":"Jag har kommit \u00f6ver en ny gammal b\u00f6nbok och h\u00e4mtar dagens fredagsb\u00f6n fr\u00e5n den. Den pr\u00e4glas av ganska \u00e5lderdomligt spr\u00e5k men framf\u00f6rallt av stycken fr\u00e5n bibeln. H\u00e4r finns ett g\u00f6mt citat fr\u00e5n psaltaren 90:12 och orden om &#8221;f\u00e5f\u00e4nglighet&#8221; och det br\u00e4ckliga i allt m\u00e4nskligt \u00e4r h\u00e4mtade fr\u00e5n boken&#8221;predikaren&#8221; i gamla testamentet som jag varmt rekommenderar [&hellip;]","og_url":"https:\/\/blogg.svenskakyrkan.se\/vandravagen\/2015\/06\/05\/bon-om-perspektiv-pa-livets-korthet\/","og_site_name":"Vandra V\u00e4gen","article_publisher":"http:\/\/facebook.com\/vandravagen","article_published_time":"2015-06-05T05:00:33+00:00","og_image":[{"url":"http:\/\/blogg.svenskakyrkan.se\/vandravagen\/files\/2015\/06\/20-DALI-49-VANITAS-VANITATUM.JPG.jpg","type":"","width":"","height":""}],"author":"Tomas Jarvid","twitter_card":"summary_large_image","twitter_creator":"@fadertomas","twitter_site":"@fadertomas","twitter_misc":{"Skriven av":"Tomas Jarvid","Ber\u00e4knad l\u00e4stid":"1 minut"},"schema":{"@context":"https:\/\/schema.org","@graph":[{"@type":"Article","@id":"https:\/\/blogg.svenskakyrkan.se\/vandravagen\/2015\/06\/05\/bon-om-perspektiv-pa-livets-korthet\/#article","isPartOf":{"@id":"https:\/\/blogg.svenskakyrkan.se\/vandravagen\/2015\/06\/05\/bon-om-perspektiv-pa-livets-korthet\/"},"author":{"name":"Tomas Jarvid","@id":"https:\/\/blogg.svenskakyrkan.se\/vandravagen\/#\/schema\/person\/25da02d4f76b137d04291711e2c9fc16"},"headline":"B\u00f6n om perspektiv p\u00e5 livets korthet","datePublished":"2015-06-05T05:00:33+00:00","mainEntityOfPage":{"@id":"https:\/\/blogg.svenskakyrkan.se\/vandravagen\/2015\/06\/05\/bon-om-perspektiv-pa-livets-korthet\/"},"wordCount":239,"commentCount":1,"publisher":{"@id":"https:\/\/blogg.svenskakyrkan.se\/vandravagen\/#organization"},"image":{"@id":"https:\/\/blogg.svenskakyrkan.se\/vandravagen\/2015\/06\/05\/bon-om-perspektiv-pa-livets-korthet\/#primaryimage"},"thumbnailUrl":"http:\/\/blogg.svenskakyrkan.se\/vandravagen\/files\/2015\/06\/20-DALI-49-VANITAS-VANITATUM.JPG.jpg","articleSection":["b\u00f6n","Dagens Kyrka"],"inLanguage":"sv-SE","potentialAction":[{"@type":"CommentAction","name":"Comment","target":["https:\/\/blogg.svenskakyrkan.se\/vandravagen\/2015\/06\/05\/bon-om-perspektiv-pa-livets-korthet\/#respond"]}]},{"@type":"WebPage","@id":"https:\/\/blogg.svenskakyrkan.se\/vandravagen\/2015\/06\/05\/bon-om-perspektiv-pa-livets-korthet\/","url":"https:\/\/blogg.svenskakyrkan.se\/vandravagen\/2015\/06\/05\/bon-om-perspektiv-pa-livets-korthet\/","name":"B\u00f6n om perspektiv p\u00e5 livets korthet - Vandra V\u00e4gen","isPartOf":{"@id":"https:\/\/blogg.svenskakyrkan.se\/vandravagen\/#website"},"primaryImageOfPage":{"@id":"https:\/\/blogg.svenskakyrkan.se\/vandravagen\/2015\/06\/05\/bon-om-perspektiv-pa-livets-korthet\/#primaryimage"},"image":{"@id":"https:\/\/blogg.svenskakyrkan.se\/vandravagen\/2015\/06\/05\/bon-om-perspektiv-pa-livets-korthet\/#primaryimage"},"thumbnailUrl":"http:\/\/blogg.svenskakyrkan.se\/vandravagen\/files\/2015\/06\/20-DALI-49-VANITAS-VANITATUM.JPG.jpg","datePublished":"2015-06-05T05:00:33+00:00","breadcrumb":{"@id":"https:\/\/blogg.svenskakyrkan.se\/vandravagen\/2015\/06\/05\/bon-om-perspektiv-pa-livets-korthet\/#breadcrumb"},"inLanguage":"sv-SE","potentialAction":[{"@type":"ReadAction","target":["https:\/\/blogg.svenskakyrkan.se\/vandravagen\/2015\/06\/05\/bon-om-perspektiv-pa-livets-korthet\/"]}]},{"@type":"ImageObject","inLanguage":"sv-SE","@id":"https:\/\/blogg.svenskakyrkan.se\/vandravagen\/2015\/06\/05\/bon-om-perspektiv-pa-livets-korthet\/#primaryimage","url":"http:\/\/blogg.svenskakyrkan.se\/vandravagen\/files\/2015\/06\/20-DALI-49-VANITAS-VANITATUM.JPG.jpg","contentUrl":"http:\/\/blogg.svenskakyrkan.se\/vandravagen\/files\/2015\/06\/20-DALI-49-VANITAS-VANITATUM.JPG.jpg"},{"@type":"BreadcrumbList","@id":"https:\/\/blogg.svenskakyrkan.se\/vandravagen\/2015\/06\/05\/bon-om-perspektiv-pa-livets-korthet\/#breadcrumb","itemListElement":[{"@type":"ListItem","position":1,"name":"Hem","item":"https:\/\/blogg.svenskakyrkan.se\/vandravagen\/"},{"@type":"ListItem","position":2,"name":"B\u00f6n om perspektiv p\u00e5 livets korthet"}]},{"@type":"WebSite","@id":"https:\/\/blogg.svenskakyrkan.se\/vandravagen\/#website","url":"https:\/\/blogg.svenskakyrkan.se\/vandravagen\/","name":"Vandra V\u00e4gen","description":"-Mot en tro f\u00f6r hela livet","publisher":{"@id":"https:\/\/blogg.svenskakyrkan.se\/vandravagen\/#organization"},"potentialAction":[{"@type":"SearchAction","target":{"@type":"EntryPoint","urlTemplate":"https:\/\/blogg.svenskakyrkan.se\/vandravagen\/?s={search_term_string}"},"query-input":{"@type":"PropertyValueSpecification","valueRequired":true,"valueName":"search_term_string"}}],"inLanguage":"sv-SE"},{"@type":"Organization","@id":"https:\/\/blogg.svenskakyrkan.se\/vandravagen\/#organization","name":"ulricehamns pastorat","alternateName":"ulricehamns pastorat","url":"https:\/\/blogg.svenskakyrkan.se\/vandravagen\/","logo":{"@type":"ImageObject","inLanguage":"sv-SE","@id":"https:\/\/blogg.svenskakyrkan.se\/vandravagen\/#\/schema\/logo\/image\/","url":"https:\/\/blogg.svenskakyrkan.se\/vandravagen\/files\/2023\/05\/Ulr_logo_RGB.png","contentUrl":"https:\/\/blogg.svenskakyrkan.se\/vandravagen\/files\/2023\/05\/Ulr_logo_RGB.png","width":205,"height":77,"caption":"ulricehamns pastorat"},"image":{"@id":"https:\/\/blogg.svenskakyrkan.se\/vandravagen\/#\/schema\/logo\/image\/"},"sameAs":["http:\/\/facebook.com\/vandravagen","https:\/\/x.com\/fadertomas","http:\/\/www.facebook.com\/svenskakyrkaniulricehamn"]},{"@type":"Person","@id":"https:\/\/blogg.svenskakyrkan.se\/vandravagen\/#\/schema\/person\/25da02d4f76b137d04291711e2c9fc16","name":"Tomas Jarvid","image":{"@type":"ImageObject","inLanguage":"sv-SE","@id":"https:\/\/blogg.svenskakyrkan.se\/vandravagen\/#\/schema\/person\/image\/","url":"https:\/\/secure.gravatar.com\/avatar\/7fa71899795e8f540f615a1f5ab25255dc27aa40f05ee7ddd21aac521e01bf50?s=96&d=identicon&r=g","contentUrl":"https:\/\/secure.gravatar.com\/avatar\/7fa71899795e8f540f615a1f5ab25255dc27aa40f05ee7ddd21aac521e01bf50?s=96&d=identicon&r=g","caption":"Tomas Jarvid"},"description":"Jag bor i Ulricehamn i V\u00e4sterg\u00f6tland och \u00e4r f\u00f6rsamlingspr\u00e4st i Svenska Kyrkan f\u00f6r Dalstorps f\u00f6rsamling i Kinds pastorat. P\u00e5 den h\u00e4r bloggen skriver jag ner tankar om vandringen som kristen.","sameAs":["http:\/\/www.vandravagen.se"],"url":"https:\/\/blogg.svenskakyrkan.se\/vandravagen\/author\/vandravagen\/"}]}},"author_meta":{"ID":"392","user_nicename":"vandravagen","user_url":"http:\/\/www.vandravagen.se","user_registered":"2014-05-19 05:44:52","display_name":"Tomas Jarvid","first_name":"Tomas","last_name":"Jarvid","avatar":"https:\/\/secure.gravatar.com\/avatar\/7fa71899795e8f540f615a1f5ab25255dc27aa40f05ee7ddd21aac521e01bf50?s=96&d=identicon&r=g"},"featured_image":false,"bloginfo":{"name":"Vandra V\u00e4gen","url":"https:\/\/blogg.svenskakyrkan.se\/vandravagen"},"_links":{"self":[{"href":"https:\/\/blogg.svenskakyrkan.se\/vandravagen\/wp-json\/wp\/v2\/posts\/3203","targetHints":{"allow":["GET"]}}],"collection":[{"href":"https:\/\/blogg.svenskakyrkan.se\/vandravagen\/wp-json\/wp\/v2\/posts"}],"about":[{"href":"https:\/\/blogg.svenskakyrkan.se\/vandravagen\/wp-json\/wp\/v2\/types\/post"}],"author":[{"embeddable":true,"href":"https:\/\/blogg.svenskakyrkan.se\/vandravagen\/wp-json\/wp\/v2\/users\/392"}],"replies":[{"embeddable":true,"href":"https:\/\/blogg.svenskakyrkan.se\/vandravagen\/wp-json\/wp\/v2\/comments?post=3203"}],"version-history":[{"count":2,"href":"https:\/\/blogg.svenskakyrkan.se\/vandravagen\/wp-json\/wp\/v2\/posts\/3203\/revisions"}],"predecessor-version":[{"id":3210,"href":"https:\/\/blogg.svenskakyrkan.se\/vandravagen\/wp-json\/wp\/v2\/posts\/3203\/revisions\/3210"}],"wp:attachment":[{"href":"https:\/\/blogg.svenskakyrkan.se\/vandravagen\/wp-json\/wp\/v2\/media?parent=3203"}],"wp:term":[{"taxonomy":"category","embeddable":true,"href":"https:\/\/blogg.svenskakyrkan.se\/vandravagen\/wp-json\/wp\/v2\/categories?post=3203"},{"taxonomy":"post_tag","embeddable":true,"href":"https:\/\/blogg.svenskakyrkan.se\/vandravagen\/wp-json\/wp\/v2\/tags?post=3203"}],"curies":[{"name":"wp","href":"https:\/\/api.w.org\/{rel}","templated":true}]}}