{"id":3211,"date":"2015-06-11T07:00:30","date_gmt":"2015-06-11T05:00:30","guid":{"rendered":"http:\/\/blogg.svenskakyrkan.se\/vandravagen\/?p=3211"},"modified":"2015-06-10T21:45:03","modified_gmt":"2015-06-10T19:45:03","slug":"den-lilla-doden-och-uppstandelsen","status":"publish","type":"post","link":"https:\/\/blogg.svenskakyrkan.se\/vandravagen\/2015\/06\/11\/den-lilla-doden-och-uppstandelsen\/","title":{"rendered":"Den lilla d\u00f6den, och uppst\u00e5ndelsen"},"content":{"rendered":"<p><a href=\"http:\/\/blogg.svenskakyrkan.se\/vandravagen\/files\/2015\/06\/IMG_6109.jpg\"><img loading=\"lazy\" decoding=\"async\" class=\"aligncenter size-full wp-image-3212\" src=\"http:\/\/blogg.svenskakyrkan.se\/vandravagen\/files\/2015\/06\/IMG_6109.jpg\" alt=\"IMG_6109\" width=\"500\" height=\"620\" srcset=\"https:\/\/blogg.svenskakyrkan.se\/vandravagen\/files\/2015\/06\/IMG_6109.jpg 500w, https:\/\/blogg.svenskakyrkan.se\/vandravagen\/files\/2015\/06\/IMG_6109-300x372.jpg 300w, https:\/\/blogg.svenskakyrkan.se\/vandravagen\/files\/2015\/06\/IMG_6109-242x300.jpg 242w\" sizes=\"auto, (max-width: 500px) 100vw, 500px\" \/><\/a><\/p>\n<p>Jod\u00e5, jag vet vad man brukar mena med &#8221;den lilla d\u00f6den&#8221; men jag t\u00e4nker inte skriva om n\u00e5got kring det sexuella h\u00e4r \u00e4nd\u00e5, betrakta rubriken som klickbete om du vill ;). D\u00e4remot t\u00e4nkte jag faktiskt verkligen skriva om &#8221;den lilla d\u00f6den&#8221;, allts\u00e5 <strong>d\u00f6den i sm\u00e5 portioner.<\/strong> Det som f\u00f6ljer har jag ofta \u00e5terkommit till i olika begravningstal och liknande.<\/p>\n<p>I gamla testamentet finns det en helhetssyn p\u00e5 livet som vi ofta saknar i v\u00e5r tid. Till exempel det h\u00e4r med liv och d\u00f6d \u00e4r f\u00f6r oss ofta &#8221;bara&#8221; en fr\u00e5ga om antingen eller men som jag f\u00f6rst\u00e5tt bibeln handlar det d\u00e4r ocks\u00e5 mycket om livets kvalitet.<\/p>\n<p>Vi kan alla k\u00e4nna igen oss i att det \u00e4r n\u00e4r vi \u00e4r friska, har gemenskap med andra och s\u00e5 vidare s\u00e5 \u00e4r livet liksom mer fullt av liv. Bibelns f\u00f6rfattare (det h\u00e4r m\u00e4rks nog mest i psaltaren och s\u00e5na bibelb\u00f6cker) s\u00e5g det som att<strong>\u00a0Gud var den som gav livet<\/strong> och ocks\u00e5 den som uppr\u00e4tth\u00f6ll det hela tiden.<\/p>\n<p>N\u00e4r sjukdom eller ensamhet eller sv\u00e4lt drabbade s\u00e5 s\u00e5g man det som en invasion av d\u00f6d in p\u00e5 livets omr\u00e5de, in p\u00e5 det omr\u00e5de Gud skulle uppr\u00e4tth\u00e5lla. Det \u00e4r det jag h\u00e4r menar med &#8221;den lilla d\u00f6den&#8221;, en liten dos av d\u00f6d mitt i livet som f\u00f6rst\u00f6r kvaliteten p\u00e5 livet (l\u00e4s mer under <a href=\"http:\/\/blogg.svenskakyrkan.se\/vandravagen\/2015\/03\/09\/ondskan-ar-en-invasionsstyrka\/\">&#8221;ondskan \u00e4r en invasionsstyrka&#8221;<\/a>).<\/p>\n<p>Jag tycker det h\u00e4r s\u00e4ttet att t\u00e4nka \u00e4r bra f\u00f6r att det \u00f6ppnar upp f\u00f6r andra s\u00e4tt f\u00f6r oss att t\u00e4nka kring det sv\u00e5ra i livet. Som kristna tror vi p\u00e5 uppst\u00e5ndelsen och det g\u00e4ller liksom ocks\u00e5 redan h\u00e4r i detta jordeliv. Om vi tror p\u00e5 att det finns nytt liv bortom d\u00f6den tillsammans med Jesus Kristus s\u00e5 betyder det ju ocks\u00e5 att det finns nytt liv bortom varje sjukdom, varje tid av utsatthet och s\u00e5 vidare. Jesus \u00e4r starkare \u00e4n b\u00e5de den stora och den lilla d\u00f6den. Om \u00e4n den lilla d\u00f6den skulle leda till den kroppsliga d\u00f6den s\u00e5 tror vi \u00e4nd\u00e5 p\u00e5 att Jesus v\u00e4ntar p\u00e5 andra sidan. F\u00f6r mig blir det ett s\u00e4tt att <strong>se d\u00f6d och uppst\u00e5ndelse som ett m\u00f6nster i v\u00e5ra vanliga liv<\/strong>, d\u00e4r tron p\u00e5 Jesus \u00e4r en k\u00e4lla till hopp i stort och sm\u00e5tt.<\/p>\n<p>Vad t\u00e4nker du om detta med d\u00f6den? Skriv en kommentar!<\/p>\n","protected":false},"excerpt":{"rendered":"<p>Jod\u00e5, jag vet vad man brukar mena med &#8221;den lilla d\u00f6den&#8221; men jag t\u00e4nker inte skriva om n\u00e5got kring det sexuella h\u00e4r \u00e4nd\u00e5, betrakta rubriken som klickbete om du vill ;). D\u00e4remot t\u00e4nkte jag faktiskt verkligen skriva om &#8221;den lilla d\u00f6den&#8221;, allts\u00e5 d\u00f6den i sm\u00e5 portioner. Det som f\u00f6ljer har jag ofta \u00e5terkommit till i [&hellip;]<\/p>\n","protected":false},"author":392,"featured_media":0,"comment_status":"open","ping_status":"open","sticky":false,"template":"","format":"standard","meta":{"_acf_changed":false,"footnotes":""},"categories":[8298,76189,117],"tags":[],"class_list":["post-3211","post","type-post","status-publish","format-standard","hentry","category-bibeln","category-dagens-kyrka","category-teologi"],"acf":[],"yoast_head":"<!-- This site is optimized with the Yoast SEO plugin v27.1.1 - https:\/\/yoast.com\/product\/yoast-seo-wordpress\/ -->\n<title>Den lilla d\u00f6den, och uppst\u00e5ndelsen - Vandra V\u00e4gen<\/title>\n<meta name=\"robots\" content=\"index, follow, max-snippet:-1, max-image-preview:large, max-video-preview:-1\" \/>\n<link rel=\"canonical\" href=\"https:\/\/blogg.svenskakyrkan.se\/vandravagen\/2015\/06\/11\/den-lilla-doden-och-uppstandelsen\/\" \/>\n<meta property=\"og:locale\" content=\"sv_SE\" \/>\n<meta property=\"og:type\" content=\"article\" \/>\n<meta property=\"og:title\" content=\"Den lilla d\u00f6den, och uppst\u00e5ndelsen - Vandra V\u00e4gen\" \/>\n<meta property=\"og:description\" content=\"Jod\u00e5, jag vet vad man brukar mena med &#8221;den lilla d\u00f6den&#8221; men jag t\u00e4nker inte skriva om n\u00e5got kring det sexuella h\u00e4r \u00e4nd\u00e5, betrakta rubriken som klickbete om du vill ;). D\u00e4remot t\u00e4nkte jag faktiskt verkligen skriva om &#8221;den lilla d\u00f6den&#8221;, allts\u00e5 d\u00f6den i sm\u00e5 portioner. Det som f\u00f6ljer har jag ofta \u00e5terkommit till i [&hellip;]\" \/>\n<meta property=\"og:url\" content=\"https:\/\/blogg.svenskakyrkan.se\/vandravagen\/2015\/06\/11\/den-lilla-doden-och-uppstandelsen\/\" \/>\n<meta property=\"og:site_name\" content=\"Vandra V\u00e4gen\" \/>\n<meta property=\"article:publisher\" content=\"http:\/\/facebook.com\/vandravagen\" \/>\n<meta property=\"article:published_time\" content=\"2015-06-11T05:00:30+00:00\" \/>\n<meta property=\"og:image\" content=\"http:\/\/blogg.svenskakyrkan.se\/vandravagen\/files\/2015\/06\/IMG_6109.jpg\" \/>\n<meta name=\"author\" content=\"Tomas Jarvid\" \/>\n<meta name=\"twitter:card\" content=\"summary_large_image\" \/>\n<meta name=\"twitter:creator\" content=\"@fadertomas\" \/>\n<meta name=\"twitter:site\" content=\"@fadertomas\" \/>\n<meta name=\"twitter:label1\" content=\"Skriven av\" \/>\n\t<meta name=\"twitter:data1\" content=\"Tomas Jarvid\" \/>\n\t<meta name=\"twitter:label2\" content=\"Ber\u00e4knad l\u00e4stid\" \/>\n\t<meta name=\"twitter:data2\" content=\"2 minuter\" \/>\n<script type=\"application\/ld+json\" class=\"yoast-schema-graph\">{\"@context\":\"https:\/\/schema.org\",\"@graph\":[{\"@type\":\"Article\",\"@id\":\"https:\/\/blogg.svenskakyrkan.se\/vandravagen\/2015\/06\/11\/den-lilla-doden-och-uppstandelsen\/#article\",\"isPartOf\":{\"@id\":\"https:\/\/blogg.svenskakyrkan.se\/vandravagen\/2015\/06\/11\/den-lilla-doden-och-uppstandelsen\/\"},\"author\":{\"name\":\"Tomas Jarvid\",\"@id\":\"https:\/\/blogg.svenskakyrkan.se\/vandravagen\/#\/schema\/person\/25da02d4f76b137d04291711e2c9fc16\"},\"headline\":\"Den lilla d\u00f6den, och uppst\u00e5ndelsen\",\"datePublished\":\"2015-06-11T05:00:30+00:00\",\"mainEntityOfPage\":{\"@id\":\"https:\/\/blogg.svenskakyrkan.se\/vandravagen\/2015\/06\/11\/den-lilla-doden-och-uppstandelsen\/\"},\"wordCount\":449,\"commentCount\":6,\"publisher\":{\"@id\":\"https:\/\/blogg.svenskakyrkan.se\/vandravagen\/#organization\"},\"image\":{\"@id\":\"https:\/\/blogg.svenskakyrkan.se\/vandravagen\/2015\/06\/11\/den-lilla-doden-och-uppstandelsen\/#primaryimage\"},\"thumbnailUrl\":\"http:\/\/blogg.svenskakyrkan.se\/vandravagen\/files\/2015\/06\/IMG_6109.jpg\",\"articleSection\":[\"Bibeln\",\"Dagens Kyrka\",\"Teologi\"],\"inLanguage\":\"sv-SE\",\"potentialAction\":[{\"@type\":\"CommentAction\",\"name\":\"Comment\",\"target\":[\"https:\/\/blogg.svenskakyrkan.se\/vandravagen\/2015\/06\/11\/den-lilla-doden-och-uppstandelsen\/#respond\"]}]},{\"@type\":\"WebPage\",\"@id\":\"https:\/\/blogg.svenskakyrkan.se\/vandravagen\/2015\/06\/11\/den-lilla-doden-och-uppstandelsen\/\",\"url\":\"https:\/\/blogg.svenskakyrkan.se\/vandravagen\/2015\/06\/11\/den-lilla-doden-och-uppstandelsen\/\",\"name\":\"Den lilla d\u00f6den, och uppst\u00e5ndelsen - Vandra V\u00e4gen\",\"isPartOf\":{\"@id\":\"https:\/\/blogg.svenskakyrkan.se\/vandravagen\/#website\"},\"primaryImageOfPage\":{\"@id\":\"https:\/\/blogg.svenskakyrkan.se\/vandravagen\/2015\/06\/11\/den-lilla-doden-och-uppstandelsen\/#primaryimage\"},\"image\":{\"@id\":\"https:\/\/blogg.svenskakyrkan.se\/vandravagen\/2015\/06\/11\/den-lilla-doden-och-uppstandelsen\/#primaryimage\"},\"thumbnailUrl\":\"http:\/\/blogg.svenskakyrkan.se\/vandravagen\/files\/2015\/06\/IMG_6109.jpg\",\"datePublished\":\"2015-06-11T05:00:30+00:00\",\"breadcrumb\":{\"@id\":\"https:\/\/blogg.svenskakyrkan.se\/vandravagen\/2015\/06\/11\/den-lilla-doden-och-uppstandelsen\/#breadcrumb\"},\"inLanguage\":\"sv-SE\",\"potentialAction\":[{\"@type\":\"ReadAction\",\"target\":[\"https:\/\/blogg.svenskakyrkan.se\/vandravagen\/2015\/06\/11\/den-lilla-doden-och-uppstandelsen\/\"]}]},{\"@type\":\"ImageObject\",\"inLanguage\":\"sv-SE\",\"@id\":\"https:\/\/blogg.svenskakyrkan.se\/vandravagen\/2015\/06\/11\/den-lilla-doden-och-uppstandelsen\/#primaryimage\",\"url\":\"http:\/\/blogg.svenskakyrkan.se\/vandravagen\/files\/2015\/06\/IMG_6109.jpg\",\"contentUrl\":\"http:\/\/blogg.svenskakyrkan.se\/vandravagen\/files\/2015\/06\/IMG_6109.jpg\"},{\"@type\":\"BreadcrumbList\",\"@id\":\"https:\/\/blogg.svenskakyrkan.se\/vandravagen\/2015\/06\/11\/den-lilla-doden-och-uppstandelsen\/#breadcrumb\",\"itemListElement\":[{\"@type\":\"ListItem\",\"position\":1,\"name\":\"Hem\",\"item\":\"https:\/\/blogg.svenskakyrkan.se\/vandravagen\/\"},{\"@type\":\"ListItem\",\"position\":2,\"name\":\"Den lilla d\u00f6den, och uppst\u00e5ndelsen\"}]},{\"@type\":\"WebSite\",\"@id\":\"https:\/\/blogg.svenskakyrkan.se\/vandravagen\/#website\",\"url\":\"https:\/\/blogg.svenskakyrkan.se\/vandravagen\/\",\"name\":\"Vandra V\u00e4gen\",\"description\":\"-Mot en tro f\u00f6r hela livet\",\"publisher\":{\"@id\":\"https:\/\/blogg.svenskakyrkan.se\/vandravagen\/#organization\"},\"potentialAction\":[{\"@type\":\"SearchAction\",\"target\":{\"@type\":\"EntryPoint\",\"urlTemplate\":\"https:\/\/blogg.svenskakyrkan.se\/vandravagen\/?s={search_term_string}\"},\"query-input\":{\"@type\":\"PropertyValueSpecification\",\"valueRequired\":true,\"valueName\":\"search_term_string\"}}],\"inLanguage\":\"sv-SE\"},{\"@type\":\"Organization\",\"@id\":\"https:\/\/blogg.svenskakyrkan.se\/vandravagen\/#organization\",\"name\":\"ulricehamns pastorat\",\"alternateName\":\"ulricehamns pastorat\",\"url\":\"https:\/\/blogg.svenskakyrkan.se\/vandravagen\/\",\"logo\":{\"@type\":\"ImageObject\",\"inLanguage\":\"sv-SE\",\"@id\":\"https:\/\/blogg.svenskakyrkan.se\/vandravagen\/#\/schema\/logo\/image\/\",\"url\":\"https:\/\/blogg.svenskakyrkan.se\/vandravagen\/files\/2023\/05\/Ulr_logo_RGB.png\",\"contentUrl\":\"https:\/\/blogg.svenskakyrkan.se\/vandravagen\/files\/2023\/05\/Ulr_logo_RGB.png\",\"width\":205,\"height\":77,\"caption\":\"ulricehamns pastorat\"},\"image\":{\"@id\":\"https:\/\/blogg.svenskakyrkan.se\/vandravagen\/#\/schema\/logo\/image\/\"},\"sameAs\":[\"http:\/\/facebook.com\/vandravagen\",\"https:\/\/x.com\/fadertomas\",\"http:\/\/www.facebook.com\/svenskakyrkaniulricehamn\"]},{\"@type\":\"Person\",\"@id\":\"https:\/\/blogg.svenskakyrkan.se\/vandravagen\/#\/schema\/person\/25da02d4f76b137d04291711e2c9fc16\",\"name\":\"Tomas Jarvid\",\"image\":{\"@type\":\"ImageObject\",\"inLanguage\":\"sv-SE\",\"@id\":\"https:\/\/blogg.svenskakyrkan.se\/vandravagen\/#\/schema\/person\/image\/\",\"url\":\"https:\/\/secure.gravatar.com\/avatar\/7fa71899795e8f540f615a1f5ab25255dc27aa40f05ee7ddd21aac521e01bf50?s=96&d=identicon&r=g\",\"contentUrl\":\"https:\/\/secure.gravatar.com\/avatar\/7fa71899795e8f540f615a1f5ab25255dc27aa40f05ee7ddd21aac521e01bf50?s=96&d=identicon&r=g\",\"caption\":\"Tomas Jarvid\"},\"description\":\"Jag bor i Ulricehamn i V\u00e4sterg\u00f6tland och \u00e4r f\u00f6rsamlingspr\u00e4st i Svenska Kyrkan f\u00f6r Dalstorps f\u00f6rsamling i Kinds pastorat. P\u00e5 den h\u00e4r bloggen skriver jag ner tankar om vandringen som kristen.\",\"sameAs\":[\"http:\/\/www.vandravagen.se\"],\"url\":\"https:\/\/blogg.svenskakyrkan.se\/vandravagen\/author\/vandravagen\/\"}]}<\/script>\n<!-- \/ Yoast SEO plugin. -->","yoast_head_json":{"title":"Den lilla d\u00f6den, och uppst\u00e5ndelsen - Vandra V\u00e4gen","robots":{"index":"index","follow":"follow","max-snippet":"max-snippet:-1","max-image-preview":"max-image-preview:large","max-video-preview":"max-video-preview:-1"},"canonical":"https:\/\/blogg.svenskakyrkan.se\/vandravagen\/2015\/06\/11\/den-lilla-doden-och-uppstandelsen\/","og_locale":"sv_SE","og_type":"article","og_title":"Den lilla d\u00f6den, och uppst\u00e5ndelsen - Vandra V\u00e4gen","og_description":"Jod\u00e5, jag vet vad man brukar mena med &#8221;den lilla d\u00f6den&#8221; men jag t\u00e4nker inte skriva om n\u00e5got kring det sexuella h\u00e4r \u00e4nd\u00e5, betrakta rubriken som klickbete om du vill ;). D\u00e4remot t\u00e4nkte jag faktiskt verkligen skriva om &#8221;den lilla d\u00f6den&#8221;, allts\u00e5 d\u00f6den i sm\u00e5 portioner. Det som f\u00f6ljer har jag ofta \u00e5terkommit till i [&hellip;]","og_url":"https:\/\/blogg.svenskakyrkan.se\/vandravagen\/2015\/06\/11\/den-lilla-doden-och-uppstandelsen\/","og_site_name":"Vandra V\u00e4gen","article_publisher":"http:\/\/facebook.com\/vandravagen","article_published_time":"2015-06-11T05:00:30+00:00","og_image":[{"url":"http:\/\/blogg.svenskakyrkan.se\/vandravagen\/files\/2015\/06\/IMG_6109.jpg","type":"","width":"","height":""}],"author":"Tomas Jarvid","twitter_card":"summary_large_image","twitter_creator":"@fadertomas","twitter_site":"@fadertomas","twitter_misc":{"Skriven av":"Tomas Jarvid","Ber\u00e4knad l\u00e4stid":"2 minuter"},"schema":{"@context":"https:\/\/schema.org","@graph":[{"@type":"Article","@id":"https:\/\/blogg.svenskakyrkan.se\/vandravagen\/2015\/06\/11\/den-lilla-doden-och-uppstandelsen\/#article","isPartOf":{"@id":"https:\/\/blogg.svenskakyrkan.se\/vandravagen\/2015\/06\/11\/den-lilla-doden-och-uppstandelsen\/"},"author":{"name":"Tomas Jarvid","@id":"https:\/\/blogg.svenskakyrkan.se\/vandravagen\/#\/schema\/person\/25da02d4f76b137d04291711e2c9fc16"},"headline":"Den lilla d\u00f6den, och uppst\u00e5ndelsen","datePublished":"2015-06-11T05:00:30+00:00","mainEntityOfPage":{"@id":"https:\/\/blogg.svenskakyrkan.se\/vandravagen\/2015\/06\/11\/den-lilla-doden-och-uppstandelsen\/"},"wordCount":449,"commentCount":6,"publisher":{"@id":"https:\/\/blogg.svenskakyrkan.se\/vandravagen\/#organization"},"image":{"@id":"https:\/\/blogg.svenskakyrkan.se\/vandravagen\/2015\/06\/11\/den-lilla-doden-och-uppstandelsen\/#primaryimage"},"thumbnailUrl":"http:\/\/blogg.svenskakyrkan.se\/vandravagen\/files\/2015\/06\/IMG_6109.jpg","articleSection":["Bibeln","Dagens Kyrka","Teologi"],"inLanguage":"sv-SE","potentialAction":[{"@type":"CommentAction","name":"Comment","target":["https:\/\/blogg.svenskakyrkan.se\/vandravagen\/2015\/06\/11\/den-lilla-doden-och-uppstandelsen\/#respond"]}]},{"@type":"WebPage","@id":"https:\/\/blogg.svenskakyrkan.se\/vandravagen\/2015\/06\/11\/den-lilla-doden-och-uppstandelsen\/","url":"https:\/\/blogg.svenskakyrkan.se\/vandravagen\/2015\/06\/11\/den-lilla-doden-och-uppstandelsen\/","name":"Den lilla d\u00f6den, och uppst\u00e5ndelsen - Vandra V\u00e4gen","isPartOf":{"@id":"https:\/\/blogg.svenskakyrkan.se\/vandravagen\/#website"},"primaryImageOfPage":{"@id":"https:\/\/blogg.svenskakyrkan.se\/vandravagen\/2015\/06\/11\/den-lilla-doden-och-uppstandelsen\/#primaryimage"},"image":{"@id":"https:\/\/blogg.svenskakyrkan.se\/vandravagen\/2015\/06\/11\/den-lilla-doden-och-uppstandelsen\/#primaryimage"},"thumbnailUrl":"http:\/\/blogg.svenskakyrkan.se\/vandravagen\/files\/2015\/06\/IMG_6109.jpg","datePublished":"2015-06-11T05:00:30+00:00","breadcrumb":{"@id":"https:\/\/blogg.svenskakyrkan.se\/vandravagen\/2015\/06\/11\/den-lilla-doden-och-uppstandelsen\/#breadcrumb"},"inLanguage":"sv-SE","potentialAction":[{"@type":"ReadAction","target":["https:\/\/blogg.svenskakyrkan.se\/vandravagen\/2015\/06\/11\/den-lilla-doden-och-uppstandelsen\/"]}]},{"@type":"ImageObject","inLanguage":"sv-SE","@id":"https:\/\/blogg.svenskakyrkan.se\/vandravagen\/2015\/06\/11\/den-lilla-doden-och-uppstandelsen\/#primaryimage","url":"http:\/\/blogg.svenskakyrkan.se\/vandravagen\/files\/2015\/06\/IMG_6109.jpg","contentUrl":"http:\/\/blogg.svenskakyrkan.se\/vandravagen\/files\/2015\/06\/IMG_6109.jpg"},{"@type":"BreadcrumbList","@id":"https:\/\/blogg.svenskakyrkan.se\/vandravagen\/2015\/06\/11\/den-lilla-doden-och-uppstandelsen\/#breadcrumb","itemListElement":[{"@type":"ListItem","position":1,"name":"Hem","item":"https:\/\/blogg.svenskakyrkan.se\/vandravagen\/"},{"@type":"ListItem","position":2,"name":"Den lilla d\u00f6den, och uppst\u00e5ndelsen"}]},{"@type":"WebSite","@id":"https:\/\/blogg.svenskakyrkan.se\/vandravagen\/#website","url":"https:\/\/blogg.svenskakyrkan.se\/vandravagen\/","name":"Vandra V\u00e4gen","description":"-Mot en tro f\u00f6r hela livet","publisher":{"@id":"https:\/\/blogg.svenskakyrkan.se\/vandravagen\/#organization"},"potentialAction":[{"@type":"SearchAction","target":{"@type":"EntryPoint","urlTemplate":"https:\/\/blogg.svenskakyrkan.se\/vandravagen\/?s={search_term_string}"},"query-input":{"@type":"PropertyValueSpecification","valueRequired":true,"valueName":"search_term_string"}}],"inLanguage":"sv-SE"},{"@type":"Organization","@id":"https:\/\/blogg.svenskakyrkan.se\/vandravagen\/#organization","name":"ulricehamns pastorat","alternateName":"ulricehamns pastorat","url":"https:\/\/blogg.svenskakyrkan.se\/vandravagen\/","logo":{"@type":"ImageObject","inLanguage":"sv-SE","@id":"https:\/\/blogg.svenskakyrkan.se\/vandravagen\/#\/schema\/logo\/image\/","url":"https:\/\/blogg.svenskakyrkan.se\/vandravagen\/files\/2023\/05\/Ulr_logo_RGB.png","contentUrl":"https:\/\/blogg.svenskakyrkan.se\/vandravagen\/files\/2023\/05\/Ulr_logo_RGB.png","width":205,"height":77,"caption":"ulricehamns pastorat"},"image":{"@id":"https:\/\/blogg.svenskakyrkan.se\/vandravagen\/#\/schema\/logo\/image\/"},"sameAs":["http:\/\/facebook.com\/vandravagen","https:\/\/x.com\/fadertomas","http:\/\/www.facebook.com\/svenskakyrkaniulricehamn"]},{"@type":"Person","@id":"https:\/\/blogg.svenskakyrkan.se\/vandravagen\/#\/schema\/person\/25da02d4f76b137d04291711e2c9fc16","name":"Tomas Jarvid","image":{"@type":"ImageObject","inLanguage":"sv-SE","@id":"https:\/\/blogg.svenskakyrkan.se\/vandravagen\/#\/schema\/person\/image\/","url":"https:\/\/secure.gravatar.com\/avatar\/7fa71899795e8f540f615a1f5ab25255dc27aa40f05ee7ddd21aac521e01bf50?s=96&d=identicon&r=g","contentUrl":"https:\/\/secure.gravatar.com\/avatar\/7fa71899795e8f540f615a1f5ab25255dc27aa40f05ee7ddd21aac521e01bf50?s=96&d=identicon&r=g","caption":"Tomas Jarvid"},"description":"Jag bor i Ulricehamn i V\u00e4sterg\u00f6tland och \u00e4r f\u00f6rsamlingspr\u00e4st i Svenska Kyrkan f\u00f6r Dalstorps f\u00f6rsamling i Kinds pastorat. P\u00e5 den h\u00e4r bloggen skriver jag ner tankar om vandringen som kristen.","sameAs":["http:\/\/www.vandravagen.se"],"url":"https:\/\/blogg.svenskakyrkan.se\/vandravagen\/author\/vandravagen\/"}]}},"author_meta":{"ID":"392","user_nicename":"vandravagen","user_url":"http:\/\/www.vandravagen.se","user_registered":"2014-05-19 05:44:52","display_name":"Tomas Jarvid","first_name":"Tomas","last_name":"Jarvid","avatar":"https:\/\/secure.gravatar.com\/avatar\/7fa71899795e8f540f615a1f5ab25255dc27aa40f05ee7ddd21aac521e01bf50?s=96&d=identicon&r=g"},"featured_image":false,"bloginfo":{"name":"Vandra V\u00e4gen","url":"https:\/\/blogg.svenskakyrkan.se\/vandravagen"},"_links":{"self":[{"href":"https:\/\/blogg.svenskakyrkan.se\/vandravagen\/wp-json\/wp\/v2\/posts\/3211","targetHints":{"allow":["GET"]}}],"collection":[{"href":"https:\/\/blogg.svenskakyrkan.se\/vandravagen\/wp-json\/wp\/v2\/posts"}],"about":[{"href":"https:\/\/blogg.svenskakyrkan.se\/vandravagen\/wp-json\/wp\/v2\/types\/post"}],"author":[{"embeddable":true,"href":"https:\/\/blogg.svenskakyrkan.se\/vandravagen\/wp-json\/wp\/v2\/users\/392"}],"replies":[{"embeddable":true,"href":"https:\/\/blogg.svenskakyrkan.se\/vandravagen\/wp-json\/wp\/v2\/comments?post=3211"}],"version-history":[{"count":1,"href":"https:\/\/blogg.svenskakyrkan.se\/vandravagen\/wp-json\/wp\/v2\/posts\/3211\/revisions"}],"predecessor-version":[{"id":3213,"href":"https:\/\/blogg.svenskakyrkan.se\/vandravagen\/wp-json\/wp\/v2\/posts\/3211\/revisions\/3213"}],"wp:attachment":[{"href":"https:\/\/blogg.svenskakyrkan.se\/vandravagen\/wp-json\/wp\/v2\/media?parent=3211"}],"wp:term":[{"taxonomy":"category","embeddable":true,"href":"https:\/\/blogg.svenskakyrkan.se\/vandravagen\/wp-json\/wp\/v2\/categories?post=3211"},{"taxonomy":"post_tag","embeddable":true,"href":"https:\/\/blogg.svenskakyrkan.se\/vandravagen\/wp-json\/wp\/v2\/tags?post=3211"}],"curies":[{"name":"wp","href":"https:\/\/api.w.org\/{rel}","templated":true}]}}